{"id":136463,"date":"2025-10-17T20:07:31","date_gmt":"2025-10-18T01:07:31","guid":{"rendered":"https:\/\/www.quebakan.com\/v15\/?p=136463"},"modified":"2025-10-17T20:14:56","modified_gmt":"2025-10-18T01:14:56","slug":"productos-paraiso-presenta-su-colchon-5-estrellas-por-ellas-en-beneficio-de-la-fundacion-fuerza-rosa","status":"publish","type":"post","link":"https:\/\/www.quebakan.com\/v15\/productos-paraiso-presenta-su-colchon-5-estrellas-por-ellas-en-beneficio-de-la-fundacion-fuerza-rosa\/","title":{"rendered":"Productos Para\u00edso presenta su colch\u00f3n \u201c5 Estrellas por Ellas\u201d en beneficio de la Fundaci\u00f3n Fuerza Rosa"},"content":{"rendered":"<p><img fetchpriority=\"high\" decoding=\"async\" class=\"aligncenter  wp-image-136464\" src=\"https:\/\/www.quebakan.com\/v15\/wp-content\/uploads\/2025\/10\/PARAISO-FUNDACION-FUERZA-ROSA.jpg\" alt=\"\" width=\"447\" height=\"296\" \/><\/p>\n<p style=\"text-align: justify;\"><span style=\"color: #000000;\"><strong>Pie de foto:<\/strong> \u00a0De izquierda a derecha: Jos\u00e9 Luis Andrango \u2013 Gerente Administrativo Financiero de Productos Para\u00edso del Ecuador, Mar\u00eda Gabriela Rivadeneira \u2013 Fundadora de Fundaci\u00f3n Fuerza Rosa, Carola Berzosa \u2013 Coordinadora de Marketing, Andrea Acosta \u2013Gerente de Imagen Corporativa, Michelle Klainbaum \u2013 Gerente de Marketing<\/span><\/p>\n<p style=\"text-align: justify;\"><span style=\"color: #000000;\"><strong>Quito, 16 de octubre de 2025.-<\/strong> En el marco del mes de sensibilizaci\u00f3n sobre el c\u00e1ncer de mama, Productos Para\u00edso del Ecuador presenta un nuevo colch\u00f3n con prop\u00f3sito. Se trata del \u201cColch\u00f3n 5 Estrellas por Ellas\u201d, una edici\u00f3n especial que une innovaci\u00f3n, bienestar y solidaridad. Inspirado en la visita de la Fundaci\u00f3n Fuerza Rosa, este modelo nace con el prop\u00f3sito de ofrecer bienestar, comodidad y apoyo solidario a quienes atraviesan tratamientos m\u00e9dicos exigentes.<\/span><\/p>\n<p style=\"text-align: justify;\"><span style=\"color: #000000;\">Por la venta de cada colch\u00f3n, se destinar\u00e1 el 8% para fortalecer los programas de acompa\u00f1amiento f\u00edsico, emocional y psicol\u00f3gico que impulsa la fundaci\u00f3n. Esta iniciativa se difunde bajo el hashtag <strong>#DescansoConCausa<\/strong>, invitando a la ciudadan\u00eda a sumarse a una campa\u00f1a que transforma el descanso en un acto de esperanza.<\/span><\/p>\n<p style=\"text-align: justify;\"><span style=\"color: #000000;\">El colch\u00f3n \u201c5 Estrellas por Ellas\u201d tiene factores diferenciadores como:<\/span><\/p>\n<ul style=\"text-align: justify;\">\n<li><span style=\"color: #000000;\">Soporte Dise\u00f1o ortop\u00e9dico con panel de resortes reforzados y marco perimetral de espuma de alta densidad, que aporta estabilidad, mejora la postura y alivia puntos de presi\u00f3n durante el descanso.<\/span><\/li>\n<li><span style=\"color: #000000;\">Elaborado con espumas hipoalerg\u00e9nicas y telas con tratamiento antibacterial y anti\u00e1caros, que ayudan a prevenir irritaciones y reacciones al\u00e9rgicas, garantizando un entorno saludable.<\/span><\/li>\n<li><span style=\"color: #000000;\">Incluye una capa de espuma latex soft, dise\u00f1ada para mantener una temperatura fresca y contribuir a la prevenci\u00f3n de escaras, brindando confort superior incluso en periodos prolongados de descanso.<\/span><\/li>\n<li><span style=\"color: #000000;\">Dise\u00f1o no flip pr\u00e1ctico, durable y de f\u00e1cil mantenimiento, pensado para simplificar el cuidado del colch\u00f3n sin comprometer su calidad ni su durabilidad.<\/span><\/li>\n<\/ul>\n<p style=\"text-align: justify;\"><span style=\"color: #000000;\">Mar\u00eda Gabriela Rivadeneira, Fundadora de Fundaci\u00f3n Fuerza Rosa, destac\u00f3 el valor emocional de esta alianza: \u201cCuando una empresa se compromete con el bienestar de quienes enfrentan el c\u00e1ncer, no solo aporta recursos, sino tambi\u00e9n esperanza. Esta campa\u00f1a nos recuerda que el descanso puede ser un refugio, una pausa necesaria en medio de la lucha, y una forma hermosa de acompa\u00f1ar con empat\u00eda a quienes m\u00e1s lo necesitan\u201d.<\/span><\/p>\n<p style=\"text-align: justify;\"><span style=\"color: #000000;\">Por su parte, Michelle Klainbaum, Gerente de Marketing de Productos Para\u00edso del Ecuador, se\u00f1al\u00f3: \u201cLa salud integral comienza con un buen descanso. Este colch\u00f3n no solo cuida el cuerpo, sino tambi\u00e9n el alma. Cada compra es una forma de decir \u2018estamos contigo\u2019 a quienes celebran la vida cada d\u00eda\u201d.<\/span><\/p>\n<p style=\"text-align: justify;\"><span style=\"color: #000000;\">La campa\u00f1a estar\u00e1 vigente desde el 16 de octubre hasta diciembre de 2025, con posibilidad de extenderse seg\u00fan su acogida. El colch\u00f3n estar\u00e1 disponible en tiendas Para\u00edso de Quito, pr\u00f3ximamente en Guayaquil, distribuidores autorizados y en la tienda virtual de la marca.<\/span><\/p>\n<p style=\"text-align: justify;\"><span style=\"color: #000000;\">Se espera que la entrega de los recursos recaudados beneficie a decenas de personas mediante talleres de autoestima, acompa\u00f1amiento psicol\u00f3gico y programas de autocuidado. Cabe destacar que la donaci\u00f3n se realizar\u00e1 mediante un proceso transparente, una vez concluida la campa\u00f1a.<\/span><\/p>\n<p style=\"text-align: justify;\"><span style=\"color: #000000;\">Con esta iniciativa, Productos Para\u00edso reafirma su compromiso con la innovaci\u00f3n, la calidad y el bienestar de los ecuatorianos. Esta campa\u00f1a se enmarca en su estrategia de responsabilidad social, promoviendo una cultura del descanso saludable e inclusivo.<\/span><\/p>\n","protected":false},"excerpt":{"rendered":"<p>Pie de foto: \u00a0De izquierda a derecha: Jos\u00e9 Luis Andrango \u2013 Gerente Administrativo Financiero de Productos Para\u00edso del Ecuador, Mar\u00eda Gabriela Rivadeneira \u2013 Fundadora de Fundaci\u00f3n Fuerza Rosa, Carola Berzosa \u2013 Coordinadora de Marketing, Andrea Acosta \u2013Gerente de Imagen Corporativa, Michelle Klainbaum \u2013 Gerente de Marketing Quito, 16 de octubre de 2025.- En el marco [&hellip;]<\/p>\n","protected":false},"author":4,"featured_media":136464,"comment_status":"closed","ping_status":"closed","sticky":false,"template":"","format":"standard","meta":{"_bbp_topic_count":0,"_bbp_reply_count":0,"_bbp_total_topic_count":0,"_bbp_total_reply_count":0,"_bbp_voice_count":0,"_bbp_anonymous_reply_count":0,"_bbp_topic_count_hidden":0,"_bbp_reply_count_hidden":0,"_bbp_forum_subforum_count":0,"buzzeditor_post_format":"","footnotes":""},"categories":[2],"tags":[],"class_list":["post-136463","post","type-post","status-publish","format-standard","has-post-thumbnail","hentry","category-noticias"],"yoast_head":"<!-- This site is optimized with the Yoast SEO plugin v27.5 - https:\/\/yoast.com\/product\/yoast-seo-wordpress\/ -->\n<title>Productos Para\u00edso presenta su colch\u00f3n \u201c5 Estrellas por Ellas\u201d en beneficio de la Fundaci\u00f3n Fuerza Rosa &#8211; QUEBAKAN.COM 2026: Noticias, Eventos, Conciertos y mucho m\u00e1s....<\/title>\n<meta name=\"robots\" content=\"index, follow, max-snippet:-1, max-image-preview:large, max-video-preview:-1\" \/>\n<link rel=\"canonical\" href=\"https:\/\/www.quebakan.com\/v15\/productos-paraiso-presenta-su-colchon-5-estrellas-por-ellas-en-beneficio-de-la-fundacion-fuerza-rosa\/\" \/>\n<meta property=\"og:locale\" content=\"es_ES\" \/>\n<meta property=\"og:type\" content=\"article\" \/>\n<meta property=\"og:title\" content=\"Productos Para\u00edso presenta su colch\u00f3n \u201c5 Estrellas por Ellas\u201d en beneficio de la Fundaci\u00f3n Fuerza Rosa &#8211; QUEBAKAN.COM 2026: Noticias, Eventos, Conciertos y mucho m\u00e1s....\" \/>\n<meta property=\"og:description\" content=\"Pie de foto: \u00a0De izquierda a derecha: Jos\u00e9 Luis Andrango \u2013 Gerente Administrativo Financiero de Productos Para\u00edso del Ecuador, Mar\u00eda Gabriela Rivadeneira \u2013 Fundadora de Fundaci\u00f3n Fuerza Rosa, Carola Berzosa \u2013 Coordinadora de Marketing, Andrea Acosta \u2013Gerente de Imagen Corporativa, Michelle Klainbaum \u2013 Gerente de Marketing Quito, 16 de octubre de 2025.- En el marco [&hellip;]\" \/>\n<meta property=\"og:url\" content=\"https:\/\/www.quebakan.com\/v15\/productos-paraiso-presenta-su-colchon-5-estrellas-por-ellas-en-beneficio-de-la-fundacion-fuerza-rosa\/\" \/>\n<meta property=\"og:site_name\" content=\"QUEBAKAN.COM 2026: Noticias, Eventos, Conciertos y mucho m\u00e1s....\" \/>\n<meta property=\"article:publisher\" content=\"http:\/\/www.facebook.com\/quebakan\" \/>\n<meta property=\"article:published_time\" content=\"2025-10-18T01:07:31+00:00\" \/>\n<meta property=\"article:modified_time\" content=\"2025-10-18T01:14:56+00:00\" \/>\n<meta property=\"og:image\" content=\"https:\/\/www.quebakan.com\/v15\/wp-content\/uploads\/2025\/10\/PARAISO-FUNDACION-FUERZA-ROSA.jpg\" \/>\n\t<meta property=\"og:image:width\" content=\"379\" \/>\n\t<meta property=\"og:image:height\" content=\"251\" \/>\n\t<meta property=\"og:image:type\" content=\"image\/jpeg\" \/>\n<meta name=\"author\" content=\"Erick Villafuerte\" \/>\n<meta name=\"twitter:card\" content=\"summary_large_image\" \/>\n<meta name=\"twitter:creator\" content=\"@quebakanec\" \/>\n<meta name=\"twitter:site\" content=\"@quebakanec\" \/>\n<meta name=\"twitter:label1\" content=\"Escrito por\" \/>\n\t<meta name=\"twitter:data1\" content=\"Erick Villafuerte\" \/>\n\t<meta name=\"twitter:label2\" content=\"Tiempo de lectura\" \/>\n\t<meta name=\"twitter:data2\" content=\"3 minutos\" \/>\n<script type=\"application\/ld+json\" class=\"yoast-schema-graph\">{\"@context\":\"https:\\\/\\\/schema.org\",\"@graph\":[{\"@type\":\"Article\",\"@id\":\"https:\\\/\\\/www.quebakan.com\\\/v15\\\/productos-paraiso-presenta-su-colchon-5-estrellas-por-ellas-en-beneficio-de-la-fundacion-fuerza-rosa\\\/#article\",\"isPartOf\":{\"@id\":\"https:\\\/\\\/www.quebakan.com\\\/v15\\\/productos-paraiso-presenta-su-colchon-5-estrellas-por-ellas-en-beneficio-de-la-fundacion-fuerza-rosa\\\/\"},\"author\":{\"name\":\"Erick Villafuerte\",\"@id\":\"https:\\\/\\\/www.quebakan.com\\\/v15\\\/#\\\/schema\\\/person\\\/d90fa9f9cfa81eb8ace9811e5b7b9118\"},\"headline\":\"Productos Para\u00edso presenta su colch\u00f3n \u201c5 Estrellas por Ellas\u201d en beneficio de la Fundaci\u00f3n Fuerza Rosa\",\"datePublished\":\"2025-10-18T01:07:31+00:00\",\"dateModified\":\"2025-10-18T01:14:56+00:00\",\"mainEntityOfPage\":{\"@id\":\"https:\\\/\\\/www.quebakan.com\\\/v15\\\/productos-paraiso-presenta-su-colchon-5-estrellas-por-ellas-en-beneficio-de-la-fundacion-fuerza-rosa\\\/\"},\"wordCount\":586,\"publisher\":{\"@id\":\"https:\\\/\\\/www.quebakan.com\\\/v15\\\/#organization\"},\"image\":{\"@id\":\"https:\\\/\\\/www.quebakan.com\\\/v15\\\/productos-paraiso-presenta-su-colchon-5-estrellas-por-ellas-en-beneficio-de-la-fundacion-fuerza-rosa\\\/#primaryimage\"},\"thumbnailUrl\":\"https:\\\/\\\/www.quebakan.com\\\/v15\\\/wp-content\\\/uploads\\\/2025\\\/10\\\/PARAISO-FUNDACION-FUERZA-ROSA.jpg\",\"articleSection\":[\"Noticias\"],\"inLanguage\":\"es\"},{\"@type\":\"WebPage\",\"@id\":\"https:\\\/\\\/www.quebakan.com\\\/v15\\\/productos-paraiso-presenta-su-colchon-5-estrellas-por-ellas-en-beneficio-de-la-fundacion-fuerza-rosa\\\/\",\"url\":\"https:\\\/\\\/www.quebakan.com\\\/v15\\\/productos-paraiso-presenta-su-colchon-5-estrellas-por-ellas-en-beneficio-de-la-fundacion-fuerza-rosa\\\/\",\"name\":\"Productos Para\u00edso presenta su colch\u00f3n \u201c5 Estrellas por Ellas\u201d en beneficio de la Fundaci\u00f3n Fuerza Rosa &#8211; QUEBAKAN.COM 2026: Noticias, Eventos, Conciertos y mucho m\u00e1s....\",\"isPartOf\":{\"@id\":\"https:\\\/\\\/www.quebakan.com\\\/v15\\\/#website\"},\"primaryImageOfPage\":{\"@id\":\"https:\\\/\\\/www.quebakan.com\\\/v15\\\/productos-paraiso-presenta-su-colchon-5-estrellas-por-ellas-en-beneficio-de-la-fundacion-fuerza-rosa\\\/#primaryimage\"},\"image\":{\"@id\":\"https:\\\/\\\/www.quebakan.com\\\/v15\\\/productos-paraiso-presenta-su-colchon-5-estrellas-por-ellas-en-beneficio-de-la-fundacion-fuerza-rosa\\\/#primaryimage\"},\"thumbnailUrl\":\"https:\\\/\\\/www.quebakan.com\\\/v15\\\/wp-content\\\/uploads\\\/2025\\\/10\\\/PARAISO-FUNDACION-FUERZA-ROSA.jpg\",\"datePublished\":\"2025-10-18T01:07:31+00:00\",\"dateModified\":\"2025-10-18T01:14:56+00:00\",\"breadcrumb\":{\"@id\":\"https:\\\/\\\/www.quebakan.com\\\/v15\\\/productos-paraiso-presenta-su-colchon-5-estrellas-por-ellas-en-beneficio-de-la-fundacion-fuerza-rosa\\\/#breadcrumb\"},\"inLanguage\":\"es\",\"potentialAction\":[{\"@type\":\"ReadAction\",\"target\":[\"https:\\\/\\\/www.quebakan.com\\\/v15\\\/productos-paraiso-presenta-su-colchon-5-estrellas-por-ellas-en-beneficio-de-la-fundacion-fuerza-rosa\\\/\"]}]},{\"@type\":\"ImageObject\",\"inLanguage\":\"es\",\"@id\":\"https:\\\/\\\/www.quebakan.com\\\/v15\\\/productos-paraiso-presenta-su-colchon-5-estrellas-por-ellas-en-beneficio-de-la-fundacion-fuerza-rosa\\\/#primaryimage\",\"url\":\"https:\\\/\\\/www.quebakan.com\\\/v15\\\/wp-content\\\/uploads\\\/2025\\\/10\\\/PARAISO-FUNDACION-FUERZA-ROSA.jpg\",\"contentUrl\":\"https:\\\/\\\/www.quebakan.com\\\/v15\\\/wp-content\\\/uploads\\\/2025\\\/10\\\/PARAISO-FUNDACION-FUERZA-ROSA.jpg\",\"width\":379,\"height\":251},{\"@type\":\"BreadcrumbList\",\"@id\":\"https:\\\/\\\/www.quebakan.com\\\/v15\\\/productos-paraiso-presenta-su-colchon-5-estrellas-por-ellas-en-beneficio-de-la-fundacion-fuerza-rosa\\\/#breadcrumb\",\"itemListElement\":[{\"@type\":\"ListItem\",\"position\":1,\"name\":\"Portada\",\"item\":\"https:\\\/\\\/www.quebakan.com\\\/v15\\\/\"},{\"@type\":\"ListItem\",\"position\":2,\"name\":\"Productos Para\u00edso presenta su colch\u00f3n \u201c5 Estrellas por Ellas\u201d en beneficio de la Fundaci\u00f3n Fuerza Rosa\"}]},{\"@type\":\"WebSite\",\"@id\":\"https:\\\/\\\/www.quebakan.com\\\/v15\\\/#website\",\"url\":\"https:\\\/\\\/www.quebakan.com\\\/v15\\\/\",\"name\":\"QUEBAKAN\",\"description\":\"..\",\"publisher\":{\"@id\":\"https:\\\/\\\/www.quebakan.com\\\/v15\\\/#organization\"},\"potentialAction\":[{\"@type\":\"SearchAction\",\"target\":{\"@type\":\"EntryPoint\",\"urlTemplate\":\"https:\\\/\\\/www.quebakan.com\\\/v15\\\/?s={search_term_string}\"},\"query-input\":{\"@type\":\"PropertyValueSpecification\",\"valueRequired\":true,\"valueName\":\"search_term_string\"}}],\"inLanguage\":\"es\"},{\"@type\":\"Organization\",\"@id\":\"https:\\\/\\\/www.quebakan.com\\\/v15\\\/#organization\",\"name\":\"Quebakan.com\",\"url\":\"https:\\\/\\\/www.quebakan.com\\\/v15\\\/\",\"logo\":{\"@type\":\"ImageObject\",\"inLanguage\":\"es\",\"@id\":\"https:\\\/\\\/www.quebakan.com\\\/v15\\\/#\\\/schema\\\/logo\\\/image\\\/\",\"url\":\"https:\\\/\\\/www.quebakan.com\\\/v15\\\/wp-content\\\/uploads\\\/2023\\\/07\\\/logoquebakanenero2021.jpg\",\"contentUrl\":\"https:\\\/\\\/www.quebakan.com\\\/v15\\\/wp-content\\\/uploads\\\/2023\\\/07\\\/logoquebakanenero2021.jpg\",\"width\":1920,\"height\":1080,\"caption\":\"Quebakan.com\"},\"image\":{\"@id\":\"https:\\\/\\\/www.quebakan.com\\\/v15\\\/#\\\/schema\\\/logo\\\/image\\\/\"},\"sameAs\":[\"http:\\\/\\\/www.facebook.com\\\/quebakan\",\"https:\\\/\\\/x.com\\\/quebakanec\",\"http:\\\/\\\/www.instagram.com\\\/quebakan\",\"http:\\\/\\\/www.youtube.com\\\/quebakan1\"]},{\"@type\":\"Person\",\"@id\":\"https:\\\/\\\/www.quebakan.com\\\/v15\\\/#\\\/schema\\\/person\\\/d90fa9f9cfa81eb8ace9811e5b7b9118\",\"name\":\"Erick Villafuerte\",\"image\":{\"@type\":\"ImageObject\",\"inLanguage\":\"es\",\"@id\":\"https:\\\/\\\/www.quebakan.com\\\/v15\\\/wp-content\\\/uploads\\\/avatars\\\/4\\\/1731297654-bpfull.png\",\"url\":\"https:\\\/\\\/www.quebakan.com\\\/v15\\\/wp-content\\\/uploads\\\/avatars\\\/4\\\/1731297654-bpfull.png\",\"contentUrl\":\"https:\\\/\\\/www.quebakan.com\\\/v15\\\/wp-content\\\/uploads\\\/avatars\\\/4\\\/1731297654-bpfull.png\",\"caption\":\"Erick Villafuerte\"}}]}<\/script>\n<!-- \/ Yoast SEO plugin. -->","yoast_head_json":{"title":"Productos Para\u00edso presenta su colch\u00f3n \u201c5 Estrellas por Ellas\u201d en beneficio de la Fundaci\u00f3n Fuerza Rosa &#8211; QUEBAKAN.COM 2026: Noticias, Eventos, Conciertos y mucho m\u00e1s....","robots":{"index":"index","follow":"follow","max-snippet":"max-snippet:-1","max-image-preview":"max-image-preview:large","max-video-preview":"max-video-preview:-1"},"canonical":"https:\/\/www.quebakan.com\/v15\/productos-paraiso-presenta-su-colchon-5-estrellas-por-ellas-en-beneficio-de-la-fundacion-fuerza-rosa\/","og_locale":"es_ES","og_type":"article","og_title":"Productos Para\u00edso presenta su colch\u00f3n \u201c5 Estrellas por Ellas\u201d en beneficio de la Fundaci\u00f3n Fuerza Rosa &#8211; QUEBAKAN.COM 2026: Noticias, Eventos, Conciertos y mucho m\u00e1s....","og_description":"Pie de foto: \u00a0De izquierda a derecha: Jos\u00e9 Luis Andrango \u2013 Gerente Administrativo Financiero de Productos Para\u00edso del Ecuador, Mar\u00eda Gabriela Rivadeneira \u2013 Fundadora de Fundaci\u00f3n Fuerza Rosa, Carola Berzosa \u2013 Coordinadora de Marketing, Andrea Acosta \u2013Gerente de Imagen Corporativa, Michelle Klainbaum \u2013 Gerente de Marketing Quito, 16 de octubre de 2025.- En el marco [&hellip;]","og_url":"https:\/\/www.quebakan.com\/v15\/productos-paraiso-presenta-su-colchon-5-estrellas-por-ellas-en-beneficio-de-la-fundacion-fuerza-rosa\/","og_site_name":"QUEBAKAN.COM 2026: Noticias, Eventos, Conciertos y mucho m\u00e1s....","article_publisher":"http:\/\/www.facebook.com\/quebakan","article_published_time":"2025-10-18T01:07:31+00:00","article_modified_time":"2025-10-18T01:14:56+00:00","og_image":[{"width":379,"height":251,"url":"https:\/\/www.quebakan.com\/v15\/wp-content\/uploads\/2025\/10\/PARAISO-FUNDACION-FUERZA-ROSA.jpg","type":"image\/jpeg"}],"author":"Erick Villafuerte","twitter_card":"summary_large_image","twitter_creator":"@quebakanec","twitter_site":"@quebakanec","twitter_misc":{"Escrito por":"Erick Villafuerte","Tiempo de lectura":"3 minutos"},"schema":{"@context":"https:\/\/schema.org","@graph":[{"@type":"Article","@id":"https:\/\/www.quebakan.com\/v15\/productos-paraiso-presenta-su-colchon-5-estrellas-por-ellas-en-beneficio-de-la-fundacion-fuerza-rosa\/#article","isPartOf":{"@id":"https:\/\/www.quebakan.com\/v15\/productos-paraiso-presenta-su-colchon-5-estrellas-por-ellas-en-beneficio-de-la-fundacion-fuerza-rosa\/"},"author":{"name":"Erick Villafuerte","@id":"https:\/\/www.quebakan.com\/v15\/#\/schema\/person\/d90fa9f9cfa81eb8ace9811e5b7b9118"},"headline":"Productos Para\u00edso presenta su colch\u00f3n \u201c5 Estrellas por Ellas\u201d en beneficio de la Fundaci\u00f3n Fuerza Rosa","datePublished":"2025-10-18T01:07:31+00:00","dateModified":"2025-10-18T01:14:56+00:00","mainEntityOfPage":{"@id":"https:\/\/www.quebakan.com\/v15\/productos-paraiso-presenta-su-colchon-5-estrellas-por-ellas-en-beneficio-de-la-fundacion-fuerza-rosa\/"},"wordCount":586,"publisher":{"@id":"https:\/\/www.quebakan.com\/v15\/#organization"},"image":{"@id":"https:\/\/www.quebakan.com\/v15\/productos-paraiso-presenta-su-colchon-5-estrellas-por-ellas-en-beneficio-de-la-fundacion-fuerza-rosa\/#primaryimage"},"thumbnailUrl":"https:\/\/www.quebakan.com\/v15\/wp-content\/uploads\/2025\/10\/PARAISO-FUNDACION-FUERZA-ROSA.jpg","articleSection":["Noticias"],"inLanguage":"es"},{"@type":"WebPage","@id":"https:\/\/www.quebakan.com\/v15\/productos-paraiso-presenta-su-colchon-5-estrellas-por-ellas-en-beneficio-de-la-fundacion-fuerza-rosa\/","url":"https:\/\/www.quebakan.com\/v15\/productos-paraiso-presenta-su-colchon-5-estrellas-por-ellas-en-beneficio-de-la-fundacion-fuerza-rosa\/","name":"Productos Para\u00edso presenta su colch\u00f3n \u201c5 Estrellas por Ellas\u201d en beneficio de la Fundaci\u00f3n Fuerza Rosa &#8211; QUEBAKAN.COM 2026: Noticias, Eventos, Conciertos y mucho m\u00e1s....","isPartOf":{"@id":"https:\/\/www.quebakan.com\/v15\/#website"},"primaryImageOfPage":{"@id":"https:\/\/www.quebakan.com\/v15\/productos-paraiso-presenta-su-colchon-5-estrellas-por-ellas-en-beneficio-de-la-fundacion-fuerza-rosa\/#primaryimage"},"image":{"@id":"https:\/\/www.quebakan.com\/v15\/productos-paraiso-presenta-su-colchon-5-estrellas-por-ellas-en-beneficio-de-la-fundacion-fuerza-rosa\/#primaryimage"},"thumbnailUrl":"https:\/\/www.quebakan.com\/v15\/wp-content\/uploads\/2025\/10\/PARAISO-FUNDACION-FUERZA-ROSA.jpg","datePublished":"2025-10-18T01:07:31+00:00","dateModified":"2025-10-18T01:14:56+00:00","breadcrumb":{"@id":"https:\/\/www.quebakan.com\/v15\/productos-paraiso-presenta-su-colchon-5-estrellas-por-ellas-en-beneficio-de-la-fundacion-fuerza-rosa\/#breadcrumb"},"inLanguage":"es","potentialAction":[{"@type":"ReadAction","target":["https:\/\/www.quebakan.com\/v15\/productos-paraiso-presenta-su-colchon-5-estrellas-por-ellas-en-beneficio-de-la-fundacion-fuerza-rosa\/"]}]},{"@type":"ImageObject","inLanguage":"es","@id":"https:\/\/www.quebakan.com\/v15\/productos-paraiso-presenta-su-colchon-5-estrellas-por-ellas-en-beneficio-de-la-fundacion-fuerza-rosa\/#primaryimage","url":"https:\/\/www.quebakan.com\/v15\/wp-content\/uploads\/2025\/10\/PARAISO-FUNDACION-FUERZA-ROSA.jpg","contentUrl":"https:\/\/www.quebakan.com\/v15\/wp-content\/uploads\/2025\/10\/PARAISO-FUNDACION-FUERZA-ROSA.jpg","width":379,"height":251},{"@type":"BreadcrumbList","@id":"https:\/\/www.quebakan.com\/v15\/productos-paraiso-presenta-su-colchon-5-estrellas-por-ellas-en-beneficio-de-la-fundacion-fuerza-rosa\/#breadcrumb","itemListElement":[{"@type":"ListItem","position":1,"name":"Portada","item":"https:\/\/www.quebakan.com\/v15\/"},{"@type":"ListItem","position":2,"name":"Productos Para\u00edso presenta su colch\u00f3n \u201c5 Estrellas por Ellas\u201d en beneficio de la Fundaci\u00f3n Fuerza Rosa"}]},{"@type":"WebSite","@id":"https:\/\/www.quebakan.com\/v15\/#website","url":"https:\/\/www.quebakan.com\/v15\/","name":"QUEBAKAN","description":"..","publisher":{"@id":"https:\/\/www.quebakan.com\/v15\/#organization"},"potentialAction":[{"@type":"SearchAction","target":{"@type":"EntryPoint","urlTemplate":"https:\/\/www.quebakan.com\/v15\/?s={search_term_string}"},"query-input":{"@type":"PropertyValueSpecification","valueRequired":true,"valueName":"search_term_string"}}],"inLanguage":"es"},{"@type":"Organization","@id":"https:\/\/www.quebakan.com\/v15\/#organization","name":"Quebakan.com","url":"https:\/\/www.quebakan.com\/v15\/","logo":{"@type":"ImageObject","inLanguage":"es","@id":"https:\/\/www.quebakan.com\/v15\/#\/schema\/logo\/image\/","url":"https:\/\/www.quebakan.com\/v15\/wp-content\/uploads\/2023\/07\/logoquebakanenero2021.jpg","contentUrl":"https:\/\/www.quebakan.com\/v15\/wp-content\/uploads\/2023\/07\/logoquebakanenero2021.jpg","width":1920,"height":1080,"caption":"Quebakan.com"},"image":{"@id":"https:\/\/www.quebakan.com\/v15\/#\/schema\/logo\/image\/"},"sameAs":["http:\/\/www.facebook.com\/quebakan","https:\/\/x.com\/quebakanec","http:\/\/www.instagram.com\/quebakan","http:\/\/www.youtube.com\/quebakan1"]},{"@type":"Person","@id":"https:\/\/www.quebakan.com\/v15\/#\/schema\/person\/d90fa9f9cfa81eb8ace9811e5b7b9118","name":"Erick Villafuerte","image":{"@type":"ImageObject","inLanguage":"es","@id":"https:\/\/www.quebakan.com\/v15\/wp-content\/uploads\/avatars\/4\/1731297654-bpfull.png","url":"https:\/\/www.quebakan.com\/v15\/wp-content\/uploads\/avatars\/4\/1731297654-bpfull.png","contentUrl":"https:\/\/www.quebakan.com\/v15\/wp-content\/uploads\/avatars\/4\/1731297654-bpfull.png","caption":"Erick Villafuerte"}}]}},"_links":{"self":[{"href":"https:\/\/www.quebakan.com\/v15\/wp-json\/wp\/v2\/posts\/136463","targetHints":{"allow":["GET"]}}],"collection":[{"href":"https:\/\/www.quebakan.com\/v15\/wp-json\/wp\/v2\/posts"}],"about":[{"href":"https:\/\/www.quebakan.com\/v15\/wp-json\/wp\/v2\/types\/post"}],"author":[{"embeddable":true,"href":"https:\/\/www.quebakan.com\/v15\/wp-json\/wp\/v2\/users\/4"}],"replies":[{"embeddable":true,"href":"https:\/\/www.quebakan.com\/v15\/wp-json\/wp\/v2\/comments?post=136463"}],"version-history":[{"count":3,"href":"https:\/\/www.quebakan.com\/v15\/wp-json\/wp\/v2\/posts\/136463\/revisions"}],"predecessor-version":[{"id":136467,"href":"https:\/\/www.quebakan.com\/v15\/wp-json\/wp\/v2\/posts\/136463\/revisions\/136467"}],"wp:featuredmedia":[{"embeddable":true,"href":"https:\/\/www.quebakan.com\/v15\/wp-json\/wp\/v2\/media\/136464"}],"wp:attachment":[{"href":"https:\/\/www.quebakan.com\/v15\/wp-json\/wp\/v2\/media?parent=136463"}],"wp:term":[{"taxonomy":"category","embeddable":true,"href":"https:\/\/www.quebakan.com\/v15\/wp-json\/wp\/v2\/categories?post=136463"},{"taxonomy":"post_tag","embeddable":true,"href":"https:\/\/www.quebakan.com\/v15\/wp-json\/wp\/v2\/tags?post=136463"}],"curies":[{"name":"wp","href":"https:\/\/api.w.org\/{rel}","templated":true}]}}