{"id":136470,"date":"2025-10-19T01:44:05","date_gmt":"2025-10-19T06:44:05","guid":{"rendered":"https:\/\/www.quebakan.com\/v15\/?p=136470"},"modified":"2025-10-19T01:44:05","modified_gmt":"2025-10-19T06:44:05","slug":"sam-rivers-bajista-y-cofundador-de-limp-bizkit-fallece-a-los-48-anos","status":"publish","type":"post","link":"https:\/\/www.quebakan.com\/v15\/sam-rivers-bajista-y-cofundador-de-limp-bizkit-fallece-a-los-48-anos\/","title":{"rendered":"Sam Rivers, bajista y cofundador de Limp Bizkit, fallece a los 48 a\u00f1os"},"content":{"rendered":"<p><img fetchpriority=\"high\" decoding=\"async\" class=\"aligncenter size-full wp-image-136471\" src=\"https:\/\/www.quebakan.com\/v15\/wp-content\/uploads\/2025\/10\/samr1.jpg\" alt=\"\" width=\"700\" height=\"394\" \/><\/p>\n<p style=\"text-align: justify;\"><span style=\"color: #000000;\"><strong>Sam Rivers, bajista, corista y miembro fundador de la influyente banda de nu metal Limp Bizkit<\/strong>, falleci\u00f3 a la edad de 48 a\u00f1os. El grupo fue el encargado de anunciar la triste noticia a trav\u00e9s de un emotivo comunicado en sus redes sociales.<\/span><\/p>\n<p style=\"text-align: justify;\"><span style=\"color: #000000;\">En un homenaje publicado en Instagram y firmado por sus compa\u00f1eros de banda Fred Durst, John Otto, Wes Borland y DJ Lethal, la banda describi\u00f3 a Rivers como \u201cnuestro hermano, nuestro compa\u00f1ero de banda, nuestro latido\u201d.<\/span><\/p>\n<p style=\"text-align: justify;\"><span style=\"color: #000000;\">El texto ensalzaba la figura del m\u00fasico, afirmando: \u201cSam Rivers no era solo nuestro bajista; era pura magia. El pulso de cada canci\u00f3n, la calma en el caos, el alma en el sonido\u201d.<\/span><\/p>\n<p style=\"text-align: justify;\"><span style=\"color: #000000;\">El tributo continuaba rememorando la esencia y el talento de Rivers: \u201cDesde la primera nota que tocamos juntos, Sam aport\u00f3 una luz y un ritmo insuperables. Su talento era espont\u00e1neo, su presencia inolvidable, su coraz\u00f3n enorme\u201d.\u00a0<strong>Adem\u00e1s, lo defini\u00f3 como una \u201caut\u00e9ntica leyenda de leyendas\u201d<\/strong>\u00a0cuyo esp\u00edritu vivir\u00e1 \u201cpara siempre en cada ritmo, cada escenario, cada recuerdo\u201d.<\/span><\/p>\n<p style=\"text-align: justify;\"><span style=\"color: #000000;\">Rivers fue uno de los pilares fundamentales en la formaci\u00f3n de Limp Bizkit en Jacksonville, Florida, en 1994. La banda, una fusi\u00f3n de hard rock y rap, se abri\u00f3 camino hasta alcanzar fama mundial a finales de los a\u00f1os 90. Junto al baterista John Otto, Rivers se crio en un ambiente musical y posteriormente conoci\u00f3 al vocalista Fred Durst cuando ambos trabajaban en un local de Chick-fil-A. La alineaci\u00f3n cl\u00e1sica de la banda se complet\u00f3 en 1996.<\/span><\/p>\n<p style=\"text-align: justify;\"><span style=\"color: #000000;\">Como miembro de este grupo triple nominado al Grammy, Rivers contribuy\u00f3 a algunos de los himnos m\u00e1s emblem\u00e1ticos del nu metal, como \u201cRollin\u2019 (Air Raid Vehicle)\u201d,<strong>\u00a0\u201cTake A Look Around\u201d y la explosiva \u201cBreak Stuff\u201d, que acumula cerca de mil millones de reproducciones en Spotify<\/strong>.<\/span><\/p>\n<p style=\"text-align: justify;\"><span style=\"color: #000000;\">A lo largo de su carrera, Limp Bizkit lanz\u00f3 seis aclamados \u00e1lbumes de estudio, muchos de ellos con certificaci\u00f3n de platino.<\/span><\/p>\n<p style=\"text-align: justify;\"><span style=\"color: #000000;\">La trayectoria de Rivers con la banda no estuvo exenta de dificultades. En 2015, se vio obligado a abandonar temporalmente Limp Bizkit debido a una enfermedad hep\u00e1tica causada por un consumo excesivo de alcohol. Tras someterse con \u00e9xito a un trasplante de h\u00edgado,\u00a0<strong>Rivers se reincorpor\u00f3 a la banda tres a\u00f1os despu\u00e9s, continuando con su pasi\u00f3n por la m\u00fasica hasta su fallecimiento.<\/strong><\/span><\/p>\n<p style=\"text-align: justify;\"><span style=\"color: #000000;\">El comunicado de la banda concluye con un conmovedor y simple adi\u00f3s:\u00a0<strong>\u201cTe queremos, Sam. Te llevaremos siempre con nosotros. Descansa en paz, hermano. Tu m\u00fasica nunca termina\u201d.<\/strong><\/span><\/p>\n","protected":false},"excerpt":{"rendered":"<p>Sam Rivers, bajista, corista y miembro fundador de la influyente banda de nu metal Limp Bizkit, falleci\u00f3 a la edad de 48 a\u00f1os. El grupo fue el encargado de anunciar la triste noticia a trav\u00e9s de un emotivo comunicado en sus redes sociales. En un homenaje publicado en Instagram y firmado por sus compa\u00f1eros de [&hellip;]<\/p>\n","protected":false},"author":4,"featured_media":136471,"comment_status":"closed","ping_status":"closed","sticky":false,"template":"","format":"standard","meta":{"_bbp_topic_count":0,"_bbp_reply_count":0,"_bbp_total_topic_count":0,"_bbp_total_reply_count":0,"_bbp_voice_count":0,"_bbp_anonymous_reply_count":0,"_bbp_topic_count_hidden":0,"_bbp_reply_count_hidden":0,"_bbp_forum_subforum_count":0,"buzzeditor_post_format":"","footnotes":""},"categories":[2],"tags":[1248,1250,1247,1246,294,1252,421,606,1251,1249],"class_list":["post-136470","post","type-post","status-publish","format-standard","has-post-thumbnail","hentry","category-noticias","tag-dj-lethal","tag-golden-cobra","tag-john-otto","tag-limp-bizkit","tag-music","tag-my-generation","tag-newpost","tag-ranking","tag-rearranged","tag-wes-borland"],"yoast_head":"<!-- This site is optimized with the Yoast SEO plugin v27.5 - https:\/\/yoast.com\/product\/yoast-seo-wordpress\/ -->\n<title>Sam Rivers, bajista y cofundador de Limp Bizkit, fallece a los 48 a\u00f1os &#8211; QUEBAKAN.COM 2026: Noticias, Eventos, Conciertos y mucho m\u00e1s....<\/title>\n<meta name=\"robots\" content=\"index, follow, max-snippet:-1, max-image-preview:large, max-video-preview:-1\" \/>\n<link rel=\"canonical\" href=\"https:\/\/www.quebakan.com\/v15\/sam-rivers-bajista-y-cofundador-de-limp-bizkit-fallece-a-los-48-anos\/\" \/>\n<meta property=\"og:locale\" content=\"es_ES\" \/>\n<meta property=\"og:type\" content=\"article\" \/>\n<meta property=\"og:title\" content=\"Sam Rivers, bajista y cofundador de Limp Bizkit, fallece a los 48 a\u00f1os &#8211; QUEBAKAN.COM 2026: Noticias, Eventos, Conciertos y mucho m\u00e1s....\" \/>\n<meta property=\"og:description\" content=\"Sam Rivers, bajista, corista y miembro fundador de la influyente banda de nu metal Limp Bizkit, falleci\u00f3 a la edad de 48 a\u00f1os. El grupo fue el encargado de anunciar la triste noticia a trav\u00e9s de un emotivo comunicado en sus redes sociales. En un homenaje publicado en Instagram y firmado por sus compa\u00f1eros de [&hellip;]\" \/>\n<meta property=\"og:url\" content=\"https:\/\/www.quebakan.com\/v15\/sam-rivers-bajista-y-cofundador-de-limp-bizkit-fallece-a-los-48-anos\/\" \/>\n<meta property=\"og:site_name\" content=\"QUEBAKAN.COM 2026: Noticias, Eventos, Conciertos y mucho m\u00e1s....\" \/>\n<meta property=\"article:publisher\" content=\"http:\/\/www.facebook.com\/quebakan\" \/>\n<meta property=\"article:published_time\" content=\"2025-10-19T06:44:05+00:00\" \/>\n<meta property=\"og:image\" content=\"https:\/\/www.quebakan.com\/v15\/wp-content\/uploads\/2025\/10\/samr1.jpg\" \/>\n\t<meta property=\"og:image:width\" content=\"700\" \/>\n\t<meta property=\"og:image:height\" content=\"394\" \/>\n\t<meta property=\"og:image:type\" content=\"image\/jpeg\" \/>\n<meta name=\"author\" content=\"Erick Villafuerte\" \/>\n<meta name=\"twitter:card\" content=\"summary_large_image\" \/>\n<meta name=\"twitter:creator\" content=\"@quebakanec\" \/>\n<meta name=\"twitter:site\" content=\"@quebakanec\" \/>\n<meta name=\"twitter:label1\" content=\"Escrito por\" \/>\n\t<meta name=\"twitter:data1\" content=\"Erick Villafuerte\" \/>\n\t<meta name=\"twitter:label2\" content=\"Tiempo de lectura\" \/>\n\t<meta name=\"twitter:data2\" content=\"3 minutos\" \/>\n<script type=\"application\/ld+json\" class=\"yoast-schema-graph\">{\"@context\":\"https:\\\/\\\/schema.org\",\"@graph\":[{\"@type\":\"Article\",\"@id\":\"https:\\\/\\\/www.quebakan.com\\\/v15\\\/sam-rivers-bajista-y-cofundador-de-limp-bizkit-fallece-a-los-48-anos\\\/#article\",\"isPartOf\":{\"@id\":\"https:\\\/\\\/www.quebakan.com\\\/v15\\\/sam-rivers-bajista-y-cofundador-de-limp-bizkit-fallece-a-los-48-anos\\\/\"},\"author\":{\"name\":\"Erick Villafuerte\",\"@id\":\"https:\\\/\\\/www.quebakan.com\\\/v15\\\/#\\\/schema\\\/person\\\/d90fa9f9cfa81eb8ace9811e5b7b9118\"},\"headline\":\"Sam Rivers, bajista y cofundador de Limp Bizkit, fallece a los 48 a\u00f1os\",\"datePublished\":\"2025-10-19T06:44:05+00:00\",\"mainEntityOfPage\":{\"@id\":\"https:\\\/\\\/www.quebakan.com\\\/v15\\\/sam-rivers-bajista-y-cofundador-de-limp-bizkit-fallece-a-los-48-anos\\\/\"},\"wordCount\":437,\"publisher\":{\"@id\":\"https:\\\/\\\/www.quebakan.com\\\/v15\\\/#organization\"},\"image\":{\"@id\":\"https:\\\/\\\/www.quebakan.com\\\/v15\\\/sam-rivers-bajista-y-cofundador-de-limp-bizkit-fallece-a-los-48-anos\\\/#primaryimage\"},\"thumbnailUrl\":\"https:\\\/\\\/www.quebakan.com\\\/v15\\\/wp-content\\\/uploads\\\/2025\\\/10\\\/samr1.jpg\",\"keywords\":[\"dj lethal\",\"golden cobra\",\"john otto\",\"limp bizkit\",\"Music\",\"my generation\",\"newpost\",\"ranking\",\"rearranged\",\"wes borland\"],\"articleSection\":[\"Noticias\"],\"inLanguage\":\"es\"},{\"@type\":\"WebPage\",\"@id\":\"https:\\\/\\\/www.quebakan.com\\\/v15\\\/sam-rivers-bajista-y-cofundador-de-limp-bizkit-fallece-a-los-48-anos\\\/\",\"url\":\"https:\\\/\\\/www.quebakan.com\\\/v15\\\/sam-rivers-bajista-y-cofundador-de-limp-bizkit-fallece-a-los-48-anos\\\/\",\"name\":\"Sam Rivers, bajista y cofundador de Limp Bizkit, fallece a los 48 a\u00f1os &#8211; QUEBAKAN.COM 2026: Noticias, Eventos, Conciertos y mucho m\u00e1s....\",\"isPartOf\":{\"@id\":\"https:\\\/\\\/www.quebakan.com\\\/v15\\\/#website\"},\"primaryImageOfPage\":{\"@id\":\"https:\\\/\\\/www.quebakan.com\\\/v15\\\/sam-rivers-bajista-y-cofundador-de-limp-bizkit-fallece-a-los-48-anos\\\/#primaryimage\"},\"image\":{\"@id\":\"https:\\\/\\\/www.quebakan.com\\\/v15\\\/sam-rivers-bajista-y-cofundador-de-limp-bizkit-fallece-a-los-48-anos\\\/#primaryimage\"},\"thumbnailUrl\":\"https:\\\/\\\/www.quebakan.com\\\/v15\\\/wp-content\\\/uploads\\\/2025\\\/10\\\/samr1.jpg\",\"datePublished\":\"2025-10-19T06:44:05+00:00\",\"breadcrumb\":{\"@id\":\"https:\\\/\\\/www.quebakan.com\\\/v15\\\/sam-rivers-bajista-y-cofundador-de-limp-bizkit-fallece-a-los-48-anos\\\/#breadcrumb\"},\"inLanguage\":\"es\",\"potentialAction\":[{\"@type\":\"ReadAction\",\"target\":[\"https:\\\/\\\/www.quebakan.com\\\/v15\\\/sam-rivers-bajista-y-cofundador-de-limp-bizkit-fallece-a-los-48-anos\\\/\"]}]},{\"@type\":\"ImageObject\",\"inLanguage\":\"es\",\"@id\":\"https:\\\/\\\/www.quebakan.com\\\/v15\\\/sam-rivers-bajista-y-cofundador-de-limp-bizkit-fallece-a-los-48-anos\\\/#primaryimage\",\"url\":\"https:\\\/\\\/www.quebakan.com\\\/v15\\\/wp-content\\\/uploads\\\/2025\\\/10\\\/samr1.jpg\",\"contentUrl\":\"https:\\\/\\\/www.quebakan.com\\\/v15\\\/wp-content\\\/uploads\\\/2025\\\/10\\\/samr1.jpg\",\"width\":700,\"height\":394},{\"@type\":\"BreadcrumbList\",\"@id\":\"https:\\\/\\\/www.quebakan.com\\\/v15\\\/sam-rivers-bajista-y-cofundador-de-limp-bizkit-fallece-a-los-48-anos\\\/#breadcrumb\",\"itemListElement\":[{\"@type\":\"ListItem\",\"position\":1,\"name\":\"Portada\",\"item\":\"https:\\\/\\\/www.quebakan.com\\\/v15\\\/\"},{\"@type\":\"ListItem\",\"position\":2,\"name\":\"Sam Rivers, bajista y cofundador de Limp Bizkit, fallece a los 48 a\u00f1os\"}]},{\"@type\":\"WebSite\",\"@id\":\"https:\\\/\\\/www.quebakan.com\\\/v15\\\/#website\",\"url\":\"https:\\\/\\\/www.quebakan.com\\\/v15\\\/\",\"name\":\"QUEBAKAN\",\"description\":\"..\",\"publisher\":{\"@id\":\"https:\\\/\\\/www.quebakan.com\\\/v15\\\/#organization\"},\"potentialAction\":[{\"@type\":\"SearchAction\",\"target\":{\"@type\":\"EntryPoint\",\"urlTemplate\":\"https:\\\/\\\/www.quebakan.com\\\/v15\\\/?s={search_term_string}\"},\"query-input\":{\"@type\":\"PropertyValueSpecification\",\"valueRequired\":true,\"valueName\":\"search_term_string\"}}],\"inLanguage\":\"es\"},{\"@type\":\"Organization\",\"@id\":\"https:\\\/\\\/www.quebakan.com\\\/v15\\\/#organization\",\"name\":\"Quebakan.com\",\"url\":\"https:\\\/\\\/www.quebakan.com\\\/v15\\\/\",\"logo\":{\"@type\":\"ImageObject\",\"inLanguage\":\"es\",\"@id\":\"https:\\\/\\\/www.quebakan.com\\\/v15\\\/#\\\/schema\\\/logo\\\/image\\\/\",\"url\":\"https:\\\/\\\/www.quebakan.com\\\/v15\\\/wp-content\\\/uploads\\\/2023\\\/07\\\/logoquebakanenero2021.jpg\",\"contentUrl\":\"https:\\\/\\\/www.quebakan.com\\\/v15\\\/wp-content\\\/uploads\\\/2023\\\/07\\\/logoquebakanenero2021.jpg\",\"width\":1920,\"height\":1080,\"caption\":\"Quebakan.com\"},\"image\":{\"@id\":\"https:\\\/\\\/www.quebakan.com\\\/v15\\\/#\\\/schema\\\/logo\\\/image\\\/\"},\"sameAs\":[\"http:\\\/\\\/www.facebook.com\\\/quebakan\",\"https:\\\/\\\/x.com\\\/quebakanec\",\"http:\\\/\\\/www.instagram.com\\\/quebakan\",\"http:\\\/\\\/www.youtube.com\\\/quebakan1\"]},{\"@type\":\"Person\",\"@id\":\"https:\\\/\\\/www.quebakan.com\\\/v15\\\/#\\\/schema\\\/person\\\/d90fa9f9cfa81eb8ace9811e5b7b9118\",\"name\":\"Erick Villafuerte\",\"image\":{\"@type\":\"ImageObject\",\"inLanguage\":\"es\",\"@id\":\"https:\\\/\\\/www.quebakan.com\\\/v15\\\/wp-content\\\/uploads\\\/avatars\\\/4\\\/1731297654-bpfull.png\",\"url\":\"https:\\\/\\\/www.quebakan.com\\\/v15\\\/wp-content\\\/uploads\\\/avatars\\\/4\\\/1731297654-bpfull.png\",\"contentUrl\":\"https:\\\/\\\/www.quebakan.com\\\/v15\\\/wp-content\\\/uploads\\\/avatars\\\/4\\\/1731297654-bpfull.png\",\"caption\":\"Erick Villafuerte\"}}]}<\/script>\n<!-- \/ Yoast SEO plugin. -->","yoast_head_json":{"title":"Sam Rivers, bajista y cofundador de Limp Bizkit, fallece a los 48 a\u00f1os &#8211; QUEBAKAN.COM 2026: Noticias, Eventos, Conciertos y mucho m\u00e1s....","robots":{"index":"index","follow":"follow","max-snippet":"max-snippet:-1","max-image-preview":"max-image-preview:large","max-video-preview":"max-video-preview:-1"},"canonical":"https:\/\/www.quebakan.com\/v15\/sam-rivers-bajista-y-cofundador-de-limp-bizkit-fallece-a-los-48-anos\/","og_locale":"es_ES","og_type":"article","og_title":"Sam Rivers, bajista y cofundador de Limp Bizkit, fallece a los 48 a\u00f1os &#8211; QUEBAKAN.COM 2026: Noticias, Eventos, Conciertos y mucho m\u00e1s....","og_description":"Sam Rivers, bajista, corista y miembro fundador de la influyente banda de nu metal Limp Bizkit, falleci\u00f3 a la edad de 48 a\u00f1os. El grupo fue el encargado de anunciar la triste noticia a trav\u00e9s de un emotivo comunicado en sus redes sociales. En un homenaje publicado en Instagram y firmado por sus compa\u00f1eros de [&hellip;]","og_url":"https:\/\/www.quebakan.com\/v15\/sam-rivers-bajista-y-cofundador-de-limp-bizkit-fallece-a-los-48-anos\/","og_site_name":"QUEBAKAN.COM 2026: Noticias, Eventos, Conciertos y mucho m\u00e1s....","article_publisher":"http:\/\/www.facebook.com\/quebakan","article_published_time":"2025-10-19T06:44:05+00:00","og_image":[{"width":700,"height":394,"url":"https:\/\/www.quebakan.com\/v15\/wp-content\/uploads\/2025\/10\/samr1.jpg","type":"image\/jpeg"}],"author":"Erick Villafuerte","twitter_card":"summary_large_image","twitter_creator":"@quebakanec","twitter_site":"@quebakanec","twitter_misc":{"Escrito por":"Erick Villafuerte","Tiempo de lectura":"3 minutos"},"schema":{"@context":"https:\/\/schema.org","@graph":[{"@type":"Article","@id":"https:\/\/www.quebakan.com\/v15\/sam-rivers-bajista-y-cofundador-de-limp-bizkit-fallece-a-los-48-anos\/#article","isPartOf":{"@id":"https:\/\/www.quebakan.com\/v15\/sam-rivers-bajista-y-cofundador-de-limp-bizkit-fallece-a-los-48-anos\/"},"author":{"name":"Erick Villafuerte","@id":"https:\/\/www.quebakan.com\/v15\/#\/schema\/person\/d90fa9f9cfa81eb8ace9811e5b7b9118"},"headline":"Sam Rivers, bajista y cofundador de Limp Bizkit, fallece a los 48 a\u00f1os","datePublished":"2025-10-19T06:44:05+00:00","mainEntityOfPage":{"@id":"https:\/\/www.quebakan.com\/v15\/sam-rivers-bajista-y-cofundador-de-limp-bizkit-fallece-a-los-48-anos\/"},"wordCount":437,"publisher":{"@id":"https:\/\/www.quebakan.com\/v15\/#organization"},"image":{"@id":"https:\/\/www.quebakan.com\/v15\/sam-rivers-bajista-y-cofundador-de-limp-bizkit-fallece-a-los-48-anos\/#primaryimage"},"thumbnailUrl":"https:\/\/www.quebakan.com\/v15\/wp-content\/uploads\/2025\/10\/samr1.jpg","keywords":["dj lethal","golden cobra","john otto","limp bizkit","Music","my generation","newpost","ranking","rearranged","wes borland"],"articleSection":["Noticias"],"inLanguage":"es"},{"@type":"WebPage","@id":"https:\/\/www.quebakan.com\/v15\/sam-rivers-bajista-y-cofundador-de-limp-bizkit-fallece-a-los-48-anos\/","url":"https:\/\/www.quebakan.com\/v15\/sam-rivers-bajista-y-cofundador-de-limp-bizkit-fallece-a-los-48-anos\/","name":"Sam Rivers, bajista y cofundador de Limp Bizkit, fallece a los 48 a\u00f1os &#8211; QUEBAKAN.COM 2026: Noticias, Eventos, Conciertos y mucho m\u00e1s....","isPartOf":{"@id":"https:\/\/www.quebakan.com\/v15\/#website"},"primaryImageOfPage":{"@id":"https:\/\/www.quebakan.com\/v15\/sam-rivers-bajista-y-cofundador-de-limp-bizkit-fallece-a-los-48-anos\/#primaryimage"},"image":{"@id":"https:\/\/www.quebakan.com\/v15\/sam-rivers-bajista-y-cofundador-de-limp-bizkit-fallece-a-los-48-anos\/#primaryimage"},"thumbnailUrl":"https:\/\/www.quebakan.com\/v15\/wp-content\/uploads\/2025\/10\/samr1.jpg","datePublished":"2025-10-19T06:44:05+00:00","breadcrumb":{"@id":"https:\/\/www.quebakan.com\/v15\/sam-rivers-bajista-y-cofundador-de-limp-bizkit-fallece-a-los-48-anos\/#breadcrumb"},"inLanguage":"es","potentialAction":[{"@type":"ReadAction","target":["https:\/\/www.quebakan.com\/v15\/sam-rivers-bajista-y-cofundador-de-limp-bizkit-fallece-a-los-48-anos\/"]}]},{"@type":"ImageObject","inLanguage":"es","@id":"https:\/\/www.quebakan.com\/v15\/sam-rivers-bajista-y-cofundador-de-limp-bizkit-fallece-a-los-48-anos\/#primaryimage","url":"https:\/\/www.quebakan.com\/v15\/wp-content\/uploads\/2025\/10\/samr1.jpg","contentUrl":"https:\/\/www.quebakan.com\/v15\/wp-content\/uploads\/2025\/10\/samr1.jpg","width":700,"height":394},{"@type":"BreadcrumbList","@id":"https:\/\/www.quebakan.com\/v15\/sam-rivers-bajista-y-cofundador-de-limp-bizkit-fallece-a-los-48-anos\/#breadcrumb","itemListElement":[{"@type":"ListItem","position":1,"name":"Portada","item":"https:\/\/www.quebakan.com\/v15\/"},{"@type":"ListItem","position":2,"name":"Sam Rivers, bajista y cofundador de Limp Bizkit, fallece a los 48 a\u00f1os"}]},{"@type":"WebSite","@id":"https:\/\/www.quebakan.com\/v15\/#website","url":"https:\/\/www.quebakan.com\/v15\/","name":"QUEBAKAN","description":"..","publisher":{"@id":"https:\/\/www.quebakan.com\/v15\/#organization"},"potentialAction":[{"@type":"SearchAction","target":{"@type":"EntryPoint","urlTemplate":"https:\/\/www.quebakan.com\/v15\/?s={search_term_string}"},"query-input":{"@type":"PropertyValueSpecification","valueRequired":true,"valueName":"search_term_string"}}],"inLanguage":"es"},{"@type":"Organization","@id":"https:\/\/www.quebakan.com\/v15\/#organization","name":"Quebakan.com","url":"https:\/\/www.quebakan.com\/v15\/","logo":{"@type":"ImageObject","inLanguage":"es","@id":"https:\/\/www.quebakan.com\/v15\/#\/schema\/logo\/image\/","url":"https:\/\/www.quebakan.com\/v15\/wp-content\/uploads\/2023\/07\/logoquebakanenero2021.jpg","contentUrl":"https:\/\/www.quebakan.com\/v15\/wp-content\/uploads\/2023\/07\/logoquebakanenero2021.jpg","width":1920,"height":1080,"caption":"Quebakan.com"},"image":{"@id":"https:\/\/www.quebakan.com\/v15\/#\/schema\/logo\/image\/"},"sameAs":["http:\/\/www.facebook.com\/quebakan","https:\/\/x.com\/quebakanec","http:\/\/www.instagram.com\/quebakan","http:\/\/www.youtube.com\/quebakan1"]},{"@type":"Person","@id":"https:\/\/www.quebakan.com\/v15\/#\/schema\/person\/d90fa9f9cfa81eb8ace9811e5b7b9118","name":"Erick Villafuerte","image":{"@type":"ImageObject","inLanguage":"es","@id":"https:\/\/www.quebakan.com\/v15\/wp-content\/uploads\/avatars\/4\/1731297654-bpfull.png","url":"https:\/\/www.quebakan.com\/v15\/wp-content\/uploads\/avatars\/4\/1731297654-bpfull.png","contentUrl":"https:\/\/www.quebakan.com\/v15\/wp-content\/uploads\/avatars\/4\/1731297654-bpfull.png","caption":"Erick Villafuerte"}}]}},"_links":{"self":[{"href":"https:\/\/www.quebakan.com\/v15\/wp-json\/wp\/v2\/posts\/136470","targetHints":{"allow":["GET"]}}],"collection":[{"href":"https:\/\/www.quebakan.com\/v15\/wp-json\/wp\/v2\/posts"}],"about":[{"href":"https:\/\/www.quebakan.com\/v15\/wp-json\/wp\/v2\/types\/post"}],"author":[{"embeddable":true,"href":"https:\/\/www.quebakan.com\/v15\/wp-json\/wp\/v2\/users\/4"}],"replies":[{"embeddable":true,"href":"https:\/\/www.quebakan.com\/v15\/wp-json\/wp\/v2\/comments?post=136470"}],"version-history":[{"count":1,"href":"https:\/\/www.quebakan.com\/v15\/wp-json\/wp\/v2\/posts\/136470\/revisions"}],"predecessor-version":[{"id":136472,"href":"https:\/\/www.quebakan.com\/v15\/wp-json\/wp\/v2\/posts\/136470\/revisions\/136472"}],"wp:featuredmedia":[{"embeddable":true,"href":"https:\/\/www.quebakan.com\/v15\/wp-json\/wp\/v2\/media\/136471"}],"wp:attachment":[{"href":"https:\/\/www.quebakan.com\/v15\/wp-json\/wp\/v2\/media?parent=136470"}],"wp:term":[{"taxonomy":"category","embeddable":true,"href":"https:\/\/www.quebakan.com\/v15\/wp-json\/wp\/v2\/categories?post=136470"},{"taxonomy":"post_tag","embeddable":true,"href":"https:\/\/www.quebakan.com\/v15\/wp-json\/wp\/v2\/tags?post=136470"}],"curies":[{"name":"wp","href":"https:\/\/api.w.org\/{rel}","templated":true}]}}