{"id":136473,"date":"2025-10-19T21:17:33","date_gmt":"2025-10-20T02:17:33","guid":{"rendered":"https:\/\/www.quebakan.com\/v15\/?p=136473"},"modified":"2025-10-19T21:17:33","modified_gmt":"2025-10-20T02:17:33","slug":"experiencia-medieval-2025-llega-a-machala-y-quito-un-evento-que-combina-historia-cultura-y-el-poder-de-los-caballos","status":"publish","type":"post","link":"https:\/\/www.quebakan.com\/v15\/experiencia-medieval-2025-llega-a-machala-y-quito-un-evento-que-combina-historia-cultura-y-el-poder-de-los-caballos\/","title":{"rendered":"Experiencia Medieval 2025, llega a Machala y Quito,  un evento que combina historia, cultura y el poder de los caballos"},"content":{"rendered":"<p><img fetchpriority=\"high\" decoding=\"async\" class=\"aligncenter size-full wp-image-136474\" src=\"https:\/\/www.quebakan.com\/v15\/wp-content\/uploads\/2025\/10\/Experiencia-Medieval-1-.jpg\" alt=\"\" width=\"700\" height=\"466\" \/><\/p>\n<p style=\"text-align: justify;\"><span style=\"color: #000000;\">La Experiencia Medieval, un evento que busca transportar a los asistentes a la \u00e9poca medieval donde vivir\u00e1n un recorrido por la historia a trav\u00e9s del arte ecuestre, la alta escuela, doma cl\u00e1sica y en libertad, volteo, espect\u00e1culo de amazona y carrusel. El p\u00fablico de Santa Rosa podr\u00e1 vivir esta experiencia en la Hacienda La Leyenda, el pr\u00f3ximo 25 de octubre y el 1 de noviembre en Quito en la Plaza de Toros.<\/span><\/p>\n<p style=\"text-align: justify;\"><span style=\"color: #000000;\">Este festival ha sido cuidadosamente dise\u00f1ado para ofrecer una inmersi\u00f3n total en la esencia de esta regi\u00f3n; en su segunda parte del show sorprender\u00e1 con una puesta en escena que recrea la grandeza medieval con teatro, m\u00fasica y caballos, logrando un espect\u00e1culo completo, diferente y memorable.<\/span><\/p>\n<p style=\"text-align: justify;\"><span style=\"color: #000000;\">Adem\u00e1s, este a\u00f1o se contar\u00e1 con jinetes y artistas internacionales de primer nivel:<\/span><\/p>\n<ul style=\"text-align: justify;\">\n<li><span style=\"color: #000000;\">Oscar Borjas- Jinete y Rejoneador espa\u00f1ol<\/span><\/li>\n<li><span style=\"color: #000000;\">Sandra Borjas- Amazona y Campeona del sicab 2021<\/span><\/li>\n<li><span style=\"color: #000000;\">Sasa Importa- Volteador italiano hace espect\u00e1culos por toda Europa<\/span><\/li>\n<li><span style=\"color: #000000;\">Chris Munuera- Volteador Franc\u00e9s pertenece a Cali volteo grupo franc\u00e9s que hace presentaciones por toda Europa<\/span><\/li>\n<li><span style=\"color: #000000;\">Amandine Kernaonet- espect\u00e1culos por toda Europa y tambi\u00e9n fue integrante del espect\u00e1culo Puy Du Fou<\/span><\/li>\n<\/ul>\n<p style=\"text-align: justify;\"><span style=\"color: #000000;\">Los asistentes disfrutar\u00e1n de un programa variado que incluye una exposici\u00f3n ecuestre inigualable:<\/span><\/p>\n<ul style=\"text-align: justify;\">\n<li><span style=\"color: #000000;\">Caballos de pura raza ejecutando ejercicios de alta escuela.<\/span><\/li>\n<li><span style=\"color: #000000;\">Exhibiciones de doma en libertad que muestran la conexi\u00f3n entre jinete y caballo.<\/span><\/li>\n<li><span style=\"color: #000000;\">Volteo acrob\u00e1tico de nivel internacional.<\/span><\/li>\n<li><span style=\"color: #000000;\">Carruseles ecuestres y representaciones medievales que unir\u00e1n historia, cultura y espect\u00e1culo.<\/span><\/li>\n<\/ul>\n<p style=\"text-align: justify;\"><span style=\"color: #000000;\">En Santa Rosa, el p\u00fablico disfrutar\u00e1 de una experiencia inmersiva de m\u00e1s de 12 horas en la Hacienda La Leyenda, que incluir\u00e1: el show ecuestre, la Experiencia Medieval y un atractivo adicional: el Gastro Fest, una feria gastron\u00f3mica que reunir\u00e1 sabores y tradiciones.<\/span><\/p>\n<p style=\"text-align: justify;\"><span style=\"color: #000000;\">Por otro lado, en Quito, el espect\u00e1culo ecuestre medieval se vivir\u00e1 en la Plaza de Toros.<\/span><\/p>\n<p style=\"text-align: justify;\"><span style=\"color: #000000;\">Este evento busca revivir este espacio emblem\u00e1tico y devolver la cultura ecuestre a la capital y al Ecuador, ofreciendo a los asistentes una noche que quedar\u00e1 marcada en la historia cultural de la ciudad.<\/span><\/p>\n<p style=\"text-align: justify;\"><span style=\"color: #000000;\">La Experiencia Medieval 2025 no es solo un espect\u00e1culo: es un viaje en el tiempo que celebra la historia, la cultura y la pasi\u00f3n ecuestre. Para mayor informaci\u00f3n pueden encontrarnos en Instagram: @criadero_laleyenda.<\/span><\/p>\n<p><img decoding=\"async\" class=\"aligncenter size-full wp-image-136475\" src=\"https:\/\/www.quebakan.com\/v15\/wp-content\/uploads\/2025\/10\/Experiencia-Medieval-10-.jpg\" alt=\"\" width=\"700\" height=\"466\" \/><\/p>\n<p>&nbsp;<\/p>\n<p><img decoding=\"async\" class=\"aligncenter size-full wp-image-136476\" src=\"https:\/\/www.quebakan.com\/v15\/wp-content\/uploads\/2025\/10\/Experiencia-Medieval-9-.jpg\" alt=\"\" width=\"700\" height=\"466\" \/><\/p>\n<p>&nbsp;<\/p>\n<p><img loading=\"lazy\" decoding=\"async\" class=\"aligncenter size-full wp-image-136477\" src=\"https:\/\/www.quebakan.com\/v15\/wp-content\/uploads\/2025\/10\/Experiencia-Medieval-8.jpg\" alt=\"\" width=\"700\" height=\"466\" \/><\/p>\n<p>&nbsp;<\/p>\n<p><img loading=\"lazy\" decoding=\"async\" class=\"aligncenter size-full wp-image-136478\" src=\"https:\/\/www.quebakan.com\/v15\/wp-content\/uploads\/2025\/10\/Experiencia-Medieval-7.jpg\" alt=\"\" width=\"466\" height=\"700\" \/><\/p>\n<p>&nbsp;<\/p>\n<p><img loading=\"lazy\" decoding=\"async\" class=\"aligncenter size-full wp-image-136479\" src=\"https:\/\/www.quebakan.com\/v15\/wp-content\/uploads\/2025\/10\/Experiencia-Medieval-4-.jpg\" alt=\"\" width=\"700\" height=\"466\" \/><\/p>\n","protected":false},"excerpt":{"rendered":"<p>La Experiencia Medieval, un evento que busca transportar a los asistentes a la \u00e9poca medieval donde vivir\u00e1n un recorrido por la historia a trav\u00e9s del arte ecuestre, la alta escuela, doma cl\u00e1sica y en libertad, volteo, espect\u00e1culo de amazona y carrusel. El p\u00fablico de Santa Rosa podr\u00e1 vivir esta experiencia en la Hacienda La Leyenda, [&hellip;]<\/p>\n","protected":false},"author":4,"featured_media":136474,"comment_status":"closed","ping_status":"closed","sticky":false,"template":"","format":"standard","meta":{"_bbp_topic_count":0,"_bbp_reply_count":0,"_bbp_total_topic_count":0,"_bbp_total_reply_count":0,"_bbp_voice_count":0,"_bbp_anonymous_reply_count":0,"_bbp_topic_count_hidden":0,"_bbp_reply_count_hidden":0,"_bbp_forum_subforum_count":0,"buzzeditor_post_format":"","footnotes":""},"categories":[2],"tags":[],"class_list":["post-136473","post","type-post","status-publish","format-standard","has-post-thumbnail","hentry","category-noticias"],"yoast_head":"<!-- This site is optimized with the Yoast SEO plugin v27.5 - https:\/\/yoast.com\/product\/yoast-seo-wordpress\/ -->\n<title>Experiencia Medieval 2025, llega a Machala y Quito, un evento que combina historia, cultura y el poder de los caballos &#8211; QUEBAKAN.COM 2026: Noticias, Eventos, Conciertos y mucho m\u00e1s....<\/title>\n<meta name=\"robots\" content=\"index, follow, max-snippet:-1, max-image-preview:large, max-video-preview:-1\" \/>\n<link rel=\"canonical\" href=\"https:\/\/www.quebakan.com\/v15\/experiencia-medieval-2025-llega-a-machala-y-quito-un-evento-que-combina-historia-cultura-y-el-poder-de-los-caballos\/\" \/>\n<meta property=\"og:locale\" content=\"es_ES\" \/>\n<meta property=\"og:type\" content=\"article\" \/>\n<meta property=\"og:title\" content=\"Experiencia Medieval 2025, llega a Machala y Quito, un evento que combina historia, cultura y el poder de los caballos &#8211; QUEBAKAN.COM 2026: Noticias, Eventos, Conciertos y mucho m\u00e1s....\" \/>\n<meta property=\"og:description\" content=\"La Experiencia Medieval, un evento que busca transportar a los asistentes a la \u00e9poca medieval donde vivir\u00e1n un recorrido por la historia a trav\u00e9s del arte ecuestre, la alta escuela, doma cl\u00e1sica y en libertad, volteo, espect\u00e1culo de amazona y carrusel. El p\u00fablico de Santa Rosa podr\u00e1 vivir esta experiencia en la Hacienda La Leyenda, [&hellip;]\" \/>\n<meta property=\"og:url\" content=\"https:\/\/www.quebakan.com\/v15\/experiencia-medieval-2025-llega-a-machala-y-quito-un-evento-que-combina-historia-cultura-y-el-poder-de-los-caballos\/\" \/>\n<meta property=\"og:site_name\" content=\"QUEBAKAN.COM 2026: Noticias, Eventos, Conciertos y mucho m\u00e1s....\" \/>\n<meta property=\"article:publisher\" content=\"http:\/\/www.facebook.com\/quebakan\" \/>\n<meta property=\"article:published_time\" content=\"2025-10-20T02:17:33+00:00\" \/>\n<meta property=\"og:image\" content=\"https:\/\/www.quebakan.com\/v15\/wp-content\/uploads\/2025\/10\/Experiencia-Medieval-1-.jpg\" \/>\n\t<meta property=\"og:image:width\" content=\"700\" \/>\n\t<meta property=\"og:image:height\" content=\"466\" \/>\n\t<meta property=\"og:image:type\" content=\"image\/jpeg\" \/>\n<meta name=\"author\" content=\"Erick Villafuerte\" \/>\n<meta name=\"twitter:card\" content=\"summary_large_image\" \/>\n<meta name=\"twitter:creator\" content=\"@quebakanec\" \/>\n<meta name=\"twitter:site\" content=\"@quebakanec\" \/>\n<meta name=\"twitter:label1\" content=\"Escrito por\" \/>\n\t<meta name=\"twitter:data1\" content=\"Erick Villafuerte\" \/>\n\t<meta name=\"twitter:label2\" content=\"Tiempo de lectura\" \/>\n\t<meta name=\"twitter:data2\" content=\"4 minutos\" \/>\n<script type=\"application\/ld+json\" class=\"yoast-schema-graph\">{\"@context\":\"https:\\\/\\\/schema.org\",\"@graph\":[{\"@type\":\"Article\",\"@id\":\"https:\\\/\\\/www.quebakan.com\\\/v15\\\/experiencia-medieval-2025-llega-a-machala-y-quito-un-evento-que-combina-historia-cultura-y-el-poder-de-los-caballos\\\/#article\",\"isPartOf\":{\"@id\":\"https:\\\/\\\/www.quebakan.com\\\/v15\\\/experiencia-medieval-2025-llega-a-machala-y-quito-un-evento-que-combina-historia-cultura-y-el-poder-de-los-caballos\\\/\"},\"author\":{\"name\":\"Erick Villafuerte\",\"@id\":\"https:\\\/\\\/www.quebakan.com\\\/v15\\\/#\\\/schema\\\/person\\\/d90fa9f9cfa81eb8ace9811e5b7b9118\"},\"headline\":\"Experiencia Medieval 2025, llega a Machala y Quito, un evento que combina historia, cultura y el poder de los caballos\",\"datePublished\":\"2025-10-20T02:17:33+00:00\",\"mainEntityOfPage\":{\"@id\":\"https:\\\/\\\/www.quebakan.com\\\/v15\\\/experiencia-medieval-2025-llega-a-machala-y-quito-un-evento-que-combina-historia-cultura-y-el-poder-de-los-caballos\\\/\"},\"wordCount\":415,\"publisher\":{\"@id\":\"https:\\\/\\\/www.quebakan.com\\\/v15\\\/#organization\"},\"image\":{\"@id\":\"https:\\\/\\\/www.quebakan.com\\\/v15\\\/experiencia-medieval-2025-llega-a-machala-y-quito-un-evento-que-combina-historia-cultura-y-el-poder-de-los-caballos\\\/#primaryimage\"},\"thumbnailUrl\":\"https:\\\/\\\/www.quebakan.com\\\/v15\\\/wp-content\\\/uploads\\\/2025\\\/10\\\/Experiencia-Medieval-1-.jpg\",\"articleSection\":[\"Noticias\"],\"inLanguage\":\"es\"},{\"@type\":\"WebPage\",\"@id\":\"https:\\\/\\\/www.quebakan.com\\\/v15\\\/experiencia-medieval-2025-llega-a-machala-y-quito-un-evento-que-combina-historia-cultura-y-el-poder-de-los-caballos\\\/\",\"url\":\"https:\\\/\\\/www.quebakan.com\\\/v15\\\/experiencia-medieval-2025-llega-a-machala-y-quito-un-evento-que-combina-historia-cultura-y-el-poder-de-los-caballos\\\/\",\"name\":\"Experiencia Medieval 2025, llega a Machala y Quito, un evento que combina historia, cultura y el poder de los caballos &#8211; QUEBAKAN.COM 2026: Noticias, Eventos, Conciertos y mucho m\u00e1s....\",\"isPartOf\":{\"@id\":\"https:\\\/\\\/www.quebakan.com\\\/v15\\\/#website\"},\"primaryImageOfPage\":{\"@id\":\"https:\\\/\\\/www.quebakan.com\\\/v15\\\/experiencia-medieval-2025-llega-a-machala-y-quito-un-evento-que-combina-historia-cultura-y-el-poder-de-los-caballos\\\/#primaryimage\"},\"image\":{\"@id\":\"https:\\\/\\\/www.quebakan.com\\\/v15\\\/experiencia-medieval-2025-llega-a-machala-y-quito-un-evento-que-combina-historia-cultura-y-el-poder-de-los-caballos\\\/#primaryimage\"},\"thumbnailUrl\":\"https:\\\/\\\/www.quebakan.com\\\/v15\\\/wp-content\\\/uploads\\\/2025\\\/10\\\/Experiencia-Medieval-1-.jpg\",\"datePublished\":\"2025-10-20T02:17:33+00:00\",\"breadcrumb\":{\"@id\":\"https:\\\/\\\/www.quebakan.com\\\/v15\\\/experiencia-medieval-2025-llega-a-machala-y-quito-un-evento-que-combina-historia-cultura-y-el-poder-de-los-caballos\\\/#breadcrumb\"},\"inLanguage\":\"es\",\"potentialAction\":[{\"@type\":\"ReadAction\",\"target\":[\"https:\\\/\\\/www.quebakan.com\\\/v15\\\/experiencia-medieval-2025-llega-a-machala-y-quito-un-evento-que-combina-historia-cultura-y-el-poder-de-los-caballos\\\/\"]}]},{\"@type\":\"ImageObject\",\"inLanguage\":\"es\",\"@id\":\"https:\\\/\\\/www.quebakan.com\\\/v15\\\/experiencia-medieval-2025-llega-a-machala-y-quito-un-evento-que-combina-historia-cultura-y-el-poder-de-los-caballos\\\/#primaryimage\",\"url\":\"https:\\\/\\\/www.quebakan.com\\\/v15\\\/wp-content\\\/uploads\\\/2025\\\/10\\\/Experiencia-Medieval-1-.jpg\",\"contentUrl\":\"https:\\\/\\\/www.quebakan.com\\\/v15\\\/wp-content\\\/uploads\\\/2025\\\/10\\\/Experiencia-Medieval-1-.jpg\",\"width\":700,\"height\":466},{\"@type\":\"BreadcrumbList\",\"@id\":\"https:\\\/\\\/www.quebakan.com\\\/v15\\\/experiencia-medieval-2025-llega-a-machala-y-quito-un-evento-que-combina-historia-cultura-y-el-poder-de-los-caballos\\\/#breadcrumb\",\"itemListElement\":[{\"@type\":\"ListItem\",\"position\":1,\"name\":\"Portada\",\"item\":\"https:\\\/\\\/www.quebakan.com\\\/v15\\\/\"},{\"@type\":\"ListItem\",\"position\":2,\"name\":\"Experiencia Medieval 2025, llega a Machala y Quito, un evento que combina historia, cultura y el poder de los caballos\"}]},{\"@type\":\"WebSite\",\"@id\":\"https:\\\/\\\/www.quebakan.com\\\/v15\\\/#website\",\"url\":\"https:\\\/\\\/www.quebakan.com\\\/v15\\\/\",\"name\":\"QUEBAKAN\",\"description\":\"..\",\"publisher\":{\"@id\":\"https:\\\/\\\/www.quebakan.com\\\/v15\\\/#organization\"},\"potentialAction\":[{\"@type\":\"SearchAction\",\"target\":{\"@type\":\"EntryPoint\",\"urlTemplate\":\"https:\\\/\\\/www.quebakan.com\\\/v15\\\/?s={search_term_string}\"},\"query-input\":{\"@type\":\"PropertyValueSpecification\",\"valueRequired\":true,\"valueName\":\"search_term_string\"}}],\"inLanguage\":\"es\"},{\"@type\":\"Organization\",\"@id\":\"https:\\\/\\\/www.quebakan.com\\\/v15\\\/#organization\",\"name\":\"Quebakan.com\",\"url\":\"https:\\\/\\\/www.quebakan.com\\\/v15\\\/\",\"logo\":{\"@type\":\"ImageObject\",\"inLanguage\":\"es\",\"@id\":\"https:\\\/\\\/www.quebakan.com\\\/v15\\\/#\\\/schema\\\/logo\\\/image\\\/\",\"url\":\"https:\\\/\\\/www.quebakan.com\\\/v15\\\/wp-content\\\/uploads\\\/2023\\\/07\\\/logoquebakanenero2021.jpg\",\"contentUrl\":\"https:\\\/\\\/www.quebakan.com\\\/v15\\\/wp-content\\\/uploads\\\/2023\\\/07\\\/logoquebakanenero2021.jpg\",\"width\":1920,\"height\":1080,\"caption\":\"Quebakan.com\"},\"image\":{\"@id\":\"https:\\\/\\\/www.quebakan.com\\\/v15\\\/#\\\/schema\\\/logo\\\/image\\\/\"},\"sameAs\":[\"http:\\\/\\\/www.facebook.com\\\/quebakan\",\"https:\\\/\\\/x.com\\\/quebakanec\",\"http:\\\/\\\/www.instagram.com\\\/quebakan\",\"http:\\\/\\\/www.youtube.com\\\/quebakan1\"]},{\"@type\":\"Person\",\"@id\":\"https:\\\/\\\/www.quebakan.com\\\/v15\\\/#\\\/schema\\\/person\\\/d90fa9f9cfa81eb8ace9811e5b7b9118\",\"name\":\"Erick Villafuerte\",\"image\":{\"@type\":\"ImageObject\",\"inLanguage\":\"es\",\"@id\":\"https:\\\/\\\/www.quebakan.com\\\/v15\\\/wp-content\\\/uploads\\\/avatars\\\/4\\\/1731297654-bpfull.png\",\"url\":\"https:\\\/\\\/www.quebakan.com\\\/v15\\\/wp-content\\\/uploads\\\/avatars\\\/4\\\/1731297654-bpfull.png\",\"contentUrl\":\"https:\\\/\\\/www.quebakan.com\\\/v15\\\/wp-content\\\/uploads\\\/avatars\\\/4\\\/1731297654-bpfull.png\",\"caption\":\"Erick Villafuerte\"}}]}<\/script>\n<!-- \/ Yoast SEO plugin. -->","yoast_head_json":{"title":"Experiencia Medieval 2025, llega a Machala y Quito, un evento que combina historia, cultura y el poder de los caballos &#8211; QUEBAKAN.COM 2026: Noticias, Eventos, Conciertos y mucho m\u00e1s....","robots":{"index":"index","follow":"follow","max-snippet":"max-snippet:-1","max-image-preview":"max-image-preview:large","max-video-preview":"max-video-preview:-1"},"canonical":"https:\/\/www.quebakan.com\/v15\/experiencia-medieval-2025-llega-a-machala-y-quito-un-evento-que-combina-historia-cultura-y-el-poder-de-los-caballos\/","og_locale":"es_ES","og_type":"article","og_title":"Experiencia Medieval 2025, llega a Machala y Quito, un evento que combina historia, cultura y el poder de los caballos &#8211; QUEBAKAN.COM 2026: Noticias, Eventos, Conciertos y mucho m\u00e1s....","og_description":"La Experiencia Medieval, un evento que busca transportar a los asistentes a la \u00e9poca medieval donde vivir\u00e1n un recorrido por la historia a trav\u00e9s del arte ecuestre, la alta escuela, doma cl\u00e1sica y en libertad, volteo, espect\u00e1culo de amazona y carrusel. El p\u00fablico de Santa Rosa podr\u00e1 vivir esta experiencia en la Hacienda La Leyenda, [&hellip;]","og_url":"https:\/\/www.quebakan.com\/v15\/experiencia-medieval-2025-llega-a-machala-y-quito-un-evento-que-combina-historia-cultura-y-el-poder-de-los-caballos\/","og_site_name":"QUEBAKAN.COM 2026: Noticias, Eventos, Conciertos y mucho m\u00e1s....","article_publisher":"http:\/\/www.facebook.com\/quebakan","article_published_time":"2025-10-20T02:17:33+00:00","og_image":[{"width":700,"height":466,"url":"https:\/\/www.quebakan.com\/v15\/wp-content\/uploads\/2025\/10\/Experiencia-Medieval-1-.jpg","type":"image\/jpeg"}],"author":"Erick Villafuerte","twitter_card":"summary_large_image","twitter_creator":"@quebakanec","twitter_site":"@quebakanec","twitter_misc":{"Escrito por":"Erick Villafuerte","Tiempo de lectura":"4 minutos"},"schema":{"@context":"https:\/\/schema.org","@graph":[{"@type":"Article","@id":"https:\/\/www.quebakan.com\/v15\/experiencia-medieval-2025-llega-a-machala-y-quito-un-evento-que-combina-historia-cultura-y-el-poder-de-los-caballos\/#article","isPartOf":{"@id":"https:\/\/www.quebakan.com\/v15\/experiencia-medieval-2025-llega-a-machala-y-quito-un-evento-que-combina-historia-cultura-y-el-poder-de-los-caballos\/"},"author":{"name":"Erick Villafuerte","@id":"https:\/\/www.quebakan.com\/v15\/#\/schema\/person\/d90fa9f9cfa81eb8ace9811e5b7b9118"},"headline":"Experiencia Medieval 2025, llega a Machala y Quito, un evento que combina historia, cultura y el poder de los caballos","datePublished":"2025-10-20T02:17:33+00:00","mainEntityOfPage":{"@id":"https:\/\/www.quebakan.com\/v15\/experiencia-medieval-2025-llega-a-machala-y-quito-un-evento-que-combina-historia-cultura-y-el-poder-de-los-caballos\/"},"wordCount":415,"publisher":{"@id":"https:\/\/www.quebakan.com\/v15\/#organization"},"image":{"@id":"https:\/\/www.quebakan.com\/v15\/experiencia-medieval-2025-llega-a-machala-y-quito-un-evento-que-combina-historia-cultura-y-el-poder-de-los-caballos\/#primaryimage"},"thumbnailUrl":"https:\/\/www.quebakan.com\/v15\/wp-content\/uploads\/2025\/10\/Experiencia-Medieval-1-.jpg","articleSection":["Noticias"],"inLanguage":"es"},{"@type":"WebPage","@id":"https:\/\/www.quebakan.com\/v15\/experiencia-medieval-2025-llega-a-machala-y-quito-un-evento-que-combina-historia-cultura-y-el-poder-de-los-caballos\/","url":"https:\/\/www.quebakan.com\/v15\/experiencia-medieval-2025-llega-a-machala-y-quito-un-evento-que-combina-historia-cultura-y-el-poder-de-los-caballos\/","name":"Experiencia Medieval 2025, llega a Machala y Quito, un evento que combina historia, cultura y el poder de los caballos &#8211; QUEBAKAN.COM 2026: Noticias, Eventos, Conciertos y mucho m\u00e1s....","isPartOf":{"@id":"https:\/\/www.quebakan.com\/v15\/#website"},"primaryImageOfPage":{"@id":"https:\/\/www.quebakan.com\/v15\/experiencia-medieval-2025-llega-a-machala-y-quito-un-evento-que-combina-historia-cultura-y-el-poder-de-los-caballos\/#primaryimage"},"image":{"@id":"https:\/\/www.quebakan.com\/v15\/experiencia-medieval-2025-llega-a-machala-y-quito-un-evento-que-combina-historia-cultura-y-el-poder-de-los-caballos\/#primaryimage"},"thumbnailUrl":"https:\/\/www.quebakan.com\/v15\/wp-content\/uploads\/2025\/10\/Experiencia-Medieval-1-.jpg","datePublished":"2025-10-20T02:17:33+00:00","breadcrumb":{"@id":"https:\/\/www.quebakan.com\/v15\/experiencia-medieval-2025-llega-a-machala-y-quito-un-evento-que-combina-historia-cultura-y-el-poder-de-los-caballos\/#breadcrumb"},"inLanguage":"es","potentialAction":[{"@type":"ReadAction","target":["https:\/\/www.quebakan.com\/v15\/experiencia-medieval-2025-llega-a-machala-y-quito-un-evento-que-combina-historia-cultura-y-el-poder-de-los-caballos\/"]}]},{"@type":"ImageObject","inLanguage":"es","@id":"https:\/\/www.quebakan.com\/v15\/experiencia-medieval-2025-llega-a-machala-y-quito-un-evento-que-combina-historia-cultura-y-el-poder-de-los-caballos\/#primaryimage","url":"https:\/\/www.quebakan.com\/v15\/wp-content\/uploads\/2025\/10\/Experiencia-Medieval-1-.jpg","contentUrl":"https:\/\/www.quebakan.com\/v15\/wp-content\/uploads\/2025\/10\/Experiencia-Medieval-1-.jpg","width":700,"height":466},{"@type":"BreadcrumbList","@id":"https:\/\/www.quebakan.com\/v15\/experiencia-medieval-2025-llega-a-machala-y-quito-un-evento-que-combina-historia-cultura-y-el-poder-de-los-caballos\/#breadcrumb","itemListElement":[{"@type":"ListItem","position":1,"name":"Portada","item":"https:\/\/www.quebakan.com\/v15\/"},{"@type":"ListItem","position":2,"name":"Experiencia Medieval 2025, llega a Machala y Quito, un evento que combina historia, cultura y el poder de los caballos"}]},{"@type":"WebSite","@id":"https:\/\/www.quebakan.com\/v15\/#website","url":"https:\/\/www.quebakan.com\/v15\/","name":"QUEBAKAN","description":"..","publisher":{"@id":"https:\/\/www.quebakan.com\/v15\/#organization"},"potentialAction":[{"@type":"SearchAction","target":{"@type":"EntryPoint","urlTemplate":"https:\/\/www.quebakan.com\/v15\/?s={search_term_string}"},"query-input":{"@type":"PropertyValueSpecification","valueRequired":true,"valueName":"search_term_string"}}],"inLanguage":"es"},{"@type":"Organization","@id":"https:\/\/www.quebakan.com\/v15\/#organization","name":"Quebakan.com","url":"https:\/\/www.quebakan.com\/v15\/","logo":{"@type":"ImageObject","inLanguage":"es","@id":"https:\/\/www.quebakan.com\/v15\/#\/schema\/logo\/image\/","url":"https:\/\/www.quebakan.com\/v15\/wp-content\/uploads\/2023\/07\/logoquebakanenero2021.jpg","contentUrl":"https:\/\/www.quebakan.com\/v15\/wp-content\/uploads\/2023\/07\/logoquebakanenero2021.jpg","width":1920,"height":1080,"caption":"Quebakan.com"},"image":{"@id":"https:\/\/www.quebakan.com\/v15\/#\/schema\/logo\/image\/"},"sameAs":["http:\/\/www.facebook.com\/quebakan","https:\/\/x.com\/quebakanec","http:\/\/www.instagram.com\/quebakan","http:\/\/www.youtube.com\/quebakan1"]},{"@type":"Person","@id":"https:\/\/www.quebakan.com\/v15\/#\/schema\/person\/d90fa9f9cfa81eb8ace9811e5b7b9118","name":"Erick Villafuerte","image":{"@type":"ImageObject","inLanguage":"es","@id":"https:\/\/www.quebakan.com\/v15\/wp-content\/uploads\/avatars\/4\/1731297654-bpfull.png","url":"https:\/\/www.quebakan.com\/v15\/wp-content\/uploads\/avatars\/4\/1731297654-bpfull.png","contentUrl":"https:\/\/www.quebakan.com\/v15\/wp-content\/uploads\/avatars\/4\/1731297654-bpfull.png","caption":"Erick Villafuerte"}}]}},"_links":{"self":[{"href":"https:\/\/www.quebakan.com\/v15\/wp-json\/wp\/v2\/posts\/136473","targetHints":{"allow":["GET"]}}],"collection":[{"href":"https:\/\/www.quebakan.com\/v15\/wp-json\/wp\/v2\/posts"}],"about":[{"href":"https:\/\/www.quebakan.com\/v15\/wp-json\/wp\/v2\/types\/post"}],"author":[{"embeddable":true,"href":"https:\/\/www.quebakan.com\/v15\/wp-json\/wp\/v2\/users\/4"}],"replies":[{"embeddable":true,"href":"https:\/\/www.quebakan.com\/v15\/wp-json\/wp\/v2\/comments?post=136473"}],"version-history":[{"count":1,"href":"https:\/\/www.quebakan.com\/v15\/wp-json\/wp\/v2\/posts\/136473\/revisions"}],"predecessor-version":[{"id":136480,"href":"https:\/\/www.quebakan.com\/v15\/wp-json\/wp\/v2\/posts\/136473\/revisions\/136480"}],"wp:featuredmedia":[{"embeddable":true,"href":"https:\/\/www.quebakan.com\/v15\/wp-json\/wp\/v2\/media\/136474"}],"wp:attachment":[{"href":"https:\/\/www.quebakan.com\/v15\/wp-json\/wp\/v2\/media?parent=136473"}],"wp:term":[{"taxonomy":"category","embeddable":true,"href":"https:\/\/www.quebakan.com\/v15\/wp-json\/wp\/v2\/categories?post=136473"},{"taxonomy":"post_tag","embeddable":true,"href":"https:\/\/www.quebakan.com\/v15\/wp-json\/wp\/v2\/tags?post=136473"}],"curies":[{"name":"wp","href":"https:\/\/api.w.org\/{rel}","templated":true}]}}