{"id":136487,"date":"2025-10-20T16:22:42","date_gmt":"2025-10-20T21:22:42","guid":{"rendered":"https:\/\/www.quebakan.com\/v15\/?p=136487"},"modified":"2025-10-20T16:22:42","modified_gmt":"2025-10-20T21:22:42","slug":"pelikano-presenta-tiempo-de-sentir-la-nueva-coleccion-2026-que-redefine-la-elegancia-y-la-experiencia-tactil","status":"publish","type":"post","link":"https:\/\/www.quebakan.com\/v15\/pelikano-presenta-tiempo-de-sentir-la-nueva-coleccion-2026-que-redefine-la-elegancia-y-la-experiencia-tactil\/","title":{"rendered":"Pel\u00edkano presenta \u201cTiempo de Sentir\u201d: la nueva colecci\u00f3n 2026 que redefine la elegancia y la experiencia t\u00e1ctil"},"content":{"rendered":"<p><img fetchpriority=\"high\" decoding=\"async\" class=\"aligncenter size-full wp-image-136488\" src=\"https:\/\/www.quebakan.com\/v15\/wp-content\/uploads\/2025\/10\/251020_Pelikano_NuevaColeccion.jpg\" alt=\"\" width=\"700\" height=\"466\" \/><\/p>\n<p style=\"text-align: justify;\"><span style=\"color: #000000;\"><strong><em>Pie de foto, de izquierda a derecha: <\/em><\/strong><em>David Guerrero, Director de Blacko Studio, C\u00e9sar Jos\u00e9 \u00c1lvarez, Vicepresidente de Novopan, Pamela Delgado, Jefa de Marca de Novopan, Ignacio Bustamante, Presidente de Novopan, Gizella Greene, Gerente de Marketing de Novopan, Bel\u00e9n Echeverr\u00eda, Experta de Especificaci\u00f3n Zona Litoral de Novopan y Estefan\u00eda Gonz\u00e1lez, Jefa de Especificaci\u00f3n de Novopan.<\/em><\/span><\/p>\n<ul style=\"text-align: justify;\">\n<li><span style=\"color: #000000;\"><em>Pel\u00edkano presenta su colecci\u00f3n 2026 \u201cTiempo de Sentir\u201d, con texturas innovadoras y colores que marcan la tendencia desarrollada con inteligencia artificial que redefine el dise\u00f1o de superficies decorativas.<\/em><\/span><\/li>\n<li><span style=\"color: #000000;\"><em>\u201cTiempo de Sentir\u201d ya se encuentra disponible en todos los Novocentros y Centros de Experiencia del pa\u00eds, as\u00ed como en los mercados internacionales donde Pel\u00edkano tiene presencia.<\/em><\/span><\/li>\n<\/ul>\n<p style=\"text-align: justify;\"><span style=\"color: #000000;\"><strong>Quito, octubre de 2025.-<\/strong> Con un lenguaje visual y t\u00e1ctil que apela a la emoci\u00f3n, <strong>Pel\u00edkano, la marca insignia de tableros decorativos de Novopan<\/strong>, realiz\u00f3 en <strong>Guayaquil<\/strong> el <strong>lanzamiento oficial de su colecci\u00f3n 2026, bajo el nombre \u201cTiempo de Sentir\u201d<\/strong> en el marco de<strong> Casas Project<\/strong>.\u00a0 El evento reuni\u00f3 a arquitectos, dise\u00f1adores y aliados estrat\u00e9gicos del sector, quienes pudieron conocer de primera mano las nuevas texturas y tendencias que marcar\u00e1n la pauta del dise\u00f1o interior en el pr\u00f3ximo a\u00f1o.<\/span><\/p>\n<p style=\"text-align: justify;\"><span style=\"color: #000000;\">Entre las novedades m\u00e1s destacadas se incluyen dos nuevas texturas: una evoluci\u00f3n del Synchro \u2014con mayor realismo en vetas y profundidad\u2014 y una textura met\u00e1lica in\u00e9dita, cuyo acabado cepillado genera una sensaci\u00f3n visual y t\u00e1ctil similar al metal real.<\/span><\/p>\n<p style=\"text-align: justify;\"><span style=\"color: #000000;\">Uno de los grandes diferenciales de esta colecci\u00f3n es el color denominado \u201cGal\u00e1pagos\u201d, desarrollado con herramientas de inteligencia artificial e inspirado en la arena volc\u00e1nica del archipi\u00e9lago ecuatoriano. Su tonalidad sobria y su textura visual evocan la fuerza natural del entorno, logrando un dise\u00f1o elegante, profundo y vers\u00e1til.<\/span><\/p>\n<p style=\"text-align: justify;\"><span style=\"color: #000000;\"><em>\u201cTiempo de Sentir es m\u00e1s que una colecci\u00f3n; es una declaraci\u00f3n de lo que significa el dise\u00f1o emocional y duradero. Pensamos en cada color, textura y detalle para que quienes trabajan con Pel\u00edkano vivan una experiencia diferente, tanto visual como t\u00e1ctil\u201d<\/em>, se\u00f1al\u00f3 Pamela Delgado, jefe de marca Novopan.<\/span><\/p>\n<p style=\"text-align: justify;\"><span style=\"color: #000000;\">Con esta nueva propuesta, Pel\u00edkano reafirma su posici\u00f3n como referente en dise\u00f1o de superficies decorativas, marcando el rumbo de la industria en la regi\u00f3n. \u201cTiempo de Sentir\u201d no s\u00f3lo transforma los espacios, sino tambi\u00e9n la forma en que nos relacionamos con ellos. Este mi\u00e9rcoles 22 de octubre, la presentaci\u00f3n se replicar\u00e1 en Quito, en un encuentro que promete sorprender a los profesionales del dise\u00f1o y la arquitectura de la capital.<\/span><\/p>\n<p><img decoding=\"async\" class=\"aligncenter size-full wp-image-136489\" src=\"https:\/\/www.quebakan.com\/v15\/wp-content\/uploads\/2025\/10\/251020_Foto_Nuevacoleccion2.jpg\" alt=\"\" width=\"700\" height=\"466\" \/><\/p>\n","protected":false},"excerpt":{"rendered":"<p>Pie de foto, de izquierda a derecha: David Guerrero, Director de Blacko Studio, C\u00e9sar Jos\u00e9 \u00c1lvarez, Vicepresidente de Novopan, Pamela Delgado, Jefa de Marca de Novopan, Ignacio Bustamante, Presidente de Novopan, Gizella Greene, Gerente de Marketing de Novopan, Bel\u00e9n Echeverr\u00eda, Experta de Especificaci\u00f3n Zona Litoral de Novopan y Estefan\u00eda Gonz\u00e1lez, Jefa de Especificaci\u00f3n de Novopan. [&hellip;]<\/p>\n","protected":false},"author":4,"featured_media":136488,"comment_status":"closed","ping_status":"closed","sticky":false,"template":"","format":"standard","meta":{"_bbp_topic_count":0,"_bbp_reply_count":0,"_bbp_total_topic_count":0,"_bbp_total_reply_count":0,"_bbp_voice_count":0,"_bbp_anonymous_reply_count":0,"_bbp_topic_count_hidden":0,"_bbp_reply_count_hidden":0,"_bbp_forum_subforum_count":0,"buzzeditor_post_format":"","footnotes":""},"categories":[2],"tags":[],"class_list":["post-136487","post","type-post","status-publish","format-standard","has-post-thumbnail","hentry","category-noticias"],"yoast_head":"<!-- This site is optimized with the Yoast SEO plugin v27.5 - https:\/\/yoast.com\/product\/yoast-seo-wordpress\/ -->\n<title>Pel\u00edkano presenta \u201cTiempo de Sentir\u201d: la nueva colecci\u00f3n 2026 que redefine la elegancia y la experiencia t\u00e1ctil &#8211; QUEBAKAN.COM 2026: Noticias, Eventos, Conciertos y mucho m\u00e1s....<\/title>\n<meta name=\"robots\" content=\"index, follow, max-snippet:-1, max-image-preview:large, max-video-preview:-1\" \/>\n<link rel=\"canonical\" href=\"https:\/\/www.quebakan.com\/v15\/pelikano-presenta-tiempo-de-sentir-la-nueva-coleccion-2026-que-redefine-la-elegancia-y-la-experiencia-tactil\/\" \/>\n<meta property=\"og:locale\" content=\"es_ES\" \/>\n<meta property=\"og:type\" content=\"article\" \/>\n<meta property=\"og:title\" content=\"Pel\u00edkano presenta \u201cTiempo de Sentir\u201d: la nueva colecci\u00f3n 2026 que redefine la elegancia y la experiencia t\u00e1ctil &#8211; QUEBAKAN.COM 2026: Noticias, Eventos, Conciertos y mucho m\u00e1s....\" \/>\n<meta property=\"og:description\" content=\"Pie de foto, de izquierda a derecha: David Guerrero, Director de Blacko Studio, C\u00e9sar Jos\u00e9 \u00c1lvarez, Vicepresidente de Novopan, Pamela Delgado, Jefa de Marca de Novopan, Ignacio Bustamante, Presidente de Novopan, Gizella Greene, Gerente de Marketing de Novopan, Bel\u00e9n Echeverr\u00eda, Experta de Especificaci\u00f3n Zona Litoral de Novopan y Estefan\u00eda Gonz\u00e1lez, Jefa de Especificaci\u00f3n de Novopan. [&hellip;]\" \/>\n<meta property=\"og:url\" content=\"https:\/\/www.quebakan.com\/v15\/pelikano-presenta-tiempo-de-sentir-la-nueva-coleccion-2026-que-redefine-la-elegancia-y-la-experiencia-tactil\/\" \/>\n<meta property=\"og:site_name\" content=\"QUEBAKAN.COM 2026: Noticias, Eventos, Conciertos y mucho m\u00e1s....\" \/>\n<meta property=\"article:publisher\" content=\"http:\/\/www.facebook.com\/quebakan\" \/>\n<meta property=\"article:published_time\" content=\"2025-10-20T21:22:42+00:00\" \/>\n<meta property=\"og:image\" content=\"https:\/\/www.quebakan.com\/v15\/wp-content\/uploads\/2025\/10\/251020_Pelikano_NuevaColeccion.jpg\" \/>\n\t<meta property=\"og:image:width\" content=\"700\" \/>\n\t<meta property=\"og:image:height\" content=\"466\" \/>\n\t<meta property=\"og:image:type\" content=\"image\/jpeg\" \/>\n<meta name=\"author\" content=\"Erick Villafuerte\" \/>\n<meta name=\"twitter:card\" content=\"summary_large_image\" \/>\n<meta name=\"twitter:creator\" content=\"@quebakanec\" \/>\n<meta name=\"twitter:site\" content=\"@quebakanec\" \/>\n<meta name=\"twitter:label1\" content=\"Escrito por\" \/>\n\t<meta name=\"twitter:data1\" content=\"Erick Villafuerte\" \/>\n\t<meta name=\"twitter:label2\" content=\"Tiempo de lectura\" \/>\n\t<meta name=\"twitter:data2\" content=\"3 minutos\" \/>\n<script type=\"application\/ld+json\" class=\"yoast-schema-graph\">{\"@context\":\"https:\\\/\\\/schema.org\",\"@graph\":[{\"@type\":\"Article\",\"@id\":\"https:\\\/\\\/www.quebakan.com\\\/v15\\\/pelikano-presenta-tiempo-de-sentir-la-nueva-coleccion-2026-que-redefine-la-elegancia-y-la-experiencia-tactil\\\/#article\",\"isPartOf\":{\"@id\":\"https:\\\/\\\/www.quebakan.com\\\/v15\\\/pelikano-presenta-tiempo-de-sentir-la-nueva-coleccion-2026-que-redefine-la-elegancia-y-la-experiencia-tactil\\\/\"},\"author\":{\"name\":\"Erick Villafuerte\",\"@id\":\"https:\\\/\\\/www.quebakan.com\\\/v15\\\/#\\\/schema\\\/person\\\/d90fa9f9cfa81eb8ace9811e5b7b9118\"},\"headline\":\"Pel\u00edkano presenta \u201cTiempo de Sentir\u201d: la nueva colecci\u00f3n 2026 que redefine la elegancia y la experiencia t\u00e1ctil\",\"datePublished\":\"2025-10-20T21:22:42+00:00\",\"mainEntityOfPage\":{\"@id\":\"https:\\\/\\\/www.quebakan.com\\\/v15\\\/pelikano-presenta-tiempo-de-sentir-la-nueva-coleccion-2026-que-redefine-la-elegancia-y-la-experiencia-tactil\\\/\"},\"wordCount\":460,\"publisher\":{\"@id\":\"https:\\\/\\\/www.quebakan.com\\\/v15\\\/#organization\"},\"image\":{\"@id\":\"https:\\\/\\\/www.quebakan.com\\\/v15\\\/pelikano-presenta-tiempo-de-sentir-la-nueva-coleccion-2026-que-redefine-la-elegancia-y-la-experiencia-tactil\\\/#primaryimage\"},\"thumbnailUrl\":\"https:\\\/\\\/www.quebakan.com\\\/v15\\\/wp-content\\\/uploads\\\/2025\\\/10\\\/251020_Pelikano_NuevaColeccion.jpg\",\"articleSection\":[\"Noticias\"],\"inLanguage\":\"es\"},{\"@type\":\"WebPage\",\"@id\":\"https:\\\/\\\/www.quebakan.com\\\/v15\\\/pelikano-presenta-tiempo-de-sentir-la-nueva-coleccion-2026-que-redefine-la-elegancia-y-la-experiencia-tactil\\\/\",\"url\":\"https:\\\/\\\/www.quebakan.com\\\/v15\\\/pelikano-presenta-tiempo-de-sentir-la-nueva-coleccion-2026-que-redefine-la-elegancia-y-la-experiencia-tactil\\\/\",\"name\":\"Pel\u00edkano presenta \u201cTiempo de Sentir\u201d: la nueva colecci\u00f3n 2026 que redefine la elegancia y la experiencia t\u00e1ctil &#8211; QUEBAKAN.COM 2026: Noticias, Eventos, Conciertos y mucho m\u00e1s....\",\"isPartOf\":{\"@id\":\"https:\\\/\\\/www.quebakan.com\\\/v15\\\/#website\"},\"primaryImageOfPage\":{\"@id\":\"https:\\\/\\\/www.quebakan.com\\\/v15\\\/pelikano-presenta-tiempo-de-sentir-la-nueva-coleccion-2026-que-redefine-la-elegancia-y-la-experiencia-tactil\\\/#primaryimage\"},\"image\":{\"@id\":\"https:\\\/\\\/www.quebakan.com\\\/v15\\\/pelikano-presenta-tiempo-de-sentir-la-nueva-coleccion-2026-que-redefine-la-elegancia-y-la-experiencia-tactil\\\/#primaryimage\"},\"thumbnailUrl\":\"https:\\\/\\\/www.quebakan.com\\\/v15\\\/wp-content\\\/uploads\\\/2025\\\/10\\\/251020_Pelikano_NuevaColeccion.jpg\",\"datePublished\":\"2025-10-20T21:22:42+00:00\",\"breadcrumb\":{\"@id\":\"https:\\\/\\\/www.quebakan.com\\\/v15\\\/pelikano-presenta-tiempo-de-sentir-la-nueva-coleccion-2026-que-redefine-la-elegancia-y-la-experiencia-tactil\\\/#breadcrumb\"},\"inLanguage\":\"es\",\"potentialAction\":[{\"@type\":\"ReadAction\",\"target\":[\"https:\\\/\\\/www.quebakan.com\\\/v15\\\/pelikano-presenta-tiempo-de-sentir-la-nueva-coleccion-2026-que-redefine-la-elegancia-y-la-experiencia-tactil\\\/\"]}]},{\"@type\":\"ImageObject\",\"inLanguage\":\"es\",\"@id\":\"https:\\\/\\\/www.quebakan.com\\\/v15\\\/pelikano-presenta-tiempo-de-sentir-la-nueva-coleccion-2026-que-redefine-la-elegancia-y-la-experiencia-tactil\\\/#primaryimage\",\"url\":\"https:\\\/\\\/www.quebakan.com\\\/v15\\\/wp-content\\\/uploads\\\/2025\\\/10\\\/251020_Pelikano_NuevaColeccion.jpg\",\"contentUrl\":\"https:\\\/\\\/www.quebakan.com\\\/v15\\\/wp-content\\\/uploads\\\/2025\\\/10\\\/251020_Pelikano_NuevaColeccion.jpg\",\"width\":700,\"height\":466},{\"@type\":\"BreadcrumbList\",\"@id\":\"https:\\\/\\\/www.quebakan.com\\\/v15\\\/pelikano-presenta-tiempo-de-sentir-la-nueva-coleccion-2026-que-redefine-la-elegancia-y-la-experiencia-tactil\\\/#breadcrumb\",\"itemListElement\":[{\"@type\":\"ListItem\",\"position\":1,\"name\":\"Portada\",\"item\":\"https:\\\/\\\/www.quebakan.com\\\/v15\\\/\"},{\"@type\":\"ListItem\",\"position\":2,\"name\":\"Pel\u00edkano presenta \u201cTiempo de Sentir\u201d: la nueva colecci\u00f3n 2026 que redefine la elegancia y la experiencia t\u00e1ctil\"}]},{\"@type\":\"WebSite\",\"@id\":\"https:\\\/\\\/www.quebakan.com\\\/v15\\\/#website\",\"url\":\"https:\\\/\\\/www.quebakan.com\\\/v15\\\/\",\"name\":\"QUEBAKAN\",\"description\":\"..\",\"publisher\":{\"@id\":\"https:\\\/\\\/www.quebakan.com\\\/v15\\\/#organization\"},\"potentialAction\":[{\"@type\":\"SearchAction\",\"target\":{\"@type\":\"EntryPoint\",\"urlTemplate\":\"https:\\\/\\\/www.quebakan.com\\\/v15\\\/?s={search_term_string}\"},\"query-input\":{\"@type\":\"PropertyValueSpecification\",\"valueRequired\":true,\"valueName\":\"search_term_string\"}}],\"inLanguage\":\"es\"},{\"@type\":\"Organization\",\"@id\":\"https:\\\/\\\/www.quebakan.com\\\/v15\\\/#organization\",\"name\":\"Quebakan.com\",\"url\":\"https:\\\/\\\/www.quebakan.com\\\/v15\\\/\",\"logo\":{\"@type\":\"ImageObject\",\"inLanguage\":\"es\",\"@id\":\"https:\\\/\\\/www.quebakan.com\\\/v15\\\/#\\\/schema\\\/logo\\\/image\\\/\",\"url\":\"https:\\\/\\\/www.quebakan.com\\\/v15\\\/wp-content\\\/uploads\\\/2023\\\/07\\\/logoquebakanenero2021.jpg\",\"contentUrl\":\"https:\\\/\\\/www.quebakan.com\\\/v15\\\/wp-content\\\/uploads\\\/2023\\\/07\\\/logoquebakanenero2021.jpg\",\"width\":1920,\"height\":1080,\"caption\":\"Quebakan.com\"},\"image\":{\"@id\":\"https:\\\/\\\/www.quebakan.com\\\/v15\\\/#\\\/schema\\\/logo\\\/image\\\/\"},\"sameAs\":[\"http:\\\/\\\/www.facebook.com\\\/quebakan\",\"https:\\\/\\\/x.com\\\/quebakanec\",\"http:\\\/\\\/www.instagram.com\\\/quebakan\",\"http:\\\/\\\/www.youtube.com\\\/quebakan1\"]},{\"@type\":\"Person\",\"@id\":\"https:\\\/\\\/www.quebakan.com\\\/v15\\\/#\\\/schema\\\/person\\\/d90fa9f9cfa81eb8ace9811e5b7b9118\",\"name\":\"Erick Villafuerte\",\"image\":{\"@type\":\"ImageObject\",\"inLanguage\":\"es\",\"@id\":\"https:\\\/\\\/www.quebakan.com\\\/v15\\\/wp-content\\\/uploads\\\/avatars\\\/4\\\/1731297654-bpfull.png\",\"url\":\"https:\\\/\\\/www.quebakan.com\\\/v15\\\/wp-content\\\/uploads\\\/avatars\\\/4\\\/1731297654-bpfull.png\",\"contentUrl\":\"https:\\\/\\\/www.quebakan.com\\\/v15\\\/wp-content\\\/uploads\\\/avatars\\\/4\\\/1731297654-bpfull.png\",\"caption\":\"Erick Villafuerte\"}}]}<\/script>\n<!-- \/ Yoast SEO plugin. -->","yoast_head_json":{"title":"Pel\u00edkano presenta \u201cTiempo de Sentir\u201d: la nueva colecci\u00f3n 2026 que redefine la elegancia y la experiencia t\u00e1ctil &#8211; QUEBAKAN.COM 2026: Noticias, Eventos, Conciertos y mucho m\u00e1s....","robots":{"index":"index","follow":"follow","max-snippet":"max-snippet:-1","max-image-preview":"max-image-preview:large","max-video-preview":"max-video-preview:-1"},"canonical":"https:\/\/www.quebakan.com\/v15\/pelikano-presenta-tiempo-de-sentir-la-nueva-coleccion-2026-que-redefine-la-elegancia-y-la-experiencia-tactil\/","og_locale":"es_ES","og_type":"article","og_title":"Pel\u00edkano presenta \u201cTiempo de Sentir\u201d: la nueva colecci\u00f3n 2026 que redefine la elegancia y la experiencia t\u00e1ctil &#8211; QUEBAKAN.COM 2026: Noticias, Eventos, Conciertos y mucho m\u00e1s....","og_description":"Pie de foto, de izquierda a derecha: David Guerrero, Director de Blacko Studio, C\u00e9sar Jos\u00e9 \u00c1lvarez, Vicepresidente de Novopan, Pamela Delgado, Jefa de Marca de Novopan, Ignacio Bustamante, Presidente de Novopan, Gizella Greene, Gerente de Marketing de Novopan, Bel\u00e9n Echeverr\u00eda, Experta de Especificaci\u00f3n Zona Litoral de Novopan y Estefan\u00eda Gonz\u00e1lez, Jefa de Especificaci\u00f3n de Novopan. [&hellip;]","og_url":"https:\/\/www.quebakan.com\/v15\/pelikano-presenta-tiempo-de-sentir-la-nueva-coleccion-2026-que-redefine-la-elegancia-y-la-experiencia-tactil\/","og_site_name":"QUEBAKAN.COM 2026: Noticias, Eventos, Conciertos y mucho m\u00e1s....","article_publisher":"http:\/\/www.facebook.com\/quebakan","article_published_time":"2025-10-20T21:22:42+00:00","og_image":[{"width":700,"height":466,"url":"https:\/\/www.quebakan.com\/v15\/wp-content\/uploads\/2025\/10\/251020_Pelikano_NuevaColeccion.jpg","type":"image\/jpeg"}],"author":"Erick Villafuerte","twitter_card":"summary_large_image","twitter_creator":"@quebakanec","twitter_site":"@quebakanec","twitter_misc":{"Escrito por":"Erick Villafuerte","Tiempo de lectura":"3 minutos"},"schema":{"@context":"https:\/\/schema.org","@graph":[{"@type":"Article","@id":"https:\/\/www.quebakan.com\/v15\/pelikano-presenta-tiempo-de-sentir-la-nueva-coleccion-2026-que-redefine-la-elegancia-y-la-experiencia-tactil\/#article","isPartOf":{"@id":"https:\/\/www.quebakan.com\/v15\/pelikano-presenta-tiempo-de-sentir-la-nueva-coleccion-2026-que-redefine-la-elegancia-y-la-experiencia-tactil\/"},"author":{"name":"Erick Villafuerte","@id":"https:\/\/www.quebakan.com\/v15\/#\/schema\/person\/d90fa9f9cfa81eb8ace9811e5b7b9118"},"headline":"Pel\u00edkano presenta \u201cTiempo de Sentir\u201d: la nueva colecci\u00f3n 2026 que redefine la elegancia y la experiencia t\u00e1ctil","datePublished":"2025-10-20T21:22:42+00:00","mainEntityOfPage":{"@id":"https:\/\/www.quebakan.com\/v15\/pelikano-presenta-tiempo-de-sentir-la-nueva-coleccion-2026-que-redefine-la-elegancia-y-la-experiencia-tactil\/"},"wordCount":460,"publisher":{"@id":"https:\/\/www.quebakan.com\/v15\/#organization"},"image":{"@id":"https:\/\/www.quebakan.com\/v15\/pelikano-presenta-tiempo-de-sentir-la-nueva-coleccion-2026-que-redefine-la-elegancia-y-la-experiencia-tactil\/#primaryimage"},"thumbnailUrl":"https:\/\/www.quebakan.com\/v15\/wp-content\/uploads\/2025\/10\/251020_Pelikano_NuevaColeccion.jpg","articleSection":["Noticias"],"inLanguage":"es"},{"@type":"WebPage","@id":"https:\/\/www.quebakan.com\/v15\/pelikano-presenta-tiempo-de-sentir-la-nueva-coleccion-2026-que-redefine-la-elegancia-y-la-experiencia-tactil\/","url":"https:\/\/www.quebakan.com\/v15\/pelikano-presenta-tiempo-de-sentir-la-nueva-coleccion-2026-que-redefine-la-elegancia-y-la-experiencia-tactil\/","name":"Pel\u00edkano presenta \u201cTiempo de Sentir\u201d: la nueva colecci\u00f3n 2026 que redefine la elegancia y la experiencia t\u00e1ctil &#8211; QUEBAKAN.COM 2026: Noticias, Eventos, Conciertos y mucho m\u00e1s....","isPartOf":{"@id":"https:\/\/www.quebakan.com\/v15\/#website"},"primaryImageOfPage":{"@id":"https:\/\/www.quebakan.com\/v15\/pelikano-presenta-tiempo-de-sentir-la-nueva-coleccion-2026-que-redefine-la-elegancia-y-la-experiencia-tactil\/#primaryimage"},"image":{"@id":"https:\/\/www.quebakan.com\/v15\/pelikano-presenta-tiempo-de-sentir-la-nueva-coleccion-2026-que-redefine-la-elegancia-y-la-experiencia-tactil\/#primaryimage"},"thumbnailUrl":"https:\/\/www.quebakan.com\/v15\/wp-content\/uploads\/2025\/10\/251020_Pelikano_NuevaColeccion.jpg","datePublished":"2025-10-20T21:22:42+00:00","breadcrumb":{"@id":"https:\/\/www.quebakan.com\/v15\/pelikano-presenta-tiempo-de-sentir-la-nueva-coleccion-2026-que-redefine-la-elegancia-y-la-experiencia-tactil\/#breadcrumb"},"inLanguage":"es","potentialAction":[{"@type":"ReadAction","target":["https:\/\/www.quebakan.com\/v15\/pelikano-presenta-tiempo-de-sentir-la-nueva-coleccion-2026-que-redefine-la-elegancia-y-la-experiencia-tactil\/"]}]},{"@type":"ImageObject","inLanguage":"es","@id":"https:\/\/www.quebakan.com\/v15\/pelikano-presenta-tiempo-de-sentir-la-nueva-coleccion-2026-que-redefine-la-elegancia-y-la-experiencia-tactil\/#primaryimage","url":"https:\/\/www.quebakan.com\/v15\/wp-content\/uploads\/2025\/10\/251020_Pelikano_NuevaColeccion.jpg","contentUrl":"https:\/\/www.quebakan.com\/v15\/wp-content\/uploads\/2025\/10\/251020_Pelikano_NuevaColeccion.jpg","width":700,"height":466},{"@type":"BreadcrumbList","@id":"https:\/\/www.quebakan.com\/v15\/pelikano-presenta-tiempo-de-sentir-la-nueva-coleccion-2026-que-redefine-la-elegancia-y-la-experiencia-tactil\/#breadcrumb","itemListElement":[{"@type":"ListItem","position":1,"name":"Portada","item":"https:\/\/www.quebakan.com\/v15\/"},{"@type":"ListItem","position":2,"name":"Pel\u00edkano presenta \u201cTiempo de Sentir\u201d: la nueva colecci\u00f3n 2026 que redefine la elegancia y la experiencia t\u00e1ctil"}]},{"@type":"WebSite","@id":"https:\/\/www.quebakan.com\/v15\/#website","url":"https:\/\/www.quebakan.com\/v15\/","name":"QUEBAKAN","description":"..","publisher":{"@id":"https:\/\/www.quebakan.com\/v15\/#organization"},"potentialAction":[{"@type":"SearchAction","target":{"@type":"EntryPoint","urlTemplate":"https:\/\/www.quebakan.com\/v15\/?s={search_term_string}"},"query-input":{"@type":"PropertyValueSpecification","valueRequired":true,"valueName":"search_term_string"}}],"inLanguage":"es"},{"@type":"Organization","@id":"https:\/\/www.quebakan.com\/v15\/#organization","name":"Quebakan.com","url":"https:\/\/www.quebakan.com\/v15\/","logo":{"@type":"ImageObject","inLanguage":"es","@id":"https:\/\/www.quebakan.com\/v15\/#\/schema\/logo\/image\/","url":"https:\/\/www.quebakan.com\/v15\/wp-content\/uploads\/2023\/07\/logoquebakanenero2021.jpg","contentUrl":"https:\/\/www.quebakan.com\/v15\/wp-content\/uploads\/2023\/07\/logoquebakanenero2021.jpg","width":1920,"height":1080,"caption":"Quebakan.com"},"image":{"@id":"https:\/\/www.quebakan.com\/v15\/#\/schema\/logo\/image\/"},"sameAs":["http:\/\/www.facebook.com\/quebakan","https:\/\/x.com\/quebakanec","http:\/\/www.instagram.com\/quebakan","http:\/\/www.youtube.com\/quebakan1"]},{"@type":"Person","@id":"https:\/\/www.quebakan.com\/v15\/#\/schema\/person\/d90fa9f9cfa81eb8ace9811e5b7b9118","name":"Erick Villafuerte","image":{"@type":"ImageObject","inLanguage":"es","@id":"https:\/\/www.quebakan.com\/v15\/wp-content\/uploads\/avatars\/4\/1731297654-bpfull.png","url":"https:\/\/www.quebakan.com\/v15\/wp-content\/uploads\/avatars\/4\/1731297654-bpfull.png","contentUrl":"https:\/\/www.quebakan.com\/v15\/wp-content\/uploads\/avatars\/4\/1731297654-bpfull.png","caption":"Erick Villafuerte"}}]}},"_links":{"self":[{"href":"https:\/\/www.quebakan.com\/v15\/wp-json\/wp\/v2\/posts\/136487","targetHints":{"allow":["GET"]}}],"collection":[{"href":"https:\/\/www.quebakan.com\/v15\/wp-json\/wp\/v2\/posts"}],"about":[{"href":"https:\/\/www.quebakan.com\/v15\/wp-json\/wp\/v2\/types\/post"}],"author":[{"embeddable":true,"href":"https:\/\/www.quebakan.com\/v15\/wp-json\/wp\/v2\/users\/4"}],"replies":[{"embeddable":true,"href":"https:\/\/www.quebakan.com\/v15\/wp-json\/wp\/v2\/comments?post=136487"}],"version-history":[{"count":1,"href":"https:\/\/www.quebakan.com\/v15\/wp-json\/wp\/v2\/posts\/136487\/revisions"}],"predecessor-version":[{"id":136490,"href":"https:\/\/www.quebakan.com\/v15\/wp-json\/wp\/v2\/posts\/136487\/revisions\/136490"}],"wp:featuredmedia":[{"embeddable":true,"href":"https:\/\/www.quebakan.com\/v15\/wp-json\/wp\/v2\/media\/136488"}],"wp:attachment":[{"href":"https:\/\/www.quebakan.com\/v15\/wp-json\/wp\/v2\/media?parent=136487"}],"wp:term":[{"taxonomy":"category","embeddable":true,"href":"https:\/\/www.quebakan.com\/v15\/wp-json\/wp\/v2\/categories?post=136487"},{"taxonomy":"post_tag","embeddable":true,"href":"https:\/\/www.quebakan.com\/v15\/wp-json\/wp\/v2\/tags?post=136487"}],"curies":[{"name":"wp","href":"https:\/\/api.w.org\/{rel}","templated":true}]}}