{"id":136499,"date":"2025-10-20T16:33:55","date_gmt":"2025-10-20T21:33:55","guid":{"rendered":"https:\/\/www.quebakan.com\/v15\/?p=136499"},"modified":"2025-10-20T16:33:55","modified_gmt":"2025-10-20T21:33:55","slug":"sushi-sazo-celebra-a-guayaquil-con-la-apertura-de-su-cuarto-restaurante-en-puerto-santa-ana-y-apuesta-por-el-turismo-de-la-ciudad","status":"publish","type":"post","link":"https:\/\/www.quebakan.com\/v15\/sushi-sazo-celebra-a-guayaquil-con-la-apertura-de-su-cuarto-restaurante-en-puerto-santa-ana-y-apuesta-por-el-turismo-de-la-ciudad\/","title":{"rendered":"Sushi Sazo celebra a Guayaquil con la apertura de su cuarto restaurante en Puerto Santa Ana y apuesta por el turismo de la ciudad"},"content":{"rendered":"<p><img fetchpriority=\"high\" decoding=\"async\" class=\"aligncenter size-full wp-image-136500\" src=\"https:\/\/www.quebakan.com\/v15\/wp-content\/uploads\/2025\/10\/SUSHISAZO-RAMEN.jpg\" alt=\"\" width=\"467\" height=\"700\" \/><\/p>\n<p style=\"text-align: justify;\"><span style=\"color: #000000;\"><strong>Guayaquil, Octubre de 2025. \u2014<\/strong> Sushi Sazo, la marca ecuatoriana que ha transformado la forma de disfrutar el sushi, inaugura su cuarto restaurante en Puerto Santa Ana, uno de los puntos tur\u00edsticos y gastron\u00f3micos m\u00e1s emblem\u00e1ticos de la ciudad. Con esta apertura, la marca consolida su expansi\u00f3n local y reafirma su compromiso con el desarrollo econ\u00f3mico y tur\u00edstico de Guayaquil.<\/span><\/p>\n<p style=\"text-align: justify;\"><span style=\"color: #000000;\">Ubicado en un entorno rodeado de historia, arte y vida nocturna, el nuevo local de Sushi Sazo promete convertirse en un espacio imperdible para quienes buscan experiencias culinarias \u00fanicas con vista al r\u00edo y una propuesta fresca, moderna y aut\u00e9ntica.<\/span><\/p>\n<p style=\"text-align: justify;\"><span style=\"color: #000000;\">Este nuevo punto se suma a sus ya consolidados locales en Guayaquil, Samborond\u00f3n y La Aurora, adem\u00e1s de su call center para delivery, sumando as\u00ed cinco puntos al servicio de quienes aman la marca.<\/span><\/p>\n<p style=\"text-align: justify;\"><span style=\"color: #000000;\">\u201cApostar por Puerto Santa Ana es rendirle homenaje a la ciudad que nos vio nacer. Queremos que los guayaquile\u00f1os y turistas vivan una experiencia distinta, donde la buena comida se combine con el ambiente vibrante de este lugar ic\u00f3nico\u201d, comenta Lcdo. David Torres Vinueza, fundador y CEO de la marca.<\/span><\/p>\n<p style=\"text-align: justify;\"><span style=\"color: #000000;\"><strong><u>Una marca que naci\u00f3 para democratizar el sushi<\/u><\/strong><\/span><\/p>\n<p style=\"text-align: justify;\"><span style=\"color: #000000;\">Fundado en 2019 como una dark kitchen, Sushi Sazo naci\u00f3 con una visi\u00f3n clara: romper los mitos alrededor del sushi y hacerlo accesible para todos, sin perder su esencia japonesa.<\/span><\/p>\n<p style=\"text-align: justify;\"><span style=\"color: #000000;\">Con seis a\u00f1os en el mercado, la marca se ha consolidado como un referente nacional y fue reconocida como Mejor Comida Asi\u00e1tica del Ecuador en los Uber Eats Awards 2023.<\/span><\/p>\n<p style=\"text-align: justify;\"><span style=\"color: #000000;\">\u201cEl sushi no tiene por qu\u00e9 ser un lujo. En Sushi Sazo queremos que m\u00e1s personas lo disfruten con frecuencia, sin miedo y sin prejuicios, manteniendo siempre la calidad y autenticidad que nos caracteriza\u201d, afirma Torres.<\/span><\/p>\n<p style=\"text-align: justify;\"><span style=\"color: #000000;\"><strong>Innovaci\u00f3n, identidad y sabor local<\/strong><\/span><\/p>\n<p style=\"text-align: justify;\"><span style=\"color: #000000;\">Sushi Sazo ha sabido fusionar los sabores y t\u00e9cnicas japonesas con los gustos y productos ecuatorianos, creando una propuesta gastron\u00f3mica con identidad propia.<\/span><\/p>\n<p style=\"text-align: justify;\"><span style=\"color: #000000;\">Su men\u00fa combina creatividad, ingredientes frescos y una atenci\u00f3n cercana que ha conquistado a miles de clientes, convirtiendo a la marca en un s\u00edmbolo de innovaci\u00f3n dentro del sector gastron\u00f3mico ecuatoriano.<\/span><\/p>\n<p style=\"text-align: justify;\"><span style=\"color: #000000;\"><strong>Puerto Santa Ana: un nuevo cap\u00edtulo en la historia de Sushi Sazo<\/strong><\/span><\/p>\n<p style=\"text-align: justify;\"><span style=\"color: #000000;\">Puerto Santa Ana, con su vibrante vida comercial y cultural, se ha consolidado como un punto de encuentro para visitantes y residentes. Apostar por esta ubicaci\u00f3n representa no solo una oportunidad para expandir la experiencia gastron\u00f3mica de Sushi Sazo, sino tambi\u00e9n para fortalecer la oferta tur\u00edstica de Guayaquil, promoviendo la ciudad como un destino culinario de primer nivel.<\/span><\/p>\n<p style=\"text-align: justify;\"><span style=\"color: #000000;\">\u201cNuestro crecimiento ha sido org\u00e1nico y fiel a nuestra esencia. M\u00e1s all\u00e1 de vender comida, queremos ofrecer una experiencia con car\u00e1cter, donde cada cliente se sienta parte de nuestra historia\u201d, concluye Torres.<\/span><\/p>\n<p><img decoding=\"async\" class=\"aligncenter size-full wp-image-136501\" src=\"https:\/\/www.quebakan.com\/v15\/wp-content\/uploads\/2025\/10\/SUSHISAZO-CEVICHADO.jpg\" alt=\"\" width=\"467\" height=\"700\" \/><\/p>\n<p>&nbsp;<\/p>\n<p><img decoding=\"async\" class=\"aligncenter size-full wp-image-136502\" src=\"https:\/\/www.quebakan.com\/v15\/wp-content\/uploads\/2025\/10\/SUSHISAZO-NIIGATA.jpg\" alt=\"\" width=\"467\" height=\"700\" \/><\/p>\n<p>&nbsp;<\/p>\n<p><img loading=\"lazy\" decoding=\"async\" class=\"aligncenter size-full wp-image-136503\" src=\"https:\/\/www.quebakan.com\/v15\/wp-content\/uploads\/2025\/10\/SUSHISAZO-TOKIO.jpg\" alt=\"\" width=\"467\" height=\"700\" \/><\/p>\n","protected":false},"excerpt":{"rendered":"<p>Guayaquil, Octubre de 2025. \u2014 Sushi Sazo, la marca ecuatoriana que ha transformado la forma de disfrutar el sushi, inaugura su cuarto restaurante en Puerto Santa Ana, uno de los puntos tur\u00edsticos y gastron\u00f3micos m\u00e1s emblem\u00e1ticos de la ciudad. Con esta apertura, la marca consolida su expansi\u00f3n local y reafirma su compromiso con el desarrollo [&hellip;]<\/p>\n","protected":false},"author":4,"featured_media":136501,"comment_status":"closed","ping_status":"closed","sticky":false,"template":"","format":"standard","meta":{"_bbp_topic_count":0,"_bbp_reply_count":0,"_bbp_total_topic_count":0,"_bbp_total_reply_count":0,"_bbp_voice_count":0,"_bbp_anonymous_reply_count":0,"_bbp_topic_count_hidden":0,"_bbp_reply_count_hidden":0,"_bbp_forum_subforum_count":0,"buzzeditor_post_format":"","footnotes":""},"categories":[2],"tags":[],"class_list":["post-136499","post","type-post","status-publish","format-standard","has-post-thumbnail","hentry","category-noticias"],"yoast_head":"<!-- This site is optimized with the Yoast SEO plugin v27.5 - https:\/\/yoast.com\/product\/yoast-seo-wordpress\/ -->\n<title>Sushi Sazo celebra a Guayaquil con la apertura de su cuarto restaurante en Puerto Santa Ana y apuesta por el turismo de la ciudad &#8211; QUEBAKAN.COM 2026: Noticias, Eventos, Conciertos y mucho m\u00e1s....<\/title>\n<meta name=\"robots\" content=\"index, follow, max-snippet:-1, max-image-preview:large, max-video-preview:-1\" \/>\n<link rel=\"canonical\" href=\"https:\/\/www.quebakan.com\/v15\/sushi-sazo-celebra-a-guayaquil-con-la-apertura-de-su-cuarto-restaurante-en-puerto-santa-ana-y-apuesta-por-el-turismo-de-la-ciudad\/\" \/>\n<meta property=\"og:locale\" content=\"es_ES\" \/>\n<meta property=\"og:type\" content=\"article\" \/>\n<meta property=\"og:title\" content=\"Sushi Sazo celebra a Guayaquil con la apertura de su cuarto restaurante en Puerto Santa Ana y apuesta por el turismo de la ciudad &#8211; QUEBAKAN.COM 2026: Noticias, Eventos, Conciertos y mucho m\u00e1s....\" \/>\n<meta property=\"og:description\" content=\"Guayaquil, Octubre de 2025. \u2014 Sushi Sazo, la marca ecuatoriana que ha transformado la forma de disfrutar el sushi, inaugura su cuarto restaurante en Puerto Santa Ana, uno de los puntos tur\u00edsticos y gastron\u00f3micos m\u00e1s emblem\u00e1ticos de la ciudad. Con esta apertura, la marca consolida su expansi\u00f3n local y reafirma su compromiso con el desarrollo [&hellip;]\" \/>\n<meta property=\"og:url\" content=\"https:\/\/www.quebakan.com\/v15\/sushi-sazo-celebra-a-guayaquil-con-la-apertura-de-su-cuarto-restaurante-en-puerto-santa-ana-y-apuesta-por-el-turismo-de-la-ciudad\/\" \/>\n<meta property=\"og:site_name\" content=\"QUEBAKAN.COM 2026: Noticias, Eventos, Conciertos y mucho m\u00e1s....\" \/>\n<meta property=\"article:publisher\" content=\"http:\/\/www.facebook.com\/quebakan\" \/>\n<meta property=\"article:published_time\" content=\"2025-10-20T21:33:55+00:00\" \/>\n<meta property=\"og:image\" content=\"https:\/\/www.quebakan.com\/v15\/wp-content\/uploads\/2025\/10\/SUSHISAZO-CEVICHADO.jpg\" \/>\n\t<meta property=\"og:image:width\" content=\"467\" \/>\n\t<meta property=\"og:image:height\" content=\"700\" \/>\n\t<meta property=\"og:image:type\" content=\"image\/jpeg\" \/>\n<meta name=\"author\" content=\"Erick Villafuerte\" \/>\n<meta name=\"twitter:card\" content=\"summary_large_image\" \/>\n<meta name=\"twitter:creator\" content=\"@quebakanec\" \/>\n<meta name=\"twitter:site\" content=\"@quebakanec\" \/>\n<meta name=\"twitter:label1\" content=\"Escrito por\" \/>\n\t<meta name=\"twitter:data1\" content=\"Erick Villafuerte\" \/>\n\t<meta name=\"twitter:label2\" content=\"Tiempo de lectura\" \/>\n\t<meta name=\"twitter:data2\" content=\"4 minutos\" \/>\n<script type=\"application\/ld+json\" class=\"yoast-schema-graph\">{\"@context\":\"https:\\\/\\\/schema.org\",\"@graph\":[{\"@type\":\"Article\",\"@id\":\"https:\\\/\\\/www.quebakan.com\\\/v15\\\/sushi-sazo-celebra-a-guayaquil-con-la-apertura-de-su-cuarto-restaurante-en-puerto-santa-ana-y-apuesta-por-el-turismo-de-la-ciudad\\\/#article\",\"isPartOf\":{\"@id\":\"https:\\\/\\\/www.quebakan.com\\\/v15\\\/sushi-sazo-celebra-a-guayaquil-con-la-apertura-de-su-cuarto-restaurante-en-puerto-santa-ana-y-apuesta-por-el-turismo-de-la-ciudad\\\/\"},\"author\":{\"name\":\"Erick Villafuerte\",\"@id\":\"https:\\\/\\\/www.quebakan.com\\\/v15\\\/#\\\/schema\\\/person\\\/d90fa9f9cfa81eb8ace9811e5b7b9118\"},\"headline\":\"Sushi Sazo celebra a Guayaquil con la apertura de su cuarto restaurante en Puerto Santa Ana y apuesta por el turismo de la ciudad\",\"datePublished\":\"2025-10-20T21:33:55+00:00\",\"mainEntityOfPage\":{\"@id\":\"https:\\\/\\\/www.quebakan.com\\\/v15\\\/sushi-sazo-celebra-a-guayaquil-con-la-apertura-de-su-cuarto-restaurante-en-puerto-santa-ana-y-apuesta-por-el-turismo-de-la-ciudad\\\/\"},\"wordCount\":503,\"publisher\":{\"@id\":\"https:\\\/\\\/www.quebakan.com\\\/v15\\\/#organization\"},\"image\":{\"@id\":\"https:\\\/\\\/www.quebakan.com\\\/v15\\\/sushi-sazo-celebra-a-guayaquil-con-la-apertura-de-su-cuarto-restaurante-en-puerto-santa-ana-y-apuesta-por-el-turismo-de-la-ciudad\\\/#primaryimage\"},\"thumbnailUrl\":\"https:\\\/\\\/www.quebakan.com\\\/v15\\\/wp-content\\\/uploads\\\/2025\\\/10\\\/SUSHISAZO-CEVICHADO.jpg\",\"articleSection\":[\"Noticias\"],\"inLanguage\":\"es\"},{\"@type\":\"WebPage\",\"@id\":\"https:\\\/\\\/www.quebakan.com\\\/v15\\\/sushi-sazo-celebra-a-guayaquil-con-la-apertura-de-su-cuarto-restaurante-en-puerto-santa-ana-y-apuesta-por-el-turismo-de-la-ciudad\\\/\",\"url\":\"https:\\\/\\\/www.quebakan.com\\\/v15\\\/sushi-sazo-celebra-a-guayaquil-con-la-apertura-de-su-cuarto-restaurante-en-puerto-santa-ana-y-apuesta-por-el-turismo-de-la-ciudad\\\/\",\"name\":\"Sushi Sazo celebra a Guayaquil con la apertura de su cuarto restaurante en Puerto Santa Ana y apuesta por el turismo de la ciudad &#8211; QUEBAKAN.COM 2026: Noticias, Eventos, Conciertos y mucho m\u00e1s....\",\"isPartOf\":{\"@id\":\"https:\\\/\\\/www.quebakan.com\\\/v15\\\/#website\"},\"primaryImageOfPage\":{\"@id\":\"https:\\\/\\\/www.quebakan.com\\\/v15\\\/sushi-sazo-celebra-a-guayaquil-con-la-apertura-de-su-cuarto-restaurante-en-puerto-santa-ana-y-apuesta-por-el-turismo-de-la-ciudad\\\/#primaryimage\"},\"image\":{\"@id\":\"https:\\\/\\\/www.quebakan.com\\\/v15\\\/sushi-sazo-celebra-a-guayaquil-con-la-apertura-de-su-cuarto-restaurante-en-puerto-santa-ana-y-apuesta-por-el-turismo-de-la-ciudad\\\/#primaryimage\"},\"thumbnailUrl\":\"https:\\\/\\\/www.quebakan.com\\\/v15\\\/wp-content\\\/uploads\\\/2025\\\/10\\\/SUSHISAZO-CEVICHADO.jpg\",\"datePublished\":\"2025-10-20T21:33:55+00:00\",\"breadcrumb\":{\"@id\":\"https:\\\/\\\/www.quebakan.com\\\/v15\\\/sushi-sazo-celebra-a-guayaquil-con-la-apertura-de-su-cuarto-restaurante-en-puerto-santa-ana-y-apuesta-por-el-turismo-de-la-ciudad\\\/#breadcrumb\"},\"inLanguage\":\"es\",\"potentialAction\":[{\"@type\":\"ReadAction\",\"target\":[\"https:\\\/\\\/www.quebakan.com\\\/v15\\\/sushi-sazo-celebra-a-guayaquil-con-la-apertura-de-su-cuarto-restaurante-en-puerto-santa-ana-y-apuesta-por-el-turismo-de-la-ciudad\\\/\"]}]},{\"@type\":\"ImageObject\",\"inLanguage\":\"es\",\"@id\":\"https:\\\/\\\/www.quebakan.com\\\/v15\\\/sushi-sazo-celebra-a-guayaquil-con-la-apertura-de-su-cuarto-restaurante-en-puerto-santa-ana-y-apuesta-por-el-turismo-de-la-ciudad\\\/#primaryimage\",\"url\":\"https:\\\/\\\/www.quebakan.com\\\/v15\\\/wp-content\\\/uploads\\\/2025\\\/10\\\/SUSHISAZO-CEVICHADO.jpg\",\"contentUrl\":\"https:\\\/\\\/www.quebakan.com\\\/v15\\\/wp-content\\\/uploads\\\/2025\\\/10\\\/SUSHISAZO-CEVICHADO.jpg\",\"width\":467,\"height\":700},{\"@type\":\"BreadcrumbList\",\"@id\":\"https:\\\/\\\/www.quebakan.com\\\/v15\\\/sushi-sazo-celebra-a-guayaquil-con-la-apertura-de-su-cuarto-restaurante-en-puerto-santa-ana-y-apuesta-por-el-turismo-de-la-ciudad\\\/#breadcrumb\",\"itemListElement\":[{\"@type\":\"ListItem\",\"position\":1,\"name\":\"Portada\",\"item\":\"https:\\\/\\\/www.quebakan.com\\\/v15\\\/\"},{\"@type\":\"ListItem\",\"position\":2,\"name\":\"Sushi Sazo celebra a Guayaquil con la apertura de su cuarto restaurante en Puerto Santa Ana y apuesta por el turismo de la ciudad\"}]},{\"@type\":\"WebSite\",\"@id\":\"https:\\\/\\\/www.quebakan.com\\\/v15\\\/#website\",\"url\":\"https:\\\/\\\/www.quebakan.com\\\/v15\\\/\",\"name\":\"QUEBAKAN\",\"description\":\"..\",\"publisher\":{\"@id\":\"https:\\\/\\\/www.quebakan.com\\\/v15\\\/#organization\"},\"potentialAction\":[{\"@type\":\"SearchAction\",\"target\":{\"@type\":\"EntryPoint\",\"urlTemplate\":\"https:\\\/\\\/www.quebakan.com\\\/v15\\\/?s={search_term_string}\"},\"query-input\":{\"@type\":\"PropertyValueSpecification\",\"valueRequired\":true,\"valueName\":\"search_term_string\"}}],\"inLanguage\":\"es\"},{\"@type\":\"Organization\",\"@id\":\"https:\\\/\\\/www.quebakan.com\\\/v15\\\/#organization\",\"name\":\"Quebakan.com\",\"url\":\"https:\\\/\\\/www.quebakan.com\\\/v15\\\/\",\"logo\":{\"@type\":\"ImageObject\",\"inLanguage\":\"es\",\"@id\":\"https:\\\/\\\/www.quebakan.com\\\/v15\\\/#\\\/schema\\\/logo\\\/image\\\/\",\"url\":\"https:\\\/\\\/www.quebakan.com\\\/v15\\\/wp-content\\\/uploads\\\/2023\\\/07\\\/logoquebakanenero2021.jpg\",\"contentUrl\":\"https:\\\/\\\/www.quebakan.com\\\/v15\\\/wp-content\\\/uploads\\\/2023\\\/07\\\/logoquebakanenero2021.jpg\",\"width\":1920,\"height\":1080,\"caption\":\"Quebakan.com\"},\"image\":{\"@id\":\"https:\\\/\\\/www.quebakan.com\\\/v15\\\/#\\\/schema\\\/logo\\\/image\\\/\"},\"sameAs\":[\"http:\\\/\\\/www.facebook.com\\\/quebakan\",\"https:\\\/\\\/x.com\\\/quebakanec\",\"http:\\\/\\\/www.instagram.com\\\/quebakan\",\"http:\\\/\\\/www.youtube.com\\\/quebakan1\"]},{\"@type\":\"Person\",\"@id\":\"https:\\\/\\\/www.quebakan.com\\\/v15\\\/#\\\/schema\\\/person\\\/d90fa9f9cfa81eb8ace9811e5b7b9118\",\"name\":\"Erick Villafuerte\",\"image\":{\"@type\":\"ImageObject\",\"inLanguage\":\"es\",\"@id\":\"https:\\\/\\\/www.quebakan.com\\\/v15\\\/wp-content\\\/uploads\\\/avatars\\\/4\\\/1731297654-bpfull.png\",\"url\":\"https:\\\/\\\/www.quebakan.com\\\/v15\\\/wp-content\\\/uploads\\\/avatars\\\/4\\\/1731297654-bpfull.png\",\"contentUrl\":\"https:\\\/\\\/www.quebakan.com\\\/v15\\\/wp-content\\\/uploads\\\/avatars\\\/4\\\/1731297654-bpfull.png\",\"caption\":\"Erick Villafuerte\"}}]}<\/script>\n<!-- \/ Yoast SEO plugin. -->","yoast_head_json":{"title":"Sushi Sazo celebra a Guayaquil con la apertura de su cuarto restaurante en Puerto Santa Ana y apuesta por el turismo de la ciudad &#8211; QUEBAKAN.COM 2026: Noticias, Eventos, Conciertos y mucho m\u00e1s....","robots":{"index":"index","follow":"follow","max-snippet":"max-snippet:-1","max-image-preview":"max-image-preview:large","max-video-preview":"max-video-preview:-1"},"canonical":"https:\/\/www.quebakan.com\/v15\/sushi-sazo-celebra-a-guayaquil-con-la-apertura-de-su-cuarto-restaurante-en-puerto-santa-ana-y-apuesta-por-el-turismo-de-la-ciudad\/","og_locale":"es_ES","og_type":"article","og_title":"Sushi Sazo celebra a Guayaquil con la apertura de su cuarto restaurante en Puerto Santa Ana y apuesta por el turismo de la ciudad &#8211; QUEBAKAN.COM 2026: Noticias, Eventos, Conciertos y mucho m\u00e1s....","og_description":"Guayaquil, Octubre de 2025. \u2014 Sushi Sazo, la marca ecuatoriana que ha transformado la forma de disfrutar el sushi, inaugura su cuarto restaurante en Puerto Santa Ana, uno de los puntos tur\u00edsticos y gastron\u00f3micos m\u00e1s emblem\u00e1ticos de la ciudad. Con esta apertura, la marca consolida su expansi\u00f3n local y reafirma su compromiso con el desarrollo [&hellip;]","og_url":"https:\/\/www.quebakan.com\/v15\/sushi-sazo-celebra-a-guayaquil-con-la-apertura-de-su-cuarto-restaurante-en-puerto-santa-ana-y-apuesta-por-el-turismo-de-la-ciudad\/","og_site_name":"QUEBAKAN.COM 2026: Noticias, Eventos, Conciertos y mucho m\u00e1s....","article_publisher":"http:\/\/www.facebook.com\/quebakan","article_published_time":"2025-10-20T21:33:55+00:00","og_image":[{"width":467,"height":700,"url":"https:\/\/www.quebakan.com\/v15\/wp-content\/uploads\/2025\/10\/SUSHISAZO-CEVICHADO.jpg","type":"image\/jpeg"}],"author":"Erick Villafuerte","twitter_card":"summary_large_image","twitter_creator":"@quebakanec","twitter_site":"@quebakanec","twitter_misc":{"Escrito por":"Erick Villafuerte","Tiempo de lectura":"4 minutos"},"schema":{"@context":"https:\/\/schema.org","@graph":[{"@type":"Article","@id":"https:\/\/www.quebakan.com\/v15\/sushi-sazo-celebra-a-guayaquil-con-la-apertura-de-su-cuarto-restaurante-en-puerto-santa-ana-y-apuesta-por-el-turismo-de-la-ciudad\/#article","isPartOf":{"@id":"https:\/\/www.quebakan.com\/v15\/sushi-sazo-celebra-a-guayaquil-con-la-apertura-de-su-cuarto-restaurante-en-puerto-santa-ana-y-apuesta-por-el-turismo-de-la-ciudad\/"},"author":{"name":"Erick Villafuerte","@id":"https:\/\/www.quebakan.com\/v15\/#\/schema\/person\/d90fa9f9cfa81eb8ace9811e5b7b9118"},"headline":"Sushi Sazo celebra a Guayaquil con la apertura de su cuarto restaurante en Puerto Santa Ana y apuesta por el turismo de la ciudad","datePublished":"2025-10-20T21:33:55+00:00","mainEntityOfPage":{"@id":"https:\/\/www.quebakan.com\/v15\/sushi-sazo-celebra-a-guayaquil-con-la-apertura-de-su-cuarto-restaurante-en-puerto-santa-ana-y-apuesta-por-el-turismo-de-la-ciudad\/"},"wordCount":503,"publisher":{"@id":"https:\/\/www.quebakan.com\/v15\/#organization"},"image":{"@id":"https:\/\/www.quebakan.com\/v15\/sushi-sazo-celebra-a-guayaquil-con-la-apertura-de-su-cuarto-restaurante-en-puerto-santa-ana-y-apuesta-por-el-turismo-de-la-ciudad\/#primaryimage"},"thumbnailUrl":"https:\/\/www.quebakan.com\/v15\/wp-content\/uploads\/2025\/10\/SUSHISAZO-CEVICHADO.jpg","articleSection":["Noticias"],"inLanguage":"es"},{"@type":"WebPage","@id":"https:\/\/www.quebakan.com\/v15\/sushi-sazo-celebra-a-guayaquil-con-la-apertura-de-su-cuarto-restaurante-en-puerto-santa-ana-y-apuesta-por-el-turismo-de-la-ciudad\/","url":"https:\/\/www.quebakan.com\/v15\/sushi-sazo-celebra-a-guayaquil-con-la-apertura-de-su-cuarto-restaurante-en-puerto-santa-ana-y-apuesta-por-el-turismo-de-la-ciudad\/","name":"Sushi Sazo celebra a Guayaquil con la apertura de su cuarto restaurante en Puerto Santa Ana y apuesta por el turismo de la ciudad &#8211; QUEBAKAN.COM 2026: Noticias, Eventos, Conciertos y mucho m\u00e1s....","isPartOf":{"@id":"https:\/\/www.quebakan.com\/v15\/#website"},"primaryImageOfPage":{"@id":"https:\/\/www.quebakan.com\/v15\/sushi-sazo-celebra-a-guayaquil-con-la-apertura-de-su-cuarto-restaurante-en-puerto-santa-ana-y-apuesta-por-el-turismo-de-la-ciudad\/#primaryimage"},"image":{"@id":"https:\/\/www.quebakan.com\/v15\/sushi-sazo-celebra-a-guayaquil-con-la-apertura-de-su-cuarto-restaurante-en-puerto-santa-ana-y-apuesta-por-el-turismo-de-la-ciudad\/#primaryimage"},"thumbnailUrl":"https:\/\/www.quebakan.com\/v15\/wp-content\/uploads\/2025\/10\/SUSHISAZO-CEVICHADO.jpg","datePublished":"2025-10-20T21:33:55+00:00","breadcrumb":{"@id":"https:\/\/www.quebakan.com\/v15\/sushi-sazo-celebra-a-guayaquil-con-la-apertura-de-su-cuarto-restaurante-en-puerto-santa-ana-y-apuesta-por-el-turismo-de-la-ciudad\/#breadcrumb"},"inLanguage":"es","potentialAction":[{"@type":"ReadAction","target":["https:\/\/www.quebakan.com\/v15\/sushi-sazo-celebra-a-guayaquil-con-la-apertura-de-su-cuarto-restaurante-en-puerto-santa-ana-y-apuesta-por-el-turismo-de-la-ciudad\/"]}]},{"@type":"ImageObject","inLanguage":"es","@id":"https:\/\/www.quebakan.com\/v15\/sushi-sazo-celebra-a-guayaquil-con-la-apertura-de-su-cuarto-restaurante-en-puerto-santa-ana-y-apuesta-por-el-turismo-de-la-ciudad\/#primaryimage","url":"https:\/\/www.quebakan.com\/v15\/wp-content\/uploads\/2025\/10\/SUSHISAZO-CEVICHADO.jpg","contentUrl":"https:\/\/www.quebakan.com\/v15\/wp-content\/uploads\/2025\/10\/SUSHISAZO-CEVICHADO.jpg","width":467,"height":700},{"@type":"BreadcrumbList","@id":"https:\/\/www.quebakan.com\/v15\/sushi-sazo-celebra-a-guayaquil-con-la-apertura-de-su-cuarto-restaurante-en-puerto-santa-ana-y-apuesta-por-el-turismo-de-la-ciudad\/#breadcrumb","itemListElement":[{"@type":"ListItem","position":1,"name":"Portada","item":"https:\/\/www.quebakan.com\/v15\/"},{"@type":"ListItem","position":2,"name":"Sushi Sazo celebra a Guayaquil con la apertura de su cuarto restaurante en Puerto Santa Ana y apuesta por el turismo de la ciudad"}]},{"@type":"WebSite","@id":"https:\/\/www.quebakan.com\/v15\/#website","url":"https:\/\/www.quebakan.com\/v15\/","name":"QUEBAKAN","description":"..","publisher":{"@id":"https:\/\/www.quebakan.com\/v15\/#organization"},"potentialAction":[{"@type":"SearchAction","target":{"@type":"EntryPoint","urlTemplate":"https:\/\/www.quebakan.com\/v15\/?s={search_term_string}"},"query-input":{"@type":"PropertyValueSpecification","valueRequired":true,"valueName":"search_term_string"}}],"inLanguage":"es"},{"@type":"Organization","@id":"https:\/\/www.quebakan.com\/v15\/#organization","name":"Quebakan.com","url":"https:\/\/www.quebakan.com\/v15\/","logo":{"@type":"ImageObject","inLanguage":"es","@id":"https:\/\/www.quebakan.com\/v15\/#\/schema\/logo\/image\/","url":"https:\/\/www.quebakan.com\/v15\/wp-content\/uploads\/2023\/07\/logoquebakanenero2021.jpg","contentUrl":"https:\/\/www.quebakan.com\/v15\/wp-content\/uploads\/2023\/07\/logoquebakanenero2021.jpg","width":1920,"height":1080,"caption":"Quebakan.com"},"image":{"@id":"https:\/\/www.quebakan.com\/v15\/#\/schema\/logo\/image\/"},"sameAs":["http:\/\/www.facebook.com\/quebakan","https:\/\/x.com\/quebakanec","http:\/\/www.instagram.com\/quebakan","http:\/\/www.youtube.com\/quebakan1"]},{"@type":"Person","@id":"https:\/\/www.quebakan.com\/v15\/#\/schema\/person\/d90fa9f9cfa81eb8ace9811e5b7b9118","name":"Erick Villafuerte","image":{"@type":"ImageObject","inLanguage":"es","@id":"https:\/\/www.quebakan.com\/v15\/wp-content\/uploads\/avatars\/4\/1731297654-bpfull.png","url":"https:\/\/www.quebakan.com\/v15\/wp-content\/uploads\/avatars\/4\/1731297654-bpfull.png","contentUrl":"https:\/\/www.quebakan.com\/v15\/wp-content\/uploads\/avatars\/4\/1731297654-bpfull.png","caption":"Erick Villafuerte"}}]}},"_links":{"self":[{"href":"https:\/\/www.quebakan.com\/v15\/wp-json\/wp\/v2\/posts\/136499","targetHints":{"allow":["GET"]}}],"collection":[{"href":"https:\/\/www.quebakan.com\/v15\/wp-json\/wp\/v2\/posts"}],"about":[{"href":"https:\/\/www.quebakan.com\/v15\/wp-json\/wp\/v2\/types\/post"}],"author":[{"embeddable":true,"href":"https:\/\/www.quebakan.com\/v15\/wp-json\/wp\/v2\/users\/4"}],"replies":[{"embeddable":true,"href":"https:\/\/www.quebakan.com\/v15\/wp-json\/wp\/v2\/comments?post=136499"}],"version-history":[{"count":1,"href":"https:\/\/www.quebakan.com\/v15\/wp-json\/wp\/v2\/posts\/136499\/revisions"}],"predecessor-version":[{"id":136504,"href":"https:\/\/www.quebakan.com\/v15\/wp-json\/wp\/v2\/posts\/136499\/revisions\/136504"}],"wp:featuredmedia":[{"embeddable":true,"href":"https:\/\/www.quebakan.com\/v15\/wp-json\/wp\/v2\/media\/136501"}],"wp:attachment":[{"href":"https:\/\/www.quebakan.com\/v15\/wp-json\/wp\/v2\/media?parent=136499"}],"wp:term":[{"taxonomy":"category","embeddable":true,"href":"https:\/\/www.quebakan.com\/v15\/wp-json\/wp\/v2\/categories?post=136499"},{"taxonomy":"post_tag","embeddable":true,"href":"https:\/\/www.quebakan.com\/v15\/wp-json\/wp\/v2\/tags?post=136499"}],"curies":[{"name":"wp","href":"https:\/\/api.w.org\/{rel}","templated":true}]}}