{"id":136505,"date":"2025-10-20T16:35:53","date_gmt":"2025-10-20T21:35:53","guid":{"rendered":"https:\/\/www.quebakan.com\/v15\/?p=136505"},"modified":"2025-10-20T16:35:53","modified_gmt":"2025-10-20T21:35:53","slug":"formacion-de-jovenes-arca-continental-culmina-con-exito-el-diplomado-acelera-tu-futuro","status":"publish","type":"post","link":"https:\/\/www.quebakan.com\/v15\/formacion-de-jovenes-arca-continental-culmina-con-exito-el-diplomado-acelera-tu-futuro\/","title":{"rendered":"Formaci\u00f3n de j\u00f3venes: Arca Continental culmina con \u00e9xito el diplomado \u201cAcelera tu Futuro\u201d"},"content":{"rendered":"<p><img fetchpriority=\"high\" decoding=\"async\" class=\"aligncenter size-full wp-image-136506\" src=\"https:\/\/www.quebakan.com\/v15\/wp-content\/uploads\/2025\/10\/Acelera-tu-Futuro.jpg\" alt=\"\" width=\"700\" height=\"525\" \/><\/p>\n<p style=\"text-align: justify;\"><span style=\"color: #000000;\"><strong><em>Pie de foto: <\/em><\/strong><em>Directivos de Arca Continental Ecuador junto a estudiantes que participaron en el Diplomado.<\/em><\/span><\/p>\n<ul style=\"text-align: justify;\">\n<li><span style=\"color: #000000;\"><em>M\u00e1s de 500 estudiantes de M\u00e9xico, Per\u00fa, Argentina y Ecuador participaron en el Diplomado de Acelera Tu Futuro. Durante las actividades, junto a ejecutivos de alto nivel de la organizaci\u00f3n, potenciaron sus habilidades personales y profesionales.<\/em><\/span><\/li>\n<\/ul>\n<p style=\"text-align: justify;\"><span style=\"color: #000000;\"><strong>Ecuador, octubre de 2025. \u2013<\/strong> \u00a0En l\u00ednea con su compromiso de atraer y retener al mejor talento, Arca Continental culmin\u00f3 con \u00e9xito su diplomado <em>\u201cAcelera tu Futuro Latam\u201d<\/em>, un programa dise\u00f1ado para maximizar el potencial de estudiantes universitarios de Latinoam\u00e9rica, quienes vivieron una experiencia de aprendizaje integral.<\/span><\/p>\n<p style=\"text-align: justify;\"><span style=\"color: #000000;\">Durante seis semanas, m\u00e1s de 500 estudiantes de M\u00e9xico, Per\u00fa, Argentina y Ecuador participaron en actividades junto a ejecutivos de alto nivel de la organizaci\u00f3n. Esta experiencia les permiti\u00f3 aplicar sus conocimientos acad\u00e9micos en un entorno real, mientras potenciaban sus competencias personales y profesionales para enfrentar los retos del mundo laboral.<\/span><\/p>\n<p style=\"text-align: justify;\"><span style=\"color: #000000;\">En Ecuador, 122 j\u00f3venes participaron en esta edici\u00f3n y fueron reconocidos en ceremonias de graduaci\u00f3n efectuadas en Quito y Guayaquil en el mes de agosto, destacando su compromiso y resultados obtenidos.<\/span><\/p>\n<p style=\"text-align: justify;\"><span style=\"color: #000000;\">Como parte del programa, 14 estudiantes destacados recibieron mentor\u00edas personalizadas por parte de ejecutivos de la compa\u00f1\u00eda, quienes los guiaron en el desarrollo de sus habilidades. Asimismo, realizaron visitas guiadas a las plantas de producci\u00f3n de bebidas y l\u00e1cteos, donde conocieron de primera mano la operaci\u00f3n de la compa\u00f1\u00eda.<\/span><\/p>\n<p style=\"text-align: justify;\"><span style=\"color: #000000;\"><em>\u201cReafirmamos nuestro compromiso de fortalecer la relaci\u00f3n con la comunidad universitaria, aportando de manera positiva a su desarrollo mediante un programa \u00fanico que ofrece formaci\u00f3n gratuita a sus participantes. M\u00e1s all\u00e1 de transmitir conocimientos, generamos un espacio de conexi\u00f3n entre generaciones que impulsa la formaci\u00f3n de l\u00edderes con prop\u00f3sito\u201d, destac\u00f3 Luciano Barranco, Director de Capital Humano en Arca Continental Ecuador.<\/em><\/span><\/p>\n<p style=\"text-align: justify;\"><span style=\"color: #000000;\">Arca Continental continuar\u00e1 promoviendo este tipo de iniciativas, ya que para la compa\u00f1\u00eda <em>\u201cDescubre lo que podemos lograr juntos\u201d <\/em>no es solo una frase, sino una invitaci\u00f3n constante a crecer y construir en equipo. Con ello, reafirma su compromiso con el desarrollo personal y profesional del talento joven.<\/span><\/p>\n","protected":false},"excerpt":{"rendered":"<p>Pie de foto: Directivos de Arca Continental Ecuador junto a estudiantes que participaron en el Diplomado. M\u00e1s de 500 estudiantes de M\u00e9xico, Per\u00fa, Argentina y Ecuador participaron en el Diplomado de Acelera Tu Futuro. Durante las actividades, junto a ejecutivos de alto nivel de la organizaci\u00f3n, potenciaron sus habilidades personales y profesionales. Ecuador, octubre de [&hellip;]<\/p>\n","protected":false},"author":4,"featured_media":136506,"comment_status":"closed","ping_status":"closed","sticky":false,"template":"","format":"standard","meta":{"_bbp_topic_count":0,"_bbp_reply_count":0,"_bbp_total_topic_count":0,"_bbp_total_reply_count":0,"_bbp_voice_count":0,"_bbp_anonymous_reply_count":0,"_bbp_topic_count_hidden":0,"_bbp_reply_count_hidden":0,"_bbp_forum_subforum_count":0,"buzzeditor_post_format":"","footnotes":""},"categories":[2],"tags":[],"class_list":["post-136505","post","type-post","status-publish","format-standard","has-post-thumbnail","hentry","category-noticias"],"yoast_head":"<!-- This site is optimized with the Yoast SEO plugin v27.5 - https:\/\/yoast.com\/product\/yoast-seo-wordpress\/ -->\n<title>Formaci\u00f3n de j\u00f3venes: Arca Continental culmina con \u00e9xito el diplomado \u201cAcelera tu Futuro\u201d &#8211; QUEBAKAN.COM 2026: Noticias, Eventos, Conciertos y mucho m\u00e1s....<\/title>\n<meta name=\"robots\" content=\"index, follow, max-snippet:-1, max-image-preview:large, max-video-preview:-1\" \/>\n<link rel=\"canonical\" href=\"https:\/\/www.quebakan.com\/v15\/formacion-de-jovenes-arca-continental-culmina-con-exito-el-diplomado-acelera-tu-futuro\/\" \/>\n<meta property=\"og:locale\" content=\"es_ES\" \/>\n<meta property=\"og:type\" content=\"article\" \/>\n<meta property=\"og:title\" content=\"Formaci\u00f3n de j\u00f3venes: Arca Continental culmina con \u00e9xito el diplomado \u201cAcelera tu Futuro\u201d &#8211; QUEBAKAN.COM 2026: Noticias, Eventos, Conciertos y mucho m\u00e1s....\" \/>\n<meta property=\"og:description\" content=\"Pie de foto: Directivos de Arca Continental Ecuador junto a estudiantes que participaron en el Diplomado. M\u00e1s de 500 estudiantes de M\u00e9xico, Per\u00fa, Argentina y Ecuador participaron en el Diplomado de Acelera Tu Futuro. Durante las actividades, junto a ejecutivos de alto nivel de la organizaci\u00f3n, potenciaron sus habilidades personales y profesionales. Ecuador, octubre de [&hellip;]\" \/>\n<meta property=\"og:url\" content=\"https:\/\/www.quebakan.com\/v15\/formacion-de-jovenes-arca-continental-culmina-con-exito-el-diplomado-acelera-tu-futuro\/\" \/>\n<meta property=\"og:site_name\" content=\"QUEBAKAN.COM 2026: Noticias, Eventos, Conciertos y mucho m\u00e1s....\" \/>\n<meta property=\"article:publisher\" content=\"http:\/\/www.facebook.com\/quebakan\" \/>\n<meta property=\"article:published_time\" content=\"2025-10-20T21:35:53+00:00\" \/>\n<meta property=\"og:image\" content=\"https:\/\/www.quebakan.com\/v15\/wp-content\/uploads\/2025\/10\/Acelera-tu-Futuro.jpg\" \/>\n\t<meta property=\"og:image:width\" content=\"700\" \/>\n\t<meta property=\"og:image:height\" content=\"525\" \/>\n\t<meta property=\"og:image:type\" content=\"image\/jpeg\" \/>\n<meta name=\"author\" content=\"Erick Villafuerte\" \/>\n<meta name=\"twitter:card\" content=\"summary_large_image\" \/>\n<meta name=\"twitter:creator\" content=\"@quebakanec\" \/>\n<meta name=\"twitter:site\" content=\"@quebakanec\" \/>\n<meta name=\"twitter:label1\" content=\"Escrito por\" \/>\n\t<meta name=\"twitter:data1\" content=\"Erick Villafuerte\" \/>\n\t<meta name=\"twitter:label2\" content=\"Tiempo de lectura\" \/>\n\t<meta name=\"twitter:data2\" content=\"2 minutos\" \/>\n<script type=\"application\/ld+json\" class=\"yoast-schema-graph\">{\"@context\":\"https:\\\/\\\/schema.org\",\"@graph\":[{\"@type\":\"Article\",\"@id\":\"https:\\\/\\\/www.quebakan.com\\\/v15\\\/formacion-de-jovenes-arca-continental-culmina-con-exito-el-diplomado-acelera-tu-futuro\\\/#article\",\"isPartOf\":{\"@id\":\"https:\\\/\\\/www.quebakan.com\\\/v15\\\/formacion-de-jovenes-arca-continental-culmina-con-exito-el-diplomado-acelera-tu-futuro\\\/\"},\"author\":{\"name\":\"Erick Villafuerte\",\"@id\":\"https:\\\/\\\/www.quebakan.com\\\/v15\\\/#\\\/schema\\\/person\\\/d90fa9f9cfa81eb8ace9811e5b7b9118\"},\"headline\":\"Formaci\u00f3n de j\u00f3venes: Arca Continental culmina con \u00e9xito el diplomado \u201cAcelera tu Futuro\u201d\",\"datePublished\":\"2025-10-20T21:35:53+00:00\",\"mainEntityOfPage\":{\"@id\":\"https:\\\/\\\/www.quebakan.com\\\/v15\\\/formacion-de-jovenes-arca-continental-culmina-con-exito-el-diplomado-acelera-tu-futuro\\\/\"},\"wordCount\":375,\"publisher\":{\"@id\":\"https:\\\/\\\/www.quebakan.com\\\/v15\\\/#organization\"},\"image\":{\"@id\":\"https:\\\/\\\/www.quebakan.com\\\/v15\\\/formacion-de-jovenes-arca-continental-culmina-con-exito-el-diplomado-acelera-tu-futuro\\\/#primaryimage\"},\"thumbnailUrl\":\"https:\\\/\\\/www.quebakan.com\\\/v15\\\/wp-content\\\/uploads\\\/2025\\\/10\\\/Acelera-tu-Futuro.jpg\",\"articleSection\":[\"Noticias\"],\"inLanguage\":\"es\"},{\"@type\":\"WebPage\",\"@id\":\"https:\\\/\\\/www.quebakan.com\\\/v15\\\/formacion-de-jovenes-arca-continental-culmina-con-exito-el-diplomado-acelera-tu-futuro\\\/\",\"url\":\"https:\\\/\\\/www.quebakan.com\\\/v15\\\/formacion-de-jovenes-arca-continental-culmina-con-exito-el-diplomado-acelera-tu-futuro\\\/\",\"name\":\"Formaci\u00f3n de j\u00f3venes: Arca Continental culmina con \u00e9xito el diplomado \u201cAcelera tu Futuro\u201d &#8211; QUEBAKAN.COM 2026: Noticias, Eventos, Conciertos y mucho m\u00e1s....\",\"isPartOf\":{\"@id\":\"https:\\\/\\\/www.quebakan.com\\\/v15\\\/#website\"},\"primaryImageOfPage\":{\"@id\":\"https:\\\/\\\/www.quebakan.com\\\/v15\\\/formacion-de-jovenes-arca-continental-culmina-con-exito-el-diplomado-acelera-tu-futuro\\\/#primaryimage\"},\"image\":{\"@id\":\"https:\\\/\\\/www.quebakan.com\\\/v15\\\/formacion-de-jovenes-arca-continental-culmina-con-exito-el-diplomado-acelera-tu-futuro\\\/#primaryimage\"},\"thumbnailUrl\":\"https:\\\/\\\/www.quebakan.com\\\/v15\\\/wp-content\\\/uploads\\\/2025\\\/10\\\/Acelera-tu-Futuro.jpg\",\"datePublished\":\"2025-10-20T21:35:53+00:00\",\"breadcrumb\":{\"@id\":\"https:\\\/\\\/www.quebakan.com\\\/v15\\\/formacion-de-jovenes-arca-continental-culmina-con-exito-el-diplomado-acelera-tu-futuro\\\/#breadcrumb\"},\"inLanguage\":\"es\",\"potentialAction\":[{\"@type\":\"ReadAction\",\"target\":[\"https:\\\/\\\/www.quebakan.com\\\/v15\\\/formacion-de-jovenes-arca-continental-culmina-con-exito-el-diplomado-acelera-tu-futuro\\\/\"]}]},{\"@type\":\"ImageObject\",\"inLanguage\":\"es\",\"@id\":\"https:\\\/\\\/www.quebakan.com\\\/v15\\\/formacion-de-jovenes-arca-continental-culmina-con-exito-el-diplomado-acelera-tu-futuro\\\/#primaryimage\",\"url\":\"https:\\\/\\\/www.quebakan.com\\\/v15\\\/wp-content\\\/uploads\\\/2025\\\/10\\\/Acelera-tu-Futuro.jpg\",\"contentUrl\":\"https:\\\/\\\/www.quebakan.com\\\/v15\\\/wp-content\\\/uploads\\\/2025\\\/10\\\/Acelera-tu-Futuro.jpg\",\"width\":700,\"height\":525},{\"@type\":\"BreadcrumbList\",\"@id\":\"https:\\\/\\\/www.quebakan.com\\\/v15\\\/formacion-de-jovenes-arca-continental-culmina-con-exito-el-diplomado-acelera-tu-futuro\\\/#breadcrumb\",\"itemListElement\":[{\"@type\":\"ListItem\",\"position\":1,\"name\":\"Portada\",\"item\":\"https:\\\/\\\/www.quebakan.com\\\/v15\\\/\"},{\"@type\":\"ListItem\",\"position\":2,\"name\":\"Formaci\u00f3n de j\u00f3venes: Arca Continental culmina con \u00e9xito el diplomado \u201cAcelera tu Futuro\u201d\"}]},{\"@type\":\"WebSite\",\"@id\":\"https:\\\/\\\/www.quebakan.com\\\/v15\\\/#website\",\"url\":\"https:\\\/\\\/www.quebakan.com\\\/v15\\\/\",\"name\":\"QUEBAKAN\",\"description\":\"..\",\"publisher\":{\"@id\":\"https:\\\/\\\/www.quebakan.com\\\/v15\\\/#organization\"},\"potentialAction\":[{\"@type\":\"SearchAction\",\"target\":{\"@type\":\"EntryPoint\",\"urlTemplate\":\"https:\\\/\\\/www.quebakan.com\\\/v15\\\/?s={search_term_string}\"},\"query-input\":{\"@type\":\"PropertyValueSpecification\",\"valueRequired\":true,\"valueName\":\"search_term_string\"}}],\"inLanguage\":\"es\"},{\"@type\":\"Organization\",\"@id\":\"https:\\\/\\\/www.quebakan.com\\\/v15\\\/#organization\",\"name\":\"Quebakan.com\",\"url\":\"https:\\\/\\\/www.quebakan.com\\\/v15\\\/\",\"logo\":{\"@type\":\"ImageObject\",\"inLanguage\":\"es\",\"@id\":\"https:\\\/\\\/www.quebakan.com\\\/v15\\\/#\\\/schema\\\/logo\\\/image\\\/\",\"url\":\"https:\\\/\\\/www.quebakan.com\\\/v15\\\/wp-content\\\/uploads\\\/2023\\\/07\\\/logoquebakanenero2021.jpg\",\"contentUrl\":\"https:\\\/\\\/www.quebakan.com\\\/v15\\\/wp-content\\\/uploads\\\/2023\\\/07\\\/logoquebakanenero2021.jpg\",\"width\":1920,\"height\":1080,\"caption\":\"Quebakan.com\"},\"image\":{\"@id\":\"https:\\\/\\\/www.quebakan.com\\\/v15\\\/#\\\/schema\\\/logo\\\/image\\\/\"},\"sameAs\":[\"http:\\\/\\\/www.facebook.com\\\/quebakan\",\"https:\\\/\\\/x.com\\\/quebakanec\",\"http:\\\/\\\/www.instagram.com\\\/quebakan\",\"http:\\\/\\\/www.youtube.com\\\/quebakan1\"]},{\"@type\":\"Person\",\"@id\":\"https:\\\/\\\/www.quebakan.com\\\/v15\\\/#\\\/schema\\\/person\\\/d90fa9f9cfa81eb8ace9811e5b7b9118\",\"name\":\"Erick Villafuerte\",\"image\":{\"@type\":\"ImageObject\",\"inLanguage\":\"es\",\"@id\":\"https:\\\/\\\/www.quebakan.com\\\/v15\\\/wp-content\\\/uploads\\\/avatars\\\/4\\\/1731297654-bpfull.png\",\"url\":\"https:\\\/\\\/www.quebakan.com\\\/v15\\\/wp-content\\\/uploads\\\/avatars\\\/4\\\/1731297654-bpfull.png\",\"contentUrl\":\"https:\\\/\\\/www.quebakan.com\\\/v15\\\/wp-content\\\/uploads\\\/avatars\\\/4\\\/1731297654-bpfull.png\",\"caption\":\"Erick Villafuerte\"}}]}<\/script>\n<!-- \/ Yoast SEO plugin. -->","yoast_head_json":{"title":"Formaci\u00f3n de j\u00f3venes: Arca Continental culmina con \u00e9xito el diplomado \u201cAcelera tu Futuro\u201d &#8211; QUEBAKAN.COM 2026: Noticias, Eventos, Conciertos y mucho m\u00e1s....","robots":{"index":"index","follow":"follow","max-snippet":"max-snippet:-1","max-image-preview":"max-image-preview:large","max-video-preview":"max-video-preview:-1"},"canonical":"https:\/\/www.quebakan.com\/v15\/formacion-de-jovenes-arca-continental-culmina-con-exito-el-diplomado-acelera-tu-futuro\/","og_locale":"es_ES","og_type":"article","og_title":"Formaci\u00f3n de j\u00f3venes: Arca Continental culmina con \u00e9xito el diplomado \u201cAcelera tu Futuro\u201d &#8211; QUEBAKAN.COM 2026: Noticias, Eventos, Conciertos y mucho m\u00e1s....","og_description":"Pie de foto: Directivos de Arca Continental Ecuador junto a estudiantes que participaron en el Diplomado. M\u00e1s de 500 estudiantes de M\u00e9xico, Per\u00fa, Argentina y Ecuador participaron en el Diplomado de Acelera Tu Futuro. Durante las actividades, junto a ejecutivos de alto nivel de la organizaci\u00f3n, potenciaron sus habilidades personales y profesionales. Ecuador, octubre de [&hellip;]","og_url":"https:\/\/www.quebakan.com\/v15\/formacion-de-jovenes-arca-continental-culmina-con-exito-el-diplomado-acelera-tu-futuro\/","og_site_name":"QUEBAKAN.COM 2026: Noticias, Eventos, Conciertos y mucho m\u00e1s....","article_publisher":"http:\/\/www.facebook.com\/quebakan","article_published_time":"2025-10-20T21:35:53+00:00","og_image":[{"width":700,"height":525,"url":"https:\/\/www.quebakan.com\/v15\/wp-content\/uploads\/2025\/10\/Acelera-tu-Futuro.jpg","type":"image\/jpeg"}],"author":"Erick Villafuerte","twitter_card":"summary_large_image","twitter_creator":"@quebakanec","twitter_site":"@quebakanec","twitter_misc":{"Escrito por":"Erick Villafuerte","Tiempo de lectura":"2 minutos"},"schema":{"@context":"https:\/\/schema.org","@graph":[{"@type":"Article","@id":"https:\/\/www.quebakan.com\/v15\/formacion-de-jovenes-arca-continental-culmina-con-exito-el-diplomado-acelera-tu-futuro\/#article","isPartOf":{"@id":"https:\/\/www.quebakan.com\/v15\/formacion-de-jovenes-arca-continental-culmina-con-exito-el-diplomado-acelera-tu-futuro\/"},"author":{"name":"Erick Villafuerte","@id":"https:\/\/www.quebakan.com\/v15\/#\/schema\/person\/d90fa9f9cfa81eb8ace9811e5b7b9118"},"headline":"Formaci\u00f3n de j\u00f3venes: Arca Continental culmina con \u00e9xito el diplomado \u201cAcelera tu Futuro\u201d","datePublished":"2025-10-20T21:35:53+00:00","mainEntityOfPage":{"@id":"https:\/\/www.quebakan.com\/v15\/formacion-de-jovenes-arca-continental-culmina-con-exito-el-diplomado-acelera-tu-futuro\/"},"wordCount":375,"publisher":{"@id":"https:\/\/www.quebakan.com\/v15\/#organization"},"image":{"@id":"https:\/\/www.quebakan.com\/v15\/formacion-de-jovenes-arca-continental-culmina-con-exito-el-diplomado-acelera-tu-futuro\/#primaryimage"},"thumbnailUrl":"https:\/\/www.quebakan.com\/v15\/wp-content\/uploads\/2025\/10\/Acelera-tu-Futuro.jpg","articleSection":["Noticias"],"inLanguage":"es"},{"@type":"WebPage","@id":"https:\/\/www.quebakan.com\/v15\/formacion-de-jovenes-arca-continental-culmina-con-exito-el-diplomado-acelera-tu-futuro\/","url":"https:\/\/www.quebakan.com\/v15\/formacion-de-jovenes-arca-continental-culmina-con-exito-el-diplomado-acelera-tu-futuro\/","name":"Formaci\u00f3n de j\u00f3venes: Arca Continental culmina con \u00e9xito el diplomado \u201cAcelera tu Futuro\u201d &#8211; QUEBAKAN.COM 2026: Noticias, Eventos, Conciertos y mucho m\u00e1s....","isPartOf":{"@id":"https:\/\/www.quebakan.com\/v15\/#website"},"primaryImageOfPage":{"@id":"https:\/\/www.quebakan.com\/v15\/formacion-de-jovenes-arca-continental-culmina-con-exito-el-diplomado-acelera-tu-futuro\/#primaryimage"},"image":{"@id":"https:\/\/www.quebakan.com\/v15\/formacion-de-jovenes-arca-continental-culmina-con-exito-el-diplomado-acelera-tu-futuro\/#primaryimage"},"thumbnailUrl":"https:\/\/www.quebakan.com\/v15\/wp-content\/uploads\/2025\/10\/Acelera-tu-Futuro.jpg","datePublished":"2025-10-20T21:35:53+00:00","breadcrumb":{"@id":"https:\/\/www.quebakan.com\/v15\/formacion-de-jovenes-arca-continental-culmina-con-exito-el-diplomado-acelera-tu-futuro\/#breadcrumb"},"inLanguage":"es","potentialAction":[{"@type":"ReadAction","target":["https:\/\/www.quebakan.com\/v15\/formacion-de-jovenes-arca-continental-culmina-con-exito-el-diplomado-acelera-tu-futuro\/"]}]},{"@type":"ImageObject","inLanguage":"es","@id":"https:\/\/www.quebakan.com\/v15\/formacion-de-jovenes-arca-continental-culmina-con-exito-el-diplomado-acelera-tu-futuro\/#primaryimage","url":"https:\/\/www.quebakan.com\/v15\/wp-content\/uploads\/2025\/10\/Acelera-tu-Futuro.jpg","contentUrl":"https:\/\/www.quebakan.com\/v15\/wp-content\/uploads\/2025\/10\/Acelera-tu-Futuro.jpg","width":700,"height":525},{"@type":"BreadcrumbList","@id":"https:\/\/www.quebakan.com\/v15\/formacion-de-jovenes-arca-continental-culmina-con-exito-el-diplomado-acelera-tu-futuro\/#breadcrumb","itemListElement":[{"@type":"ListItem","position":1,"name":"Portada","item":"https:\/\/www.quebakan.com\/v15\/"},{"@type":"ListItem","position":2,"name":"Formaci\u00f3n de j\u00f3venes: Arca Continental culmina con \u00e9xito el diplomado \u201cAcelera tu Futuro\u201d"}]},{"@type":"WebSite","@id":"https:\/\/www.quebakan.com\/v15\/#website","url":"https:\/\/www.quebakan.com\/v15\/","name":"QUEBAKAN","description":"..","publisher":{"@id":"https:\/\/www.quebakan.com\/v15\/#organization"},"potentialAction":[{"@type":"SearchAction","target":{"@type":"EntryPoint","urlTemplate":"https:\/\/www.quebakan.com\/v15\/?s={search_term_string}"},"query-input":{"@type":"PropertyValueSpecification","valueRequired":true,"valueName":"search_term_string"}}],"inLanguage":"es"},{"@type":"Organization","@id":"https:\/\/www.quebakan.com\/v15\/#organization","name":"Quebakan.com","url":"https:\/\/www.quebakan.com\/v15\/","logo":{"@type":"ImageObject","inLanguage":"es","@id":"https:\/\/www.quebakan.com\/v15\/#\/schema\/logo\/image\/","url":"https:\/\/www.quebakan.com\/v15\/wp-content\/uploads\/2023\/07\/logoquebakanenero2021.jpg","contentUrl":"https:\/\/www.quebakan.com\/v15\/wp-content\/uploads\/2023\/07\/logoquebakanenero2021.jpg","width":1920,"height":1080,"caption":"Quebakan.com"},"image":{"@id":"https:\/\/www.quebakan.com\/v15\/#\/schema\/logo\/image\/"},"sameAs":["http:\/\/www.facebook.com\/quebakan","https:\/\/x.com\/quebakanec","http:\/\/www.instagram.com\/quebakan","http:\/\/www.youtube.com\/quebakan1"]},{"@type":"Person","@id":"https:\/\/www.quebakan.com\/v15\/#\/schema\/person\/d90fa9f9cfa81eb8ace9811e5b7b9118","name":"Erick Villafuerte","image":{"@type":"ImageObject","inLanguage":"es","@id":"https:\/\/www.quebakan.com\/v15\/wp-content\/uploads\/avatars\/4\/1731297654-bpfull.png","url":"https:\/\/www.quebakan.com\/v15\/wp-content\/uploads\/avatars\/4\/1731297654-bpfull.png","contentUrl":"https:\/\/www.quebakan.com\/v15\/wp-content\/uploads\/avatars\/4\/1731297654-bpfull.png","caption":"Erick Villafuerte"}}]}},"_links":{"self":[{"href":"https:\/\/www.quebakan.com\/v15\/wp-json\/wp\/v2\/posts\/136505","targetHints":{"allow":["GET"]}}],"collection":[{"href":"https:\/\/www.quebakan.com\/v15\/wp-json\/wp\/v2\/posts"}],"about":[{"href":"https:\/\/www.quebakan.com\/v15\/wp-json\/wp\/v2\/types\/post"}],"author":[{"embeddable":true,"href":"https:\/\/www.quebakan.com\/v15\/wp-json\/wp\/v2\/users\/4"}],"replies":[{"embeddable":true,"href":"https:\/\/www.quebakan.com\/v15\/wp-json\/wp\/v2\/comments?post=136505"}],"version-history":[{"count":1,"href":"https:\/\/www.quebakan.com\/v15\/wp-json\/wp\/v2\/posts\/136505\/revisions"}],"predecessor-version":[{"id":136507,"href":"https:\/\/www.quebakan.com\/v15\/wp-json\/wp\/v2\/posts\/136505\/revisions\/136507"}],"wp:featuredmedia":[{"embeddable":true,"href":"https:\/\/www.quebakan.com\/v15\/wp-json\/wp\/v2\/media\/136506"}],"wp:attachment":[{"href":"https:\/\/www.quebakan.com\/v15\/wp-json\/wp\/v2\/media?parent=136505"}],"wp:term":[{"taxonomy":"category","embeddable":true,"href":"https:\/\/www.quebakan.com\/v15\/wp-json\/wp\/v2\/categories?post=136505"},{"taxonomy":"post_tag","embeddable":true,"href":"https:\/\/www.quebakan.com\/v15\/wp-json\/wp\/v2\/tags?post=136505"}],"curies":[{"name":"wp","href":"https:\/\/api.w.org\/{rel}","templated":true}]}}