{"id":136508,"date":"2025-10-20T16:38:35","date_gmt":"2025-10-20T21:38:35","guid":{"rendered":"https:\/\/www.quebakan.com\/v15\/?p=136508"},"modified":"2025-10-20T16:38:35","modified_gmt":"2025-10-20T21:38:35","slug":"avon-ecuador-refuerza-su-compromiso-con-la-deteccion-temprana-del-cancer-de-mama-a-traves-de-su-iniciativa-estar-para-ellas-es-ahora","status":"publish","type":"post","link":"https:\/\/www.quebakan.com\/v15\/avon-ecuador-refuerza-su-compromiso-con-la-deteccion-temprana-del-cancer-de-mama-a-traves-de-su-iniciativa-estar-para-ellas-es-ahora\/","title":{"rendered":"Avon Ecuador refuerza su compromiso con la detecci\u00f3n temprana del c\u00e1ncer de mama a trav\u00e9s de su iniciativa \u201cEstar Para Ellas es Ahora\u201d"},"content":{"rendered":"<p><img fetchpriority=\"high\" decoding=\"async\" class=\"aligncenter size-full wp-image-136509\" src=\"https:\/\/www.quebakan.com\/v15\/wp-content\/uploads\/2025\/10\/Cancer-de-mama-3.jpg\" alt=\"\" width=\"700\" height=\"467\" \/><\/p>\n<ul>\n<li style=\"text-align: justify;\"><span style=\"color: #000000;\">La campa\u00f1a, desplegada en toda la regi\u00f3n, enfoca sus esfuerzos en la concientizaci\u00f3n y en la importancia de la salud mamaria como factor clave para la detecci\u00f3n temprana.<\/span><\/li>\n<li style=\"text-align: justify;\"><span style=\"color: #000000;\">A trav\u00e9s de piezas de comunicaci\u00f3n centradas en los medios digitales, se busca abordar el miedo a las pruebas diagn\u00f3sticas, como la mamograf\u00eda, y el temor ante un resultado negativo.<\/span><\/li>\n<\/ul>\n<p style=\"text-align: justify;\"><span style=\"color: #000000;\"><strong>Quito, 20 de octubre de 2025.<\/strong> \u00a0Con casi 4,500 nuevos casos de c\u00e1ncer de mama diagnosticados anualmente en Ecuador -convirti\u00e9ndolo en el tipo de c\u00e1ncer de mayor incidencia y mortalidad en mujeres seg\u00fan el Global Cancer Observatory-\u00a0 la detecci\u00f3n temprana se convierte en una urgencia. En este contexto, Avon lanza su campa\u00f1a \u201cEstar Para Ellas es Ahora\u201d, una iniciativa que busca atacar una barrera silenciosa, pero letal: el miedo y la desinformaci\u00f3n que llevan a postergar los chequeos m\u00e9dicos.<\/span><\/p>\n<p style=\"text-align: justify;\"><span style=\"color: #000000;\">La campa\u00f1a invita a las mujeres a priorizar su salud mamaria y actuar hoy, recordando que la detecci\u00f3n temprana del c\u00e1ncer de mama es clave para salvar vidas. A trav\u00e9s de piezas de comunicaci\u00f3n se busca derribar mitos, promover mensajes de acompa\u00f1amiento y motivar a las mujeres a cuidarse y actuar a tiempo.<\/span><\/p>\n<p style=\"text-align: justify;\"><span style=\"color: #000000;\"><em>Con esta campa\u00f1a queremos recordar que cuidar de nosotras mismas tambi\u00e9n es una forma de cuidar a los dem\u00e1s. La detecci\u00f3n temprana salva vidas, y aunque muchas veces las responsabilidades y la rutina nos hacen postergar los chequeos m\u00e9dicos, es fundamental priorizar nuestra salud. Desde Avon queremos acompa\u00f1ar a cada mujer en este camino de conciencia y prevenci\u00f3n, impulsando ese peque\u00f1o gran paso que puede marcar la diferencia,<\/em> afirm\u00f3 <strong>Gabriela Pe\u00f1aherra, Gerente de Marketing de Avon Ecuador. <\/strong><\/span><\/p>\n<p style=\"text-align: justify;\"><span style=\"color: #000000;\">La iniciativa \u201cEstar Para Ellas es Ahora\u201d nace de una verdad universal: estamos acostumbrados a posponer. Decir \u201cdespu\u00e9s\u201d es f\u00e1cil, casi autom\u00e1tico, pero cuando se trata de la salud mamaria, esa simple palabra puede anular la oportunidad de actuar a tiempo y cambiar un pron\u00f3stico. Por eso, esta campa\u00f1a busca transformar el h\u00e1bito de procrastinar con nuestra salud por el de actuar con decisi\u00f3n.<\/span><\/p>\n<p style=\"text-align: justify;\"><span style=\"color: #000000;\">El nombre es en s\u00ed mismo un llamado a la acci\u00f3n. \u201cEstar Para Ellas es Ahora\u201d propone un mensaje emp\u00e1tico, positivo y colectivo. Es una invitaci\u00f3n a la acci\u00f3n en presente, sin imponer, y a un cuidado mutuo, sin se\u00f1alar. Se enmarca en el compromiso hist\u00f3rico de m\u00e1s de 30 a\u00f1os de Avon con esta causa y se centra en tres pilares clave:<\/span><\/p>\n<ul style=\"text-align: justify;\">\n<li><span style=\"color: #000000;\"><strong>Combatir la desinformaci\u00f3n y el miedo:<\/strong> A trav\u00e9s de contenido informativo y cercano, la campa\u00f1a aborda el temor a la mamograf\u00eda, desmiente falsas creencias y ofrece orientaci\u00f3n clara sobre los factores de riesgo y el autocuidado.<\/span><\/li>\n<li><span style=\"color: #000000;\"><strong>Fomentar un cuidado mutuo:<\/strong> Se promueve un mensaje de acompa\u00f1amiento que fortalece las redes de apoyo, invitando a amigas, familiares y parejas a ser parte activa del proceso y a motivar a las mujeres de su entorno a realizarse sus chequeos<strong>.<\/strong><\/span><\/li>\n<li><span style=\"color: #000000;\"><strong>Convertir el \u201cdespu\u00e9s\u201d en \u201cahora\u201d:<\/strong> El mensaje central es un llamado a no postergar m\u00e1s. La campa\u00f1a est\u00e1 dise\u00f1ada para transformar la ansiedad en acci\u00f3n y la duda en una consulta m\u00e9dica que puede salvar una vida.<\/span><\/li>\n<\/ul>\n<p style=\"text-align: justify;\"><span style=\"color: #000000;\">El objetivo de Avon es claro: derribar las barreras, tanto f\u00edsicas como emocionales, que impiden un chequeo. Se busca recordar que cuidarse es un acto fundamental de amor propio y que el miedo no puede ser un diagn\u00f3stico.<\/span><\/p>\n<p style=\"text-align: justify;\"><span style=\"color: #000000;\">Con esta acci\u00f3n, Avon Ecuador refuerza su misi\u00f3n de impulsar la prevenci\u00f3n, la detecci\u00f3n temprana y la concientizaci\u00f3n sobre el c\u00e1ncer de mama, promoviendo una red de apoyo que inspire a m\u00e1s mujeres a cuidar de su salud, hoy y todos los d\u00edas.<\/span><\/p>\n<p><img decoding=\"async\" class=\"aligncenter size-full wp-image-136510\" src=\"https:\/\/www.quebakan.com\/v15\/wp-content\/uploads\/2025\/10\/Cancer-de-mama-1.jpg\" alt=\"\" width=\"700\" height=\"394\" \/><\/p>\n<p>&nbsp;<\/p>\n<p><img decoding=\"async\" class=\"aligncenter size-full wp-image-136511\" src=\"https:\/\/www.quebakan.com\/v15\/wp-content\/uploads\/2025\/10\/Cancer-de-mama-2.jpg\" alt=\"\" width=\"700\" height=\"467\" \/><\/p>\n","protected":false},"excerpt":{"rendered":"<p>La campa\u00f1a, desplegada en toda la regi\u00f3n, enfoca sus esfuerzos en la concientizaci\u00f3n y en la importancia de la salud mamaria como factor clave para la detecci\u00f3n temprana. A trav\u00e9s de piezas de comunicaci\u00f3n centradas en los medios digitales, se busca abordar el miedo a las pruebas diagn\u00f3sticas, como la mamograf\u00eda, y el temor ante [&hellip;]<\/p>\n","protected":false},"author":4,"featured_media":136509,"comment_status":"closed","ping_status":"closed","sticky":false,"template":"","format":"standard","meta":{"_bbp_topic_count":0,"_bbp_reply_count":0,"_bbp_total_topic_count":0,"_bbp_total_reply_count":0,"_bbp_voice_count":0,"_bbp_anonymous_reply_count":0,"_bbp_topic_count_hidden":0,"_bbp_reply_count_hidden":0,"_bbp_forum_subforum_count":0,"buzzeditor_post_format":"","footnotes":""},"categories":[2],"tags":[],"class_list":["post-136508","post","type-post","status-publish","format-standard","has-post-thumbnail","hentry","category-noticias"],"yoast_head":"<!-- This site is optimized with the Yoast SEO plugin v27.5 - https:\/\/yoast.com\/product\/yoast-seo-wordpress\/ -->\n<title>Avon Ecuador refuerza su compromiso con la detecci\u00f3n temprana del c\u00e1ncer de mama a trav\u00e9s de su iniciativa \u201cEstar Para Ellas es Ahora\u201d &#8211; QUEBAKAN.COM 2026: Noticias, Eventos, Conciertos y mucho m\u00e1s....<\/title>\n<meta name=\"robots\" content=\"index, follow, max-snippet:-1, max-image-preview:large, max-video-preview:-1\" \/>\n<link rel=\"canonical\" href=\"https:\/\/www.quebakan.com\/v15\/avon-ecuador-refuerza-su-compromiso-con-la-deteccion-temprana-del-cancer-de-mama-a-traves-de-su-iniciativa-estar-para-ellas-es-ahora\/\" \/>\n<meta property=\"og:locale\" content=\"es_ES\" \/>\n<meta property=\"og:type\" content=\"article\" \/>\n<meta property=\"og:title\" content=\"Avon Ecuador refuerza su compromiso con la detecci\u00f3n temprana del c\u00e1ncer de mama a trav\u00e9s de su iniciativa \u201cEstar Para Ellas es Ahora\u201d &#8211; QUEBAKAN.COM 2026: Noticias, Eventos, Conciertos y mucho m\u00e1s....\" \/>\n<meta property=\"og:description\" content=\"La campa\u00f1a, desplegada en toda la regi\u00f3n, enfoca sus esfuerzos en la concientizaci\u00f3n y en la importancia de la salud mamaria como factor clave para la detecci\u00f3n temprana. A trav\u00e9s de piezas de comunicaci\u00f3n centradas en los medios digitales, se busca abordar el miedo a las pruebas diagn\u00f3sticas, como la mamograf\u00eda, y el temor ante [&hellip;]\" \/>\n<meta property=\"og:url\" content=\"https:\/\/www.quebakan.com\/v15\/avon-ecuador-refuerza-su-compromiso-con-la-deteccion-temprana-del-cancer-de-mama-a-traves-de-su-iniciativa-estar-para-ellas-es-ahora\/\" \/>\n<meta property=\"og:site_name\" content=\"QUEBAKAN.COM 2026: Noticias, Eventos, Conciertos y mucho m\u00e1s....\" \/>\n<meta property=\"article:publisher\" content=\"http:\/\/www.facebook.com\/quebakan\" \/>\n<meta property=\"article:published_time\" content=\"2025-10-20T21:38:35+00:00\" \/>\n<meta property=\"og:image\" content=\"https:\/\/www.quebakan.com\/v15\/wp-content\/uploads\/2025\/10\/Cancer-de-mama-3.jpg\" \/>\n\t<meta property=\"og:image:width\" content=\"700\" \/>\n\t<meta property=\"og:image:height\" content=\"467\" \/>\n\t<meta property=\"og:image:type\" content=\"image\/jpeg\" \/>\n<meta name=\"author\" content=\"Erick Villafuerte\" \/>\n<meta name=\"twitter:card\" content=\"summary_large_image\" \/>\n<meta name=\"twitter:creator\" content=\"@quebakanec\" \/>\n<meta name=\"twitter:site\" content=\"@quebakanec\" \/>\n<meta name=\"twitter:label1\" content=\"Escrito por\" \/>\n\t<meta name=\"twitter:data1\" content=\"Erick Villafuerte\" \/>\n\t<meta name=\"twitter:label2\" content=\"Tiempo de lectura\" \/>\n\t<meta name=\"twitter:data2\" content=\"4 minutos\" \/>\n<script type=\"application\/ld+json\" class=\"yoast-schema-graph\">{\"@context\":\"https:\\\/\\\/schema.org\",\"@graph\":[{\"@type\":\"Article\",\"@id\":\"https:\\\/\\\/www.quebakan.com\\\/v15\\\/avon-ecuador-refuerza-su-compromiso-con-la-deteccion-temprana-del-cancer-de-mama-a-traves-de-su-iniciativa-estar-para-ellas-es-ahora\\\/#article\",\"isPartOf\":{\"@id\":\"https:\\\/\\\/www.quebakan.com\\\/v15\\\/avon-ecuador-refuerza-su-compromiso-con-la-deteccion-temprana-del-cancer-de-mama-a-traves-de-su-iniciativa-estar-para-ellas-es-ahora\\\/\"},\"author\":{\"name\":\"Erick Villafuerte\",\"@id\":\"https:\\\/\\\/www.quebakan.com\\\/v15\\\/#\\\/schema\\\/person\\\/d90fa9f9cfa81eb8ace9811e5b7b9118\"},\"headline\":\"Avon Ecuador refuerza su compromiso con la detecci\u00f3n temprana del c\u00e1ncer de mama a trav\u00e9s de su iniciativa \u201cEstar Para Ellas es Ahora\u201d\",\"datePublished\":\"2025-10-20T21:38:35+00:00\",\"mainEntityOfPage\":{\"@id\":\"https:\\\/\\\/www.quebakan.com\\\/v15\\\/avon-ecuador-refuerza-su-compromiso-con-la-deteccion-temprana-del-cancer-de-mama-a-traves-de-su-iniciativa-estar-para-ellas-es-ahora\\\/\"},\"wordCount\":680,\"publisher\":{\"@id\":\"https:\\\/\\\/www.quebakan.com\\\/v15\\\/#organization\"},\"image\":{\"@id\":\"https:\\\/\\\/www.quebakan.com\\\/v15\\\/avon-ecuador-refuerza-su-compromiso-con-la-deteccion-temprana-del-cancer-de-mama-a-traves-de-su-iniciativa-estar-para-ellas-es-ahora\\\/#primaryimage\"},\"thumbnailUrl\":\"https:\\\/\\\/www.quebakan.com\\\/v15\\\/wp-content\\\/uploads\\\/2025\\\/10\\\/Cancer-de-mama-3.jpg\",\"articleSection\":[\"Noticias\"],\"inLanguage\":\"es\"},{\"@type\":\"WebPage\",\"@id\":\"https:\\\/\\\/www.quebakan.com\\\/v15\\\/avon-ecuador-refuerza-su-compromiso-con-la-deteccion-temprana-del-cancer-de-mama-a-traves-de-su-iniciativa-estar-para-ellas-es-ahora\\\/\",\"url\":\"https:\\\/\\\/www.quebakan.com\\\/v15\\\/avon-ecuador-refuerza-su-compromiso-con-la-deteccion-temprana-del-cancer-de-mama-a-traves-de-su-iniciativa-estar-para-ellas-es-ahora\\\/\",\"name\":\"Avon Ecuador refuerza su compromiso con la detecci\u00f3n temprana del c\u00e1ncer de mama a trav\u00e9s de su iniciativa \u201cEstar Para Ellas es Ahora\u201d &#8211; QUEBAKAN.COM 2026: Noticias, Eventos, Conciertos y mucho m\u00e1s....\",\"isPartOf\":{\"@id\":\"https:\\\/\\\/www.quebakan.com\\\/v15\\\/#website\"},\"primaryImageOfPage\":{\"@id\":\"https:\\\/\\\/www.quebakan.com\\\/v15\\\/avon-ecuador-refuerza-su-compromiso-con-la-deteccion-temprana-del-cancer-de-mama-a-traves-de-su-iniciativa-estar-para-ellas-es-ahora\\\/#primaryimage\"},\"image\":{\"@id\":\"https:\\\/\\\/www.quebakan.com\\\/v15\\\/avon-ecuador-refuerza-su-compromiso-con-la-deteccion-temprana-del-cancer-de-mama-a-traves-de-su-iniciativa-estar-para-ellas-es-ahora\\\/#primaryimage\"},\"thumbnailUrl\":\"https:\\\/\\\/www.quebakan.com\\\/v15\\\/wp-content\\\/uploads\\\/2025\\\/10\\\/Cancer-de-mama-3.jpg\",\"datePublished\":\"2025-10-20T21:38:35+00:00\",\"breadcrumb\":{\"@id\":\"https:\\\/\\\/www.quebakan.com\\\/v15\\\/avon-ecuador-refuerza-su-compromiso-con-la-deteccion-temprana-del-cancer-de-mama-a-traves-de-su-iniciativa-estar-para-ellas-es-ahora\\\/#breadcrumb\"},\"inLanguage\":\"es\",\"potentialAction\":[{\"@type\":\"ReadAction\",\"target\":[\"https:\\\/\\\/www.quebakan.com\\\/v15\\\/avon-ecuador-refuerza-su-compromiso-con-la-deteccion-temprana-del-cancer-de-mama-a-traves-de-su-iniciativa-estar-para-ellas-es-ahora\\\/\"]}]},{\"@type\":\"ImageObject\",\"inLanguage\":\"es\",\"@id\":\"https:\\\/\\\/www.quebakan.com\\\/v15\\\/avon-ecuador-refuerza-su-compromiso-con-la-deteccion-temprana-del-cancer-de-mama-a-traves-de-su-iniciativa-estar-para-ellas-es-ahora\\\/#primaryimage\",\"url\":\"https:\\\/\\\/www.quebakan.com\\\/v15\\\/wp-content\\\/uploads\\\/2025\\\/10\\\/Cancer-de-mama-3.jpg\",\"contentUrl\":\"https:\\\/\\\/www.quebakan.com\\\/v15\\\/wp-content\\\/uploads\\\/2025\\\/10\\\/Cancer-de-mama-3.jpg\",\"width\":700,\"height\":467},{\"@type\":\"BreadcrumbList\",\"@id\":\"https:\\\/\\\/www.quebakan.com\\\/v15\\\/avon-ecuador-refuerza-su-compromiso-con-la-deteccion-temprana-del-cancer-de-mama-a-traves-de-su-iniciativa-estar-para-ellas-es-ahora\\\/#breadcrumb\",\"itemListElement\":[{\"@type\":\"ListItem\",\"position\":1,\"name\":\"Portada\",\"item\":\"https:\\\/\\\/www.quebakan.com\\\/v15\\\/\"},{\"@type\":\"ListItem\",\"position\":2,\"name\":\"Avon Ecuador refuerza su compromiso con la detecci\u00f3n temprana del c\u00e1ncer de mama a trav\u00e9s de su iniciativa \u201cEstar Para Ellas es Ahora\u201d\"}]},{\"@type\":\"WebSite\",\"@id\":\"https:\\\/\\\/www.quebakan.com\\\/v15\\\/#website\",\"url\":\"https:\\\/\\\/www.quebakan.com\\\/v15\\\/\",\"name\":\"QUEBAKAN\",\"description\":\"..\",\"publisher\":{\"@id\":\"https:\\\/\\\/www.quebakan.com\\\/v15\\\/#organization\"},\"potentialAction\":[{\"@type\":\"SearchAction\",\"target\":{\"@type\":\"EntryPoint\",\"urlTemplate\":\"https:\\\/\\\/www.quebakan.com\\\/v15\\\/?s={search_term_string}\"},\"query-input\":{\"@type\":\"PropertyValueSpecification\",\"valueRequired\":true,\"valueName\":\"search_term_string\"}}],\"inLanguage\":\"es\"},{\"@type\":\"Organization\",\"@id\":\"https:\\\/\\\/www.quebakan.com\\\/v15\\\/#organization\",\"name\":\"Quebakan.com\",\"url\":\"https:\\\/\\\/www.quebakan.com\\\/v15\\\/\",\"logo\":{\"@type\":\"ImageObject\",\"inLanguage\":\"es\",\"@id\":\"https:\\\/\\\/www.quebakan.com\\\/v15\\\/#\\\/schema\\\/logo\\\/image\\\/\",\"url\":\"https:\\\/\\\/www.quebakan.com\\\/v15\\\/wp-content\\\/uploads\\\/2023\\\/07\\\/logoquebakanenero2021.jpg\",\"contentUrl\":\"https:\\\/\\\/www.quebakan.com\\\/v15\\\/wp-content\\\/uploads\\\/2023\\\/07\\\/logoquebakanenero2021.jpg\",\"width\":1920,\"height\":1080,\"caption\":\"Quebakan.com\"},\"image\":{\"@id\":\"https:\\\/\\\/www.quebakan.com\\\/v15\\\/#\\\/schema\\\/logo\\\/image\\\/\"},\"sameAs\":[\"http:\\\/\\\/www.facebook.com\\\/quebakan\",\"https:\\\/\\\/x.com\\\/quebakanec\",\"http:\\\/\\\/www.instagram.com\\\/quebakan\",\"http:\\\/\\\/www.youtube.com\\\/quebakan1\"]},{\"@type\":\"Person\",\"@id\":\"https:\\\/\\\/www.quebakan.com\\\/v15\\\/#\\\/schema\\\/person\\\/d90fa9f9cfa81eb8ace9811e5b7b9118\",\"name\":\"Erick Villafuerte\",\"image\":{\"@type\":\"ImageObject\",\"inLanguage\":\"es\",\"@id\":\"https:\\\/\\\/www.quebakan.com\\\/v15\\\/wp-content\\\/uploads\\\/avatars\\\/4\\\/1731297654-bpfull.png\",\"url\":\"https:\\\/\\\/www.quebakan.com\\\/v15\\\/wp-content\\\/uploads\\\/avatars\\\/4\\\/1731297654-bpfull.png\",\"contentUrl\":\"https:\\\/\\\/www.quebakan.com\\\/v15\\\/wp-content\\\/uploads\\\/avatars\\\/4\\\/1731297654-bpfull.png\",\"caption\":\"Erick Villafuerte\"}}]}<\/script>\n<!-- \/ Yoast SEO plugin. -->","yoast_head_json":{"title":"Avon Ecuador refuerza su compromiso con la detecci\u00f3n temprana del c\u00e1ncer de mama a trav\u00e9s de su iniciativa \u201cEstar Para Ellas es Ahora\u201d &#8211; QUEBAKAN.COM 2026: Noticias, Eventos, Conciertos y mucho m\u00e1s....","robots":{"index":"index","follow":"follow","max-snippet":"max-snippet:-1","max-image-preview":"max-image-preview:large","max-video-preview":"max-video-preview:-1"},"canonical":"https:\/\/www.quebakan.com\/v15\/avon-ecuador-refuerza-su-compromiso-con-la-deteccion-temprana-del-cancer-de-mama-a-traves-de-su-iniciativa-estar-para-ellas-es-ahora\/","og_locale":"es_ES","og_type":"article","og_title":"Avon Ecuador refuerza su compromiso con la detecci\u00f3n temprana del c\u00e1ncer de mama a trav\u00e9s de su iniciativa \u201cEstar Para Ellas es Ahora\u201d &#8211; QUEBAKAN.COM 2026: Noticias, Eventos, Conciertos y mucho m\u00e1s....","og_description":"La campa\u00f1a, desplegada en toda la regi\u00f3n, enfoca sus esfuerzos en la concientizaci\u00f3n y en la importancia de la salud mamaria como factor clave para la detecci\u00f3n temprana. A trav\u00e9s de piezas de comunicaci\u00f3n centradas en los medios digitales, se busca abordar el miedo a las pruebas diagn\u00f3sticas, como la mamograf\u00eda, y el temor ante [&hellip;]","og_url":"https:\/\/www.quebakan.com\/v15\/avon-ecuador-refuerza-su-compromiso-con-la-deteccion-temprana-del-cancer-de-mama-a-traves-de-su-iniciativa-estar-para-ellas-es-ahora\/","og_site_name":"QUEBAKAN.COM 2026: Noticias, Eventos, Conciertos y mucho m\u00e1s....","article_publisher":"http:\/\/www.facebook.com\/quebakan","article_published_time":"2025-10-20T21:38:35+00:00","og_image":[{"width":700,"height":467,"url":"https:\/\/www.quebakan.com\/v15\/wp-content\/uploads\/2025\/10\/Cancer-de-mama-3.jpg","type":"image\/jpeg"}],"author":"Erick Villafuerte","twitter_card":"summary_large_image","twitter_creator":"@quebakanec","twitter_site":"@quebakanec","twitter_misc":{"Escrito por":"Erick Villafuerte","Tiempo de lectura":"4 minutos"},"schema":{"@context":"https:\/\/schema.org","@graph":[{"@type":"Article","@id":"https:\/\/www.quebakan.com\/v15\/avon-ecuador-refuerza-su-compromiso-con-la-deteccion-temprana-del-cancer-de-mama-a-traves-de-su-iniciativa-estar-para-ellas-es-ahora\/#article","isPartOf":{"@id":"https:\/\/www.quebakan.com\/v15\/avon-ecuador-refuerza-su-compromiso-con-la-deteccion-temprana-del-cancer-de-mama-a-traves-de-su-iniciativa-estar-para-ellas-es-ahora\/"},"author":{"name":"Erick Villafuerte","@id":"https:\/\/www.quebakan.com\/v15\/#\/schema\/person\/d90fa9f9cfa81eb8ace9811e5b7b9118"},"headline":"Avon Ecuador refuerza su compromiso con la detecci\u00f3n temprana del c\u00e1ncer de mama a trav\u00e9s de su iniciativa \u201cEstar Para Ellas es Ahora\u201d","datePublished":"2025-10-20T21:38:35+00:00","mainEntityOfPage":{"@id":"https:\/\/www.quebakan.com\/v15\/avon-ecuador-refuerza-su-compromiso-con-la-deteccion-temprana-del-cancer-de-mama-a-traves-de-su-iniciativa-estar-para-ellas-es-ahora\/"},"wordCount":680,"publisher":{"@id":"https:\/\/www.quebakan.com\/v15\/#organization"},"image":{"@id":"https:\/\/www.quebakan.com\/v15\/avon-ecuador-refuerza-su-compromiso-con-la-deteccion-temprana-del-cancer-de-mama-a-traves-de-su-iniciativa-estar-para-ellas-es-ahora\/#primaryimage"},"thumbnailUrl":"https:\/\/www.quebakan.com\/v15\/wp-content\/uploads\/2025\/10\/Cancer-de-mama-3.jpg","articleSection":["Noticias"],"inLanguage":"es"},{"@type":"WebPage","@id":"https:\/\/www.quebakan.com\/v15\/avon-ecuador-refuerza-su-compromiso-con-la-deteccion-temprana-del-cancer-de-mama-a-traves-de-su-iniciativa-estar-para-ellas-es-ahora\/","url":"https:\/\/www.quebakan.com\/v15\/avon-ecuador-refuerza-su-compromiso-con-la-deteccion-temprana-del-cancer-de-mama-a-traves-de-su-iniciativa-estar-para-ellas-es-ahora\/","name":"Avon Ecuador refuerza su compromiso con la detecci\u00f3n temprana del c\u00e1ncer de mama a trav\u00e9s de su iniciativa \u201cEstar Para Ellas es Ahora\u201d &#8211; QUEBAKAN.COM 2026: Noticias, Eventos, Conciertos y mucho m\u00e1s....","isPartOf":{"@id":"https:\/\/www.quebakan.com\/v15\/#website"},"primaryImageOfPage":{"@id":"https:\/\/www.quebakan.com\/v15\/avon-ecuador-refuerza-su-compromiso-con-la-deteccion-temprana-del-cancer-de-mama-a-traves-de-su-iniciativa-estar-para-ellas-es-ahora\/#primaryimage"},"image":{"@id":"https:\/\/www.quebakan.com\/v15\/avon-ecuador-refuerza-su-compromiso-con-la-deteccion-temprana-del-cancer-de-mama-a-traves-de-su-iniciativa-estar-para-ellas-es-ahora\/#primaryimage"},"thumbnailUrl":"https:\/\/www.quebakan.com\/v15\/wp-content\/uploads\/2025\/10\/Cancer-de-mama-3.jpg","datePublished":"2025-10-20T21:38:35+00:00","breadcrumb":{"@id":"https:\/\/www.quebakan.com\/v15\/avon-ecuador-refuerza-su-compromiso-con-la-deteccion-temprana-del-cancer-de-mama-a-traves-de-su-iniciativa-estar-para-ellas-es-ahora\/#breadcrumb"},"inLanguage":"es","potentialAction":[{"@type":"ReadAction","target":["https:\/\/www.quebakan.com\/v15\/avon-ecuador-refuerza-su-compromiso-con-la-deteccion-temprana-del-cancer-de-mama-a-traves-de-su-iniciativa-estar-para-ellas-es-ahora\/"]}]},{"@type":"ImageObject","inLanguage":"es","@id":"https:\/\/www.quebakan.com\/v15\/avon-ecuador-refuerza-su-compromiso-con-la-deteccion-temprana-del-cancer-de-mama-a-traves-de-su-iniciativa-estar-para-ellas-es-ahora\/#primaryimage","url":"https:\/\/www.quebakan.com\/v15\/wp-content\/uploads\/2025\/10\/Cancer-de-mama-3.jpg","contentUrl":"https:\/\/www.quebakan.com\/v15\/wp-content\/uploads\/2025\/10\/Cancer-de-mama-3.jpg","width":700,"height":467},{"@type":"BreadcrumbList","@id":"https:\/\/www.quebakan.com\/v15\/avon-ecuador-refuerza-su-compromiso-con-la-deteccion-temprana-del-cancer-de-mama-a-traves-de-su-iniciativa-estar-para-ellas-es-ahora\/#breadcrumb","itemListElement":[{"@type":"ListItem","position":1,"name":"Portada","item":"https:\/\/www.quebakan.com\/v15\/"},{"@type":"ListItem","position":2,"name":"Avon Ecuador refuerza su compromiso con la detecci\u00f3n temprana del c\u00e1ncer de mama a trav\u00e9s de su iniciativa \u201cEstar Para Ellas es Ahora\u201d"}]},{"@type":"WebSite","@id":"https:\/\/www.quebakan.com\/v15\/#website","url":"https:\/\/www.quebakan.com\/v15\/","name":"QUEBAKAN","description":"..","publisher":{"@id":"https:\/\/www.quebakan.com\/v15\/#organization"},"potentialAction":[{"@type":"SearchAction","target":{"@type":"EntryPoint","urlTemplate":"https:\/\/www.quebakan.com\/v15\/?s={search_term_string}"},"query-input":{"@type":"PropertyValueSpecification","valueRequired":true,"valueName":"search_term_string"}}],"inLanguage":"es"},{"@type":"Organization","@id":"https:\/\/www.quebakan.com\/v15\/#organization","name":"Quebakan.com","url":"https:\/\/www.quebakan.com\/v15\/","logo":{"@type":"ImageObject","inLanguage":"es","@id":"https:\/\/www.quebakan.com\/v15\/#\/schema\/logo\/image\/","url":"https:\/\/www.quebakan.com\/v15\/wp-content\/uploads\/2023\/07\/logoquebakanenero2021.jpg","contentUrl":"https:\/\/www.quebakan.com\/v15\/wp-content\/uploads\/2023\/07\/logoquebakanenero2021.jpg","width":1920,"height":1080,"caption":"Quebakan.com"},"image":{"@id":"https:\/\/www.quebakan.com\/v15\/#\/schema\/logo\/image\/"},"sameAs":["http:\/\/www.facebook.com\/quebakan","https:\/\/x.com\/quebakanec","http:\/\/www.instagram.com\/quebakan","http:\/\/www.youtube.com\/quebakan1"]},{"@type":"Person","@id":"https:\/\/www.quebakan.com\/v15\/#\/schema\/person\/d90fa9f9cfa81eb8ace9811e5b7b9118","name":"Erick Villafuerte","image":{"@type":"ImageObject","inLanguage":"es","@id":"https:\/\/www.quebakan.com\/v15\/wp-content\/uploads\/avatars\/4\/1731297654-bpfull.png","url":"https:\/\/www.quebakan.com\/v15\/wp-content\/uploads\/avatars\/4\/1731297654-bpfull.png","contentUrl":"https:\/\/www.quebakan.com\/v15\/wp-content\/uploads\/avatars\/4\/1731297654-bpfull.png","caption":"Erick Villafuerte"}}]}},"_links":{"self":[{"href":"https:\/\/www.quebakan.com\/v15\/wp-json\/wp\/v2\/posts\/136508","targetHints":{"allow":["GET"]}}],"collection":[{"href":"https:\/\/www.quebakan.com\/v15\/wp-json\/wp\/v2\/posts"}],"about":[{"href":"https:\/\/www.quebakan.com\/v15\/wp-json\/wp\/v2\/types\/post"}],"author":[{"embeddable":true,"href":"https:\/\/www.quebakan.com\/v15\/wp-json\/wp\/v2\/users\/4"}],"replies":[{"embeddable":true,"href":"https:\/\/www.quebakan.com\/v15\/wp-json\/wp\/v2\/comments?post=136508"}],"version-history":[{"count":1,"href":"https:\/\/www.quebakan.com\/v15\/wp-json\/wp\/v2\/posts\/136508\/revisions"}],"predecessor-version":[{"id":136512,"href":"https:\/\/www.quebakan.com\/v15\/wp-json\/wp\/v2\/posts\/136508\/revisions\/136512"}],"wp:featuredmedia":[{"embeddable":true,"href":"https:\/\/www.quebakan.com\/v15\/wp-json\/wp\/v2\/media\/136509"}],"wp:attachment":[{"href":"https:\/\/www.quebakan.com\/v15\/wp-json\/wp\/v2\/media?parent=136508"}],"wp:term":[{"taxonomy":"category","embeddable":true,"href":"https:\/\/www.quebakan.com\/v15\/wp-json\/wp\/v2\/categories?post=136508"},{"taxonomy":"post_tag","embeddable":true,"href":"https:\/\/www.quebakan.com\/v15\/wp-json\/wp\/v2\/tags?post=136508"}],"curies":[{"name":"wp","href":"https:\/\/api.w.org\/{rel}","templated":true}]}}