{"id":136513,"date":"2025-10-20T18:04:42","date_gmt":"2025-10-20T23:04:42","guid":{"rendered":"https:\/\/www.quebakan.com\/v15\/?p=136513"},"modified":"2025-10-20T18:04:42","modified_gmt":"2025-10-20T23:04:42","slug":"todo-sobre-el-aion-v-y-aion-ut-autonomia-real-diseno-y-conectividad-sin-concesiones","status":"publish","type":"post","link":"https:\/\/www.quebakan.com\/v15\/todo-sobre-el-aion-v-y-aion-ut-autonomia-real-diseno-y-conectividad-sin-concesiones\/","title":{"rendered":"TODO SOBRE EL AION V Y AION UT: AUTONOM\u00cdA REAL, DISE\u00d1O Y CONECTIVIDAD SIN CONCESIONES"},"content":{"rendered":"<p><img fetchpriority=\"high\" decoding=\"async\" class=\"aligncenter size-full wp-image-136514\" src=\"https:\/\/www.quebakan.com\/v15\/wp-content\/uploads\/2025\/10\/AION-UT.jpg\" alt=\"\" width=\"396\" height=\"700\" \/><\/p>\n<p style=\"text-align: justify;\"><span style=\"color: #000000;\"><strong>Quito, octubre de 2025. \u2013 <\/strong>En un contexto donde muchas marcas a\u00fan tratan la movilidad el\u00e9ctrica como una promesa futura, GAC la vive como presente tangible. La compa\u00f1\u00eda automotriz de origen chino, reconocida globalmente por su innovaci\u00f3n en movilidad sostenible, ha consolidado en Ecuador una propuesta que no solo responde a las expectativas del mercado: las supera. Con el AION V y el AION UT, GAC introduce una nueva forma de entender el transporte urbano y suburbano, sin renunciar al dise\u00f1o, la tecnolog\u00eda o la seguridad. Ambos modelos se suman a una propuesta integral de movilidad urbana liderada por la l\u00ednea AION, que ya incluye a los modelos AION ES y AION Y, que fueron presentados en junio de este a\u00f1o.<\/span><\/p>\n<p style=\"text-align: justify;\"><span style=\"color: #000000;\">Ambos modelos el\u00e9ctricos, aunque con enfoques distintos, representan la filosof\u00eda de GAC: soluciones inteligentes, dise\u00f1o global y autonom\u00eda real. GAC desarrolla autos concebidos desde cero para ser el\u00e9ctricos. En este proceso, la bater\u00eda se integra estructuralmente con la carrocer\u00eda, lo que permite una mejor altura al suelo y un chasis que protege \u00edntegramente la bater\u00eda, incrementando la seguridad del veh\u00edculo y de los pasajeros. El resultado: el AION V y el AION UT son, hoy por hoy, dos de las propuestas m\u00e1s s\u00f3lidas de movilidad el\u00e9ctrica en el pa\u00eds.<\/span><\/p>\n<p style=\"text-align: justify;\"><span style=\"color: #000000;\"><strong>AION V: autonom\u00eda sin concesiones en un SUV el\u00e9ctrico de nueva generaci\u00f3n<\/strong><\/span><\/p>\n<p style=\"text-align: justify;\"><span style=\"color: #000000;\">El AION V, un SUV de tama\u00f1o completo, no solo impresiona por su autonom\u00eda de hasta 650 km (NEDC), sino por su arquitectura sobre la plataforma el\u00e9ctrica GEP 2.0, desarrollada por GAC para maximizar el rendimiento y la eficiencia. Su bater\u00eda LFP Lithium Iron Phosphate puede alcanzar el 80% de carga en apenas 24 minutos con carga r\u00e1pida DC, lo que redefine los tiempos de espera para los usuarios de veh\u00edculos el\u00e9ctricos.<\/span><\/p>\n<p style=\"text-align: justify;\"><span style=\"color: #000000;\">A nivel de dise\u00f1o, el AION V \u2013inspirado en el T-REX\u2013 combina l\u00edneas robustas y aerodin\u00e1micas, faros LED adaptativos e inteligentes (que se ajustan al trazado de la carretera y alternan autom\u00e1ticamente entre luces altas y bajas seg\u00fan el tr\u00e1fico nocturno), y una est\u00e9tica que comunica innovaci\u00f3n sin ser ostentosa. Su interior integra una pantalla de 14,6 pulgadas, comandos por voz, iluminaci\u00f3n ambiental y una conectividad fluida con smartphones, haciendo del habit\u00e1culo un verdadero centro de experiencia digital. En cuanto a seguridad, incorpora 18 asistencias activas de conducci\u00f3n a trav\u00e9s del sistema ADIGO y una estructura reforzada con zonas de deformaci\u00f3n programada, lo que le ha valido una calificaci\u00f3n de cinco estrellas en las pruebas Euro NCAP de 2025.<\/span><\/p>\n<p style=\"text-align: justify;\"><span style=\"color: #000000;\">Dentro del habit\u00e1culo, el confort y la tecnolog\u00eda se integran para crear una experiencia premium: materiales de alta calidad, control por voz, modos de manejo personalizables y ambientaci\u00f3n digital son parte del est\u00e1ndar. El sistema de infoentretenimiento no solo entretiene, sino que tambi\u00e9n gu\u00eda, alerta y asiste en cada trayecto. Entre los detalles diferenciales del equipamiento se incluyen refrigerador, mesa de trabajo, sensor de alcohol y asientos reclinables a 180\u00b0, una caracter\u00edstica com\u00fan en toda la l\u00ednea AION.<\/span><\/p>\n<p style=\"text-align: justify;\"><span style=\"color: #000000;\">El AION V es un SUV que no exige renuncias: ni en potencia, ni en espacio, ni en autonom\u00eda. Su motor el\u00e9ctrico de 201 hp y 240 Nm de torque ofrece una respuesta \u00e1gil y silenciosa, ideal tanto para trayectos urbanos como para viajes largos.<\/span><\/p>\n<p style=\"text-align: justify;\"><span style=\"color: #000000;\"><strong>AION UT: la c\u00e1psula urbana de eficiencia el\u00e9ctrica <\/strong><\/span><\/p>\n<p style=\"text-align: justify;\"><span style=\"color: #000000;\">El AION UT, por su parte, es la expresi\u00f3n urbana de la movilidad el\u00e9ctrica. Dise\u00f1ado en el centro de estilo de GAC en Mil\u00e1n \u2013con una est\u00e9tica inspirada en el universo gr\u00e1fico de Angry Birds\u2013, este hatchback sorprende por su mezcla de agilidad, dise\u00f1o vanguardista y eficiencia. Su motor el\u00e9ctrico de 134 hp y su bater\u00eda LFP le permiten recorrer hasta 420 km con una sola carga. Al igual que el AION UT tambi\u00e9n admite carga r\u00e1pida: del 30% al 80% en apenas 24 minutos, ideal para el d\u00eda a d\u00eda en la ciudad.<\/span><\/p>\n<p style=\"text-align: justify;\"><span style=\"color: #000000;\">Pensado para un p\u00fablico joven, digital y m\u00f3vil, el AION UT apuesta por un lenguaje de dise\u00f1o audaz: techo flotante, espejos retrovisores el\u00e9ctricos, faros LED adaptativos e inteligentes, y una silueta compacta, pero poderosa. En su interior, ofrece una experiencia centrada en el usuario: sistema operativo ADIGO con inteligencia artificial, compatibilidad con Apple CarPlay y Android Auto, pantalla t\u00e1ctil de 14,6\u201d y comandos intuitivos. Es un auto que no solo responde al conductor: piensa con \u00e9l.<\/span><\/p>\n<p style=\"text-align: justify;\"><span style=\"color: #000000;\">En materia de seguridad, el AION UT incorpora una gama completa de tecnolog\u00edas: 4 airbags, freno de emergencia aut\u00f3nomo (AEB), control electr\u00f3nico de estabilidad (VDC), c\u00e1mara de 540\u00b0, sensores de proximidad y freno de estacionamiento electr\u00f3nico, entre otras. Todo esto, en un cuerpo compacto pero resistente, construido con materiales de ultra alta resistencia que permiten reducir el peso sin comprometer la rigidez estructural.<\/span><\/p>\n<p style=\"text-align: justify;\"><span style=\"color: #000000;\">Entre sus modos de conducci\u00f3n, el AION UT ofrece las opciones ECO, COMFORT y SPORT, adapt\u00e1ndose al estilo de manejo del usuario y optimizando consumo o respuesta seg\u00fan las condiciones del camino. Esta versatilidad lo convierte en una excelente opci\u00f3n para quienes necesitan moverse por la ciudad sin fricciones ni sacrificios. En t\u00e9rminos de ergonom\u00eda, tambi\u00e9n incorpora asientos reclinables a 180\u00b0 para una experiencia m\u00e1s confortable en trayectos prolongados o momentos de pausa.<\/span><\/p>\n<p style=\"text-align: justify;\"><span style=\"color: #000000;\"><strong>Una experiencia de marca pensada desde el presente<\/strong><\/span><\/p>\n<p style=\"text-align: justify;\"><span style=\"color: #000000;\">La autonom\u00eda es una promesa cumplida en estos modelos. Tanto el AION V como el AION UT, est\u00e1n dise\u00f1ados para responder a las necesidades reales del usuario ecuatoriano: trayectos largos, tiempos de recarga eficientes, seguridad activa y pasiva, y conectividad sin fricciones. M\u00e1s all\u00e1 de las cifras, ambos veh\u00edculos representan una nueva manera de moverse: libre de emisiones, pero tambi\u00e9n sin concesiones.<\/span><\/p>\n<p style=\"text-align: justify;\"><span style=\"color: #000000;\">\u201cEn GAC creemos que la movilidad el\u00e9ctrica no debe obligarte a elegir entre autonom\u00eda, dise\u00f1o o seguridad. Los modelos AION demuestran que se puede tener todo en un solo veh\u00edculo. Y que el futuro no solo se predice, tambi\u00e9n se maneja\u201d, afirm\u00f3 <strong>Santiago Chucker, Gerente de GAC Ecuador.<\/strong><\/span><\/p>\n<p><img decoding=\"async\" class=\"aligncenter size-full wp-image-136515\" src=\"https:\/\/www.quebakan.com\/v15\/wp-content\/uploads\/2025\/10\/AION-V.jpg\" alt=\"\" width=\"700\" height=\"398\" \/><\/p>\n","protected":false},"excerpt":{"rendered":"<p>Quito, octubre de 2025. \u2013 En un contexto donde muchas marcas a\u00fan tratan la movilidad el\u00e9ctrica como una promesa futura, GAC la vive como presente tangible. La compa\u00f1\u00eda automotriz de origen chino, reconocida globalmente por su innovaci\u00f3n en movilidad sostenible, ha consolidado en Ecuador una propuesta que no solo responde a las expectativas del mercado: [&hellip;]<\/p>\n","protected":false},"author":4,"featured_media":136514,"comment_status":"closed","ping_status":"closed","sticky":false,"template":"","format":"standard","meta":{"_bbp_topic_count":0,"_bbp_reply_count":0,"_bbp_total_topic_count":0,"_bbp_total_reply_count":0,"_bbp_voice_count":0,"_bbp_anonymous_reply_count":0,"_bbp_topic_count_hidden":0,"_bbp_reply_count_hidden":0,"_bbp_forum_subforum_count":0,"buzzeditor_post_format":"","footnotes":""},"categories":[2],"tags":[],"class_list":["post-136513","post","type-post","status-publish","format-standard","has-post-thumbnail","hentry","category-noticias"],"yoast_head":"<!-- This site is optimized with the Yoast SEO plugin v27.5 - https:\/\/yoast.com\/product\/yoast-seo-wordpress\/ -->\n<title>TODO SOBRE EL AION V Y AION UT: AUTONOM\u00cdA REAL, DISE\u00d1O Y CONECTIVIDAD SIN CONCESIONES &#8211; QUEBAKAN.COM 2026: Noticias, Eventos, Conciertos y mucho m\u00e1s....<\/title>\n<meta name=\"robots\" content=\"index, follow, max-snippet:-1, max-image-preview:large, max-video-preview:-1\" \/>\n<link rel=\"canonical\" href=\"https:\/\/www.quebakan.com\/v15\/todo-sobre-el-aion-v-y-aion-ut-autonomia-real-diseno-y-conectividad-sin-concesiones\/\" \/>\n<meta property=\"og:locale\" content=\"es_ES\" \/>\n<meta property=\"og:type\" content=\"article\" \/>\n<meta property=\"og:title\" content=\"TODO SOBRE EL AION V Y AION UT: AUTONOM\u00cdA REAL, DISE\u00d1O Y CONECTIVIDAD SIN CONCESIONES &#8211; QUEBAKAN.COM 2026: Noticias, Eventos, Conciertos y mucho m\u00e1s....\" \/>\n<meta property=\"og:description\" content=\"Quito, octubre de 2025. \u2013 En un contexto donde muchas marcas a\u00fan tratan la movilidad el\u00e9ctrica como una promesa futura, GAC la vive como presente tangible. La compa\u00f1\u00eda automotriz de origen chino, reconocida globalmente por su innovaci\u00f3n en movilidad sostenible, ha consolidado en Ecuador una propuesta que no solo responde a las expectativas del mercado: [&hellip;]\" \/>\n<meta property=\"og:url\" content=\"https:\/\/www.quebakan.com\/v15\/todo-sobre-el-aion-v-y-aion-ut-autonomia-real-diseno-y-conectividad-sin-concesiones\/\" \/>\n<meta property=\"og:site_name\" content=\"QUEBAKAN.COM 2026: Noticias, Eventos, Conciertos y mucho m\u00e1s....\" \/>\n<meta property=\"article:publisher\" content=\"http:\/\/www.facebook.com\/quebakan\" \/>\n<meta property=\"article:published_time\" content=\"2025-10-20T23:04:42+00:00\" \/>\n<meta property=\"og:image\" content=\"https:\/\/www.quebakan.com\/v15\/wp-content\/uploads\/2025\/10\/AION-UT.jpg\" \/>\n\t<meta property=\"og:image:width\" content=\"396\" \/>\n\t<meta property=\"og:image:height\" content=\"700\" \/>\n\t<meta property=\"og:image:type\" content=\"image\/jpeg\" \/>\n<meta name=\"author\" content=\"Erick Villafuerte\" \/>\n<meta name=\"twitter:card\" content=\"summary_large_image\" \/>\n<meta name=\"twitter:creator\" content=\"@quebakanec\" \/>\n<meta name=\"twitter:site\" content=\"@quebakanec\" \/>\n<meta name=\"twitter:label1\" content=\"Escrito por\" \/>\n\t<meta name=\"twitter:data1\" content=\"Erick Villafuerte\" \/>\n\t<meta name=\"twitter:label2\" content=\"Tiempo de lectura\" \/>\n\t<meta name=\"twitter:data2\" content=\"6 minutos\" \/>\n<script type=\"application\/ld+json\" class=\"yoast-schema-graph\">{\"@context\":\"https:\\\/\\\/schema.org\",\"@graph\":[{\"@type\":\"Article\",\"@id\":\"https:\\\/\\\/www.quebakan.com\\\/v15\\\/todo-sobre-el-aion-v-y-aion-ut-autonomia-real-diseno-y-conectividad-sin-concesiones\\\/#article\",\"isPartOf\":{\"@id\":\"https:\\\/\\\/www.quebakan.com\\\/v15\\\/todo-sobre-el-aion-v-y-aion-ut-autonomia-real-diseno-y-conectividad-sin-concesiones\\\/\"},\"author\":{\"name\":\"Erick Villafuerte\",\"@id\":\"https:\\\/\\\/www.quebakan.com\\\/v15\\\/#\\\/schema\\\/person\\\/d90fa9f9cfa81eb8ace9811e5b7b9118\"},\"headline\":\"TODO SOBRE EL AION V Y AION UT: AUTONOM\u00cdA REAL, DISE\u00d1O Y CONECTIVIDAD SIN CONCESIONES\",\"datePublished\":\"2025-10-20T23:04:42+00:00\",\"mainEntityOfPage\":{\"@id\":\"https:\\\/\\\/www.quebakan.com\\\/v15\\\/todo-sobre-el-aion-v-y-aion-ut-autonomia-real-diseno-y-conectividad-sin-concesiones\\\/\"},\"wordCount\":1064,\"publisher\":{\"@id\":\"https:\\\/\\\/www.quebakan.com\\\/v15\\\/#organization\"},\"image\":{\"@id\":\"https:\\\/\\\/www.quebakan.com\\\/v15\\\/todo-sobre-el-aion-v-y-aion-ut-autonomia-real-diseno-y-conectividad-sin-concesiones\\\/#primaryimage\"},\"thumbnailUrl\":\"https:\\\/\\\/www.quebakan.com\\\/v15\\\/wp-content\\\/uploads\\\/2025\\\/10\\\/AION-UT.jpg\",\"articleSection\":[\"Noticias\"],\"inLanguage\":\"es\"},{\"@type\":\"WebPage\",\"@id\":\"https:\\\/\\\/www.quebakan.com\\\/v15\\\/todo-sobre-el-aion-v-y-aion-ut-autonomia-real-diseno-y-conectividad-sin-concesiones\\\/\",\"url\":\"https:\\\/\\\/www.quebakan.com\\\/v15\\\/todo-sobre-el-aion-v-y-aion-ut-autonomia-real-diseno-y-conectividad-sin-concesiones\\\/\",\"name\":\"TODO SOBRE EL AION V Y AION UT: AUTONOM\u00cdA REAL, DISE\u00d1O Y CONECTIVIDAD SIN CONCESIONES &#8211; QUEBAKAN.COM 2026: Noticias, Eventos, Conciertos y mucho m\u00e1s....\",\"isPartOf\":{\"@id\":\"https:\\\/\\\/www.quebakan.com\\\/v15\\\/#website\"},\"primaryImageOfPage\":{\"@id\":\"https:\\\/\\\/www.quebakan.com\\\/v15\\\/todo-sobre-el-aion-v-y-aion-ut-autonomia-real-diseno-y-conectividad-sin-concesiones\\\/#primaryimage\"},\"image\":{\"@id\":\"https:\\\/\\\/www.quebakan.com\\\/v15\\\/todo-sobre-el-aion-v-y-aion-ut-autonomia-real-diseno-y-conectividad-sin-concesiones\\\/#primaryimage\"},\"thumbnailUrl\":\"https:\\\/\\\/www.quebakan.com\\\/v15\\\/wp-content\\\/uploads\\\/2025\\\/10\\\/AION-UT.jpg\",\"datePublished\":\"2025-10-20T23:04:42+00:00\",\"breadcrumb\":{\"@id\":\"https:\\\/\\\/www.quebakan.com\\\/v15\\\/todo-sobre-el-aion-v-y-aion-ut-autonomia-real-diseno-y-conectividad-sin-concesiones\\\/#breadcrumb\"},\"inLanguage\":\"es\",\"potentialAction\":[{\"@type\":\"ReadAction\",\"target\":[\"https:\\\/\\\/www.quebakan.com\\\/v15\\\/todo-sobre-el-aion-v-y-aion-ut-autonomia-real-diseno-y-conectividad-sin-concesiones\\\/\"]}]},{\"@type\":\"ImageObject\",\"inLanguage\":\"es\",\"@id\":\"https:\\\/\\\/www.quebakan.com\\\/v15\\\/todo-sobre-el-aion-v-y-aion-ut-autonomia-real-diseno-y-conectividad-sin-concesiones\\\/#primaryimage\",\"url\":\"https:\\\/\\\/www.quebakan.com\\\/v15\\\/wp-content\\\/uploads\\\/2025\\\/10\\\/AION-UT.jpg\",\"contentUrl\":\"https:\\\/\\\/www.quebakan.com\\\/v15\\\/wp-content\\\/uploads\\\/2025\\\/10\\\/AION-UT.jpg\",\"width\":396,\"height\":700},{\"@type\":\"BreadcrumbList\",\"@id\":\"https:\\\/\\\/www.quebakan.com\\\/v15\\\/todo-sobre-el-aion-v-y-aion-ut-autonomia-real-diseno-y-conectividad-sin-concesiones\\\/#breadcrumb\",\"itemListElement\":[{\"@type\":\"ListItem\",\"position\":1,\"name\":\"Portada\",\"item\":\"https:\\\/\\\/www.quebakan.com\\\/v15\\\/\"},{\"@type\":\"ListItem\",\"position\":2,\"name\":\"TODO SOBRE EL AION V Y AION UT: AUTONOM\u00cdA REAL, DISE\u00d1O Y CONECTIVIDAD SIN CONCESIONES\"}]},{\"@type\":\"WebSite\",\"@id\":\"https:\\\/\\\/www.quebakan.com\\\/v15\\\/#website\",\"url\":\"https:\\\/\\\/www.quebakan.com\\\/v15\\\/\",\"name\":\"QUEBAKAN\",\"description\":\"..\",\"publisher\":{\"@id\":\"https:\\\/\\\/www.quebakan.com\\\/v15\\\/#organization\"},\"potentialAction\":[{\"@type\":\"SearchAction\",\"target\":{\"@type\":\"EntryPoint\",\"urlTemplate\":\"https:\\\/\\\/www.quebakan.com\\\/v15\\\/?s={search_term_string}\"},\"query-input\":{\"@type\":\"PropertyValueSpecification\",\"valueRequired\":true,\"valueName\":\"search_term_string\"}}],\"inLanguage\":\"es\"},{\"@type\":\"Organization\",\"@id\":\"https:\\\/\\\/www.quebakan.com\\\/v15\\\/#organization\",\"name\":\"Quebakan.com\",\"url\":\"https:\\\/\\\/www.quebakan.com\\\/v15\\\/\",\"logo\":{\"@type\":\"ImageObject\",\"inLanguage\":\"es\",\"@id\":\"https:\\\/\\\/www.quebakan.com\\\/v15\\\/#\\\/schema\\\/logo\\\/image\\\/\",\"url\":\"https:\\\/\\\/www.quebakan.com\\\/v15\\\/wp-content\\\/uploads\\\/2023\\\/07\\\/logoquebakanenero2021.jpg\",\"contentUrl\":\"https:\\\/\\\/www.quebakan.com\\\/v15\\\/wp-content\\\/uploads\\\/2023\\\/07\\\/logoquebakanenero2021.jpg\",\"width\":1920,\"height\":1080,\"caption\":\"Quebakan.com\"},\"image\":{\"@id\":\"https:\\\/\\\/www.quebakan.com\\\/v15\\\/#\\\/schema\\\/logo\\\/image\\\/\"},\"sameAs\":[\"http:\\\/\\\/www.facebook.com\\\/quebakan\",\"https:\\\/\\\/x.com\\\/quebakanec\",\"http:\\\/\\\/www.instagram.com\\\/quebakan\",\"http:\\\/\\\/www.youtube.com\\\/quebakan1\"]},{\"@type\":\"Person\",\"@id\":\"https:\\\/\\\/www.quebakan.com\\\/v15\\\/#\\\/schema\\\/person\\\/d90fa9f9cfa81eb8ace9811e5b7b9118\",\"name\":\"Erick Villafuerte\",\"image\":{\"@type\":\"ImageObject\",\"inLanguage\":\"es\",\"@id\":\"https:\\\/\\\/www.quebakan.com\\\/v15\\\/wp-content\\\/uploads\\\/avatars\\\/4\\\/1731297654-bpfull.png\",\"url\":\"https:\\\/\\\/www.quebakan.com\\\/v15\\\/wp-content\\\/uploads\\\/avatars\\\/4\\\/1731297654-bpfull.png\",\"contentUrl\":\"https:\\\/\\\/www.quebakan.com\\\/v15\\\/wp-content\\\/uploads\\\/avatars\\\/4\\\/1731297654-bpfull.png\",\"caption\":\"Erick Villafuerte\"}}]}<\/script>\n<!-- \/ Yoast SEO plugin. -->","yoast_head_json":{"title":"TODO SOBRE EL AION V Y AION UT: AUTONOM\u00cdA REAL, DISE\u00d1O Y CONECTIVIDAD SIN CONCESIONES &#8211; QUEBAKAN.COM 2026: Noticias, Eventos, Conciertos y mucho m\u00e1s....","robots":{"index":"index","follow":"follow","max-snippet":"max-snippet:-1","max-image-preview":"max-image-preview:large","max-video-preview":"max-video-preview:-1"},"canonical":"https:\/\/www.quebakan.com\/v15\/todo-sobre-el-aion-v-y-aion-ut-autonomia-real-diseno-y-conectividad-sin-concesiones\/","og_locale":"es_ES","og_type":"article","og_title":"TODO SOBRE EL AION V Y AION UT: AUTONOM\u00cdA REAL, DISE\u00d1O Y CONECTIVIDAD SIN CONCESIONES &#8211; QUEBAKAN.COM 2026: Noticias, Eventos, Conciertos y mucho m\u00e1s....","og_description":"Quito, octubre de 2025. \u2013 En un contexto donde muchas marcas a\u00fan tratan la movilidad el\u00e9ctrica como una promesa futura, GAC la vive como presente tangible. La compa\u00f1\u00eda automotriz de origen chino, reconocida globalmente por su innovaci\u00f3n en movilidad sostenible, ha consolidado en Ecuador una propuesta que no solo responde a las expectativas del mercado: [&hellip;]","og_url":"https:\/\/www.quebakan.com\/v15\/todo-sobre-el-aion-v-y-aion-ut-autonomia-real-diseno-y-conectividad-sin-concesiones\/","og_site_name":"QUEBAKAN.COM 2026: Noticias, Eventos, Conciertos y mucho m\u00e1s....","article_publisher":"http:\/\/www.facebook.com\/quebakan","article_published_time":"2025-10-20T23:04:42+00:00","og_image":[{"width":396,"height":700,"url":"https:\/\/www.quebakan.com\/v15\/wp-content\/uploads\/2025\/10\/AION-UT.jpg","type":"image\/jpeg"}],"author":"Erick Villafuerte","twitter_card":"summary_large_image","twitter_creator":"@quebakanec","twitter_site":"@quebakanec","twitter_misc":{"Escrito por":"Erick Villafuerte","Tiempo de lectura":"6 minutos"},"schema":{"@context":"https:\/\/schema.org","@graph":[{"@type":"Article","@id":"https:\/\/www.quebakan.com\/v15\/todo-sobre-el-aion-v-y-aion-ut-autonomia-real-diseno-y-conectividad-sin-concesiones\/#article","isPartOf":{"@id":"https:\/\/www.quebakan.com\/v15\/todo-sobre-el-aion-v-y-aion-ut-autonomia-real-diseno-y-conectividad-sin-concesiones\/"},"author":{"name":"Erick Villafuerte","@id":"https:\/\/www.quebakan.com\/v15\/#\/schema\/person\/d90fa9f9cfa81eb8ace9811e5b7b9118"},"headline":"TODO SOBRE EL AION V Y AION UT: AUTONOM\u00cdA REAL, DISE\u00d1O Y CONECTIVIDAD SIN CONCESIONES","datePublished":"2025-10-20T23:04:42+00:00","mainEntityOfPage":{"@id":"https:\/\/www.quebakan.com\/v15\/todo-sobre-el-aion-v-y-aion-ut-autonomia-real-diseno-y-conectividad-sin-concesiones\/"},"wordCount":1064,"publisher":{"@id":"https:\/\/www.quebakan.com\/v15\/#organization"},"image":{"@id":"https:\/\/www.quebakan.com\/v15\/todo-sobre-el-aion-v-y-aion-ut-autonomia-real-diseno-y-conectividad-sin-concesiones\/#primaryimage"},"thumbnailUrl":"https:\/\/www.quebakan.com\/v15\/wp-content\/uploads\/2025\/10\/AION-UT.jpg","articleSection":["Noticias"],"inLanguage":"es"},{"@type":"WebPage","@id":"https:\/\/www.quebakan.com\/v15\/todo-sobre-el-aion-v-y-aion-ut-autonomia-real-diseno-y-conectividad-sin-concesiones\/","url":"https:\/\/www.quebakan.com\/v15\/todo-sobre-el-aion-v-y-aion-ut-autonomia-real-diseno-y-conectividad-sin-concesiones\/","name":"TODO SOBRE EL AION V Y AION UT: AUTONOM\u00cdA REAL, DISE\u00d1O Y CONECTIVIDAD SIN CONCESIONES &#8211; QUEBAKAN.COM 2026: Noticias, Eventos, Conciertos y mucho m\u00e1s....","isPartOf":{"@id":"https:\/\/www.quebakan.com\/v15\/#website"},"primaryImageOfPage":{"@id":"https:\/\/www.quebakan.com\/v15\/todo-sobre-el-aion-v-y-aion-ut-autonomia-real-diseno-y-conectividad-sin-concesiones\/#primaryimage"},"image":{"@id":"https:\/\/www.quebakan.com\/v15\/todo-sobre-el-aion-v-y-aion-ut-autonomia-real-diseno-y-conectividad-sin-concesiones\/#primaryimage"},"thumbnailUrl":"https:\/\/www.quebakan.com\/v15\/wp-content\/uploads\/2025\/10\/AION-UT.jpg","datePublished":"2025-10-20T23:04:42+00:00","breadcrumb":{"@id":"https:\/\/www.quebakan.com\/v15\/todo-sobre-el-aion-v-y-aion-ut-autonomia-real-diseno-y-conectividad-sin-concesiones\/#breadcrumb"},"inLanguage":"es","potentialAction":[{"@type":"ReadAction","target":["https:\/\/www.quebakan.com\/v15\/todo-sobre-el-aion-v-y-aion-ut-autonomia-real-diseno-y-conectividad-sin-concesiones\/"]}]},{"@type":"ImageObject","inLanguage":"es","@id":"https:\/\/www.quebakan.com\/v15\/todo-sobre-el-aion-v-y-aion-ut-autonomia-real-diseno-y-conectividad-sin-concesiones\/#primaryimage","url":"https:\/\/www.quebakan.com\/v15\/wp-content\/uploads\/2025\/10\/AION-UT.jpg","contentUrl":"https:\/\/www.quebakan.com\/v15\/wp-content\/uploads\/2025\/10\/AION-UT.jpg","width":396,"height":700},{"@type":"BreadcrumbList","@id":"https:\/\/www.quebakan.com\/v15\/todo-sobre-el-aion-v-y-aion-ut-autonomia-real-diseno-y-conectividad-sin-concesiones\/#breadcrumb","itemListElement":[{"@type":"ListItem","position":1,"name":"Portada","item":"https:\/\/www.quebakan.com\/v15\/"},{"@type":"ListItem","position":2,"name":"TODO SOBRE EL AION V Y AION UT: AUTONOM\u00cdA REAL, DISE\u00d1O Y CONECTIVIDAD SIN CONCESIONES"}]},{"@type":"WebSite","@id":"https:\/\/www.quebakan.com\/v15\/#website","url":"https:\/\/www.quebakan.com\/v15\/","name":"QUEBAKAN","description":"..","publisher":{"@id":"https:\/\/www.quebakan.com\/v15\/#organization"},"potentialAction":[{"@type":"SearchAction","target":{"@type":"EntryPoint","urlTemplate":"https:\/\/www.quebakan.com\/v15\/?s={search_term_string}"},"query-input":{"@type":"PropertyValueSpecification","valueRequired":true,"valueName":"search_term_string"}}],"inLanguage":"es"},{"@type":"Organization","@id":"https:\/\/www.quebakan.com\/v15\/#organization","name":"Quebakan.com","url":"https:\/\/www.quebakan.com\/v15\/","logo":{"@type":"ImageObject","inLanguage":"es","@id":"https:\/\/www.quebakan.com\/v15\/#\/schema\/logo\/image\/","url":"https:\/\/www.quebakan.com\/v15\/wp-content\/uploads\/2023\/07\/logoquebakanenero2021.jpg","contentUrl":"https:\/\/www.quebakan.com\/v15\/wp-content\/uploads\/2023\/07\/logoquebakanenero2021.jpg","width":1920,"height":1080,"caption":"Quebakan.com"},"image":{"@id":"https:\/\/www.quebakan.com\/v15\/#\/schema\/logo\/image\/"},"sameAs":["http:\/\/www.facebook.com\/quebakan","https:\/\/x.com\/quebakanec","http:\/\/www.instagram.com\/quebakan","http:\/\/www.youtube.com\/quebakan1"]},{"@type":"Person","@id":"https:\/\/www.quebakan.com\/v15\/#\/schema\/person\/d90fa9f9cfa81eb8ace9811e5b7b9118","name":"Erick Villafuerte","image":{"@type":"ImageObject","inLanguage":"es","@id":"https:\/\/www.quebakan.com\/v15\/wp-content\/uploads\/avatars\/4\/1731297654-bpfull.png","url":"https:\/\/www.quebakan.com\/v15\/wp-content\/uploads\/avatars\/4\/1731297654-bpfull.png","contentUrl":"https:\/\/www.quebakan.com\/v15\/wp-content\/uploads\/avatars\/4\/1731297654-bpfull.png","caption":"Erick Villafuerte"}}]}},"_links":{"self":[{"href":"https:\/\/www.quebakan.com\/v15\/wp-json\/wp\/v2\/posts\/136513","targetHints":{"allow":["GET"]}}],"collection":[{"href":"https:\/\/www.quebakan.com\/v15\/wp-json\/wp\/v2\/posts"}],"about":[{"href":"https:\/\/www.quebakan.com\/v15\/wp-json\/wp\/v2\/types\/post"}],"author":[{"embeddable":true,"href":"https:\/\/www.quebakan.com\/v15\/wp-json\/wp\/v2\/users\/4"}],"replies":[{"embeddable":true,"href":"https:\/\/www.quebakan.com\/v15\/wp-json\/wp\/v2\/comments?post=136513"}],"version-history":[{"count":1,"href":"https:\/\/www.quebakan.com\/v15\/wp-json\/wp\/v2\/posts\/136513\/revisions"}],"predecessor-version":[{"id":136516,"href":"https:\/\/www.quebakan.com\/v15\/wp-json\/wp\/v2\/posts\/136513\/revisions\/136516"}],"wp:featuredmedia":[{"embeddable":true,"href":"https:\/\/www.quebakan.com\/v15\/wp-json\/wp\/v2\/media\/136514"}],"wp:attachment":[{"href":"https:\/\/www.quebakan.com\/v15\/wp-json\/wp\/v2\/media?parent=136513"}],"wp:term":[{"taxonomy":"category","embeddable":true,"href":"https:\/\/www.quebakan.com\/v15\/wp-json\/wp\/v2\/categories?post=136513"},{"taxonomy":"post_tag","embeddable":true,"href":"https:\/\/www.quebakan.com\/v15\/wp-json\/wp\/v2\/tags?post=136513"}],"curies":[{"name":"wp","href":"https:\/\/api.w.org\/{rel}","templated":true}]}}