{"id":136517,"date":"2025-10-20T18:08:37","date_gmt":"2025-10-20T23:08:37","guid":{"rendered":"https:\/\/www.quebakan.com\/v15\/?p=136517"},"modified":"2025-10-20T18:08:37","modified_gmt":"2025-10-20T23:08:37","slug":"el-lado-verde-de-la-leche-innovacion-y-sostenibilidad-en-la-industria-lactea","status":"publish","type":"post","link":"https:\/\/www.quebakan.com\/v15\/el-lado-verde-de-la-leche-innovacion-y-sostenibilidad-en-la-industria-lactea\/","title":{"rendered":"El lado verde de la leche: innovaci\u00f3n y sostenibilidad en la industria l\u00e1ctea"},"content":{"rendered":"<p><img fetchpriority=\"high\" decoding=\"async\" class=\"aligncenter size-full wp-image-136518\" src=\"https:\/\/www.quebakan.com\/v15\/wp-content\/uploads\/2025\/10\/innovacion-lactea.jpg\" alt=\"\" width=\"700\" height=\"394\" \/><\/p>\n<p style=\"text-align: justify;\"><span style=\"color: #000000;\">Seg\u00fan el Centro de la Industria L\u00e1ctea del Ecuador (CIL), en 2024 la producci\u00f3n diaria de leche cruda alcanz\u00f3 5,3 millones de litros, posicionando al pa\u00eds como un referente en la regi\u00f3n andina. Este desempe\u00f1o refleja el potencial de crecimiento en producci\u00f3n y transformaci\u00f3n de l\u00e1cteos, impulsado por la capacidad de innovar en procesos y productos que fortalecen la diversificaci\u00f3n, la sostenibilidad y la competitividad internacional.<\/span><\/p>\n<p style=\"text-align: justify;\"><span style=\"color: #000000;\">En este contexto, la innovaci\u00f3n l\u00e1ctea se ha convertido en una estrategia esencial que impulsa la econom\u00eda y responde a consumidores cada vez m\u00e1s conscientes. <em>\u201cLa innovaci\u00f3n en el sector l\u00e1cteo es la clave para generar valor en cada etapa de la cadena, desde el productor hasta el consumidor final. Nos permite ofrecer calidad, sostenibilidad y diferenciaci\u00f3n sin perder la esencia de nuestra tradici\u00f3n\u201d<\/em>, se\u00f1ala Andr\u00e9s Bolek, Gerente de Comunicaci\u00f3n y Trade Marketing de Vita Alimentos.<\/span><\/p>\n<p style=\"text-align: justify;\"><span style=\"color: #000000;\">A continuaci\u00f3n, se presentan los principales avances que marcan el futuro de la industria en el pa\u00eds.<\/span><\/p>\n<ul style=\"text-align: justify;\">\n<li><span style=\"color: #000000;\"><strong>Productos que marcan tendencia:<\/strong> El sector l\u00e1cteo ecuatoriano moviliz\u00f3 alrededor de USD 1.091 millones en 2024, seg\u00fan el CIL. Este peso econ\u00f3mico impulsa la diversificaci\u00f3n hacia productos de mayor valor agregado como leches deslactosadas y fortificadas, yogures probi\u00f3ticos, quesos diferenciados y mantequillas con procesos mejorados. Estas alternativas responden a un consumidor m\u00e1s consciente de su salud y nutrici\u00f3n y al mismo tiempo abren oportunidades en mercados internacionales que demandan calidad y diferenciaci\u00f3n. Este panorama exige a la industria mantenerse en constante innovaci\u00f3n. Empresas como Vita Alimentos lideran esta transformaci\u00f3n con procesos sostenibles y un enfoque estrat\u00e9gico en la calidad.<\/span><\/li>\n<li><span style=\"color: #000000;\"><strong>Procesos que generan confianza:<\/strong> La modernizaci\u00f3n tecnol\u00f3gica se ha convertido en un factor determinante para elevar la competitividad de la industria. Hoy las plantas l\u00e1cteas en Ecuador invierten en sistemas de trazabilidad, controles digitales y laboratorios de precisi\u00f3n que garantizan inocuidad y confianza en cada producto. Un ejemplo de este avance es Vita Alimentos, cuyo laboratorio renov\u00f3 en 2025 la acreditaci\u00f3n internacional ISO 17025 tras superar con \u00e9xito ensayos interlaboratoriales que validaron la precisi\u00f3n de sus procesos anal\u00edticos.<\/span><\/li>\n<li><span style=\"color: #000000;\"><strong>Sostenibilidad con impacto visible:<\/strong> La innovaci\u00f3n tambi\u00e9n se refleja en la manera en que el sector asume su responsabilidad ambiental. Seg\u00fan la Organizaci\u00f3n de las Naciones Unidas para la Agricultura y la Alimentaci\u00f3n FAO (2023), la ganader\u00eda concentra alrededor del 43 % de las emisiones de gases de efecto invernadero del sector agr\u00edcola en Ecuador. Frente a este escenario, las empresas impulsan acciones concretas como la instalaci\u00f3n de biodigestores en haciendas y la implementaci\u00f3n de empaques reciclables. Vita Alimentos, ha integrado estas pr\u00e1cticas en su cadena de valor como parte de su compromiso con un futuro m\u00e1s sostenible. La compa\u00f1\u00eda ha adoptado la tecnolog\u00eda Tetra Gemina\u00ae Aseptic, que contribuye a reducir residuos y facilita el reciclaje de los envases.<\/span><\/li>\n<\/ul>\n<p style=\"text-align: justify;\"><span style=\"color: #000000;\"><em>\u201cLa innovaci\u00f3n en el sector l\u00e1cteo ecuatoriano es mucho m\u00e1s que una estrategia, es una apuesta por el futuro del pa\u00eds. Cada litro producido refleja el esfuerzo de miles de familias y la visi\u00f3n de una industria que busca crecer de forma responsable. Los avances en productos diversificados, procesos m\u00e1s confiables y pr\u00e1cticas sostenibles muestran que Ecuador no solo sigue la tendencia global, sino que tiene la capacidad de liderar en la regi\u00f3n\u201d<\/em> Enfatiz\u00f3 Andr\u00e9s Bolek, Gerente de Comunicaci\u00f3n y Trade Marketing de Vita Alimentos.<\/span><\/p>\n<p style=\"text-align: justify;\"><span style=\"color: #000000;\">Integrar tecnolog\u00eda, calidad y compromiso ambiental es el camino para consolidar la confianza de los consumidores y abrir nuevas oportunidades en mercados internacionales. El desaf\u00edo ahora es mantener este ritmo de transformaci\u00f3n y asegurar que la innovaci\u00f3n contin\u00fae siendo el motor que impulsa competitividad, bienestar y desarrollo sostenible para todos.<\/span><\/p>\n","protected":false},"excerpt":{"rendered":"<p>Seg\u00fan el Centro de la Industria L\u00e1ctea del Ecuador (CIL), en 2024 la producci\u00f3n diaria de leche cruda alcanz\u00f3 5,3 millones de litros, posicionando al pa\u00eds como un referente en la regi\u00f3n andina. Este desempe\u00f1o refleja el potencial de crecimiento en producci\u00f3n y transformaci\u00f3n de l\u00e1cteos, impulsado por la capacidad de innovar en procesos y [&hellip;]<\/p>\n","protected":false},"author":4,"featured_media":136518,"comment_status":"closed","ping_status":"closed","sticky":false,"template":"","format":"standard","meta":{"_bbp_topic_count":0,"_bbp_reply_count":0,"_bbp_total_topic_count":0,"_bbp_total_reply_count":0,"_bbp_voice_count":0,"_bbp_anonymous_reply_count":0,"_bbp_topic_count_hidden":0,"_bbp_reply_count_hidden":0,"_bbp_forum_subforum_count":0,"buzzeditor_post_format":"","footnotes":""},"categories":[2],"tags":[],"class_list":["post-136517","post","type-post","status-publish","format-standard","has-post-thumbnail","hentry","category-noticias"],"yoast_head":"<!-- This site is optimized with the Yoast SEO plugin v27.5 - https:\/\/yoast.com\/product\/yoast-seo-wordpress\/ -->\n<title>El lado verde de la leche: innovaci\u00f3n y sostenibilidad en la industria l\u00e1ctea &#8211; QUEBAKAN.COM 2026: Noticias, Eventos, Conciertos y mucho m\u00e1s....<\/title>\n<meta name=\"robots\" content=\"index, follow, max-snippet:-1, max-image-preview:large, max-video-preview:-1\" \/>\n<link rel=\"canonical\" href=\"https:\/\/www.quebakan.com\/v15\/el-lado-verde-de-la-leche-innovacion-y-sostenibilidad-en-la-industria-lactea\/\" \/>\n<meta property=\"og:locale\" content=\"es_ES\" \/>\n<meta property=\"og:type\" content=\"article\" \/>\n<meta property=\"og:title\" content=\"El lado verde de la leche: innovaci\u00f3n y sostenibilidad en la industria l\u00e1ctea &#8211; QUEBAKAN.COM 2026: Noticias, Eventos, Conciertos y mucho m\u00e1s....\" \/>\n<meta property=\"og:description\" content=\"Seg\u00fan el Centro de la Industria L\u00e1ctea del Ecuador (CIL), en 2024 la producci\u00f3n diaria de leche cruda alcanz\u00f3 5,3 millones de litros, posicionando al pa\u00eds como un referente en la regi\u00f3n andina. Este desempe\u00f1o refleja el potencial de crecimiento en producci\u00f3n y transformaci\u00f3n de l\u00e1cteos, impulsado por la capacidad de innovar en procesos y [&hellip;]\" \/>\n<meta property=\"og:url\" content=\"https:\/\/www.quebakan.com\/v15\/el-lado-verde-de-la-leche-innovacion-y-sostenibilidad-en-la-industria-lactea\/\" \/>\n<meta property=\"og:site_name\" content=\"QUEBAKAN.COM 2026: Noticias, Eventos, Conciertos y mucho m\u00e1s....\" \/>\n<meta property=\"article:publisher\" content=\"http:\/\/www.facebook.com\/quebakan\" \/>\n<meta property=\"article:published_time\" content=\"2025-10-20T23:08:37+00:00\" \/>\n<meta property=\"og:image\" content=\"https:\/\/www.quebakan.com\/v15\/wp-content\/uploads\/2025\/10\/innovacion-lactea.jpg\" \/>\n\t<meta property=\"og:image:width\" content=\"700\" \/>\n\t<meta property=\"og:image:height\" content=\"394\" \/>\n\t<meta property=\"og:image:type\" content=\"image\/jpeg\" \/>\n<meta name=\"author\" content=\"Erick Villafuerte\" \/>\n<meta name=\"twitter:card\" content=\"summary_large_image\" \/>\n<meta name=\"twitter:creator\" content=\"@quebakanec\" \/>\n<meta name=\"twitter:site\" content=\"@quebakanec\" \/>\n<meta name=\"twitter:label1\" content=\"Escrito por\" \/>\n\t<meta name=\"twitter:data1\" content=\"Erick Villafuerte\" \/>\n\t<meta name=\"twitter:label2\" content=\"Tiempo de lectura\" \/>\n\t<meta name=\"twitter:data2\" content=\"4 minutos\" \/>\n<script type=\"application\/ld+json\" class=\"yoast-schema-graph\">{\"@context\":\"https:\\\/\\\/schema.org\",\"@graph\":[{\"@type\":\"Article\",\"@id\":\"https:\\\/\\\/www.quebakan.com\\\/v15\\\/el-lado-verde-de-la-leche-innovacion-y-sostenibilidad-en-la-industria-lactea\\\/#article\",\"isPartOf\":{\"@id\":\"https:\\\/\\\/www.quebakan.com\\\/v15\\\/el-lado-verde-de-la-leche-innovacion-y-sostenibilidad-en-la-industria-lactea\\\/\"},\"author\":{\"name\":\"Erick Villafuerte\",\"@id\":\"https:\\\/\\\/www.quebakan.com\\\/v15\\\/#\\\/schema\\\/person\\\/d90fa9f9cfa81eb8ace9811e5b7b9118\"},\"headline\":\"El lado verde de la leche: innovaci\u00f3n y sostenibilidad en la industria l\u00e1ctea\",\"datePublished\":\"2025-10-20T23:08:37+00:00\",\"mainEntityOfPage\":{\"@id\":\"https:\\\/\\\/www.quebakan.com\\\/v15\\\/el-lado-verde-de-la-leche-innovacion-y-sostenibilidad-en-la-industria-lactea\\\/\"},\"wordCount\":665,\"publisher\":{\"@id\":\"https:\\\/\\\/www.quebakan.com\\\/v15\\\/#organization\"},\"image\":{\"@id\":\"https:\\\/\\\/www.quebakan.com\\\/v15\\\/el-lado-verde-de-la-leche-innovacion-y-sostenibilidad-en-la-industria-lactea\\\/#primaryimage\"},\"thumbnailUrl\":\"https:\\\/\\\/www.quebakan.com\\\/v15\\\/wp-content\\\/uploads\\\/2025\\\/10\\\/innovacion-lactea.jpg\",\"articleSection\":[\"Noticias\"],\"inLanguage\":\"es\"},{\"@type\":\"WebPage\",\"@id\":\"https:\\\/\\\/www.quebakan.com\\\/v15\\\/el-lado-verde-de-la-leche-innovacion-y-sostenibilidad-en-la-industria-lactea\\\/\",\"url\":\"https:\\\/\\\/www.quebakan.com\\\/v15\\\/el-lado-verde-de-la-leche-innovacion-y-sostenibilidad-en-la-industria-lactea\\\/\",\"name\":\"El lado verde de la leche: innovaci\u00f3n y sostenibilidad en la industria l\u00e1ctea &#8211; QUEBAKAN.COM 2026: Noticias, Eventos, Conciertos y mucho m\u00e1s....\",\"isPartOf\":{\"@id\":\"https:\\\/\\\/www.quebakan.com\\\/v15\\\/#website\"},\"primaryImageOfPage\":{\"@id\":\"https:\\\/\\\/www.quebakan.com\\\/v15\\\/el-lado-verde-de-la-leche-innovacion-y-sostenibilidad-en-la-industria-lactea\\\/#primaryimage\"},\"image\":{\"@id\":\"https:\\\/\\\/www.quebakan.com\\\/v15\\\/el-lado-verde-de-la-leche-innovacion-y-sostenibilidad-en-la-industria-lactea\\\/#primaryimage\"},\"thumbnailUrl\":\"https:\\\/\\\/www.quebakan.com\\\/v15\\\/wp-content\\\/uploads\\\/2025\\\/10\\\/innovacion-lactea.jpg\",\"datePublished\":\"2025-10-20T23:08:37+00:00\",\"breadcrumb\":{\"@id\":\"https:\\\/\\\/www.quebakan.com\\\/v15\\\/el-lado-verde-de-la-leche-innovacion-y-sostenibilidad-en-la-industria-lactea\\\/#breadcrumb\"},\"inLanguage\":\"es\",\"potentialAction\":[{\"@type\":\"ReadAction\",\"target\":[\"https:\\\/\\\/www.quebakan.com\\\/v15\\\/el-lado-verde-de-la-leche-innovacion-y-sostenibilidad-en-la-industria-lactea\\\/\"]}]},{\"@type\":\"ImageObject\",\"inLanguage\":\"es\",\"@id\":\"https:\\\/\\\/www.quebakan.com\\\/v15\\\/el-lado-verde-de-la-leche-innovacion-y-sostenibilidad-en-la-industria-lactea\\\/#primaryimage\",\"url\":\"https:\\\/\\\/www.quebakan.com\\\/v15\\\/wp-content\\\/uploads\\\/2025\\\/10\\\/innovacion-lactea.jpg\",\"contentUrl\":\"https:\\\/\\\/www.quebakan.com\\\/v15\\\/wp-content\\\/uploads\\\/2025\\\/10\\\/innovacion-lactea.jpg\",\"width\":700,\"height\":394},{\"@type\":\"BreadcrumbList\",\"@id\":\"https:\\\/\\\/www.quebakan.com\\\/v15\\\/el-lado-verde-de-la-leche-innovacion-y-sostenibilidad-en-la-industria-lactea\\\/#breadcrumb\",\"itemListElement\":[{\"@type\":\"ListItem\",\"position\":1,\"name\":\"Portada\",\"item\":\"https:\\\/\\\/www.quebakan.com\\\/v15\\\/\"},{\"@type\":\"ListItem\",\"position\":2,\"name\":\"El lado verde de la leche: innovaci\u00f3n y sostenibilidad en la industria l\u00e1ctea\"}]},{\"@type\":\"WebSite\",\"@id\":\"https:\\\/\\\/www.quebakan.com\\\/v15\\\/#website\",\"url\":\"https:\\\/\\\/www.quebakan.com\\\/v15\\\/\",\"name\":\"QUEBAKAN\",\"description\":\"..\",\"publisher\":{\"@id\":\"https:\\\/\\\/www.quebakan.com\\\/v15\\\/#organization\"},\"potentialAction\":[{\"@type\":\"SearchAction\",\"target\":{\"@type\":\"EntryPoint\",\"urlTemplate\":\"https:\\\/\\\/www.quebakan.com\\\/v15\\\/?s={search_term_string}\"},\"query-input\":{\"@type\":\"PropertyValueSpecification\",\"valueRequired\":true,\"valueName\":\"search_term_string\"}}],\"inLanguage\":\"es\"},{\"@type\":\"Organization\",\"@id\":\"https:\\\/\\\/www.quebakan.com\\\/v15\\\/#organization\",\"name\":\"Quebakan.com\",\"url\":\"https:\\\/\\\/www.quebakan.com\\\/v15\\\/\",\"logo\":{\"@type\":\"ImageObject\",\"inLanguage\":\"es\",\"@id\":\"https:\\\/\\\/www.quebakan.com\\\/v15\\\/#\\\/schema\\\/logo\\\/image\\\/\",\"url\":\"https:\\\/\\\/www.quebakan.com\\\/v15\\\/wp-content\\\/uploads\\\/2023\\\/07\\\/logoquebakanenero2021.jpg\",\"contentUrl\":\"https:\\\/\\\/www.quebakan.com\\\/v15\\\/wp-content\\\/uploads\\\/2023\\\/07\\\/logoquebakanenero2021.jpg\",\"width\":1920,\"height\":1080,\"caption\":\"Quebakan.com\"},\"image\":{\"@id\":\"https:\\\/\\\/www.quebakan.com\\\/v15\\\/#\\\/schema\\\/logo\\\/image\\\/\"},\"sameAs\":[\"http:\\\/\\\/www.facebook.com\\\/quebakan\",\"https:\\\/\\\/x.com\\\/quebakanec\",\"http:\\\/\\\/www.instagram.com\\\/quebakan\",\"http:\\\/\\\/www.youtube.com\\\/quebakan1\"]},{\"@type\":\"Person\",\"@id\":\"https:\\\/\\\/www.quebakan.com\\\/v15\\\/#\\\/schema\\\/person\\\/d90fa9f9cfa81eb8ace9811e5b7b9118\",\"name\":\"Erick Villafuerte\",\"image\":{\"@type\":\"ImageObject\",\"inLanguage\":\"es\",\"@id\":\"https:\\\/\\\/www.quebakan.com\\\/v15\\\/wp-content\\\/uploads\\\/avatars\\\/4\\\/1731297654-bpfull.png\",\"url\":\"https:\\\/\\\/www.quebakan.com\\\/v15\\\/wp-content\\\/uploads\\\/avatars\\\/4\\\/1731297654-bpfull.png\",\"contentUrl\":\"https:\\\/\\\/www.quebakan.com\\\/v15\\\/wp-content\\\/uploads\\\/avatars\\\/4\\\/1731297654-bpfull.png\",\"caption\":\"Erick Villafuerte\"}}]}<\/script>\n<!-- \/ Yoast SEO plugin. -->","yoast_head_json":{"title":"El lado verde de la leche: innovaci\u00f3n y sostenibilidad en la industria l\u00e1ctea &#8211; QUEBAKAN.COM 2026: Noticias, Eventos, Conciertos y mucho m\u00e1s....","robots":{"index":"index","follow":"follow","max-snippet":"max-snippet:-1","max-image-preview":"max-image-preview:large","max-video-preview":"max-video-preview:-1"},"canonical":"https:\/\/www.quebakan.com\/v15\/el-lado-verde-de-la-leche-innovacion-y-sostenibilidad-en-la-industria-lactea\/","og_locale":"es_ES","og_type":"article","og_title":"El lado verde de la leche: innovaci\u00f3n y sostenibilidad en la industria l\u00e1ctea &#8211; QUEBAKAN.COM 2026: Noticias, Eventos, Conciertos y mucho m\u00e1s....","og_description":"Seg\u00fan el Centro de la Industria L\u00e1ctea del Ecuador (CIL), en 2024 la producci\u00f3n diaria de leche cruda alcanz\u00f3 5,3 millones de litros, posicionando al pa\u00eds como un referente en la regi\u00f3n andina. Este desempe\u00f1o refleja el potencial de crecimiento en producci\u00f3n y transformaci\u00f3n de l\u00e1cteos, impulsado por la capacidad de innovar en procesos y [&hellip;]","og_url":"https:\/\/www.quebakan.com\/v15\/el-lado-verde-de-la-leche-innovacion-y-sostenibilidad-en-la-industria-lactea\/","og_site_name":"QUEBAKAN.COM 2026: Noticias, Eventos, Conciertos y mucho m\u00e1s....","article_publisher":"http:\/\/www.facebook.com\/quebakan","article_published_time":"2025-10-20T23:08:37+00:00","og_image":[{"width":700,"height":394,"url":"https:\/\/www.quebakan.com\/v15\/wp-content\/uploads\/2025\/10\/innovacion-lactea.jpg","type":"image\/jpeg"}],"author":"Erick Villafuerte","twitter_card":"summary_large_image","twitter_creator":"@quebakanec","twitter_site":"@quebakanec","twitter_misc":{"Escrito por":"Erick Villafuerte","Tiempo de lectura":"4 minutos"},"schema":{"@context":"https:\/\/schema.org","@graph":[{"@type":"Article","@id":"https:\/\/www.quebakan.com\/v15\/el-lado-verde-de-la-leche-innovacion-y-sostenibilidad-en-la-industria-lactea\/#article","isPartOf":{"@id":"https:\/\/www.quebakan.com\/v15\/el-lado-verde-de-la-leche-innovacion-y-sostenibilidad-en-la-industria-lactea\/"},"author":{"name":"Erick Villafuerte","@id":"https:\/\/www.quebakan.com\/v15\/#\/schema\/person\/d90fa9f9cfa81eb8ace9811e5b7b9118"},"headline":"El lado verde de la leche: innovaci\u00f3n y sostenibilidad en la industria l\u00e1ctea","datePublished":"2025-10-20T23:08:37+00:00","mainEntityOfPage":{"@id":"https:\/\/www.quebakan.com\/v15\/el-lado-verde-de-la-leche-innovacion-y-sostenibilidad-en-la-industria-lactea\/"},"wordCount":665,"publisher":{"@id":"https:\/\/www.quebakan.com\/v15\/#organization"},"image":{"@id":"https:\/\/www.quebakan.com\/v15\/el-lado-verde-de-la-leche-innovacion-y-sostenibilidad-en-la-industria-lactea\/#primaryimage"},"thumbnailUrl":"https:\/\/www.quebakan.com\/v15\/wp-content\/uploads\/2025\/10\/innovacion-lactea.jpg","articleSection":["Noticias"],"inLanguage":"es"},{"@type":"WebPage","@id":"https:\/\/www.quebakan.com\/v15\/el-lado-verde-de-la-leche-innovacion-y-sostenibilidad-en-la-industria-lactea\/","url":"https:\/\/www.quebakan.com\/v15\/el-lado-verde-de-la-leche-innovacion-y-sostenibilidad-en-la-industria-lactea\/","name":"El lado verde de la leche: innovaci\u00f3n y sostenibilidad en la industria l\u00e1ctea &#8211; QUEBAKAN.COM 2026: Noticias, Eventos, Conciertos y mucho m\u00e1s....","isPartOf":{"@id":"https:\/\/www.quebakan.com\/v15\/#website"},"primaryImageOfPage":{"@id":"https:\/\/www.quebakan.com\/v15\/el-lado-verde-de-la-leche-innovacion-y-sostenibilidad-en-la-industria-lactea\/#primaryimage"},"image":{"@id":"https:\/\/www.quebakan.com\/v15\/el-lado-verde-de-la-leche-innovacion-y-sostenibilidad-en-la-industria-lactea\/#primaryimage"},"thumbnailUrl":"https:\/\/www.quebakan.com\/v15\/wp-content\/uploads\/2025\/10\/innovacion-lactea.jpg","datePublished":"2025-10-20T23:08:37+00:00","breadcrumb":{"@id":"https:\/\/www.quebakan.com\/v15\/el-lado-verde-de-la-leche-innovacion-y-sostenibilidad-en-la-industria-lactea\/#breadcrumb"},"inLanguage":"es","potentialAction":[{"@type":"ReadAction","target":["https:\/\/www.quebakan.com\/v15\/el-lado-verde-de-la-leche-innovacion-y-sostenibilidad-en-la-industria-lactea\/"]}]},{"@type":"ImageObject","inLanguage":"es","@id":"https:\/\/www.quebakan.com\/v15\/el-lado-verde-de-la-leche-innovacion-y-sostenibilidad-en-la-industria-lactea\/#primaryimage","url":"https:\/\/www.quebakan.com\/v15\/wp-content\/uploads\/2025\/10\/innovacion-lactea.jpg","contentUrl":"https:\/\/www.quebakan.com\/v15\/wp-content\/uploads\/2025\/10\/innovacion-lactea.jpg","width":700,"height":394},{"@type":"BreadcrumbList","@id":"https:\/\/www.quebakan.com\/v15\/el-lado-verde-de-la-leche-innovacion-y-sostenibilidad-en-la-industria-lactea\/#breadcrumb","itemListElement":[{"@type":"ListItem","position":1,"name":"Portada","item":"https:\/\/www.quebakan.com\/v15\/"},{"@type":"ListItem","position":2,"name":"El lado verde de la leche: innovaci\u00f3n y sostenibilidad en la industria l\u00e1ctea"}]},{"@type":"WebSite","@id":"https:\/\/www.quebakan.com\/v15\/#website","url":"https:\/\/www.quebakan.com\/v15\/","name":"QUEBAKAN","description":"..","publisher":{"@id":"https:\/\/www.quebakan.com\/v15\/#organization"},"potentialAction":[{"@type":"SearchAction","target":{"@type":"EntryPoint","urlTemplate":"https:\/\/www.quebakan.com\/v15\/?s={search_term_string}"},"query-input":{"@type":"PropertyValueSpecification","valueRequired":true,"valueName":"search_term_string"}}],"inLanguage":"es"},{"@type":"Organization","@id":"https:\/\/www.quebakan.com\/v15\/#organization","name":"Quebakan.com","url":"https:\/\/www.quebakan.com\/v15\/","logo":{"@type":"ImageObject","inLanguage":"es","@id":"https:\/\/www.quebakan.com\/v15\/#\/schema\/logo\/image\/","url":"https:\/\/www.quebakan.com\/v15\/wp-content\/uploads\/2023\/07\/logoquebakanenero2021.jpg","contentUrl":"https:\/\/www.quebakan.com\/v15\/wp-content\/uploads\/2023\/07\/logoquebakanenero2021.jpg","width":1920,"height":1080,"caption":"Quebakan.com"},"image":{"@id":"https:\/\/www.quebakan.com\/v15\/#\/schema\/logo\/image\/"},"sameAs":["http:\/\/www.facebook.com\/quebakan","https:\/\/x.com\/quebakanec","http:\/\/www.instagram.com\/quebakan","http:\/\/www.youtube.com\/quebakan1"]},{"@type":"Person","@id":"https:\/\/www.quebakan.com\/v15\/#\/schema\/person\/d90fa9f9cfa81eb8ace9811e5b7b9118","name":"Erick Villafuerte","image":{"@type":"ImageObject","inLanguage":"es","@id":"https:\/\/www.quebakan.com\/v15\/wp-content\/uploads\/avatars\/4\/1731297654-bpfull.png","url":"https:\/\/www.quebakan.com\/v15\/wp-content\/uploads\/avatars\/4\/1731297654-bpfull.png","contentUrl":"https:\/\/www.quebakan.com\/v15\/wp-content\/uploads\/avatars\/4\/1731297654-bpfull.png","caption":"Erick Villafuerte"}}]}},"_links":{"self":[{"href":"https:\/\/www.quebakan.com\/v15\/wp-json\/wp\/v2\/posts\/136517","targetHints":{"allow":["GET"]}}],"collection":[{"href":"https:\/\/www.quebakan.com\/v15\/wp-json\/wp\/v2\/posts"}],"about":[{"href":"https:\/\/www.quebakan.com\/v15\/wp-json\/wp\/v2\/types\/post"}],"author":[{"embeddable":true,"href":"https:\/\/www.quebakan.com\/v15\/wp-json\/wp\/v2\/users\/4"}],"replies":[{"embeddable":true,"href":"https:\/\/www.quebakan.com\/v15\/wp-json\/wp\/v2\/comments?post=136517"}],"version-history":[{"count":1,"href":"https:\/\/www.quebakan.com\/v15\/wp-json\/wp\/v2\/posts\/136517\/revisions"}],"predecessor-version":[{"id":136519,"href":"https:\/\/www.quebakan.com\/v15\/wp-json\/wp\/v2\/posts\/136517\/revisions\/136519"}],"wp:featuredmedia":[{"embeddable":true,"href":"https:\/\/www.quebakan.com\/v15\/wp-json\/wp\/v2\/media\/136518"}],"wp:attachment":[{"href":"https:\/\/www.quebakan.com\/v15\/wp-json\/wp\/v2\/media?parent=136517"}],"wp:term":[{"taxonomy":"category","embeddable":true,"href":"https:\/\/www.quebakan.com\/v15\/wp-json\/wp\/v2\/categories?post=136517"},{"taxonomy":"post_tag","embeddable":true,"href":"https:\/\/www.quebakan.com\/v15\/wp-json\/wp\/v2\/tags?post=136517"}],"curies":[{"name":"wp","href":"https:\/\/api.w.org\/{rel}","templated":true}]}}