{"id":136527,"date":"2025-10-20T18:27:25","date_gmt":"2025-10-20T23:27:25","guid":{"rendered":"https:\/\/www.quebakan.com\/v15\/?p=136527"},"modified":"2025-10-20T18:27:25","modified_gmt":"2025-10-20T23:27:25","slug":"el-festival-internacional-de-cine-friki-inicia-su-nueva-edicion-con-el-preestreno-de-la-pelicula-shaman-entre-dios-y-el-diablo","status":"publish","type":"post","link":"https:\/\/www.quebakan.com\/v15\/el-festival-internacional-de-cine-friki-inicia-su-nueva-edicion-con-el-preestreno-de-la-pelicula-shaman-entre-dios-y-el-diablo\/","title":{"rendered":"EL FESTIVAL INTERNACIONAL DE CINE FRIKI INICIA SU NUEVA EDICI\u00d3N CON EL PREESTRENO DE LA PEL\u00cdCULA \u2018SHAMAN, ENTRE DIOS Y EL DIABLO\u2019"},"content":{"rendered":"<p><img fetchpriority=\"high\" decoding=\"async\" class=\"aligncenter size-full wp-image-136528\" src=\"https:\/\/www.quebakan.com\/v15\/wp-content\/uploads\/2025\/10\/Xama-6-1.jpg\" alt=\"\" width=\"700\" height=\"293\" \/><\/p>\n<ul>\n<li style=\"text-align: justify;\"><span style=\"color: #000000;\"><em>Del 22 al 26 de octubre, Quito vivir\u00e1 el mejor cine independiente de terror, ciencia ficci\u00f3n y fantas\u00eda en Multicines Paseo San Francisco, Cineplex y Flacso Sala Sur.<\/em><\/span><\/li>\n<li style=\"text-align: justify;\"><span style=\"color: #000000;\"><em>Entre las funciones destacadas estar\u00e1n: \u201cShaman, entre Dios y el Diablo; \u201cEl fantasma de la \u00f3pera\u201d (1925), musicalizada en vivo; proyecci\u00f3n de medianoche de la pel\u00edcula \u201cThe Lost Boys\u201d.<\/em><\/span><\/li>\n<\/ul>\n<p style=\"text-align: justify;\"><span style=\"color: #000000;\"><strong>Quito, octubre de 2025<\/strong> \u2013 La nueva joya del cine de terror latinoamericano, \u201cShaman, entre Dios y el Diablo\u201d, dirigida por Antonio Negret, inaugurar\u00e1 la IV edici\u00f3n del Festival Internacional de Cine Friki, que se celebrar\u00e1 del 22 al 26 de octubre en Quito. Posteriormente, esta cinta de <em>folk-horror<\/em> se estrenar\u00e1 en salas de cine del pa\u00eds, el 30 de octubre, llevando la tensi\u00f3n sobrenatural y la riqueza cultural andina al p\u00fablico ecuatoriano.<\/span><\/p>\n<p style=\"text-align: justify;\"><span style=\"color: #000000;\">Protagonizada por Sara Canning, Daniel Gillies, Jett Klyne, Humberto Morales, Alejandro Fajardo y un talentoso elenco local, \u201cShaman\u201d transporta al espectador a Los Andes, donde la tradici\u00f3n ancestral y la modernidad colisionan de manera sobrenatural. Ambientada en las faldas del volc\u00e1n Chimborazo, la historia sigue a Candice, una misionera que intenta imponer su fe sobre una comunidad ind\u00edgena, y a su familia, quienes se ven atrapados en fuerzas misteriosas y peligrosas que desaf\u00edan toda l\u00f3gica.<\/span><\/p>\n<p style=\"text-align: justify;\"><span style=\"color: #000000;\">\u201cEl Festival Internacional de Cine Friki naci\u00f3 para celebrar producciones audaces, aquellas que exploran los l\u00edmites del terror, la fantas\u00eda y la ciencia ficci\u00f3n, sin temor a incomodar o desafiar al espectador. Con la proyecci\u00f3n de <em>Shaman<\/em>, junto al resto de las cintas nacionales e internacionales confirmadas, reafirmamos nuestro compromiso con un cine que rompe moldes, fusionando identidad, innovaci\u00f3n y riesgo creativo\u201d, se\u00f1ala Galo Semblantes, director del evento que contin\u00faa reforzando su posicionamiento en la escena global.<\/span><\/p>\n<p style=\"text-align: justify;\"><span style=\"color: #000000;\"><strong>FICF: Cartelera destacada<\/strong><\/span><\/p>\n<p style=\"text-align: justify;\"><span style=\"color: #000000;\">A partir del 22 de octubre, el Festival Internacional de Cine Friki (FICF) ofrecer\u00e1 cerca de 80 filmes de terror, ciencia ficci\u00f3n y fantas\u00eda de m\u00e1s de 20 pa\u00edses de Am\u00e9rica, Europa y Asia, consolidando a Quito como el epicentro del cine de g\u00e9nero en Latinoam\u00e9rica. Para esta edici\u00f3n, el festival ampliar\u00e1 su alcance con tres sedes oficiales: Multicines Paseo San Francisco, Flacso Sala Sur y Cineplex Bistro Bar, donde se proyectar\u00e1n largometrajes y bloques de cortos por categor\u00eda.<\/span><\/p>\n<p style=\"text-align: justify;\"><span style=\"color: #000000;\">Adicionalmente, como parte de las funciones destacadas, se encuentran:<\/span><\/p>\n<ul style=\"text-align: justify;\">\n<li><span style=\"color: #000000;\">Jueves 23 de octubre \u2013 11h00<\/span><br \/>\n<span style=\"color: #000000;\">Proyecci\u00f3n del cl\u00e1sico \u201cEl fantasma de la \u00f3pera\u201d (1925), musicalizado en vivo.<\/span><br \/>\n<span style=\"color: #000000;\">Locaci\u00f3n: Flacso Sala Sur (San Salvador E7-42 y La Pradera)<\/span><\/li>\n<li><span style=\"color: #000000;\">Viernes 24 de octubre \u2013 23h59<\/span><br \/>\n<span style=\"color: #000000;\">Funci\u00f3n de Medianoche de la pel\u00edcula de culto \u201cThe Lost Boys\u201d<\/span><br \/>\n<span style=\"color: #000000;\">Locaci\u00f3n: Flacso Sala Sur (San Salvador E7-42 y La Pradera)<\/span><\/li>\n<\/ul>\n<p style=\"text-align: justify;\"><span style=\"color: #000000;\">Adem\u00e1s de las proyecciones, el festival ofrecer\u00e1 conversatorios, masterclasses y talleres dirigidos a j\u00f3venes talentos y profesionales. Por segunda vez, se realizar\u00e1 el Laboratorio de cortometrajes \u201cDimensi\u00f3n fant\u00e1stica\u201d, a cargo del cineasta colombiano Cristian Mej\u00eda, un espacio formativo que fomenta la experimentaci\u00f3n en el cine de g\u00e9nero y entrega incentivos econ\u00f3micos para la ejecuci\u00f3n de nuevas propuestas audiovisuales.<\/span><\/p>\n<p style=\"text-align: justify;\"><span style=\"color: #000000;\">El festival culminar\u00e1 el domingo 26 de octubre, en Multicines Paseo San Francisco, con la ceremonia donde se anunciar\u00e1n los ganadores en las siguientes categor\u00edas Mejor largometraje de terror, Mejor largometraje de ciencia ficci\u00f3n o fantas\u00eda, Mejor cortometraje de terror, Mejor cortometraje de ciencia ficci\u00f3n o fantas\u00eda, Mejor tr\u00e1iler y Premio del p\u00fablico.<\/span><\/p>\n<p style=\"text-align: justify;\"><span style=\"color: #000000;\">M\u00e1s informaci\u00f3n sobre la programaci\u00f3n del festival, filmes seleccionados y actividades, disponible en el sitio <a style=\"color: #000000;\" href=\"https:\/\/www.frikifestival.com\/\">https:\/\/www.frikifestival.com\/<\/a> y redes sociales del evento.<\/span><\/p>\n<p><img decoding=\"async\" class=\"aligncenter size-full wp-image-136529\" src=\"https:\/\/www.quebakan.com\/v15\/wp-content\/uploads\/2025\/10\/Xama-7-1.jpg\" alt=\"\" width=\"700\" height=\"294\" \/><\/p>\n<p>&nbsp;<\/p>\n<p><img decoding=\"async\" class=\"aligncenter size-full wp-image-136530\" src=\"https:\/\/www.quebakan.com\/v15\/wp-content\/uploads\/2025\/10\/Xama-4-1.jpg\" alt=\"\" width=\"700\" height=\"275\" \/><\/p>\n","protected":false},"excerpt":{"rendered":"<p>Del 22 al 26 de octubre, Quito vivir\u00e1 el mejor cine independiente de terror, ciencia ficci\u00f3n y fantas\u00eda en Multicines Paseo San Francisco, Cineplex y Flacso Sala Sur. Entre las funciones destacadas estar\u00e1n: \u201cShaman, entre Dios y el Diablo; \u201cEl fantasma de la \u00f3pera\u201d (1925), musicalizada en vivo; proyecci\u00f3n de medianoche de la pel\u00edcula \u201cThe [&hellip;]<\/p>\n","protected":false},"author":4,"featured_media":136528,"comment_status":"closed","ping_status":"closed","sticky":false,"template":"","format":"standard","meta":{"_bbp_topic_count":0,"_bbp_reply_count":0,"_bbp_total_topic_count":0,"_bbp_total_reply_count":0,"_bbp_voice_count":0,"_bbp_anonymous_reply_count":0,"_bbp_topic_count_hidden":0,"_bbp_reply_count_hidden":0,"_bbp_forum_subforum_count":0,"buzzeditor_post_format":"","footnotes":""},"categories":[2],"tags":[],"class_list":["post-136527","post","type-post","status-publish","format-standard","has-post-thumbnail","hentry","category-noticias"],"yoast_head":"<!-- This site is optimized with the Yoast SEO plugin v27.5 - https:\/\/yoast.com\/product\/yoast-seo-wordpress\/ -->\n<title>EL FESTIVAL INTERNACIONAL DE CINE FRIKI INICIA SU NUEVA EDICI\u00d3N CON EL PREESTRENO DE LA PEL\u00cdCULA \u2018SHAMAN, ENTRE DIOS Y EL DIABLO\u2019 &#8211; QUEBAKAN.COM 2026: Noticias, Eventos, Conciertos y mucho m\u00e1s....<\/title>\n<meta name=\"robots\" content=\"index, follow, max-snippet:-1, max-image-preview:large, max-video-preview:-1\" \/>\n<link rel=\"canonical\" href=\"https:\/\/www.quebakan.com\/v15\/el-festival-internacional-de-cine-friki-inicia-su-nueva-edicion-con-el-preestreno-de-la-pelicula-shaman-entre-dios-y-el-diablo\/\" \/>\n<meta property=\"og:locale\" content=\"es_ES\" \/>\n<meta property=\"og:type\" content=\"article\" \/>\n<meta property=\"og:title\" content=\"EL FESTIVAL INTERNACIONAL DE CINE FRIKI INICIA SU NUEVA EDICI\u00d3N CON EL PREESTRENO DE LA PEL\u00cdCULA \u2018SHAMAN, ENTRE DIOS Y EL DIABLO\u2019 &#8211; QUEBAKAN.COM 2026: Noticias, Eventos, Conciertos y mucho m\u00e1s....\" \/>\n<meta property=\"og:description\" content=\"Del 22 al 26 de octubre, Quito vivir\u00e1 el mejor cine independiente de terror, ciencia ficci\u00f3n y fantas\u00eda en Multicines Paseo San Francisco, Cineplex y Flacso Sala Sur. Entre las funciones destacadas estar\u00e1n: \u201cShaman, entre Dios y el Diablo; \u201cEl fantasma de la \u00f3pera\u201d (1925), musicalizada en vivo; proyecci\u00f3n de medianoche de la pel\u00edcula \u201cThe [&hellip;]\" \/>\n<meta property=\"og:url\" content=\"https:\/\/www.quebakan.com\/v15\/el-festival-internacional-de-cine-friki-inicia-su-nueva-edicion-con-el-preestreno-de-la-pelicula-shaman-entre-dios-y-el-diablo\/\" \/>\n<meta property=\"og:site_name\" content=\"QUEBAKAN.COM 2026: Noticias, Eventos, Conciertos y mucho m\u00e1s....\" \/>\n<meta property=\"article:publisher\" content=\"http:\/\/www.facebook.com\/quebakan\" \/>\n<meta property=\"article:published_time\" content=\"2025-10-20T23:27:25+00:00\" \/>\n<meta property=\"og:image\" content=\"https:\/\/www.quebakan.com\/v15\/wp-content\/uploads\/2025\/10\/Xama-6-1.jpg\" \/>\n\t<meta property=\"og:image:width\" content=\"700\" \/>\n\t<meta property=\"og:image:height\" content=\"293\" \/>\n\t<meta property=\"og:image:type\" content=\"image\/jpeg\" \/>\n<meta name=\"author\" content=\"Erick Villafuerte\" \/>\n<meta name=\"twitter:card\" content=\"summary_large_image\" \/>\n<meta name=\"twitter:creator\" content=\"@quebakanec\" \/>\n<meta name=\"twitter:site\" content=\"@quebakanec\" \/>\n<meta name=\"twitter:label1\" content=\"Escrito por\" \/>\n\t<meta name=\"twitter:data1\" content=\"Erick Villafuerte\" \/>\n\t<meta name=\"twitter:label2\" content=\"Tiempo de lectura\" \/>\n\t<meta name=\"twitter:data2\" content=\"4 minutos\" \/>\n<script type=\"application\/ld+json\" class=\"yoast-schema-graph\">{\"@context\":\"https:\\\/\\\/schema.org\",\"@graph\":[{\"@type\":\"Article\",\"@id\":\"https:\\\/\\\/www.quebakan.com\\\/v15\\\/el-festival-internacional-de-cine-friki-inicia-su-nueva-edicion-con-el-preestreno-de-la-pelicula-shaman-entre-dios-y-el-diablo\\\/#article\",\"isPartOf\":{\"@id\":\"https:\\\/\\\/www.quebakan.com\\\/v15\\\/el-festival-internacional-de-cine-friki-inicia-su-nueva-edicion-con-el-preestreno-de-la-pelicula-shaman-entre-dios-y-el-diablo\\\/\"},\"author\":{\"name\":\"Erick Villafuerte\",\"@id\":\"https:\\\/\\\/www.quebakan.com\\\/v15\\\/#\\\/schema\\\/person\\\/d90fa9f9cfa81eb8ace9811e5b7b9118\"},\"headline\":\"EL FESTIVAL INTERNACIONAL DE CINE FRIKI INICIA SU NUEVA EDICI\u00d3N CON EL PREESTRENO DE LA PEL\u00cdCULA \u2018SHAMAN, ENTRE DIOS Y EL DIABLO\u2019\",\"datePublished\":\"2025-10-20T23:27:25+00:00\",\"mainEntityOfPage\":{\"@id\":\"https:\\\/\\\/www.quebakan.com\\\/v15\\\/el-festival-internacional-de-cine-friki-inicia-su-nueva-edicion-con-el-preestreno-de-la-pelicula-shaman-entre-dios-y-el-diablo\\\/\"},\"wordCount\":630,\"publisher\":{\"@id\":\"https:\\\/\\\/www.quebakan.com\\\/v15\\\/#organization\"},\"image\":{\"@id\":\"https:\\\/\\\/www.quebakan.com\\\/v15\\\/el-festival-internacional-de-cine-friki-inicia-su-nueva-edicion-con-el-preestreno-de-la-pelicula-shaman-entre-dios-y-el-diablo\\\/#primaryimage\"},\"thumbnailUrl\":\"https:\\\/\\\/www.quebakan.com\\\/v15\\\/wp-content\\\/uploads\\\/2025\\\/10\\\/Xama-6-1.jpg\",\"articleSection\":[\"Noticias\"],\"inLanguage\":\"es\"},{\"@type\":\"WebPage\",\"@id\":\"https:\\\/\\\/www.quebakan.com\\\/v15\\\/el-festival-internacional-de-cine-friki-inicia-su-nueva-edicion-con-el-preestreno-de-la-pelicula-shaman-entre-dios-y-el-diablo\\\/\",\"url\":\"https:\\\/\\\/www.quebakan.com\\\/v15\\\/el-festival-internacional-de-cine-friki-inicia-su-nueva-edicion-con-el-preestreno-de-la-pelicula-shaman-entre-dios-y-el-diablo\\\/\",\"name\":\"EL FESTIVAL INTERNACIONAL DE CINE FRIKI INICIA SU NUEVA EDICI\u00d3N CON EL PREESTRENO DE LA PEL\u00cdCULA \u2018SHAMAN, ENTRE DIOS Y EL DIABLO\u2019 &#8211; QUEBAKAN.COM 2026: Noticias, Eventos, Conciertos y mucho m\u00e1s....\",\"isPartOf\":{\"@id\":\"https:\\\/\\\/www.quebakan.com\\\/v15\\\/#website\"},\"primaryImageOfPage\":{\"@id\":\"https:\\\/\\\/www.quebakan.com\\\/v15\\\/el-festival-internacional-de-cine-friki-inicia-su-nueva-edicion-con-el-preestreno-de-la-pelicula-shaman-entre-dios-y-el-diablo\\\/#primaryimage\"},\"image\":{\"@id\":\"https:\\\/\\\/www.quebakan.com\\\/v15\\\/el-festival-internacional-de-cine-friki-inicia-su-nueva-edicion-con-el-preestreno-de-la-pelicula-shaman-entre-dios-y-el-diablo\\\/#primaryimage\"},\"thumbnailUrl\":\"https:\\\/\\\/www.quebakan.com\\\/v15\\\/wp-content\\\/uploads\\\/2025\\\/10\\\/Xama-6-1.jpg\",\"datePublished\":\"2025-10-20T23:27:25+00:00\",\"breadcrumb\":{\"@id\":\"https:\\\/\\\/www.quebakan.com\\\/v15\\\/el-festival-internacional-de-cine-friki-inicia-su-nueva-edicion-con-el-preestreno-de-la-pelicula-shaman-entre-dios-y-el-diablo\\\/#breadcrumb\"},\"inLanguage\":\"es\",\"potentialAction\":[{\"@type\":\"ReadAction\",\"target\":[\"https:\\\/\\\/www.quebakan.com\\\/v15\\\/el-festival-internacional-de-cine-friki-inicia-su-nueva-edicion-con-el-preestreno-de-la-pelicula-shaman-entre-dios-y-el-diablo\\\/\"]}]},{\"@type\":\"ImageObject\",\"inLanguage\":\"es\",\"@id\":\"https:\\\/\\\/www.quebakan.com\\\/v15\\\/el-festival-internacional-de-cine-friki-inicia-su-nueva-edicion-con-el-preestreno-de-la-pelicula-shaman-entre-dios-y-el-diablo\\\/#primaryimage\",\"url\":\"https:\\\/\\\/www.quebakan.com\\\/v15\\\/wp-content\\\/uploads\\\/2025\\\/10\\\/Xama-6-1.jpg\",\"contentUrl\":\"https:\\\/\\\/www.quebakan.com\\\/v15\\\/wp-content\\\/uploads\\\/2025\\\/10\\\/Xama-6-1.jpg\",\"width\":700,\"height\":293},{\"@type\":\"BreadcrumbList\",\"@id\":\"https:\\\/\\\/www.quebakan.com\\\/v15\\\/el-festival-internacional-de-cine-friki-inicia-su-nueva-edicion-con-el-preestreno-de-la-pelicula-shaman-entre-dios-y-el-diablo\\\/#breadcrumb\",\"itemListElement\":[{\"@type\":\"ListItem\",\"position\":1,\"name\":\"Portada\",\"item\":\"https:\\\/\\\/www.quebakan.com\\\/v15\\\/\"},{\"@type\":\"ListItem\",\"position\":2,\"name\":\"EL FESTIVAL INTERNACIONAL DE CINE FRIKI INICIA SU NUEVA EDICI\u00d3N CON EL PREESTRENO DE LA PEL\u00cdCULA \u2018SHAMAN, ENTRE DIOS Y EL DIABLO\u2019\"}]},{\"@type\":\"WebSite\",\"@id\":\"https:\\\/\\\/www.quebakan.com\\\/v15\\\/#website\",\"url\":\"https:\\\/\\\/www.quebakan.com\\\/v15\\\/\",\"name\":\"QUEBAKAN\",\"description\":\"..\",\"publisher\":{\"@id\":\"https:\\\/\\\/www.quebakan.com\\\/v15\\\/#organization\"},\"potentialAction\":[{\"@type\":\"SearchAction\",\"target\":{\"@type\":\"EntryPoint\",\"urlTemplate\":\"https:\\\/\\\/www.quebakan.com\\\/v15\\\/?s={search_term_string}\"},\"query-input\":{\"@type\":\"PropertyValueSpecification\",\"valueRequired\":true,\"valueName\":\"search_term_string\"}}],\"inLanguage\":\"es\"},{\"@type\":\"Organization\",\"@id\":\"https:\\\/\\\/www.quebakan.com\\\/v15\\\/#organization\",\"name\":\"Quebakan.com\",\"url\":\"https:\\\/\\\/www.quebakan.com\\\/v15\\\/\",\"logo\":{\"@type\":\"ImageObject\",\"inLanguage\":\"es\",\"@id\":\"https:\\\/\\\/www.quebakan.com\\\/v15\\\/#\\\/schema\\\/logo\\\/image\\\/\",\"url\":\"https:\\\/\\\/www.quebakan.com\\\/v15\\\/wp-content\\\/uploads\\\/2023\\\/07\\\/logoquebakanenero2021.jpg\",\"contentUrl\":\"https:\\\/\\\/www.quebakan.com\\\/v15\\\/wp-content\\\/uploads\\\/2023\\\/07\\\/logoquebakanenero2021.jpg\",\"width\":1920,\"height\":1080,\"caption\":\"Quebakan.com\"},\"image\":{\"@id\":\"https:\\\/\\\/www.quebakan.com\\\/v15\\\/#\\\/schema\\\/logo\\\/image\\\/\"},\"sameAs\":[\"http:\\\/\\\/www.facebook.com\\\/quebakan\",\"https:\\\/\\\/x.com\\\/quebakanec\",\"http:\\\/\\\/www.instagram.com\\\/quebakan\",\"http:\\\/\\\/www.youtube.com\\\/quebakan1\"]},{\"@type\":\"Person\",\"@id\":\"https:\\\/\\\/www.quebakan.com\\\/v15\\\/#\\\/schema\\\/person\\\/d90fa9f9cfa81eb8ace9811e5b7b9118\",\"name\":\"Erick Villafuerte\",\"image\":{\"@type\":\"ImageObject\",\"inLanguage\":\"es\",\"@id\":\"https:\\\/\\\/www.quebakan.com\\\/v15\\\/wp-content\\\/uploads\\\/avatars\\\/4\\\/1731297654-bpfull.png\",\"url\":\"https:\\\/\\\/www.quebakan.com\\\/v15\\\/wp-content\\\/uploads\\\/avatars\\\/4\\\/1731297654-bpfull.png\",\"contentUrl\":\"https:\\\/\\\/www.quebakan.com\\\/v15\\\/wp-content\\\/uploads\\\/avatars\\\/4\\\/1731297654-bpfull.png\",\"caption\":\"Erick Villafuerte\"}}]}<\/script>\n<!-- \/ Yoast SEO plugin. -->","yoast_head_json":{"title":"EL FESTIVAL INTERNACIONAL DE CINE FRIKI INICIA SU NUEVA EDICI\u00d3N CON EL PREESTRENO DE LA PEL\u00cdCULA \u2018SHAMAN, ENTRE DIOS Y EL DIABLO\u2019 &#8211; QUEBAKAN.COM 2026: Noticias, Eventos, Conciertos y mucho m\u00e1s....","robots":{"index":"index","follow":"follow","max-snippet":"max-snippet:-1","max-image-preview":"max-image-preview:large","max-video-preview":"max-video-preview:-1"},"canonical":"https:\/\/www.quebakan.com\/v15\/el-festival-internacional-de-cine-friki-inicia-su-nueva-edicion-con-el-preestreno-de-la-pelicula-shaman-entre-dios-y-el-diablo\/","og_locale":"es_ES","og_type":"article","og_title":"EL FESTIVAL INTERNACIONAL DE CINE FRIKI INICIA SU NUEVA EDICI\u00d3N CON EL PREESTRENO DE LA PEL\u00cdCULA \u2018SHAMAN, ENTRE DIOS Y EL DIABLO\u2019 &#8211; QUEBAKAN.COM 2026: Noticias, Eventos, Conciertos y mucho m\u00e1s....","og_description":"Del 22 al 26 de octubre, Quito vivir\u00e1 el mejor cine independiente de terror, ciencia ficci\u00f3n y fantas\u00eda en Multicines Paseo San Francisco, Cineplex y Flacso Sala Sur. Entre las funciones destacadas estar\u00e1n: \u201cShaman, entre Dios y el Diablo; \u201cEl fantasma de la \u00f3pera\u201d (1925), musicalizada en vivo; proyecci\u00f3n de medianoche de la pel\u00edcula \u201cThe [&hellip;]","og_url":"https:\/\/www.quebakan.com\/v15\/el-festival-internacional-de-cine-friki-inicia-su-nueva-edicion-con-el-preestreno-de-la-pelicula-shaman-entre-dios-y-el-diablo\/","og_site_name":"QUEBAKAN.COM 2026: Noticias, Eventos, Conciertos y mucho m\u00e1s....","article_publisher":"http:\/\/www.facebook.com\/quebakan","article_published_time":"2025-10-20T23:27:25+00:00","og_image":[{"width":700,"height":293,"url":"https:\/\/www.quebakan.com\/v15\/wp-content\/uploads\/2025\/10\/Xama-6-1.jpg","type":"image\/jpeg"}],"author":"Erick Villafuerte","twitter_card":"summary_large_image","twitter_creator":"@quebakanec","twitter_site":"@quebakanec","twitter_misc":{"Escrito por":"Erick Villafuerte","Tiempo de lectura":"4 minutos"},"schema":{"@context":"https:\/\/schema.org","@graph":[{"@type":"Article","@id":"https:\/\/www.quebakan.com\/v15\/el-festival-internacional-de-cine-friki-inicia-su-nueva-edicion-con-el-preestreno-de-la-pelicula-shaman-entre-dios-y-el-diablo\/#article","isPartOf":{"@id":"https:\/\/www.quebakan.com\/v15\/el-festival-internacional-de-cine-friki-inicia-su-nueva-edicion-con-el-preestreno-de-la-pelicula-shaman-entre-dios-y-el-diablo\/"},"author":{"name":"Erick Villafuerte","@id":"https:\/\/www.quebakan.com\/v15\/#\/schema\/person\/d90fa9f9cfa81eb8ace9811e5b7b9118"},"headline":"EL FESTIVAL INTERNACIONAL DE CINE FRIKI INICIA SU NUEVA EDICI\u00d3N CON EL PREESTRENO DE LA PEL\u00cdCULA \u2018SHAMAN, ENTRE DIOS Y EL DIABLO\u2019","datePublished":"2025-10-20T23:27:25+00:00","mainEntityOfPage":{"@id":"https:\/\/www.quebakan.com\/v15\/el-festival-internacional-de-cine-friki-inicia-su-nueva-edicion-con-el-preestreno-de-la-pelicula-shaman-entre-dios-y-el-diablo\/"},"wordCount":630,"publisher":{"@id":"https:\/\/www.quebakan.com\/v15\/#organization"},"image":{"@id":"https:\/\/www.quebakan.com\/v15\/el-festival-internacional-de-cine-friki-inicia-su-nueva-edicion-con-el-preestreno-de-la-pelicula-shaman-entre-dios-y-el-diablo\/#primaryimage"},"thumbnailUrl":"https:\/\/www.quebakan.com\/v15\/wp-content\/uploads\/2025\/10\/Xama-6-1.jpg","articleSection":["Noticias"],"inLanguage":"es"},{"@type":"WebPage","@id":"https:\/\/www.quebakan.com\/v15\/el-festival-internacional-de-cine-friki-inicia-su-nueva-edicion-con-el-preestreno-de-la-pelicula-shaman-entre-dios-y-el-diablo\/","url":"https:\/\/www.quebakan.com\/v15\/el-festival-internacional-de-cine-friki-inicia-su-nueva-edicion-con-el-preestreno-de-la-pelicula-shaman-entre-dios-y-el-diablo\/","name":"EL FESTIVAL INTERNACIONAL DE CINE FRIKI INICIA SU NUEVA EDICI\u00d3N CON EL PREESTRENO DE LA PEL\u00cdCULA \u2018SHAMAN, ENTRE DIOS Y EL DIABLO\u2019 &#8211; QUEBAKAN.COM 2026: Noticias, Eventos, Conciertos y mucho m\u00e1s....","isPartOf":{"@id":"https:\/\/www.quebakan.com\/v15\/#website"},"primaryImageOfPage":{"@id":"https:\/\/www.quebakan.com\/v15\/el-festival-internacional-de-cine-friki-inicia-su-nueva-edicion-con-el-preestreno-de-la-pelicula-shaman-entre-dios-y-el-diablo\/#primaryimage"},"image":{"@id":"https:\/\/www.quebakan.com\/v15\/el-festival-internacional-de-cine-friki-inicia-su-nueva-edicion-con-el-preestreno-de-la-pelicula-shaman-entre-dios-y-el-diablo\/#primaryimage"},"thumbnailUrl":"https:\/\/www.quebakan.com\/v15\/wp-content\/uploads\/2025\/10\/Xama-6-1.jpg","datePublished":"2025-10-20T23:27:25+00:00","breadcrumb":{"@id":"https:\/\/www.quebakan.com\/v15\/el-festival-internacional-de-cine-friki-inicia-su-nueva-edicion-con-el-preestreno-de-la-pelicula-shaman-entre-dios-y-el-diablo\/#breadcrumb"},"inLanguage":"es","potentialAction":[{"@type":"ReadAction","target":["https:\/\/www.quebakan.com\/v15\/el-festival-internacional-de-cine-friki-inicia-su-nueva-edicion-con-el-preestreno-de-la-pelicula-shaman-entre-dios-y-el-diablo\/"]}]},{"@type":"ImageObject","inLanguage":"es","@id":"https:\/\/www.quebakan.com\/v15\/el-festival-internacional-de-cine-friki-inicia-su-nueva-edicion-con-el-preestreno-de-la-pelicula-shaman-entre-dios-y-el-diablo\/#primaryimage","url":"https:\/\/www.quebakan.com\/v15\/wp-content\/uploads\/2025\/10\/Xama-6-1.jpg","contentUrl":"https:\/\/www.quebakan.com\/v15\/wp-content\/uploads\/2025\/10\/Xama-6-1.jpg","width":700,"height":293},{"@type":"BreadcrumbList","@id":"https:\/\/www.quebakan.com\/v15\/el-festival-internacional-de-cine-friki-inicia-su-nueva-edicion-con-el-preestreno-de-la-pelicula-shaman-entre-dios-y-el-diablo\/#breadcrumb","itemListElement":[{"@type":"ListItem","position":1,"name":"Portada","item":"https:\/\/www.quebakan.com\/v15\/"},{"@type":"ListItem","position":2,"name":"EL FESTIVAL INTERNACIONAL DE CINE FRIKI INICIA SU NUEVA EDICI\u00d3N CON EL PREESTRENO DE LA PEL\u00cdCULA \u2018SHAMAN, ENTRE DIOS Y EL DIABLO\u2019"}]},{"@type":"WebSite","@id":"https:\/\/www.quebakan.com\/v15\/#website","url":"https:\/\/www.quebakan.com\/v15\/","name":"QUEBAKAN","description":"..","publisher":{"@id":"https:\/\/www.quebakan.com\/v15\/#organization"},"potentialAction":[{"@type":"SearchAction","target":{"@type":"EntryPoint","urlTemplate":"https:\/\/www.quebakan.com\/v15\/?s={search_term_string}"},"query-input":{"@type":"PropertyValueSpecification","valueRequired":true,"valueName":"search_term_string"}}],"inLanguage":"es"},{"@type":"Organization","@id":"https:\/\/www.quebakan.com\/v15\/#organization","name":"Quebakan.com","url":"https:\/\/www.quebakan.com\/v15\/","logo":{"@type":"ImageObject","inLanguage":"es","@id":"https:\/\/www.quebakan.com\/v15\/#\/schema\/logo\/image\/","url":"https:\/\/www.quebakan.com\/v15\/wp-content\/uploads\/2023\/07\/logoquebakanenero2021.jpg","contentUrl":"https:\/\/www.quebakan.com\/v15\/wp-content\/uploads\/2023\/07\/logoquebakanenero2021.jpg","width":1920,"height":1080,"caption":"Quebakan.com"},"image":{"@id":"https:\/\/www.quebakan.com\/v15\/#\/schema\/logo\/image\/"},"sameAs":["http:\/\/www.facebook.com\/quebakan","https:\/\/x.com\/quebakanec","http:\/\/www.instagram.com\/quebakan","http:\/\/www.youtube.com\/quebakan1"]},{"@type":"Person","@id":"https:\/\/www.quebakan.com\/v15\/#\/schema\/person\/d90fa9f9cfa81eb8ace9811e5b7b9118","name":"Erick Villafuerte","image":{"@type":"ImageObject","inLanguage":"es","@id":"https:\/\/www.quebakan.com\/v15\/wp-content\/uploads\/avatars\/4\/1731297654-bpfull.png","url":"https:\/\/www.quebakan.com\/v15\/wp-content\/uploads\/avatars\/4\/1731297654-bpfull.png","contentUrl":"https:\/\/www.quebakan.com\/v15\/wp-content\/uploads\/avatars\/4\/1731297654-bpfull.png","caption":"Erick Villafuerte"}}]}},"_links":{"self":[{"href":"https:\/\/www.quebakan.com\/v15\/wp-json\/wp\/v2\/posts\/136527","targetHints":{"allow":["GET"]}}],"collection":[{"href":"https:\/\/www.quebakan.com\/v15\/wp-json\/wp\/v2\/posts"}],"about":[{"href":"https:\/\/www.quebakan.com\/v15\/wp-json\/wp\/v2\/types\/post"}],"author":[{"embeddable":true,"href":"https:\/\/www.quebakan.com\/v15\/wp-json\/wp\/v2\/users\/4"}],"replies":[{"embeddable":true,"href":"https:\/\/www.quebakan.com\/v15\/wp-json\/wp\/v2\/comments?post=136527"}],"version-history":[{"count":1,"href":"https:\/\/www.quebakan.com\/v15\/wp-json\/wp\/v2\/posts\/136527\/revisions"}],"predecessor-version":[{"id":136531,"href":"https:\/\/www.quebakan.com\/v15\/wp-json\/wp\/v2\/posts\/136527\/revisions\/136531"}],"wp:featuredmedia":[{"embeddable":true,"href":"https:\/\/www.quebakan.com\/v15\/wp-json\/wp\/v2\/media\/136528"}],"wp:attachment":[{"href":"https:\/\/www.quebakan.com\/v15\/wp-json\/wp\/v2\/media?parent=136527"}],"wp:term":[{"taxonomy":"category","embeddable":true,"href":"https:\/\/www.quebakan.com\/v15\/wp-json\/wp\/v2\/categories?post=136527"},{"taxonomy":"post_tag","embeddable":true,"href":"https:\/\/www.quebakan.com\/v15\/wp-json\/wp\/v2\/tags?post=136527"}],"curies":[{"name":"wp","href":"https:\/\/api.w.org\/{rel}","templated":true}]}}