{"id":136538,"date":"2025-10-21T17:29:06","date_gmt":"2025-10-21T22:29:06","guid":{"rendered":"https:\/\/www.quebakan.com\/v15\/?p=136538"},"modified":"2025-10-21T17:29:06","modified_gmt":"2025-10-21T22:29:06","slug":"ecuador-entre-los-paises-mas-vulnerables-a-ciberataques-en-la-region-segun-una-encuesta-de-pwc","status":"publish","type":"post","link":"https:\/\/www.quebakan.com\/v15\/ecuador-entre-los-paises-mas-vulnerables-a-ciberataques-en-la-region-segun-una-encuesta-de-pwc\/","title":{"rendered":"Ecuador, entre los pa\u00edses m\u00e1s vulnerables a ciberataques en la regi\u00f3n, seg\u00fan una encuesta de PwC"},"content":{"rendered":"<p style=\"text-align: justify;\"><img decoding=\"async\" class=\"aligncenter size-full wp-image-136539\" src=\"https:\/\/www.quebakan.com\/v15\/wp-content\/uploads\/2025\/10\/pwc1.jpg\" alt=\"\" width=\"184\" height=\"245\" \/><\/p>\n<ul style=\"text-align: justify;\">\n<li><span style=\"color: #000000;\"><em> El 72% de las organizaciones ecuatorianas reconoce haber enfrentado al menos un incidente de ciberseguridad en el \u00faltimo a\u00f1o.<br \/>\n\u25cf Las p\u00e9rdidas econ\u00f3micas por brechas pueden alcanzar los USD 3 millones por evento, seg\u00fan estimaciones de PwC.<br \/>\n\u25cf PwC advierte sobre la urgencia de fortalecer la cultura digital y la \u00e9tica en el uso de inteligencia artificial.<\/em><\/span><\/li>\n<\/ul>\n<p style=\"text-align: justify;\"><span style=\"color: #000000;\"><strong>Quito, 20 octubre de 2025.<\/strong> \u2013 Ecuador enfrenta un escenario digital cada vez m\u00e1s desafiante. Los ataques cibern\u00e9ticos han crecido en frecuencia y sofisticaci\u00f3n, afectando a sectores cr\u00edticos como el financiero, gubernamental, educativo y de telecomunicaciones. Seg\u00fan la <strong>28\u00aa Encuesta Global Anual de CEO de PwC<\/strong>, las ciberamenazas ya ocupan el <strong>cuarto lugar entre los mayores riesgos empresariales<\/strong>, solo detr\u00e1s de la inflaci\u00f3n, la inestabilidad geopol\u00edtica y la incertidumbre econ\u00f3mica.<\/span><\/p>\n<p style=\"text-align: justify;\"><span style=\"color: #000000;\">\u201cEl pa\u00eds vive una transformaci\u00f3n digital acelerada, pero todav\u00eda no cuenta con una cultura de seguridad madura. La verdadera resiliencia digital empieza antes del incidente\u201d, advierte <strong>Patricio Ram\u00f3n, Socio de Risk Services en PwC Ecuador<\/strong>. \u201cProteger los activos digitales no es un gasto, sino una inversi\u00f3n estrat\u00e9gica que garantiza la continuidad operativa y la confianza de los clientes\u201d.<\/span><\/p>\n<p style=\"text-align: justify;\"><span style=\"color: #000000;\">En el marco del <strong>Mes de la Ciberseguridad<\/strong>, PwC alerta que los <strong>ataques de phishing, ransomware y deepfakes<\/strong> son hoy las principales amenazas que enfrentan las organizaciones locales. La exposici\u00f3n del pa\u00eds a estas vulnerabilidades lo ubica entre los m\u00e1s afectados de la regi\u00f3n.<\/span><\/p>\n<p style=\"text-align: justify;\"><span style=\"color: #000000;\">Adem\u00e1s, la <strong>brecha de talento especializado en ciberseguridad<\/strong> contin\u00faa siendo un reto. Aunque las empresas han fortalecido sus mecanismos de respuesta \u2014impulsadas por la <strong>Ley Org\u00e1nica de Protecci\u00f3n de Datos Personales<\/strong> y el debate de la <strong>Ley de Fortalecimiento de la Ciberseguridad<\/strong>\u2014, a\u00fan prevalece un enfoque reactivo frente a los incidentes.<\/span><\/p>\n<p style=\"text-align: justify;\"><span style=\"color: #000000;\">La irrupci\u00f3n de la <strong>inteligencia artificial (IA)<\/strong> abre nuevas oportunidades, pero tambi\u00e9n riesgos \u00e9ticos y de privacidad. \u201cLa IA requiere una gesti\u00f3n responsable y transparente. No se trata solo de implementar tecnolog\u00eda, sino de hacerlo con prop\u00f3sito y con control de riesgos\u201d, agrega Ram\u00f3n.<\/span><\/p>\n<p style=\"text-align: justify;\"><span style=\"color: #000000;\"><strong>Desde PwC Ecuador se impulsa un modelo de gesti\u00f3n integral de ciberseguridad<\/strong>, basado en est\u00e1ndares internacionales como <strong>ISO 27001, ISO 27701 y NIST<\/strong>, a trav\u00e9s de <strong>centros de excelencia que operan 24\/7<\/strong>. En un contexto donde cada minuto cuenta frente a un ataque, la firma promueve el desarrollo de <strong>capacidades preventivas<\/strong> y una <strong>cultura nacional de seguridad digital<\/strong>, con el prop\u00f3sito de <strong>construir confianza, fortalecer la resiliencia empresarial y preservar la estabilidad del entorno econ\u00f3mico ecuatoriano<\/strong>.<\/span><\/p>\n","protected":false},"excerpt":{"rendered":"<p>El 72% de las organizaciones ecuatorianas reconoce haber enfrentado al menos un incidente de ciberseguridad en el \u00faltimo a\u00f1o. \u25cf Las p\u00e9rdidas econ\u00f3micas por brechas pueden alcanzar los USD 3 millones por evento, seg\u00fan estimaciones de PwC. \u25cf PwC advierte sobre la urgencia de fortalecer la cultura digital y la \u00e9tica en el uso de [&hellip;]<\/p>\n","protected":false},"author":4,"featured_media":136539,"comment_status":"closed","ping_status":"closed","sticky":false,"template":"","format":"standard","meta":{"_bbp_topic_count":0,"_bbp_reply_count":0,"_bbp_total_topic_count":0,"_bbp_total_reply_count":0,"_bbp_voice_count":0,"_bbp_anonymous_reply_count":0,"_bbp_topic_count_hidden":0,"_bbp_reply_count_hidden":0,"_bbp_forum_subforum_count":0,"buzzeditor_post_format":"","footnotes":""},"categories":[2],"tags":[],"class_list":["post-136538","post","type-post","status-publish","format-standard","has-post-thumbnail","hentry","category-noticias"],"yoast_head":"<!-- This site is optimized with the Yoast SEO plugin v27.5 - https:\/\/yoast.com\/product\/yoast-seo-wordpress\/ -->\n<title>Ecuador, entre los pa\u00edses m\u00e1s vulnerables a ciberataques en la regi\u00f3n, seg\u00fan una encuesta de PwC &#8211; QUEBAKAN.COM 2026: Noticias, Eventos, Conciertos y mucho m\u00e1s....<\/title>\n<meta name=\"robots\" content=\"index, follow, max-snippet:-1, max-image-preview:large, max-video-preview:-1\" \/>\n<link rel=\"canonical\" href=\"https:\/\/www.quebakan.com\/v15\/ecuador-entre-los-paises-mas-vulnerables-a-ciberataques-en-la-region-segun-una-encuesta-de-pwc\/\" \/>\n<meta property=\"og:locale\" content=\"es_ES\" \/>\n<meta property=\"og:type\" content=\"article\" \/>\n<meta property=\"og:title\" content=\"Ecuador, entre los pa\u00edses m\u00e1s vulnerables a ciberataques en la regi\u00f3n, seg\u00fan una encuesta de PwC &#8211; QUEBAKAN.COM 2026: Noticias, Eventos, Conciertos y mucho m\u00e1s....\" \/>\n<meta property=\"og:description\" content=\"El 72% de las organizaciones ecuatorianas reconoce haber enfrentado al menos un incidente de ciberseguridad en el \u00faltimo a\u00f1o. \u25cf Las p\u00e9rdidas econ\u00f3micas por brechas pueden alcanzar los USD 3 millones por evento, seg\u00fan estimaciones de PwC. \u25cf PwC advierte sobre la urgencia de fortalecer la cultura digital y la \u00e9tica en el uso de [&hellip;]\" \/>\n<meta property=\"og:url\" content=\"https:\/\/www.quebakan.com\/v15\/ecuador-entre-los-paises-mas-vulnerables-a-ciberataques-en-la-region-segun-una-encuesta-de-pwc\/\" \/>\n<meta property=\"og:site_name\" content=\"QUEBAKAN.COM 2026: Noticias, Eventos, Conciertos y mucho m\u00e1s....\" \/>\n<meta property=\"article:publisher\" content=\"http:\/\/www.facebook.com\/quebakan\" \/>\n<meta property=\"article:published_time\" content=\"2025-10-21T22:29:06+00:00\" \/>\n<meta property=\"og:image\" content=\"https:\/\/www.quebakan.com\/v15\/wp-content\/uploads\/2025\/10\/pwc1.jpg\" \/>\n\t<meta property=\"og:image:width\" content=\"184\" \/>\n\t<meta property=\"og:image:height\" content=\"245\" \/>\n\t<meta property=\"og:image:type\" content=\"image\/jpeg\" \/>\n<meta name=\"author\" content=\"Erick Villafuerte\" \/>\n<meta name=\"twitter:card\" content=\"summary_large_image\" \/>\n<meta name=\"twitter:creator\" content=\"@quebakanec\" \/>\n<meta name=\"twitter:site\" content=\"@quebakanec\" \/>\n<meta name=\"twitter:label1\" content=\"Escrito por\" \/>\n\t<meta name=\"twitter:data1\" content=\"Erick Villafuerte\" \/>\n\t<meta name=\"twitter:label2\" content=\"Tiempo de lectura\" \/>\n\t<meta name=\"twitter:data2\" content=\"3 minutos\" \/>\n<script type=\"application\/ld+json\" class=\"yoast-schema-graph\">{\"@context\":\"https:\\\/\\\/schema.org\",\"@graph\":[{\"@type\":\"Article\",\"@id\":\"https:\\\/\\\/www.quebakan.com\\\/v15\\\/ecuador-entre-los-paises-mas-vulnerables-a-ciberataques-en-la-region-segun-una-encuesta-de-pwc\\\/#article\",\"isPartOf\":{\"@id\":\"https:\\\/\\\/www.quebakan.com\\\/v15\\\/ecuador-entre-los-paises-mas-vulnerables-a-ciberataques-en-la-region-segun-una-encuesta-de-pwc\\\/\"},\"author\":{\"name\":\"Erick Villafuerte\",\"@id\":\"https:\\\/\\\/www.quebakan.com\\\/v15\\\/#\\\/schema\\\/person\\\/d90fa9f9cfa81eb8ace9811e5b7b9118\"},\"headline\":\"Ecuador, entre los pa\u00edses m\u00e1s vulnerables a ciberataques en la regi\u00f3n, seg\u00fan una encuesta de PwC\",\"datePublished\":\"2025-10-21T22:29:06+00:00\",\"mainEntityOfPage\":{\"@id\":\"https:\\\/\\\/www.quebakan.com\\\/v15\\\/ecuador-entre-los-paises-mas-vulnerables-a-ciberataques-en-la-region-segun-una-encuesta-de-pwc\\\/\"},\"wordCount\":448,\"publisher\":{\"@id\":\"https:\\\/\\\/www.quebakan.com\\\/v15\\\/#organization\"},\"image\":{\"@id\":\"https:\\\/\\\/www.quebakan.com\\\/v15\\\/ecuador-entre-los-paises-mas-vulnerables-a-ciberataques-en-la-region-segun-una-encuesta-de-pwc\\\/#primaryimage\"},\"thumbnailUrl\":\"https:\\\/\\\/www.quebakan.com\\\/v15\\\/wp-content\\\/uploads\\\/2025\\\/10\\\/pwc1.jpg\",\"articleSection\":[\"Noticias\"],\"inLanguage\":\"es\"},{\"@type\":\"WebPage\",\"@id\":\"https:\\\/\\\/www.quebakan.com\\\/v15\\\/ecuador-entre-los-paises-mas-vulnerables-a-ciberataques-en-la-region-segun-una-encuesta-de-pwc\\\/\",\"url\":\"https:\\\/\\\/www.quebakan.com\\\/v15\\\/ecuador-entre-los-paises-mas-vulnerables-a-ciberataques-en-la-region-segun-una-encuesta-de-pwc\\\/\",\"name\":\"Ecuador, entre los pa\u00edses m\u00e1s vulnerables a ciberataques en la regi\u00f3n, seg\u00fan una encuesta de PwC &#8211; QUEBAKAN.COM 2026: Noticias, Eventos, Conciertos y mucho m\u00e1s....\",\"isPartOf\":{\"@id\":\"https:\\\/\\\/www.quebakan.com\\\/v15\\\/#website\"},\"primaryImageOfPage\":{\"@id\":\"https:\\\/\\\/www.quebakan.com\\\/v15\\\/ecuador-entre-los-paises-mas-vulnerables-a-ciberataques-en-la-region-segun-una-encuesta-de-pwc\\\/#primaryimage\"},\"image\":{\"@id\":\"https:\\\/\\\/www.quebakan.com\\\/v15\\\/ecuador-entre-los-paises-mas-vulnerables-a-ciberataques-en-la-region-segun-una-encuesta-de-pwc\\\/#primaryimage\"},\"thumbnailUrl\":\"https:\\\/\\\/www.quebakan.com\\\/v15\\\/wp-content\\\/uploads\\\/2025\\\/10\\\/pwc1.jpg\",\"datePublished\":\"2025-10-21T22:29:06+00:00\",\"breadcrumb\":{\"@id\":\"https:\\\/\\\/www.quebakan.com\\\/v15\\\/ecuador-entre-los-paises-mas-vulnerables-a-ciberataques-en-la-region-segun-una-encuesta-de-pwc\\\/#breadcrumb\"},\"inLanguage\":\"es\",\"potentialAction\":[{\"@type\":\"ReadAction\",\"target\":[\"https:\\\/\\\/www.quebakan.com\\\/v15\\\/ecuador-entre-los-paises-mas-vulnerables-a-ciberataques-en-la-region-segun-una-encuesta-de-pwc\\\/\"]}]},{\"@type\":\"ImageObject\",\"inLanguage\":\"es\",\"@id\":\"https:\\\/\\\/www.quebakan.com\\\/v15\\\/ecuador-entre-los-paises-mas-vulnerables-a-ciberataques-en-la-region-segun-una-encuesta-de-pwc\\\/#primaryimage\",\"url\":\"https:\\\/\\\/www.quebakan.com\\\/v15\\\/wp-content\\\/uploads\\\/2025\\\/10\\\/pwc1.jpg\",\"contentUrl\":\"https:\\\/\\\/www.quebakan.com\\\/v15\\\/wp-content\\\/uploads\\\/2025\\\/10\\\/pwc1.jpg\",\"width\":184,\"height\":245},{\"@type\":\"BreadcrumbList\",\"@id\":\"https:\\\/\\\/www.quebakan.com\\\/v15\\\/ecuador-entre-los-paises-mas-vulnerables-a-ciberataques-en-la-region-segun-una-encuesta-de-pwc\\\/#breadcrumb\",\"itemListElement\":[{\"@type\":\"ListItem\",\"position\":1,\"name\":\"Portada\",\"item\":\"https:\\\/\\\/www.quebakan.com\\\/v15\\\/\"},{\"@type\":\"ListItem\",\"position\":2,\"name\":\"Ecuador, entre los pa\u00edses m\u00e1s vulnerables a ciberataques en la regi\u00f3n, seg\u00fan una encuesta de PwC\"}]},{\"@type\":\"WebSite\",\"@id\":\"https:\\\/\\\/www.quebakan.com\\\/v15\\\/#website\",\"url\":\"https:\\\/\\\/www.quebakan.com\\\/v15\\\/\",\"name\":\"QUEBAKAN\",\"description\":\"..\",\"publisher\":{\"@id\":\"https:\\\/\\\/www.quebakan.com\\\/v15\\\/#organization\"},\"potentialAction\":[{\"@type\":\"SearchAction\",\"target\":{\"@type\":\"EntryPoint\",\"urlTemplate\":\"https:\\\/\\\/www.quebakan.com\\\/v15\\\/?s={search_term_string}\"},\"query-input\":{\"@type\":\"PropertyValueSpecification\",\"valueRequired\":true,\"valueName\":\"search_term_string\"}}],\"inLanguage\":\"es\"},{\"@type\":\"Organization\",\"@id\":\"https:\\\/\\\/www.quebakan.com\\\/v15\\\/#organization\",\"name\":\"Quebakan.com\",\"url\":\"https:\\\/\\\/www.quebakan.com\\\/v15\\\/\",\"logo\":{\"@type\":\"ImageObject\",\"inLanguage\":\"es\",\"@id\":\"https:\\\/\\\/www.quebakan.com\\\/v15\\\/#\\\/schema\\\/logo\\\/image\\\/\",\"url\":\"https:\\\/\\\/www.quebakan.com\\\/v15\\\/wp-content\\\/uploads\\\/2023\\\/07\\\/logoquebakanenero2021.jpg\",\"contentUrl\":\"https:\\\/\\\/www.quebakan.com\\\/v15\\\/wp-content\\\/uploads\\\/2023\\\/07\\\/logoquebakanenero2021.jpg\",\"width\":1920,\"height\":1080,\"caption\":\"Quebakan.com\"},\"image\":{\"@id\":\"https:\\\/\\\/www.quebakan.com\\\/v15\\\/#\\\/schema\\\/logo\\\/image\\\/\"},\"sameAs\":[\"http:\\\/\\\/www.facebook.com\\\/quebakan\",\"https:\\\/\\\/x.com\\\/quebakanec\",\"http:\\\/\\\/www.instagram.com\\\/quebakan\",\"http:\\\/\\\/www.youtube.com\\\/quebakan1\"]},{\"@type\":\"Person\",\"@id\":\"https:\\\/\\\/www.quebakan.com\\\/v15\\\/#\\\/schema\\\/person\\\/d90fa9f9cfa81eb8ace9811e5b7b9118\",\"name\":\"Erick Villafuerte\",\"image\":{\"@type\":\"ImageObject\",\"inLanguage\":\"es\",\"@id\":\"https:\\\/\\\/www.quebakan.com\\\/v15\\\/wp-content\\\/uploads\\\/avatars\\\/4\\\/1731297654-bpfull.png\",\"url\":\"https:\\\/\\\/www.quebakan.com\\\/v15\\\/wp-content\\\/uploads\\\/avatars\\\/4\\\/1731297654-bpfull.png\",\"contentUrl\":\"https:\\\/\\\/www.quebakan.com\\\/v15\\\/wp-content\\\/uploads\\\/avatars\\\/4\\\/1731297654-bpfull.png\",\"caption\":\"Erick Villafuerte\"}}]}<\/script>\n<!-- \/ Yoast SEO plugin. -->","yoast_head_json":{"title":"Ecuador, entre los pa\u00edses m\u00e1s vulnerables a ciberataques en la regi\u00f3n, seg\u00fan una encuesta de PwC &#8211; QUEBAKAN.COM 2026: Noticias, Eventos, Conciertos y mucho m\u00e1s....","robots":{"index":"index","follow":"follow","max-snippet":"max-snippet:-1","max-image-preview":"max-image-preview:large","max-video-preview":"max-video-preview:-1"},"canonical":"https:\/\/www.quebakan.com\/v15\/ecuador-entre-los-paises-mas-vulnerables-a-ciberataques-en-la-region-segun-una-encuesta-de-pwc\/","og_locale":"es_ES","og_type":"article","og_title":"Ecuador, entre los pa\u00edses m\u00e1s vulnerables a ciberataques en la regi\u00f3n, seg\u00fan una encuesta de PwC &#8211; QUEBAKAN.COM 2026: Noticias, Eventos, Conciertos y mucho m\u00e1s....","og_description":"El 72% de las organizaciones ecuatorianas reconoce haber enfrentado al menos un incidente de ciberseguridad en el \u00faltimo a\u00f1o. \u25cf Las p\u00e9rdidas econ\u00f3micas por brechas pueden alcanzar los USD 3 millones por evento, seg\u00fan estimaciones de PwC. \u25cf PwC advierte sobre la urgencia de fortalecer la cultura digital y la \u00e9tica en el uso de [&hellip;]","og_url":"https:\/\/www.quebakan.com\/v15\/ecuador-entre-los-paises-mas-vulnerables-a-ciberataques-en-la-region-segun-una-encuesta-de-pwc\/","og_site_name":"QUEBAKAN.COM 2026: Noticias, Eventos, Conciertos y mucho m\u00e1s....","article_publisher":"http:\/\/www.facebook.com\/quebakan","article_published_time":"2025-10-21T22:29:06+00:00","og_image":[{"width":184,"height":245,"url":"https:\/\/www.quebakan.com\/v15\/wp-content\/uploads\/2025\/10\/pwc1.jpg","type":"image\/jpeg"}],"author":"Erick Villafuerte","twitter_card":"summary_large_image","twitter_creator":"@quebakanec","twitter_site":"@quebakanec","twitter_misc":{"Escrito por":"Erick Villafuerte","Tiempo de lectura":"3 minutos"},"schema":{"@context":"https:\/\/schema.org","@graph":[{"@type":"Article","@id":"https:\/\/www.quebakan.com\/v15\/ecuador-entre-los-paises-mas-vulnerables-a-ciberataques-en-la-region-segun-una-encuesta-de-pwc\/#article","isPartOf":{"@id":"https:\/\/www.quebakan.com\/v15\/ecuador-entre-los-paises-mas-vulnerables-a-ciberataques-en-la-region-segun-una-encuesta-de-pwc\/"},"author":{"name":"Erick Villafuerte","@id":"https:\/\/www.quebakan.com\/v15\/#\/schema\/person\/d90fa9f9cfa81eb8ace9811e5b7b9118"},"headline":"Ecuador, entre los pa\u00edses m\u00e1s vulnerables a ciberataques en la regi\u00f3n, seg\u00fan una encuesta de PwC","datePublished":"2025-10-21T22:29:06+00:00","mainEntityOfPage":{"@id":"https:\/\/www.quebakan.com\/v15\/ecuador-entre-los-paises-mas-vulnerables-a-ciberataques-en-la-region-segun-una-encuesta-de-pwc\/"},"wordCount":448,"publisher":{"@id":"https:\/\/www.quebakan.com\/v15\/#organization"},"image":{"@id":"https:\/\/www.quebakan.com\/v15\/ecuador-entre-los-paises-mas-vulnerables-a-ciberataques-en-la-region-segun-una-encuesta-de-pwc\/#primaryimage"},"thumbnailUrl":"https:\/\/www.quebakan.com\/v15\/wp-content\/uploads\/2025\/10\/pwc1.jpg","articleSection":["Noticias"],"inLanguage":"es"},{"@type":"WebPage","@id":"https:\/\/www.quebakan.com\/v15\/ecuador-entre-los-paises-mas-vulnerables-a-ciberataques-en-la-region-segun-una-encuesta-de-pwc\/","url":"https:\/\/www.quebakan.com\/v15\/ecuador-entre-los-paises-mas-vulnerables-a-ciberataques-en-la-region-segun-una-encuesta-de-pwc\/","name":"Ecuador, entre los pa\u00edses m\u00e1s vulnerables a ciberataques en la regi\u00f3n, seg\u00fan una encuesta de PwC &#8211; QUEBAKAN.COM 2026: Noticias, Eventos, Conciertos y mucho m\u00e1s....","isPartOf":{"@id":"https:\/\/www.quebakan.com\/v15\/#website"},"primaryImageOfPage":{"@id":"https:\/\/www.quebakan.com\/v15\/ecuador-entre-los-paises-mas-vulnerables-a-ciberataques-en-la-region-segun-una-encuesta-de-pwc\/#primaryimage"},"image":{"@id":"https:\/\/www.quebakan.com\/v15\/ecuador-entre-los-paises-mas-vulnerables-a-ciberataques-en-la-region-segun-una-encuesta-de-pwc\/#primaryimage"},"thumbnailUrl":"https:\/\/www.quebakan.com\/v15\/wp-content\/uploads\/2025\/10\/pwc1.jpg","datePublished":"2025-10-21T22:29:06+00:00","breadcrumb":{"@id":"https:\/\/www.quebakan.com\/v15\/ecuador-entre-los-paises-mas-vulnerables-a-ciberataques-en-la-region-segun-una-encuesta-de-pwc\/#breadcrumb"},"inLanguage":"es","potentialAction":[{"@type":"ReadAction","target":["https:\/\/www.quebakan.com\/v15\/ecuador-entre-los-paises-mas-vulnerables-a-ciberataques-en-la-region-segun-una-encuesta-de-pwc\/"]}]},{"@type":"ImageObject","inLanguage":"es","@id":"https:\/\/www.quebakan.com\/v15\/ecuador-entre-los-paises-mas-vulnerables-a-ciberataques-en-la-region-segun-una-encuesta-de-pwc\/#primaryimage","url":"https:\/\/www.quebakan.com\/v15\/wp-content\/uploads\/2025\/10\/pwc1.jpg","contentUrl":"https:\/\/www.quebakan.com\/v15\/wp-content\/uploads\/2025\/10\/pwc1.jpg","width":184,"height":245},{"@type":"BreadcrumbList","@id":"https:\/\/www.quebakan.com\/v15\/ecuador-entre-los-paises-mas-vulnerables-a-ciberataques-en-la-region-segun-una-encuesta-de-pwc\/#breadcrumb","itemListElement":[{"@type":"ListItem","position":1,"name":"Portada","item":"https:\/\/www.quebakan.com\/v15\/"},{"@type":"ListItem","position":2,"name":"Ecuador, entre los pa\u00edses m\u00e1s vulnerables a ciberataques en la regi\u00f3n, seg\u00fan una encuesta de PwC"}]},{"@type":"WebSite","@id":"https:\/\/www.quebakan.com\/v15\/#website","url":"https:\/\/www.quebakan.com\/v15\/","name":"QUEBAKAN","description":"..","publisher":{"@id":"https:\/\/www.quebakan.com\/v15\/#organization"},"potentialAction":[{"@type":"SearchAction","target":{"@type":"EntryPoint","urlTemplate":"https:\/\/www.quebakan.com\/v15\/?s={search_term_string}"},"query-input":{"@type":"PropertyValueSpecification","valueRequired":true,"valueName":"search_term_string"}}],"inLanguage":"es"},{"@type":"Organization","@id":"https:\/\/www.quebakan.com\/v15\/#organization","name":"Quebakan.com","url":"https:\/\/www.quebakan.com\/v15\/","logo":{"@type":"ImageObject","inLanguage":"es","@id":"https:\/\/www.quebakan.com\/v15\/#\/schema\/logo\/image\/","url":"https:\/\/www.quebakan.com\/v15\/wp-content\/uploads\/2023\/07\/logoquebakanenero2021.jpg","contentUrl":"https:\/\/www.quebakan.com\/v15\/wp-content\/uploads\/2023\/07\/logoquebakanenero2021.jpg","width":1920,"height":1080,"caption":"Quebakan.com"},"image":{"@id":"https:\/\/www.quebakan.com\/v15\/#\/schema\/logo\/image\/"},"sameAs":["http:\/\/www.facebook.com\/quebakan","https:\/\/x.com\/quebakanec","http:\/\/www.instagram.com\/quebakan","http:\/\/www.youtube.com\/quebakan1"]},{"@type":"Person","@id":"https:\/\/www.quebakan.com\/v15\/#\/schema\/person\/d90fa9f9cfa81eb8ace9811e5b7b9118","name":"Erick Villafuerte","image":{"@type":"ImageObject","inLanguage":"es","@id":"https:\/\/www.quebakan.com\/v15\/wp-content\/uploads\/avatars\/4\/1731297654-bpfull.png","url":"https:\/\/www.quebakan.com\/v15\/wp-content\/uploads\/avatars\/4\/1731297654-bpfull.png","contentUrl":"https:\/\/www.quebakan.com\/v15\/wp-content\/uploads\/avatars\/4\/1731297654-bpfull.png","caption":"Erick Villafuerte"}}]}},"_links":{"self":[{"href":"https:\/\/www.quebakan.com\/v15\/wp-json\/wp\/v2\/posts\/136538","targetHints":{"allow":["GET"]}}],"collection":[{"href":"https:\/\/www.quebakan.com\/v15\/wp-json\/wp\/v2\/posts"}],"about":[{"href":"https:\/\/www.quebakan.com\/v15\/wp-json\/wp\/v2\/types\/post"}],"author":[{"embeddable":true,"href":"https:\/\/www.quebakan.com\/v15\/wp-json\/wp\/v2\/users\/4"}],"replies":[{"embeddable":true,"href":"https:\/\/www.quebakan.com\/v15\/wp-json\/wp\/v2\/comments?post=136538"}],"version-history":[{"count":1,"href":"https:\/\/www.quebakan.com\/v15\/wp-json\/wp\/v2\/posts\/136538\/revisions"}],"predecessor-version":[{"id":136540,"href":"https:\/\/www.quebakan.com\/v15\/wp-json\/wp\/v2\/posts\/136538\/revisions\/136540"}],"wp:featuredmedia":[{"embeddable":true,"href":"https:\/\/www.quebakan.com\/v15\/wp-json\/wp\/v2\/media\/136539"}],"wp:attachment":[{"href":"https:\/\/www.quebakan.com\/v15\/wp-json\/wp\/v2\/media?parent=136538"}],"wp:term":[{"taxonomy":"category","embeddable":true,"href":"https:\/\/www.quebakan.com\/v15\/wp-json\/wp\/v2\/categories?post=136538"},{"taxonomy":"post_tag","embeddable":true,"href":"https:\/\/www.quebakan.com\/v15\/wp-json\/wp\/v2\/tags?post=136538"}],"curies":[{"name":"wp","href":"https:\/\/api.w.org\/{rel}","templated":true}]}}