{"id":136541,"date":"2025-10-21T17:40:31","date_gmt":"2025-10-21T22:40:31","guid":{"rendered":"https:\/\/www.quebakan.com\/v15\/?p=136541"},"modified":"2025-10-21T17:40:31","modified_gmt":"2025-10-21T22:40:31","slug":"crecos-celebra-el-centenario-de-barcelona-sc-con-el-lanzamiento-de-una-moto-especial-que-une-innovacion-diseno-y-financiamiento-accesible","status":"publish","type":"post","link":"https:\/\/www.quebakan.com\/v15\/crecos-celebra-el-centenario-de-barcelona-sc-con-el-lanzamiento-de-una-moto-especial-que-une-innovacion-diseno-y-financiamiento-accesible\/","title":{"rendered":"CRECOS celebra el centenario de Barcelona SC con el lanzamiento de una moto especial que une innovaci\u00f3n, dise\u00f1o y financiamiento accesible."},"content":{"rendered":"<p><img fetchpriority=\"high\" decoding=\"async\" class=\"aligncenter size-full wp-image-136542\" src=\"https:\/\/www.quebakan.com\/v15\/wp-content\/uploads\/2025\/10\/Moto-Centenario-Edit.jpg\" alt=\"\" width=\"700\" height=\"474\" \/><\/p>\n<ul>\n<li style=\"text-align: justify;\"><span style=\"color: #000000;\"><em>Con el lanzamiento de la moto Tundra Centenario, Crecos celebra los 100 a\u00f1os de Barcelona Sporting Club, reafirmando su trayectoria como empresa ecuatoriana y compromiso con sus clientes y el pa\u00eds.<\/em><\/span><\/li>\n<\/ul>\n<p style=\"text-align: justify;\"><span style=\"color: #000000;\"><strong>Guayaquil, octubre de 2025.<\/strong> \u2013 Crecos, retail nacional con m\u00e1s de 82 a\u00f1os en el mercado ecuatoriano anuncia el lanzamiento oficial de la <strong>Tundra Centenario,<\/strong> una edici\u00f3n especial y limitada de motocicletas que celebra los 100 a\u00f1os de historia y pasi\u00f3n de Barcelona Sporting Club.<\/span><\/p>\n<p style=\"text-align: justify;\"><span style=\"color: #000000;\">La idea de la Tundra Centenario naci\u00f3 el a\u00f1o anterior y tom\u00f3 fuerza durante la Noche Amarilla, cuando se present\u00f3 oficialmente el inicio de las celebraciones por el centenario de Barcelona SC. Desde entonces, Crecos y Tundra trabajaron en un modelo que represente la pasi\u00f3n amarilla y que ofrezca a los clientes mucho m\u00e1s que un medio de transporte. Con esta edici\u00f3n especial, los clientes sentir\u00e1n que cuentan con \u201cla piel del \u00cddolo\u201d, una moto que combina exclusividad y orgullo con prestaciones de alto nivel en su motor, frenos y panel digital.<\/span><\/p>\n<p style=\"text-align: justify;\"><span style=\"color: #000000;\">Este modelo exclusivo combina dise\u00f1o, potencia y simbolismo: inspirado en el legado del \u00cddolo del Astillero, la Tundra Centenario, modelo Century 200 rinde homenaje a la hinchada amarilla y se convierte en un objeto de colecci\u00f3n para los apasionados del f\u00fatbol y de la movilidad sobre dos ruedas.<\/span><\/p>\n<p style=\"text-align: justify;\"><span style=\"color: #000000;\"><strong>Carlos Andr\u00e9s Salame, Vicepresidente Comercial de CRESA RETAIL<\/strong>, expres\u00f3: <strong><em>\u201c<\/em><\/strong><em>Con la Tundra Centenario reafirmamos nuestro liderazgo en el mercado y la capacidad de innovar con productos que conectan con los ecuatorianos. Esta edici\u00f3n especial no es solo un lanzamiento comercial, sino un homenaje a los 100 a\u00f1os de pasi\u00f3n e historia de Barcelona Sporting Club, que buscamos transformar en una experiencia \u00fanica de movilidad y orgullo para nuestros clientes.\u201d<\/em><\/span><\/p>\n<p style=\"text-align: justify;\"><span style=\"color: #000000;\"><strong>Un modelo exclusivo <\/strong><\/span><\/p>\n<p style=\"text-align: justify;\"><span style=\"color: #000000;\">La Tundra Centenario, modelo Century 200 es una edici\u00f3n limitada tipo Scrambler, dise\u00f1ada con detalles que evocan los colores y s\u00edmbolos de Barcelona Sporting Club en conmemoraci\u00f3n de su centenario. Equipada con un motor de 200 cc, alcanza una velocidad m\u00e1xima de 110 km\/h y cuenta con transmisi\u00f3n de 6 velocidades, frenos de disco y suspensi\u00f3n con barras invertidas que aportan seguridad, estabilidad y confort en cada trayecto. Este modelo combina dise\u00f1o exclusivo y prestaciones t\u00e9cnicas de alto nivel con la confiabilidad de la tecnolog\u00eda Tundra, y gracias a los planes de financiamiento especiales de Crecos, se convierte en una oportunidad \u00fanica de movilidad y orgullo para m\u00e1s familias ecuatorianas.<\/span><\/p>\n<p style=\"text-align: justify;\"><span style=\"color: #000000;\">Esta edici\u00f3n incorpora en su dise\u00f1o elementos ic\u00f3nicos de Barcelona Sporting Club, como su hist\u00f3rico escudo y la versi\u00f3n especial creada para conmemorar los 100 a\u00f1os del \u00cddolo. Estos s\u00edmbolos legendarios convierten a la moto en una pieza \u00fanica y cargada de identidad, que trasciende lo est\u00e9tico para transformarse en un homenaje vivo a la historia del club.<\/span><\/p>\n<p style=\"text-align: justify;\"><span style=\"color: #000000;\"><strong>Crecos: innovaci\u00f3n y accesibilidad<\/strong><\/span><\/p>\n<p style=\"text-align: justify;\"><span style=\"color: #000000;\">Este lanzamiento tambi\u00e9n fortalece la estrategia de marca y posicionamiento de Crecos al abrir un nuevo portafolio dentro del segmento Caf\u00e9 Racer, consolidando a Tundra como una marca propia con identidad y proyecci\u00f3n. Crecos no solo ampl\u00eda su oferta en el mercado de motocicletas, sino que tambi\u00e9n reafirma su capacidad de innovar y generar productos que reflejen el orgullo ecuatoriano.<\/span><\/p>\n<p style=\"text-align: justify;\"><span style=\"color: #000000;\">La decisi\u00f3n de lanzar la Tundra Centenario, modelo Century 200 nace de la s\u00f3lida alianza de m\u00e1s de tres a\u00f1os entre Crecos y Barcelona Sporting Club. Para la compa\u00f1\u00eda era fundamental que una de sus marcas m\u00e1s representativas acompa\u00f1e un hito tan importante como el centenario del \u00cddolo, ofreciendo un modelo que combine prestaciones de alto nivel con el orgullo de la hinchada amarilla. Esta edici\u00f3n especial refleja la pasi\u00f3n que une a Tundra con el club y simboliza el camino hacia el Monumental, convirti\u00e9ndose en un motivo de orgullo tanto para Crecos como para sus clientes.<\/span><\/p>\n","protected":false},"excerpt":{"rendered":"<p>Con el lanzamiento de la moto Tundra Centenario, Crecos celebra los 100 a\u00f1os de Barcelona Sporting Club, reafirmando su trayectoria como empresa ecuatoriana y compromiso con sus clientes y el pa\u00eds. Guayaquil, octubre de 2025. \u2013 Crecos, retail nacional con m\u00e1s de 82 a\u00f1os en el mercado ecuatoriano anuncia el lanzamiento oficial de la Tundra [&hellip;]<\/p>\n","protected":false},"author":4,"featured_media":136542,"comment_status":"closed","ping_status":"closed","sticky":false,"template":"","format":"standard","meta":{"_bbp_topic_count":0,"_bbp_reply_count":0,"_bbp_total_topic_count":0,"_bbp_total_reply_count":0,"_bbp_voice_count":0,"_bbp_anonymous_reply_count":0,"_bbp_topic_count_hidden":0,"_bbp_reply_count_hidden":0,"_bbp_forum_subforum_count":0,"buzzeditor_post_format":"","footnotes":""},"categories":[2],"tags":[],"class_list":["post-136541","post","type-post","status-publish","format-standard","has-post-thumbnail","hentry","category-noticias"],"yoast_head":"<!-- This site is optimized with the Yoast SEO plugin v27.5 - https:\/\/yoast.com\/product\/yoast-seo-wordpress\/ -->\n<title>CRECOS celebra el centenario de Barcelona SC con el lanzamiento de una moto especial que une innovaci\u00f3n, dise\u00f1o y financiamiento accesible. &#8211; QUEBAKAN.COM 2026: Noticias, Eventos, Conciertos y mucho m\u00e1s....<\/title>\n<meta name=\"robots\" content=\"index, follow, max-snippet:-1, max-image-preview:large, max-video-preview:-1\" \/>\n<link rel=\"canonical\" href=\"https:\/\/www.quebakan.com\/v15\/crecos-celebra-el-centenario-de-barcelona-sc-con-el-lanzamiento-de-una-moto-especial-que-une-innovacion-diseno-y-financiamiento-accesible\/\" \/>\n<meta property=\"og:locale\" content=\"es_ES\" \/>\n<meta property=\"og:type\" content=\"article\" \/>\n<meta property=\"og:title\" content=\"CRECOS celebra el centenario de Barcelona SC con el lanzamiento de una moto especial que une innovaci\u00f3n, dise\u00f1o y financiamiento accesible. &#8211; QUEBAKAN.COM 2026: Noticias, Eventos, Conciertos y mucho m\u00e1s....\" \/>\n<meta property=\"og:description\" content=\"Con el lanzamiento de la moto Tundra Centenario, Crecos celebra los 100 a\u00f1os de Barcelona Sporting Club, reafirmando su trayectoria como empresa ecuatoriana y compromiso con sus clientes y el pa\u00eds. Guayaquil, octubre de 2025. \u2013 Crecos, retail nacional con m\u00e1s de 82 a\u00f1os en el mercado ecuatoriano anuncia el lanzamiento oficial de la Tundra [&hellip;]\" \/>\n<meta property=\"og:url\" content=\"https:\/\/www.quebakan.com\/v15\/crecos-celebra-el-centenario-de-barcelona-sc-con-el-lanzamiento-de-una-moto-especial-que-une-innovacion-diseno-y-financiamiento-accesible\/\" \/>\n<meta property=\"og:site_name\" content=\"QUEBAKAN.COM 2026: Noticias, Eventos, Conciertos y mucho m\u00e1s....\" \/>\n<meta property=\"article:publisher\" content=\"http:\/\/www.facebook.com\/quebakan\" \/>\n<meta property=\"article:published_time\" content=\"2025-10-21T22:40:31+00:00\" \/>\n<meta property=\"og:image\" content=\"https:\/\/www.quebakan.com\/v15\/wp-content\/uploads\/2025\/10\/Moto-Centenario-Edit.jpg\" \/>\n\t<meta property=\"og:image:width\" content=\"700\" \/>\n\t<meta property=\"og:image:height\" content=\"474\" \/>\n\t<meta property=\"og:image:type\" content=\"image\/jpeg\" \/>\n<meta name=\"author\" content=\"Erick Villafuerte\" \/>\n<meta name=\"twitter:card\" content=\"summary_large_image\" \/>\n<meta name=\"twitter:creator\" content=\"@quebakanec\" \/>\n<meta name=\"twitter:site\" content=\"@quebakanec\" \/>\n<meta name=\"twitter:label1\" content=\"Escrito por\" \/>\n\t<meta name=\"twitter:data1\" content=\"Erick Villafuerte\" \/>\n\t<meta name=\"twitter:label2\" content=\"Tiempo de lectura\" \/>\n\t<meta name=\"twitter:data2\" content=\"4 minutos\" \/>\n<script type=\"application\/ld+json\" class=\"yoast-schema-graph\">{\"@context\":\"https:\\\/\\\/schema.org\",\"@graph\":[{\"@type\":\"Article\",\"@id\":\"https:\\\/\\\/www.quebakan.com\\\/v15\\\/crecos-celebra-el-centenario-de-barcelona-sc-con-el-lanzamiento-de-una-moto-especial-que-une-innovacion-diseno-y-financiamiento-accesible\\\/#article\",\"isPartOf\":{\"@id\":\"https:\\\/\\\/www.quebakan.com\\\/v15\\\/crecos-celebra-el-centenario-de-barcelona-sc-con-el-lanzamiento-de-una-moto-especial-que-une-innovacion-diseno-y-financiamiento-accesible\\\/\"},\"author\":{\"name\":\"Erick Villafuerte\",\"@id\":\"https:\\\/\\\/www.quebakan.com\\\/v15\\\/#\\\/schema\\\/person\\\/d90fa9f9cfa81eb8ace9811e5b7b9118\"},\"headline\":\"CRECOS celebra el centenario de Barcelona SC con el lanzamiento de una moto especial que une innovaci\u00f3n, dise\u00f1o y financiamiento accesible.\",\"datePublished\":\"2025-10-21T22:40:31+00:00\",\"mainEntityOfPage\":{\"@id\":\"https:\\\/\\\/www.quebakan.com\\\/v15\\\/crecos-celebra-el-centenario-de-barcelona-sc-con-el-lanzamiento-de-una-moto-especial-que-une-innovacion-diseno-y-financiamiento-accesible\\\/\"},\"wordCount\":681,\"publisher\":{\"@id\":\"https:\\\/\\\/www.quebakan.com\\\/v15\\\/#organization\"},\"image\":{\"@id\":\"https:\\\/\\\/www.quebakan.com\\\/v15\\\/crecos-celebra-el-centenario-de-barcelona-sc-con-el-lanzamiento-de-una-moto-especial-que-une-innovacion-diseno-y-financiamiento-accesible\\\/#primaryimage\"},\"thumbnailUrl\":\"https:\\\/\\\/www.quebakan.com\\\/v15\\\/wp-content\\\/uploads\\\/2025\\\/10\\\/Moto-Centenario-Edit.jpg\",\"articleSection\":[\"Noticias\"],\"inLanguage\":\"es\"},{\"@type\":\"WebPage\",\"@id\":\"https:\\\/\\\/www.quebakan.com\\\/v15\\\/crecos-celebra-el-centenario-de-barcelona-sc-con-el-lanzamiento-de-una-moto-especial-que-une-innovacion-diseno-y-financiamiento-accesible\\\/\",\"url\":\"https:\\\/\\\/www.quebakan.com\\\/v15\\\/crecos-celebra-el-centenario-de-barcelona-sc-con-el-lanzamiento-de-una-moto-especial-que-une-innovacion-diseno-y-financiamiento-accesible\\\/\",\"name\":\"CRECOS celebra el centenario de Barcelona SC con el lanzamiento de una moto especial que une innovaci\u00f3n, dise\u00f1o y financiamiento accesible. &#8211; QUEBAKAN.COM 2026: Noticias, Eventos, Conciertos y mucho m\u00e1s....\",\"isPartOf\":{\"@id\":\"https:\\\/\\\/www.quebakan.com\\\/v15\\\/#website\"},\"primaryImageOfPage\":{\"@id\":\"https:\\\/\\\/www.quebakan.com\\\/v15\\\/crecos-celebra-el-centenario-de-barcelona-sc-con-el-lanzamiento-de-una-moto-especial-que-une-innovacion-diseno-y-financiamiento-accesible\\\/#primaryimage\"},\"image\":{\"@id\":\"https:\\\/\\\/www.quebakan.com\\\/v15\\\/crecos-celebra-el-centenario-de-barcelona-sc-con-el-lanzamiento-de-una-moto-especial-que-une-innovacion-diseno-y-financiamiento-accesible\\\/#primaryimage\"},\"thumbnailUrl\":\"https:\\\/\\\/www.quebakan.com\\\/v15\\\/wp-content\\\/uploads\\\/2025\\\/10\\\/Moto-Centenario-Edit.jpg\",\"datePublished\":\"2025-10-21T22:40:31+00:00\",\"breadcrumb\":{\"@id\":\"https:\\\/\\\/www.quebakan.com\\\/v15\\\/crecos-celebra-el-centenario-de-barcelona-sc-con-el-lanzamiento-de-una-moto-especial-que-une-innovacion-diseno-y-financiamiento-accesible\\\/#breadcrumb\"},\"inLanguage\":\"es\",\"potentialAction\":[{\"@type\":\"ReadAction\",\"target\":[\"https:\\\/\\\/www.quebakan.com\\\/v15\\\/crecos-celebra-el-centenario-de-barcelona-sc-con-el-lanzamiento-de-una-moto-especial-que-une-innovacion-diseno-y-financiamiento-accesible\\\/\"]}]},{\"@type\":\"ImageObject\",\"inLanguage\":\"es\",\"@id\":\"https:\\\/\\\/www.quebakan.com\\\/v15\\\/crecos-celebra-el-centenario-de-barcelona-sc-con-el-lanzamiento-de-una-moto-especial-que-une-innovacion-diseno-y-financiamiento-accesible\\\/#primaryimage\",\"url\":\"https:\\\/\\\/www.quebakan.com\\\/v15\\\/wp-content\\\/uploads\\\/2025\\\/10\\\/Moto-Centenario-Edit.jpg\",\"contentUrl\":\"https:\\\/\\\/www.quebakan.com\\\/v15\\\/wp-content\\\/uploads\\\/2025\\\/10\\\/Moto-Centenario-Edit.jpg\",\"width\":700,\"height\":474},{\"@type\":\"BreadcrumbList\",\"@id\":\"https:\\\/\\\/www.quebakan.com\\\/v15\\\/crecos-celebra-el-centenario-de-barcelona-sc-con-el-lanzamiento-de-una-moto-especial-que-une-innovacion-diseno-y-financiamiento-accesible\\\/#breadcrumb\",\"itemListElement\":[{\"@type\":\"ListItem\",\"position\":1,\"name\":\"Portada\",\"item\":\"https:\\\/\\\/www.quebakan.com\\\/v15\\\/\"},{\"@type\":\"ListItem\",\"position\":2,\"name\":\"CRECOS celebra el centenario de Barcelona SC con el lanzamiento de una moto especial que une innovaci\u00f3n, dise\u00f1o y financiamiento accesible.\"}]},{\"@type\":\"WebSite\",\"@id\":\"https:\\\/\\\/www.quebakan.com\\\/v15\\\/#website\",\"url\":\"https:\\\/\\\/www.quebakan.com\\\/v15\\\/\",\"name\":\"QUEBAKAN\",\"description\":\"..\",\"publisher\":{\"@id\":\"https:\\\/\\\/www.quebakan.com\\\/v15\\\/#organization\"},\"potentialAction\":[{\"@type\":\"SearchAction\",\"target\":{\"@type\":\"EntryPoint\",\"urlTemplate\":\"https:\\\/\\\/www.quebakan.com\\\/v15\\\/?s={search_term_string}\"},\"query-input\":{\"@type\":\"PropertyValueSpecification\",\"valueRequired\":true,\"valueName\":\"search_term_string\"}}],\"inLanguage\":\"es\"},{\"@type\":\"Organization\",\"@id\":\"https:\\\/\\\/www.quebakan.com\\\/v15\\\/#organization\",\"name\":\"Quebakan.com\",\"url\":\"https:\\\/\\\/www.quebakan.com\\\/v15\\\/\",\"logo\":{\"@type\":\"ImageObject\",\"inLanguage\":\"es\",\"@id\":\"https:\\\/\\\/www.quebakan.com\\\/v15\\\/#\\\/schema\\\/logo\\\/image\\\/\",\"url\":\"https:\\\/\\\/www.quebakan.com\\\/v15\\\/wp-content\\\/uploads\\\/2023\\\/07\\\/logoquebakanenero2021.jpg\",\"contentUrl\":\"https:\\\/\\\/www.quebakan.com\\\/v15\\\/wp-content\\\/uploads\\\/2023\\\/07\\\/logoquebakanenero2021.jpg\",\"width\":1920,\"height\":1080,\"caption\":\"Quebakan.com\"},\"image\":{\"@id\":\"https:\\\/\\\/www.quebakan.com\\\/v15\\\/#\\\/schema\\\/logo\\\/image\\\/\"},\"sameAs\":[\"http:\\\/\\\/www.facebook.com\\\/quebakan\",\"https:\\\/\\\/x.com\\\/quebakanec\",\"http:\\\/\\\/www.instagram.com\\\/quebakan\",\"http:\\\/\\\/www.youtube.com\\\/quebakan1\"]},{\"@type\":\"Person\",\"@id\":\"https:\\\/\\\/www.quebakan.com\\\/v15\\\/#\\\/schema\\\/person\\\/d90fa9f9cfa81eb8ace9811e5b7b9118\",\"name\":\"Erick Villafuerte\",\"image\":{\"@type\":\"ImageObject\",\"inLanguage\":\"es\",\"@id\":\"https:\\\/\\\/www.quebakan.com\\\/v15\\\/wp-content\\\/uploads\\\/avatars\\\/4\\\/1731297654-bpfull.png\",\"url\":\"https:\\\/\\\/www.quebakan.com\\\/v15\\\/wp-content\\\/uploads\\\/avatars\\\/4\\\/1731297654-bpfull.png\",\"contentUrl\":\"https:\\\/\\\/www.quebakan.com\\\/v15\\\/wp-content\\\/uploads\\\/avatars\\\/4\\\/1731297654-bpfull.png\",\"caption\":\"Erick Villafuerte\"}}]}<\/script>\n<!-- \/ Yoast SEO plugin. -->","yoast_head_json":{"title":"CRECOS celebra el centenario de Barcelona SC con el lanzamiento de una moto especial que une innovaci\u00f3n, dise\u00f1o y financiamiento accesible. &#8211; QUEBAKAN.COM 2026: Noticias, Eventos, Conciertos y mucho m\u00e1s....","robots":{"index":"index","follow":"follow","max-snippet":"max-snippet:-1","max-image-preview":"max-image-preview:large","max-video-preview":"max-video-preview:-1"},"canonical":"https:\/\/www.quebakan.com\/v15\/crecos-celebra-el-centenario-de-barcelona-sc-con-el-lanzamiento-de-una-moto-especial-que-une-innovacion-diseno-y-financiamiento-accesible\/","og_locale":"es_ES","og_type":"article","og_title":"CRECOS celebra el centenario de Barcelona SC con el lanzamiento de una moto especial que une innovaci\u00f3n, dise\u00f1o y financiamiento accesible. &#8211; QUEBAKAN.COM 2026: Noticias, Eventos, Conciertos y mucho m\u00e1s....","og_description":"Con el lanzamiento de la moto Tundra Centenario, Crecos celebra los 100 a\u00f1os de Barcelona Sporting Club, reafirmando su trayectoria como empresa ecuatoriana y compromiso con sus clientes y el pa\u00eds. Guayaquil, octubre de 2025. \u2013 Crecos, retail nacional con m\u00e1s de 82 a\u00f1os en el mercado ecuatoriano anuncia el lanzamiento oficial de la Tundra [&hellip;]","og_url":"https:\/\/www.quebakan.com\/v15\/crecos-celebra-el-centenario-de-barcelona-sc-con-el-lanzamiento-de-una-moto-especial-que-une-innovacion-diseno-y-financiamiento-accesible\/","og_site_name":"QUEBAKAN.COM 2026: Noticias, Eventos, Conciertos y mucho m\u00e1s....","article_publisher":"http:\/\/www.facebook.com\/quebakan","article_published_time":"2025-10-21T22:40:31+00:00","og_image":[{"width":700,"height":474,"url":"https:\/\/www.quebakan.com\/v15\/wp-content\/uploads\/2025\/10\/Moto-Centenario-Edit.jpg","type":"image\/jpeg"}],"author":"Erick Villafuerte","twitter_card":"summary_large_image","twitter_creator":"@quebakanec","twitter_site":"@quebakanec","twitter_misc":{"Escrito por":"Erick Villafuerte","Tiempo de lectura":"4 minutos"},"schema":{"@context":"https:\/\/schema.org","@graph":[{"@type":"Article","@id":"https:\/\/www.quebakan.com\/v15\/crecos-celebra-el-centenario-de-barcelona-sc-con-el-lanzamiento-de-una-moto-especial-que-une-innovacion-diseno-y-financiamiento-accesible\/#article","isPartOf":{"@id":"https:\/\/www.quebakan.com\/v15\/crecos-celebra-el-centenario-de-barcelona-sc-con-el-lanzamiento-de-una-moto-especial-que-une-innovacion-diseno-y-financiamiento-accesible\/"},"author":{"name":"Erick Villafuerte","@id":"https:\/\/www.quebakan.com\/v15\/#\/schema\/person\/d90fa9f9cfa81eb8ace9811e5b7b9118"},"headline":"CRECOS celebra el centenario de Barcelona SC con el lanzamiento de una moto especial que une innovaci\u00f3n, dise\u00f1o y financiamiento accesible.","datePublished":"2025-10-21T22:40:31+00:00","mainEntityOfPage":{"@id":"https:\/\/www.quebakan.com\/v15\/crecos-celebra-el-centenario-de-barcelona-sc-con-el-lanzamiento-de-una-moto-especial-que-une-innovacion-diseno-y-financiamiento-accesible\/"},"wordCount":681,"publisher":{"@id":"https:\/\/www.quebakan.com\/v15\/#organization"},"image":{"@id":"https:\/\/www.quebakan.com\/v15\/crecos-celebra-el-centenario-de-barcelona-sc-con-el-lanzamiento-de-una-moto-especial-que-une-innovacion-diseno-y-financiamiento-accesible\/#primaryimage"},"thumbnailUrl":"https:\/\/www.quebakan.com\/v15\/wp-content\/uploads\/2025\/10\/Moto-Centenario-Edit.jpg","articleSection":["Noticias"],"inLanguage":"es"},{"@type":"WebPage","@id":"https:\/\/www.quebakan.com\/v15\/crecos-celebra-el-centenario-de-barcelona-sc-con-el-lanzamiento-de-una-moto-especial-que-une-innovacion-diseno-y-financiamiento-accesible\/","url":"https:\/\/www.quebakan.com\/v15\/crecos-celebra-el-centenario-de-barcelona-sc-con-el-lanzamiento-de-una-moto-especial-que-une-innovacion-diseno-y-financiamiento-accesible\/","name":"CRECOS celebra el centenario de Barcelona SC con el lanzamiento de una moto especial que une innovaci\u00f3n, dise\u00f1o y financiamiento accesible. &#8211; QUEBAKAN.COM 2026: Noticias, Eventos, Conciertos y mucho m\u00e1s....","isPartOf":{"@id":"https:\/\/www.quebakan.com\/v15\/#website"},"primaryImageOfPage":{"@id":"https:\/\/www.quebakan.com\/v15\/crecos-celebra-el-centenario-de-barcelona-sc-con-el-lanzamiento-de-una-moto-especial-que-une-innovacion-diseno-y-financiamiento-accesible\/#primaryimage"},"image":{"@id":"https:\/\/www.quebakan.com\/v15\/crecos-celebra-el-centenario-de-barcelona-sc-con-el-lanzamiento-de-una-moto-especial-que-une-innovacion-diseno-y-financiamiento-accesible\/#primaryimage"},"thumbnailUrl":"https:\/\/www.quebakan.com\/v15\/wp-content\/uploads\/2025\/10\/Moto-Centenario-Edit.jpg","datePublished":"2025-10-21T22:40:31+00:00","breadcrumb":{"@id":"https:\/\/www.quebakan.com\/v15\/crecos-celebra-el-centenario-de-barcelona-sc-con-el-lanzamiento-de-una-moto-especial-que-une-innovacion-diseno-y-financiamiento-accesible\/#breadcrumb"},"inLanguage":"es","potentialAction":[{"@type":"ReadAction","target":["https:\/\/www.quebakan.com\/v15\/crecos-celebra-el-centenario-de-barcelona-sc-con-el-lanzamiento-de-una-moto-especial-que-une-innovacion-diseno-y-financiamiento-accesible\/"]}]},{"@type":"ImageObject","inLanguage":"es","@id":"https:\/\/www.quebakan.com\/v15\/crecos-celebra-el-centenario-de-barcelona-sc-con-el-lanzamiento-de-una-moto-especial-que-une-innovacion-diseno-y-financiamiento-accesible\/#primaryimage","url":"https:\/\/www.quebakan.com\/v15\/wp-content\/uploads\/2025\/10\/Moto-Centenario-Edit.jpg","contentUrl":"https:\/\/www.quebakan.com\/v15\/wp-content\/uploads\/2025\/10\/Moto-Centenario-Edit.jpg","width":700,"height":474},{"@type":"BreadcrumbList","@id":"https:\/\/www.quebakan.com\/v15\/crecos-celebra-el-centenario-de-barcelona-sc-con-el-lanzamiento-de-una-moto-especial-que-une-innovacion-diseno-y-financiamiento-accesible\/#breadcrumb","itemListElement":[{"@type":"ListItem","position":1,"name":"Portada","item":"https:\/\/www.quebakan.com\/v15\/"},{"@type":"ListItem","position":2,"name":"CRECOS celebra el centenario de Barcelona SC con el lanzamiento de una moto especial que une innovaci\u00f3n, dise\u00f1o y financiamiento accesible."}]},{"@type":"WebSite","@id":"https:\/\/www.quebakan.com\/v15\/#website","url":"https:\/\/www.quebakan.com\/v15\/","name":"QUEBAKAN","description":"..","publisher":{"@id":"https:\/\/www.quebakan.com\/v15\/#organization"},"potentialAction":[{"@type":"SearchAction","target":{"@type":"EntryPoint","urlTemplate":"https:\/\/www.quebakan.com\/v15\/?s={search_term_string}"},"query-input":{"@type":"PropertyValueSpecification","valueRequired":true,"valueName":"search_term_string"}}],"inLanguage":"es"},{"@type":"Organization","@id":"https:\/\/www.quebakan.com\/v15\/#organization","name":"Quebakan.com","url":"https:\/\/www.quebakan.com\/v15\/","logo":{"@type":"ImageObject","inLanguage":"es","@id":"https:\/\/www.quebakan.com\/v15\/#\/schema\/logo\/image\/","url":"https:\/\/www.quebakan.com\/v15\/wp-content\/uploads\/2023\/07\/logoquebakanenero2021.jpg","contentUrl":"https:\/\/www.quebakan.com\/v15\/wp-content\/uploads\/2023\/07\/logoquebakanenero2021.jpg","width":1920,"height":1080,"caption":"Quebakan.com"},"image":{"@id":"https:\/\/www.quebakan.com\/v15\/#\/schema\/logo\/image\/"},"sameAs":["http:\/\/www.facebook.com\/quebakan","https:\/\/x.com\/quebakanec","http:\/\/www.instagram.com\/quebakan","http:\/\/www.youtube.com\/quebakan1"]},{"@type":"Person","@id":"https:\/\/www.quebakan.com\/v15\/#\/schema\/person\/d90fa9f9cfa81eb8ace9811e5b7b9118","name":"Erick Villafuerte","image":{"@type":"ImageObject","inLanguage":"es","@id":"https:\/\/www.quebakan.com\/v15\/wp-content\/uploads\/avatars\/4\/1731297654-bpfull.png","url":"https:\/\/www.quebakan.com\/v15\/wp-content\/uploads\/avatars\/4\/1731297654-bpfull.png","contentUrl":"https:\/\/www.quebakan.com\/v15\/wp-content\/uploads\/avatars\/4\/1731297654-bpfull.png","caption":"Erick Villafuerte"}}]}},"_links":{"self":[{"href":"https:\/\/www.quebakan.com\/v15\/wp-json\/wp\/v2\/posts\/136541","targetHints":{"allow":["GET"]}}],"collection":[{"href":"https:\/\/www.quebakan.com\/v15\/wp-json\/wp\/v2\/posts"}],"about":[{"href":"https:\/\/www.quebakan.com\/v15\/wp-json\/wp\/v2\/types\/post"}],"author":[{"embeddable":true,"href":"https:\/\/www.quebakan.com\/v15\/wp-json\/wp\/v2\/users\/4"}],"replies":[{"embeddable":true,"href":"https:\/\/www.quebakan.com\/v15\/wp-json\/wp\/v2\/comments?post=136541"}],"version-history":[{"count":1,"href":"https:\/\/www.quebakan.com\/v15\/wp-json\/wp\/v2\/posts\/136541\/revisions"}],"predecessor-version":[{"id":136543,"href":"https:\/\/www.quebakan.com\/v15\/wp-json\/wp\/v2\/posts\/136541\/revisions\/136543"}],"wp:featuredmedia":[{"embeddable":true,"href":"https:\/\/www.quebakan.com\/v15\/wp-json\/wp\/v2\/media\/136542"}],"wp:attachment":[{"href":"https:\/\/www.quebakan.com\/v15\/wp-json\/wp\/v2\/media?parent=136541"}],"wp:term":[{"taxonomy":"category","embeddable":true,"href":"https:\/\/www.quebakan.com\/v15\/wp-json\/wp\/v2\/categories?post=136541"},{"taxonomy":"post_tag","embeddable":true,"href":"https:\/\/www.quebakan.com\/v15\/wp-json\/wp\/v2\/tags?post=136541"}],"curies":[{"name":"wp","href":"https:\/\/api.w.org\/{rel}","templated":true}]}}