{"id":136555,"date":"2025-10-21T18:03:48","date_gmt":"2025-10-21T23:03:48","guid":{"rendered":"https:\/\/www.quebakan.com\/v15\/?p=136555"},"modified":"2025-10-21T18:08:07","modified_gmt":"2025-10-21T23:08:07","slug":"ed-sheeran-traera-su-gira-loop-tour-a-sudamerica-en-mayo-de-2026","status":"publish","type":"post","link":"https:\/\/www.quebakan.com\/v15\/ed-sheeran-traera-su-gira-loop-tour-a-sudamerica-en-mayo-de-2026\/","title":{"rendered":"Ed Sheeran traer\u00e1 su gira \u00abLoop Tour\u00bb a Sudam\u00e9rica en mayo de 2026"},"content":{"rendered":"<p><img fetchpriority=\"high\" decoding=\"async\" class=\"aligncenter size-full wp-image-136556\" src=\"https:\/\/www.quebakan.com\/v15\/wp-content\/uploads\/2025\/10\/czgy_Capturadepantalla20251020alas61916pm-1015.jpg\" alt=\"\" width=\"565\" height=\"700\" \/><\/p>\n<p style=\"text-align: justify;\"><strong><span style=\"color: #000000;\">FECHAS DE LA GIRA CONFIRMADAS EN REP\u00daBLICA DOMINICANA, PUERTO RICO, COLOMBIA, PER\u00da, ECUADOR, GUATEMALA Y COSTA RICA.<\/span><\/strong><br \/>\n<strong><span style=\"color: #000000;\">FECHAS Y HORARIOS GENERALES DE VENTA <\/span><\/strong><br \/>\n<strong><span style=\"color: #000000;\">PUERTO RICO: 23 DE OCTUBRE @ 10AM <\/span><\/strong><br \/>\n<strong><span style=\"color: #000000;\">COLOMBIA: 24 DE OCTUBRE@ 10AM <\/span><\/strong><br \/>\n<strong><span style=\"color: #000000;\">PER\u00da: 25 DE OCTUBRE @ 10AM <\/span><\/strong><br \/>\n<strong><span style=\"color: #000000;\">GUATEMALA: 30 DE OCTUBRE @ 10AM <\/span><\/strong><br \/>\n<strong><span style=\"color: #000000;\">REPUBLICA DOMINICANA: 3 DE NOVIEMBRE @ 10AM <\/span><\/strong><br \/>\n<strong><span style=\"color: #000000;\">ECUADOR: PREVENTA 6 DE NOVIEMBRE, VENTA GENERAL 10 DE NOVIEMBRE @ 10AM<\/span><\/strong><\/p>\n<p style=\"text-align: justify;\"><span style=\"color: #000000;\">LA VENTA GENERAL COMIENZA A LA HORA ESPEC\u00cdFICA DE CADA REGI\u00d3N A TRAV\u00c9S DE WWW.EDSHEERAN.COM Y EN ECUADOR EN BUEN PLAN HTTPS:\/\/BUENPLAN.COM.EC\/EDSHEERAN<\/span><\/p>\n<p style=\"text-align: justify;\"><span style=\"color: #000000;\">Ed Sheeran ha anunciado las fechas de su gira por Sudam\u00e9rica para mayo de 2026. Como parte de su nuevo \u00abLOOP Tour\u00bb, las fechas anunciadas comenzar\u00e1n el s\u00e1bado 9 de mayo de 2026 en Rep\u00fablica Dominicana, seguido de conciertos en Puerto Rico, Colombia, Per\u00fa, Ecuador y Guatemala, antes de concluir en Costa Rica el s\u00e1bado 30 de mayo.<\/span><\/p>\n<p style=\"text-align: justify;\"><span style=\"color: #000000;\">En Ecuador, las entradas estar\u00e1n disponibles para su compra en la plataforma de WWW.EDSHEERAN.COM y HTTPS:\/\/BUENPLAN.COM.EC\/EDSHEERAN, en preventa desde el 6 de noviembre y venta general desde el 10 de noviembre a las 10am.<\/span><\/p>\n<p style=\"text-align: justify;\"><span style=\"color: #000000;\">Sheeran lanzar\u00e1 el LOOP Tour en Nueva Zelanda y Australia a principios de 2026, antes de su esperado regreso a Sudam\u00e9rica, su primera gira en el continente desde 2024. Tras concluir recientemente su gira r\u00e9cord de tres a\u00f1os, \u00abMathematics Tour\u00bb, el LOOP Tour de Sheeran promete a sus fans una experiencia en vivo renovada, con una escenograf\u00eda y un repertorio completamente nuevos, que incluyen canciones de su reciente \u00e1lbum \u00abPlay\u00bb, junto con una gran cantidad de sus canciones favoritas.<\/span><\/p>\n<p style=\"text-align: justify;\"><span style=\"color: #000000;\">Entrando con valent\u00eda en un nuevo cap\u00edtulo para 2025, Ed Sheeran lanz\u00f3 su nuevo \u00e1lbum Play el mes pasado. Como artista en constante evoluci\u00f3n, Play lo ve explorar nuevos terrenos <\/span><span style=\"color: #000000;\">musicales a trav\u00e9s de colaboraciones con productores y m\u00fasicos de todo el mundo. <\/span><span style=\"color: #000000;\">Inspir\u00e1ndose en parte en las tradiciones musicales indias y persas, y sus sorprendentes conexiones con los sonidos folcl\u00f3ricos irlandeses con los que creci\u00f3, Sheeran combina escalas, <\/span><span style=\"color: #000000;\">ritmos y melod\u00edas compartidas en un lenguaje musical sin fronteras que le da al \u00e1lbum un distintivo toque global. <\/span><\/p>\n<p style=\"text-align: justify;\"><span style=\"color: #000000;\">Al mismo tiempo, Sheeran se mantiene fiel a la balada atemporal que lo convirti\u00f3 en uno de los cantautores m\u00e1s queridos del mundo. El resultado es una colecci\u00f3n que equilibra lo familiar con lo nuevo, ofreciendo un sonido audaz, fresco y con un fuerte componente pop.<\/span><\/p>\n<p style=\"text-align: justify;\"><span style=\"color: #000000;\">Tras su lanzamiento, Play irrumpi\u00f3 en el n\u00famero 1 en todo el mundo, incluyendo Australia, Austria, B\u00e9lgica, Irlanda, Alemania, Nueva Zelanda, Suiza y el Reino Unido. M\u00e1s recientemente, Sheeran lanz\u00f3 \u2018Play \u2013 The Remixes EP\u2019, un proyecto de cuatro pistas que reinventa canciones seleccionadas de su \u00e1lbum a trav\u00e9s de colaboraciones din\u00e1micas con algunos de los talentos m\u00e1s famosos del sur de Asia, incluidos Hanumankind, Dhee, Santhosh Narayanan, Karan Aujla, Jonita y Arijit Singh.<\/span><\/p>\n<p style=\"text-align: justify;\"><img decoding=\"async\" class=\"aligncenter size-full wp-image-136557\" src=\"https:\/\/www.quebakan.com\/v15\/wp-content\/uploads\/2025\/10\/capt12.jpg\" alt=\"\" width=\"629\" height=\"236\" \/><\/p>\n","protected":false},"excerpt":{"rendered":"<p>FECHAS DE LA GIRA CONFIRMADAS EN REP\u00daBLICA DOMINICANA, PUERTO RICO, COLOMBIA, PER\u00da, ECUADOR, GUATEMALA Y COSTA RICA. FECHAS Y HORARIOS GENERALES DE VENTA PUERTO RICO: 23 DE OCTUBRE @ 10AM COLOMBIA: 24 DE OCTUBRE@ 10AM PER\u00da: 25 DE OCTUBRE @ 10AM GUATEMALA: 30 DE OCTUBRE @ 10AM REPUBLICA DOMINICANA: 3 DE NOVIEMBRE @ 10AM ECUADOR: [&hellip;]<\/p>\n","protected":false},"author":4,"featured_media":136556,"comment_status":"closed","ping_status":"closed","sticky":false,"template":"","format":"standard","meta":{"_bbp_topic_count":0,"_bbp_reply_count":0,"_bbp_total_topic_count":0,"_bbp_total_reply_count":0,"_bbp_voice_count":0,"_bbp_anonymous_reply_count":0,"_bbp_topic_count_hidden":0,"_bbp_reply_count_hidden":0,"_bbp_forum_subforum_count":0,"buzzeditor_post_format":"","footnotes":""},"categories":[2],"tags":[],"class_list":["post-136555","post","type-post","status-publish","format-standard","has-post-thumbnail","hentry","category-noticias"],"yoast_head":"<!-- This site is optimized with the Yoast SEO plugin v27.5 - https:\/\/yoast.com\/product\/yoast-seo-wordpress\/ -->\n<title>Ed Sheeran traer\u00e1 su gira &quot;Loop Tour&quot; a Sudam\u00e9rica en mayo de 2026 &#8211; QUEBAKAN.COM 2026: Noticias, Eventos, Conciertos y mucho m\u00e1s....<\/title>\n<meta name=\"robots\" content=\"index, follow, max-snippet:-1, max-image-preview:large, max-video-preview:-1\" \/>\n<link rel=\"canonical\" href=\"https:\/\/www.quebakan.com\/v15\/ed-sheeran-traera-su-gira-loop-tour-a-sudamerica-en-mayo-de-2026\/\" \/>\n<meta property=\"og:locale\" content=\"es_ES\" \/>\n<meta property=\"og:type\" content=\"article\" \/>\n<meta property=\"og:title\" content=\"Ed Sheeran traer\u00e1 su gira &quot;Loop Tour&quot; a Sudam\u00e9rica en mayo de 2026 &#8211; QUEBAKAN.COM 2026: Noticias, Eventos, Conciertos y mucho m\u00e1s....\" \/>\n<meta property=\"og:description\" content=\"FECHAS DE LA GIRA CONFIRMADAS EN REP\u00daBLICA DOMINICANA, PUERTO RICO, COLOMBIA, PER\u00da, ECUADOR, GUATEMALA Y COSTA RICA. FECHAS Y HORARIOS GENERALES DE VENTA PUERTO RICO: 23 DE OCTUBRE @ 10AM COLOMBIA: 24 DE OCTUBRE@ 10AM PER\u00da: 25 DE OCTUBRE @ 10AM GUATEMALA: 30 DE OCTUBRE @ 10AM REPUBLICA DOMINICANA: 3 DE NOVIEMBRE @ 10AM ECUADOR: [&hellip;]\" \/>\n<meta property=\"og:url\" content=\"https:\/\/www.quebakan.com\/v15\/ed-sheeran-traera-su-gira-loop-tour-a-sudamerica-en-mayo-de-2026\/\" \/>\n<meta property=\"og:site_name\" content=\"QUEBAKAN.COM 2026: Noticias, Eventos, Conciertos y mucho m\u00e1s....\" \/>\n<meta property=\"article:publisher\" content=\"http:\/\/www.facebook.com\/quebakan\" \/>\n<meta property=\"article:published_time\" content=\"2025-10-21T23:03:48+00:00\" \/>\n<meta property=\"article:modified_time\" content=\"2025-10-21T23:08:07+00:00\" \/>\n<meta property=\"og:image\" content=\"https:\/\/www.quebakan.com\/v15\/wp-content\/uploads\/2025\/10\/czgy_Capturadepantalla20251020alas61916pm-1015.jpg\" \/>\n\t<meta property=\"og:image:width\" content=\"565\" \/>\n\t<meta property=\"og:image:height\" content=\"700\" \/>\n\t<meta property=\"og:image:type\" content=\"image\/jpeg\" \/>\n<meta name=\"author\" content=\"Erick Villafuerte\" \/>\n<meta name=\"twitter:card\" content=\"summary_large_image\" \/>\n<meta name=\"twitter:creator\" content=\"@quebakanec\" \/>\n<meta name=\"twitter:site\" content=\"@quebakanec\" \/>\n<meta name=\"twitter:label1\" content=\"Escrito por\" \/>\n\t<meta name=\"twitter:data1\" content=\"Erick Villafuerte\" \/>\n\t<meta name=\"twitter:label2\" content=\"Tiempo de lectura\" \/>\n\t<meta name=\"twitter:data2\" content=\"3 minutos\" \/>\n<script type=\"application\/ld+json\" class=\"yoast-schema-graph\">{\"@context\":\"https:\\\/\\\/schema.org\",\"@graph\":[{\"@type\":\"Article\",\"@id\":\"https:\\\/\\\/www.quebakan.com\\\/v15\\\/ed-sheeran-traera-su-gira-loop-tour-a-sudamerica-en-mayo-de-2026\\\/#article\",\"isPartOf\":{\"@id\":\"https:\\\/\\\/www.quebakan.com\\\/v15\\\/ed-sheeran-traera-su-gira-loop-tour-a-sudamerica-en-mayo-de-2026\\\/\"},\"author\":{\"name\":\"Erick Villafuerte\",\"@id\":\"https:\\\/\\\/www.quebakan.com\\\/v15\\\/#\\\/schema\\\/person\\\/d90fa9f9cfa81eb8ace9811e5b7b9118\"},\"headline\":\"Ed Sheeran traer\u00e1 su gira \u00abLoop Tour\u00bb a Sudam\u00e9rica en mayo de 2026\",\"datePublished\":\"2025-10-21T23:03:48+00:00\",\"dateModified\":\"2025-10-21T23:08:07+00:00\",\"mainEntityOfPage\":{\"@id\":\"https:\\\/\\\/www.quebakan.com\\\/v15\\\/ed-sheeran-traera-su-gira-loop-tour-a-sudamerica-en-mayo-de-2026\\\/\"},\"wordCount\":499,\"publisher\":{\"@id\":\"https:\\\/\\\/www.quebakan.com\\\/v15\\\/#organization\"},\"image\":{\"@id\":\"https:\\\/\\\/www.quebakan.com\\\/v15\\\/ed-sheeran-traera-su-gira-loop-tour-a-sudamerica-en-mayo-de-2026\\\/#primaryimage\"},\"thumbnailUrl\":\"https:\\\/\\\/www.quebakan.com\\\/v15\\\/wp-content\\\/uploads\\\/2025\\\/10\\\/czgy_Capturadepantalla20251020alas61916pm-1015.jpg\",\"articleSection\":[\"Noticias\"],\"inLanguage\":\"es\"},{\"@type\":\"WebPage\",\"@id\":\"https:\\\/\\\/www.quebakan.com\\\/v15\\\/ed-sheeran-traera-su-gira-loop-tour-a-sudamerica-en-mayo-de-2026\\\/\",\"url\":\"https:\\\/\\\/www.quebakan.com\\\/v15\\\/ed-sheeran-traera-su-gira-loop-tour-a-sudamerica-en-mayo-de-2026\\\/\",\"name\":\"Ed Sheeran traer\u00e1 su gira \\\"Loop Tour\\\" a Sudam\u00e9rica en mayo de 2026 &#8211; QUEBAKAN.COM 2026: Noticias, Eventos, Conciertos y mucho m\u00e1s....\",\"isPartOf\":{\"@id\":\"https:\\\/\\\/www.quebakan.com\\\/v15\\\/#website\"},\"primaryImageOfPage\":{\"@id\":\"https:\\\/\\\/www.quebakan.com\\\/v15\\\/ed-sheeran-traera-su-gira-loop-tour-a-sudamerica-en-mayo-de-2026\\\/#primaryimage\"},\"image\":{\"@id\":\"https:\\\/\\\/www.quebakan.com\\\/v15\\\/ed-sheeran-traera-su-gira-loop-tour-a-sudamerica-en-mayo-de-2026\\\/#primaryimage\"},\"thumbnailUrl\":\"https:\\\/\\\/www.quebakan.com\\\/v15\\\/wp-content\\\/uploads\\\/2025\\\/10\\\/czgy_Capturadepantalla20251020alas61916pm-1015.jpg\",\"datePublished\":\"2025-10-21T23:03:48+00:00\",\"dateModified\":\"2025-10-21T23:08:07+00:00\",\"breadcrumb\":{\"@id\":\"https:\\\/\\\/www.quebakan.com\\\/v15\\\/ed-sheeran-traera-su-gira-loop-tour-a-sudamerica-en-mayo-de-2026\\\/#breadcrumb\"},\"inLanguage\":\"es\",\"potentialAction\":[{\"@type\":\"ReadAction\",\"target\":[\"https:\\\/\\\/www.quebakan.com\\\/v15\\\/ed-sheeran-traera-su-gira-loop-tour-a-sudamerica-en-mayo-de-2026\\\/\"]}]},{\"@type\":\"ImageObject\",\"inLanguage\":\"es\",\"@id\":\"https:\\\/\\\/www.quebakan.com\\\/v15\\\/ed-sheeran-traera-su-gira-loop-tour-a-sudamerica-en-mayo-de-2026\\\/#primaryimage\",\"url\":\"https:\\\/\\\/www.quebakan.com\\\/v15\\\/wp-content\\\/uploads\\\/2025\\\/10\\\/czgy_Capturadepantalla20251020alas61916pm-1015.jpg\",\"contentUrl\":\"https:\\\/\\\/www.quebakan.com\\\/v15\\\/wp-content\\\/uploads\\\/2025\\\/10\\\/czgy_Capturadepantalla20251020alas61916pm-1015.jpg\",\"width\":565,\"height\":700},{\"@type\":\"BreadcrumbList\",\"@id\":\"https:\\\/\\\/www.quebakan.com\\\/v15\\\/ed-sheeran-traera-su-gira-loop-tour-a-sudamerica-en-mayo-de-2026\\\/#breadcrumb\",\"itemListElement\":[{\"@type\":\"ListItem\",\"position\":1,\"name\":\"Portada\",\"item\":\"https:\\\/\\\/www.quebakan.com\\\/v15\\\/\"},{\"@type\":\"ListItem\",\"position\":2,\"name\":\"Ed Sheeran traer\u00e1 su gira \u00abLoop Tour\u00bb a Sudam\u00e9rica en mayo de 2026\"}]},{\"@type\":\"WebSite\",\"@id\":\"https:\\\/\\\/www.quebakan.com\\\/v15\\\/#website\",\"url\":\"https:\\\/\\\/www.quebakan.com\\\/v15\\\/\",\"name\":\"QUEBAKAN\",\"description\":\"..\",\"publisher\":{\"@id\":\"https:\\\/\\\/www.quebakan.com\\\/v15\\\/#organization\"},\"potentialAction\":[{\"@type\":\"SearchAction\",\"target\":{\"@type\":\"EntryPoint\",\"urlTemplate\":\"https:\\\/\\\/www.quebakan.com\\\/v15\\\/?s={search_term_string}\"},\"query-input\":{\"@type\":\"PropertyValueSpecification\",\"valueRequired\":true,\"valueName\":\"search_term_string\"}}],\"inLanguage\":\"es\"},{\"@type\":\"Organization\",\"@id\":\"https:\\\/\\\/www.quebakan.com\\\/v15\\\/#organization\",\"name\":\"Quebakan.com\",\"url\":\"https:\\\/\\\/www.quebakan.com\\\/v15\\\/\",\"logo\":{\"@type\":\"ImageObject\",\"inLanguage\":\"es\",\"@id\":\"https:\\\/\\\/www.quebakan.com\\\/v15\\\/#\\\/schema\\\/logo\\\/image\\\/\",\"url\":\"https:\\\/\\\/www.quebakan.com\\\/v15\\\/wp-content\\\/uploads\\\/2023\\\/07\\\/logoquebakanenero2021.jpg\",\"contentUrl\":\"https:\\\/\\\/www.quebakan.com\\\/v15\\\/wp-content\\\/uploads\\\/2023\\\/07\\\/logoquebakanenero2021.jpg\",\"width\":1920,\"height\":1080,\"caption\":\"Quebakan.com\"},\"image\":{\"@id\":\"https:\\\/\\\/www.quebakan.com\\\/v15\\\/#\\\/schema\\\/logo\\\/image\\\/\"},\"sameAs\":[\"http:\\\/\\\/www.facebook.com\\\/quebakan\",\"https:\\\/\\\/x.com\\\/quebakanec\",\"http:\\\/\\\/www.instagram.com\\\/quebakan\",\"http:\\\/\\\/www.youtube.com\\\/quebakan1\"]},{\"@type\":\"Person\",\"@id\":\"https:\\\/\\\/www.quebakan.com\\\/v15\\\/#\\\/schema\\\/person\\\/d90fa9f9cfa81eb8ace9811e5b7b9118\",\"name\":\"Erick Villafuerte\",\"image\":{\"@type\":\"ImageObject\",\"inLanguage\":\"es\",\"@id\":\"https:\\\/\\\/www.quebakan.com\\\/v15\\\/wp-content\\\/uploads\\\/avatars\\\/4\\\/1731297654-bpfull.png\",\"url\":\"https:\\\/\\\/www.quebakan.com\\\/v15\\\/wp-content\\\/uploads\\\/avatars\\\/4\\\/1731297654-bpfull.png\",\"contentUrl\":\"https:\\\/\\\/www.quebakan.com\\\/v15\\\/wp-content\\\/uploads\\\/avatars\\\/4\\\/1731297654-bpfull.png\",\"caption\":\"Erick Villafuerte\"}}]}<\/script>\n<!-- \/ Yoast SEO plugin. -->","yoast_head_json":{"title":"Ed Sheeran traer\u00e1 su gira \"Loop Tour\" a Sudam\u00e9rica en mayo de 2026 &#8211; QUEBAKAN.COM 2026: Noticias, Eventos, Conciertos y mucho m\u00e1s....","robots":{"index":"index","follow":"follow","max-snippet":"max-snippet:-1","max-image-preview":"max-image-preview:large","max-video-preview":"max-video-preview:-1"},"canonical":"https:\/\/www.quebakan.com\/v15\/ed-sheeran-traera-su-gira-loop-tour-a-sudamerica-en-mayo-de-2026\/","og_locale":"es_ES","og_type":"article","og_title":"Ed Sheeran traer\u00e1 su gira \"Loop Tour\" a Sudam\u00e9rica en mayo de 2026 &#8211; QUEBAKAN.COM 2026: Noticias, Eventos, Conciertos y mucho m\u00e1s....","og_description":"FECHAS DE LA GIRA CONFIRMADAS EN REP\u00daBLICA DOMINICANA, PUERTO RICO, COLOMBIA, PER\u00da, ECUADOR, GUATEMALA Y COSTA RICA. FECHAS Y HORARIOS GENERALES DE VENTA PUERTO RICO: 23 DE OCTUBRE @ 10AM COLOMBIA: 24 DE OCTUBRE@ 10AM PER\u00da: 25 DE OCTUBRE @ 10AM GUATEMALA: 30 DE OCTUBRE @ 10AM REPUBLICA DOMINICANA: 3 DE NOVIEMBRE @ 10AM ECUADOR: [&hellip;]","og_url":"https:\/\/www.quebakan.com\/v15\/ed-sheeran-traera-su-gira-loop-tour-a-sudamerica-en-mayo-de-2026\/","og_site_name":"QUEBAKAN.COM 2026: Noticias, Eventos, Conciertos y mucho m\u00e1s....","article_publisher":"http:\/\/www.facebook.com\/quebakan","article_published_time":"2025-10-21T23:03:48+00:00","article_modified_time":"2025-10-21T23:08:07+00:00","og_image":[{"width":565,"height":700,"url":"https:\/\/www.quebakan.com\/v15\/wp-content\/uploads\/2025\/10\/czgy_Capturadepantalla20251020alas61916pm-1015.jpg","type":"image\/jpeg"}],"author":"Erick Villafuerte","twitter_card":"summary_large_image","twitter_creator":"@quebakanec","twitter_site":"@quebakanec","twitter_misc":{"Escrito por":"Erick Villafuerte","Tiempo de lectura":"3 minutos"},"schema":{"@context":"https:\/\/schema.org","@graph":[{"@type":"Article","@id":"https:\/\/www.quebakan.com\/v15\/ed-sheeran-traera-su-gira-loop-tour-a-sudamerica-en-mayo-de-2026\/#article","isPartOf":{"@id":"https:\/\/www.quebakan.com\/v15\/ed-sheeran-traera-su-gira-loop-tour-a-sudamerica-en-mayo-de-2026\/"},"author":{"name":"Erick Villafuerte","@id":"https:\/\/www.quebakan.com\/v15\/#\/schema\/person\/d90fa9f9cfa81eb8ace9811e5b7b9118"},"headline":"Ed Sheeran traer\u00e1 su gira \u00abLoop Tour\u00bb a Sudam\u00e9rica en mayo de 2026","datePublished":"2025-10-21T23:03:48+00:00","dateModified":"2025-10-21T23:08:07+00:00","mainEntityOfPage":{"@id":"https:\/\/www.quebakan.com\/v15\/ed-sheeran-traera-su-gira-loop-tour-a-sudamerica-en-mayo-de-2026\/"},"wordCount":499,"publisher":{"@id":"https:\/\/www.quebakan.com\/v15\/#organization"},"image":{"@id":"https:\/\/www.quebakan.com\/v15\/ed-sheeran-traera-su-gira-loop-tour-a-sudamerica-en-mayo-de-2026\/#primaryimage"},"thumbnailUrl":"https:\/\/www.quebakan.com\/v15\/wp-content\/uploads\/2025\/10\/czgy_Capturadepantalla20251020alas61916pm-1015.jpg","articleSection":["Noticias"],"inLanguage":"es"},{"@type":"WebPage","@id":"https:\/\/www.quebakan.com\/v15\/ed-sheeran-traera-su-gira-loop-tour-a-sudamerica-en-mayo-de-2026\/","url":"https:\/\/www.quebakan.com\/v15\/ed-sheeran-traera-su-gira-loop-tour-a-sudamerica-en-mayo-de-2026\/","name":"Ed Sheeran traer\u00e1 su gira \"Loop Tour\" a Sudam\u00e9rica en mayo de 2026 &#8211; QUEBAKAN.COM 2026: Noticias, Eventos, Conciertos y mucho m\u00e1s....","isPartOf":{"@id":"https:\/\/www.quebakan.com\/v15\/#website"},"primaryImageOfPage":{"@id":"https:\/\/www.quebakan.com\/v15\/ed-sheeran-traera-su-gira-loop-tour-a-sudamerica-en-mayo-de-2026\/#primaryimage"},"image":{"@id":"https:\/\/www.quebakan.com\/v15\/ed-sheeran-traera-su-gira-loop-tour-a-sudamerica-en-mayo-de-2026\/#primaryimage"},"thumbnailUrl":"https:\/\/www.quebakan.com\/v15\/wp-content\/uploads\/2025\/10\/czgy_Capturadepantalla20251020alas61916pm-1015.jpg","datePublished":"2025-10-21T23:03:48+00:00","dateModified":"2025-10-21T23:08:07+00:00","breadcrumb":{"@id":"https:\/\/www.quebakan.com\/v15\/ed-sheeran-traera-su-gira-loop-tour-a-sudamerica-en-mayo-de-2026\/#breadcrumb"},"inLanguage":"es","potentialAction":[{"@type":"ReadAction","target":["https:\/\/www.quebakan.com\/v15\/ed-sheeran-traera-su-gira-loop-tour-a-sudamerica-en-mayo-de-2026\/"]}]},{"@type":"ImageObject","inLanguage":"es","@id":"https:\/\/www.quebakan.com\/v15\/ed-sheeran-traera-su-gira-loop-tour-a-sudamerica-en-mayo-de-2026\/#primaryimage","url":"https:\/\/www.quebakan.com\/v15\/wp-content\/uploads\/2025\/10\/czgy_Capturadepantalla20251020alas61916pm-1015.jpg","contentUrl":"https:\/\/www.quebakan.com\/v15\/wp-content\/uploads\/2025\/10\/czgy_Capturadepantalla20251020alas61916pm-1015.jpg","width":565,"height":700},{"@type":"BreadcrumbList","@id":"https:\/\/www.quebakan.com\/v15\/ed-sheeran-traera-su-gira-loop-tour-a-sudamerica-en-mayo-de-2026\/#breadcrumb","itemListElement":[{"@type":"ListItem","position":1,"name":"Portada","item":"https:\/\/www.quebakan.com\/v15\/"},{"@type":"ListItem","position":2,"name":"Ed Sheeran traer\u00e1 su gira \u00abLoop Tour\u00bb a Sudam\u00e9rica en mayo de 2026"}]},{"@type":"WebSite","@id":"https:\/\/www.quebakan.com\/v15\/#website","url":"https:\/\/www.quebakan.com\/v15\/","name":"QUEBAKAN","description":"..","publisher":{"@id":"https:\/\/www.quebakan.com\/v15\/#organization"},"potentialAction":[{"@type":"SearchAction","target":{"@type":"EntryPoint","urlTemplate":"https:\/\/www.quebakan.com\/v15\/?s={search_term_string}"},"query-input":{"@type":"PropertyValueSpecification","valueRequired":true,"valueName":"search_term_string"}}],"inLanguage":"es"},{"@type":"Organization","@id":"https:\/\/www.quebakan.com\/v15\/#organization","name":"Quebakan.com","url":"https:\/\/www.quebakan.com\/v15\/","logo":{"@type":"ImageObject","inLanguage":"es","@id":"https:\/\/www.quebakan.com\/v15\/#\/schema\/logo\/image\/","url":"https:\/\/www.quebakan.com\/v15\/wp-content\/uploads\/2023\/07\/logoquebakanenero2021.jpg","contentUrl":"https:\/\/www.quebakan.com\/v15\/wp-content\/uploads\/2023\/07\/logoquebakanenero2021.jpg","width":1920,"height":1080,"caption":"Quebakan.com"},"image":{"@id":"https:\/\/www.quebakan.com\/v15\/#\/schema\/logo\/image\/"},"sameAs":["http:\/\/www.facebook.com\/quebakan","https:\/\/x.com\/quebakanec","http:\/\/www.instagram.com\/quebakan","http:\/\/www.youtube.com\/quebakan1"]},{"@type":"Person","@id":"https:\/\/www.quebakan.com\/v15\/#\/schema\/person\/d90fa9f9cfa81eb8ace9811e5b7b9118","name":"Erick Villafuerte","image":{"@type":"ImageObject","inLanguage":"es","@id":"https:\/\/www.quebakan.com\/v15\/wp-content\/uploads\/avatars\/4\/1731297654-bpfull.png","url":"https:\/\/www.quebakan.com\/v15\/wp-content\/uploads\/avatars\/4\/1731297654-bpfull.png","contentUrl":"https:\/\/www.quebakan.com\/v15\/wp-content\/uploads\/avatars\/4\/1731297654-bpfull.png","caption":"Erick Villafuerte"}}]}},"_links":{"self":[{"href":"https:\/\/www.quebakan.com\/v15\/wp-json\/wp\/v2\/posts\/136555","targetHints":{"allow":["GET"]}}],"collection":[{"href":"https:\/\/www.quebakan.com\/v15\/wp-json\/wp\/v2\/posts"}],"about":[{"href":"https:\/\/www.quebakan.com\/v15\/wp-json\/wp\/v2\/types\/post"}],"author":[{"embeddable":true,"href":"https:\/\/www.quebakan.com\/v15\/wp-json\/wp\/v2\/users\/4"}],"replies":[{"embeddable":true,"href":"https:\/\/www.quebakan.com\/v15\/wp-json\/wp\/v2\/comments?post=136555"}],"version-history":[{"count":2,"href":"https:\/\/www.quebakan.com\/v15\/wp-json\/wp\/v2\/posts\/136555\/revisions"}],"predecessor-version":[{"id":136559,"href":"https:\/\/www.quebakan.com\/v15\/wp-json\/wp\/v2\/posts\/136555\/revisions\/136559"}],"wp:featuredmedia":[{"embeddable":true,"href":"https:\/\/www.quebakan.com\/v15\/wp-json\/wp\/v2\/media\/136556"}],"wp:attachment":[{"href":"https:\/\/www.quebakan.com\/v15\/wp-json\/wp\/v2\/media?parent=136555"}],"wp:term":[{"taxonomy":"category","embeddable":true,"href":"https:\/\/www.quebakan.com\/v15\/wp-json\/wp\/v2\/categories?post=136555"},{"taxonomy":"post_tag","embeddable":true,"href":"https:\/\/www.quebakan.com\/v15\/wp-json\/wp\/v2\/tags?post=136555"}],"curies":[{"name":"wp","href":"https:\/\/api.w.org\/{rel}","templated":true}]}}