{"id":136563,"date":"2025-10-22T15:48:03","date_gmt":"2025-10-22T20:48:03","guid":{"rendered":"https:\/\/www.quebakan.com\/v15\/?p=136563"},"modified":"2025-10-22T15:48:03","modified_gmt":"2025-10-22T20:48:03","slug":"dnews-gano-el-premio-produ-al-mejor-programa-periodistico-de-2025","status":"publish","type":"post","link":"https:\/\/www.quebakan.com\/v15\/dnews-gano-el-premio-produ-al-mejor-programa-periodistico-de-2025\/","title":{"rendered":"DNEWS gan\u00f3 el premio PRODU al mejor programa period\u00edstico de 2025"},"content":{"rendered":"<p><img fetchpriority=\"high\" decoding=\"async\" class=\"aligncenter size-full wp-image-136564\" src=\"https:\/\/www.quebakan.com\/v15\/wp-content\/uploads\/2025\/10\/Premios-Produ.jpg\" alt=\"\" width=\"396\" height=\"700\" \/><\/p>\n<p style=\"text-align: justify;\"><span style=\"color: #000000;\"><em>El contenido de cuatro cap\u00edtulos <strong>\u201cMaradona, el juicio que no fue\u201d,<\/strong> result\u00f3 elegido como el mejor informe period\u00edstico del a\u00f1o. Fue \u00edntegramente realizado por el equipo period\u00edstico de DNEWS. Se estren\u00f3 en DIRECTV y DGO.<\/em><\/span><\/p>\n<p style=\"text-align: justify;\"><span style=\"color: #000000;\"><strong>Buenos Aires, 22 de octubre de 2025<\/strong> \u2014 La se\u00f1al latinoamericana de noticias DNEWS ha sido distinguida con el prestigioso premio internacional PRODU al mejor programa period\u00edstico de 2025 por su informe original <strong>\u201cMaradona, el juicio que no fue\u201d,<\/strong> estrenado en julio pasado. \u00a0<\/span><\/p>\n<p style=\"text-align: justify;\"><span style=\"color: #000000;\">Se trata de una producci\u00f3n integral de DNEWS que conmovi\u00f3 a la audiencia y gener\u00f3 un amplio debate en torno a por qu\u00e9 se cay\u00f3 el juicio por la muerte del astro Diego Armando Maradona.<\/span><\/p>\n<p style=\"text-align: justify;\"><span style=\"color: #000000;\">El informe, compuesto por cuatro episodios de 55 minutos cada uno, reconstruye con rigor period\u00edstico y sensibilidad narrativa el complejo entramado judicial que rode\u00f3 la muerte del \u00eddolo argentino.<\/span><\/p>\n<p style=\"text-align: justify;\"><span style=\"color: #000000;\">A trav\u00e9s de testimonios in\u00e9ditos de familiares, amigos y abogados involucrados en el proceso, <strong>\u201cMaradona, el juicio que no\u201d<\/strong> ofrece una mirada \u00edntima y reveladora sobre uno de los cap\u00edtulos m\u00e1s impactantes de la historia reciente de la Argentina.<\/span><\/p>\n<p style=\"text-align: justify;\"><span style=\"color: #000000;\">Estrenada en DIRECTV y DGO en julio, la producci\u00f3n se destac\u00f3 por su calidad audiovisual, su enfoque investigativo y su compromiso con la verdad, consolidando a DNEWS como un referente en el periodismo latinoamericano.<\/span><\/p>\n<p style=\"text-align: justify;\"><span style=\"color: #000000;\">DNEWS es la se\u00f1al de noticias con mayor crecimiento en Am\u00e9rica Latina desde su lanzamiento en 2022. En lo que va de 2025, ya super\u00f3 los 50 millones de visualizaciones en Youtube, donde cuenta con medio mill\u00f3n de suscriptores.<\/span><\/p>\n<p style=\"text-align: justify;\"><span style=\"color: #000000;\">El reconocimiento PRODU reafirma el compromiso de DNEWS con la excelencia informativa y la producci\u00f3n de contenidos que contribuyen al entendimiento de temas relevantes para la sociedad.<\/span><\/p>\n<p style=\"text-align: justify;\"><span style=\"color: #000000;\">Los Premios PRODU son un reconocimiento internacional que celebra la excelencia en la industria audiovisual en espa\u00f1ol, especialmente en el \u00e1mbito de la televisi\u00f3n, el streaming y los contenidos digitales producidos en Am\u00e9rica Latina, Espa\u00f1a y el mercado hispano de Estados Unidos.<\/span><\/p>\n<p style=\"text-align: justify;\"><span style=\"color: #000000;\">En su novena edici\u00f3n, se dieron a conocer los ganadores el martes 21 de octubre y los premios ser\u00e1n entregados en una ceremonia que se transmitir\u00e1 en vivo el 11 de noviembre con entrevistas y artistas invitados.<\/span><\/p>\n<p style=\"text-align: justify;\"><span style=\"color: #000000;\">El jurado que eligi\u00f3 \u201cMaradona, el juico que no fue\u201d, est\u00e1 compuesto por m\u00e1s de 800 especialistas entre ejecutivos, productores, distribuidores, programadores, compradores, talentos, t\u00e9cnicos, escritores, m\u00e1nagers, anunciantes y periodistas.<\/span><\/p>\n<p style=\"text-align: justify;\"><span style=\"color: #000000;\">M\u00e9xico, Argentina, Espa\u00f1a, Colombia y Brasil lideraron el top 5 de pa\u00edses con mayor cantidad de finalistas, seguidos por Chile, Estados Unidos, Uruguay, Per\u00fa y Turqu\u00eda. Tambi\u00e9n participaron producciones de Ecuador, Bolivia, Rep\u00fablica Dominicana, Puerto Rico, Panam\u00e1 y Portugal.<\/span><\/p>\n<p style=\"text-align: justify;\"><span style=\"color: #000000;\">Entre las pantallas y plataformas que concentraron la mayor cantidad de nominaciones se encuentran DIRECTV, AppleTV+, Netflix, Caracol Televisi\u00f3n, Disney+, Movistar Plus+, ViX, Prime Video, Telemundo, eltrece, Flow, HBO Max, Telefe, Atresplayer, TV Azteca, Univisi\u00f3n, Las Estrellas, Universal+, MegaGo, RTVE, Canal RCN, Chilevisi\u00f3n, Sony Channel, Am\u00e9rica Televisi\u00f3n, EITB, Globoplay, Spotify, YouTube, TV Globo y Venevisi\u00f3n.<\/span><\/p>\n","protected":false},"excerpt":{"rendered":"<p>El contenido de cuatro cap\u00edtulos \u201cMaradona, el juicio que no fue\u201d, result\u00f3 elegido como el mejor informe period\u00edstico del a\u00f1o. Fue \u00edntegramente realizado por el equipo period\u00edstico de DNEWS. Se estren\u00f3 en DIRECTV y DGO. Buenos Aires, 22 de octubre de 2025 \u2014 La se\u00f1al latinoamericana de noticias DNEWS ha sido distinguida con el prestigioso [&hellip;]<\/p>\n","protected":false},"author":4,"featured_media":136564,"comment_status":"closed","ping_status":"closed","sticky":false,"template":"","format":"standard","meta":{"_bbp_topic_count":0,"_bbp_reply_count":0,"_bbp_total_topic_count":0,"_bbp_total_reply_count":0,"_bbp_voice_count":0,"_bbp_anonymous_reply_count":0,"_bbp_topic_count_hidden":0,"_bbp_reply_count_hidden":0,"_bbp_forum_subforum_count":0,"buzzeditor_post_format":"","footnotes":""},"categories":[2],"tags":[],"class_list":["post-136563","post","type-post","status-publish","format-standard","has-post-thumbnail","hentry","category-noticias"],"yoast_head":"<!-- This site is optimized with the Yoast SEO plugin v27.5 - https:\/\/yoast.com\/product\/yoast-seo-wordpress\/ -->\n<title>DNEWS gan\u00f3 el premio PRODU al mejor programa period\u00edstico de 2025 &#8211; QUEBAKAN.COM 2026: Noticias, Eventos, Conciertos y mucho m\u00e1s....<\/title>\n<meta name=\"robots\" content=\"index, follow, max-snippet:-1, max-image-preview:large, max-video-preview:-1\" \/>\n<link rel=\"canonical\" href=\"https:\/\/www.quebakan.com\/v15\/dnews-gano-el-premio-produ-al-mejor-programa-periodistico-de-2025\/\" \/>\n<meta property=\"og:locale\" content=\"es_ES\" \/>\n<meta property=\"og:type\" content=\"article\" \/>\n<meta property=\"og:title\" content=\"DNEWS gan\u00f3 el premio PRODU al mejor programa period\u00edstico de 2025 &#8211; QUEBAKAN.COM 2026: Noticias, Eventos, Conciertos y mucho m\u00e1s....\" \/>\n<meta property=\"og:description\" content=\"El contenido de cuatro cap\u00edtulos \u201cMaradona, el juicio que no fue\u201d, result\u00f3 elegido como el mejor informe period\u00edstico del a\u00f1o. Fue \u00edntegramente realizado por el equipo period\u00edstico de DNEWS. Se estren\u00f3 en DIRECTV y DGO. Buenos Aires, 22 de octubre de 2025 \u2014 La se\u00f1al latinoamericana de noticias DNEWS ha sido distinguida con el prestigioso [&hellip;]\" \/>\n<meta property=\"og:url\" content=\"https:\/\/www.quebakan.com\/v15\/dnews-gano-el-premio-produ-al-mejor-programa-periodistico-de-2025\/\" \/>\n<meta property=\"og:site_name\" content=\"QUEBAKAN.COM 2026: Noticias, Eventos, Conciertos y mucho m\u00e1s....\" \/>\n<meta property=\"article:publisher\" content=\"http:\/\/www.facebook.com\/quebakan\" \/>\n<meta property=\"article:published_time\" content=\"2025-10-22T20:48:03+00:00\" \/>\n<meta property=\"og:image\" content=\"https:\/\/www.quebakan.com\/v15\/wp-content\/uploads\/2025\/10\/Premios-Produ.jpg\" \/>\n\t<meta property=\"og:image:width\" content=\"396\" \/>\n\t<meta property=\"og:image:height\" content=\"700\" \/>\n\t<meta property=\"og:image:type\" content=\"image\/jpeg\" \/>\n<meta name=\"author\" content=\"Erick Villafuerte\" \/>\n<meta name=\"twitter:card\" content=\"summary_large_image\" \/>\n<meta name=\"twitter:creator\" content=\"@quebakanec\" \/>\n<meta name=\"twitter:site\" content=\"@quebakanec\" \/>\n<meta name=\"twitter:label1\" content=\"Escrito por\" \/>\n\t<meta name=\"twitter:data1\" content=\"Erick Villafuerte\" \/>\n\t<meta name=\"twitter:label2\" content=\"Tiempo de lectura\" \/>\n\t<meta name=\"twitter:data2\" content=\"3 minutos\" \/>\n<script type=\"application\/ld+json\" class=\"yoast-schema-graph\">{\"@context\":\"https:\\\/\\\/schema.org\",\"@graph\":[{\"@type\":\"Article\",\"@id\":\"https:\\\/\\\/www.quebakan.com\\\/v15\\\/dnews-gano-el-premio-produ-al-mejor-programa-periodistico-de-2025\\\/#article\",\"isPartOf\":{\"@id\":\"https:\\\/\\\/www.quebakan.com\\\/v15\\\/dnews-gano-el-premio-produ-al-mejor-programa-periodistico-de-2025\\\/\"},\"author\":{\"name\":\"Erick Villafuerte\",\"@id\":\"https:\\\/\\\/www.quebakan.com\\\/v15\\\/#\\\/schema\\\/person\\\/d90fa9f9cfa81eb8ace9811e5b7b9118\"},\"headline\":\"DNEWS gan\u00f3 el premio PRODU al mejor programa period\u00edstico de 2025\",\"datePublished\":\"2025-10-22T20:48:03+00:00\",\"mainEntityOfPage\":{\"@id\":\"https:\\\/\\\/www.quebakan.com\\\/v15\\\/dnews-gano-el-premio-produ-al-mejor-programa-periodistico-de-2025\\\/\"},\"wordCount\":521,\"publisher\":{\"@id\":\"https:\\\/\\\/www.quebakan.com\\\/v15\\\/#organization\"},\"image\":{\"@id\":\"https:\\\/\\\/www.quebakan.com\\\/v15\\\/dnews-gano-el-premio-produ-al-mejor-programa-periodistico-de-2025\\\/#primaryimage\"},\"thumbnailUrl\":\"https:\\\/\\\/www.quebakan.com\\\/v15\\\/wp-content\\\/uploads\\\/2025\\\/10\\\/Premios-Produ.jpg\",\"articleSection\":[\"Noticias\"],\"inLanguage\":\"es\"},{\"@type\":\"WebPage\",\"@id\":\"https:\\\/\\\/www.quebakan.com\\\/v15\\\/dnews-gano-el-premio-produ-al-mejor-programa-periodistico-de-2025\\\/\",\"url\":\"https:\\\/\\\/www.quebakan.com\\\/v15\\\/dnews-gano-el-premio-produ-al-mejor-programa-periodistico-de-2025\\\/\",\"name\":\"DNEWS gan\u00f3 el premio PRODU al mejor programa period\u00edstico de 2025 &#8211; QUEBAKAN.COM 2026: Noticias, Eventos, Conciertos y mucho m\u00e1s....\",\"isPartOf\":{\"@id\":\"https:\\\/\\\/www.quebakan.com\\\/v15\\\/#website\"},\"primaryImageOfPage\":{\"@id\":\"https:\\\/\\\/www.quebakan.com\\\/v15\\\/dnews-gano-el-premio-produ-al-mejor-programa-periodistico-de-2025\\\/#primaryimage\"},\"image\":{\"@id\":\"https:\\\/\\\/www.quebakan.com\\\/v15\\\/dnews-gano-el-premio-produ-al-mejor-programa-periodistico-de-2025\\\/#primaryimage\"},\"thumbnailUrl\":\"https:\\\/\\\/www.quebakan.com\\\/v15\\\/wp-content\\\/uploads\\\/2025\\\/10\\\/Premios-Produ.jpg\",\"datePublished\":\"2025-10-22T20:48:03+00:00\",\"breadcrumb\":{\"@id\":\"https:\\\/\\\/www.quebakan.com\\\/v15\\\/dnews-gano-el-premio-produ-al-mejor-programa-periodistico-de-2025\\\/#breadcrumb\"},\"inLanguage\":\"es\",\"potentialAction\":[{\"@type\":\"ReadAction\",\"target\":[\"https:\\\/\\\/www.quebakan.com\\\/v15\\\/dnews-gano-el-premio-produ-al-mejor-programa-periodistico-de-2025\\\/\"]}]},{\"@type\":\"ImageObject\",\"inLanguage\":\"es\",\"@id\":\"https:\\\/\\\/www.quebakan.com\\\/v15\\\/dnews-gano-el-premio-produ-al-mejor-programa-periodistico-de-2025\\\/#primaryimage\",\"url\":\"https:\\\/\\\/www.quebakan.com\\\/v15\\\/wp-content\\\/uploads\\\/2025\\\/10\\\/Premios-Produ.jpg\",\"contentUrl\":\"https:\\\/\\\/www.quebakan.com\\\/v15\\\/wp-content\\\/uploads\\\/2025\\\/10\\\/Premios-Produ.jpg\",\"width\":396,\"height\":700},{\"@type\":\"BreadcrumbList\",\"@id\":\"https:\\\/\\\/www.quebakan.com\\\/v15\\\/dnews-gano-el-premio-produ-al-mejor-programa-periodistico-de-2025\\\/#breadcrumb\",\"itemListElement\":[{\"@type\":\"ListItem\",\"position\":1,\"name\":\"Portada\",\"item\":\"https:\\\/\\\/www.quebakan.com\\\/v15\\\/\"},{\"@type\":\"ListItem\",\"position\":2,\"name\":\"DNEWS gan\u00f3 el premio PRODU al mejor programa period\u00edstico de 2025\"}]},{\"@type\":\"WebSite\",\"@id\":\"https:\\\/\\\/www.quebakan.com\\\/v15\\\/#website\",\"url\":\"https:\\\/\\\/www.quebakan.com\\\/v15\\\/\",\"name\":\"QUEBAKAN\",\"description\":\"..\",\"publisher\":{\"@id\":\"https:\\\/\\\/www.quebakan.com\\\/v15\\\/#organization\"},\"potentialAction\":[{\"@type\":\"SearchAction\",\"target\":{\"@type\":\"EntryPoint\",\"urlTemplate\":\"https:\\\/\\\/www.quebakan.com\\\/v15\\\/?s={search_term_string}\"},\"query-input\":{\"@type\":\"PropertyValueSpecification\",\"valueRequired\":true,\"valueName\":\"search_term_string\"}}],\"inLanguage\":\"es\"},{\"@type\":\"Organization\",\"@id\":\"https:\\\/\\\/www.quebakan.com\\\/v15\\\/#organization\",\"name\":\"Quebakan.com\",\"url\":\"https:\\\/\\\/www.quebakan.com\\\/v15\\\/\",\"logo\":{\"@type\":\"ImageObject\",\"inLanguage\":\"es\",\"@id\":\"https:\\\/\\\/www.quebakan.com\\\/v15\\\/#\\\/schema\\\/logo\\\/image\\\/\",\"url\":\"https:\\\/\\\/www.quebakan.com\\\/v15\\\/wp-content\\\/uploads\\\/2023\\\/07\\\/logoquebakanenero2021.jpg\",\"contentUrl\":\"https:\\\/\\\/www.quebakan.com\\\/v15\\\/wp-content\\\/uploads\\\/2023\\\/07\\\/logoquebakanenero2021.jpg\",\"width\":1920,\"height\":1080,\"caption\":\"Quebakan.com\"},\"image\":{\"@id\":\"https:\\\/\\\/www.quebakan.com\\\/v15\\\/#\\\/schema\\\/logo\\\/image\\\/\"},\"sameAs\":[\"http:\\\/\\\/www.facebook.com\\\/quebakan\",\"https:\\\/\\\/x.com\\\/quebakanec\",\"http:\\\/\\\/www.instagram.com\\\/quebakan\",\"http:\\\/\\\/www.youtube.com\\\/quebakan1\"]},{\"@type\":\"Person\",\"@id\":\"https:\\\/\\\/www.quebakan.com\\\/v15\\\/#\\\/schema\\\/person\\\/d90fa9f9cfa81eb8ace9811e5b7b9118\",\"name\":\"Erick Villafuerte\",\"image\":{\"@type\":\"ImageObject\",\"inLanguage\":\"es\",\"@id\":\"https:\\\/\\\/www.quebakan.com\\\/v15\\\/wp-content\\\/uploads\\\/avatars\\\/4\\\/1731297654-bpfull.png\",\"url\":\"https:\\\/\\\/www.quebakan.com\\\/v15\\\/wp-content\\\/uploads\\\/avatars\\\/4\\\/1731297654-bpfull.png\",\"contentUrl\":\"https:\\\/\\\/www.quebakan.com\\\/v15\\\/wp-content\\\/uploads\\\/avatars\\\/4\\\/1731297654-bpfull.png\",\"caption\":\"Erick Villafuerte\"}}]}<\/script>\n<!-- \/ Yoast SEO plugin. -->","yoast_head_json":{"title":"DNEWS gan\u00f3 el premio PRODU al mejor programa period\u00edstico de 2025 &#8211; QUEBAKAN.COM 2026: Noticias, Eventos, Conciertos y mucho m\u00e1s....","robots":{"index":"index","follow":"follow","max-snippet":"max-snippet:-1","max-image-preview":"max-image-preview:large","max-video-preview":"max-video-preview:-1"},"canonical":"https:\/\/www.quebakan.com\/v15\/dnews-gano-el-premio-produ-al-mejor-programa-periodistico-de-2025\/","og_locale":"es_ES","og_type":"article","og_title":"DNEWS gan\u00f3 el premio PRODU al mejor programa period\u00edstico de 2025 &#8211; QUEBAKAN.COM 2026: Noticias, Eventos, Conciertos y mucho m\u00e1s....","og_description":"El contenido de cuatro cap\u00edtulos \u201cMaradona, el juicio que no fue\u201d, result\u00f3 elegido como el mejor informe period\u00edstico del a\u00f1o. Fue \u00edntegramente realizado por el equipo period\u00edstico de DNEWS. Se estren\u00f3 en DIRECTV y DGO. Buenos Aires, 22 de octubre de 2025 \u2014 La se\u00f1al latinoamericana de noticias DNEWS ha sido distinguida con el prestigioso [&hellip;]","og_url":"https:\/\/www.quebakan.com\/v15\/dnews-gano-el-premio-produ-al-mejor-programa-periodistico-de-2025\/","og_site_name":"QUEBAKAN.COM 2026: Noticias, Eventos, Conciertos y mucho m\u00e1s....","article_publisher":"http:\/\/www.facebook.com\/quebakan","article_published_time":"2025-10-22T20:48:03+00:00","og_image":[{"width":396,"height":700,"url":"https:\/\/www.quebakan.com\/v15\/wp-content\/uploads\/2025\/10\/Premios-Produ.jpg","type":"image\/jpeg"}],"author":"Erick Villafuerte","twitter_card":"summary_large_image","twitter_creator":"@quebakanec","twitter_site":"@quebakanec","twitter_misc":{"Escrito por":"Erick Villafuerte","Tiempo de lectura":"3 minutos"},"schema":{"@context":"https:\/\/schema.org","@graph":[{"@type":"Article","@id":"https:\/\/www.quebakan.com\/v15\/dnews-gano-el-premio-produ-al-mejor-programa-periodistico-de-2025\/#article","isPartOf":{"@id":"https:\/\/www.quebakan.com\/v15\/dnews-gano-el-premio-produ-al-mejor-programa-periodistico-de-2025\/"},"author":{"name":"Erick Villafuerte","@id":"https:\/\/www.quebakan.com\/v15\/#\/schema\/person\/d90fa9f9cfa81eb8ace9811e5b7b9118"},"headline":"DNEWS gan\u00f3 el premio PRODU al mejor programa period\u00edstico de 2025","datePublished":"2025-10-22T20:48:03+00:00","mainEntityOfPage":{"@id":"https:\/\/www.quebakan.com\/v15\/dnews-gano-el-premio-produ-al-mejor-programa-periodistico-de-2025\/"},"wordCount":521,"publisher":{"@id":"https:\/\/www.quebakan.com\/v15\/#organization"},"image":{"@id":"https:\/\/www.quebakan.com\/v15\/dnews-gano-el-premio-produ-al-mejor-programa-periodistico-de-2025\/#primaryimage"},"thumbnailUrl":"https:\/\/www.quebakan.com\/v15\/wp-content\/uploads\/2025\/10\/Premios-Produ.jpg","articleSection":["Noticias"],"inLanguage":"es"},{"@type":"WebPage","@id":"https:\/\/www.quebakan.com\/v15\/dnews-gano-el-premio-produ-al-mejor-programa-periodistico-de-2025\/","url":"https:\/\/www.quebakan.com\/v15\/dnews-gano-el-premio-produ-al-mejor-programa-periodistico-de-2025\/","name":"DNEWS gan\u00f3 el premio PRODU al mejor programa period\u00edstico de 2025 &#8211; QUEBAKAN.COM 2026: Noticias, Eventos, Conciertos y mucho m\u00e1s....","isPartOf":{"@id":"https:\/\/www.quebakan.com\/v15\/#website"},"primaryImageOfPage":{"@id":"https:\/\/www.quebakan.com\/v15\/dnews-gano-el-premio-produ-al-mejor-programa-periodistico-de-2025\/#primaryimage"},"image":{"@id":"https:\/\/www.quebakan.com\/v15\/dnews-gano-el-premio-produ-al-mejor-programa-periodistico-de-2025\/#primaryimage"},"thumbnailUrl":"https:\/\/www.quebakan.com\/v15\/wp-content\/uploads\/2025\/10\/Premios-Produ.jpg","datePublished":"2025-10-22T20:48:03+00:00","breadcrumb":{"@id":"https:\/\/www.quebakan.com\/v15\/dnews-gano-el-premio-produ-al-mejor-programa-periodistico-de-2025\/#breadcrumb"},"inLanguage":"es","potentialAction":[{"@type":"ReadAction","target":["https:\/\/www.quebakan.com\/v15\/dnews-gano-el-premio-produ-al-mejor-programa-periodistico-de-2025\/"]}]},{"@type":"ImageObject","inLanguage":"es","@id":"https:\/\/www.quebakan.com\/v15\/dnews-gano-el-premio-produ-al-mejor-programa-periodistico-de-2025\/#primaryimage","url":"https:\/\/www.quebakan.com\/v15\/wp-content\/uploads\/2025\/10\/Premios-Produ.jpg","contentUrl":"https:\/\/www.quebakan.com\/v15\/wp-content\/uploads\/2025\/10\/Premios-Produ.jpg","width":396,"height":700},{"@type":"BreadcrumbList","@id":"https:\/\/www.quebakan.com\/v15\/dnews-gano-el-premio-produ-al-mejor-programa-periodistico-de-2025\/#breadcrumb","itemListElement":[{"@type":"ListItem","position":1,"name":"Portada","item":"https:\/\/www.quebakan.com\/v15\/"},{"@type":"ListItem","position":2,"name":"DNEWS gan\u00f3 el premio PRODU al mejor programa period\u00edstico de 2025"}]},{"@type":"WebSite","@id":"https:\/\/www.quebakan.com\/v15\/#website","url":"https:\/\/www.quebakan.com\/v15\/","name":"QUEBAKAN","description":"..","publisher":{"@id":"https:\/\/www.quebakan.com\/v15\/#organization"},"potentialAction":[{"@type":"SearchAction","target":{"@type":"EntryPoint","urlTemplate":"https:\/\/www.quebakan.com\/v15\/?s={search_term_string}"},"query-input":{"@type":"PropertyValueSpecification","valueRequired":true,"valueName":"search_term_string"}}],"inLanguage":"es"},{"@type":"Organization","@id":"https:\/\/www.quebakan.com\/v15\/#organization","name":"Quebakan.com","url":"https:\/\/www.quebakan.com\/v15\/","logo":{"@type":"ImageObject","inLanguage":"es","@id":"https:\/\/www.quebakan.com\/v15\/#\/schema\/logo\/image\/","url":"https:\/\/www.quebakan.com\/v15\/wp-content\/uploads\/2023\/07\/logoquebakanenero2021.jpg","contentUrl":"https:\/\/www.quebakan.com\/v15\/wp-content\/uploads\/2023\/07\/logoquebakanenero2021.jpg","width":1920,"height":1080,"caption":"Quebakan.com"},"image":{"@id":"https:\/\/www.quebakan.com\/v15\/#\/schema\/logo\/image\/"},"sameAs":["http:\/\/www.facebook.com\/quebakan","https:\/\/x.com\/quebakanec","http:\/\/www.instagram.com\/quebakan","http:\/\/www.youtube.com\/quebakan1"]},{"@type":"Person","@id":"https:\/\/www.quebakan.com\/v15\/#\/schema\/person\/d90fa9f9cfa81eb8ace9811e5b7b9118","name":"Erick Villafuerte","image":{"@type":"ImageObject","inLanguage":"es","@id":"https:\/\/www.quebakan.com\/v15\/wp-content\/uploads\/avatars\/4\/1731297654-bpfull.png","url":"https:\/\/www.quebakan.com\/v15\/wp-content\/uploads\/avatars\/4\/1731297654-bpfull.png","contentUrl":"https:\/\/www.quebakan.com\/v15\/wp-content\/uploads\/avatars\/4\/1731297654-bpfull.png","caption":"Erick Villafuerte"}}]}},"_links":{"self":[{"href":"https:\/\/www.quebakan.com\/v15\/wp-json\/wp\/v2\/posts\/136563","targetHints":{"allow":["GET"]}}],"collection":[{"href":"https:\/\/www.quebakan.com\/v15\/wp-json\/wp\/v2\/posts"}],"about":[{"href":"https:\/\/www.quebakan.com\/v15\/wp-json\/wp\/v2\/types\/post"}],"author":[{"embeddable":true,"href":"https:\/\/www.quebakan.com\/v15\/wp-json\/wp\/v2\/users\/4"}],"replies":[{"embeddable":true,"href":"https:\/\/www.quebakan.com\/v15\/wp-json\/wp\/v2\/comments?post=136563"}],"version-history":[{"count":1,"href":"https:\/\/www.quebakan.com\/v15\/wp-json\/wp\/v2\/posts\/136563\/revisions"}],"predecessor-version":[{"id":136565,"href":"https:\/\/www.quebakan.com\/v15\/wp-json\/wp\/v2\/posts\/136563\/revisions\/136565"}],"wp:featuredmedia":[{"embeddable":true,"href":"https:\/\/www.quebakan.com\/v15\/wp-json\/wp\/v2\/media\/136564"}],"wp:attachment":[{"href":"https:\/\/www.quebakan.com\/v15\/wp-json\/wp\/v2\/media?parent=136563"}],"wp:term":[{"taxonomy":"category","embeddable":true,"href":"https:\/\/www.quebakan.com\/v15\/wp-json\/wp\/v2\/categories?post=136563"},{"taxonomy":"post_tag","embeddable":true,"href":"https:\/\/www.quebakan.com\/v15\/wp-json\/wp\/v2\/tags?post=136563"}],"curies":[{"name":"wp","href":"https:\/\/api.w.org\/{rel}","templated":true}]}}