{"id":136569,"date":"2025-10-22T16:03:38","date_gmt":"2025-10-22T21:03:38","guid":{"rendered":"https:\/\/www.quebakan.com\/v15\/?p=136569"},"modified":"2025-10-22T16:03:38","modified_gmt":"2025-10-22T21:03:38","slug":"pintulac-presenta-su-coleccion-inspiracion-2025-2026-en-casas-project-guayaquil","status":"publish","type":"post","link":"https:\/\/www.quebakan.com\/v15\/pintulac-presenta-su-coleccion-inspiracion-2025-2026-en-casas-project-guayaquil\/","title":{"rendered":"PINTULAC PRESENTA SU COLECCI\u00d3N INSPIRACI\u00d3N 2025\u20132026 EN CASAS PROJECT GUAYAQUIL"},"content":{"rendered":"<p><img fetchpriority=\"high\" decoding=\"async\" class=\"aligncenter size-full wp-image-136570\" src=\"https:\/\/www.quebakan.com\/v15\/wp-content\/uploads\/2025\/10\/PINTULAC-CP-2025-OFICIAL-1.jpg\" alt=\"\" width=\"700\" height=\"467\" \/><\/p>\n<p style=\"text-align: justify;\"><span style=\"color: #000000;\"><strong><em>Pie de foto: <\/em><\/strong><em>Vanesa Bonilla, gerente de Marketing, Andrea P\u00e9rez Hoyos, Natalia Regge, Nathalia Landaluce y David Betancourt, director de operaciones de Pintulac.<\/em><\/span><\/p>\n<p style=\"text-align: justify;\"><span style=\"color: #000000;\"><em>La nueva propuesta de color invita a experimentar, sentir y transformar los espacios desde una mirada aut\u00e9ntica y ecuatoriana.<\/em><\/span><\/p>\n<p style=\"text-align: justify;\"><span style=\"color: #000000;\"><strong>Guayaquil, Ecuador, octubre de 2025.\u2013<\/strong> Pintulac present\u00f3 oficialmente su Colecci\u00f3n Inspiraci\u00f3n 2025\u20132026, una propuesta que busca conectar emocionalmente con las personas a trav\u00e9s del color, invitando a \u201cinspirarse, sentir y transformar\u201d los espacios. Esta presentaci\u00f3n se realiz\u00f3 en el marco de Casas Project Guayaquil 2025, el evento de arquitectura, dise\u00f1o y decoraci\u00f3n m\u00e1s importante del pa\u00eds.<\/span><\/p>\n<p style=\"text-align: justify;\"><span style=\"color: #000000;\">La Colecci\u00f3n Inspiraci\u00f3n naci\u00f3 con el prop\u00f3sito de invitar a experimentar con el color desde una mirada aut\u00e9ntica y cercana a la identidad ecuatoriana, ofreciendo una propuesta fresca y actual que despierta la creatividad y transforma los ambientes en expresiones personales.<\/span><\/p>\n<p style=\"text-align: justify;\"><span style=\"color: #000000;\">David Betancourt, director de operaciones, mencion\u00f3 que \u201cEl color tiene la capacidad de contar historias y de reflejar qui\u00e9nes somos. Con esta colecci\u00f3n queremos inspirar a las personas a vivir el color, a sentirlo y a hacerlo parte de su vida cotidiana\u201d.<\/span><\/p>\n<h3 style=\"text-align: justify;\"><span style=\"color: #000000;\"><strong>Tres propuestas, una misma inspiraci\u00f3n<\/strong><\/span><\/h3>\n<p style=\"text-align: justify;\"><span style=\"color: #000000;\">Esta edici\u00f3n es el resultado de una colaboraci\u00f3n creativa con tres mujeres visionarias que interpretaron el color desde distintas perspectivas, plasmando su esencia y estilo:<\/span><\/p>\n<ul style=\"text-align: justify;\">\n<li><span style=\"color: #000000;\"><strong>Natalia Regge,<\/strong> dise\u00f1adora de interiores y creadora de contenido, presenta <em>Calma en el Alma<\/em>, una paleta inspirada en la paz, el equilibrio y la conexi\u00f3n interior, con tonos como <em>Boss Blue<\/em> y <em>Soft Mint<\/em>.<\/span><\/li>\n<li><span style=\"color: #000000;\"><strong>Andrea P\u00e9rez Hoyos,<\/strong> directora creativa de <em>Adriana Hoyos Group<\/em>, desarroll\u00f3 <em>Caos Ex\u00f3tico<\/em>, una propuesta audaz que celebra la libertad y la fuerza del color, con tonalidades como <em>Monarca<\/em>, <em>Tolita<\/em>, <em>Antracita<\/em>, <em>Piquero<\/em> y <em>Spondylus<\/em>.<\/span><\/li>\n<li><span style=\"color: #000000;\"><strong>Atix Home,<\/strong> reconocida por su enfoque art\u00edstico, cre\u00f3 <em>Para Colores las Flores<\/em>, una paleta vibrante con tonos como <em>Tulip<\/em>, <em>Peony<\/em>, <em>Dahlia<\/em> y <em>Ros\u00e9<\/em>, que celebra la feminidad, la calidez y la inspiraci\u00f3n cotidiana.<\/span><\/li>\n<\/ul>\n<p style=\"text-align: justify;\"><span style=\"color: #000000;\">Cada propuesta refleja la diversidad, la creatividad y la esencia del sentir ecuatoriano, logrando una colecci\u00f3n diversa, vers\u00e1til y profundamente inspiradora.<\/span><\/p>\n<p style=\"text-align: justify;\"><span style=\"color: #000000;\">La Colecci\u00f3n Inspiraci\u00f3n 2025\u20132026 se presenta con Royal, la pintura premium de Wesco, que combina tecnolog\u00eda, rendimiento y est\u00e9tica. Entre sus principales atributos destacan:<\/span><\/p>\n<ul style=\"text-align: justify;\">\n<li><span style=\"color: #000000;\">Aplicaci\u00f3n f\u00e1cil y limpia, con nivelaci\u00f3n perfecta y bajo salpique.<\/span><\/li>\n<li><span style=\"color: #000000;\">Acabado <em>eggshell<\/em>, \u00fanico en Ecuador.<\/span><\/li>\n<li><span style=\"color: #000000;\">100% cubrimiento, m\u00e1xima lavabilidad y resistencia al restregado.<\/span><\/li>\n<li><span style=\"color: #000000;\">Protecci\u00f3n antibacterial y antihongos.<\/span><\/li>\n<li><span style=\"color: #000000;\">Resistencia a rayos UV, para colores vibrantes por m\u00e1s tiempo.<\/span><\/li>\n<\/ul>\n<p style=\"text-align: justify;\"><span style=\"color: #000000;\">Con estas caracter\u00edsticas, Pintulac ofrece una experiencia sensorial y de calidad profesional, reafirmando su compromiso con la innovaci\u00f3n y la excelencia.<\/span><\/p>\n<p style=\"text-align: justify;\"><span style=\"color: #000000;\">La presentaci\u00f3n oficial se realiz\u00f3 en Casas Project Guayaquil, donde las tres embajadoras compartieron sus procesos creativos y la inspiraci\u00f3n detr\u00e1s de cada paleta. Los asistentes vivieron una experiencia sensorial que mostr\u00f3 c\u00f3mo el color cobra vida en paredes, texturas y combinaciones reales, destacando el poder transformador del dise\u00f1o y la decoraci\u00f3n.<\/span><\/p>\n<p style=\"text-align: justify;\"><span style=\"color: #000000;\">\u201c<em>Participar en Casas Project nos permite inspirar, aprender y compartir con quienes est\u00e1n transformando el mundo del dise\u00f1o. En Pintulac creemos que el color es una forma de expresi\u00f3n y queremos que cada persona descubra su propio lenguaje a trav\u00e9s de \u00e9l<\/em>\u201d, destac\u00f3 Betancourth.<\/span><\/p>\n","protected":false},"excerpt":{"rendered":"<p>Pie de foto: Vanesa Bonilla, gerente de Marketing, Andrea P\u00e9rez Hoyos, Natalia Regge, Nathalia Landaluce y David Betancourt, director de operaciones de Pintulac. La nueva propuesta de color invita a experimentar, sentir y transformar los espacios desde una mirada aut\u00e9ntica y ecuatoriana. Guayaquil, Ecuador, octubre de 2025.\u2013 Pintulac present\u00f3 oficialmente su Colecci\u00f3n Inspiraci\u00f3n 2025\u20132026, una [&hellip;]<\/p>\n","protected":false},"author":4,"featured_media":136570,"comment_status":"closed","ping_status":"closed","sticky":false,"template":"","format":"standard","meta":{"_bbp_topic_count":0,"_bbp_reply_count":0,"_bbp_total_topic_count":0,"_bbp_total_reply_count":0,"_bbp_voice_count":0,"_bbp_anonymous_reply_count":0,"_bbp_topic_count_hidden":0,"_bbp_reply_count_hidden":0,"_bbp_forum_subforum_count":0,"buzzeditor_post_format":"","footnotes":""},"categories":[2],"tags":[],"class_list":["post-136569","post","type-post","status-publish","format-standard","has-post-thumbnail","hentry","category-noticias"],"yoast_head":"<!-- This site is optimized with the Yoast SEO plugin v27.5 - https:\/\/yoast.com\/product\/yoast-seo-wordpress\/ -->\n<title>PINTULAC PRESENTA SU COLECCI\u00d3N INSPIRACI\u00d3N 2025\u20132026 EN CASAS PROJECT GUAYAQUIL &#8211; QUEBAKAN.COM 2026: Noticias, Eventos, Conciertos y mucho m\u00e1s....<\/title>\n<meta name=\"robots\" content=\"index, follow, max-snippet:-1, max-image-preview:large, max-video-preview:-1\" \/>\n<link rel=\"canonical\" href=\"https:\/\/www.quebakan.com\/v15\/pintulac-presenta-su-coleccion-inspiracion-2025-2026-en-casas-project-guayaquil\/\" \/>\n<meta property=\"og:locale\" content=\"es_ES\" \/>\n<meta property=\"og:type\" content=\"article\" \/>\n<meta property=\"og:title\" content=\"PINTULAC PRESENTA SU COLECCI\u00d3N INSPIRACI\u00d3N 2025\u20132026 EN CASAS PROJECT GUAYAQUIL &#8211; QUEBAKAN.COM 2026: Noticias, Eventos, Conciertos y mucho m\u00e1s....\" \/>\n<meta property=\"og:description\" content=\"Pie de foto: Vanesa Bonilla, gerente de Marketing, Andrea P\u00e9rez Hoyos, Natalia Regge, Nathalia Landaluce y David Betancourt, director de operaciones de Pintulac. La nueva propuesta de color invita a experimentar, sentir y transformar los espacios desde una mirada aut\u00e9ntica y ecuatoriana. Guayaquil, Ecuador, octubre de 2025.\u2013 Pintulac present\u00f3 oficialmente su Colecci\u00f3n Inspiraci\u00f3n 2025\u20132026, una [&hellip;]\" \/>\n<meta property=\"og:url\" content=\"https:\/\/www.quebakan.com\/v15\/pintulac-presenta-su-coleccion-inspiracion-2025-2026-en-casas-project-guayaquil\/\" \/>\n<meta property=\"og:site_name\" content=\"QUEBAKAN.COM 2026: Noticias, Eventos, Conciertos y mucho m\u00e1s....\" \/>\n<meta property=\"article:publisher\" content=\"http:\/\/www.facebook.com\/quebakan\" \/>\n<meta property=\"article:published_time\" content=\"2025-10-22T21:03:38+00:00\" \/>\n<meta property=\"og:image\" content=\"https:\/\/www.quebakan.com\/v15\/wp-content\/uploads\/2025\/10\/PINTULAC-CP-2025-OFICIAL-1.jpg\" \/>\n\t<meta property=\"og:image:width\" content=\"700\" \/>\n\t<meta property=\"og:image:height\" content=\"467\" \/>\n\t<meta property=\"og:image:type\" content=\"image\/jpeg\" \/>\n<meta name=\"author\" content=\"Erick Villafuerte\" \/>\n<meta name=\"twitter:card\" content=\"summary_large_image\" \/>\n<meta name=\"twitter:creator\" content=\"@quebakanec\" \/>\n<meta name=\"twitter:site\" content=\"@quebakanec\" \/>\n<meta name=\"twitter:label1\" content=\"Escrito por\" \/>\n\t<meta name=\"twitter:data1\" content=\"Erick Villafuerte\" \/>\n\t<meta name=\"twitter:label2\" content=\"Tiempo de lectura\" \/>\n\t<meta name=\"twitter:data2\" content=\"3 minutos\" \/>\n<script type=\"application\/ld+json\" class=\"yoast-schema-graph\">{\"@context\":\"https:\\\/\\\/schema.org\",\"@graph\":[{\"@type\":\"Article\",\"@id\":\"https:\\\/\\\/www.quebakan.com\\\/v15\\\/pintulac-presenta-su-coleccion-inspiracion-2025-2026-en-casas-project-guayaquil\\\/#article\",\"isPartOf\":{\"@id\":\"https:\\\/\\\/www.quebakan.com\\\/v15\\\/pintulac-presenta-su-coleccion-inspiracion-2025-2026-en-casas-project-guayaquil\\\/\"},\"author\":{\"name\":\"Erick Villafuerte\",\"@id\":\"https:\\\/\\\/www.quebakan.com\\\/v15\\\/#\\\/schema\\\/person\\\/d90fa9f9cfa81eb8ace9811e5b7b9118\"},\"headline\":\"PINTULAC PRESENTA SU COLECCI\u00d3N INSPIRACI\u00d3N 2025\u20132026 EN CASAS PROJECT GUAYAQUIL\",\"datePublished\":\"2025-10-22T21:03:38+00:00\",\"mainEntityOfPage\":{\"@id\":\"https:\\\/\\\/www.quebakan.com\\\/v15\\\/pintulac-presenta-su-coleccion-inspiracion-2025-2026-en-casas-project-guayaquil\\\/\"},\"wordCount\":565,\"publisher\":{\"@id\":\"https:\\\/\\\/www.quebakan.com\\\/v15\\\/#organization\"},\"image\":{\"@id\":\"https:\\\/\\\/www.quebakan.com\\\/v15\\\/pintulac-presenta-su-coleccion-inspiracion-2025-2026-en-casas-project-guayaquil\\\/#primaryimage\"},\"thumbnailUrl\":\"https:\\\/\\\/www.quebakan.com\\\/v15\\\/wp-content\\\/uploads\\\/2025\\\/10\\\/PINTULAC-CP-2025-OFICIAL-1.jpg\",\"articleSection\":[\"Noticias\"],\"inLanguage\":\"es\"},{\"@type\":\"WebPage\",\"@id\":\"https:\\\/\\\/www.quebakan.com\\\/v15\\\/pintulac-presenta-su-coleccion-inspiracion-2025-2026-en-casas-project-guayaquil\\\/\",\"url\":\"https:\\\/\\\/www.quebakan.com\\\/v15\\\/pintulac-presenta-su-coleccion-inspiracion-2025-2026-en-casas-project-guayaquil\\\/\",\"name\":\"PINTULAC PRESENTA SU COLECCI\u00d3N INSPIRACI\u00d3N 2025\u20132026 EN CASAS PROJECT GUAYAQUIL &#8211; QUEBAKAN.COM 2026: Noticias, Eventos, Conciertos y mucho m\u00e1s....\",\"isPartOf\":{\"@id\":\"https:\\\/\\\/www.quebakan.com\\\/v15\\\/#website\"},\"primaryImageOfPage\":{\"@id\":\"https:\\\/\\\/www.quebakan.com\\\/v15\\\/pintulac-presenta-su-coleccion-inspiracion-2025-2026-en-casas-project-guayaquil\\\/#primaryimage\"},\"image\":{\"@id\":\"https:\\\/\\\/www.quebakan.com\\\/v15\\\/pintulac-presenta-su-coleccion-inspiracion-2025-2026-en-casas-project-guayaquil\\\/#primaryimage\"},\"thumbnailUrl\":\"https:\\\/\\\/www.quebakan.com\\\/v15\\\/wp-content\\\/uploads\\\/2025\\\/10\\\/PINTULAC-CP-2025-OFICIAL-1.jpg\",\"datePublished\":\"2025-10-22T21:03:38+00:00\",\"breadcrumb\":{\"@id\":\"https:\\\/\\\/www.quebakan.com\\\/v15\\\/pintulac-presenta-su-coleccion-inspiracion-2025-2026-en-casas-project-guayaquil\\\/#breadcrumb\"},\"inLanguage\":\"es\",\"potentialAction\":[{\"@type\":\"ReadAction\",\"target\":[\"https:\\\/\\\/www.quebakan.com\\\/v15\\\/pintulac-presenta-su-coleccion-inspiracion-2025-2026-en-casas-project-guayaquil\\\/\"]}]},{\"@type\":\"ImageObject\",\"inLanguage\":\"es\",\"@id\":\"https:\\\/\\\/www.quebakan.com\\\/v15\\\/pintulac-presenta-su-coleccion-inspiracion-2025-2026-en-casas-project-guayaquil\\\/#primaryimage\",\"url\":\"https:\\\/\\\/www.quebakan.com\\\/v15\\\/wp-content\\\/uploads\\\/2025\\\/10\\\/PINTULAC-CP-2025-OFICIAL-1.jpg\",\"contentUrl\":\"https:\\\/\\\/www.quebakan.com\\\/v15\\\/wp-content\\\/uploads\\\/2025\\\/10\\\/PINTULAC-CP-2025-OFICIAL-1.jpg\",\"width\":700,\"height\":467},{\"@type\":\"BreadcrumbList\",\"@id\":\"https:\\\/\\\/www.quebakan.com\\\/v15\\\/pintulac-presenta-su-coleccion-inspiracion-2025-2026-en-casas-project-guayaquil\\\/#breadcrumb\",\"itemListElement\":[{\"@type\":\"ListItem\",\"position\":1,\"name\":\"Portada\",\"item\":\"https:\\\/\\\/www.quebakan.com\\\/v15\\\/\"},{\"@type\":\"ListItem\",\"position\":2,\"name\":\"PINTULAC PRESENTA SU COLECCI\u00d3N INSPIRACI\u00d3N 2025\u20132026 EN CASAS PROJECT GUAYAQUIL\"}]},{\"@type\":\"WebSite\",\"@id\":\"https:\\\/\\\/www.quebakan.com\\\/v15\\\/#website\",\"url\":\"https:\\\/\\\/www.quebakan.com\\\/v15\\\/\",\"name\":\"QUEBAKAN\",\"description\":\"..\",\"publisher\":{\"@id\":\"https:\\\/\\\/www.quebakan.com\\\/v15\\\/#organization\"},\"potentialAction\":[{\"@type\":\"SearchAction\",\"target\":{\"@type\":\"EntryPoint\",\"urlTemplate\":\"https:\\\/\\\/www.quebakan.com\\\/v15\\\/?s={search_term_string}\"},\"query-input\":{\"@type\":\"PropertyValueSpecification\",\"valueRequired\":true,\"valueName\":\"search_term_string\"}}],\"inLanguage\":\"es\"},{\"@type\":\"Organization\",\"@id\":\"https:\\\/\\\/www.quebakan.com\\\/v15\\\/#organization\",\"name\":\"Quebakan.com\",\"url\":\"https:\\\/\\\/www.quebakan.com\\\/v15\\\/\",\"logo\":{\"@type\":\"ImageObject\",\"inLanguage\":\"es\",\"@id\":\"https:\\\/\\\/www.quebakan.com\\\/v15\\\/#\\\/schema\\\/logo\\\/image\\\/\",\"url\":\"https:\\\/\\\/www.quebakan.com\\\/v15\\\/wp-content\\\/uploads\\\/2023\\\/07\\\/logoquebakanenero2021.jpg\",\"contentUrl\":\"https:\\\/\\\/www.quebakan.com\\\/v15\\\/wp-content\\\/uploads\\\/2023\\\/07\\\/logoquebakanenero2021.jpg\",\"width\":1920,\"height\":1080,\"caption\":\"Quebakan.com\"},\"image\":{\"@id\":\"https:\\\/\\\/www.quebakan.com\\\/v15\\\/#\\\/schema\\\/logo\\\/image\\\/\"},\"sameAs\":[\"http:\\\/\\\/www.facebook.com\\\/quebakan\",\"https:\\\/\\\/x.com\\\/quebakanec\",\"http:\\\/\\\/www.instagram.com\\\/quebakan\",\"http:\\\/\\\/www.youtube.com\\\/quebakan1\"]},{\"@type\":\"Person\",\"@id\":\"https:\\\/\\\/www.quebakan.com\\\/v15\\\/#\\\/schema\\\/person\\\/d90fa9f9cfa81eb8ace9811e5b7b9118\",\"name\":\"Erick Villafuerte\",\"image\":{\"@type\":\"ImageObject\",\"inLanguage\":\"es\",\"@id\":\"https:\\\/\\\/www.quebakan.com\\\/v15\\\/wp-content\\\/uploads\\\/avatars\\\/4\\\/1731297654-bpfull.png\",\"url\":\"https:\\\/\\\/www.quebakan.com\\\/v15\\\/wp-content\\\/uploads\\\/avatars\\\/4\\\/1731297654-bpfull.png\",\"contentUrl\":\"https:\\\/\\\/www.quebakan.com\\\/v15\\\/wp-content\\\/uploads\\\/avatars\\\/4\\\/1731297654-bpfull.png\",\"caption\":\"Erick Villafuerte\"}}]}<\/script>\n<!-- \/ Yoast SEO plugin. -->","yoast_head_json":{"title":"PINTULAC PRESENTA SU COLECCI\u00d3N INSPIRACI\u00d3N 2025\u20132026 EN CASAS PROJECT GUAYAQUIL &#8211; QUEBAKAN.COM 2026: Noticias, Eventos, Conciertos y mucho m\u00e1s....","robots":{"index":"index","follow":"follow","max-snippet":"max-snippet:-1","max-image-preview":"max-image-preview:large","max-video-preview":"max-video-preview:-1"},"canonical":"https:\/\/www.quebakan.com\/v15\/pintulac-presenta-su-coleccion-inspiracion-2025-2026-en-casas-project-guayaquil\/","og_locale":"es_ES","og_type":"article","og_title":"PINTULAC PRESENTA SU COLECCI\u00d3N INSPIRACI\u00d3N 2025\u20132026 EN CASAS PROJECT GUAYAQUIL &#8211; QUEBAKAN.COM 2026: Noticias, Eventos, Conciertos y mucho m\u00e1s....","og_description":"Pie de foto: Vanesa Bonilla, gerente de Marketing, Andrea P\u00e9rez Hoyos, Natalia Regge, Nathalia Landaluce y David Betancourt, director de operaciones de Pintulac. La nueva propuesta de color invita a experimentar, sentir y transformar los espacios desde una mirada aut\u00e9ntica y ecuatoriana. Guayaquil, Ecuador, octubre de 2025.\u2013 Pintulac present\u00f3 oficialmente su Colecci\u00f3n Inspiraci\u00f3n 2025\u20132026, una [&hellip;]","og_url":"https:\/\/www.quebakan.com\/v15\/pintulac-presenta-su-coleccion-inspiracion-2025-2026-en-casas-project-guayaquil\/","og_site_name":"QUEBAKAN.COM 2026: Noticias, Eventos, Conciertos y mucho m\u00e1s....","article_publisher":"http:\/\/www.facebook.com\/quebakan","article_published_time":"2025-10-22T21:03:38+00:00","og_image":[{"width":700,"height":467,"url":"https:\/\/www.quebakan.com\/v15\/wp-content\/uploads\/2025\/10\/PINTULAC-CP-2025-OFICIAL-1.jpg","type":"image\/jpeg"}],"author":"Erick Villafuerte","twitter_card":"summary_large_image","twitter_creator":"@quebakanec","twitter_site":"@quebakanec","twitter_misc":{"Escrito por":"Erick Villafuerte","Tiempo de lectura":"3 minutos"},"schema":{"@context":"https:\/\/schema.org","@graph":[{"@type":"Article","@id":"https:\/\/www.quebakan.com\/v15\/pintulac-presenta-su-coleccion-inspiracion-2025-2026-en-casas-project-guayaquil\/#article","isPartOf":{"@id":"https:\/\/www.quebakan.com\/v15\/pintulac-presenta-su-coleccion-inspiracion-2025-2026-en-casas-project-guayaquil\/"},"author":{"name":"Erick Villafuerte","@id":"https:\/\/www.quebakan.com\/v15\/#\/schema\/person\/d90fa9f9cfa81eb8ace9811e5b7b9118"},"headline":"PINTULAC PRESENTA SU COLECCI\u00d3N INSPIRACI\u00d3N 2025\u20132026 EN CASAS PROJECT GUAYAQUIL","datePublished":"2025-10-22T21:03:38+00:00","mainEntityOfPage":{"@id":"https:\/\/www.quebakan.com\/v15\/pintulac-presenta-su-coleccion-inspiracion-2025-2026-en-casas-project-guayaquil\/"},"wordCount":565,"publisher":{"@id":"https:\/\/www.quebakan.com\/v15\/#organization"},"image":{"@id":"https:\/\/www.quebakan.com\/v15\/pintulac-presenta-su-coleccion-inspiracion-2025-2026-en-casas-project-guayaquil\/#primaryimage"},"thumbnailUrl":"https:\/\/www.quebakan.com\/v15\/wp-content\/uploads\/2025\/10\/PINTULAC-CP-2025-OFICIAL-1.jpg","articleSection":["Noticias"],"inLanguage":"es"},{"@type":"WebPage","@id":"https:\/\/www.quebakan.com\/v15\/pintulac-presenta-su-coleccion-inspiracion-2025-2026-en-casas-project-guayaquil\/","url":"https:\/\/www.quebakan.com\/v15\/pintulac-presenta-su-coleccion-inspiracion-2025-2026-en-casas-project-guayaquil\/","name":"PINTULAC PRESENTA SU COLECCI\u00d3N INSPIRACI\u00d3N 2025\u20132026 EN CASAS PROJECT GUAYAQUIL &#8211; QUEBAKAN.COM 2026: Noticias, Eventos, Conciertos y mucho m\u00e1s....","isPartOf":{"@id":"https:\/\/www.quebakan.com\/v15\/#website"},"primaryImageOfPage":{"@id":"https:\/\/www.quebakan.com\/v15\/pintulac-presenta-su-coleccion-inspiracion-2025-2026-en-casas-project-guayaquil\/#primaryimage"},"image":{"@id":"https:\/\/www.quebakan.com\/v15\/pintulac-presenta-su-coleccion-inspiracion-2025-2026-en-casas-project-guayaquil\/#primaryimage"},"thumbnailUrl":"https:\/\/www.quebakan.com\/v15\/wp-content\/uploads\/2025\/10\/PINTULAC-CP-2025-OFICIAL-1.jpg","datePublished":"2025-10-22T21:03:38+00:00","breadcrumb":{"@id":"https:\/\/www.quebakan.com\/v15\/pintulac-presenta-su-coleccion-inspiracion-2025-2026-en-casas-project-guayaquil\/#breadcrumb"},"inLanguage":"es","potentialAction":[{"@type":"ReadAction","target":["https:\/\/www.quebakan.com\/v15\/pintulac-presenta-su-coleccion-inspiracion-2025-2026-en-casas-project-guayaquil\/"]}]},{"@type":"ImageObject","inLanguage":"es","@id":"https:\/\/www.quebakan.com\/v15\/pintulac-presenta-su-coleccion-inspiracion-2025-2026-en-casas-project-guayaquil\/#primaryimage","url":"https:\/\/www.quebakan.com\/v15\/wp-content\/uploads\/2025\/10\/PINTULAC-CP-2025-OFICIAL-1.jpg","contentUrl":"https:\/\/www.quebakan.com\/v15\/wp-content\/uploads\/2025\/10\/PINTULAC-CP-2025-OFICIAL-1.jpg","width":700,"height":467},{"@type":"BreadcrumbList","@id":"https:\/\/www.quebakan.com\/v15\/pintulac-presenta-su-coleccion-inspiracion-2025-2026-en-casas-project-guayaquil\/#breadcrumb","itemListElement":[{"@type":"ListItem","position":1,"name":"Portada","item":"https:\/\/www.quebakan.com\/v15\/"},{"@type":"ListItem","position":2,"name":"PINTULAC PRESENTA SU COLECCI\u00d3N INSPIRACI\u00d3N 2025\u20132026 EN CASAS PROJECT GUAYAQUIL"}]},{"@type":"WebSite","@id":"https:\/\/www.quebakan.com\/v15\/#website","url":"https:\/\/www.quebakan.com\/v15\/","name":"QUEBAKAN","description":"..","publisher":{"@id":"https:\/\/www.quebakan.com\/v15\/#organization"},"potentialAction":[{"@type":"SearchAction","target":{"@type":"EntryPoint","urlTemplate":"https:\/\/www.quebakan.com\/v15\/?s={search_term_string}"},"query-input":{"@type":"PropertyValueSpecification","valueRequired":true,"valueName":"search_term_string"}}],"inLanguage":"es"},{"@type":"Organization","@id":"https:\/\/www.quebakan.com\/v15\/#organization","name":"Quebakan.com","url":"https:\/\/www.quebakan.com\/v15\/","logo":{"@type":"ImageObject","inLanguage":"es","@id":"https:\/\/www.quebakan.com\/v15\/#\/schema\/logo\/image\/","url":"https:\/\/www.quebakan.com\/v15\/wp-content\/uploads\/2023\/07\/logoquebakanenero2021.jpg","contentUrl":"https:\/\/www.quebakan.com\/v15\/wp-content\/uploads\/2023\/07\/logoquebakanenero2021.jpg","width":1920,"height":1080,"caption":"Quebakan.com"},"image":{"@id":"https:\/\/www.quebakan.com\/v15\/#\/schema\/logo\/image\/"},"sameAs":["http:\/\/www.facebook.com\/quebakan","https:\/\/x.com\/quebakanec","http:\/\/www.instagram.com\/quebakan","http:\/\/www.youtube.com\/quebakan1"]},{"@type":"Person","@id":"https:\/\/www.quebakan.com\/v15\/#\/schema\/person\/d90fa9f9cfa81eb8ace9811e5b7b9118","name":"Erick Villafuerte","image":{"@type":"ImageObject","inLanguage":"es","@id":"https:\/\/www.quebakan.com\/v15\/wp-content\/uploads\/avatars\/4\/1731297654-bpfull.png","url":"https:\/\/www.quebakan.com\/v15\/wp-content\/uploads\/avatars\/4\/1731297654-bpfull.png","contentUrl":"https:\/\/www.quebakan.com\/v15\/wp-content\/uploads\/avatars\/4\/1731297654-bpfull.png","caption":"Erick Villafuerte"}}]}},"_links":{"self":[{"href":"https:\/\/www.quebakan.com\/v15\/wp-json\/wp\/v2\/posts\/136569","targetHints":{"allow":["GET"]}}],"collection":[{"href":"https:\/\/www.quebakan.com\/v15\/wp-json\/wp\/v2\/posts"}],"about":[{"href":"https:\/\/www.quebakan.com\/v15\/wp-json\/wp\/v2\/types\/post"}],"author":[{"embeddable":true,"href":"https:\/\/www.quebakan.com\/v15\/wp-json\/wp\/v2\/users\/4"}],"replies":[{"embeddable":true,"href":"https:\/\/www.quebakan.com\/v15\/wp-json\/wp\/v2\/comments?post=136569"}],"version-history":[{"count":1,"href":"https:\/\/www.quebakan.com\/v15\/wp-json\/wp\/v2\/posts\/136569\/revisions"}],"predecessor-version":[{"id":136571,"href":"https:\/\/www.quebakan.com\/v15\/wp-json\/wp\/v2\/posts\/136569\/revisions\/136571"}],"wp:featuredmedia":[{"embeddable":true,"href":"https:\/\/www.quebakan.com\/v15\/wp-json\/wp\/v2\/media\/136570"}],"wp:attachment":[{"href":"https:\/\/www.quebakan.com\/v15\/wp-json\/wp\/v2\/media?parent=136569"}],"wp:term":[{"taxonomy":"category","embeddable":true,"href":"https:\/\/www.quebakan.com\/v15\/wp-json\/wp\/v2\/categories?post=136569"},{"taxonomy":"post_tag","embeddable":true,"href":"https:\/\/www.quebakan.com\/v15\/wp-json\/wp\/v2\/tags?post=136569"}],"curies":[{"name":"wp","href":"https:\/\/api.w.org\/{rel}","templated":true}]}}