{"id":136575,"date":"2025-10-22T16:15:48","date_gmt":"2025-10-22T21:15:48","guid":{"rendered":"https:\/\/www.quebakan.com\/v15\/?p=136575"},"modified":"2025-10-22T16:15:48","modified_gmt":"2025-10-22T21:15:48","slug":"banco-guayaquil-impulsa-la-conservacion-de-la-biodiversidad-en-alianza-con-el-jardin-botanico-de-guayaquil","status":"publish","type":"post","link":"https:\/\/www.quebakan.com\/v15\/banco-guayaquil-impulsa-la-conservacion-de-la-biodiversidad-en-alianza-con-el-jardin-botanico-de-guayaquil\/","title":{"rendered":"Banco Guayaquil impulsa la conservaci\u00f3n de la biodiversidad en alianza con el Jard\u00edn Bot\u00e1nico de Guayaquil"},"content":{"rendered":"<p><img fetchpriority=\"high\" decoding=\"async\" class=\"aligncenter size-full wp-image-136576\" src=\"https:\/\/www.quebakan.com\/v15\/wp-content\/uploads\/2025\/10\/FOTO-BG-JARDIN-BOTANICO-.jpg\" alt=\"\" width=\"467\" height=\"700\" \/><\/p>\n<ul>\n<li style=\"text-align: justify;\"><span style=\"color: #000000;\"><em>El banco invertir\u00e1 en la restauraci\u00f3n de este espacio, considerado como un pulm\u00f3n verde en la ciudad y que convive con m\u00e1s de 20 mil especies.<\/em><\/span><\/li>\n<li style=\"text-align: justify;\"><span style=\"color: #000000;\"><em>La implementaci\u00f3n de pagos digitales \u00e1giles a trav\u00e9s de Banco Guayaquil y PeiGo, facilitar\u00e1 el acceso y mejorar\u00e1 la experiencia de los visitantes.<\/em><\/span><\/li>\n<\/ul>\n<p style=\"text-align: justify;\"><span style=\"color: #000000;\"><strong>Pie de foto:<\/strong> David Balladares, gerente de Sostenibilidad y Asuntos Corporativos de Banco Guayaquil y Arcadio Arosemena, director ejecutivo de la Fundaci\u00f3n del Jard\u00edn Bot\u00e1nico de Guayaquil.<\/span><\/p>\n<p style=\"text-align: justify;\"><span style=\"color: #000000;\"><strong>Guayaquil, octubre de 2025.-<\/strong> Banco Guayaquil comprometido con la sostenibilidad y en el marco del D\u00eda Mundial de los Jardines Bot\u00e1nicos, conmemorado el 13 de octubre, firm\u00f3 una alianza con el Jard\u00edn Bot\u00e1nico de Guayaquil con el fin de fortalecer la preservaci\u00f3n del medio ambiente, la biodiversidad e impulsar iniciativas que conecten a la sociedad con la naturaleza.<\/span><\/p>\n<p style=\"text-align: justify;\"><span style=\"color: #000000;\">Banco Guayaquil integra los criterios Ambientales, Sociales y de Gobernanza (ESG) como eje central de su estrategia corporativa y esta iniciativa, que consistir\u00e1 en la renovaci\u00f3n de los espacios principales del Jard\u00edn Bot\u00e1nico de Guayaquil e incluye: habilitaci\u00f3n de nuevos puntos de acceso, implementaci\u00f3n de pagos digitales \u00e1giles a trav\u00e9s de Banco Guayaquil y PeiGo, as\u00ed como la actualizaci\u00f3n de la se\u00f1al\u00e9tica, con el fin de mejorar la experiencia de los visitantes.<\/span><\/p>\n<p style=\"text-align: justify;\"><span style=\"color: #000000;\"><em>\u201cNuestro compromiso va m\u00e1s all\u00e1 de los servicios financieros; buscamos impulsar proyectos que generen un impacto real. Con esta alianza reafirmamos nuestro compromiso con la sostenibilidad y la protecci\u00f3n del medio ambiente, promoviendo iniciativas que conecten a la sociedad con la naturaleza y contribuyan a la preservaci\u00f3n de los espacios verdes, verdaderos pulmones de nuestra ciudad\u201d,<\/em> expres\u00f3 David Balladares, gerente de Sostenibilidad y Asuntos Corporativos de Banco Guayaquil.<\/span><\/p>\n<p style=\"text-align: justify;\"><span style=\"color: #000000;\">Por su parte, Arcadio Arosemena, director ejecutivo del Jard\u00edn Bot\u00e1nico de Guayaquil, resalt\u00f3 la importancia de la colaboraci\u00f3n con el sector privado: <em>\u00abEs muy valioso que Banco Guayaquil se sume a la preservaci\u00f3n de la biodiversidad y de nuestros espacios naturales. Esta colaboraci\u00f3n no solo protege la vida de las plantas, sino tambi\u00e9n el futuro de nuestro ecosistema. Espacios como el Jard\u00edn Bot\u00e1nico permiten que las familias se integren, generen conciencia ambiental y sirvan de inspiraci\u00f3n para que involucrar a las futuras generaciones en cuidado del medio ambiente\u201d, <\/em>indic\u00f3.<\/span><\/p>\n<p style=\"text-align: justify;\"><span style=\"color: #000000;\">El Jard\u00edn Bot\u00e1nico de Guayaquil se ha convertido en un ic\u00f3nico refugio de vida en la ciudad, que preserva m\u00e1s de 20 mil especies de \u00e1rboles, plantas, entre otras, muchas de las cuales ya no se encuentran en su h\u00e1bitat natural, adem\u00e1s se ha consolidado como un centro de educaci\u00f3n e investigaci\u00f3n, fortaleciendo la conexi\u00f3n entre las personas y la naturaleza.<\/span><\/p>\n<p style=\"text-align: justify;\"><span style=\"color: #000000;\">Con iniciativas como esta, Banco Guayaquil reafirma su compromiso con la conservaci\u00f3n de la biodiversidad, generando un impacto positivo en el medio ambiente y contribuyendo a un futuro m\u00e1s sostenible para todos.<\/span><\/p>\n","protected":false},"excerpt":{"rendered":"<p>El banco invertir\u00e1 en la restauraci\u00f3n de este espacio, considerado como un pulm\u00f3n verde en la ciudad y que convive con m\u00e1s de 20 mil especies. La implementaci\u00f3n de pagos digitales \u00e1giles a trav\u00e9s de Banco Guayaquil y PeiGo, facilitar\u00e1 el acceso y mejorar\u00e1 la experiencia de los visitantes. Pie de foto: David Balladares, gerente [&hellip;]<\/p>\n","protected":false},"author":4,"featured_media":136576,"comment_status":"closed","ping_status":"closed","sticky":false,"template":"","format":"standard","meta":{"_bbp_topic_count":0,"_bbp_reply_count":0,"_bbp_total_topic_count":0,"_bbp_total_reply_count":0,"_bbp_voice_count":0,"_bbp_anonymous_reply_count":0,"_bbp_topic_count_hidden":0,"_bbp_reply_count_hidden":0,"_bbp_forum_subforum_count":0,"buzzeditor_post_format":"","footnotes":""},"categories":[2],"tags":[],"class_list":["post-136575","post","type-post","status-publish","format-standard","has-post-thumbnail","hentry","category-noticias"],"yoast_head":"<!-- This site is optimized with the Yoast SEO plugin v27.5 - https:\/\/yoast.com\/product\/yoast-seo-wordpress\/ -->\n<title>Banco Guayaquil impulsa la conservaci\u00f3n de la biodiversidad en alianza con el Jard\u00edn Bot\u00e1nico de Guayaquil &#8211; QUEBAKAN.COM 2026: Noticias, Eventos, Conciertos y mucho m\u00e1s....<\/title>\n<meta name=\"robots\" content=\"index, follow, max-snippet:-1, max-image-preview:large, max-video-preview:-1\" \/>\n<link rel=\"canonical\" href=\"https:\/\/www.quebakan.com\/v15\/banco-guayaquil-impulsa-la-conservacion-de-la-biodiversidad-en-alianza-con-el-jardin-botanico-de-guayaquil\/\" \/>\n<meta property=\"og:locale\" content=\"es_ES\" \/>\n<meta property=\"og:type\" content=\"article\" \/>\n<meta property=\"og:title\" content=\"Banco Guayaquil impulsa la conservaci\u00f3n de la biodiversidad en alianza con el Jard\u00edn Bot\u00e1nico de Guayaquil &#8211; QUEBAKAN.COM 2026: Noticias, Eventos, Conciertos y mucho m\u00e1s....\" \/>\n<meta property=\"og:description\" content=\"El banco invertir\u00e1 en la restauraci\u00f3n de este espacio, considerado como un pulm\u00f3n verde en la ciudad y que convive con m\u00e1s de 20 mil especies. La implementaci\u00f3n de pagos digitales \u00e1giles a trav\u00e9s de Banco Guayaquil y PeiGo, facilitar\u00e1 el acceso y mejorar\u00e1 la experiencia de los visitantes. Pie de foto: David Balladares, gerente [&hellip;]\" \/>\n<meta property=\"og:url\" content=\"https:\/\/www.quebakan.com\/v15\/banco-guayaquil-impulsa-la-conservacion-de-la-biodiversidad-en-alianza-con-el-jardin-botanico-de-guayaquil\/\" \/>\n<meta property=\"og:site_name\" content=\"QUEBAKAN.COM 2026: Noticias, Eventos, Conciertos y mucho m\u00e1s....\" \/>\n<meta property=\"article:publisher\" content=\"http:\/\/www.facebook.com\/quebakan\" \/>\n<meta property=\"article:published_time\" content=\"2025-10-22T21:15:48+00:00\" \/>\n<meta property=\"og:image\" content=\"https:\/\/www.quebakan.com\/v15\/wp-content\/uploads\/2025\/10\/FOTO-BG-JARDIN-BOTANICO-.jpg\" \/>\n\t<meta property=\"og:image:width\" content=\"467\" \/>\n\t<meta property=\"og:image:height\" content=\"700\" \/>\n\t<meta property=\"og:image:type\" content=\"image\/jpeg\" \/>\n<meta name=\"author\" content=\"Erick Villafuerte\" \/>\n<meta name=\"twitter:card\" content=\"summary_large_image\" \/>\n<meta name=\"twitter:creator\" content=\"@quebakanec\" \/>\n<meta name=\"twitter:site\" content=\"@quebakanec\" \/>\n<meta name=\"twitter:label1\" content=\"Escrito por\" \/>\n\t<meta name=\"twitter:data1\" content=\"Erick Villafuerte\" \/>\n\t<meta name=\"twitter:label2\" content=\"Tiempo de lectura\" \/>\n\t<meta name=\"twitter:data2\" content=\"3 minutos\" \/>\n<script type=\"application\/ld+json\" class=\"yoast-schema-graph\">{\"@context\":\"https:\\\/\\\/schema.org\",\"@graph\":[{\"@type\":\"Article\",\"@id\":\"https:\\\/\\\/www.quebakan.com\\\/v15\\\/banco-guayaquil-impulsa-la-conservacion-de-la-biodiversidad-en-alianza-con-el-jardin-botanico-de-guayaquil\\\/#article\",\"isPartOf\":{\"@id\":\"https:\\\/\\\/www.quebakan.com\\\/v15\\\/banco-guayaquil-impulsa-la-conservacion-de-la-biodiversidad-en-alianza-con-el-jardin-botanico-de-guayaquil\\\/\"},\"author\":{\"name\":\"Erick Villafuerte\",\"@id\":\"https:\\\/\\\/www.quebakan.com\\\/v15\\\/#\\\/schema\\\/person\\\/d90fa9f9cfa81eb8ace9811e5b7b9118\"},\"headline\":\"Banco Guayaquil impulsa la conservaci\u00f3n de la biodiversidad en alianza con el Jard\u00edn Bot\u00e1nico de Guayaquil\",\"datePublished\":\"2025-10-22T21:15:48+00:00\",\"mainEntityOfPage\":{\"@id\":\"https:\\\/\\\/www.quebakan.com\\\/v15\\\/banco-guayaquil-impulsa-la-conservacion-de-la-biodiversidad-en-alianza-con-el-jardin-botanico-de-guayaquil\\\/\"},\"wordCount\":517,\"publisher\":{\"@id\":\"https:\\\/\\\/www.quebakan.com\\\/v15\\\/#organization\"},\"image\":{\"@id\":\"https:\\\/\\\/www.quebakan.com\\\/v15\\\/banco-guayaquil-impulsa-la-conservacion-de-la-biodiversidad-en-alianza-con-el-jardin-botanico-de-guayaquil\\\/#primaryimage\"},\"thumbnailUrl\":\"https:\\\/\\\/www.quebakan.com\\\/v15\\\/wp-content\\\/uploads\\\/2025\\\/10\\\/FOTO-BG-JARDIN-BOTANICO-.jpg\",\"articleSection\":[\"Noticias\"],\"inLanguage\":\"es\"},{\"@type\":\"WebPage\",\"@id\":\"https:\\\/\\\/www.quebakan.com\\\/v15\\\/banco-guayaquil-impulsa-la-conservacion-de-la-biodiversidad-en-alianza-con-el-jardin-botanico-de-guayaquil\\\/\",\"url\":\"https:\\\/\\\/www.quebakan.com\\\/v15\\\/banco-guayaquil-impulsa-la-conservacion-de-la-biodiversidad-en-alianza-con-el-jardin-botanico-de-guayaquil\\\/\",\"name\":\"Banco Guayaquil impulsa la conservaci\u00f3n de la biodiversidad en alianza con el Jard\u00edn Bot\u00e1nico de Guayaquil &#8211; QUEBAKAN.COM 2026: Noticias, Eventos, Conciertos y mucho m\u00e1s....\",\"isPartOf\":{\"@id\":\"https:\\\/\\\/www.quebakan.com\\\/v15\\\/#website\"},\"primaryImageOfPage\":{\"@id\":\"https:\\\/\\\/www.quebakan.com\\\/v15\\\/banco-guayaquil-impulsa-la-conservacion-de-la-biodiversidad-en-alianza-con-el-jardin-botanico-de-guayaquil\\\/#primaryimage\"},\"image\":{\"@id\":\"https:\\\/\\\/www.quebakan.com\\\/v15\\\/banco-guayaquil-impulsa-la-conservacion-de-la-biodiversidad-en-alianza-con-el-jardin-botanico-de-guayaquil\\\/#primaryimage\"},\"thumbnailUrl\":\"https:\\\/\\\/www.quebakan.com\\\/v15\\\/wp-content\\\/uploads\\\/2025\\\/10\\\/FOTO-BG-JARDIN-BOTANICO-.jpg\",\"datePublished\":\"2025-10-22T21:15:48+00:00\",\"breadcrumb\":{\"@id\":\"https:\\\/\\\/www.quebakan.com\\\/v15\\\/banco-guayaquil-impulsa-la-conservacion-de-la-biodiversidad-en-alianza-con-el-jardin-botanico-de-guayaquil\\\/#breadcrumb\"},\"inLanguage\":\"es\",\"potentialAction\":[{\"@type\":\"ReadAction\",\"target\":[\"https:\\\/\\\/www.quebakan.com\\\/v15\\\/banco-guayaquil-impulsa-la-conservacion-de-la-biodiversidad-en-alianza-con-el-jardin-botanico-de-guayaquil\\\/\"]}]},{\"@type\":\"ImageObject\",\"inLanguage\":\"es\",\"@id\":\"https:\\\/\\\/www.quebakan.com\\\/v15\\\/banco-guayaquil-impulsa-la-conservacion-de-la-biodiversidad-en-alianza-con-el-jardin-botanico-de-guayaquil\\\/#primaryimage\",\"url\":\"https:\\\/\\\/www.quebakan.com\\\/v15\\\/wp-content\\\/uploads\\\/2025\\\/10\\\/FOTO-BG-JARDIN-BOTANICO-.jpg\",\"contentUrl\":\"https:\\\/\\\/www.quebakan.com\\\/v15\\\/wp-content\\\/uploads\\\/2025\\\/10\\\/FOTO-BG-JARDIN-BOTANICO-.jpg\",\"width\":467,\"height\":700},{\"@type\":\"BreadcrumbList\",\"@id\":\"https:\\\/\\\/www.quebakan.com\\\/v15\\\/banco-guayaquil-impulsa-la-conservacion-de-la-biodiversidad-en-alianza-con-el-jardin-botanico-de-guayaquil\\\/#breadcrumb\",\"itemListElement\":[{\"@type\":\"ListItem\",\"position\":1,\"name\":\"Portada\",\"item\":\"https:\\\/\\\/www.quebakan.com\\\/v15\\\/\"},{\"@type\":\"ListItem\",\"position\":2,\"name\":\"Banco Guayaquil impulsa la conservaci\u00f3n de la biodiversidad en alianza con el Jard\u00edn Bot\u00e1nico de Guayaquil\"}]},{\"@type\":\"WebSite\",\"@id\":\"https:\\\/\\\/www.quebakan.com\\\/v15\\\/#website\",\"url\":\"https:\\\/\\\/www.quebakan.com\\\/v15\\\/\",\"name\":\"QUEBAKAN\",\"description\":\"..\",\"publisher\":{\"@id\":\"https:\\\/\\\/www.quebakan.com\\\/v15\\\/#organization\"},\"potentialAction\":[{\"@type\":\"SearchAction\",\"target\":{\"@type\":\"EntryPoint\",\"urlTemplate\":\"https:\\\/\\\/www.quebakan.com\\\/v15\\\/?s={search_term_string}\"},\"query-input\":{\"@type\":\"PropertyValueSpecification\",\"valueRequired\":true,\"valueName\":\"search_term_string\"}}],\"inLanguage\":\"es\"},{\"@type\":\"Organization\",\"@id\":\"https:\\\/\\\/www.quebakan.com\\\/v15\\\/#organization\",\"name\":\"Quebakan.com\",\"url\":\"https:\\\/\\\/www.quebakan.com\\\/v15\\\/\",\"logo\":{\"@type\":\"ImageObject\",\"inLanguage\":\"es\",\"@id\":\"https:\\\/\\\/www.quebakan.com\\\/v15\\\/#\\\/schema\\\/logo\\\/image\\\/\",\"url\":\"https:\\\/\\\/www.quebakan.com\\\/v15\\\/wp-content\\\/uploads\\\/2023\\\/07\\\/logoquebakanenero2021.jpg\",\"contentUrl\":\"https:\\\/\\\/www.quebakan.com\\\/v15\\\/wp-content\\\/uploads\\\/2023\\\/07\\\/logoquebakanenero2021.jpg\",\"width\":1920,\"height\":1080,\"caption\":\"Quebakan.com\"},\"image\":{\"@id\":\"https:\\\/\\\/www.quebakan.com\\\/v15\\\/#\\\/schema\\\/logo\\\/image\\\/\"},\"sameAs\":[\"http:\\\/\\\/www.facebook.com\\\/quebakan\",\"https:\\\/\\\/x.com\\\/quebakanec\",\"http:\\\/\\\/www.instagram.com\\\/quebakan\",\"http:\\\/\\\/www.youtube.com\\\/quebakan1\"]},{\"@type\":\"Person\",\"@id\":\"https:\\\/\\\/www.quebakan.com\\\/v15\\\/#\\\/schema\\\/person\\\/d90fa9f9cfa81eb8ace9811e5b7b9118\",\"name\":\"Erick Villafuerte\",\"image\":{\"@type\":\"ImageObject\",\"inLanguage\":\"es\",\"@id\":\"https:\\\/\\\/www.quebakan.com\\\/v15\\\/wp-content\\\/uploads\\\/avatars\\\/4\\\/1731297654-bpfull.png\",\"url\":\"https:\\\/\\\/www.quebakan.com\\\/v15\\\/wp-content\\\/uploads\\\/avatars\\\/4\\\/1731297654-bpfull.png\",\"contentUrl\":\"https:\\\/\\\/www.quebakan.com\\\/v15\\\/wp-content\\\/uploads\\\/avatars\\\/4\\\/1731297654-bpfull.png\",\"caption\":\"Erick Villafuerte\"}}]}<\/script>\n<!-- \/ Yoast SEO plugin. -->","yoast_head_json":{"title":"Banco Guayaquil impulsa la conservaci\u00f3n de la biodiversidad en alianza con el Jard\u00edn Bot\u00e1nico de Guayaquil &#8211; QUEBAKAN.COM 2026: Noticias, Eventos, Conciertos y mucho m\u00e1s....","robots":{"index":"index","follow":"follow","max-snippet":"max-snippet:-1","max-image-preview":"max-image-preview:large","max-video-preview":"max-video-preview:-1"},"canonical":"https:\/\/www.quebakan.com\/v15\/banco-guayaquil-impulsa-la-conservacion-de-la-biodiversidad-en-alianza-con-el-jardin-botanico-de-guayaquil\/","og_locale":"es_ES","og_type":"article","og_title":"Banco Guayaquil impulsa la conservaci\u00f3n de la biodiversidad en alianza con el Jard\u00edn Bot\u00e1nico de Guayaquil &#8211; QUEBAKAN.COM 2026: Noticias, Eventos, Conciertos y mucho m\u00e1s....","og_description":"El banco invertir\u00e1 en la restauraci\u00f3n de este espacio, considerado como un pulm\u00f3n verde en la ciudad y que convive con m\u00e1s de 20 mil especies. La implementaci\u00f3n de pagos digitales \u00e1giles a trav\u00e9s de Banco Guayaquil y PeiGo, facilitar\u00e1 el acceso y mejorar\u00e1 la experiencia de los visitantes. Pie de foto: David Balladares, gerente [&hellip;]","og_url":"https:\/\/www.quebakan.com\/v15\/banco-guayaquil-impulsa-la-conservacion-de-la-biodiversidad-en-alianza-con-el-jardin-botanico-de-guayaquil\/","og_site_name":"QUEBAKAN.COM 2026: Noticias, Eventos, Conciertos y mucho m\u00e1s....","article_publisher":"http:\/\/www.facebook.com\/quebakan","article_published_time":"2025-10-22T21:15:48+00:00","og_image":[{"width":467,"height":700,"url":"https:\/\/www.quebakan.com\/v15\/wp-content\/uploads\/2025\/10\/FOTO-BG-JARDIN-BOTANICO-.jpg","type":"image\/jpeg"}],"author":"Erick Villafuerte","twitter_card":"summary_large_image","twitter_creator":"@quebakanec","twitter_site":"@quebakanec","twitter_misc":{"Escrito por":"Erick Villafuerte","Tiempo de lectura":"3 minutos"},"schema":{"@context":"https:\/\/schema.org","@graph":[{"@type":"Article","@id":"https:\/\/www.quebakan.com\/v15\/banco-guayaquil-impulsa-la-conservacion-de-la-biodiversidad-en-alianza-con-el-jardin-botanico-de-guayaquil\/#article","isPartOf":{"@id":"https:\/\/www.quebakan.com\/v15\/banco-guayaquil-impulsa-la-conservacion-de-la-biodiversidad-en-alianza-con-el-jardin-botanico-de-guayaquil\/"},"author":{"name":"Erick Villafuerte","@id":"https:\/\/www.quebakan.com\/v15\/#\/schema\/person\/d90fa9f9cfa81eb8ace9811e5b7b9118"},"headline":"Banco Guayaquil impulsa la conservaci\u00f3n de la biodiversidad en alianza con el Jard\u00edn Bot\u00e1nico de Guayaquil","datePublished":"2025-10-22T21:15:48+00:00","mainEntityOfPage":{"@id":"https:\/\/www.quebakan.com\/v15\/banco-guayaquil-impulsa-la-conservacion-de-la-biodiversidad-en-alianza-con-el-jardin-botanico-de-guayaquil\/"},"wordCount":517,"publisher":{"@id":"https:\/\/www.quebakan.com\/v15\/#organization"},"image":{"@id":"https:\/\/www.quebakan.com\/v15\/banco-guayaquil-impulsa-la-conservacion-de-la-biodiversidad-en-alianza-con-el-jardin-botanico-de-guayaquil\/#primaryimage"},"thumbnailUrl":"https:\/\/www.quebakan.com\/v15\/wp-content\/uploads\/2025\/10\/FOTO-BG-JARDIN-BOTANICO-.jpg","articleSection":["Noticias"],"inLanguage":"es"},{"@type":"WebPage","@id":"https:\/\/www.quebakan.com\/v15\/banco-guayaquil-impulsa-la-conservacion-de-la-biodiversidad-en-alianza-con-el-jardin-botanico-de-guayaquil\/","url":"https:\/\/www.quebakan.com\/v15\/banco-guayaquil-impulsa-la-conservacion-de-la-biodiversidad-en-alianza-con-el-jardin-botanico-de-guayaquil\/","name":"Banco Guayaquil impulsa la conservaci\u00f3n de la biodiversidad en alianza con el Jard\u00edn Bot\u00e1nico de Guayaquil &#8211; QUEBAKAN.COM 2026: Noticias, Eventos, Conciertos y mucho m\u00e1s....","isPartOf":{"@id":"https:\/\/www.quebakan.com\/v15\/#website"},"primaryImageOfPage":{"@id":"https:\/\/www.quebakan.com\/v15\/banco-guayaquil-impulsa-la-conservacion-de-la-biodiversidad-en-alianza-con-el-jardin-botanico-de-guayaquil\/#primaryimage"},"image":{"@id":"https:\/\/www.quebakan.com\/v15\/banco-guayaquil-impulsa-la-conservacion-de-la-biodiversidad-en-alianza-con-el-jardin-botanico-de-guayaquil\/#primaryimage"},"thumbnailUrl":"https:\/\/www.quebakan.com\/v15\/wp-content\/uploads\/2025\/10\/FOTO-BG-JARDIN-BOTANICO-.jpg","datePublished":"2025-10-22T21:15:48+00:00","breadcrumb":{"@id":"https:\/\/www.quebakan.com\/v15\/banco-guayaquil-impulsa-la-conservacion-de-la-biodiversidad-en-alianza-con-el-jardin-botanico-de-guayaquil\/#breadcrumb"},"inLanguage":"es","potentialAction":[{"@type":"ReadAction","target":["https:\/\/www.quebakan.com\/v15\/banco-guayaquil-impulsa-la-conservacion-de-la-biodiversidad-en-alianza-con-el-jardin-botanico-de-guayaquil\/"]}]},{"@type":"ImageObject","inLanguage":"es","@id":"https:\/\/www.quebakan.com\/v15\/banco-guayaquil-impulsa-la-conservacion-de-la-biodiversidad-en-alianza-con-el-jardin-botanico-de-guayaquil\/#primaryimage","url":"https:\/\/www.quebakan.com\/v15\/wp-content\/uploads\/2025\/10\/FOTO-BG-JARDIN-BOTANICO-.jpg","contentUrl":"https:\/\/www.quebakan.com\/v15\/wp-content\/uploads\/2025\/10\/FOTO-BG-JARDIN-BOTANICO-.jpg","width":467,"height":700},{"@type":"BreadcrumbList","@id":"https:\/\/www.quebakan.com\/v15\/banco-guayaquil-impulsa-la-conservacion-de-la-biodiversidad-en-alianza-con-el-jardin-botanico-de-guayaquil\/#breadcrumb","itemListElement":[{"@type":"ListItem","position":1,"name":"Portada","item":"https:\/\/www.quebakan.com\/v15\/"},{"@type":"ListItem","position":2,"name":"Banco Guayaquil impulsa la conservaci\u00f3n de la biodiversidad en alianza con el Jard\u00edn Bot\u00e1nico de Guayaquil"}]},{"@type":"WebSite","@id":"https:\/\/www.quebakan.com\/v15\/#website","url":"https:\/\/www.quebakan.com\/v15\/","name":"QUEBAKAN","description":"..","publisher":{"@id":"https:\/\/www.quebakan.com\/v15\/#organization"},"potentialAction":[{"@type":"SearchAction","target":{"@type":"EntryPoint","urlTemplate":"https:\/\/www.quebakan.com\/v15\/?s={search_term_string}"},"query-input":{"@type":"PropertyValueSpecification","valueRequired":true,"valueName":"search_term_string"}}],"inLanguage":"es"},{"@type":"Organization","@id":"https:\/\/www.quebakan.com\/v15\/#organization","name":"Quebakan.com","url":"https:\/\/www.quebakan.com\/v15\/","logo":{"@type":"ImageObject","inLanguage":"es","@id":"https:\/\/www.quebakan.com\/v15\/#\/schema\/logo\/image\/","url":"https:\/\/www.quebakan.com\/v15\/wp-content\/uploads\/2023\/07\/logoquebakanenero2021.jpg","contentUrl":"https:\/\/www.quebakan.com\/v15\/wp-content\/uploads\/2023\/07\/logoquebakanenero2021.jpg","width":1920,"height":1080,"caption":"Quebakan.com"},"image":{"@id":"https:\/\/www.quebakan.com\/v15\/#\/schema\/logo\/image\/"},"sameAs":["http:\/\/www.facebook.com\/quebakan","https:\/\/x.com\/quebakanec","http:\/\/www.instagram.com\/quebakan","http:\/\/www.youtube.com\/quebakan1"]},{"@type":"Person","@id":"https:\/\/www.quebakan.com\/v15\/#\/schema\/person\/d90fa9f9cfa81eb8ace9811e5b7b9118","name":"Erick Villafuerte","image":{"@type":"ImageObject","inLanguage":"es","@id":"https:\/\/www.quebakan.com\/v15\/wp-content\/uploads\/avatars\/4\/1731297654-bpfull.png","url":"https:\/\/www.quebakan.com\/v15\/wp-content\/uploads\/avatars\/4\/1731297654-bpfull.png","contentUrl":"https:\/\/www.quebakan.com\/v15\/wp-content\/uploads\/avatars\/4\/1731297654-bpfull.png","caption":"Erick Villafuerte"}}]}},"_links":{"self":[{"href":"https:\/\/www.quebakan.com\/v15\/wp-json\/wp\/v2\/posts\/136575","targetHints":{"allow":["GET"]}}],"collection":[{"href":"https:\/\/www.quebakan.com\/v15\/wp-json\/wp\/v2\/posts"}],"about":[{"href":"https:\/\/www.quebakan.com\/v15\/wp-json\/wp\/v2\/types\/post"}],"author":[{"embeddable":true,"href":"https:\/\/www.quebakan.com\/v15\/wp-json\/wp\/v2\/users\/4"}],"replies":[{"embeddable":true,"href":"https:\/\/www.quebakan.com\/v15\/wp-json\/wp\/v2\/comments?post=136575"}],"version-history":[{"count":1,"href":"https:\/\/www.quebakan.com\/v15\/wp-json\/wp\/v2\/posts\/136575\/revisions"}],"predecessor-version":[{"id":136577,"href":"https:\/\/www.quebakan.com\/v15\/wp-json\/wp\/v2\/posts\/136575\/revisions\/136577"}],"wp:featuredmedia":[{"embeddable":true,"href":"https:\/\/www.quebakan.com\/v15\/wp-json\/wp\/v2\/media\/136576"}],"wp:attachment":[{"href":"https:\/\/www.quebakan.com\/v15\/wp-json\/wp\/v2\/media?parent=136575"}],"wp:term":[{"taxonomy":"category","embeddable":true,"href":"https:\/\/www.quebakan.com\/v15\/wp-json\/wp\/v2\/categories?post=136575"},{"taxonomy":"post_tag","embeddable":true,"href":"https:\/\/www.quebakan.com\/v15\/wp-json\/wp\/v2\/tags?post=136575"}],"curies":[{"name":"wp","href":"https:\/\/api.w.org\/{rel}","templated":true}]}}