{"id":136578,"date":"2025-10-22T17:05:07","date_gmt":"2025-10-22T22:05:07","guid":{"rendered":"https:\/\/www.quebakan.com\/v15\/?p=136578"},"modified":"2025-10-22T17:05:07","modified_gmt":"2025-10-22T22:05:07","slug":"legal-society-2025-el-congreso-que-marcara-la-evolucion-del-derecho-penal","status":"publish","type":"post","link":"https:\/\/www.quebakan.com\/v15\/legal-society-2025-el-congreso-que-marcara-la-evolucion-del-derecho-penal\/","title":{"rendered":"Legal Society 2025: El Congreso que marcar\u00e1 la evoluci\u00f3n del Derecho Penal"},"content":{"rendered":"<p><img fetchpriority=\"high\" decoding=\"async\" class=\"aligncenter size-full wp-image-136579\" src=\"https:\/\/www.quebakan.com\/v15\/wp-content\/uploads\/2025\/10\/pnela1.jpg\" alt=\"\" width=\"700\" height=\"382\" \/><\/p>\n<p style=\"text-align: justify;\"><span style=\"color: #000000;\">El Derecho Penal est\u00e1 en constante transformaci\u00f3n y, con \u00e9l, quienes lo estudian, ense\u00f1an y ejercen. Bajo el lema <strong>\u201cEl Derecho Penal evoluciona, nosotros tambi\u00e9n\u201d<\/strong><strong>,<\/strong> llega a Ecuador un evento acad\u00e9mico de alto nivel: <strong>The <\/strong><strong>Legal Society<\/strong><strong>,<\/strong> que se desarrollar\u00e1 los d\u00edas <strong>23 y 24 de octubre<\/strong> en el <strong>Aula Magna de la <\/strong><strong>Universidad Cat\u00f3lica de Santiago de Guayaquil<\/strong>, con modalidad <strong>presencial y online<\/strong>.<\/span><\/p>\n<p style=\"text-align: justify;\"><span style=\"color: #000000;\">Este congreso reunir\u00e1 a <strong>reconocidos expertos nacionales <\/strong>para analizar los desaf\u00edos m\u00e1s urgentes del sistema penal y debatir sobre los temas que marcan la agenda jur\u00eddica actual:<\/span><\/p>\n<ul style=\"text-align: justify;\">\n<li><span style=\"color: #000000;\">Proceso penal aplicado<\/span><\/li>\n<li><span style=\"color: #000000;\">Nuevas tendencias en dogm\u00e1tica penal<\/span><\/li>\n<li><span style=\"color: #000000;\">Criminolog\u00eda y delincuencia organizada<\/span><\/li>\n<li><span style=\"color: #000000;\">Derecho penal econ\u00f3mico m\u00e1s all\u00e1 de la norma<\/span><\/li>\n<\/ul>\n<p style=\"text-align: justify;\"><span style=\"color: #000000;\"><strong>Una experiencia acad\u00e9mica y profesional \u00fanica<\/strong><\/span><\/p>\n<ul style=\"text-align: justify;\">\n<li><span style=\"color: #000000;\">Conferencias magistrales<\/span><\/li>\n<li><span style=\"color: #000000;\">Paneles de discusi\u00f3n con expertos<\/span><\/li>\n<li><span style=\"color: #000000;\">Mesas redondas interactivas<\/span><\/li>\n<li><span style=\"color: #000000;\">Espacios de networking<\/span><\/li>\n<li><span style=\"color: #000000;\">Un c\u00f3ctel de cierre para afianzar contactos profesionales<\/span><\/li>\n<\/ul>\n<p style=\"text-align: justify;\"><span style=\"color: #000000;\"><strong>Dirigido a:<\/strong><\/span><\/p>\n<ul style=\"text-align: justify;\">\n<li><span style=\"color: #000000;\">Docentes universitarios<\/span><\/li>\n<li><span style=\"color: #000000;\">Estudiantes de Derecho<\/span><\/li>\n<li><span style=\"color: #000000;\">Acad\u00e9micos e investigadores<\/span><\/li>\n<li><span style=\"color: #000000;\">Instituciones p\u00fablicas y privadas<\/span><\/li>\n<li><span style=\"color: #000000;\">Profesionales del libre ejercicio<\/span><\/li>\n<li><span style=\"color: #000000;\">Empresas y gremios vinculados al \u00e1mbito jur\u00eddico<\/span><\/li>\n<\/ul>\n<p style=\"text-align: justify;\"><span style=\"color: #000000;\"><strong>Expositores destacados<\/strong><\/span><\/p>\n<ul style=\"text-align: justify;\">\n<li><span style=\"color: #000000;\"><strong>Proceso penal aplicado<\/strong>: Diego Zavala, Diego Garc\u00eda, Juan Vizueta<\/span><\/li>\n<li><span style=\"color: #000000;\"><strong>Nuevas tendencias en dogm\u00e1tica penal<\/strong>: Marcela Estrella, Manuel Kur\u00ed, Ren\u00e9 Astudillo, H\u00e9ctor Gabriel Vanegas, Mois\u00e9s Sosa<\/span><\/li>\n<li><span style=\"color: #000000;\"><strong>Criminolog\u00eda y delincuencia organizada<\/strong>: Mar\u00eda del Mar Gallegos, Pablo Pun\u00edn, Nino Casanello, Esteban Coronel, Diego Tip\u00e1n<\/span><\/li>\n<li><span style=\"color: #000000;\"><strong>Derecho penal m\u00e1s all\u00e1 de la norma<\/strong>: Pablo Carri\u00f3n, Pablo Encalada, Juan Manuel Guzm\u00e1n<\/span><\/li>\n<\/ul>\n<p style=\"text-align: justify;\"><span style=\"color: #000000;\"><strong>Modalidades de participaci\u00f3n<\/strong><\/span><\/p>\n<ul style=\"text-align: justify;\">\n<li><span style=\"color: #000000;\">400 cupos presenciales en el Aula Magna UCSG<\/span><\/li>\n<li><span style=\"color: #000000;\">500 accesos online para participantes en todo el mundo<\/span><\/li>\n<li><span style=\"color: #000000;\">Todos los asistentes recibir\u00e1n un certificado de participaci\u00f3n avalado por la Universidad Cat\u00f3lica de Santiago de Guayaquil<\/span><\/li>\n<\/ul>\n<p style=\"text-align: justify;\"><span style=\"color: #000000;\">Este evento cuenta con el respaldo de: Sosa Hern\u00e1ndez y Asociados, Blindspot, Fundaci\u00f3n Santiago de Guayaquil, Universidad Cat\u00f3lica de Santiago de Guayaquil y Nebulosa.<\/span><\/p>\n<p style=\"text-align: justify;\"><span style=\"color: #000000;\"><strong>Para m\u00e1s informaci\u00f3n escr\u00edbenos a<\/strong><\/span><\/p>\n<p style=\"text-align: justify;\"><span style=\"color: #000000;\"><a style=\"color: #000000;\" href=\"mailto:legalsocietyec@gmail.com\">legalsocietyec@gmail.com<\/a><\/span><\/p>\n<ul style=\"text-align: justify;\">\n<li><span style=\"color: #000000;\">Facebook: The Legal Society Ec<\/span><\/li>\n<li><span style=\"color: #000000;\">Instagram: @thelegalsocietyec<\/span><\/li>\n<li><span style=\"color: #000000;\">TikTok: @thelegalsocietyec<\/span><\/li>\n<li><span style=\"color: #000000;\">LinkedIn: The Legal Society Ec<\/span><\/li>\n<\/ul>\n<p style=\"text-align: justify;\"><span style=\"color: #000000;\">Asegura tu lugar en Legal Society 2025 y s\u00e9 parte del futuro del Derecho Penal. No te quedes fuera de este encuentro que marcar\u00e1 un hito en la discusi\u00f3n jur\u00eddica del Ecuador.<\/span><\/p>\n","protected":false},"excerpt":{"rendered":"<p>El Derecho Penal est\u00e1 en constante transformaci\u00f3n y, con \u00e9l, quienes lo estudian, ense\u00f1an y ejercen. Bajo el lema \u201cEl Derecho Penal evoluciona, nosotros tambi\u00e9n\u201d, llega a Ecuador un evento acad\u00e9mico de alto nivel: The Legal Society, que se desarrollar\u00e1 los d\u00edas 23 y 24 de octubre en el Aula Magna de la Universidad Cat\u00f3lica [&hellip;]<\/p>\n","protected":false},"author":4,"featured_media":136579,"comment_status":"closed","ping_status":"closed","sticky":false,"template":"","format":"standard","meta":{"_bbp_topic_count":0,"_bbp_reply_count":0,"_bbp_total_topic_count":0,"_bbp_total_reply_count":0,"_bbp_voice_count":0,"_bbp_anonymous_reply_count":0,"_bbp_topic_count_hidden":0,"_bbp_reply_count_hidden":0,"_bbp_forum_subforum_count":0,"buzzeditor_post_format":"","footnotes":""},"categories":[2],"tags":[],"class_list":["post-136578","post","type-post","status-publish","format-standard","has-post-thumbnail","hentry","category-noticias"],"yoast_head":"<!-- This site is optimized with the Yoast SEO plugin v27.5 - https:\/\/yoast.com\/product\/yoast-seo-wordpress\/ -->\n<title>Legal Society 2025: El Congreso que marcar\u00e1 la evoluci\u00f3n del Derecho Penal &#8211; QUEBAKAN.COM 2026: Noticias, Eventos, Conciertos y mucho m\u00e1s....<\/title>\n<meta name=\"robots\" content=\"index, follow, max-snippet:-1, max-image-preview:large, max-video-preview:-1\" \/>\n<link rel=\"canonical\" href=\"https:\/\/www.quebakan.com\/v15\/legal-society-2025-el-congreso-que-marcara-la-evolucion-del-derecho-penal\/\" \/>\n<meta property=\"og:locale\" content=\"es_ES\" \/>\n<meta property=\"og:type\" content=\"article\" \/>\n<meta property=\"og:title\" content=\"Legal Society 2025: El Congreso que marcar\u00e1 la evoluci\u00f3n del Derecho Penal &#8211; QUEBAKAN.COM 2026: Noticias, Eventos, Conciertos y mucho m\u00e1s....\" \/>\n<meta property=\"og:description\" content=\"El Derecho Penal est\u00e1 en constante transformaci\u00f3n y, con \u00e9l, quienes lo estudian, ense\u00f1an y ejercen. Bajo el lema \u201cEl Derecho Penal evoluciona, nosotros tambi\u00e9n\u201d, llega a Ecuador un evento acad\u00e9mico de alto nivel: The Legal Society, que se desarrollar\u00e1 los d\u00edas 23 y 24 de octubre en el Aula Magna de la Universidad Cat\u00f3lica [&hellip;]\" \/>\n<meta property=\"og:url\" content=\"https:\/\/www.quebakan.com\/v15\/legal-society-2025-el-congreso-que-marcara-la-evolucion-del-derecho-penal\/\" \/>\n<meta property=\"og:site_name\" content=\"QUEBAKAN.COM 2026: Noticias, Eventos, Conciertos y mucho m\u00e1s....\" \/>\n<meta property=\"article:publisher\" content=\"http:\/\/www.facebook.com\/quebakan\" \/>\n<meta property=\"article:published_time\" content=\"2025-10-22T22:05:07+00:00\" \/>\n<meta property=\"og:image\" content=\"https:\/\/www.quebakan.com\/v15\/wp-content\/uploads\/2025\/10\/pnela1.jpg\" \/>\n\t<meta property=\"og:image:width\" content=\"700\" \/>\n\t<meta property=\"og:image:height\" content=\"382\" \/>\n\t<meta property=\"og:image:type\" content=\"image\/jpeg\" \/>\n<meta name=\"author\" content=\"Erick Villafuerte\" \/>\n<meta name=\"twitter:card\" content=\"summary_large_image\" \/>\n<meta name=\"twitter:creator\" content=\"@quebakanec\" \/>\n<meta name=\"twitter:site\" content=\"@quebakanec\" \/>\n<meta name=\"twitter:label1\" content=\"Escrito por\" \/>\n\t<meta name=\"twitter:data1\" content=\"Erick Villafuerte\" \/>\n\t<meta name=\"twitter:label2\" content=\"Tiempo de lectura\" \/>\n\t<meta name=\"twitter:data2\" content=\"2 minutos\" \/>\n<script type=\"application\/ld+json\" class=\"yoast-schema-graph\">{\"@context\":\"https:\\\/\\\/schema.org\",\"@graph\":[{\"@type\":\"Article\",\"@id\":\"https:\\\/\\\/www.quebakan.com\\\/v15\\\/legal-society-2025-el-congreso-que-marcara-la-evolucion-del-derecho-penal\\\/#article\",\"isPartOf\":{\"@id\":\"https:\\\/\\\/www.quebakan.com\\\/v15\\\/legal-society-2025-el-congreso-que-marcara-la-evolucion-del-derecho-penal\\\/\"},\"author\":{\"name\":\"Erick Villafuerte\",\"@id\":\"https:\\\/\\\/www.quebakan.com\\\/v15\\\/#\\\/schema\\\/person\\\/d90fa9f9cfa81eb8ace9811e5b7b9118\"},\"headline\":\"Legal Society 2025: El Congreso que marcar\u00e1 la evoluci\u00f3n del Derecho Penal\",\"datePublished\":\"2025-10-22T22:05:07+00:00\",\"mainEntityOfPage\":{\"@id\":\"https:\\\/\\\/www.quebakan.com\\\/v15\\\/legal-society-2025-el-congreso-que-marcara-la-evolucion-del-derecho-penal\\\/\"},\"wordCount\":384,\"publisher\":{\"@id\":\"https:\\\/\\\/www.quebakan.com\\\/v15\\\/#organization\"},\"image\":{\"@id\":\"https:\\\/\\\/www.quebakan.com\\\/v15\\\/legal-society-2025-el-congreso-que-marcara-la-evolucion-del-derecho-penal\\\/#primaryimage\"},\"thumbnailUrl\":\"https:\\\/\\\/www.quebakan.com\\\/v15\\\/wp-content\\\/uploads\\\/2025\\\/10\\\/pnela1.jpg\",\"articleSection\":[\"Noticias\"],\"inLanguage\":\"es\"},{\"@type\":\"WebPage\",\"@id\":\"https:\\\/\\\/www.quebakan.com\\\/v15\\\/legal-society-2025-el-congreso-que-marcara-la-evolucion-del-derecho-penal\\\/\",\"url\":\"https:\\\/\\\/www.quebakan.com\\\/v15\\\/legal-society-2025-el-congreso-que-marcara-la-evolucion-del-derecho-penal\\\/\",\"name\":\"Legal Society 2025: El Congreso que marcar\u00e1 la evoluci\u00f3n del Derecho Penal &#8211; QUEBAKAN.COM 2026: Noticias, Eventos, Conciertos y mucho m\u00e1s....\",\"isPartOf\":{\"@id\":\"https:\\\/\\\/www.quebakan.com\\\/v15\\\/#website\"},\"primaryImageOfPage\":{\"@id\":\"https:\\\/\\\/www.quebakan.com\\\/v15\\\/legal-society-2025-el-congreso-que-marcara-la-evolucion-del-derecho-penal\\\/#primaryimage\"},\"image\":{\"@id\":\"https:\\\/\\\/www.quebakan.com\\\/v15\\\/legal-society-2025-el-congreso-que-marcara-la-evolucion-del-derecho-penal\\\/#primaryimage\"},\"thumbnailUrl\":\"https:\\\/\\\/www.quebakan.com\\\/v15\\\/wp-content\\\/uploads\\\/2025\\\/10\\\/pnela1.jpg\",\"datePublished\":\"2025-10-22T22:05:07+00:00\",\"breadcrumb\":{\"@id\":\"https:\\\/\\\/www.quebakan.com\\\/v15\\\/legal-society-2025-el-congreso-que-marcara-la-evolucion-del-derecho-penal\\\/#breadcrumb\"},\"inLanguage\":\"es\",\"potentialAction\":[{\"@type\":\"ReadAction\",\"target\":[\"https:\\\/\\\/www.quebakan.com\\\/v15\\\/legal-society-2025-el-congreso-que-marcara-la-evolucion-del-derecho-penal\\\/\"]}]},{\"@type\":\"ImageObject\",\"inLanguage\":\"es\",\"@id\":\"https:\\\/\\\/www.quebakan.com\\\/v15\\\/legal-society-2025-el-congreso-que-marcara-la-evolucion-del-derecho-penal\\\/#primaryimage\",\"url\":\"https:\\\/\\\/www.quebakan.com\\\/v15\\\/wp-content\\\/uploads\\\/2025\\\/10\\\/pnela1.jpg\",\"contentUrl\":\"https:\\\/\\\/www.quebakan.com\\\/v15\\\/wp-content\\\/uploads\\\/2025\\\/10\\\/pnela1.jpg\",\"width\":700,\"height\":382},{\"@type\":\"BreadcrumbList\",\"@id\":\"https:\\\/\\\/www.quebakan.com\\\/v15\\\/legal-society-2025-el-congreso-que-marcara-la-evolucion-del-derecho-penal\\\/#breadcrumb\",\"itemListElement\":[{\"@type\":\"ListItem\",\"position\":1,\"name\":\"Portada\",\"item\":\"https:\\\/\\\/www.quebakan.com\\\/v15\\\/\"},{\"@type\":\"ListItem\",\"position\":2,\"name\":\"Legal Society 2025: El Congreso que marcar\u00e1 la evoluci\u00f3n del Derecho Penal\"}]},{\"@type\":\"WebSite\",\"@id\":\"https:\\\/\\\/www.quebakan.com\\\/v15\\\/#website\",\"url\":\"https:\\\/\\\/www.quebakan.com\\\/v15\\\/\",\"name\":\"QUEBAKAN\",\"description\":\"..\",\"publisher\":{\"@id\":\"https:\\\/\\\/www.quebakan.com\\\/v15\\\/#organization\"},\"potentialAction\":[{\"@type\":\"SearchAction\",\"target\":{\"@type\":\"EntryPoint\",\"urlTemplate\":\"https:\\\/\\\/www.quebakan.com\\\/v15\\\/?s={search_term_string}\"},\"query-input\":{\"@type\":\"PropertyValueSpecification\",\"valueRequired\":true,\"valueName\":\"search_term_string\"}}],\"inLanguage\":\"es\"},{\"@type\":\"Organization\",\"@id\":\"https:\\\/\\\/www.quebakan.com\\\/v15\\\/#organization\",\"name\":\"Quebakan.com\",\"url\":\"https:\\\/\\\/www.quebakan.com\\\/v15\\\/\",\"logo\":{\"@type\":\"ImageObject\",\"inLanguage\":\"es\",\"@id\":\"https:\\\/\\\/www.quebakan.com\\\/v15\\\/#\\\/schema\\\/logo\\\/image\\\/\",\"url\":\"https:\\\/\\\/www.quebakan.com\\\/v15\\\/wp-content\\\/uploads\\\/2023\\\/07\\\/logoquebakanenero2021.jpg\",\"contentUrl\":\"https:\\\/\\\/www.quebakan.com\\\/v15\\\/wp-content\\\/uploads\\\/2023\\\/07\\\/logoquebakanenero2021.jpg\",\"width\":1920,\"height\":1080,\"caption\":\"Quebakan.com\"},\"image\":{\"@id\":\"https:\\\/\\\/www.quebakan.com\\\/v15\\\/#\\\/schema\\\/logo\\\/image\\\/\"},\"sameAs\":[\"http:\\\/\\\/www.facebook.com\\\/quebakan\",\"https:\\\/\\\/x.com\\\/quebakanec\",\"http:\\\/\\\/www.instagram.com\\\/quebakan\",\"http:\\\/\\\/www.youtube.com\\\/quebakan1\"]},{\"@type\":\"Person\",\"@id\":\"https:\\\/\\\/www.quebakan.com\\\/v15\\\/#\\\/schema\\\/person\\\/d90fa9f9cfa81eb8ace9811e5b7b9118\",\"name\":\"Erick Villafuerte\",\"image\":{\"@type\":\"ImageObject\",\"inLanguage\":\"es\",\"@id\":\"https:\\\/\\\/www.quebakan.com\\\/v15\\\/wp-content\\\/uploads\\\/avatars\\\/4\\\/1731297654-bpfull.png\",\"url\":\"https:\\\/\\\/www.quebakan.com\\\/v15\\\/wp-content\\\/uploads\\\/avatars\\\/4\\\/1731297654-bpfull.png\",\"contentUrl\":\"https:\\\/\\\/www.quebakan.com\\\/v15\\\/wp-content\\\/uploads\\\/avatars\\\/4\\\/1731297654-bpfull.png\",\"caption\":\"Erick Villafuerte\"}}]}<\/script>\n<!-- \/ Yoast SEO plugin. -->","yoast_head_json":{"title":"Legal Society 2025: El Congreso que marcar\u00e1 la evoluci\u00f3n del Derecho Penal &#8211; QUEBAKAN.COM 2026: Noticias, Eventos, Conciertos y mucho m\u00e1s....","robots":{"index":"index","follow":"follow","max-snippet":"max-snippet:-1","max-image-preview":"max-image-preview:large","max-video-preview":"max-video-preview:-1"},"canonical":"https:\/\/www.quebakan.com\/v15\/legal-society-2025-el-congreso-que-marcara-la-evolucion-del-derecho-penal\/","og_locale":"es_ES","og_type":"article","og_title":"Legal Society 2025: El Congreso que marcar\u00e1 la evoluci\u00f3n del Derecho Penal &#8211; QUEBAKAN.COM 2026: Noticias, Eventos, Conciertos y mucho m\u00e1s....","og_description":"El Derecho Penal est\u00e1 en constante transformaci\u00f3n y, con \u00e9l, quienes lo estudian, ense\u00f1an y ejercen. Bajo el lema \u201cEl Derecho Penal evoluciona, nosotros tambi\u00e9n\u201d, llega a Ecuador un evento acad\u00e9mico de alto nivel: The Legal Society, que se desarrollar\u00e1 los d\u00edas 23 y 24 de octubre en el Aula Magna de la Universidad Cat\u00f3lica [&hellip;]","og_url":"https:\/\/www.quebakan.com\/v15\/legal-society-2025-el-congreso-que-marcara-la-evolucion-del-derecho-penal\/","og_site_name":"QUEBAKAN.COM 2026: Noticias, Eventos, Conciertos y mucho m\u00e1s....","article_publisher":"http:\/\/www.facebook.com\/quebakan","article_published_time":"2025-10-22T22:05:07+00:00","og_image":[{"width":700,"height":382,"url":"https:\/\/www.quebakan.com\/v15\/wp-content\/uploads\/2025\/10\/pnela1.jpg","type":"image\/jpeg"}],"author":"Erick Villafuerte","twitter_card":"summary_large_image","twitter_creator":"@quebakanec","twitter_site":"@quebakanec","twitter_misc":{"Escrito por":"Erick Villafuerte","Tiempo de lectura":"2 minutos"},"schema":{"@context":"https:\/\/schema.org","@graph":[{"@type":"Article","@id":"https:\/\/www.quebakan.com\/v15\/legal-society-2025-el-congreso-que-marcara-la-evolucion-del-derecho-penal\/#article","isPartOf":{"@id":"https:\/\/www.quebakan.com\/v15\/legal-society-2025-el-congreso-que-marcara-la-evolucion-del-derecho-penal\/"},"author":{"name":"Erick Villafuerte","@id":"https:\/\/www.quebakan.com\/v15\/#\/schema\/person\/d90fa9f9cfa81eb8ace9811e5b7b9118"},"headline":"Legal Society 2025: El Congreso que marcar\u00e1 la evoluci\u00f3n del Derecho Penal","datePublished":"2025-10-22T22:05:07+00:00","mainEntityOfPage":{"@id":"https:\/\/www.quebakan.com\/v15\/legal-society-2025-el-congreso-que-marcara-la-evolucion-del-derecho-penal\/"},"wordCount":384,"publisher":{"@id":"https:\/\/www.quebakan.com\/v15\/#organization"},"image":{"@id":"https:\/\/www.quebakan.com\/v15\/legal-society-2025-el-congreso-que-marcara-la-evolucion-del-derecho-penal\/#primaryimage"},"thumbnailUrl":"https:\/\/www.quebakan.com\/v15\/wp-content\/uploads\/2025\/10\/pnela1.jpg","articleSection":["Noticias"],"inLanguage":"es"},{"@type":"WebPage","@id":"https:\/\/www.quebakan.com\/v15\/legal-society-2025-el-congreso-que-marcara-la-evolucion-del-derecho-penal\/","url":"https:\/\/www.quebakan.com\/v15\/legal-society-2025-el-congreso-que-marcara-la-evolucion-del-derecho-penal\/","name":"Legal Society 2025: El Congreso que marcar\u00e1 la evoluci\u00f3n del Derecho Penal &#8211; QUEBAKAN.COM 2026: Noticias, Eventos, Conciertos y mucho m\u00e1s....","isPartOf":{"@id":"https:\/\/www.quebakan.com\/v15\/#website"},"primaryImageOfPage":{"@id":"https:\/\/www.quebakan.com\/v15\/legal-society-2025-el-congreso-que-marcara-la-evolucion-del-derecho-penal\/#primaryimage"},"image":{"@id":"https:\/\/www.quebakan.com\/v15\/legal-society-2025-el-congreso-que-marcara-la-evolucion-del-derecho-penal\/#primaryimage"},"thumbnailUrl":"https:\/\/www.quebakan.com\/v15\/wp-content\/uploads\/2025\/10\/pnela1.jpg","datePublished":"2025-10-22T22:05:07+00:00","breadcrumb":{"@id":"https:\/\/www.quebakan.com\/v15\/legal-society-2025-el-congreso-que-marcara-la-evolucion-del-derecho-penal\/#breadcrumb"},"inLanguage":"es","potentialAction":[{"@type":"ReadAction","target":["https:\/\/www.quebakan.com\/v15\/legal-society-2025-el-congreso-que-marcara-la-evolucion-del-derecho-penal\/"]}]},{"@type":"ImageObject","inLanguage":"es","@id":"https:\/\/www.quebakan.com\/v15\/legal-society-2025-el-congreso-que-marcara-la-evolucion-del-derecho-penal\/#primaryimage","url":"https:\/\/www.quebakan.com\/v15\/wp-content\/uploads\/2025\/10\/pnela1.jpg","contentUrl":"https:\/\/www.quebakan.com\/v15\/wp-content\/uploads\/2025\/10\/pnela1.jpg","width":700,"height":382},{"@type":"BreadcrumbList","@id":"https:\/\/www.quebakan.com\/v15\/legal-society-2025-el-congreso-que-marcara-la-evolucion-del-derecho-penal\/#breadcrumb","itemListElement":[{"@type":"ListItem","position":1,"name":"Portada","item":"https:\/\/www.quebakan.com\/v15\/"},{"@type":"ListItem","position":2,"name":"Legal Society 2025: El Congreso que marcar\u00e1 la evoluci\u00f3n del Derecho Penal"}]},{"@type":"WebSite","@id":"https:\/\/www.quebakan.com\/v15\/#website","url":"https:\/\/www.quebakan.com\/v15\/","name":"QUEBAKAN","description":"..","publisher":{"@id":"https:\/\/www.quebakan.com\/v15\/#organization"},"potentialAction":[{"@type":"SearchAction","target":{"@type":"EntryPoint","urlTemplate":"https:\/\/www.quebakan.com\/v15\/?s={search_term_string}"},"query-input":{"@type":"PropertyValueSpecification","valueRequired":true,"valueName":"search_term_string"}}],"inLanguage":"es"},{"@type":"Organization","@id":"https:\/\/www.quebakan.com\/v15\/#organization","name":"Quebakan.com","url":"https:\/\/www.quebakan.com\/v15\/","logo":{"@type":"ImageObject","inLanguage":"es","@id":"https:\/\/www.quebakan.com\/v15\/#\/schema\/logo\/image\/","url":"https:\/\/www.quebakan.com\/v15\/wp-content\/uploads\/2023\/07\/logoquebakanenero2021.jpg","contentUrl":"https:\/\/www.quebakan.com\/v15\/wp-content\/uploads\/2023\/07\/logoquebakanenero2021.jpg","width":1920,"height":1080,"caption":"Quebakan.com"},"image":{"@id":"https:\/\/www.quebakan.com\/v15\/#\/schema\/logo\/image\/"},"sameAs":["http:\/\/www.facebook.com\/quebakan","https:\/\/x.com\/quebakanec","http:\/\/www.instagram.com\/quebakan","http:\/\/www.youtube.com\/quebakan1"]},{"@type":"Person","@id":"https:\/\/www.quebakan.com\/v15\/#\/schema\/person\/d90fa9f9cfa81eb8ace9811e5b7b9118","name":"Erick Villafuerte","image":{"@type":"ImageObject","inLanguage":"es","@id":"https:\/\/www.quebakan.com\/v15\/wp-content\/uploads\/avatars\/4\/1731297654-bpfull.png","url":"https:\/\/www.quebakan.com\/v15\/wp-content\/uploads\/avatars\/4\/1731297654-bpfull.png","contentUrl":"https:\/\/www.quebakan.com\/v15\/wp-content\/uploads\/avatars\/4\/1731297654-bpfull.png","caption":"Erick Villafuerte"}}]}},"_links":{"self":[{"href":"https:\/\/www.quebakan.com\/v15\/wp-json\/wp\/v2\/posts\/136578","targetHints":{"allow":["GET"]}}],"collection":[{"href":"https:\/\/www.quebakan.com\/v15\/wp-json\/wp\/v2\/posts"}],"about":[{"href":"https:\/\/www.quebakan.com\/v15\/wp-json\/wp\/v2\/types\/post"}],"author":[{"embeddable":true,"href":"https:\/\/www.quebakan.com\/v15\/wp-json\/wp\/v2\/users\/4"}],"replies":[{"embeddable":true,"href":"https:\/\/www.quebakan.com\/v15\/wp-json\/wp\/v2\/comments?post=136578"}],"version-history":[{"count":1,"href":"https:\/\/www.quebakan.com\/v15\/wp-json\/wp\/v2\/posts\/136578\/revisions"}],"predecessor-version":[{"id":136580,"href":"https:\/\/www.quebakan.com\/v15\/wp-json\/wp\/v2\/posts\/136578\/revisions\/136580"}],"wp:featuredmedia":[{"embeddable":true,"href":"https:\/\/www.quebakan.com\/v15\/wp-json\/wp\/v2\/media\/136579"}],"wp:attachment":[{"href":"https:\/\/www.quebakan.com\/v15\/wp-json\/wp\/v2\/media?parent=136578"}],"wp:term":[{"taxonomy":"category","embeddable":true,"href":"https:\/\/www.quebakan.com\/v15\/wp-json\/wp\/v2\/categories?post=136578"},{"taxonomy":"post_tag","embeddable":true,"href":"https:\/\/www.quebakan.com\/v15\/wp-json\/wp\/v2\/tags?post=136578"}],"curies":[{"name":"wp","href":"https:\/\/api.w.org\/{rel}","templated":true}]}}