{"id":136584,"date":"2025-10-22T17:34:34","date_gmt":"2025-10-22T22:34:34","guid":{"rendered":"https:\/\/www.quebakan.com\/v15\/?p=136584"},"modified":"2025-10-22T17:34:34","modified_gmt":"2025-10-22T22:34:34","slug":"el-congreso-slanh-en-guayaquil-abordo-los-grandes-retos-de-la-nefrologia-en-america-latina","status":"publish","type":"post","link":"https:\/\/www.quebakan.com\/v15\/el-congreso-slanh-en-guayaquil-abordo-los-grandes-retos-de-la-nefrologia-en-america-latina\/","title":{"rendered":"El Congreso SLANH en Guayaquil abord\u00f3 los grandes retos de la nefrolog\u00eda en Am\u00e9rica Latina"},"content":{"rendered":"<p><img fetchpriority=\"high\" decoding=\"async\" class=\"aligncenter size-full wp-image-136585\" src=\"https:\/\/www.quebakan.com\/v15\/wp-content\/uploads\/2025\/10\/Boehringer_Healthcare_HCP_MeetingwithSales-01_RGB_002.jpg\" alt=\"\" width=\"700\" height=\"466\" \/><\/p>\n<ul>\n<li style=\"text-align: justify;\"><span style=\"color: #000000;\">La enfermedad renal cr\u00f3nica (ERC) afecta a 1 de cada 10 adultos<\/span><\/li>\n<\/ul>\n<p style=\"text-align: justify;\"><span style=\"color: #000000;\"><strong>Guayaquil, septiembre del 2025<\/strong>. Guayaquil se convirti\u00f3 en el epicentro de la discusi\u00f3n cient\u00edfica y m\u00e9dica en torno a la enfermedad renal cr\u00f3nica (ERC) en el marco del Congreso de la Sociedad Latinoamericana de Nefrolog\u00eda e Hipertensi\u00f3n (SLANH).<\/span><\/p>\n<p style=\"text-align: justify;\"><span style=\"color: #000000;\">Durante varios d\u00edas, especialistas de toda la regi\u00f3n compartieron investigaciones, experiencias cl\u00ednicas y nuevas perspectivas sobre el abordaje de patolog\u00edas renales y cardiovasculares. El encuentro puso de manifiesto la creciente necesidad de trabajar en red para dar respuesta a una condici\u00f3n que ha sido catalogada como una epidemia oculta, con alto impacto en los sistemas de salud de Am\u00e9rica Latina y el Caribe.<\/span><\/p>\n<p style=\"text-align: justify;\"><span style=\"color: #000000;\">El Congreso SLANH en Guayaquil no solo permiti\u00f3 actualizar conocimientos sobre tratamientos farmacol\u00f3gicos y estrategias de prevenci\u00f3n, sino tambi\u00e9n visibilizar la realidad de los pacientes de la regi\u00f3n, quienes enfrentan m\u00faltiples barreras de acceso a terapias avanzadas y servicios de atenci\u00f3n integral. Con la participaci\u00f3n de investigadores internacionales y locales, el Congreso se consolid\u00f3 como una plataforma para debatir soluciones basadas en evidencia cient\u00edfica y fomentar la cooperaci\u00f3n regional en la lucha contra la ERC.<\/span><\/p>\n<p style=\"text-align: justify;\"><span style=\"color: #000000;\">En este marco, Boehringer Ingelheim junto con el Dr. Jonathan Ch\u00e1vez, miembro activo de la Sociedad Internacional de Nefrolog\u00eda, abord\u00f3 la situaci\u00f3n de dichas patolog\u00edas en la regi\u00f3n. Seg\u00fan el experto, la enfermedad renal cr\u00f3nica ha dejado de ser un problema aislado para convertirse en un desaf\u00edo regional que demanda respuestas urgentes.<\/span><\/p>\n<p style=\"text-align: justify;\"><span style=\"color: #000000;\">El especialista explic\u00f3 que la prevalencia de la ERC en la regi\u00f3n y el pa\u00eds ha crecido sostenidamente, impulsada en gran parte por el aumento de casos de diabetes tipo 2 y de hipertensi\u00f3n arterial, principales detonantes de la patolog\u00eda. Esta situaci\u00f3n repercute directamente en la capacidad hospitalaria, con un notable incremento de hospitalizaciones y una presi\u00f3n cada vez mayor sobre la infraestructura de di\u00e1lisis y trasplantes.<\/span><\/p>\n<p style=\"text-align: justify;\"><span style=\"color: #000000;\">Adem\u00e1s, destaca que, \u201c<em>cada vez m\u00e1s familias enfrentan altos costos de tratamiento, y el sistema de salud p\u00fablica se ve obligado a destinar una proporci\u00f3n considerable de sus recursos a cubrir terapias de alta complejidad\u201d<\/em>. Advirti\u00f3 que el pa\u00eds necesita fortalecer la prevenci\u00f3n y el diagn\u00f3stico temprano, pues muchos pacientes llegan a consulta en estadios avanzados de la enfermedad, lo que reduce masivamente sus posibilidades de mejorar la calidad de vida.<\/span><\/p>\n<p style=\"text-align: justify;\"><span style=\"color: #000000;\">Como parte del Congreso, el Dr. Ch\u00e1vez present\u00f3 los resultados del estudio EMPA-KIDNEY, uno de los ensayos cl\u00ednicos m\u00e1s grandes realizados hasta la fecha en pacientes con ERC. Con m\u00e1s de 6.600 participantes en ocho pa\u00edses, el estudio evalu\u00f3 el efecto de la <em>empagliflozina<\/em> \u2014 un medicamento que ayuda a los ri\u00f1ones a eliminar el exceso de az\u00facar \u2014 en la progresi\u00f3n de la enfermedad y en la mortalidad cardiovascular.<\/span><\/p>\n<p style=\"text-align: justify;\"><span style=\"color: #000000;\">Los hallazgos demostraron que la <em>empagliflozina<\/em> logr\u00f3 reducir en un 28% el riesgo relativo de progresi\u00f3n de la enfermedad renal o de muerte cardiovascular, y adem\u00e1s mostr\u00f3 una disminuci\u00f3n del 14% en hospitalizaciones por todas las causas. Estos resultados son especialmente relevantes porque el beneficio se observa tanto en pacientes con diabetes como en aquellos sin esta condici\u00f3n, y en un amplio rango de funci\u00f3n renal, incluyendo a personas con niveles bajos de proteinuria, un grupo hist\u00f3ricamente subrepresentado en otros ensayos.<\/span><\/p>\n<p style=\"text-align: justify;\"><span style=\"color: #000000;\">El Congreso SLANH en Guayaquil marc\u00f3 un momento clave para la nefrolog\u00eda en la regi\u00f3n, reflejando no solo un an\u00e1lisis riguroso de la realidad ecuatoriana, sino tambi\u00e9n un llamado a la acci\u00f3n para fortalecer las pol\u00edticas de prevenci\u00f3n, diagn\u00f3stico y tratamiento de la ERC.<\/span><\/p>\n<p><img decoding=\"async\" class=\"aligncenter size-full wp-image-136586\" src=\"https:\/\/www.quebakan.com\/v15\/wp-content\/uploads\/2025\/10\/02-2402_Boehringer_Healthcare_Patient_DoctorsOfficeTreatmentPlan_RGB.jpg\" alt=\"\" width=\"700\" height=\"466\" \/><\/p>\n","protected":false},"excerpt":{"rendered":"<p>La enfermedad renal cr\u00f3nica (ERC) afecta a 1 de cada 10 adultos Guayaquil, septiembre del 2025. Guayaquil se convirti\u00f3 en el epicentro de la discusi\u00f3n cient\u00edfica y m\u00e9dica en torno a la enfermedad renal cr\u00f3nica (ERC) en el marco del Congreso de la Sociedad Latinoamericana de Nefrolog\u00eda e Hipertensi\u00f3n (SLANH). Durante varios d\u00edas, especialistas de [&hellip;]<\/p>\n","protected":false},"author":4,"featured_media":136585,"comment_status":"closed","ping_status":"closed","sticky":false,"template":"","format":"standard","meta":{"_bbp_topic_count":0,"_bbp_reply_count":0,"_bbp_total_topic_count":0,"_bbp_total_reply_count":0,"_bbp_voice_count":0,"_bbp_anonymous_reply_count":0,"_bbp_topic_count_hidden":0,"_bbp_reply_count_hidden":0,"_bbp_forum_subforum_count":0,"buzzeditor_post_format":"","footnotes":""},"categories":[2],"tags":[],"class_list":["post-136584","post","type-post","status-publish","format-standard","has-post-thumbnail","hentry","category-noticias"],"yoast_head":"<!-- This site is optimized with the Yoast SEO plugin v27.5 - https:\/\/yoast.com\/product\/yoast-seo-wordpress\/ -->\n<title>El Congreso SLANH en Guayaquil abord\u00f3 los grandes retos de la nefrolog\u00eda en Am\u00e9rica Latina &#8211; QUEBAKAN.COM 2026: Noticias, Eventos, Conciertos y mucho m\u00e1s....<\/title>\n<meta name=\"robots\" content=\"index, follow, max-snippet:-1, max-image-preview:large, max-video-preview:-1\" \/>\n<link rel=\"canonical\" href=\"https:\/\/www.quebakan.com\/v15\/el-congreso-slanh-en-guayaquil-abordo-los-grandes-retos-de-la-nefrologia-en-america-latina\/\" \/>\n<meta property=\"og:locale\" content=\"es_ES\" \/>\n<meta property=\"og:type\" content=\"article\" \/>\n<meta property=\"og:title\" content=\"El Congreso SLANH en Guayaquil abord\u00f3 los grandes retos de la nefrolog\u00eda en Am\u00e9rica Latina &#8211; QUEBAKAN.COM 2026: Noticias, Eventos, Conciertos y mucho m\u00e1s....\" \/>\n<meta property=\"og:description\" content=\"La enfermedad renal cr\u00f3nica (ERC) afecta a 1 de cada 10 adultos Guayaquil, septiembre del 2025. Guayaquil se convirti\u00f3 en el epicentro de la discusi\u00f3n cient\u00edfica y m\u00e9dica en torno a la enfermedad renal cr\u00f3nica (ERC) en el marco del Congreso de la Sociedad Latinoamericana de Nefrolog\u00eda e Hipertensi\u00f3n (SLANH). Durante varios d\u00edas, especialistas de [&hellip;]\" \/>\n<meta property=\"og:url\" content=\"https:\/\/www.quebakan.com\/v15\/el-congreso-slanh-en-guayaquil-abordo-los-grandes-retos-de-la-nefrologia-en-america-latina\/\" \/>\n<meta property=\"og:site_name\" content=\"QUEBAKAN.COM 2026: Noticias, Eventos, Conciertos y mucho m\u00e1s....\" \/>\n<meta property=\"article:publisher\" content=\"http:\/\/www.facebook.com\/quebakan\" \/>\n<meta property=\"article:published_time\" content=\"2025-10-22T22:34:34+00:00\" \/>\n<meta property=\"og:image\" content=\"https:\/\/www.quebakan.com\/v15\/wp-content\/uploads\/2025\/10\/Boehringer_Healthcare_HCP_MeetingwithSales-01_RGB_002.jpg\" \/>\n\t<meta property=\"og:image:width\" content=\"700\" \/>\n\t<meta property=\"og:image:height\" content=\"466\" \/>\n\t<meta property=\"og:image:type\" content=\"image\/jpeg\" \/>\n<meta name=\"author\" content=\"Erick Villafuerte\" \/>\n<meta name=\"twitter:card\" content=\"summary_large_image\" \/>\n<meta name=\"twitter:creator\" content=\"@quebakanec\" \/>\n<meta name=\"twitter:site\" content=\"@quebakanec\" \/>\n<meta name=\"twitter:label1\" content=\"Escrito por\" \/>\n\t<meta name=\"twitter:data1\" content=\"Erick Villafuerte\" \/>\n\t<meta name=\"twitter:label2\" content=\"Tiempo de lectura\" \/>\n\t<meta name=\"twitter:data2\" content=\"4 minutos\" \/>\n<script type=\"application\/ld+json\" class=\"yoast-schema-graph\">{\"@context\":\"https:\\\/\\\/schema.org\",\"@graph\":[{\"@type\":\"Article\",\"@id\":\"https:\\\/\\\/www.quebakan.com\\\/v15\\\/el-congreso-slanh-en-guayaquil-abordo-los-grandes-retos-de-la-nefrologia-en-america-latina\\\/#article\",\"isPartOf\":{\"@id\":\"https:\\\/\\\/www.quebakan.com\\\/v15\\\/el-congreso-slanh-en-guayaquil-abordo-los-grandes-retos-de-la-nefrologia-en-america-latina\\\/\"},\"author\":{\"name\":\"Erick Villafuerte\",\"@id\":\"https:\\\/\\\/www.quebakan.com\\\/v15\\\/#\\\/schema\\\/person\\\/d90fa9f9cfa81eb8ace9811e5b7b9118\"},\"headline\":\"El Congreso SLANH en Guayaquil abord\u00f3 los grandes retos de la nefrolog\u00eda en Am\u00e9rica Latina\",\"datePublished\":\"2025-10-22T22:34:34+00:00\",\"mainEntityOfPage\":{\"@id\":\"https:\\\/\\\/www.quebakan.com\\\/v15\\\/el-congreso-slanh-en-guayaquil-abordo-los-grandes-retos-de-la-nefrologia-en-america-latina\\\/\"},\"wordCount\":647,\"publisher\":{\"@id\":\"https:\\\/\\\/www.quebakan.com\\\/v15\\\/#organization\"},\"image\":{\"@id\":\"https:\\\/\\\/www.quebakan.com\\\/v15\\\/el-congreso-slanh-en-guayaquil-abordo-los-grandes-retos-de-la-nefrologia-en-america-latina\\\/#primaryimage\"},\"thumbnailUrl\":\"https:\\\/\\\/www.quebakan.com\\\/v15\\\/wp-content\\\/uploads\\\/2025\\\/10\\\/Boehringer_Healthcare_HCP_MeetingwithSales-01_RGB_002.jpg\",\"articleSection\":[\"Noticias\"],\"inLanguage\":\"es\"},{\"@type\":\"WebPage\",\"@id\":\"https:\\\/\\\/www.quebakan.com\\\/v15\\\/el-congreso-slanh-en-guayaquil-abordo-los-grandes-retos-de-la-nefrologia-en-america-latina\\\/\",\"url\":\"https:\\\/\\\/www.quebakan.com\\\/v15\\\/el-congreso-slanh-en-guayaquil-abordo-los-grandes-retos-de-la-nefrologia-en-america-latina\\\/\",\"name\":\"El Congreso SLANH en Guayaquil abord\u00f3 los grandes retos de la nefrolog\u00eda en Am\u00e9rica Latina &#8211; QUEBAKAN.COM 2026: Noticias, Eventos, Conciertos y mucho m\u00e1s....\",\"isPartOf\":{\"@id\":\"https:\\\/\\\/www.quebakan.com\\\/v15\\\/#website\"},\"primaryImageOfPage\":{\"@id\":\"https:\\\/\\\/www.quebakan.com\\\/v15\\\/el-congreso-slanh-en-guayaquil-abordo-los-grandes-retos-de-la-nefrologia-en-america-latina\\\/#primaryimage\"},\"image\":{\"@id\":\"https:\\\/\\\/www.quebakan.com\\\/v15\\\/el-congreso-slanh-en-guayaquil-abordo-los-grandes-retos-de-la-nefrologia-en-america-latina\\\/#primaryimage\"},\"thumbnailUrl\":\"https:\\\/\\\/www.quebakan.com\\\/v15\\\/wp-content\\\/uploads\\\/2025\\\/10\\\/Boehringer_Healthcare_HCP_MeetingwithSales-01_RGB_002.jpg\",\"datePublished\":\"2025-10-22T22:34:34+00:00\",\"breadcrumb\":{\"@id\":\"https:\\\/\\\/www.quebakan.com\\\/v15\\\/el-congreso-slanh-en-guayaquil-abordo-los-grandes-retos-de-la-nefrologia-en-america-latina\\\/#breadcrumb\"},\"inLanguage\":\"es\",\"potentialAction\":[{\"@type\":\"ReadAction\",\"target\":[\"https:\\\/\\\/www.quebakan.com\\\/v15\\\/el-congreso-slanh-en-guayaquil-abordo-los-grandes-retos-de-la-nefrologia-en-america-latina\\\/\"]}]},{\"@type\":\"ImageObject\",\"inLanguage\":\"es\",\"@id\":\"https:\\\/\\\/www.quebakan.com\\\/v15\\\/el-congreso-slanh-en-guayaquil-abordo-los-grandes-retos-de-la-nefrologia-en-america-latina\\\/#primaryimage\",\"url\":\"https:\\\/\\\/www.quebakan.com\\\/v15\\\/wp-content\\\/uploads\\\/2025\\\/10\\\/Boehringer_Healthcare_HCP_MeetingwithSales-01_RGB_002.jpg\",\"contentUrl\":\"https:\\\/\\\/www.quebakan.com\\\/v15\\\/wp-content\\\/uploads\\\/2025\\\/10\\\/Boehringer_Healthcare_HCP_MeetingwithSales-01_RGB_002.jpg\",\"width\":700,\"height\":466},{\"@type\":\"BreadcrumbList\",\"@id\":\"https:\\\/\\\/www.quebakan.com\\\/v15\\\/el-congreso-slanh-en-guayaquil-abordo-los-grandes-retos-de-la-nefrologia-en-america-latina\\\/#breadcrumb\",\"itemListElement\":[{\"@type\":\"ListItem\",\"position\":1,\"name\":\"Portada\",\"item\":\"https:\\\/\\\/www.quebakan.com\\\/v15\\\/\"},{\"@type\":\"ListItem\",\"position\":2,\"name\":\"El Congreso SLANH en Guayaquil abord\u00f3 los grandes retos de la nefrolog\u00eda en Am\u00e9rica Latina\"}]},{\"@type\":\"WebSite\",\"@id\":\"https:\\\/\\\/www.quebakan.com\\\/v15\\\/#website\",\"url\":\"https:\\\/\\\/www.quebakan.com\\\/v15\\\/\",\"name\":\"QUEBAKAN\",\"description\":\"..\",\"publisher\":{\"@id\":\"https:\\\/\\\/www.quebakan.com\\\/v15\\\/#organization\"},\"potentialAction\":[{\"@type\":\"SearchAction\",\"target\":{\"@type\":\"EntryPoint\",\"urlTemplate\":\"https:\\\/\\\/www.quebakan.com\\\/v15\\\/?s={search_term_string}\"},\"query-input\":{\"@type\":\"PropertyValueSpecification\",\"valueRequired\":true,\"valueName\":\"search_term_string\"}}],\"inLanguage\":\"es\"},{\"@type\":\"Organization\",\"@id\":\"https:\\\/\\\/www.quebakan.com\\\/v15\\\/#organization\",\"name\":\"Quebakan.com\",\"url\":\"https:\\\/\\\/www.quebakan.com\\\/v15\\\/\",\"logo\":{\"@type\":\"ImageObject\",\"inLanguage\":\"es\",\"@id\":\"https:\\\/\\\/www.quebakan.com\\\/v15\\\/#\\\/schema\\\/logo\\\/image\\\/\",\"url\":\"https:\\\/\\\/www.quebakan.com\\\/v15\\\/wp-content\\\/uploads\\\/2023\\\/07\\\/logoquebakanenero2021.jpg\",\"contentUrl\":\"https:\\\/\\\/www.quebakan.com\\\/v15\\\/wp-content\\\/uploads\\\/2023\\\/07\\\/logoquebakanenero2021.jpg\",\"width\":1920,\"height\":1080,\"caption\":\"Quebakan.com\"},\"image\":{\"@id\":\"https:\\\/\\\/www.quebakan.com\\\/v15\\\/#\\\/schema\\\/logo\\\/image\\\/\"},\"sameAs\":[\"http:\\\/\\\/www.facebook.com\\\/quebakan\",\"https:\\\/\\\/x.com\\\/quebakanec\",\"http:\\\/\\\/www.instagram.com\\\/quebakan\",\"http:\\\/\\\/www.youtube.com\\\/quebakan1\"]},{\"@type\":\"Person\",\"@id\":\"https:\\\/\\\/www.quebakan.com\\\/v15\\\/#\\\/schema\\\/person\\\/d90fa9f9cfa81eb8ace9811e5b7b9118\",\"name\":\"Erick Villafuerte\",\"image\":{\"@type\":\"ImageObject\",\"inLanguage\":\"es\",\"@id\":\"https:\\\/\\\/www.quebakan.com\\\/v15\\\/wp-content\\\/uploads\\\/avatars\\\/4\\\/1731297654-bpfull.png\",\"url\":\"https:\\\/\\\/www.quebakan.com\\\/v15\\\/wp-content\\\/uploads\\\/avatars\\\/4\\\/1731297654-bpfull.png\",\"contentUrl\":\"https:\\\/\\\/www.quebakan.com\\\/v15\\\/wp-content\\\/uploads\\\/avatars\\\/4\\\/1731297654-bpfull.png\",\"caption\":\"Erick Villafuerte\"}}]}<\/script>\n<!-- \/ Yoast SEO plugin. -->","yoast_head_json":{"title":"El Congreso SLANH en Guayaquil abord\u00f3 los grandes retos de la nefrolog\u00eda en Am\u00e9rica Latina &#8211; QUEBAKAN.COM 2026: Noticias, Eventos, Conciertos y mucho m\u00e1s....","robots":{"index":"index","follow":"follow","max-snippet":"max-snippet:-1","max-image-preview":"max-image-preview:large","max-video-preview":"max-video-preview:-1"},"canonical":"https:\/\/www.quebakan.com\/v15\/el-congreso-slanh-en-guayaquil-abordo-los-grandes-retos-de-la-nefrologia-en-america-latina\/","og_locale":"es_ES","og_type":"article","og_title":"El Congreso SLANH en Guayaquil abord\u00f3 los grandes retos de la nefrolog\u00eda en Am\u00e9rica Latina &#8211; QUEBAKAN.COM 2026: Noticias, Eventos, Conciertos y mucho m\u00e1s....","og_description":"La enfermedad renal cr\u00f3nica (ERC) afecta a 1 de cada 10 adultos Guayaquil, septiembre del 2025. Guayaquil se convirti\u00f3 en el epicentro de la discusi\u00f3n cient\u00edfica y m\u00e9dica en torno a la enfermedad renal cr\u00f3nica (ERC) en el marco del Congreso de la Sociedad Latinoamericana de Nefrolog\u00eda e Hipertensi\u00f3n (SLANH). Durante varios d\u00edas, especialistas de [&hellip;]","og_url":"https:\/\/www.quebakan.com\/v15\/el-congreso-slanh-en-guayaquil-abordo-los-grandes-retos-de-la-nefrologia-en-america-latina\/","og_site_name":"QUEBAKAN.COM 2026: Noticias, Eventos, Conciertos y mucho m\u00e1s....","article_publisher":"http:\/\/www.facebook.com\/quebakan","article_published_time":"2025-10-22T22:34:34+00:00","og_image":[{"width":700,"height":466,"url":"https:\/\/www.quebakan.com\/v15\/wp-content\/uploads\/2025\/10\/Boehringer_Healthcare_HCP_MeetingwithSales-01_RGB_002.jpg","type":"image\/jpeg"}],"author":"Erick Villafuerte","twitter_card":"summary_large_image","twitter_creator":"@quebakanec","twitter_site":"@quebakanec","twitter_misc":{"Escrito por":"Erick Villafuerte","Tiempo de lectura":"4 minutos"},"schema":{"@context":"https:\/\/schema.org","@graph":[{"@type":"Article","@id":"https:\/\/www.quebakan.com\/v15\/el-congreso-slanh-en-guayaquil-abordo-los-grandes-retos-de-la-nefrologia-en-america-latina\/#article","isPartOf":{"@id":"https:\/\/www.quebakan.com\/v15\/el-congreso-slanh-en-guayaquil-abordo-los-grandes-retos-de-la-nefrologia-en-america-latina\/"},"author":{"name":"Erick Villafuerte","@id":"https:\/\/www.quebakan.com\/v15\/#\/schema\/person\/d90fa9f9cfa81eb8ace9811e5b7b9118"},"headline":"El Congreso SLANH en Guayaquil abord\u00f3 los grandes retos de la nefrolog\u00eda en Am\u00e9rica Latina","datePublished":"2025-10-22T22:34:34+00:00","mainEntityOfPage":{"@id":"https:\/\/www.quebakan.com\/v15\/el-congreso-slanh-en-guayaquil-abordo-los-grandes-retos-de-la-nefrologia-en-america-latina\/"},"wordCount":647,"publisher":{"@id":"https:\/\/www.quebakan.com\/v15\/#organization"},"image":{"@id":"https:\/\/www.quebakan.com\/v15\/el-congreso-slanh-en-guayaquil-abordo-los-grandes-retos-de-la-nefrologia-en-america-latina\/#primaryimage"},"thumbnailUrl":"https:\/\/www.quebakan.com\/v15\/wp-content\/uploads\/2025\/10\/Boehringer_Healthcare_HCP_MeetingwithSales-01_RGB_002.jpg","articleSection":["Noticias"],"inLanguage":"es"},{"@type":"WebPage","@id":"https:\/\/www.quebakan.com\/v15\/el-congreso-slanh-en-guayaquil-abordo-los-grandes-retos-de-la-nefrologia-en-america-latina\/","url":"https:\/\/www.quebakan.com\/v15\/el-congreso-slanh-en-guayaquil-abordo-los-grandes-retos-de-la-nefrologia-en-america-latina\/","name":"El Congreso SLANH en Guayaquil abord\u00f3 los grandes retos de la nefrolog\u00eda en Am\u00e9rica Latina &#8211; QUEBAKAN.COM 2026: Noticias, Eventos, Conciertos y mucho m\u00e1s....","isPartOf":{"@id":"https:\/\/www.quebakan.com\/v15\/#website"},"primaryImageOfPage":{"@id":"https:\/\/www.quebakan.com\/v15\/el-congreso-slanh-en-guayaquil-abordo-los-grandes-retos-de-la-nefrologia-en-america-latina\/#primaryimage"},"image":{"@id":"https:\/\/www.quebakan.com\/v15\/el-congreso-slanh-en-guayaquil-abordo-los-grandes-retos-de-la-nefrologia-en-america-latina\/#primaryimage"},"thumbnailUrl":"https:\/\/www.quebakan.com\/v15\/wp-content\/uploads\/2025\/10\/Boehringer_Healthcare_HCP_MeetingwithSales-01_RGB_002.jpg","datePublished":"2025-10-22T22:34:34+00:00","breadcrumb":{"@id":"https:\/\/www.quebakan.com\/v15\/el-congreso-slanh-en-guayaquil-abordo-los-grandes-retos-de-la-nefrologia-en-america-latina\/#breadcrumb"},"inLanguage":"es","potentialAction":[{"@type":"ReadAction","target":["https:\/\/www.quebakan.com\/v15\/el-congreso-slanh-en-guayaquil-abordo-los-grandes-retos-de-la-nefrologia-en-america-latina\/"]}]},{"@type":"ImageObject","inLanguage":"es","@id":"https:\/\/www.quebakan.com\/v15\/el-congreso-slanh-en-guayaquil-abordo-los-grandes-retos-de-la-nefrologia-en-america-latina\/#primaryimage","url":"https:\/\/www.quebakan.com\/v15\/wp-content\/uploads\/2025\/10\/Boehringer_Healthcare_HCP_MeetingwithSales-01_RGB_002.jpg","contentUrl":"https:\/\/www.quebakan.com\/v15\/wp-content\/uploads\/2025\/10\/Boehringer_Healthcare_HCP_MeetingwithSales-01_RGB_002.jpg","width":700,"height":466},{"@type":"BreadcrumbList","@id":"https:\/\/www.quebakan.com\/v15\/el-congreso-slanh-en-guayaquil-abordo-los-grandes-retos-de-la-nefrologia-en-america-latina\/#breadcrumb","itemListElement":[{"@type":"ListItem","position":1,"name":"Portada","item":"https:\/\/www.quebakan.com\/v15\/"},{"@type":"ListItem","position":2,"name":"El Congreso SLANH en Guayaquil abord\u00f3 los grandes retos de la nefrolog\u00eda en Am\u00e9rica Latina"}]},{"@type":"WebSite","@id":"https:\/\/www.quebakan.com\/v15\/#website","url":"https:\/\/www.quebakan.com\/v15\/","name":"QUEBAKAN","description":"..","publisher":{"@id":"https:\/\/www.quebakan.com\/v15\/#organization"},"potentialAction":[{"@type":"SearchAction","target":{"@type":"EntryPoint","urlTemplate":"https:\/\/www.quebakan.com\/v15\/?s={search_term_string}"},"query-input":{"@type":"PropertyValueSpecification","valueRequired":true,"valueName":"search_term_string"}}],"inLanguage":"es"},{"@type":"Organization","@id":"https:\/\/www.quebakan.com\/v15\/#organization","name":"Quebakan.com","url":"https:\/\/www.quebakan.com\/v15\/","logo":{"@type":"ImageObject","inLanguage":"es","@id":"https:\/\/www.quebakan.com\/v15\/#\/schema\/logo\/image\/","url":"https:\/\/www.quebakan.com\/v15\/wp-content\/uploads\/2023\/07\/logoquebakanenero2021.jpg","contentUrl":"https:\/\/www.quebakan.com\/v15\/wp-content\/uploads\/2023\/07\/logoquebakanenero2021.jpg","width":1920,"height":1080,"caption":"Quebakan.com"},"image":{"@id":"https:\/\/www.quebakan.com\/v15\/#\/schema\/logo\/image\/"},"sameAs":["http:\/\/www.facebook.com\/quebakan","https:\/\/x.com\/quebakanec","http:\/\/www.instagram.com\/quebakan","http:\/\/www.youtube.com\/quebakan1"]},{"@type":"Person","@id":"https:\/\/www.quebakan.com\/v15\/#\/schema\/person\/d90fa9f9cfa81eb8ace9811e5b7b9118","name":"Erick Villafuerte","image":{"@type":"ImageObject","inLanguage":"es","@id":"https:\/\/www.quebakan.com\/v15\/wp-content\/uploads\/avatars\/4\/1731297654-bpfull.png","url":"https:\/\/www.quebakan.com\/v15\/wp-content\/uploads\/avatars\/4\/1731297654-bpfull.png","contentUrl":"https:\/\/www.quebakan.com\/v15\/wp-content\/uploads\/avatars\/4\/1731297654-bpfull.png","caption":"Erick Villafuerte"}}]}},"_links":{"self":[{"href":"https:\/\/www.quebakan.com\/v15\/wp-json\/wp\/v2\/posts\/136584","targetHints":{"allow":["GET"]}}],"collection":[{"href":"https:\/\/www.quebakan.com\/v15\/wp-json\/wp\/v2\/posts"}],"about":[{"href":"https:\/\/www.quebakan.com\/v15\/wp-json\/wp\/v2\/types\/post"}],"author":[{"embeddable":true,"href":"https:\/\/www.quebakan.com\/v15\/wp-json\/wp\/v2\/users\/4"}],"replies":[{"embeddable":true,"href":"https:\/\/www.quebakan.com\/v15\/wp-json\/wp\/v2\/comments?post=136584"}],"version-history":[{"count":1,"href":"https:\/\/www.quebakan.com\/v15\/wp-json\/wp\/v2\/posts\/136584\/revisions"}],"predecessor-version":[{"id":136587,"href":"https:\/\/www.quebakan.com\/v15\/wp-json\/wp\/v2\/posts\/136584\/revisions\/136587"}],"wp:featuredmedia":[{"embeddable":true,"href":"https:\/\/www.quebakan.com\/v15\/wp-json\/wp\/v2\/media\/136585"}],"wp:attachment":[{"href":"https:\/\/www.quebakan.com\/v15\/wp-json\/wp\/v2\/media?parent=136584"}],"wp:term":[{"taxonomy":"category","embeddable":true,"href":"https:\/\/www.quebakan.com\/v15\/wp-json\/wp\/v2\/categories?post=136584"},{"taxonomy":"post_tag","embeddable":true,"href":"https:\/\/www.quebakan.com\/v15\/wp-json\/wp\/v2\/tags?post=136584"}],"curies":[{"name":"wp","href":"https:\/\/api.w.org\/{rel}","templated":true}]}}