{"id":136594,"date":"2025-10-22T17:55:54","date_gmt":"2025-10-22T22:55:54","guid":{"rendered":"https:\/\/www.quebakan.com\/v15\/?p=136594"},"modified":"2025-10-22T17:55:54","modified_gmt":"2025-10-22T22:55:54","slug":"banco-internacional-impulsa-el-crecimiento-y-la-competitividad-de-las-pymes-en-ecuador","status":"publish","type":"post","link":"https:\/\/www.quebakan.com\/v15\/banco-internacional-impulsa-el-crecimiento-y-la-competitividad-de-las-pymes-en-ecuador\/","title":{"rendered":"Banco Internacional impulsa el crecimiento y la competitividad de las Pymes en Ecuador"},"content":{"rendered":"<p><img fetchpriority=\"high\" decoding=\"async\" class=\"aligncenter size-full wp-image-136595\" src=\"https:\/\/www.quebakan.com\/v15\/wp-content\/uploads\/2025\/10\/PYMES_BI.jpg\" alt=\"\" width=\"700\" height=\"466\" \/><\/p>\n<p style=\"text-align: justify;\"><span style=\"color: #000000;\"><strong>Quito, octubre de 2025. &#8211;<\/strong> Comprometido con el desarrollo sostenible del pa\u00eds, Banco Internacional presenta un portafolio integral de servicios financieros empresariales dise\u00f1ados para atender las necesidades de las peque\u00f1as y medianas empresas (Pymes), sector clave para la econom\u00eda nacional. \u00a0<\/span><\/p>\n<p style=\"text-align: justify;\"><span style=\"color: #000000;\">Conscientes del rol fundamental que desempe\u00f1an estas empresas en la econom\u00eda y de la transformaci\u00f3n digital que se vive actualmente, Banco Internacional fortalece su oferta de servicios financieros, dirigida a las PYMES, entre lo que se destaca:<\/span><\/p>\n<ol style=\"text-align: justify;\">\n<li><span style=\"color: #000000;\">Cuenta Empresas: apertura 100% en l\u00ednea para el manejo de fondos de manera \u00e1gil y segura.<\/span><\/li>\n<li><span style=\"color: #000000;\">Cr\u00e9dito Comercial: financiamiento para Capital de Trabajo e Inversi\u00f3n.<\/span><\/li>\n<li><span style=\"color: #000000;\">Tarjeta de Cr\u00e9dito Empresarial: acceso inmediato a liquidez, a trav\u00e9s de capital de trabajo.<\/span><\/li>\n<li><span style=\"color: #000000;\">Recepci\u00f3n de pagos con Tarjeta de Cr\u00e9dito\/D\u00e9bito: transacciones electr\u00f3nicas seguras que ofrecen la posibilidad de vender 24\/7, sin depender de una tienda f\u00edsica.<\/span><\/li>\n<li><span style=\"color: #000000;\">Confirming: anticipo del pago de facturas a proveedores, para optimizar la liquidez de la empresa.<\/span><\/li>\n<\/ol>\n<p style=\"text-align: justify;\"><span style=\"color: #000000;\">Asimismo, se mantiene a la vanguardia tecnol\u00f3gica y proporciona una agradable experiencia al cliente, al poner a disposici\u00f3n canales digitales para manejo de las finanzas empresariales desde cualquier lugar, con la Banca Online Empresas y Banca M\u00f3vil Empresas. Para m\u00e1s informaci\u00f3n visita <a style=\"color: #000000;\" href=\"https:\/\/www.bancointernacional.com.ec\/pymes\">https:\/\/www.bancointernacional.com.ec\/pymes<\/a>.<\/span><\/p>\n<p style=\"text-align: justify;\"><span style=\"color: #000000;\">Con estas acciones, Banco Internacional fortalece su compromiso de ser un aliado estrat\u00e9gico para el sector productivo, impulsando la competitividad, el desarrollo sostenible y la innovaci\u00f3n digital.<\/span><\/p>\n","protected":false},"excerpt":{"rendered":"<p>Quito, octubre de 2025. &#8211; Comprometido con el desarrollo sostenible del pa\u00eds, Banco Internacional presenta un portafolio integral de servicios financieros empresariales dise\u00f1ados para atender las necesidades de las peque\u00f1as y medianas empresas (Pymes), sector clave para la econom\u00eda nacional. \u00a0 Conscientes del rol fundamental que desempe\u00f1an estas empresas en la econom\u00eda y de la [&hellip;]<\/p>\n","protected":false},"author":4,"featured_media":136595,"comment_status":"closed","ping_status":"closed","sticky":false,"template":"","format":"standard","meta":{"_bbp_topic_count":0,"_bbp_reply_count":0,"_bbp_total_topic_count":0,"_bbp_total_reply_count":0,"_bbp_voice_count":0,"_bbp_anonymous_reply_count":0,"_bbp_topic_count_hidden":0,"_bbp_reply_count_hidden":0,"_bbp_forum_subforum_count":0,"buzzeditor_post_format":"","footnotes":""},"categories":[2],"tags":[],"class_list":["post-136594","post","type-post","status-publish","format-standard","has-post-thumbnail","hentry","category-noticias"],"yoast_head":"<!-- This site is optimized with the Yoast SEO plugin v27.5 - https:\/\/yoast.com\/product\/yoast-seo-wordpress\/ -->\n<title>Banco Internacional impulsa el crecimiento y la competitividad de las Pymes en Ecuador &#8211; QUEBAKAN.COM 2026: Noticias, Eventos, Conciertos y mucho m\u00e1s....<\/title>\n<meta name=\"robots\" content=\"index, follow, max-snippet:-1, max-image-preview:large, max-video-preview:-1\" \/>\n<link rel=\"canonical\" href=\"https:\/\/www.quebakan.com\/v15\/banco-internacional-impulsa-el-crecimiento-y-la-competitividad-de-las-pymes-en-ecuador\/\" \/>\n<meta property=\"og:locale\" content=\"es_ES\" \/>\n<meta property=\"og:type\" content=\"article\" \/>\n<meta property=\"og:title\" content=\"Banco Internacional impulsa el crecimiento y la competitividad de las Pymes en Ecuador &#8211; QUEBAKAN.COM 2026: Noticias, Eventos, Conciertos y mucho m\u00e1s....\" \/>\n<meta property=\"og:description\" content=\"Quito, octubre de 2025. &#8211; Comprometido con el desarrollo sostenible del pa\u00eds, Banco Internacional presenta un portafolio integral de servicios financieros empresariales dise\u00f1ados para atender las necesidades de las peque\u00f1as y medianas empresas (Pymes), sector clave para la econom\u00eda nacional. \u00a0 Conscientes del rol fundamental que desempe\u00f1an estas empresas en la econom\u00eda y de la [&hellip;]\" \/>\n<meta property=\"og:url\" content=\"https:\/\/www.quebakan.com\/v15\/banco-internacional-impulsa-el-crecimiento-y-la-competitividad-de-las-pymes-en-ecuador\/\" \/>\n<meta property=\"og:site_name\" content=\"QUEBAKAN.COM 2026: Noticias, Eventos, Conciertos y mucho m\u00e1s....\" \/>\n<meta property=\"article:publisher\" content=\"http:\/\/www.facebook.com\/quebakan\" \/>\n<meta property=\"article:published_time\" content=\"2025-10-22T22:55:54+00:00\" \/>\n<meta property=\"og:image\" content=\"https:\/\/www.quebakan.com\/v15\/wp-content\/uploads\/2025\/10\/PYMES_BI.jpg\" \/>\n\t<meta property=\"og:image:width\" content=\"700\" \/>\n\t<meta property=\"og:image:height\" content=\"466\" \/>\n\t<meta property=\"og:image:type\" content=\"image\/jpeg\" \/>\n<meta name=\"author\" content=\"Erick Villafuerte\" \/>\n<meta name=\"twitter:card\" content=\"summary_large_image\" \/>\n<meta name=\"twitter:creator\" content=\"@quebakanec\" \/>\n<meta name=\"twitter:site\" content=\"@quebakanec\" \/>\n<meta name=\"twitter:label1\" content=\"Escrito por\" \/>\n\t<meta name=\"twitter:data1\" content=\"Erick Villafuerte\" \/>\n\t<meta name=\"twitter:label2\" content=\"Tiempo de lectura\" \/>\n\t<meta name=\"twitter:data2\" content=\"2 minutos\" \/>\n<script type=\"application\/ld+json\" class=\"yoast-schema-graph\">{\"@context\":\"https:\\\/\\\/schema.org\",\"@graph\":[{\"@type\":\"Article\",\"@id\":\"https:\\\/\\\/www.quebakan.com\\\/v15\\\/banco-internacional-impulsa-el-crecimiento-y-la-competitividad-de-las-pymes-en-ecuador\\\/#article\",\"isPartOf\":{\"@id\":\"https:\\\/\\\/www.quebakan.com\\\/v15\\\/banco-internacional-impulsa-el-crecimiento-y-la-competitividad-de-las-pymes-en-ecuador\\\/\"},\"author\":{\"name\":\"Erick Villafuerte\",\"@id\":\"https:\\\/\\\/www.quebakan.com\\\/v15\\\/#\\\/schema\\\/person\\\/d90fa9f9cfa81eb8ace9811e5b7b9118\"},\"headline\":\"Banco Internacional impulsa el crecimiento y la competitividad de las Pymes en Ecuador\",\"datePublished\":\"2025-10-22T22:55:54+00:00\",\"mainEntityOfPage\":{\"@id\":\"https:\\\/\\\/www.quebakan.com\\\/v15\\\/banco-internacional-impulsa-el-crecimiento-y-la-competitividad-de-las-pymes-en-ecuador\\\/\"},\"wordCount\":264,\"publisher\":{\"@id\":\"https:\\\/\\\/www.quebakan.com\\\/v15\\\/#organization\"},\"image\":{\"@id\":\"https:\\\/\\\/www.quebakan.com\\\/v15\\\/banco-internacional-impulsa-el-crecimiento-y-la-competitividad-de-las-pymes-en-ecuador\\\/#primaryimage\"},\"thumbnailUrl\":\"https:\\\/\\\/www.quebakan.com\\\/v15\\\/wp-content\\\/uploads\\\/2025\\\/10\\\/PYMES_BI.jpg\",\"articleSection\":[\"Noticias\"],\"inLanguage\":\"es\"},{\"@type\":\"WebPage\",\"@id\":\"https:\\\/\\\/www.quebakan.com\\\/v15\\\/banco-internacional-impulsa-el-crecimiento-y-la-competitividad-de-las-pymes-en-ecuador\\\/\",\"url\":\"https:\\\/\\\/www.quebakan.com\\\/v15\\\/banco-internacional-impulsa-el-crecimiento-y-la-competitividad-de-las-pymes-en-ecuador\\\/\",\"name\":\"Banco Internacional impulsa el crecimiento y la competitividad de las Pymes en Ecuador &#8211; QUEBAKAN.COM 2026: Noticias, Eventos, Conciertos y mucho m\u00e1s....\",\"isPartOf\":{\"@id\":\"https:\\\/\\\/www.quebakan.com\\\/v15\\\/#website\"},\"primaryImageOfPage\":{\"@id\":\"https:\\\/\\\/www.quebakan.com\\\/v15\\\/banco-internacional-impulsa-el-crecimiento-y-la-competitividad-de-las-pymes-en-ecuador\\\/#primaryimage\"},\"image\":{\"@id\":\"https:\\\/\\\/www.quebakan.com\\\/v15\\\/banco-internacional-impulsa-el-crecimiento-y-la-competitividad-de-las-pymes-en-ecuador\\\/#primaryimage\"},\"thumbnailUrl\":\"https:\\\/\\\/www.quebakan.com\\\/v15\\\/wp-content\\\/uploads\\\/2025\\\/10\\\/PYMES_BI.jpg\",\"datePublished\":\"2025-10-22T22:55:54+00:00\",\"breadcrumb\":{\"@id\":\"https:\\\/\\\/www.quebakan.com\\\/v15\\\/banco-internacional-impulsa-el-crecimiento-y-la-competitividad-de-las-pymes-en-ecuador\\\/#breadcrumb\"},\"inLanguage\":\"es\",\"potentialAction\":[{\"@type\":\"ReadAction\",\"target\":[\"https:\\\/\\\/www.quebakan.com\\\/v15\\\/banco-internacional-impulsa-el-crecimiento-y-la-competitividad-de-las-pymes-en-ecuador\\\/\"]}]},{\"@type\":\"ImageObject\",\"inLanguage\":\"es\",\"@id\":\"https:\\\/\\\/www.quebakan.com\\\/v15\\\/banco-internacional-impulsa-el-crecimiento-y-la-competitividad-de-las-pymes-en-ecuador\\\/#primaryimage\",\"url\":\"https:\\\/\\\/www.quebakan.com\\\/v15\\\/wp-content\\\/uploads\\\/2025\\\/10\\\/PYMES_BI.jpg\",\"contentUrl\":\"https:\\\/\\\/www.quebakan.com\\\/v15\\\/wp-content\\\/uploads\\\/2025\\\/10\\\/PYMES_BI.jpg\",\"width\":700,\"height\":466},{\"@type\":\"BreadcrumbList\",\"@id\":\"https:\\\/\\\/www.quebakan.com\\\/v15\\\/banco-internacional-impulsa-el-crecimiento-y-la-competitividad-de-las-pymes-en-ecuador\\\/#breadcrumb\",\"itemListElement\":[{\"@type\":\"ListItem\",\"position\":1,\"name\":\"Portada\",\"item\":\"https:\\\/\\\/www.quebakan.com\\\/v15\\\/\"},{\"@type\":\"ListItem\",\"position\":2,\"name\":\"Banco Internacional impulsa el crecimiento y la competitividad de las Pymes en Ecuador\"}]},{\"@type\":\"WebSite\",\"@id\":\"https:\\\/\\\/www.quebakan.com\\\/v15\\\/#website\",\"url\":\"https:\\\/\\\/www.quebakan.com\\\/v15\\\/\",\"name\":\"QUEBAKAN\",\"description\":\"..\",\"publisher\":{\"@id\":\"https:\\\/\\\/www.quebakan.com\\\/v15\\\/#organization\"},\"potentialAction\":[{\"@type\":\"SearchAction\",\"target\":{\"@type\":\"EntryPoint\",\"urlTemplate\":\"https:\\\/\\\/www.quebakan.com\\\/v15\\\/?s={search_term_string}\"},\"query-input\":{\"@type\":\"PropertyValueSpecification\",\"valueRequired\":true,\"valueName\":\"search_term_string\"}}],\"inLanguage\":\"es\"},{\"@type\":\"Organization\",\"@id\":\"https:\\\/\\\/www.quebakan.com\\\/v15\\\/#organization\",\"name\":\"Quebakan.com\",\"url\":\"https:\\\/\\\/www.quebakan.com\\\/v15\\\/\",\"logo\":{\"@type\":\"ImageObject\",\"inLanguage\":\"es\",\"@id\":\"https:\\\/\\\/www.quebakan.com\\\/v15\\\/#\\\/schema\\\/logo\\\/image\\\/\",\"url\":\"https:\\\/\\\/www.quebakan.com\\\/v15\\\/wp-content\\\/uploads\\\/2023\\\/07\\\/logoquebakanenero2021.jpg\",\"contentUrl\":\"https:\\\/\\\/www.quebakan.com\\\/v15\\\/wp-content\\\/uploads\\\/2023\\\/07\\\/logoquebakanenero2021.jpg\",\"width\":1920,\"height\":1080,\"caption\":\"Quebakan.com\"},\"image\":{\"@id\":\"https:\\\/\\\/www.quebakan.com\\\/v15\\\/#\\\/schema\\\/logo\\\/image\\\/\"},\"sameAs\":[\"http:\\\/\\\/www.facebook.com\\\/quebakan\",\"https:\\\/\\\/x.com\\\/quebakanec\",\"http:\\\/\\\/www.instagram.com\\\/quebakan\",\"http:\\\/\\\/www.youtube.com\\\/quebakan1\"]},{\"@type\":\"Person\",\"@id\":\"https:\\\/\\\/www.quebakan.com\\\/v15\\\/#\\\/schema\\\/person\\\/d90fa9f9cfa81eb8ace9811e5b7b9118\",\"name\":\"Erick Villafuerte\",\"image\":{\"@type\":\"ImageObject\",\"inLanguage\":\"es\",\"@id\":\"https:\\\/\\\/www.quebakan.com\\\/v15\\\/wp-content\\\/uploads\\\/avatars\\\/4\\\/1731297654-bpfull.png\",\"url\":\"https:\\\/\\\/www.quebakan.com\\\/v15\\\/wp-content\\\/uploads\\\/avatars\\\/4\\\/1731297654-bpfull.png\",\"contentUrl\":\"https:\\\/\\\/www.quebakan.com\\\/v15\\\/wp-content\\\/uploads\\\/avatars\\\/4\\\/1731297654-bpfull.png\",\"caption\":\"Erick Villafuerte\"}}]}<\/script>\n<!-- \/ Yoast SEO plugin. -->","yoast_head_json":{"title":"Banco Internacional impulsa el crecimiento y la competitividad de las Pymes en Ecuador &#8211; QUEBAKAN.COM 2026: Noticias, Eventos, Conciertos y mucho m\u00e1s....","robots":{"index":"index","follow":"follow","max-snippet":"max-snippet:-1","max-image-preview":"max-image-preview:large","max-video-preview":"max-video-preview:-1"},"canonical":"https:\/\/www.quebakan.com\/v15\/banco-internacional-impulsa-el-crecimiento-y-la-competitividad-de-las-pymes-en-ecuador\/","og_locale":"es_ES","og_type":"article","og_title":"Banco Internacional impulsa el crecimiento y la competitividad de las Pymes en Ecuador &#8211; QUEBAKAN.COM 2026: Noticias, Eventos, Conciertos y mucho m\u00e1s....","og_description":"Quito, octubre de 2025. &#8211; Comprometido con el desarrollo sostenible del pa\u00eds, Banco Internacional presenta un portafolio integral de servicios financieros empresariales dise\u00f1ados para atender las necesidades de las peque\u00f1as y medianas empresas (Pymes), sector clave para la econom\u00eda nacional. \u00a0 Conscientes del rol fundamental que desempe\u00f1an estas empresas en la econom\u00eda y de la [&hellip;]","og_url":"https:\/\/www.quebakan.com\/v15\/banco-internacional-impulsa-el-crecimiento-y-la-competitividad-de-las-pymes-en-ecuador\/","og_site_name":"QUEBAKAN.COM 2026: Noticias, Eventos, Conciertos y mucho m\u00e1s....","article_publisher":"http:\/\/www.facebook.com\/quebakan","article_published_time":"2025-10-22T22:55:54+00:00","og_image":[{"width":700,"height":466,"url":"https:\/\/www.quebakan.com\/v15\/wp-content\/uploads\/2025\/10\/PYMES_BI.jpg","type":"image\/jpeg"}],"author":"Erick Villafuerte","twitter_card":"summary_large_image","twitter_creator":"@quebakanec","twitter_site":"@quebakanec","twitter_misc":{"Escrito por":"Erick Villafuerte","Tiempo de lectura":"2 minutos"},"schema":{"@context":"https:\/\/schema.org","@graph":[{"@type":"Article","@id":"https:\/\/www.quebakan.com\/v15\/banco-internacional-impulsa-el-crecimiento-y-la-competitividad-de-las-pymes-en-ecuador\/#article","isPartOf":{"@id":"https:\/\/www.quebakan.com\/v15\/banco-internacional-impulsa-el-crecimiento-y-la-competitividad-de-las-pymes-en-ecuador\/"},"author":{"name":"Erick Villafuerte","@id":"https:\/\/www.quebakan.com\/v15\/#\/schema\/person\/d90fa9f9cfa81eb8ace9811e5b7b9118"},"headline":"Banco Internacional impulsa el crecimiento y la competitividad de las Pymes en Ecuador","datePublished":"2025-10-22T22:55:54+00:00","mainEntityOfPage":{"@id":"https:\/\/www.quebakan.com\/v15\/banco-internacional-impulsa-el-crecimiento-y-la-competitividad-de-las-pymes-en-ecuador\/"},"wordCount":264,"publisher":{"@id":"https:\/\/www.quebakan.com\/v15\/#organization"},"image":{"@id":"https:\/\/www.quebakan.com\/v15\/banco-internacional-impulsa-el-crecimiento-y-la-competitividad-de-las-pymes-en-ecuador\/#primaryimage"},"thumbnailUrl":"https:\/\/www.quebakan.com\/v15\/wp-content\/uploads\/2025\/10\/PYMES_BI.jpg","articleSection":["Noticias"],"inLanguage":"es"},{"@type":"WebPage","@id":"https:\/\/www.quebakan.com\/v15\/banco-internacional-impulsa-el-crecimiento-y-la-competitividad-de-las-pymes-en-ecuador\/","url":"https:\/\/www.quebakan.com\/v15\/banco-internacional-impulsa-el-crecimiento-y-la-competitividad-de-las-pymes-en-ecuador\/","name":"Banco Internacional impulsa el crecimiento y la competitividad de las Pymes en Ecuador &#8211; QUEBAKAN.COM 2026: Noticias, Eventos, Conciertos y mucho m\u00e1s....","isPartOf":{"@id":"https:\/\/www.quebakan.com\/v15\/#website"},"primaryImageOfPage":{"@id":"https:\/\/www.quebakan.com\/v15\/banco-internacional-impulsa-el-crecimiento-y-la-competitividad-de-las-pymes-en-ecuador\/#primaryimage"},"image":{"@id":"https:\/\/www.quebakan.com\/v15\/banco-internacional-impulsa-el-crecimiento-y-la-competitividad-de-las-pymes-en-ecuador\/#primaryimage"},"thumbnailUrl":"https:\/\/www.quebakan.com\/v15\/wp-content\/uploads\/2025\/10\/PYMES_BI.jpg","datePublished":"2025-10-22T22:55:54+00:00","breadcrumb":{"@id":"https:\/\/www.quebakan.com\/v15\/banco-internacional-impulsa-el-crecimiento-y-la-competitividad-de-las-pymes-en-ecuador\/#breadcrumb"},"inLanguage":"es","potentialAction":[{"@type":"ReadAction","target":["https:\/\/www.quebakan.com\/v15\/banco-internacional-impulsa-el-crecimiento-y-la-competitividad-de-las-pymes-en-ecuador\/"]}]},{"@type":"ImageObject","inLanguage":"es","@id":"https:\/\/www.quebakan.com\/v15\/banco-internacional-impulsa-el-crecimiento-y-la-competitividad-de-las-pymes-en-ecuador\/#primaryimage","url":"https:\/\/www.quebakan.com\/v15\/wp-content\/uploads\/2025\/10\/PYMES_BI.jpg","contentUrl":"https:\/\/www.quebakan.com\/v15\/wp-content\/uploads\/2025\/10\/PYMES_BI.jpg","width":700,"height":466},{"@type":"BreadcrumbList","@id":"https:\/\/www.quebakan.com\/v15\/banco-internacional-impulsa-el-crecimiento-y-la-competitividad-de-las-pymes-en-ecuador\/#breadcrumb","itemListElement":[{"@type":"ListItem","position":1,"name":"Portada","item":"https:\/\/www.quebakan.com\/v15\/"},{"@type":"ListItem","position":2,"name":"Banco Internacional impulsa el crecimiento y la competitividad de las Pymes en Ecuador"}]},{"@type":"WebSite","@id":"https:\/\/www.quebakan.com\/v15\/#website","url":"https:\/\/www.quebakan.com\/v15\/","name":"QUEBAKAN","description":"..","publisher":{"@id":"https:\/\/www.quebakan.com\/v15\/#organization"},"potentialAction":[{"@type":"SearchAction","target":{"@type":"EntryPoint","urlTemplate":"https:\/\/www.quebakan.com\/v15\/?s={search_term_string}"},"query-input":{"@type":"PropertyValueSpecification","valueRequired":true,"valueName":"search_term_string"}}],"inLanguage":"es"},{"@type":"Organization","@id":"https:\/\/www.quebakan.com\/v15\/#organization","name":"Quebakan.com","url":"https:\/\/www.quebakan.com\/v15\/","logo":{"@type":"ImageObject","inLanguage":"es","@id":"https:\/\/www.quebakan.com\/v15\/#\/schema\/logo\/image\/","url":"https:\/\/www.quebakan.com\/v15\/wp-content\/uploads\/2023\/07\/logoquebakanenero2021.jpg","contentUrl":"https:\/\/www.quebakan.com\/v15\/wp-content\/uploads\/2023\/07\/logoquebakanenero2021.jpg","width":1920,"height":1080,"caption":"Quebakan.com"},"image":{"@id":"https:\/\/www.quebakan.com\/v15\/#\/schema\/logo\/image\/"},"sameAs":["http:\/\/www.facebook.com\/quebakan","https:\/\/x.com\/quebakanec","http:\/\/www.instagram.com\/quebakan","http:\/\/www.youtube.com\/quebakan1"]},{"@type":"Person","@id":"https:\/\/www.quebakan.com\/v15\/#\/schema\/person\/d90fa9f9cfa81eb8ace9811e5b7b9118","name":"Erick Villafuerte","image":{"@type":"ImageObject","inLanguage":"es","@id":"https:\/\/www.quebakan.com\/v15\/wp-content\/uploads\/avatars\/4\/1731297654-bpfull.png","url":"https:\/\/www.quebakan.com\/v15\/wp-content\/uploads\/avatars\/4\/1731297654-bpfull.png","contentUrl":"https:\/\/www.quebakan.com\/v15\/wp-content\/uploads\/avatars\/4\/1731297654-bpfull.png","caption":"Erick Villafuerte"}}]}},"_links":{"self":[{"href":"https:\/\/www.quebakan.com\/v15\/wp-json\/wp\/v2\/posts\/136594","targetHints":{"allow":["GET"]}}],"collection":[{"href":"https:\/\/www.quebakan.com\/v15\/wp-json\/wp\/v2\/posts"}],"about":[{"href":"https:\/\/www.quebakan.com\/v15\/wp-json\/wp\/v2\/types\/post"}],"author":[{"embeddable":true,"href":"https:\/\/www.quebakan.com\/v15\/wp-json\/wp\/v2\/users\/4"}],"replies":[{"embeddable":true,"href":"https:\/\/www.quebakan.com\/v15\/wp-json\/wp\/v2\/comments?post=136594"}],"version-history":[{"count":1,"href":"https:\/\/www.quebakan.com\/v15\/wp-json\/wp\/v2\/posts\/136594\/revisions"}],"predecessor-version":[{"id":136596,"href":"https:\/\/www.quebakan.com\/v15\/wp-json\/wp\/v2\/posts\/136594\/revisions\/136596"}],"wp:featuredmedia":[{"embeddable":true,"href":"https:\/\/www.quebakan.com\/v15\/wp-json\/wp\/v2\/media\/136595"}],"wp:attachment":[{"href":"https:\/\/www.quebakan.com\/v15\/wp-json\/wp\/v2\/media?parent=136594"}],"wp:term":[{"taxonomy":"category","embeddable":true,"href":"https:\/\/www.quebakan.com\/v15\/wp-json\/wp\/v2\/categories?post=136594"},{"taxonomy":"post_tag","embeddable":true,"href":"https:\/\/www.quebakan.com\/v15\/wp-json\/wp\/v2\/tags?post=136594"}],"curies":[{"name":"wp","href":"https:\/\/api.w.org\/{rel}","templated":true}]}}