{"id":136597,"date":"2025-10-22T18:11:08","date_gmt":"2025-10-22T23:11:08","guid":{"rendered":"https:\/\/www.quebakan.com\/v15\/?p=136597"},"modified":"2025-10-22T18:11:08","modified_gmt":"2025-10-22T23:11:08","slug":"arca-continental-suma-esfuerzos-con-bancos-de-alimentos-para-fortalecer-la-seguridad-alimentaria-y-desarrollo-sostenible","status":"publish","type":"post","link":"https:\/\/www.quebakan.com\/v15\/arca-continental-suma-esfuerzos-con-bancos-de-alimentos-para-fortalecer-la-seguridad-alimentaria-y-desarrollo-sostenible\/","title":{"rendered":"Arca Continental suma esfuerzos con bancos de alimentos para fortalecer la seguridad alimentaria y desarrollo sostenible"},"content":{"rendered":"<p><img fetchpriority=\"high\" decoding=\"async\" class=\"aligncenter size-full wp-image-136598\" src=\"https:\/\/www.quebakan.com\/v15\/wp-content\/uploads\/2025\/10\/ACE_Convenio-BAQ.jpg\" alt=\"\" width=\"700\" height=\"628\" \/><\/p>\n<p style=\"text-align: justify;\"><span style=\"color: #000000;\"><strong>Pie de foto: <\/strong>Sofia Sierra, Gerente de Comunicaci\u00f3n y Sostenibilidad de Arca Continental y Jos\u00e9\u00a0Luis\u00a0Guevara, Director Ejecutivo del Banco de Alimentos Quito<\/span><\/p>\n<ul style=\"text-align: justify;\">\n<li><span style=\"color: #000000;\"><em>La compa\u00f1\u00eda suscribi\u00f3 una alianza con el Banco de Alimentos de Quito para fortalecer sus capacidades institucionales y mejorar la atenci\u00f3n a m\u00e1s de 85.000 personas en situaci\u00f3n de vulnerabilidad.<\/em><\/span><\/li>\n<\/ul>\n<p style=\"text-align: justify;\"><span style=\"color: #000000;\"><strong>Quito, octubre de 2025. \u2013<\/strong> En l\u00ednea con su compromiso con el bienestar social y el desarrollo sostenible de las comunidades, Arca Continental Ecuador fortalece su colaboraci\u00f3n con banco de alimentos en distintas regiones del pa\u00eds. Recientemente, la compa\u00f1\u00eda suscribi\u00f3 un convenio de colaboraci\u00f3n con el Banco de Alimentos de Quito (BAQ), con el prop\u00f3sito de contribuir a la seguridad alimentaria y la reducci\u00f3n de desperdicios, iniciativas que forman parte de su modelo de negocio sostenible para generar un impacto social positivo.<\/span><\/p>\n<p style=\"text-align: justify;\"><span style=\"color: #000000;\">Este acuerdo forma parte del modelo de negocio sostenible de la compa\u00f1\u00eda, que impulsa alianzas transformacionales como motor de cambio social. La firma de este convenio con el BAQ representa una acci\u00f3n concreta que refuerza el compromiso de Arca Continental con el Objetivo de Desarrollo Sostenible (ODS) 2: Hambre Cero, as\u00ed como con la construcci\u00f3n de comunidades <em>m\u00e1s resilientes, solidarias y sostenibles.<\/em><\/span><\/p>\n<p style=\"text-align: justify;\"><span style=\"color: #000000;\"><em>\u201cEn Arca Continental Ecuador estamos convencidos de que el bienestar de las comunidades es parte fundamental de nuestro prop\u00f3sito. Estas alianzas nos brindan la oportunidad de generar valor compartido y que m\u00e1s personas se conviertan en agentes de cambio positivo\u201d, coment\u00f3 Sofia Sierra, Gerente de Comunicaci\u00f3n y Sostenibilidad de Arca Continental.\u00a0 <\/em><\/span><\/p>\n<p style=\"text-align: justify;\"><span style=\"color: #000000;\">La compa\u00f1\u00eda cree firmemente que el trabajo articulado es clave para la construcci\u00f3n de una sociedad m\u00e1s equitativa. Por ello, colabora activamente con actores estrat\u00e9gicos como autoridades, empresas aliadas y organizaciones civiles, con el objetivo de promover diversas iniciativas que generen un impacto positivo en las comunidades donde opera.<\/span><\/p>\n<p style=\"text-align: justify;\"><span style=\"color: #000000;\"><em>Por su parte, <\/em><em>Jos\u00e9 Luis Guevara, Director Ejecutivo del Banco de Alimentos Quito<\/em><em> reflexion\u00f3:<\/em><em> \u00abAlimentar bien, no desperdiciar y cambiar vidas es el prop\u00f3sito que nos une con Arca Continental. Cada alimento recuperado refleja nuestro compromiso conjunto con las personas y con el ambiente, construyendo un Ecuador m\u00e1s solidario y sostenible. Esta alianza promueve la econom\u00eda circular y demuestra que, cuando sector privado y sociedad civil trabajan juntos, los resultados pueden cambiar el rumbo de nuestro planeta y de quienes m\u00e1s lo necesitan.\u00bb<\/em><\/span><\/p>\n<p style=\"text-align: justify;\"><span style=\"color: #000000;\">La empresa asume con mucha responsabilidad el prop\u00f3sito de alimentar e hidratar a millones de familias y ratifica su compromiso con generar bienestar a todos los miembros de su cadena de valor, a trav\u00e9s de programas de crecimiento profesional, personal, desarrollo social e impulso econ\u00f3mico. Por ello, continuar\u00e1 creando soluciones que aporten a la construcci\u00f3n de sociedades m\u00e1s equitativas y sostenibles.<\/span><\/p>\n<p><img decoding=\"async\" class=\"aligncenter size-full wp-image-136599\" src=\"https:\/\/www.quebakan.com\/v15\/wp-content\/uploads\/2025\/10\/ACE_Convenio-BAQ-1.jpg\" alt=\"\" width=\"700\" height=\"605\" \/><\/p>\n<p style=\"text-align: center;\"><span style=\"color: #000000;\">Equipo de Arca Continental y representantes del Banco de Alimentos de Quito<\/span><\/p>\n","protected":false},"excerpt":{"rendered":"<p>Pie de foto: Sofia Sierra, Gerente de Comunicaci\u00f3n y Sostenibilidad de Arca Continental y Jos\u00e9\u00a0Luis\u00a0Guevara, Director Ejecutivo del Banco de Alimentos Quito La compa\u00f1\u00eda suscribi\u00f3 una alianza con el Banco de Alimentos de Quito para fortalecer sus capacidades institucionales y mejorar la atenci\u00f3n a m\u00e1s de 85.000 personas en situaci\u00f3n de vulnerabilidad. Quito, octubre de [&hellip;]<\/p>\n","protected":false},"author":4,"featured_media":0,"comment_status":"closed","ping_status":"closed","sticky":false,"template":"","format":"standard","meta":{"_bbp_topic_count":0,"_bbp_reply_count":0,"_bbp_total_topic_count":0,"_bbp_total_reply_count":0,"_bbp_voice_count":0,"_bbp_anonymous_reply_count":0,"_bbp_topic_count_hidden":0,"_bbp_reply_count_hidden":0,"_bbp_forum_subforum_count":0,"buzzeditor_post_format":"","footnotes":""},"categories":[2],"tags":[],"class_list":["post-136597","post","type-post","status-publish","format-standard","hentry","category-noticias"],"yoast_head":"<!-- This site is optimized with the Yoast SEO plugin v27.5 - https:\/\/yoast.com\/product\/yoast-seo-wordpress\/ -->\n<title>Arca Continental suma esfuerzos con bancos de alimentos para fortalecer la seguridad alimentaria y desarrollo sostenible &#8211; QUEBAKAN.COM 2026: Noticias, Eventos, Conciertos y mucho m\u00e1s....<\/title>\n<meta name=\"robots\" content=\"index, follow, max-snippet:-1, max-image-preview:large, max-video-preview:-1\" \/>\n<link rel=\"canonical\" href=\"https:\/\/www.quebakan.com\/v15\/arca-continental-suma-esfuerzos-con-bancos-de-alimentos-para-fortalecer-la-seguridad-alimentaria-y-desarrollo-sostenible\/\" \/>\n<meta property=\"og:locale\" content=\"es_ES\" \/>\n<meta property=\"og:type\" content=\"article\" \/>\n<meta property=\"og:title\" content=\"Arca Continental suma esfuerzos con bancos de alimentos para fortalecer la seguridad alimentaria y desarrollo sostenible &#8211; QUEBAKAN.COM 2026: Noticias, Eventos, Conciertos y mucho m\u00e1s....\" \/>\n<meta property=\"og:description\" content=\"Pie de foto: Sofia Sierra, Gerente de Comunicaci\u00f3n y Sostenibilidad de Arca Continental y Jos\u00e9\u00a0Luis\u00a0Guevara, Director Ejecutivo del Banco de Alimentos Quito La compa\u00f1\u00eda suscribi\u00f3 una alianza con el Banco de Alimentos de Quito para fortalecer sus capacidades institucionales y mejorar la atenci\u00f3n a m\u00e1s de 85.000 personas en situaci\u00f3n de vulnerabilidad. Quito, octubre de [&hellip;]\" \/>\n<meta property=\"og:url\" content=\"https:\/\/www.quebakan.com\/v15\/arca-continental-suma-esfuerzos-con-bancos-de-alimentos-para-fortalecer-la-seguridad-alimentaria-y-desarrollo-sostenible\/\" \/>\n<meta property=\"og:site_name\" content=\"QUEBAKAN.COM 2026: Noticias, Eventos, Conciertos y mucho m\u00e1s....\" \/>\n<meta property=\"article:publisher\" content=\"http:\/\/www.facebook.com\/quebakan\" \/>\n<meta property=\"article:published_time\" content=\"2025-10-22T23:11:08+00:00\" \/>\n<meta property=\"og:image\" content=\"https:\/\/www.quebakan.com\/v15\/wp-content\/uploads\/2025\/10\/ACE_Convenio-BAQ.jpg\" \/>\n\t<meta property=\"og:image:width\" content=\"700\" \/>\n\t<meta property=\"og:image:height\" content=\"628\" \/>\n\t<meta property=\"og:image:type\" content=\"image\/jpeg\" \/>\n<meta name=\"author\" content=\"Erick Villafuerte\" \/>\n<meta name=\"twitter:card\" content=\"summary_large_image\" \/>\n<meta name=\"twitter:creator\" content=\"@quebakanec\" \/>\n<meta name=\"twitter:site\" content=\"@quebakanec\" \/>\n<meta name=\"twitter:label1\" content=\"Escrito por\" \/>\n\t<meta name=\"twitter:data1\" content=\"Erick Villafuerte\" \/>\n\t<meta name=\"twitter:label2\" content=\"Tiempo de lectura\" \/>\n\t<meta name=\"twitter:data2\" content=\"3 minutos\" \/>\n<script type=\"application\/ld+json\" class=\"yoast-schema-graph\">{\"@context\":\"https:\\\/\\\/schema.org\",\"@graph\":[{\"@type\":\"Article\",\"@id\":\"https:\\\/\\\/www.quebakan.com\\\/v15\\\/arca-continental-suma-esfuerzos-con-bancos-de-alimentos-para-fortalecer-la-seguridad-alimentaria-y-desarrollo-sostenible\\\/#article\",\"isPartOf\":{\"@id\":\"https:\\\/\\\/www.quebakan.com\\\/v15\\\/arca-continental-suma-esfuerzos-con-bancos-de-alimentos-para-fortalecer-la-seguridad-alimentaria-y-desarrollo-sostenible\\\/\"},\"author\":{\"name\":\"Erick Villafuerte\",\"@id\":\"https:\\\/\\\/www.quebakan.com\\\/v15\\\/#\\\/schema\\\/person\\\/d90fa9f9cfa81eb8ace9811e5b7b9118\"},\"headline\":\"Arca Continental suma esfuerzos con bancos de alimentos para fortalecer la seguridad alimentaria y desarrollo sostenible\",\"datePublished\":\"2025-10-22T23:11:08+00:00\",\"mainEntityOfPage\":{\"@id\":\"https:\\\/\\\/www.quebakan.com\\\/v15\\\/arca-continental-suma-esfuerzos-con-bancos-de-alimentos-para-fortalecer-la-seguridad-alimentaria-y-desarrollo-sostenible\\\/\"},\"wordCount\":498,\"publisher\":{\"@id\":\"https:\\\/\\\/www.quebakan.com\\\/v15\\\/#organization\"},\"image\":{\"@id\":\"https:\\\/\\\/www.quebakan.com\\\/v15\\\/arca-continental-suma-esfuerzos-con-bancos-de-alimentos-para-fortalecer-la-seguridad-alimentaria-y-desarrollo-sostenible\\\/#primaryimage\"},\"thumbnailUrl\":\"https:\\\/\\\/www.quebakan.com\\\/v15\\\/wp-content\\\/uploads\\\/2025\\\/10\\\/ACE_Convenio-BAQ.jpg\",\"articleSection\":[\"Noticias\"],\"inLanguage\":\"es\"},{\"@type\":\"WebPage\",\"@id\":\"https:\\\/\\\/www.quebakan.com\\\/v15\\\/arca-continental-suma-esfuerzos-con-bancos-de-alimentos-para-fortalecer-la-seguridad-alimentaria-y-desarrollo-sostenible\\\/\",\"url\":\"https:\\\/\\\/www.quebakan.com\\\/v15\\\/arca-continental-suma-esfuerzos-con-bancos-de-alimentos-para-fortalecer-la-seguridad-alimentaria-y-desarrollo-sostenible\\\/\",\"name\":\"Arca Continental suma esfuerzos con bancos de alimentos para fortalecer la seguridad alimentaria y desarrollo sostenible &#8211; QUEBAKAN.COM 2026: Noticias, Eventos, Conciertos y mucho m\u00e1s....\",\"isPartOf\":{\"@id\":\"https:\\\/\\\/www.quebakan.com\\\/v15\\\/#website\"},\"primaryImageOfPage\":{\"@id\":\"https:\\\/\\\/www.quebakan.com\\\/v15\\\/arca-continental-suma-esfuerzos-con-bancos-de-alimentos-para-fortalecer-la-seguridad-alimentaria-y-desarrollo-sostenible\\\/#primaryimage\"},\"image\":{\"@id\":\"https:\\\/\\\/www.quebakan.com\\\/v15\\\/arca-continental-suma-esfuerzos-con-bancos-de-alimentos-para-fortalecer-la-seguridad-alimentaria-y-desarrollo-sostenible\\\/#primaryimage\"},\"thumbnailUrl\":\"https:\\\/\\\/www.quebakan.com\\\/v15\\\/wp-content\\\/uploads\\\/2025\\\/10\\\/ACE_Convenio-BAQ.jpg\",\"datePublished\":\"2025-10-22T23:11:08+00:00\",\"breadcrumb\":{\"@id\":\"https:\\\/\\\/www.quebakan.com\\\/v15\\\/arca-continental-suma-esfuerzos-con-bancos-de-alimentos-para-fortalecer-la-seguridad-alimentaria-y-desarrollo-sostenible\\\/#breadcrumb\"},\"inLanguage\":\"es\",\"potentialAction\":[{\"@type\":\"ReadAction\",\"target\":[\"https:\\\/\\\/www.quebakan.com\\\/v15\\\/arca-continental-suma-esfuerzos-con-bancos-de-alimentos-para-fortalecer-la-seguridad-alimentaria-y-desarrollo-sostenible\\\/\"]}]},{\"@type\":\"ImageObject\",\"inLanguage\":\"es\",\"@id\":\"https:\\\/\\\/www.quebakan.com\\\/v15\\\/arca-continental-suma-esfuerzos-con-bancos-de-alimentos-para-fortalecer-la-seguridad-alimentaria-y-desarrollo-sostenible\\\/#primaryimage\",\"url\":\"https:\\\/\\\/www.quebakan.com\\\/v15\\\/wp-content\\\/uploads\\\/2025\\\/10\\\/ACE_Convenio-BAQ.jpg\",\"contentUrl\":\"https:\\\/\\\/www.quebakan.com\\\/v15\\\/wp-content\\\/uploads\\\/2025\\\/10\\\/ACE_Convenio-BAQ.jpg\",\"width\":700,\"height\":628},{\"@type\":\"BreadcrumbList\",\"@id\":\"https:\\\/\\\/www.quebakan.com\\\/v15\\\/arca-continental-suma-esfuerzos-con-bancos-de-alimentos-para-fortalecer-la-seguridad-alimentaria-y-desarrollo-sostenible\\\/#breadcrumb\",\"itemListElement\":[{\"@type\":\"ListItem\",\"position\":1,\"name\":\"Portada\",\"item\":\"https:\\\/\\\/www.quebakan.com\\\/v15\\\/\"},{\"@type\":\"ListItem\",\"position\":2,\"name\":\"Arca Continental suma esfuerzos con bancos de alimentos para fortalecer la seguridad alimentaria y desarrollo sostenible\"}]},{\"@type\":\"WebSite\",\"@id\":\"https:\\\/\\\/www.quebakan.com\\\/v15\\\/#website\",\"url\":\"https:\\\/\\\/www.quebakan.com\\\/v15\\\/\",\"name\":\"QUEBAKAN\",\"description\":\"..\",\"publisher\":{\"@id\":\"https:\\\/\\\/www.quebakan.com\\\/v15\\\/#organization\"},\"potentialAction\":[{\"@type\":\"SearchAction\",\"target\":{\"@type\":\"EntryPoint\",\"urlTemplate\":\"https:\\\/\\\/www.quebakan.com\\\/v15\\\/?s={search_term_string}\"},\"query-input\":{\"@type\":\"PropertyValueSpecification\",\"valueRequired\":true,\"valueName\":\"search_term_string\"}}],\"inLanguage\":\"es\"},{\"@type\":\"Organization\",\"@id\":\"https:\\\/\\\/www.quebakan.com\\\/v15\\\/#organization\",\"name\":\"Quebakan.com\",\"url\":\"https:\\\/\\\/www.quebakan.com\\\/v15\\\/\",\"logo\":{\"@type\":\"ImageObject\",\"inLanguage\":\"es\",\"@id\":\"https:\\\/\\\/www.quebakan.com\\\/v15\\\/#\\\/schema\\\/logo\\\/image\\\/\",\"url\":\"https:\\\/\\\/www.quebakan.com\\\/v15\\\/wp-content\\\/uploads\\\/2023\\\/07\\\/logoquebakanenero2021.jpg\",\"contentUrl\":\"https:\\\/\\\/www.quebakan.com\\\/v15\\\/wp-content\\\/uploads\\\/2023\\\/07\\\/logoquebakanenero2021.jpg\",\"width\":1920,\"height\":1080,\"caption\":\"Quebakan.com\"},\"image\":{\"@id\":\"https:\\\/\\\/www.quebakan.com\\\/v15\\\/#\\\/schema\\\/logo\\\/image\\\/\"},\"sameAs\":[\"http:\\\/\\\/www.facebook.com\\\/quebakan\",\"https:\\\/\\\/x.com\\\/quebakanec\",\"http:\\\/\\\/www.instagram.com\\\/quebakan\",\"http:\\\/\\\/www.youtube.com\\\/quebakan1\"]},{\"@type\":\"Person\",\"@id\":\"https:\\\/\\\/www.quebakan.com\\\/v15\\\/#\\\/schema\\\/person\\\/d90fa9f9cfa81eb8ace9811e5b7b9118\",\"name\":\"Erick Villafuerte\",\"image\":{\"@type\":\"ImageObject\",\"inLanguage\":\"es\",\"@id\":\"https:\\\/\\\/www.quebakan.com\\\/v15\\\/wp-content\\\/uploads\\\/avatars\\\/4\\\/1731297654-bpfull.png\",\"url\":\"https:\\\/\\\/www.quebakan.com\\\/v15\\\/wp-content\\\/uploads\\\/avatars\\\/4\\\/1731297654-bpfull.png\",\"contentUrl\":\"https:\\\/\\\/www.quebakan.com\\\/v15\\\/wp-content\\\/uploads\\\/avatars\\\/4\\\/1731297654-bpfull.png\",\"caption\":\"Erick Villafuerte\"}}]}<\/script>\n<!-- \/ Yoast SEO plugin. -->","yoast_head_json":{"title":"Arca Continental suma esfuerzos con bancos de alimentos para fortalecer la seguridad alimentaria y desarrollo sostenible &#8211; QUEBAKAN.COM 2026: Noticias, Eventos, Conciertos y mucho m\u00e1s....","robots":{"index":"index","follow":"follow","max-snippet":"max-snippet:-1","max-image-preview":"max-image-preview:large","max-video-preview":"max-video-preview:-1"},"canonical":"https:\/\/www.quebakan.com\/v15\/arca-continental-suma-esfuerzos-con-bancos-de-alimentos-para-fortalecer-la-seguridad-alimentaria-y-desarrollo-sostenible\/","og_locale":"es_ES","og_type":"article","og_title":"Arca Continental suma esfuerzos con bancos de alimentos para fortalecer la seguridad alimentaria y desarrollo sostenible &#8211; QUEBAKAN.COM 2026: Noticias, Eventos, Conciertos y mucho m\u00e1s....","og_description":"Pie de foto: Sofia Sierra, Gerente de Comunicaci\u00f3n y Sostenibilidad de Arca Continental y Jos\u00e9\u00a0Luis\u00a0Guevara, Director Ejecutivo del Banco de Alimentos Quito La compa\u00f1\u00eda suscribi\u00f3 una alianza con el Banco de Alimentos de Quito para fortalecer sus capacidades institucionales y mejorar la atenci\u00f3n a m\u00e1s de 85.000 personas en situaci\u00f3n de vulnerabilidad. Quito, octubre de [&hellip;]","og_url":"https:\/\/www.quebakan.com\/v15\/arca-continental-suma-esfuerzos-con-bancos-de-alimentos-para-fortalecer-la-seguridad-alimentaria-y-desarrollo-sostenible\/","og_site_name":"QUEBAKAN.COM 2026: Noticias, Eventos, Conciertos y mucho m\u00e1s....","article_publisher":"http:\/\/www.facebook.com\/quebakan","article_published_time":"2025-10-22T23:11:08+00:00","og_image":[{"width":700,"height":628,"url":"https:\/\/www.quebakan.com\/v15\/wp-content\/uploads\/2025\/10\/ACE_Convenio-BAQ.jpg","type":"image\/jpeg"}],"author":"Erick Villafuerte","twitter_card":"summary_large_image","twitter_creator":"@quebakanec","twitter_site":"@quebakanec","twitter_misc":{"Escrito por":"Erick Villafuerte","Tiempo de lectura":"3 minutos"},"schema":{"@context":"https:\/\/schema.org","@graph":[{"@type":"Article","@id":"https:\/\/www.quebakan.com\/v15\/arca-continental-suma-esfuerzos-con-bancos-de-alimentos-para-fortalecer-la-seguridad-alimentaria-y-desarrollo-sostenible\/#article","isPartOf":{"@id":"https:\/\/www.quebakan.com\/v15\/arca-continental-suma-esfuerzos-con-bancos-de-alimentos-para-fortalecer-la-seguridad-alimentaria-y-desarrollo-sostenible\/"},"author":{"name":"Erick Villafuerte","@id":"https:\/\/www.quebakan.com\/v15\/#\/schema\/person\/d90fa9f9cfa81eb8ace9811e5b7b9118"},"headline":"Arca Continental suma esfuerzos con bancos de alimentos para fortalecer la seguridad alimentaria y desarrollo sostenible","datePublished":"2025-10-22T23:11:08+00:00","mainEntityOfPage":{"@id":"https:\/\/www.quebakan.com\/v15\/arca-continental-suma-esfuerzos-con-bancos-de-alimentos-para-fortalecer-la-seguridad-alimentaria-y-desarrollo-sostenible\/"},"wordCount":498,"publisher":{"@id":"https:\/\/www.quebakan.com\/v15\/#organization"},"image":{"@id":"https:\/\/www.quebakan.com\/v15\/arca-continental-suma-esfuerzos-con-bancos-de-alimentos-para-fortalecer-la-seguridad-alimentaria-y-desarrollo-sostenible\/#primaryimage"},"thumbnailUrl":"https:\/\/www.quebakan.com\/v15\/wp-content\/uploads\/2025\/10\/ACE_Convenio-BAQ.jpg","articleSection":["Noticias"],"inLanguage":"es"},{"@type":"WebPage","@id":"https:\/\/www.quebakan.com\/v15\/arca-continental-suma-esfuerzos-con-bancos-de-alimentos-para-fortalecer-la-seguridad-alimentaria-y-desarrollo-sostenible\/","url":"https:\/\/www.quebakan.com\/v15\/arca-continental-suma-esfuerzos-con-bancos-de-alimentos-para-fortalecer-la-seguridad-alimentaria-y-desarrollo-sostenible\/","name":"Arca Continental suma esfuerzos con bancos de alimentos para fortalecer la seguridad alimentaria y desarrollo sostenible &#8211; QUEBAKAN.COM 2026: Noticias, Eventos, Conciertos y mucho m\u00e1s....","isPartOf":{"@id":"https:\/\/www.quebakan.com\/v15\/#website"},"primaryImageOfPage":{"@id":"https:\/\/www.quebakan.com\/v15\/arca-continental-suma-esfuerzos-con-bancos-de-alimentos-para-fortalecer-la-seguridad-alimentaria-y-desarrollo-sostenible\/#primaryimage"},"image":{"@id":"https:\/\/www.quebakan.com\/v15\/arca-continental-suma-esfuerzos-con-bancos-de-alimentos-para-fortalecer-la-seguridad-alimentaria-y-desarrollo-sostenible\/#primaryimage"},"thumbnailUrl":"https:\/\/www.quebakan.com\/v15\/wp-content\/uploads\/2025\/10\/ACE_Convenio-BAQ.jpg","datePublished":"2025-10-22T23:11:08+00:00","breadcrumb":{"@id":"https:\/\/www.quebakan.com\/v15\/arca-continental-suma-esfuerzos-con-bancos-de-alimentos-para-fortalecer-la-seguridad-alimentaria-y-desarrollo-sostenible\/#breadcrumb"},"inLanguage":"es","potentialAction":[{"@type":"ReadAction","target":["https:\/\/www.quebakan.com\/v15\/arca-continental-suma-esfuerzos-con-bancos-de-alimentos-para-fortalecer-la-seguridad-alimentaria-y-desarrollo-sostenible\/"]}]},{"@type":"ImageObject","inLanguage":"es","@id":"https:\/\/www.quebakan.com\/v15\/arca-continental-suma-esfuerzos-con-bancos-de-alimentos-para-fortalecer-la-seguridad-alimentaria-y-desarrollo-sostenible\/#primaryimage","url":"https:\/\/www.quebakan.com\/v15\/wp-content\/uploads\/2025\/10\/ACE_Convenio-BAQ.jpg","contentUrl":"https:\/\/www.quebakan.com\/v15\/wp-content\/uploads\/2025\/10\/ACE_Convenio-BAQ.jpg","width":700,"height":628},{"@type":"BreadcrumbList","@id":"https:\/\/www.quebakan.com\/v15\/arca-continental-suma-esfuerzos-con-bancos-de-alimentos-para-fortalecer-la-seguridad-alimentaria-y-desarrollo-sostenible\/#breadcrumb","itemListElement":[{"@type":"ListItem","position":1,"name":"Portada","item":"https:\/\/www.quebakan.com\/v15\/"},{"@type":"ListItem","position":2,"name":"Arca Continental suma esfuerzos con bancos de alimentos para fortalecer la seguridad alimentaria y desarrollo sostenible"}]},{"@type":"WebSite","@id":"https:\/\/www.quebakan.com\/v15\/#website","url":"https:\/\/www.quebakan.com\/v15\/","name":"QUEBAKAN","description":"..","publisher":{"@id":"https:\/\/www.quebakan.com\/v15\/#organization"},"potentialAction":[{"@type":"SearchAction","target":{"@type":"EntryPoint","urlTemplate":"https:\/\/www.quebakan.com\/v15\/?s={search_term_string}"},"query-input":{"@type":"PropertyValueSpecification","valueRequired":true,"valueName":"search_term_string"}}],"inLanguage":"es"},{"@type":"Organization","@id":"https:\/\/www.quebakan.com\/v15\/#organization","name":"Quebakan.com","url":"https:\/\/www.quebakan.com\/v15\/","logo":{"@type":"ImageObject","inLanguage":"es","@id":"https:\/\/www.quebakan.com\/v15\/#\/schema\/logo\/image\/","url":"https:\/\/www.quebakan.com\/v15\/wp-content\/uploads\/2023\/07\/logoquebakanenero2021.jpg","contentUrl":"https:\/\/www.quebakan.com\/v15\/wp-content\/uploads\/2023\/07\/logoquebakanenero2021.jpg","width":1920,"height":1080,"caption":"Quebakan.com"},"image":{"@id":"https:\/\/www.quebakan.com\/v15\/#\/schema\/logo\/image\/"},"sameAs":["http:\/\/www.facebook.com\/quebakan","https:\/\/x.com\/quebakanec","http:\/\/www.instagram.com\/quebakan","http:\/\/www.youtube.com\/quebakan1"]},{"@type":"Person","@id":"https:\/\/www.quebakan.com\/v15\/#\/schema\/person\/d90fa9f9cfa81eb8ace9811e5b7b9118","name":"Erick Villafuerte","image":{"@type":"ImageObject","inLanguage":"es","@id":"https:\/\/www.quebakan.com\/v15\/wp-content\/uploads\/avatars\/4\/1731297654-bpfull.png","url":"https:\/\/www.quebakan.com\/v15\/wp-content\/uploads\/avatars\/4\/1731297654-bpfull.png","contentUrl":"https:\/\/www.quebakan.com\/v15\/wp-content\/uploads\/avatars\/4\/1731297654-bpfull.png","caption":"Erick Villafuerte"}}]}},"_links":{"self":[{"href":"https:\/\/www.quebakan.com\/v15\/wp-json\/wp\/v2\/posts\/136597","targetHints":{"allow":["GET"]}}],"collection":[{"href":"https:\/\/www.quebakan.com\/v15\/wp-json\/wp\/v2\/posts"}],"about":[{"href":"https:\/\/www.quebakan.com\/v15\/wp-json\/wp\/v2\/types\/post"}],"author":[{"embeddable":true,"href":"https:\/\/www.quebakan.com\/v15\/wp-json\/wp\/v2\/users\/4"}],"replies":[{"embeddable":true,"href":"https:\/\/www.quebakan.com\/v15\/wp-json\/wp\/v2\/comments?post=136597"}],"version-history":[{"count":1,"href":"https:\/\/www.quebakan.com\/v15\/wp-json\/wp\/v2\/posts\/136597\/revisions"}],"predecessor-version":[{"id":136600,"href":"https:\/\/www.quebakan.com\/v15\/wp-json\/wp\/v2\/posts\/136597\/revisions\/136600"}],"wp:attachment":[{"href":"https:\/\/www.quebakan.com\/v15\/wp-json\/wp\/v2\/media?parent=136597"}],"wp:term":[{"taxonomy":"category","embeddable":true,"href":"https:\/\/www.quebakan.com\/v15\/wp-json\/wp\/v2\/categories?post=136597"},{"taxonomy":"post_tag","embeddable":true,"href":"https:\/\/www.quebakan.com\/v15\/wp-json\/wp\/v2\/tags?post=136597"}],"curies":[{"name":"wp","href":"https:\/\/api.w.org\/{rel}","templated":true}]}}