{"id":136654,"date":"2025-10-25T16:33:46","date_gmt":"2025-10-25T21:33:46","guid":{"rendered":"https:\/\/www.quebakan.com\/v15\/?p=136654"},"modified":"2025-10-25T16:33:46","modified_gmt":"2025-10-25T21:33:46","slug":"netlife-abre-sus-puertas-al-talento-en-la-feria-de-empleo-2025-en-quito","status":"publish","type":"post","link":"https:\/\/www.quebakan.com\/v15\/netlife-abre-sus-puertas-al-talento-en-la-feria-de-empleo-2025-en-quito\/","title":{"rendered":"Netlife abre sus puertas al talento en la Feria de Empleo 2025 en Quito"},"content":{"rendered":"<p><img fetchpriority=\"high\" decoding=\"async\" class=\"aligncenter size-full wp-image-136655\" src=\"https:\/\/www.quebakan.com\/v15\/wp-content\/uploads\/2025\/10\/RECLUTAMENTIO.jpg\" alt=\"\" width=\"700\" height=\"366\" \/><\/p>\n<p style=\"text-align: justify;\"><span style=\"color: #000000;\">Este 28 de octubre, la C\u00e1mara de Comercio de Quito ser\u00e1 el punto de encuentro entre Netlife y decenas de personas que buscan una oportunidad laboral en una de las empresas tecnol\u00f3gicas m\u00e1s reconocidas del pa\u00eds. La cita ser\u00e1 de 09h00 a 13h00, en el Edificio Las C\u00e1maras, ubicado en la Av. Rep\u00fablica y Alemania.<\/span><\/p>\n<p style=\"text-align: justify;\"><span style=\"color: #000000;\">La Feria de Empleo Netlife 2025 busca atraer a todo tipo de perfiles profesionales, aunque la compa\u00f1\u00eda ha puesto especial atenci\u00f3n en el \u00e1rea comercial, uno de los segmentos m\u00e1s din\u00e1micos dentro de su estructura. <em>\u201cQueremos conectar con personas entusiastas, con actitud y pasi\u00f3n por el servicio, que quieran crecer junto a nosotros\u201d,<\/em> se\u00f1al\u00f3 Natalia Ch\u00e1vez , Coordinadora de Reclutamiento y Selecci\u00f3n.<\/span><\/p>\n<p style=\"text-align: justify;\"><span style=\"color: #000000;\">Durante la jornada, los asistentes podr\u00e1n conocer m\u00e1s sobre la cultura de trabajo y las oportunidades que ofrece una empresa que ha apostado por la innovaci\u00f3n como eje de su crecimiento. Quienes deseen participar deber\u00e1n llevar su hoja de vida, documento requerido para el ingreso al evento.<\/span><\/p>\n<p style=\"text-align: justify;\"><span style=\"color: #000000;\">M\u00e1s que una feria de empleo, la iniciativa busca tender puentes entre la empresa y nuevos talentos que comparten su visi\u00f3n: construir un Ecuador m\u00e1s conectado y con mejores oportunidades.<\/span><\/p>\n","protected":false},"excerpt":{"rendered":"<p>Este 28 de octubre, la C\u00e1mara de Comercio de Quito ser\u00e1 el punto de encuentro entre Netlife y decenas de personas que buscan una oportunidad laboral en una de las empresas tecnol\u00f3gicas m\u00e1s reconocidas del pa\u00eds. La cita ser\u00e1 de 09h00 a 13h00, en el Edificio Las C\u00e1maras, ubicado en la Av. Rep\u00fablica y Alemania. [&hellip;]<\/p>\n","protected":false},"author":4,"featured_media":136655,"comment_status":"closed","ping_status":"closed","sticky":false,"template":"","format":"standard","meta":{"_bbp_topic_count":0,"_bbp_reply_count":0,"_bbp_total_topic_count":0,"_bbp_total_reply_count":0,"_bbp_voice_count":0,"_bbp_anonymous_reply_count":0,"_bbp_topic_count_hidden":0,"_bbp_reply_count_hidden":0,"_bbp_forum_subforum_count":0,"buzzeditor_post_format":"","footnotes":""},"categories":[2],"tags":[],"class_list":["post-136654","post","type-post","status-publish","format-standard","has-post-thumbnail","hentry","category-noticias"],"yoast_head":"<!-- This site is optimized with the Yoast SEO plugin v27.5 - https:\/\/yoast.com\/product\/yoast-seo-wordpress\/ -->\n<title>Netlife abre sus puertas al talento en la Feria de Empleo 2025 en Quito &#8211; QUEBAKAN.COM 2026: Noticias, Eventos, Conciertos y mucho m\u00e1s....<\/title>\n<meta name=\"robots\" content=\"index, follow, max-snippet:-1, max-image-preview:large, max-video-preview:-1\" \/>\n<link rel=\"canonical\" href=\"https:\/\/www.quebakan.com\/v15\/netlife-abre-sus-puertas-al-talento-en-la-feria-de-empleo-2025-en-quito\/\" \/>\n<meta property=\"og:locale\" content=\"es_ES\" \/>\n<meta property=\"og:type\" content=\"article\" \/>\n<meta property=\"og:title\" content=\"Netlife abre sus puertas al talento en la Feria de Empleo 2025 en Quito &#8211; QUEBAKAN.COM 2026: Noticias, Eventos, Conciertos y mucho m\u00e1s....\" \/>\n<meta property=\"og:description\" content=\"Este 28 de octubre, la C\u00e1mara de Comercio de Quito ser\u00e1 el punto de encuentro entre Netlife y decenas de personas que buscan una oportunidad laboral en una de las empresas tecnol\u00f3gicas m\u00e1s reconocidas del pa\u00eds. La cita ser\u00e1 de 09h00 a 13h00, en el Edificio Las C\u00e1maras, ubicado en la Av. Rep\u00fablica y Alemania. [&hellip;]\" \/>\n<meta property=\"og:url\" content=\"https:\/\/www.quebakan.com\/v15\/netlife-abre-sus-puertas-al-talento-en-la-feria-de-empleo-2025-en-quito\/\" \/>\n<meta property=\"og:site_name\" content=\"QUEBAKAN.COM 2026: Noticias, Eventos, Conciertos y mucho m\u00e1s....\" \/>\n<meta property=\"article:publisher\" content=\"http:\/\/www.facebook.com\/quebakan\" \/>\n<meta property=\"article:published_time\" content=\"2025-10-25T21:33:46+00:00\" \/>\n<meta property=\"og:image\" content=\"https:\/\/www.quebakan.com\/v15\/wp-content\/uploads\/2025\/10\/RECLUTAMENTIO.jpg\" \/>\n\t<meta property=\"og:image:width\" content=\"700\" \/>\n\t<meta property=\"og:image:height\" content=\"366\" \/>\n\t<meta property=\"og:image:type\" content=\"image\/jpeg\" \/>\n<meta name=\"author\" content=\"Erick Villafuerte\" \/>\n<meta name=\"twitter:card\" content=\"summary_large_image\" \/>\n<meta name=\"twitter:creator\" content=\"@quebakanec\" \/>\n<meta name=\"twitter:site\" content=\"@quebakanec\" \/>\n<meta name=\"twitter:label1\" content=\"Escrito por\" \/>\n\t<meta name=\"twitter:data1\" content=\"Erick Villafuerte\" \/>\n\t<meta name=\"twitter:label2\" content=\"Tiempo de lectura\" \/>\n\t<meta name=\"twitter:data2\" content=\"2 minutos\" \/>\n<script type=\"application\/ld+json\" class=\"yoast-schema-graph\">{\"@context\":\"https:\\\/\\\/schema.org\",\"@graph\":[{\"@type\":\"Article\",\"@id\":\"https:\\\/\\\/www.quebakan.com\\\/v15\\\/netlife-abre-sus-puertas-al-talento-en-la-feria-de-empleo-2025-en-quito\\\/#article\",\"isPartOf\":{\"@id\":\"https:\\\/\\\/www.quebakan.com\\\/v15\\\/netlife-abre-sus-puertas-al-talento-en-la-feria-de-empleo-2025-en-quito\\\/\"},\"author\":{\"name\":\"Erick Villafuerte\",\"@id\":\"https:\\\/\\\/www.quebakan.com\\\/v15\\\/#\\\/schema\\\/person\\\/d90fa9f9cfa81eb8ace9811e5b7b9118\"},\"headline\":\"Netlife abre sus puertas al talento en la Feria de Empleo 2025 en Quito\",\"datePublished\":\"2025-10-25T21:33:46+00:00\",\"mainEntityOfPage\":{\"@id\":\"https:\\\/\\\/www.quebakan.com\\\/v15\\\/netlife-abre-sus-puertas-al-talento-en-la-feria-de-empleo-2025-en-quito\\\/\"},\"wordCount\":225,\"publisher\":{\"@id\":\"https:\\\/\\\/www.quebakan.com\\\/v15\\\/#organization\"},\"image\":{\"@id\":\"https:\\\/\\\/www.quebakan.com\\\/v15\\\/netlife-abre-sus-puertas-al-talento-en-la-feria-de-empleo-2025-en-quito\\\/#primaryimage\"},\"thumbnailUrl\":\"https:\\\/\\\/www.quebakan.com\\\/v15\\\/wp-content\\\/uploads\\\/2025\\\/10\\\/RECLUTAMENTIO.jpg\",\"articleSection\":[\"Noticias\"],\"inLanguage\":\"es\"},{\"@type\":\"WebPage\",\"@id\":\"https:\\\/\\\/www.quebakan.com\\\/v15\\\/netlife-abre-sus-puertas-al-talento-en-la-feria-de-empleo-2025-en-quito\\\/\",\"url\":\"https:\\\/\\\/www.quebakan.com\\\/v15\\\/netlife-abre-sus-puertas-al-talento-en-la-feria-de-empleo-2025-en-quito\\\/\",\"name\":\"Netlife abre sus puertas al talento en la Feria de Empleo 2025 en Quito &#8211; QUEBAKAN.COM 2026: Noticias, Eventos, Conciertos y mucho m\u00e1s....\",\"isPartOf\":{\"@id\":\"https:\\\/\\\/www.quebakan.com\\\/v15\\\/#website\"},\"primaryImageOfPage\":{\"@id\":\"https:\\\/\\\/www.quebakan.com\\\/v15\\\/netlife-abre-sus-puertas-al-talento-en-la-feria-de-empleo-2025-en-quito\\\/#primaryimage\"},\"image\":{\"@id\":\"https:\\\/\\\/www.quebakan.com\\\/v15\\\/netlife-abre-sus-puertas-al-talento-en-la-feria-de-empleo-2025-en-quito\\\/#primaryimage\"},\"thumbnailUrl\":\"https:\\\/\\\/www.quebakan.com\\\/v15\\\/wp-content\\\/uploads\\\/2025\\\/10\\\/RECLUTAMENTIO.jpg\",\"datePublished\":\"2025-10-25T21:33:46+00:00\",\"breadcrumb\":{\"@id\":\"https:\\\/\\\/www.quebakan.com\\\/v15\\\/netlife-abre-sus-puertas-al-talento-en-la-feria-de-empleo-2025-en-quito\\\/#breadcrumb\"},\"inLanguage\":\"es\",\"potentialAction\":[{\"@type\":\"ReadAction\",\"target\":[\"https:\\\/\\\/www.quebakan.com\\\/v15\\\/netlife-abre-sus-puertas-al-talento-en-la-feria-de-empleo-2025-en-quito\\\/\"]}]},{\"@type\":\"ImageObject\",\"inLanguage\":\"es\",\"@id\":\"https:\\\/\\\/www.quebakan.com\\\/v15\\\/netlife-abre-sus-puertas-al-talento-en-la-feria-de-empleo-2025-en-quito\\\/#primaryimage\",\"url\":\"https:\\\/\\\/www.quebakan.com\\\/v15\\\/wp-content\\\/uploads\\\/2025\\\/10\\\/RECLUTAMENTIO.jpg\",\"contentUrl\":\"https:\\\/\\\/www.quebakan.com\\\/v15\\\/wp-content\\\/uploads\\\/2025\\\/10\\\/RECLUTAMENTIO.jpg\",\"width\":700,\"height\":366},{\"@type\":\"BreadcrumbList\",\"@id\":\"https:\\\/\\\/www.quebakan.com\\\/v15\\\/netlife-abre-sus-puertas-al-talento-en-la-feria-de-empleo-2025-en-quito\\\/#breadcrumb\",\"itemListElement\":[{\"@type\":\"ListItem\",\"position\":1,\"name\":\"Portada\",\"item\":\"https:\\\/\\\/www.quebakan.com\\\/v15\\\/\"},{\"@type\":\"ListItem\",\"position\":2,\"name\":\"Netlife abre sus puertas al talento en la Feria de Empleo 2025 en Quito\"}]},{\"@type\":\"WebSite\",\"@id\":\"https:\\\/\\\/www.quebakan.com\\\/v15\\\/#website\",\"url\":\"https:\\\/\\\/www.quebakan.com\\\/v15\\\/\",\"name\":\"QUEBAKAN\",\"description\":\"..\",\"publisher\":{\"@id\":\"https:\\\/\\\/www.quebakan.com\\\/v15\\\/#organization\"},\"potentialAction\":[{\"@type\":\"SearchAction\",\"target\":{\"@type\":\"EntryPoint\",\"urlTemplate\":\"https:\\\/\\\/www.quebakan.com\\\/v15\\\/?s={search_term_string}\"},\"query-input\":{\"@type\":\"PropertyValueSpecification\",\"valueRequired\":true,\"valueName\":\"search_term_string\"}}],\"inLanguage\":\"es\"},{\"@type\":\"Organization\",\"@id\":\"https:\\\/\\\/www.quebakan.com\\\/v15\\\/#organization\",\"name\":\"Quebakan.com\",\"url\":\"https:\\\/\\\/www.quebakan.com\\\/v15\\\/\",\"logo\":{\"@type\":\"ImageObject\",\"inLanguage\":\"es\",\"@id\":\"https:\\\/\\\/www.quebakan.com\\\/v15\\\/#\\\/schema\\\/logo\\\/image\\\/\",\"url\":\"https:\\\/\\\/www.quebakan.com\\\/v15\\\/wp-content\\\/uploads\\\/2023\\\/07\\\/logoquebakanenero2021.jpg\",\"contentUrl\":\"https:\\\/\\\/www.quebakan.com\\\/v15\\\/wp-content\\\/uploads\\\/2023\\\/07\\\/logoquebakanenero2021.jpg\",\"width\":1920,\"height\":1080,\"caption\":\"Quebakan.com\"},\"image\":{\"@id\":\"https:\\\/\\\/www.quebakan.com\\\/v15\\\/#\\\/schema\\\/logo\\\/image\\\/\"},\"sameAs\":[\"http:\\\/\\\/www.facebook.com\\\/quebakan\",\"https:\\\/\\\/x.com\\\/quebakanec\",\"http:\\\/\\\/www.instagram.com\\\/quebakan\",\"http:\\\/\\\/www.youtube.com\\\/quebakan1\"]},{\"@type\":\"Person\",\"@id\":\"https:\\\/\\\/www.quebakan.com\\\/v15\\\/#\\\/schema\\\/person\\\/d90fa9f9cfa81eb8ace9811e5b7b9118\",\"name\":\"Erick Villafuerte\",\"image\":{\"@type\":\"ImageObject\",\"inLanguage\":\"es\",\"@id\":\"https:\\\/\\\/www.quebakan.com\\\/v15\\\/wp-content\\\/uploads\\\/avatars\\\/4\\\/1731297654-bpfull.png\",\"url\":\"https:\\\/\\\/www.quebakan.com\\\/v15\\\/wp-content\\\/uploads\\\/avatars\\\/4\\\/1731297654-bpfull.png\",\"contentUrl\":\"https:\\\/\\\/www.quebakan.com\\\/v15\\\/wp-content\\\/uploads\\\/avatars\\\/4\\\/1731297654-bpfull.png\",\"caption\":\"Erick Villafuerte\"}}]}<\/script>\n<!-- \/ Yoast SEO plugin. -->","yoast_head_json":{"title":"Netlife abre sus puertas al talento en la Feria de Empleo 2025 en Quito &#8211; QUEBAKAN.COM 2026: Noticias, Eventos, Conciertos y mucho m\u00e1s....","robots":{"index":"index","follow":"follow","max-snippet":"max-snippet:-1","max-image-preview":"max-image-preview:large","max-video-preview":"max-video-preview:-1"},"canonical":"https:\/\/www.quebakan.com\/v15\/netlife-abre-sus-puertas-al-talento-en-la-feria-de-empleo-2025-en-quito\/","og_locale":"es_ES","og_type":"article","og_title":"Netlife abre sus puertas al talento en la Feria de Empleo 2025 en Quito &#8211; QUEBAKAN.COM 2026: Noticias, Eventos, Conciertos y mucho m\u00e1s....","og_description":"Este 28 de octubre, la C\u00e1mara de Comercio de Quito ser\u00e1 el punto de encuentro entre Netlife y decenas de personas que buscan una oportunidad laboral en una de las empresas tecnol\u00f3gicas m\u00e1s reconocidas del pa\u00eds. La cita ser\u00e1 de 09h00 a 13h00, en el Edificio Las C\u00e1maras, ubicado en la Av. Rep\u00fablica y Alemania. [&hellip;]","og_url":"https:\/\/www.quebakan.com\/v15\/netlife-abre-sus-puertas-al-talento-en-la-feria-de-empleo-2025-en-quito\/","og_site_name":"QUEBAKAN.COM 2026: Noticias, Eventos, Conciertos y mucho m\u00e1s....","article_publisher":"http:\/\/www.facebook.com\/quebakan","article_published_time":"2025-10-25T21:33:46+00:00","og_image":[{"width":700,"height":366,"url":"https:\/\/www.quebakan.com\/v15\/wp-content\/uploads\/2025\/10\/RECLUTAMENTIO.jpg","type":"image\/jpeg"}],"author":"Erick Villafuerte","twitter_card":"summary_large_image","twitter_creator":"@quebakanec","twitter_site":"@quebakanec","twitter_misc":{"Escrito por":"Erick Villafuerte","Tiempo de lectura":"2 minutos"},"schema":{"@context":"https:\/\/schema.org","@graph":[{"@type":"Article","@id":"https:\/\/www.quebakan.com\/v15\/netlife-abre-sus-puertas-al-talento-en-la-feria-de-empleo-2025-en-quito\/#article","isPartOf":{"@id":"https:\/\/www.quebakan.com\/v15\/netlife-abre-sus-puertas-al-talento-en-la-feria-de-empleo-2025-en-quito\/"},"author":{"name":"Erick Villafuerte","@id":"https:\/\/www.quebakan.com\/v15\/#\/schema\/person\/d90fa9f9cfa81eb8ace9811e5b7b9118"},"headline":"Netlife abre sus puertas al talento en la Feria de Empleo 2025 en Quito","datePublished":"2025-10-25T21:33:46+00:00","mainEntityOfPage":{"@id":"https:\/\/www.quebakan.com\/v15\/netlife-abre-sus-puertas-al-talento-en-la-feria-de-empleo-2025-en-quito\/"},"wordCount":225,"publisher":{"@id":"https:\/\/www.quebakan.com\/v15\/#organization"},"image":{"@id":"https:\/\/www.quebakan.com\/v15\/netlife-abre-sus-puertas-al-talento-en-la-feria-de-empleo-2025-en-quito\/#primaryimage"},"thumbnailUrl":"https:\/\/www.quebakan.com\/v15\/wp-content\/uploads\/2025\/10\/RECLUTAMENTIO.jpg","articleSection":["Noticias"],"inLanguage":"es"},{"@type":"WebPage","@id":"https:\/\/www.quebakan.com\/v15\/netlife-abre-sus-puertas-al-talento-en-la-feria-de-empleo-2025-en-quito\/","url":"https:\/\/www.quebakan.com\/v15\/netlife-abre-sus-puertas-al-talento-en-la-feria-de-empleo-2025-en-quito\/","name":"Netlife abre sus puertas al talento en la Feria de Empleo 2025 en Quito &#8211; QUEBAKAN.COM 2026: Noticias, Eventos, Conciertos y mucho m\u00e1s....","isPartOf":{"@id":"https:\/\/www.quebakan.com\/v15\/#website"},"primaryImageOfPage":{"@id":"https:\/\/www.quebakan.com\/v15\/netlife-abre-sus-puertas-al-talento-en-la-feria-de-empleo-2025-en-quito\/#primaryimage"},"image":{"@id":"https:\/\/www.quebakan.com\/v15\/netlife-abre-sus-puertas-al-talento-en-la-feria-de-empleo-2025-en-quito\/#primaryimage"},"thumbnailUrl":"https:\/\/www.quebakan.com\/v15\/wp-content\/uploads\/2025\/10\/RECLUTAMENTIO.jpg","datePublished":"2025-10-25T21:33:46+00:00","breadcrumb":{"@id":"https:\/\/www.quebakan.com\/v15\/netlife-abre-sus-puertas-al-talento-en-la-feria-de-empleo-2025-en-quito\/#breadcrumb"},"inLanguage":"es","potentialAction":[{"@type":"ReadAction","target":["https:\/\/www.quebakan.com\/v15\/netlife-abre-sus-puertas-al-talento-en-la-feria-de-empleo-2025-en-quito\/"]}]},{"@type":"ImageObject","inLanguage":"es","@id":"https:\/\/www.quebakan.com\/v15\/netlife-abre-sus-puertas-al-talento-en-la-feria-de-empleo-2025-en-quito\/#primaryimage","url":"https:\/\/www.quebakan.com\/v15\/wp-content\/uploads\/2025\/10\/RECLUTAMENTIO.jpg","contentUrl":"https:\/\/www.quebakan.com\/v15\/wp-content\/uploads\/2025\/10\/RECLUTAMENTIO.jpg","width":700,"height":366},{"@type":"BreadcrumbList","@id":"https:\/\/www.quebakan.com\/v15\/netlife-abre-sus-puertas-al-talento-en-la-feria-de-empleo-2025-en-quito\/#breadcrumb","itemListElement":[{"@type":"ListItem","position":1,"name":"Portada","item":"https:\/\/www.quebakan.com\/v15\/"},{"@type":"ListItem","position":2,"name":"Netlife abre sus puertas al talento en la Feria de Empleo 2025 en Quito"}]},{"@type":"WebSite","@id":"https:\/\/www.quebakan.com\/v15\/#website","url":"https:\/\/www.quebakan.com\/v15\/","name":"QUEBAKAN","description":"..","publisher":{"@id":"https:\/\/www.quebakan.com\/v15\/#organization"},"potentialAction":[{"@type":"SearchAction","target":{"@type":"EntryPoint","urlTemplate":"https:\/\/www.quebakan.com\/v15\/?s={search_term_string}"},"query-input":{"@type":"PropertyValueSpecification","valueRequired":true,"valueName":"search_term_string"}}],"inLanguage":"es"},{"@type":"Organization","@id":"https:\/\/www.quebakan.com\/v15\/#organization","name":"Quebakan.com","url":"https:\/\/www.quebakan.com\/v15\/","logo":{"@type":"ImageObject","inLanguage":"es","@id":"https:\/\/www.quebakan.com\/v15\/#\/schema\/logo\/image\/","url":"https:\/\/www.quebakan.com\/v15\/wp-content\/uploads\/2023\/07\/logoquebakanenero2021.jpg","contentUrl":"https:\/\/www.quebakan.com\/v15\/wp-content\/uploads\/2023\/07\/logoquebakanenero2021.jpg","width":1920,"height":1080,"caption":"Quebakan.com"},"image":{"@id":"https:\/\/www.quebakan.com\/v15\/#\/schema\/logo\/image\/"},"sameAs":["http:\/\/www.facebook.com\/quebakan","https:\/\/x.com\/quebakanec","http:\/\/www.instagram.com\/quebakan","http:\/\/www.youtube.com\/quebakan1"]},{"@type":"Person","@id":"https:\/\/www.quebakan.com\/v15\/#\/schema\/person\/d90fa9f9cfa81eb8ace9811e5b7b9118","name":"Erick Villafuerte","image":{"@type":"ImageObject","inLanguage":"es","@id":"https:\/\/www.quebakan.com\/v15\/wp-content\/uploads\/avatars\/4\/1731297654-bpfull.png","url":"https:\/\/www.quebakan.com\/v15\/wp-content\/uploads\/avatars\/4\/1731297654-bpfull.png","contentUrl":"https:\/\/www.quebakan.com\/v15\/wp-content\/uploads\/avatars\/4\/1731297654-bpfull.png","caption":"Erick Villafuerte"}}]}},"_links":{"self":[{"href":"https:\/\/www.quebakan.com\/v15\/wp-json\/wp\/v2\/posts\/136654","targetHints":{"allow":["GET"]}}],"collection":[{"href":"https:\/\/www.quebakan.com\/v15\/wp-json\/wp\/v2\/posts"}],"about":[{"href":"https:\/\/www.quebakan.com\/v15\/wp-json\/wp\/v2\/types\/post"}],"author":[{"embeddable":true,"href":"https:\/\/www.quebakan.com\/v15\/wp-json\/wp\/v2\/users\/4"}],"replies":[{"embeddable":true,"href":"https:\/\/www.quebakan.com\/v15\/wp-json\/wp\/v2\/comments?post=136654"}],"version-history":[{"count":1,"href":"https:\/\/www.quebakan.com\/v15\/wp-json\/wp\/v2\/posts\/136654\/revisions"}],"predecessor-version":[{"id":136656,"href":"https:\/\/www.quebakan.com\/v15\/wp-json\/wp\/v2\/posts\/136654\/revisions\/136656"}],"wp:featuredmedia":[{"embeddable":true,"href":"https:\/\/www.quebakan.com\/v15\/wp-json\/wp\/v2\/media\/136655"}],"wp:attachment":[{"href":"https:\/\/www.quebakan.com\/v15\/wp-json\/wp\/v2\/media?parent=136654"}],"wp:term":[{"taxonomy":"category","embeddable":true,"href":"https:\/\/www.quebakan.com\/v15\/wp-json\/wp\/v2\/categories?post=136654"},{"taxonomy":"post_tag","embeddable":true,"href":"https:\/\/www.quebakan.com\/v15\/wp-json\/wp\/v2\/tags?post=136654"}],"curies":[{"name":"wp","href":"https:\/\/api.w.org\/{rel}","templated":true}]}}