{"id":136657,"date":"2025-10-25T16:37:28","date_gmt":"2025-10-25T21:37:28","guid":{"rendered":"https:\/\/www.quebakan.com\/v15\/?p=136657"},"modified":"2025-10-25T16:37:28","modified_gmt":"2025-10-25T21:37:28","slug":"el-accidente-cerebrovascular-es-la-tercera-causa-de-muerte-en-ecuador","status":"publish","type":"post","link":"https:\/\/www.quebakan.com\/v15\/el-accidente-cerebrovascular-es-la-tercera-causa-de-muerte-en-ecuador\/","title":{"rendered":"El accidente cerebrovascular es la tercera causa de muerte en Ecuador"},"content":{"rendered":"<p><img fetchpriority=\"high\" decoding=\"async\" class=\"aligncenter size-full wp-image-136658\" src=\"https:\/\/www.quebakan.com\/v15\/wp-content\/uploads\/2025\/10\/SONRISA-2-2-compressed-2.jpg\" alt=\"\" width=\"652\" height=\"700\" \/><\/p>\n<ul>\n<li style=\"text-align: justify;\"><span style=\"color: #000000;\">Se estima que 1 de cada 4 personas en el mundo es afectada por un ACV.<\/span><\/li>\n<\/ul>\n<p style=\"text-align: justify;\"><span style=\"color: #000000;\"><strong>Quito, octubre de 2025.- <\/strong>Cada 29 de octubre se celebra el D\u00eda Mundial del Accidente Cerebrovascular (ACV), una fecha impulsada por la Organizaci\u00f3n Mundial del ACV (WSO por sus siglas en ingl\u00e9s) para visibilizar la magnitud de esta enfermedad. Su objetivo es educar acerca de los s\u00edntomas, prevenci\u00f3n y la importancia de la atenci\u00f3n m\u00e9dica inmediata.<\/span><\/p>\n<p style=\"text-align: justify;\"><span style=\"color: #000000;\">El accidente cerebrovascular afecta a 1 de cada 4 personas en el mundo y seg\u00fan la WSO, es la segunda causa de muerte y la principal causa de discapacidad a nivel mundial. \u00a0Seg\u00fan datos del INEC, en 2023, el ACV fue la tercera causa de muerte en Ecuador. De hecho, entre 2010 y 2020 hubo 44.095 fallecimientos, presentando un aumento sostenido, con una tasa de mortalidad que creci\u00f3 en promedio 0,87 % al a\u00f1o<a style=\"color: #000000;\" href=\"#_ftn1\" name=\"_ftnref1\">[1]<\/a>.<\/span><\/p>\n<p style=\"text-align: justify;\"><span style=\"color: #000000;\">Esta patolog\u00eda es tambi\u00e9n conocida como <strong>ictus,<\/strong> <strong>ataque o infarto cerebral<\/strong>, ocurre cuando el flujo de sangre hacia una parte del cerebro se interrumpe de forma repentina, ya sea por una obstrucci\u00f3n (ACV isqu\u00e9mico) o por la ruptura de un vaso sangu\u00edneo (ACV hemorr\u00e1gico). Esta interrupci\u00f3n impide que el cerebro reciba ox\u00edgeno y nutrientes, lo que puede provocar da\u00f1o cerebral permanente<a style=\"color: #000000;\" href=\"#_ftn2\" name=\"_ftnref2\">[2]<\/a>.<\/span><\/p>\n<p style=\"text-align: justify;\"><span style=\"color: #000000;\"><em>\u201cEl principal factor de riesgo es la hipertensi\u00f3n arterial no controlada. Sin embargo, existen otros factores que inciden en el ACV como: colesterol alto, diabetes, enfermedades card\u00edacas, tabaquismo, alcohol y mala dieta<\/em><a style=\"color: #000000;\" href=\"#_ftn3\" name=\"_ftnref3\"><strong>[3]<\/strong><\/a><strong>. <\/strong><em>Adem\u00e1s, hay factores no modificables que incluyen la edad avanzada, antecedentes familiares y g\u00e9nero\u201d<\/em>, asegura el Dr. Edwin Bucheli, Gerente M\u00e9dico en Boehringer Ingelheim<\/span><\/p>\n<p style=\"text-align: justify;\"><span style=\"color: #000000;\"><strong>\u00bfC\u00f3mo identificar un ACV?<\/strong><\/span><\/p>\n<p style=\"text-align: justify;\"><span style=\"color: #000000;\">La Dra. Mar\u00eda Jos\u00e9 Mancheno, senior MSL de Boehringer Ingelheim menciona que <em>\u201ccuando ocurre un ictus, la actuaci\u00f3n a tiempo es clave, ya que los tratamientos m\u00e1s efectivos contra el ACV solo pueden aplicarse si este se identifica y diagnostica dentro de las 4.5 horas posteriores a la manifestaci\u00f3n inicial de los s\u00edntomas\u201d<\/em>.<\/span><\/p>\n<p style=\"text-align: justify;\"><span style=\"color: #000000;\">Seg\u00fan la Asociaci\u00f3n Americana del Accidente Cerebrovascular, una de las maneras m\u00e1s sencillas para identificar las se\u00f1ales de alerta es recordar las letras de la palabra FAST:<\/span><\/p>\n<ul style=\"text-align: justify;\">\n<li><span style=\"color: #000000;\">\u201cF\u201d (face), corresponde a la cara: si un lado luce ca\u00eddo o entumecido y la sonrisa se ve irregular, es un signo de alarma.<\/span><\/li>\n<li><span style=\"color: #000000;\">\u201cA\u201d (arms), hace referencia al brazo: cuando uno de ellos no tiene fuerza o cae al intentar levantarlo, se debe sospechar de un ACV.<\/span><\/li>\n<li><span style=\"color: #000000;\">\u201cS\u201d (speak), est\u00e1 relacionada con el habla: un lenguaje arrastrado, confuso o extra\u00f1o tambi\u00e9n puede ser una se\u00f1al.<\/span><\/li>\n<li><span style=\"color: #000000;\">\u201cT\u201d (time), recordar la importancia del tiempo: ante cualquiera de estos s\u00edntomas, se debe llamar de inmediato al 911, ya que cada minuto cuenta para salvar el tejido cerebral.<\/span><\/li>\n<\/ul>\n<p style=\"text-align: justify;\"><span style=\"color: #000000;\"><strong>\u00bfC\u00f3mo prevenir un ACV?<\/strong><\/span><\/p>\n<p style=\"text-align: justify;\"><span style=\"color: #000000;\">La iniciativa \u201cAct\u00faa con velocidad\u201d, recomienda estar informado sobre los factores de riesgo, seguir las recomendaciones del m\u00e9dico y adoptar un estilo de vida saludable para prevenirlo, adoptando medidas como:<\/span><\/p>\n<ol style=\"text-align: justify;\">\n<li><span style=\"color: #000000;\"><strong>Controlar la presi\u00f3n arterial:<\/strong> Mantener niveles adecuados de presi\u00f3n es fundamental para prevenir complicaciones graves. Esto implica actividad f\u00edsica regular, reducir la sal y moderar el consumo de alcohol, adem\u00e1s del seguimiento m\u00e9dico.<\/span><\/li>\n<li><span style=\"color: #000000;\"><strong>Reducir el colesterol y grasas saturadas:<\/strong> Una dieta equilibrada, baja en grasas trans y saturadas; junto con el consumo de frutas, verduras y pescado, ayuda a disminuir los niveles de colesterol y proteger las arterias.<\/span><\/li>\n<li><span style=\"color: #000000;\"><strong>Dejar de fumar:<\/strong> El tabaquismo es uno de los principales factores de riesgo. Abandonar el cigarrillo, incluso despu\u00e9s de a\u00f1os de consumo, reduce significativamente la probabilidad de sufrir un accidente cerebrovascular.<\/span><\/li>\n<li><span style=\"color: #000000;\"><strong>Controlar la diabetes:<\/strong> Esta enfermedad requiere atenci\u00f3n m\u00e9dica, dieta adecuada y ejercicio para normalizar los niveles de glucosa y reducir complicaciones cardiovasculares y renales.<\/span><\/li>\n<li><span style=\"color: #000000;\"><strong>Mantener un peso saludable:<\/strong> Bajar entre 5 y 10 kilos puede marcar la diferencia en la prevenci\u00f3n de eventos card\u00edacos, ya que la obesidad est\u00e1 estrechamente ligada a la hipertensi\u00f3n y niveles elevados de colesterol.<\/span><\/li>\n<li><span style=\"color: #000000;\"><strong>Incrementar el consumo de frutas y verduras:<\/strong> Incorporar al menos cinco porciones al d\u00eda favorece una dieta equilibrada y disminuye los riesgos asociados a enfermedades del coraz\u00f3n.<\/span><\/li>\n<li><span style=\"color: #000000;\"><strong>Hacer ejercicio regularmente:<\/strong> La pr\u00e1ctica de al menos 30 minutos de actividad f\u00edsica diarios contribuye al fortalecimiento del sistema cardiovascular.<\/span><\/li>\n<li><span style=\"color: #000000;\"><strong>Tratar la apnea del sue\u00f1o:<\/strong> Este trastorno, frecuentemente subdiagnosticado, incrementa el riesgo de hipertensi\u00f3n y accidentes cerebrovasculares. Su detecci\u00f3n temprana y tratamiento adecuado son clave.<\/span><\/li>\n<\/ol>\n<p style=\"text-align: justify;\"><span style=\"color: #000000;\"><em>\u201cEl D\u00eda Mundial del Accidente Cerebrovascular es un recordatorio de que la prevenci\u00f3n est\u00e1 en nuestras manos. Adoptar h\u00e1bitos de vida saludables, conocer los s\u00edntomas de alarma y buscar atenci\u00f3n m\u00e9dica inmediata puede marcar la diferencia entre la vida y la discapacidad. Cada minuto cuenta: informarse y actuar a tiempo es la mejor herramienta para proteger el cerebro y el coraz\u00f3n\u201d<\/em>, resalta el Dr. Bucheli.<\/span><\/p>\n<p style=\"text-align: justify;\"><span style=\"color: #000000;\"><a style=\"color: #000000;\" href=\"#_ftnref1\" name=\"_ftn1\">[1]<\/a> Holgu\u00edn-Carvajal, JP, Palacios, F., &amp; Palomeque, I. (2024). An\u00e1lisis de la evoluci\u00f3n de la mortalidad por accidente cerebrovascular en Ecuador en el per\u00edodo 2010 a 2020. Recuperado en file:\/\/\/Users\/keyword_\/Downloads\/419-Texto%20del%20art%C3%ADculo-988-1-10-20241227%20(2).pdf<\/span><\/p>\n<p style=\"text-align: justify;\"><span style=\"color: #000000;\"><a style=\"color: #000000;\" href=\"#_ftnref2\" name=\"_ftn2\">[2]<\/a> MedlinePlus. (s.f.). <em>Accidente cerebrovascular<\/em>. Biblioteca Nacional de Medicina de EE.UU. https:\/\/medlineplus.gov\/spanish\/ency\/article\/000726.htm<\/span><\/p>\n<p style=\"text-align: justify;\"><span style=\"color: #000000;\"><a style=\"color: #000000;\" href=\"#_ftnref3\" name=\"_ftn3\">[3]<\/a> Centro para el Control y la Prevenci\u00f3n de Enfermedades. (2023). <em>Factores de riesgo de accidente cerebrovascular<\/em> . Recuperado en: <a style=\"color: #000000;\" href=\"https:\/\/www.cdc.gov\/stroke\/es\/risk-factors\/factores-de-riesgo-de-accidente-cerebrovascular.html\">https:\/\/www.cdc.gov\/stroke\/es\/risk-factors\/factores-de-riesgo-de-accidente-cerebrovascular.html<\/a><\/span><\/p>\n","protected":false},"excerpt":{"rendered":"<p>Se estima que 1 de cada 4 personas en el mundo es afectada por un ACV. Quito, octubre de 2025.- Cada 29 de octubre se celebra el D\u00eda Mundial del Accidente Cerebrovascular (ACV), una fecha impulsada por la Organizaci\u00f3n Mundial del ACV (WSO por sus siglas en ingl\u00e9s) para visibilizar la magnitud de esta enfermedad. [&hellip;]<\/p>\n","protected":false},"author":4,"featured_media":136658,"comment_status":"closed","ping_status":"closed","sticky":false,"template":"","format":"standard","meta":{"_bbp_topic_count":0,"_bbp_reply_count":0,"_bbp_total_topic_count":0,"_bbp_total_reply_count":0,"_bbp_voice_count":0,"_bbp_anonymous_reply_count":0,"_bbp_topic_count_hidden":0,"_bbp_reply_count_hidden":0,"_bbp_forum_subforum_count":0,"buzzeditor_post_format":"","footnotes":""},"categories":[2],"tags":[],"class_list":["post-136657","post","type-post","status-publish","format-standard","has-post-thumbnail","hentry","category-noticias"],"yoast_head":"<!-- This site is optimized with the Yoast SEO plugin v27.5 - https:\/\/yoast.com\/product\/yoast-seo-wordpress\/ -->\n<title>El accidente cerebrovascular es la tercera causa de muerte en Ecuador &#8211; QUEBAKAN.COM 2026: Noticias, Eventos, Conciertos y mucho m\u00e1s....<\/title>\n<meta name=\"robots\" content=\"index, follow, max-snippet:-1, max-image-preview:large, max-video-preview:-1\" \/>\n<link rel=\"canonical\" href=\"https:\/\/www.quebakan.com\/v15\/el-accidente-cerebrovascular-es-la-tercera-causa-de-muerte-en-ecuador\/\" \/>\n<meta property=\"og:locale\" content=\"es_ES\" \/>\n<meta property=\"og:type\" content=\"article\" \/>\n<meta property=\"og:title\" content=\"El accidente cerebrovascular es la tercera causa de muerte en Ecuador &#8211; QUEBAKAN.COM 2026: Noticias, Eventos, Conciertos y mucho m\u00e1s....\" \/>\n<meta property=\"og:description\" content=\"Se estima que 1 de cada 4 personas en el mundo es afectada por un ACV. Quito, octubre de 2025.- Cada 29 de octubre se celebra el D\u00eda Mundial del Accidente Cerebrovascular (ACV), una fecha impulsada por la Organizaci\u00f3n Mundial del ACV (WSO por sus siglas en ingl\u00e9s) para visibilizar la magnitud de esta enfermedad. [&hellip;]\" \/>\n<meta property=\"og:url\" content=\"https:\/\/www.quebakan.com\/v15\/el-accidente-cerebrovascular-es-la-tercera-causa-de-muerte-en-ecuador\/\" \/>\n<meta property=\"og:site_name\" content=\"QUEBAKAN.COM 2026: Noticias, Eventos, Conciertos y mucho m\u00e1s....\" \/>\n<meta property=\"article:publisher\" content=\"http:\/\/www.facebook.com\/quebakan\" \/>\n<meta property=\"article:published_time\" content=\"2025-10-25T21:37:28+00:00\" \/>\n<meta property=\"og:image\" content=\"https:\/\/www.quebakan.com\/v15\/wp-content\/uploads\/2025\/10\/SONRISA-2-2-compressed-2.jpg\" \/>\n\t<meta property=\"og:image:width\" content=\"652\" \/>\n\t<meta property=\"og:image:height\" content=\"700\" \/>\n\t<meta property=\"og:image:type\" content=\"image\/jpeg\" \/>\n<meta name=\"author\" content=\"Erick Villafuerte\" \/>\n<meta name=\"twitter:card\" content=\"summary_large_image\" \/>\n<meta name=\"twitter:creator\" content=\"@quebakanec\" \/>\n<meta name=\"twitter:site\" content=\"@quebakanec\" \/>\n<meta name=\"twitter:label1\" content=\"Escrito por\" \/>\n\t<meta name=\"twitter:data1\" content=\"Erick Villafuerte\" \/>\n\t<meta name=\"twitter:label2\" content=\"Tiempo de lectura\" \/>\n\t<meta name=\"twitter:data2\" content=\"5 minutos\" \/>\n<script type=\"application\/ld+json\" class=\"yoast-schema-graph\">{\"@context\":\"https:\\\/\\\/schema.org\",\"@graph\":[{\"@type\":\"Article\",\"@id\":\"https:\\\/\\\/www.quebakan.com\\\/v15\\\/el-accidente-cerebrovascular-es-la-tercera-causa-de-muerte-en-ecuador\\\/#article\",\"isPartOf\":{\"@id\":\"https:\\\/\\\/www.quebakan.com\\\/v15\\\/el-accidente-cerebrovascular-es-la-tercera-causa-de-muerte-en-ecuador\\\/\"},\"author\":{\"name\":\"Erick Villafuerte\",\"@id\":\"https:\\\/\\\/www.quebakan.com\\\/v15\\\/#\\\/schema\\\/person\\\/d90fa9f9cfa81eb8ace9811e5b7b9118\"},\"headline\":\"El accidente cerebrovascular es la tercera causa de muerte en Ecuador\",\"datePublished\":\"2025-10-25T21:37:28+00:00\",\"mainEntityOfPage\":{\"@id\":\"https:\\\/\\\/www.quebakan.com\\\/v15\\\/el-accidente-cerebrovascular-es-la-tercera-causa-de-muerte-en-ecuador\\\/\"},\"wordCount\":922,\"publisher\":{\"@id\":\"https:\\\/\\\/www.quebakan.com\\\/v15\\\/#organization\"},\"image\":{\"@id\":\"https:\\\/\\\/www.quebakan.com\\\/v15\\\/el-accidente-cerebrovascular-es-la-tercera-causa-de-muerte-en-ecuador\\\/#primaryimage\"},\"thumbnailUrl\":\"https:\\\/\\\/www.quebakan.com\\\/v15\\\/wp-content\\\/uploads\\\/2025\\\/10\\\/SONRISA-2-2-compressed-2.jpg\",\"articleSection\":[\"Noticias\"],\"inLanguage\":\"es\"},{\"@type\":\"WebPage\",\"@id\":\"https:\\\/\\\/www.quebakan.com\\\/v15\\\/el-accidente-cerebrovascular-es-la-tercera-causa-de-muerte-en-ecuador\\\/\",\"url\":\"https:\\\/\\\/www.quebakan.com\\\/v15\\\/el-accidente-cerebrovascular-es-la-tercera-causa-de-muerte-en-ecuador\\\/\",\"name\":\"El accidente cerebrovascular es la tercera causa de muerte en Ecuador &#8211; QUEBAKAN.COM 2026: Noticias, Eventos, Conciertos y mucho m\u00e1s....\",\"isPartOf\":{\"@id\":\"https:\\\/\\\/www.quebakan.com\\\/v15\\\/#website\"},\"primaryImageOfPage\":{\"@id\":\"https:\\\/\\\/www.quebakan.com\\\/v15\\\/el-accidente-cerebrovascular-es-la-tercera-causa-de-muerte-en-ecuador\\\/#primaryimage\"},\"image\":{\"@id\":\"https:\\\/\\\/www.quebakan.com\\\/v15\\\/el-accidente-cerebrovascular-es-la-tercera-causa-de-muerte-en-ecuador\\\/#primaryimage\"},\"thumbnailUrl\":\"https:\\\/\\\/www.quebakan.com\\\/v15\\\/wp-content\\\/uploads\\\/2025\\\/10\\\/SONRISA-2-2-compressed-2.jpg\",\"datePublished\":\"2025-10-25T21:37:28+00:00\",\"breadcrumb\":{\"@id\":\"https:\\\/\\\/www.quebakan.com\\\/v15\\\/el-accidente-cerebrovascular-es-la-tercera-causa-de-muerte-en-ecuador\\\/#breadcrumb\"},\"inLanguage\":\"es\",\"potentialAction\":[{\"@type\":\"ReadAction\",\"target\":[\"https:\\\/\\\/www.quebakan.com\\\/v15\\\/el-accidente-cerebrovascular-es-la-tercera-causa-de-muerte-en-ecuador\\\/\"]}]},{\"@type\":\"ImageObject\",\"inLanguage\":\"es\",\"@id\":\"https:\\\/\\\/www.quebakan.com\\\/v15\\\/el-accidente-cerebrovascular-es-la-tercera-causa-de-muerte-en-ecuador\\\/#primaryimage\",\"url\":\"https:\\\/\\\/www.quebakan.com\\\/v15\\\/wp-content\\\/uploads\\\/2025\\\/10\\\/SONRISA-2-2-compressed-2.jpg\",\"contentUrl\":\"https:\\\/\\\/www.quebakan.com\\\/v15\\\/wp-content\\\/uploads\\\/2025\\\/10\\\/SONRISA-2-2-compressed-2.jpg\",\"width\":652,\"height\":700},{\"@type\":\"BreadcrumbList\",\"@id\":\"https:\\\/\\\/www.quebakan.com\\\/v15\\\/el-accidente-cerebrovascular-es-la-tercera-causa-de-muerte-en-ecuador\\\/#breadcrumb\",\"itemListElement\":[{\"@type\":\"ListItem\",\"position\":1,\"name\":\"Portada\",\"item\":\"https:\\\/\\\/www.quebakan.com\\\/v15\\\/\"},{\"@type\":\"ListItem\",\"position\":2,\"name\":\"El accidente cerebrovascular es la tercera causa de muerte en Ecuador\"}]},{\"@type\":\"WebSite\",\"@id\":\"https:\\\/\\\/www.quebakan.com\\\/v15\\\/#website\",\"url\":\"https:\\\/\\\/www.quebakan.com\\\/v15\\\/\",\"name\":\"QUEBAKAN\",\"description\":\"..\",\"publisher\":{\"@id\":\"https:\\\/\\\/www.quebakan.com\\\/v15\\\/#organization\"},\"potentialAction\":[{\"@type\":\"SearchAction\",\"target\":{\"@type\":\"EntryPoint\",\"urlTemplate\":\"https:\\\/\\\/www.quebakan.com\\\/v15\\\/?s={search_term_string}\"},\"query-input\":{\"@type\":\"PropertyValueSpecification\",\"valueRequired\":true,\"valueName\":\"search_term_string\"}}],\"inLanguage\":\"es\"},{\"@type\":\"Organization\",\"@id\":\"https:\\\/\\\/www.quebakan.com\\\/v15\\\/#organization\",\"name\":\"Quebakan.com\",\"url\":\"https:\\\/\\\/www.quebakan.com\\\/v15\\\/\",\"logo\":{\"@type\":\"ImageObject\",\"inLanguage\":\"es\",\"@id\":\"https:\\\/\\\/www.quebakan.com\\\/v15\\\/#\\\/schema\\\/logo\\\/image\\\/\",\"url\":\"https:\\\/\\\/www.quebakan.com\\\/v15\\\/wp-content\\\/uploads\\\/2023\\\/07\\\/logoquebakanenero2021.jpg\",\"contentUrl\":\"https:\\\/\\\/www.quebakan.com\\\/v15\\\/wp-content\\\/uploads\\\/2023\\\/07\\\/logoquebakanenero2021.jpg\",\"width\":1920,\"height\":1080,\"caption\":\"Quebakan.com\"},\"image\":{\"@id\":\"https:\\\/\\\/www.quebakan.com\\\/v15\\\/#\\\/schema\\\/logo\\\/image\\\/\"},\"sameAs\":[\"http:\\\/\\\/www.facebook.com\\\/quebakan\",\"https:\\\/\\\/x.com\\\/quebakanec\",\"http:\\\/\\\/www.instagram.com\\\/quebakan\",\"http:\\\/\\\/www.youtube.com\\\/quebakan1\"]},{\"@type\":\"Person\",\"@id\":\"https:\\\/\\\/www.quebakan.com\\\/v15\\\/#\\\/schema\\\/person\\\/d90fa9f9cfa81eb8ace9811e5b7b9118\",\"name\":\"Erick Villafuerte\",\"image\":{\"@type\":\"ImageObject\",\"inLanguage\":\"es\",\"@id\":\"https:\\\/\\\/www.quebakan.com\\\/v15\\\/wp-content\\\/uploads\\\/avatars\\\/4\\\/1731297654-bpfull.png\",\"url\":\"https:\\\/\\\/www.quebakan.com\\\/v15\\\/wp-content\\\/uploads\\\/avatars\\\/4\\\/1731297654-bpfull.png\",\"contentUrl\":\"https:\\\/\\\/www.quebakan.com\\\/v15\\\/wp-content\\\/uploads\\\/avatars\\\/4\\\/1731297654-bpfull.png\",\"caption\":\"Erick Villafuerte\"}}]}<\/script>\n<!-- \/ Yoast SEO plugin. -->","yoast_head_json":{"title":"El accidente cerebrovascular es la tercera causa de muerte en Ecuador &#8211; QUEBAKAN.COM 2026: Noticias, Eventos, Conciertos y mucho m\u00e1s....","robots":{"index":"index","follow":"follow","max-snippet":"max-snippet:-1","max-image-preview":"max-image-preview:large","max-video-preview":"max-video-preview:-1"},"canonical":"https:\/\/www.quebakan.com\/v15\/el-accidente-cerebrovascular-es-la-tercera-causa-de-muerte-en-ecuador\/","og_locale":"es_ES","og_type":"article","og_title":"El accidente cerebrovascular es la tercera causa de muerte en Ecuador &#8211; QUEBAKAN.COM 2026: Noticias, Eventos, Conciertos y mucho m\u00e1s....","og_description":"Se estima que 1 de cada 4 personas en el mundo es afectada por un ACV. Quito, octubre de 2025.- Cada 29 de octubre se celebra el D\u00eda Mundial del Accidente Cerebrovascular (ACV), una fecha impulsada por la Organizaci\u00f3n Mundial del ACV (WSO por sus siglas en ingl\u00e9s) para visibilizar la magnitud de esta enfermedad. [&hellip;]","og_url":"https:\/\/www.quebakan.com\/v15\/el-accidente-cerebrovascular-es-la-tercera-causa-de-muerte-en-ecuador\/","og_site_name":"QUEBAKAN.COM 2026: Noticias, Eventos, Conciertos y mucho m\u00e1s....","article_publisher":"http:\/\/www.facebook.com\/quebakan","article_published_time":"2025-10-25T21:37:28+00:00","og_image":[{"width":652,"height":700,"url":"https:\/\/www.quebakan.com\/v15\/wp-content\/uploads\/2025\/10\/SONRISA-2-2-compressed-2.jpg","type":"image\/jpeg"}],"author":"Erick Villafuerte","twitter_card":"summary_large_image","twitter_creator":"@quebakanec","twitter_site":"@quebakanec","twitter_misc":{"Escrito por":"Erick Villafuerte","Tiempo de lectura":"5 minutos"},"schema":{"@context":"https:\/\/schema.org","@graph":[{"@type":"Article","@id":"https:\/\/www.quebakan.com\/v15\/el-accidente-cerebrovascular-es-la-tercera-causa-de-muerte-en-ecuador\/#article","isPartOf":{"@id":"https:\/\/www.quebakan.com\/v15\/el-accidente-cerebrovascular-es-la-tercera-causa-de-muerte-en-ecuador\/"},"author":{"name":"Erick Villafuerte","@id":"https:\/\/www.quebakan.com\/v15\/#\/schema\/person\/d90fa9f9cfa81eb8ace9811e5b7b9118"},"headline":"El accidente cerebrovascular es la tercera causa de muerte en Ecuador","datePublished":"2025-10-25T21:37:28+00:00","mainEntityOfPage":{"@id":"https:\/\/www.quebakan.com\/v15\/el-accidente-cerebrovascular-es-la-tercera-causa-de-muerte-en-ecuador\/"},"wordCount":922,"publisher":{"@id":"https:\/\/www.quebakan.com\/v15\/#organization"},"image":{"@id":"https:\/\/www.quebakan.com\/v15\/el-accidente-cerebrovascular-es-la-tercera-causa-de-muerte-en-ecuador\/#primaryimage"},"thumbnailUrl":"https:\/\/www.quebakan.com\/v15\/wp-content\/uploads\/2025\/10\/SONRISA-2-2-compressed-2.jpg","articleSection":["Noticias"],"inLanguage":"es"},{"@type":"WebPage","@id":"https:\/\/www.quebakan.com\/v15\/el-accidente-cerebrovascular-es-la-tercera-causa-de-muerte-en-ecuador\/","url":"https:\/\/www.quebakan.com\/v15\/el-accidente-cerebrovascular-es-la-tercera-causa-de-muerte-en-ecuador\/","name":"El accidente cerebrovascular es la tercera causa de muerte en Ecuador &#8211; QUEBAKAN.COM 2026: Noticias, Eventos, Conciertos y mucho m\u00e1s....","isPartOf":{"@id":"https:\/\/www.quebakan.com\/v15\/#website"},"primaryImageOfPage":{"@id":"https:\/\/www.quebakan.com\/v15\/el-accidente-cerebrovascular-es-la-tercera-causa-de-muerte-en-ecuador\/#primaryimage"},"image":{"@id":"https:\/\/www.quebakan.com\/v15\/el-accidente-cerebrovascular-es-la-tercera-causa-de-muerte-en-ecuador\/#primaryimage"},"thumbnailUrl":"https:\/\/www.quebakan.com\/v15\/wp-content\/uploads\/2025\/10\/SONRISA-2-2-compressed-2.jpg","datePublished":"2025-10-25T21:37:28+00:00","breadcrumb":{"@id":"https:\/\/www.quebakan.com\/v15\/el-accidente-cerebrovascular-es-la-tercera-causa-de-muerte-en-ecuador\/#breadcrumb"},"inLanguage":"es","potentialAction":[{"@type":"ReadAction","target":["https:\/\/www.quebakan.com\/v15\/el-accidente-cerebrovascular-es-la-tercera-causa-de-muerte-en-ecuador\/"]}]},{"@type":"ImageObject","inLanguage":"es","@id":"https:\/\/www.quebakan.com\/v15\/el-accidente-cerebrovascular-es-la-tercera-causa-de-muerte-en-ecuador\/#primaryimage","url":"https:\/\/www.quebakan.com\/v15\/wp-content\/uploads\/2025\/10\/SONRISA-2-2-compressed-2.jpg","contentUrl":"https:\/\/www.quebakan.com\/v15\/wp-content\/uploads\/2025\/10\/SONRISA-2-2-compressed-2.jpg","width":652,"height":700},{"@type":"BreadcrumbList","@id":"https:\/\/www.quebakan.com\/v15\/el-accidente-cerebrovascular-es-la-tercera-causa-de-muerte-en-ecuador\/#breadcrumb","itemListElement":[{"@type":"ListItem","position":1,"name":"Portada","item":"https:\/\/www.quebakan.com\/v15\/"},{"@type":"ListItem","position":2,"name":"El accidente cerebrovascular es la tercera causa de muerte en Ecuador"}]},{"@type":"WebSite","@id":"https:\/\/www.quebakan.com\/v15\/#website","url":"https:\/\/www.quebakan.com\/v15\/","name":"QUEBAKAN","description":"..","publisher":{"@id":"https:\/\/www.quebakan.com\/v15\/#organization"},"potentialAction":[{"@type":"SearchAction","target":{"@type":"EntryPoint","urlTemplate":"https:\/\/www.quebakan.com\/v15\/?s={search_term_string}"},"query-input":{"@type":"PropertyValueSpecification","valueRequired":true,"valueName":"search_term_string"}}],"inLanguage":"es"},{"@type":"Organization","@id":"https:\/\/www.quebakan.com\/v15\/#organization","name":"Quebakan.com","url":"https:\/\/www.quebakan.com\/v15\/","logo":{"@type":"ImageObject","inLanguage":"es","@id":"https:\/\/www.quebakan.com\/v15\/#\/schema\/logo\/image\/","url":"https:\/\/www.quebakan.com\/v15\/wp-content\/uploads\/2023\/07\/logoquebakanenero2021.jpg","contentUrl":"https:\/\/www.quebakan.com\/v15\/wp-content\/uploads\/2023\/07\/logoquebakanenero2021.jpg","width":1920,"height":1080,"caption":"Quebakan.com"},"image":{"@id":"https:\/\/www.quebakan.com\/v15\/#\/schema\/logo\/image\/"},"sameAs":["http:\/\/www.facebook.com\/quebakan","https:\/\/x.com\/quebakanec","http:\/\/www.instagram.com\/quebakan","http:\/\/www.youtube.com\/quebakan1"]},{"@type":"Person","@id":"https:\/\/www.quebakan.com\/v15\/#\/schema\/person\/d90fa9f9cfa81eb8ace9811e5b7b9118","name":"Erick Villafuerte","image":{"@type":"ImageObject","inLanguage":"es","@id":"https:\/\/www.quebakan.com\/v15\/wp-content\/uploads\/avatars\/4\/1731297654-bpfull.png","url":"https:\/\/www.quebakan.com\/v15\/wp-content\/uploads\/avatars\/4\/1731297654-bpfull.png","contentUrl":"https:\/\/www.quebakan.com\/v15\/wp-content\/uploads\/avatars\/4\/1731297654-bpfull.png","caption":"Erick Villafuerte"}}]}},"_links":{"self":[{"href":"https:\/\/www.quebakan.com\/v15\/wp-json\/wp\/v2\/posts\/136657","targetHints":{"allow":["GET"]}}],"collection":[{"href":"https:\/\/www.quebakan.com\/v15\/wp-json\/wp\/v2\/posts"}],"about":[{"href":"https:\/\/www.quebakan.com\/v15\/wp-json\/wp\/v2\/types\/post"}],"author":[{"embeddable":true,"href":"https:\/\/www.quebakan.com\/v15\/wp-json\/wp\/v2\/users\/4"}],"replies":[{"embeddable":true,"href":"https:\/\/www.quebakan.com\/v15\/wp-json\/wp\/v2\/comments?post=136657"}],"version-history":[{"count":1,"href":"https:\/\/www.quebakan.com\/v15\/wp-json\/wp\/v2\/posts\/136657\/revisions"}],"predecessor-version":[{"id":136659,"href":"https:\/\/www.quebakan.com\/v15\/wp-json\/wp\/v2\/posts\/136657\/revisions\/136659"}],"wp:featuredmedia":[{"embeddable":true,"href":"https:\/\/www.quebakan.com\/v15\/wp-json\/wp\/v2\/media\/136658"}],"wp:attachment":[{"href":"https:\/\/www.quebakan.com\/v15\/wp-json\/wp\/v2\/media?parent=136657"}],"wp:term":[{"taxonomy":"category","embeddable":true,"href":"https:\/\/www.quebakan.com\/v15\/wp-json\/wp\/v2\/categories?post=136657"},{"taxonomy":"post_tag","embeddable":true,"href":"https:\/\/www.quebakan.com\/v15\/wp-json\/wp\/v2\/tags?post=136657"}],"curies":[{"name":"wp","href":"https:\/\/api.w.org\/{rel}","templated":true}]}}