{"id":136666,"date":"2025-10-25T16:50:20","date_gmt":"2025-10-25T21:50:20","guid":{"rendered":"https:\/\/www.quebakan.com\/v15\/?p=136666"},"modified":"2025-10-25T16:50:20","modified_gmt":"2025-10-25T21:50:20","slug":"colmena-erp-impulso-el-desarrollo-profesional-en-el-sector-tecnologico-mediante-jornadas-de-capacitacion-gratuito","status":"publish","type":"post","link":"https:\/\/www.quebakan.com\/v15\/colmena-erp-impulso-el-desarrollo-profesional-en-el-sector-tecnologico-mediante-jornadas-de-capacitacion-gratuito\/","title":{"rendered":"COLMENA ERP impuls\u00f3 el desarrollo profesional en el sector tecnol\u00f3gico mediante jornadas de capacitaci\u00f3n gratuito"},"content":{"rendered":"<p><img fetchpriority=\"high\" decoding=\"async\" class=\"aligncenter size-full wp-image-136667\" src=\"https:\/\/www.quebakan.com\/v15\/wp-content\/uploads\/2025\/10\/capacitacion.jpg\" alt=\"\" width=\"700\" height=\"525\" \/><\/p>\n<p style=\"text-align: justify;\"><span style=\"color: #000000;\"><strong>En la foto: <\/strong><em>Diego Cepeda, Xavier Trejo representantes de Colmena ERP y participantes del programa<\/em> <em>de ventas y comercializaci\u00f3n de software.<\/em><\/span><\/p>\n<p style=\"text-align: justify;\"><span style=\"color: #000000;\"><strong>Guayaquil, octubre 2021.-<\/strong> Con el prop\u00f3sito de fortalecer las capacidades de profesionales y emprendedores en el entorno digital, COLMENA ERP llev\u00f3 a cabo su programa gratuito de ventas y comercializaci\u00f3n de software, una iniciativa que reafirma su compromiso con la formaci\u00f3n e innovaci\u00f3n en el ecosistema tecnol\u00f3gico ecuatoriano.<\/span><\/p>\n<p style=\"text-align: justify;\"><span style=\"color: #000000;\">El programa, que combin\u00f3 dos jornadas virtuales y un encuentro presencial, reuni\u00f3 amantes de las ventas interesados en adquirir herramientas pr\u00e1cticas para potenciar sus habilidades comerciales y comprender las tendencias actuales del mercado digital. Durante las sesiones, expertos de COLMENA ERP compartieron estrategias efectivas para la gesti\u00f3n de clientes, t\u00e9cnicas de venta consultiva y el uso inteligente de plataformas tecnol\u00f3gicas para impulsar resultados de negocio.<\/span><\/p>\n<p style=\"text-align: justify;\"><span style=\"color: #000000;\">M\u00e1s all\u00e1 de la capacitaci\u00f3n t\u00e9cnica, la iniciativa se enmarca en la estrategia de Responsabilidad Social Empresarial (RSE) de COLMENA ERP, orientada a promover la educaci\u00f3n continua y el desarrollo profesional en un sector clave para la transformaci\u00f3n digital del pa\u00eds.<\/span><\/p>\n<p style=\"text-align: justify;\"><span style=\"color: #000000;\">\u201cCreemos firmemente que el conocimiento es el motor de la competitividad. Este programa es nuestra manera de aportar al crecimiento de quienes impulsan el cambio tecnol\u00f3gico desde el \u00e1mbito comercial\u201d, destac\u00f3 Gina Mac\u00edas \u2013 CEO de COLMENA ERP.<\/span><\/p>\n<p style=\"text-align: justify;\"><span style=\"color: #000000;\">El encuentro presencial, que marc\u00f3 el cierre del programa, permiti\u00f3 generar espacios de networking y colaboraci\u00f3n entre los participantes, consolidando una comunidad de profesionales comprometidos con la innovaci\u00f3n y la excelencia en la comercializaci\u00f3n de soluciones digitales.<\/span><\/p>\n<p style=\"text-align: justify;\"><span style=\"color: #000000;\">Con iniciativas como esta, COLMENA ERP contin\u00faa posicion\u00e1ndose como un actor clave en la transformaci\u00f3n digital de las empresas ecuatorianas, promoviendo una cultura empresarial basada en el aprendizaje, la tecnolog\u00eda y la responsabilidad social.<\/span><\/p>\n","protected":false},"excerpt":{"rendered":"<p>En la foto: Diego Cepeda, Xavier Trejo representantes de Colmena ERP y participantes del programa de ventas y comercializaci\u00f3n de software. Guayaquil, octubre 2021.- Con el prop\u00f3sito de fortalecer las capacidades de profesionales y emprendedores en el entorno digital, COLMENA ERP llev\u00f3 a cabo su programa gratuito de ventas y comercializaci\u00f3n de software, una iniciativa [&hellip;]<\/p>\n","protected":false},"author":4,"featured_media":136667,"comment_status":"closed","ping_status":"closed","sticky":false,"template":"","format":"standard","meta":{"_bbp_topic_count":0,"_bbp_reply_count":0,"_bbp_total_topic_count":0,"_bbp_total_reply_count":0,"_bbp_voice_count":0,"_bbp_anonymous_reply_count":0,"_bbp_topic_count_hidden":0,"_bbp_reply_count_hidden":0,"_bbp_forum_subforum_count":0,"buzzeditor_post_format":"","footnotes":""},"categories":[2],"tags":[],"class_list":["post-136666","post","type-post","status-publish","format-standard","has-post-thumbnail","hentry","category-noticias"],"yoast_head":"<!-- This site is optimized with the Yoast SEO plugin v27.5 - https:\/\/yoast.com\/product\/yoast-seo-wordpress\/ -->\n<title>COLMENA ERP impuls\u00f3 el desarrollo profesional en el sector tecnol\u00f3gico mediante jornadas de capacitaci\u00f3n gratuito &#8211; QUEBAKAN.COM 2026: Noticias, Eventos, Conciertos y mucho m\u00e1s....<\/title>\n<meta name=\"robots\" content=\"index, follow, max-snippet:-1, max-image-preview:large, max-video-preview:-1\" \/>\n<link rel=\"canonical\" href=\"https:\/\/www.quebakan.com\/v15\/colmena-erp-impulso-el-desarrollo-profesional-en-el-sector-tecnologico-mediante-jornadas-de-capacitacion-gratuito\/\" \/>\n<meta property=\"og:locale\" content=\"es_ES\" \/>\n<meta property=\"og:type\" content=\"article\" \/>\n<meta property=\"og:title\" content=\"COLMENA ERP impuls\u00f3 el desarrollo profesional en el sector tecnol\u00f3gico mediante jornadas de capacitaci\u00f3n gratuito &#8211; QUEBAKAN.COM 2026: Noticias, Eventos, Conciertos y mucho m\u00e1s....\" \/>\n<meta property=\"og:description\" content=\"En la foto: Diego Cepeda, Xavier Trejo representantes de Colmena ERP y participantes del programa de ventas y comercializaci\u00f3n de software. Guayaquil, octubre 2021.- Con el prop\u00f3sito de fortalecer las capacidades de profesionales y emprendedores en el entorno digital, COLMENA ERP llev\u00f3 a cabo su programa gratuito de ventas y comercializaci\u00f3n de software, una iniciativa [&hellip;]\" \/>\n<meta property=\"og:url\" content=\"https:\/\/www.quebakan.com\/v15\/colmena-erp-impulso-el-desarrollo-profesional-en-el-sector-tecnologico-mediante-jornadas-de-capacitacion-gratuito\/\" \/>\n<meta property=\"og:site_name\" content=\"QUEBAKAN.COM 2026: Noticias, Eventos, Conciertos y mucho m\u00e1s....\" \/>\n<meta property=\"article:publisher\" content=\"http:\/\/www.facebook.com\/quebakan\" \/>\n<meta property=\"article:published_time\" content=\"2025-10-25T21:50:20+00:00\" \/>\n<meta property=\"og:image\" content=\"https:\/\/www.quebakan.com\/v15\/wp-content\/uploads\/2025\/10\/capacitacion.jpg\" \/>\n\t<meta property=\"og:image:width\" content=\"700\" \/>\n\t<meta property=\"og:image:height\" content=\"525\" \/>\n\t<meta property=\"og:image:type\" content=\"image\/jpeg\" \/>\n<meta name=\"author\" content=\"Erick Villafuerte\" \/>\n<meta name=\"twitter:card\" content=\"summary_large_image\" \/>\n<meta name=\"twitter:creator\" content=\"@quebakanec\" \/>\n<meta name=\"twitter:site\" content=\"@quebakanec\" \/>\n<meta name=\"twitter:label1\" content=\"Escrito por\" \/>\n\t<meta name=\"twitter:data1\" content=\"Erick Villafuerte\" \/>\n\t<meta name=\"twitter:label2\" content=\"Tiempo de lectura\" \/>\n\t<meta name=\"twitter:data2\" content=\"2 minutos\" \/>\n<script type=\"application\/ld+json\" class=\"yoast-schema-graph\">{\"@context\":\"https:\\\/\\\/schema.org\",\"@graph\":[{\"@type\":\"Article\",\"@id\":\"https:\\\/\\\/www.quebakan.com\\\/v15\\\/colmena-erp-impulso-el-desarrollo-profesional-en-el-sector-tecnologico-mediante-jornadas-de-capacitacion-gratuito\\\/#article\",\"isPartOf\":{\"@id\":\"https:\\\/\\\/www.quebakan.com\\\/v15\\\/colmena-erp-impulso-el-desarrollo-profesional-en-el-sector-tecnologico-mediante-jornadas-de-capacitacion-gratuito\\\/\"},\"author\":{\"name\":\"Erick Villafuerte\",\"@id\":\"https:\\\/\\\/www.quebakan.com\\\/v15\\\/#\\\/schema\\\/person\\\/d90fa9f9cfa81eb8ace9811e5b7b9118\"},\"headline\":\"COLMENA ERP impuls\u00f3 el desarrollo profesional en el sector tecnol\u00f3gico mediante jornadas de capacitaci\u00f3n gratuito\",\"datePublished\":\"2025-10-25T21:50:20+00:00\",\"mainEntityOfPage\":{\"@id\":\"https:\\\/\\\/www.quebakan.com\\\/v15\\\/colmena-erp-impulso-el-desarrollo-profesional-en-el-sector-tecnologico-mediante-jornadas-de-capacitacion-gratuito\\\/\"},\"wordCount\":325,\"publisher\":{\"@id\":\"https:\\\/\\\/www.quebakan.com\\\/v15\\\/#organization\"},\"image\":{\"@id\":\"https:\\\/\\\/www.quebakan.com\\\/v15\\\/colmena-erp-impulso-el-desarrollo-profesional-en-el-sector-tecnologico-mediante-jornadas-de-capacitacion-gratuito\\\/#primaryimage\"},\"thumbnailUrl\":\"https:\\\/\\\/www.quebakan.com\\\/v15\\\/wp-content\\\/uploads\\\/2025\\\/10\\\/capacitacion.jpg\",\"articleSection\":[\"Noticias\"],\"inLanguage\":\"es\"},{\"@type\":\"WebPage\",\"@id\":\"https:\\\/\\\/www.quebakan.com\\\/v15\\\/colmena-erp-impulso-el-desarrollo-profesional-en-el-sector-tecnologico-mediante-jornadas-de-capacitacion-gratuito\\\/\",\"url\":\"https:\\\/\\\/www.quebakan.com\\\/v15\\\/colmena-erp-impulso-el-desarrollo-profesional-en-el-sector-tecnologico-mediante-jornadas-de-capacitacion-gratuito\\\/\",\"name\":\"COLMENA ERP impuls\u00f3 el desarrollo profesional en el sector tecnol\u00f3gico mediante jornadas de capacitaci\u00f3n gratuito &#8211; QUEBAKAN.COM 2026: Noticias, Eventos, Conciertos y mucho m\u00e1s....\",\"isPartOf\":{\"@id\":\"https:\\\/\\\/www.quebakan.com\\\/v15\\\/#website\"},\"primaryImageOfPage\":{\"@id\":\"https:\\\/\\\/www.quebakan.com\\\/v15\\\/colmena-erp-impulso-el-desarrollo-profesional-en-el-sector-tecnologico-mediante-jornadas-de-capacitacion-gratuito\\\/#primaryimage\"},\"image\":{\"@id\":\"https:\\\/\\\/www.quebakan.com\\\/v15\\\/colmena-erp-impulso-el-desarrollo-profesional-en-el-sector-tecnologico-mediante-jornadas-de-capacitacion-gratuito\\\/#primaryimage\"},\"thumbnailUrl\":\"https:\\\/\\\/www.quebakan.com\\\/v15\\\/wp-content\\\/uploads\\\/2025\\\/10\\\/capacitacion.jpg\",\"datePublished\":\"2025-10-25T21:50:20+00:00\",\"breadcrumb\":{\"@id\":\"https:\\\/\\\/www.quebakan.com\\\/v15\\\/colmena-erp-impulso-el-desarrollo-profesional-en-el-sector-tecnologico-mediante-jornadas-de-capacitacion-gratuito\\\/#breadcrumb\"},\"inLanguage\":\"es\",\"potentialAction\":[{\"@type\":\"ReadAction\",\"target\":[\"https:\\\/\\\/www.quebakan.com\\\/v15\\\/colmena-erp-impulso-el-desarrollo-profesional-en-el-sector-tecnologico-mediante-jornadas-de-capacitacion-gratuito\\\/\"]}]},{\"@type\":\"ImageObject\",\"inLanguage\":\"es\",\"@id\":\"https:\\\/\\\/www.quebakan.com\\\/v15\\\/colmena-erp-impulso-el-desarrollo-profesional-en-el-sector-tecnologico-mediante-jornadas-de-capacitacion-gratuito\\\/#primaryimage\",\"url\":\"https:\\\/\\\/www.quebakan.com\\\/v15\\\/wp-content\\\/uploads\\\/2025\\\/10\\\/capacitacion.jpg\",\"contentUrl\":\"https:\\\/\\\/www.quebakan.com\\\/v15\\\/wp-content\\\/uploads\\\/2025\\\/10\\\/capacitacion.jpg\",\"width\":700,\"height\":525},{\"@type\":\"BreadcrumbList\",\"@id\":\"https:\\\/\\\/www.quebakan.com\\\/v15\\\/colmena-erp-impulso-el-desarrollo-profesional-en-el-sector-tecnologico-mediante-jornadas-de-capacitacion-gratuito\\\/#breadcrumb\",\"itemListElement\":[{\"@type\":\"ListItem\",\"position\":1,\"name\":\"Portada\",\"item\":\"https:\\\/\\\/www.quebakan.com\\\/v15\\\/\"},{\"@type\":\"ListItem\",\"position\":2,\"name\":\"COLMENA ERP impuls\u00f3 el desarrollo profesional en el sector tecnol\u00f3gico mediante jornadas de capacitaci\u00f3n gratuito\"}]},{\"@type\":\"WebSite\",\"@id\":\"https:\\\/\\\/www.quebakan.com\\\/v15\\\/#website\",\"url\":\"https:\\\/\\\/www.quebakan.com\\\/v15\\\/\",\"name\":\"QUEBAKAN\",\"description\":\"..\",\"publisher\":{\"@id\":\"https:\\\/\\\/www.quebakan.com\\\/v15\\\/#organization\"},\"potentialAction\":[{\"@type\":\"SearchAction\",\"target\":{\"@type\":\"EntryPoint\",\"urlTemplate\":\"https:\\\/\\\/www.quebakan.com\\\/v15\\\/?s={search_term_string}\"},\"query-input\":{\"@type\":\"PropertyValueSpecification\",\"valueRequired\":true,\"valueName\":\"search_term_string\"}}],\"inLanguage\":\"es\"},{\"@type\":\"Organization\",\"@id\":\"https:\\\/\\\/www.quebakan.com\\\/v15\\\/#organization\",\"name\":\"Quebakan.com\",\"url\":\"https:\\\/\\\/www.quebakan.com\\\/v15\\\/\",\"logo\":{\"@type\":\"ImageObject\",\"inLanguage\":\"es\",\"@id\":\"https:\\\/\\\/www.quebakan.com\\\/v15\\\/#\\\/schema\\\/logo\\\/image\\\/\",\"url\":\"https:\\\/\\\/www.quebakan.com\\\/v15\\\/wp-content\\\/uploads\\\/2023\\\/07\\\/logoquebakanenero2021.jpg\",\"contentUrl\":\"https:\\\/\\\/www.quebakan.com\\\/v15\\\/wp-content\\\/uploads\\\/2023\\\/07\\\/logoquebakanenero2021.jpg\",\"width\":1920,\"height\":1080,\"caption\":\"Quebakan.com\"},\"image\":{\"@id\":\"https:\\\/\\\/www.quebakan.com\\\/v15\\\/#\\\/schema\\\/logo\\\/image\\\/\"},\"sameAs\":[\"http:\\\/\\\/www.facebook.com\\\/quebakan\",\"https:\\\/\\\/x.com\\\/quebakanec\",\"http:\\\/\\\/www.instagram.com\\\/quebakan\",\"http:\\\/\\\/www.youtube.com\\\/quebakan1\"]},{\"@type\":\"Person\",\"@id\":\"https:\\\/\\\/www.quebakan.com\\\/v15\\\/#\\\/schema\\\/person\\\/d90fa9f9cfa81eb8ace9811e5b7b9118\",\"name\":\"Erick Villafuerte\",\"image\":{\"@type\":\"ImageObject\",\"inLanguage\":\"es\",\"@id\":\"https:\\\/\\\/www.quebakan.com\\\/v15\\\/wp-content\\\/uploads\\\/avatars\\\/4\\\/1731297654-bpfull.png\",\"url\":\"https:\\\/\\\/www.quebakan.com\\\/v15\\\/wp-content\\\/uploads\\\/avatars\\\/4\\\/1731297654-bpfull.png\",\"contentUrl\":\"https:\\\/\\\/www.quebakan.com\\\/v15\\\/wp-content\\\/uploads\\\/avatars\\\/4\\\/1731297654-bpfull.png\",\"caption\":\"Erick Villafuerte\"}}]}<\/script>\n<!-- \/ Yoast SEO plugin. -->","yoast_head_json":{"title":"COLMENA ERP impuls\u00f3 el desarrollo profesional en el sector tecnol\u00f3gico mediante jornadas de capacitaci\u00f3n gratuito &#8211; QUEBAKAN.COM 2026: Noticias, Eventos, Conciertos y mucho m\u00e1s....","robots":{"index":"index","follow":"follow","max-snippet":"max-snippet:-1","max-image-preview":"max-image-preview:large","max-video-preview":"max-video-preview:-1"},"canonical":"https:\/\/www.quebakan.com\/v15\/colmena-erp-impulso-el-desarrollo-profesional-en-el-sector-tecnologico-mediante-jornadas-de-capacitacion-gratuito\/","og_locale":"es_ES","og_type":"article","og_title":"COLMENA ERP impuls\u00f3 el desarrollo profesional en el sector tecnol\u00f3gico mediante jornadas de capacitaci\u00f3n gratuito &#8211; QUEBAKAN.COM 2026: Noticias, Eventos, Conciertos y mucho m\u00e1s....","og_description":"En la foto: Diego Cepeda, Xavier Trejo representantes de Colmena ERP y participantes del programa de ventas y comercializaci\u00f3n de software. Guayaquil, octubre 2021.- Con el prop\u00f3sito de fortalecer las capacidades de profesionales y emprendedores en el entorno digital, COLMENA ERP llev\u00f3 a cabo su programa gratuito de ventas y comercializaci\u00f3n de software, una iniciativa [&hellip;]","og_url":"https:\/\/www.quebakan.com\/v15\/colmena-erp-impulso-el-desarrollo-profesional-en-el-sector-tecnologico-mediante-jornadas-de-capacitacion-gratuito\/","og_site_name":"QUEBAKAN.COM 2026: Noticias, Eventos, Conciertos y mucho m\u00e1s....","article_publisher":"http:\/\/www.facebook.com\/quebakan","article_published_time":"2025-10-25T21:50:20+00:00","og_image":[{"width":700,"height":525,"url":"https:\/\/www.quebakan.com\/v15\/wp-content\/uploads\/2025\/10\/capacitacion.jpg","type":"image\/jpeg"}],"author":"Erick Villafuerte","twitter_card":"summary_large_image","twitter_creator":"@quebakanec","twitter_site":"@quebakanec","twitter_misc":{"Escrito por":"Erick Villafuerte","Tiempo de lectura":"2 minutos"},"schema":{"@context":"https:\/\/schema.org","@graph":[{"@type":"Article","@id":"https:\/\/www.quebakan.com\/v15\/colmena-erp-impulso-el-desarrollo-profesional-en-el-sector-tecnologico-mediante-jornadas-de-capacitacion-gratuito\/#article","isPartOf":{"@id":"https:\/\/www.quebakan.com\/v15\/colmena-erp-impulso-el-desarrollo-profesional-en-el-sector-tecnologico-mediante-jornadas-de-capacitacion-gratuito\/"},"author":{"name":"Erick Villafuerte","@id":"https:\/\/www.quebakan.com\/v15\/#\/schema\/person\/d90fa9f9cfa81eb8ace9811e5b7b9118"},"headline":"COLMENA ERP impuls\u00f3 el desarrollo profesional en el sector tecnol\u00f3gico mediante jornadas de capacitaci\u00f3n gratuito","datePublished":"2025-10-25T21:50:20+00:00","mainEntityOfPage":{"@id":"https:\/\/www.quebakan.com\/v15\/colmena-erp-impulso-el-desarrollo-profesional-en-el-sector-tecnologico-mediante-jornadas-de-capacitacion-gratuito\/"},"wordCount":325,"publisher":{"@id":"https:\/\/www.quebakan.com\/v15\/#organization"},"image":{"@id":"https:\/\/www.quebakan.com\/v15\/colmena-erp-impulso-el-desarrollo-profesional-en-el-sector-tecnologico-mediante-jornadas-de-capacitacion-gratuito\/#primaryimage"},"thumbnailUrl":"https:\/\/www.quebakan.com\/v15\/wp-content\/uploads\/2025\/10\/capacitacion.jpg","articleSection":["Noticias"],"inLanguage":"es"},{"@type":"WebPage","@id":"https:\/\/www.quebakan.com\/v15\/colmena-erp-impulso-el-desarrollo-profesional-en-el-sector-tecnologico-mediante-jornadas-de-capacitacion-gratuito\/","url":"https:\/\/www.quebakan.com\/v15\/colmena-erp-impulso-el-desarrollo-profesional-en-el-sector-tecnologico-mediante-jornadas-de-capacitacion-gratuito\/","name":"COLMENA ERP impuls\u00f3 el desarrollo profesional en el sector tecnol\u00f3gico mediante jornadas de capacitaci\u00f3n gratuito &#8211; QUEBAKAN.COM 2026: Noticias, Eventos, Conciertos y mucho m\u00e1s....","isPartOf":{"@id":"https:\/\/www.quebakan.com\/v15\/#website"},"primaryImageOfPage":{"@id":"https:\/\/www.quebakan.com\/v15\/colmena-erp-impulso-el-desarrollo-profesional-en-el-sector-tecnologico-mediante-jornadas-de-capacitacion-gratuito\/#primaryimage"},"image":{"@id":"https:\/\/www.quebakan.com\/v15\/colmena-erp-impulso-el-desarrollo-profesional-en-el-sector-tecnologico-mediante-jornadas-de-capacitacion-gratuito\/#primaryimage"},"thumbnailUrl":"https:\/\/www.quebakan.com\/v15\/wp-content\/uploads\/2025\/10\/capacitacion.jpg","datePublished":"2025-10-25T21:50:20+00:00","breadcrumb":{"@id":"https:\/\/www.quebakan.com\/v15\/colmena-erp-impulso-el-desarrollo-profesional-en-el-sector-tecnologico-mediante-jornadas-de-capacitacion-gratuito\/#breadcrumb"},"inLanguage":"es","potentialAction":[{"@type":"ReadAction","target":["https:\/\/www.quebakan.com\/v15\/colmena-erp-impulso-el-desarrollo-profesional-en-el-sector-tecnologico-mediante-jornadas-de-capacitacion-gratuito\/"]}]},{"@type":"ImageObject","inLanguage":"es","@id":"https:\/\/www.quebakan.com\/v15\/colmena-erp-impulso-el-desarrollo-profesional-en-el-sector-tecnologico-mediante-jornadas-de-capacitacion-gratuito\/#primaryimage","url":"https:\/\/www.quebakan.com\/v15\/wp-content\/uploads\/2025\/10\/capacitacion.jpg","contentUrl":"https:\/\/www.quebakan.com\/v15\/wp-content\/uploads\/2025\/10\/capacitacion.jpg","width":700,"height":525},{"@type":"BreadcrumbList","@id":"https:\/\/www.quebakan.com\/v15\/colmena-erp-impulso-el-desarrollo-profesional-en-el-sector-tecnologico-mediante-jornadas-de-capacitacion-gratuito\/#breadcrumb","itemListElement":[{"@type":"ListItem","position":1,"name":"Portada","item":"https:\/\/www.quebakan.com\/v15\/"},{"@type":"ListItem","position":2,"name":"COLMENA ERP impuls\u00f3 el desarrollo profesional en el sector tecnol\u00f3gico mediante jornadas de capacitaci\u00f3n gratuito"}]},{"@type":"WebSite","@id":"https:\/\/www.quebakan.com\/v15\/#website","url":"https:\/\/www.quebakan.com\/v15\/","name":"QUEBAKAN","description":"..","publisher":{"@id":"https:\/\/www.quebakan.com\/v15\/#organization"},"potentialAction":[{"@type":"SearchAction","target":{"@type":"EntryPoint","urlTemplate":"https:\/\/www.quebakan.com\/v15\/?s={search_term_string}"},"query-input":{"@type":"PropertyValueSpecification","valueRequired":true,"valueName":"search_term_string"}}],"inLanguage":"es"},{"@type":"Organization","@id":"https:\/\/www.quebakan.com\/v15\/#organization","name":"Quebakan.com","url":"https:\/\/www.quebakan.com\/v15\/","logo":{"@type":"ImageObject","inLanguage":"es","@id":"https:\/\/www.quebakan.com\/v15\/#\/schema\/logo\/image\/","url":"https:\/\/www.quebakan.com\/v15\/wp-content\/uploads\/2023\/07\/logoquebakanenero2021.jpg","contentUrl":"https:\/\/www.quebakan.com\/v15\/wp-content\/uploads\/2023\/07\/logoquebakanenero2021.jpg","width":1920,"height":1080,"caption":"Quebakan.com"},"image":{"@id":"https:\/\/www.quebakan.com\/v15\/#\/schema\/logo\/image\/"},"sameAs":["http:\/\/www.facebook.com\/quebakan","https:\/\/x.com\/quebakanec","http:\/\/www.instagram.com\/quebakan","http:\/\/www.youtube.com\/quebakan1"]},{"@type":"Person","@id":"https:\/\/www.quebakan.com\/v15\/#\/schema\/person\/d90fa9f9cfa81eb8ace9811e5b7b9118","name":"Erick Villafuerte","image":{"@type":"ImageObject","inLanguage":"es","@id":"https:\/\/www.quebakan.com\/v15\/wp-content\/uploads\/avatars\/4\/1731297654-bpfull.png","url":"https:\/\/www.quebakan.com\/v15\/wp-content\/uploads\/avatars\/4\/1731297654-bpfull.png","contentUrl":"https:\/\/www.quebakan.com\/v15\/wp-content\/uploads\/avatars\/4\/1731297654-bpfull.png","caption":"Erick Villafuerte"}}]}},"_links":{"self":[{"href":"https:\/\/www.quebakan.com\/v15\/wp-json\/wp\/v2\/posts\/136666","targetHints":{"allow":["GET"]}}],"collection":[{"href":"https:\/\/www.quebakan.com\/v15\/wp-json\/wp\/v2\/posts"}],"about":[{"href":"https:\/\/www.quebakan.com\/v15\/wp-json\/wp\/v2\/types\/post"}],"author":[{"embeddable":true,"href":"https:\/\/www.quebakan.com\/v15\/wp-json\/wp\/v2\/users\/4"}],"replies":[{"embeddable":true,"href":"https:\/\/www.quebakan.com\/v15\/wp-json\/wp\/v2\/comments?post=136666"}],"version-history":[{"count":1,"href":"https:\/\/www.quebakan.com\/v15\/wp-json\/wp\/v2\/posts\/136666\/revisions"}],"predecessor-version":[{"id":136668,"href":"https:\/\/www.quebakan.com\/v15\/wp-json\/wp\/v2\/posts\/136666\/revisions\/136668"}],"wp:featuredmedia":[{"embeddable":true,"href":"https:\/\/www.quebakan.com\/v15\/wp-json\/wp\/v2\/media\/136667"}],"wp:attachment":[{"href":"https:\/\/www.quebakan.com\/v15\/wp-json\/wp\/v2\/media?parent=136666"}],"wp:term":[{"taxonomy":"category","embeddable":true,"href":"https:\/\/www.quebakan.com\/v15\/wp-json\/wp\/v2\/categories?post=136666"},{"taxonomy":"post_tag","embeddable":true,"href":"https:\/\/www.quebakan.com\/v15\/wp-json\/wp\/v2\/tags?post=136666"}],"curies":[{"name":"wp","href":"https:\/\/api.w.org\/{rel}","templated":true}]}}