{"id":136672,"date":"2025-10-26T12:48:57","date_gmt":"2025-10-26T17:48:57","guid":{"rendered":"https:\/\/www.quebakan.com\/v15\/?p=136672"},"modified":"2025-10-26T12:48:57","modified_gmt":"2025-10-26T17:48:57","slug":"450-asesores-comerciales-de-las-empresas-de-aecop-obtienen-el-nivel-mas-alto-de-certificacion-en-etica-y-profesionalismo","status":"publish","type":"post","link":"https:\/\/www.quebakan.com\/v15\/450-asesores-comerciales-de-las-empresas-de-aecop-obtienen-el-nivel-mas-alto-de-certificacion-en-etica-y-profesionalismo\/","title":{"rendered":"450 asesores comerciales de las empresas de AECOP obtienen el nivel m\u00e1s alto de certificaci\u00f3n en \u00e9tica y profesionalismo"},"content":{"rendered":"<ul>\n<li style=\"text-align: justify;\"><span style=\"color: #000000;\">El gremio fortalece su compromiso con la formaci\u00f3n continua y la transparencia en el sistema de compra programada<\/span><\/li>\n<\/ul>\n<p style=\"text-align: justify;\"><img fetchpriority=\"high\" decoding=\"async\" class=\"aligncenter size-full wp-image-136673\" src=\"https:\/\/www.quebakan.com\/v15\/wp-content\/uploads\/2025\/10\/Asesores-Comerciales-_Certificacion.jpg\" alt=\"\" width=\"700\" height=\"525\" \/><\/p>\n<p style=\"text-align: center;\"><span style=\"color: #000000;\"><strong>En la fotograf\u00eda:<\/strong> Miembros y Representantes de empresas AECOP<\/span><\/p>\n<p style=\"text-align: justify;\"><span style=\"color: #000000;\"><strong>Quito, octubre de 2025.-<\/strong> La C\u00e1mara de Empresas de Compra Programada (AECOP) culmin\u00f3 con \u00e9xito el tercer nivel de certificaci\u00f3n de sus asesores comerciales, un proceso que, por tercer a\u00f1o consecutivo, refuerza el compromiso del gremio con la capacitaci\u00f3n continua, la \u00e9tica profesional y la confianza del consumidor.<\/span><\/p>\n<p style=\"text-align: justify;\"><span style=\"color: #000000;\">En esta edici\u00f3n, 450 asesores de las empresas afiliadas a AECOP aprobaron satisfactoriamente el nivel m\u00e1s alto del programa, que eval\u00faa tanto el conocimiento t\u00e9cnico como la aplicaci\u00f3n pr\u00e1ctica de los principios del C\u00f3digo de \u00c9tica que rige a todas las compa\u00f1\u00edas del sector.<\/span><\/p>\n<p style=\"text-align: justify;\"><span style=\"color: #000000;\"><em>\u201cEste proceso de certificaci\u00f3n es el resultado de un trabajo sostenido durante tres a\u00f1os. Cada asesor que culmina este nivel demuestra no solo su dominio t\u00e9cnico, sino tambi\u00e9n su compromiso con una pr\u00e1ctica \u00e9tica y responsable que fortalece la relaci\u00f3n con los clientes\u201d<\/em>, destac\u00f3 Mauricio Pe\u00f1a, Director Ejecutivo de AECOP.<\/span><\/p>\n<p style=\"text-align: justify;\"><span style=\"color: #000000;\">El modelo de certificaci\u00f3n desarrollado por AECOP se sustenta en tres pilares fundamentales:<\/span><\/p>\n<ul style=\"text-align: justify;\">\n<li><span style=\"color: #000000;\">Formaci\u00f3n continua, que garantiza que cada asesor domine los aspectos t\u00e9cnicos, legales y \u00e9ticos del sistema de compra programada.<\/span><\/li>\n<li><span style=\"color: #000000;\">Evaluaci\u00f3n objetiva, enfocada en medir la aplicaci\u00f3n real de los principios \u00e9ticos en la relaci\u00f3n con los clientes.<\/span><\/li>\n<li><span style=\"color: #000000;\">Mejora permanente, que impulsa el crecimiento profesional, la transparencia y la sostenibilidad del sector.<\/span><\/li>\n<\/ul>\n<p style=\"text-align: justify;\"><span style=\"color: #000000;\">Durante los tres niveles de capacitaci\u00f3n, los asesores profundizan en los valores centrales del C\u00f3digo de \u00c9tica de AECOP, entre ellos: integridad empresarial, veracidad de la informaci\u00f3n, competencia leal y justa, sostenibilidad ambiental, relaciones laborales \u00e9ticas y principios de venta responsable.<\/span><\/p>\n<p style=\"text-align: justify;\"><span style=\"color: #000000;\">Esta certificaci\u00f3n representa una comprobaci\u00f3n tangible de la asimilaci\u00f3n de los valores que gu\u00edan la actividad del gremio, especialmente en aspectos como:<\/span><\/p>\n<ul style=\"text-align: justify;\">\n<li><span style=\"color: #000000;\">Comunicaci\u00f3n \u00e9tica con el cliente, garantizando informaci\u00f3n completa, oportuna y transparente.<\/span><\/li>\n<li><span style=\"color: #000000;\">Responsabilidad profesional orientada a la plena satisfacci\u00f3n de los intereses de los clientes.<\/span><\/li>\n<li><span style=\"color: #000000;\">Cumplimiento riguroso de protocolos y procedimientos que aseguran que cada usuario conozca plenamente los contratos y condiciones del sistema.<\/span><\/li>\n<\/ul>\n<p style=\"text-align: justify;\"><span style=\"color: #000000;\"><em>\u201cEste programa no es solo un requisito t\u00e9cnico, es una declaraci\u00f3n de principios. La capacitaci\u00f3n continua y la \u00e9tica son los pilares que sostienen a nuestras empresas y garantizan la confianza del cliente\u201d,<\/em> afirm\u00f3 Pablo Ordo\u00f1ez, Miembro de AECOP.<\/span><\/p>\n<p style=\"text-align: justify;\"><span style=\"color: #000000;\">AECOP agrupa a las principales empresas de compra programada del pa\u00eds, que operan bajo la supervisi\u00f3n de la Superintendencia de Compa\u00f1\u00edas, Valores y Seguros, y que promueven modelos de financiamiento asociativo basados en la transparencia y la responsabilidad empresarial.<\/span><\/p>\n<p style=\"text-align: justify;\"><span style=\"color: #000000;\">Con esta tercera edici\u00f3n del programa de certificaci\u00f3n, el gremio consolida un modelo pionero de formaci\u00f3n y autorregulaci\u00f3n en el pa\u00eds, orientado a fortalecer la confianza del consumidor y elevar los est\u00e1ndares del sector.<\/span><\/p>\n<p style=\"text-align: justify;\"><span style=\"color: #000000;\"><em>\u201cLos asesores de AECOP no solo comercializan planes, sino que acompa\u00f1an a las familias ecuatorianas con integridad y profesionalismo, ayud\u00e1ndolas a alcanzar sus metas con seguridad y confianza\u201d,<\/em> concluy\u00f3 Pe\u00f1a.<\/span><\/p>\n","protected":false},"excerpt":{"rendered":"<p>El gremio fortalece su compromiso con la formaci\u00f3n continua y la transparencia en el sistema de compra programada En la fotograf\u00eda: Miembros y Representantes de empresas AECOP Quito, octubre de 2025.- La C\u00e1mara de Empresas de Compra Programada (AECOP) culmin\u00f3 con \u00e9xito el tercer nivel de certificaci\u00f3n de sus asesores comerciales, un proceso que, por [&hellip;]<\/p>\n","protected":false},"author":4,"featured_media":136673,"comment_status":"closed","ping_status":"closed","sticky":false,"template":"","format":"standard","meta":{"_bbp_topic_count":0,"_bbp_reply_count":0,"_bbp_total_topic_count":0,"_bbp_total_reply_count":0,"_bbp_voice_count":0,"_bbp_anonymous_reply_count":0,"_bbp_topic_count_hidden":0,"_bbp_reply_count_hidden":0,"_bbp_forum_subforum_count":0,"buzzeditor_post_format":"","footnotes":""},"categories":[2],"tags":[],"class_list":["post-136672","post","type-post","status-publish","format-standard","has-post-thumbnail","hentry","category-noticias"],"yoast_head":"<!-- This site is optimized with the Yoast SEO plugin v27.5 - https:\/\/yoast.com\/product\/yoast-seo-wordpress\/ -->\n<title>450 asesores comerciales de las empresas de AECOP obtienen el nivel m\u00e1s alto de certificaci\u00f3n en \u00e9tica y profesionalismo &#8211; QUEBAKAN.COM 2026: Noticias, Eventos, Conciertos y mucho m\u00e1s....<\/title>\n<meta name=\"robots\" content=\"index, follow, max-snippet:-1, max-image-preview:large, max-video-preview:-1\" \/>\n<link rel=\"canonical\" href=\"https:\/\/www.quebakan.com\/v15\/450-asesores-comerciales-de-las-empresas-de-aecop-obtienen-el-nivel-mas-alto-de-certificacion-en-etica-y-profesionalismo\/\" \/>\n<meta property=\"og:locale\" content=\"es_ES\" \/>\n<meta property=\"og:type\" content=\"article\" \/>\n<meta property=\"og:title\" content=\"450 asesores comerciales de las empresas de AECOP obtienen el nivel m\u00e1s alto de certificaci\u00f3n en \u00e9tica y profesionalismo &#8211; QUEBAKAN.COM 2026: Noticias, Eventos, Conciertos y mucho m\u00e1s....\" \/>\n<meta property=\"og:description\" content=\"El gremio fortalece su compromiso con la formaci\u00f3n continua y la transparencia en el sistema de compra programada En la fotograf\u00eda: Miembros y Representantes de empresas AECOP Quito, octubre de 2025.- La C\u00e1mara de Empresas de Compra Programada (AECOP) culmin\u00f3 con \u00e9xito el tercer nivel de certificaci\u00f3n de sus asesores comerciales, un proceso que, por [&hellip;]\" \/>\n<meta property=\"og:url\" content=\"https:\/\/www.quebakan.com\/v15\/450-asesores-comerciales-de-las-empresas-de-aecop-obtienen-el-nivel-mas-alto-de-certificacion-en-etica-y-profesionalismo\/\" \/>\n<meta property=\"og:site_name\" content=\"QUEBAKAN.COM 2026: Noticias, Eventos, Conciertos y mucho m\u00e1s....\" \/>\n<meta property=\"article:publisher\" content=\"http:\/\/www.facebook.com\/quebakan\" \/>\n<meta property=\"article:published_time\" content=\"2025-10-26T17:48:57+00:00\" \/>\n<meta property=\"og:image\" content=\"https:\/\/www.quebakan.com\/v15\/wp-content\/uploads\/2025\/10\/Asesores-Comerciales-_Certificacion.jpg\" \/>\n\t<meta property=\"og:image:width\" content=\"700\" \/>\n\t<meta property=\"og:image:height\" content=\"525\" \/>\n\t<meta property=\"og:image:type\" content=\"image\/jpeg\" \/>\n<meta name=\"author\" content=\"Erick Villafuerte\" \/>\n<meta name=\"twitter:card\" content=\"summary_large_image\" \/>\n<meta name=\"twitter:creator\" content=\"@quebakanec\" \/>\n<meta name=\"twitter:site\" content=\"@quebakanec\" \/>\n<meta name=\"twitter:label1\" content=\"Escrito por\" \/>\n\t<meta name=\"twitter:data1\" content=\"Erick Villafuerte\" \/>\n\t<meta name=\"twitter:label2\" content=\"Tiempo de lectura\" \/>\n\t<meta name=\"twitter:data2\" content=\"3 minutos\" \/>\n<script type=\"application\/ld+json\" class=\"yoast-schema-graph\">{\"@context\":\"https:\\\/\\\/schema.org\",\"@graph\":[{\"@type\":\"Article\",\"@id\":\"https:\\\/\\\/www.quebakan.com\\\/v15\\\/450-asesores-comerciales-de-las-empresas-de-aecop-obtienen-el-nivel-mas-alto-de-certificacion-en-etica-y-profesionalismo\\\/#article\",\"isPartOf\":{\"@id\":\"https:\\\/\\\/www.quebakan.com\\\/v15\\\/450-asesores-comerciales-de-las-empresas-de-aecop-obtienen-el-nivel-mas-alto-de-certificacion-en-etica-y-profesionalismo\\\/\"},\"author\":{\"name\":\"Erick Villafuerte\",\"@id\":\"https:\\\/\\\/www.quebakan.com\\\/v15\\\/#\\\/schema\\\/person\\\/d90fa9f9cfa81eb8ace9811e5b7b9118\"},\"headline\":\"450 asesores comerciales de las empresas de AECOP obtienen el nivel m\u00e1s alto de certificaci\u00f3n en \u00e9tica y profesionalismo\",\"datePublished\":\"2025-10-26T17:48:57+00:00\",\"mainEntityOfPage\":{\"@id\":\"https:\\\/\\\/www.quebakan.com\\\/v15\\\/450-asesores-comerciales-de-las-empresas-de-aecop-obtienen-el-nivel-mas-alto-de-certificacion-en-etica-y-profesionalismo\\\/\"},\"wordCount\":553,\"publisher\":{\"@id\":\"https:\\\/\\\/www.quebakan.com\\\/v15\\\/#organization\"},\"image\":{\"@id\":\"https:\\\/\\\/www.quebakan.com\\\/v15\\\/450-asesores-comerciales-de-las-empresas-de-aecop-obtienen-el-nivel-mas-alto-de-certificacion-en-etica-y-profesionalismo\\\/#primaryimage\"},\"thumbnailUrl\":\"https:\\\/\\\/www.quebakan.com\\\/v15\\\/wp-content\\\/uploads\\\/2025\\\/10\\\/Asesores-Comerciales-_Certificacion.jpg\",\"articleSection\":[\"Noticias\"],\"inLanguage\":\"es\"},{\"@type\":\"WebPage\",\"@id\":\"https:\\\/\\\/www.quebakan.com\\\/v15\\\/450-asesores-comerciales-de-las-empresas-de-aecop-obtienen-el-nivel-mas-alto-de-certificacion-en-etica-y-profesionalismo\\\/\",\"url\":\"https:\\\/\\\/www.quebakan.com\\\/v15\\\/450-asesores-comerciales-de-las-empresas-de-aecop-obtienen-el-nivel-mas-alto-de-certificacion-en-etica-y-profesionalismo\\\/\",\"name\":\"450 asesores comerciales de las empresas de AECOP obtienen el nivel m\u00e1s alto de certificaci\u00f3n en \u00e9tica y profesionalismo &#8211; QUEBAKAN.COM 2026: Noticias, Eventos, Conciertos y mucho m\u00e1s....\",\"isPartOf\":{\"@id\":\"https:\\\/\\\/www.quebakan.com\\\/v15\\\/#website\"},\"primaryImageOfPage\":{\"@id\":\"https:\\\/\\\/www.quebakan.com\\\/v15\\\/450-asesores-comerciales-de-las-empresas-de-aecop-obtienen-el-nivel-mas-alto-de-certificacion-en-etica-y-profesionalismo\\\/#primaryimage\"},\"image\":{\"@id\":\"https:\\\/\\\/www.quebakan.com\\\/v15\\\/450-asesores-comerciales-de-las-empresas-de-aecop-obtienen-el-nivel-mas-alto-de-certificacion-en-etica-y-profesionalismo\\\/#primaryimage\"},\"thumbnailUrl\":\"https:\\\/\\\/www.quebakan.com\\\/v15\\\/wp-content\\\/uploads\\\/2025\\\/10\\\/Asesores-Comerciales-_Certificacion.jpg\",\"datePublished\":\"2025-10-26T17:48:57+00:00\",\"breadcrumb\":{\"@id\":\"https:\\\/\\\/www.quebakan.com\\\/v15\\\/450-asesores-comerciales-de-las-empresas-de-aecop-obtienen-el-nivel-mas-alto-de-certificacion-en-etica-y-profesionalismo\\\/#breadcrumb\"},\"inLanguage\":\"es\",\"potentialAction\":[{\"@type\":\"ReadAction\",\"target\":[\"https:\\\/\\\/www.quebakan.com\\\/v15\\\/450-asesores-comerciales-de-las-empresas-de-aecop-obtienen-el-nivel-mas-alto-de-certificacion-en-etica-y-profesionalismo\\\/\"]}]},{\"@type\":\"ImageObject\",\"inLanguage\":\"es\",\"@id\":\"https:\\\/\\\/www.quebakan.com\\\/v15\\\/450-asesores-comerciales-de-las-empresas-de-aecop-obtienen-el-nivel-mas-alto-de-certificacion-en-etica-y-profesionalismo\\\/#primaryimage\",\"url\":\"https:\\\/\\\/www.quebakan.com\\\/v15\\\/wp-content\\\/uploads\\\/2025\\\/10\\\/Asesores-Comerciales-_Certificacion.jpg\",\"contentUrl\":\"https:\\\/\\\/www.quebakan.com\\\/v15\\\/wp-content\\\/uploads\\\/2025\\\/10\\\/Asesores-Comerciales-_Certificacion.jpg\",\"width\":700,\"height\":525},{\"@type\":\"BreadcrumbList\",\"@id\":\"https:\\\/\\\/www.quebakan.com\\\/v15\\\/450-asesores-comerciales-de-las-empresas-de-aecop-obtienen-el-nivel-mas-alto-de-certificacion-en-etica-y-profesionalismo\\\/#breadcrumb\",\"itemListElement\":[{\"@type\":\"ListItem\",\"position\":1,\"name\":\"Portada\",\"item\":\"https:\\\/\\\/www.quebakan.com\\\/v15\\\/\"},{\"@type\":\"ListItem\",\"position\":2,\"name\":\"450 asesores comerciales de las empresas de AECOP obtienen el nivel m\u00e1s alto de certificaci\u00f3n en \u00e9tica y profesionalismo\"}]},{\"@type\":\"WebSite\",\"@id\":\"https:\\\/\\\/www.quebakan.com\\\/v15\\\/#website\",\"url\":\"https:\\\/\\\/www.quebakan.com\\\/v15\\\/\",\"name\":\"QUEBAKAN\",\"description\":\"..\",\"publisher\":{\"@id\":\"https:\\\/\\\/www.quebakan.com\\\/v15\\\/#organization\"},\"potentialAction\":[{\"@type\":\"SearchAction\",\"target\":{\"@type\":\"EntryPoint\",\"urlTemplate\":\"https:\\\/\\\/www.quebakan.com\\\/v15\\\/?s={search_term_string}\"},\"query-input\":{\"@type\":\"PropertyValueSpecification\",\"valueRequired\":true,\"valueName\":\"search_term_string\"}}],\"inLanguage\":\"es\"},{\"@type\":\"Organization\",\"@id\":\"https:\\\/\\\/www.quebakan.com\\\/v15\\\/#organization\",\"name\":\"Quebakan.com\",\"url\":\"https:\\\/\\\/www.quebakan.com\\\/v15\\\/\",\"logo\":{\"@type\":\"ImageObject\",\"inLanguage\":\"es\",\"@id\":\"https:\\\/\\\/www.quebakan.com\\\/v15\\\/#\\\/schema\\\/logo\\\/image\\\/\",\"url\":\"https:\\\/\\\/www.quebakan.com\\\/v15\\\/wp-content\\\/uploads\\\/2023\\\/07\\\/logoquebakanenero2021.jpg\",\"contentUrl\":\"https:\\\/\\\/www.quebakan.com\\\/v15\\\/wp-content\\\/uploads\\\/2023\\\/07\\\/logoquebakanenero2021.jpg\",\"width\":1920,\"height\":1080,\"caption\":\"Quebakan.com\"},\"image\":{\"@id\":\"https:\\\/\\\/www.quebakan.com\\\/v15\\\/#\\\/schema\\\/logo\\\/image\\\/\"},\"sameAs\":[\"http:\\\/\\\/www.facebook.com\\\/quebakan\",\"https:\\\/\\\/x.com\\\/quebakanec\",\"http:\\\/\\\/www.instagram.com\\\/quebakan\",\"http:\\\/\\\/www.youtube.com\\\/quebakan1\"]},{\"@type\":\"Person\",\"@id\":\"https:\\\/\\\/www.quebakan.com\\\/v15\\\/#\\\/schema\\\/person\\\/d90fa9f9cfa81eb8ace9811e5b7b9118\",\"name\":\"Erick Villafuerte\",\"image\":{\"@type\":\"ImageObject\",\"inLanguage\":\"es\",\"@id\":\"https:\\\/\\\/www.quebakan.com\\\/v15\\\/wp-content\\\/uploads\\\/avatars\\\/4\\\/1731297654-bpfull.png\",\"url\":\"https:\\\/\\\/www.quebakan.com\\\/v15\\\/wp-content\\\/uploads\\\/avatars\\\/4\\\/1731297654-bpfull.png\",\"contentUrl\":\"https:\\\/\\\/www.quebakan.com\\\/v15\\\/wp-content\\\/uploads\\\/avatars\\\/4\\\/1731297654-bpfull.png\",\"caption\":\"Erick Villafuerte\"}}]}<\/script>\n<!-- \/ Yoast SEO plugin. -->","yoast_head_json":{"title":"450 asesores comerciales de las empresas de AECOP obtienen el nivel m\u00e1s alto de certificaci\u00f3n en \u00e9tica y profesionalismo &#8211; QUEBAKAN.COM 2026: Noticias, Eventos, Conciertos y mucho m\u00e1s....","robots":{"index":"index","follow":"follow","max-snippet":"max-snippet:-1","max-image-preview":"max-image-preview:large","max-video-preview":"max-video-preview:-1"},"canonical":"https:\/\/www.quebakan.com\/v15\/450-asesores-comerciales-de-las-empresas-de-aecop-obtienen-el-nivel-mas-alto-de-certificacion-en-etica-y-profesionalismo\/","og_locale":"es_ES","og_type":"article","og_title":"450 asesores comerciales de las empresas de AECOP obtienen el nivel m\u00e1s alto de certificaci\u00f3n en \u00e9tica y profesionalismo &#8211; QUEBAKAN.COM 2026: Noticias, Eventos, Conciertos y mucho m\u00e1s....","og_description":"El gremio fortalece su compromiso con la formaci\u00f3n continua y la transparencia en el sistema de compra programada En la fotograf\u00eda: Miembros y Representantes de empresas AECOP Quito, octubre de 2025.- La C\u00e1mara de Empresas de Compra Programada (AECOP) culmin\u00f3 con \u00e9xito el tercer nivel de certificaci\u00f3n de sus asesores comerciales, un proceso que, por [&hellip;]","og_url":"https:\/\/www.quebakan.com\/v15\/450-asesores-comerciales-de-las-empresas-de-aecop-obtienen-el-nivel-mas-alto-de-certificacion-en-etica-y-profesionalismo\/","og_site_name":"QUEBAKAN.COM 2026: Noticias, Eventos, Conciertos y mucho m\u00e1s....","article_publisher":"http:\/\/www.facebook.com\/quebakan","article_published_time":"2025-10-26T17:48:57+00:00","og_image":[{"width":700,"height":525,"url":"https:\/\/www.quebakan.com\/v15\/wp-content\/uploads\/2025\/10\/Asesores-Comerciales-_Certificacion.jpg","type":"image\/jpeg"}],"author":"Erick Villafuerte","twitter_card":"summary_large_image","twitter_creator":"@quebakanec","twitter_site":"@quebakanec","twitter_misc":{"Escrito por":"Erick Villafuerte","Tiempo de lectura":"3 minutos"},"schema":{"@context":"https:\/\/schema.org","@graph":[{"@type":"Article","@id":"https:\/\/www.quebakan.com\/v15\/450-asesores-comerciales-de-las-empresas-de-aecop-obtienen-el-nivel-mas-alto-de-certificacion-en-etica-y-profesionalismo\/#article","isPartOf":{"@id":"https:\/\/www.quebakan.com\/v15\/450-asesores-comerciales-de-las-empresas-de-aecop-obtienen-el-nivel-mas-alto-de-certificacion-en-etica-y-profesionalismo\/"},"author":{"name":"Erick Villafuerte","@id":"https:\/\/www.quebakan.com\/v15\/#\/schema\/person\/d90fa9f9cfa81eb8ace9811e5b7b9118"},"headline":"450 asesores comerciales de las empresas de AECOP obtienen el nivel m\u00e1s alto de certificaci\u00f3n en \u00e9tica y profesionalismo","datePublished":"2025-10-26T17:48:57+00:00","mainEntityOfPage":{"@id":"https:\/\/www.quebakan.com\/v15\/450-asesores-comerciales-de-las-empresas-de-aecop-obtienen-el-nivel-mas-alto-de-certificacion-en-etica-y-profesionalismo\/"},"wordCount":553,"publisher":{"@id":"https:\/\/www.quebakan.com\/v15\/#organization"},"image":{"@id":"https:\/\/www.quebakan.com\/v15\/450-asesores-comerciales-de-las-empresas-de-aecop-obtienen-el-nivel-mas-alto-de-certificacion-en-etica-y-profesionalismo\/#primaryimage"},"thumbnailUrl":"https:\/\/www.quebakan.com\/v15\/wp-content\/uploads\/2025\/10\/Asesores-Comerciales-_Certificacion.jpg","articleSection":["Noticias"],"inLanguage":"es"},{"@type":"WebPage","@id":"https:\/\/www.quebakan.com\/v15\/450-asesores-comerciales-de-las-empresas-de-aecop-obtienen-el-nivel-mas-alto-de-certificacion-en-etica-y-profesionalismo\/","url":"https:\/\/www.quebakan.com\/v15\/450-asesores-comerciales-de-las-empresas-de-aecop-obtienen-el-nivel-mas-alto-de-certificacion-en-etica-y-profesionalismo\/","name":"450 asesores comerciales de las empresas de AECOP obtienen el nivel m\u00e1s alto de certificaci\u00f3n en \u00e9tica y profesionalismo &#8211; QUEBAKAN.COM 2026: Noticias, Eventos, Conciertos y mucho m\u00e1s....","isPartOf":{"@id":"https:\/\/www.quebakan.com\/v15\/#website"},"primaryImageOfPage":{"@id":"https:\/\/www.quebakan.com\/v15\/450-asesores-comerciales-de-las-empresas-de-aecop-obtienen-el-nivel-mas-alto-de-certificacion-en-etica-y-profesionalismo\/#primaryimage"},"image":{"@id":"https:\/\/www.quebakan.com\/v15\/450-asesores-comerciales-de-las-empresas-de-aecop-obtienen-el-nivel-mas-alto-de-certificacion-en-etica-y-profesionalismo\/#primaryimage"},"thumbnailUrl":"https:\/\/www.quebakan.com\/v15\/wp-content\/uploads\/2025\/10\/Asesores-Comerciales-_Certificacion.jpg","datePublished":"2025-10-26T17:48:57+00:00","breadcrumb":{"@id":"https:\/\/www.quebakan.com\/v15\/450-asesores-comerciales-de-las-empresas-de-aecop-obtienen-el-nivel-mas-alto-de-certificacion-en-etica-y-profesionalismo\/#breadcrumb"},"inLanguage":"es","potentialAction":[{"@type":"ReadAction","target":["https:\/\/www.quebakan.com\/v15\/450-asesores-comerciales-de-las-empresas-de-aecop-obtienen-el-nivel-mas-alto-de-certificacion-en-etica-y-profesionalismo\/"]}]},{"@type":"ImageObject","inLanguage":"es","@id":"https:\/\/www.quebakan.com\/v15\/450-asesores-comerciales-de-las-empresas-de-aecop-obtienen-el-nivel-mas-alto-de-certificacion-en-etica-y-profesionalismo\/#primaryimage","url":"https:\/\/www.quebakan.com\/v15\/wp-content\/uploads\/2025\/10\/Asesores-Comerciales-_Certificacion.jpg","contentUrl":"https:\/\/www.quebakan.com\/v15\/wp-content\/uploads\/2025\/10\/Asesores-Comerciales-_Certificacion.jpg","width":700,"height":525},{"@type":"BreadcrumbList","@id":"https:\/\/www.quebakan.com\/v15\/450-asesores-comerciales-de-las-empresas-de-aecop-obtienen-el-nivel-mas-alto-de-certificacion-en-etica-y-profesionalismo\/#breadcrumb","itemListElement":[{"@type":"ListItem","position":1,"name":"Portada","item":"https:\/\/www.quebakan.com\/v15\/"},{"@type":"ListItem","position":2,"name":"450 asesores comerciales de las empresas de AECOP obtienen el nivel m\u00e1s alto de certificaci\u00f3n en \u00e9tica y profesionalismo"}]},{"@type":"WebSite","@id":"https:\/\/www.quebakan.com\/v15\/#website","url":"https:\/\/www.quebakan.com\/v15\/","name":"QUEBAKAN","description":"..","publisher":{"@id":"https:\/\/www.quebakan.com\/v15\/#organization"},"potentialAction":[{"@type":"SearchAction","target":{"@type":"EntryPoint","urlTemplate":"https:\/\/www.quebakan.com\/v15\/?s={search_term_string}"},"query-input":{"@type":"PropertyValueSpecification","valueRequired":true,"valueName":"search_term_string"}}],"inLanguage":"es"},{"@type":"Organization","@id":"https:\/\/www.quebakan.com\/v15\/#organization","name":"Quebakan.com","url":"https:\/\/www.quebakan.com\/v15\/","logo":{"@type":"ImageObject","inLanguage":"es","@id":"https:\/\/www.quebakan.com\/v15\/#\/schema\/logo\/image\/","url":"https:\/\/www.quebakan.com\/v15\/wp-content\/uploads\/2023\/07\/logoquebakanenero2021.jpg","contentUrl":"https:\/\/www.quebakan.com\/v15\/wp-content\/uploads\/2023\/07\/logoquebakanenero2021.jpg","width":1920,"height":1080,"caption":"Quebakan.com"},"image":{"@id":"https:\/\/www.quebakan.com\/v15\/#\/schema\/logo\/image\/"},"sameAs":["http:\/\/www.facebook.com\/quebakan","https:\/\/x.com\/quebakanec","http:\/\/www.instagram.com\/quebakan","http:\/\/www.youtube.com\/quebakan1"]},{"@type":"Person","@id":"https:\/\/www.quebakan.com\/v15\/#\/schema\/person\/d90fa9f9cfa81eb8ace9811e5b7b9118","name":"Erick Villafuerte","image":{"@type":"ImageObject","inLanguage":"es","@id":"https:\/\/www.quebakan.com\/v15\/wp-content\/uploads\/avatars\/4\/1731297654-bpfull.png","url":"https:\/\/www.quebakan.com\/v15\/wp-content\/uploads\/avatars\/4\/1731297654-bpfull.png","contentUrl":"https:\/\/www.quebakan.com\/v15\/wp-content\/uploads\/avatars\/4\/1731297654-bpfull.png","caption":"Erick Villafuerte"}}]}},"_links":{"self":[{"href":"https:\/\/www.quebakan.com\/v15\/wp-json\/wp\/v2\/posts\/136672","targetHints":{"allow":["GET"]}}],"collection":[{"href":"https:\/\/www.quebakan.com\/v15\/wp-json\/wp\/v2\/posts"}],"about":[{"href":"https:\/\/www.quebakan.com\/v15\/wp-json\/wp\/v2\/types\/post"}],"author":[{"embeddable":true,"href":"https:\/\/www.quebakan.com\/v15\/wp-json\/wp\/v2\/users\/4"}],"replies":[{"embeddable":true,"href":"https:\/\/www.quebakan.com\/v15\/wp-json\/wp\/v2\/comments?post=136672"}],"version-history":[{"count":1,"href":"https:\/\/www.quebakan.com\/v15\/wp-json\/wp\/v2\/posts\/136672\/revisions"}],"predecessor-version":[{"id":136674,"href":"https:\/\/www.quebakan.com\/v15\/wp-json\/wp\/v2\/posts\/136672\/revisions\/136674"}],"wp:featuredmedia":[{"embeddable":true,"href":"https:\/\/www.quebakan.com\/v15\/wp-json\/wp\/v2\/media\/136673"}],"wp:attachment":[{"href":"https:\/\/www.quebakan.com\/v15\/wp-json\/wp\/v2\/media?parent=136672"}],"wp:term":[{"taxonomy":"category","embeddable":true,"href":"https:\/\/www.quebakan.com\/v15\/wp-json\/wp\/v2\/categories?post=136672"},{"taxonomy":"post_tag","embeddable":true,"href":"https:\/\/www.quebakan.com\/v15\/wp-json\/wp\/v2\/tags?post=136672"}],"curies":[{"name":"wp","href":"https:\/\/api.w.org\/{rel}","templated":true}]}}