{"id":136675,"date":"2025-10-26T12:55:44","date_gmt":"2025-10-26T17:55:44","guid":{"rendered":"https:\/\/www.quebakan.com\/v15\/?p=136675"},"modified":"2025-10-26T12:55:44","modified_gmt":"2025-10-26T17:55:44","slug":"cargill-impulsa-la-innovacion-y-la-sostenibilidad-del-cultivo-de-camaron-en-la-aquaexpo-2025","status":"publish","type":"post","link":"https:\/\/www.quebakan.com\/v15\/cargill-impulsa-la-innovacion-y-la-sostenibilidad-del-cultivo-de-camaron-en-la-aquaexpo-2025\/","title":{"rendered":"CARGILL IMPULSA LA INNOVACI\u00d3N Y LA SOSTENIBILIDAD DEL CULTIVO DE CAMAR\u00d3N EN LA AQUAEXPO 2025"},"content":{"rendered":"<p><img fetchpriority=\"high\" decoding=\"async\" class=\"aligncenter size-full wp-image-136676\" src=\"https:\/\/www.quebakan.com\/v15\/wp-content\/uploads\/2025\/10\/DSC09699.jpg\" alt=\"\" width=\"700\" height=\"462\" \/><\/p>\n<p style=\"text-align: justify;\"><span style=\"color: #000000;\"><strong>Guayaquil, octubre de 2025.<\/strong>&#8211; Con el firme prop\u00f3sito de liderar la transformaci\u00f3n sostenible de la industria acu\u00edcola, Cargill participa en la AquaExpo 2025, el evento t\u00e9cnico y comercial m\u00e1s relevante del sector camaronero en Ecuador y Am\u00e9rica Latina. A trav\u00e9s de su marca insignia Aquaxcel, la compa\u00f1\u00eda presenta innovaciones cient\u00edficas y tecnol\u00f3gicas que potencian el alto desempe\u00f1o, la rentabilidad y sostenibilidad en el cultivo de camar\u00f3n.<\/span><\/p>\n<p style=\"text-align: justify;\"><span style=\"color: #000000;\">Del 20 al 23 de octubre, en el Centro de Convenciones de Guayaquil, Cargill reafirma su compromiso como socio estrat\u00e9gico de los productores ecuatorianos, ofreciendo soluciones basadas en investigaci\u00f3n, formulaci\u00f3n de precisi\u00f3n, acompa\u00f1amiento t\u00e9cnico y herramientas digitales que impulsan un modelo de producci\u00f3n acu\u00edcola moderno y sostenible.<\/span><\/p>\n<p style=\"text-align: justify;\"><span style=\"color: #000000;\">El liderazgo de Cargill en la AquaExpo 2025 se refleja en su capacidad para integrar ciencia, tecnolog\u00eda y compromiso ambiental en una propuesta integral. Bajo la promesa de marca <em>\u201cTu socio para un alto desempe\u00f1o\u201d<\/em>, la compa\u00f1\u00eda impulsa la productividad de sus clientes con soluciones nutricionales de alta precisi\u00f3n y de bajo impacto ambiental, mejorando la conversi\u00f3n alimenticia y reduciendo la huella ecol\u00f3gica.<\/span><\/p>\n<p style=\"text-align: justify;\"><span style=\"color: #000000;\"><strong>Innovaciones destacadas: Cuidado hol\u00edstico y nutrici\u00f3n de precisi\u00f3n<\/strong><\/span><\/p>\n<p style=\"text-align: justify;\"><span style=\"color: #000000;\">Entre sus principales avances, Cargill destaca su l\u00ednea de cuidado hol\u00edstico<strong> ADAPT<\/strong> que incluye subespecialidades como:<\/span><\/p>\n<ul style=\"text-align: justify;\">\n<li><span style=\"color: #000000;\"><strong>Smartshield <\/strong>&#8211; Paquete funcional de prevenci\u00f3n que fortalece el sistema inmune del camar\u00f3n desde el inicio.<\/span><\/li>\n<li><span style=\"color: #000000;\"><strong>Shock <\/strong>&#8211; Tratamiento terap\u00e9utico de r\u00e1pida acci\u00f3n para detener la mortalidad por infecciones bacterianas extracelulares.<\/span><\/li>\n<li><span style=\"color: #000000;\"><strong>Osmo<\/strong> &#8211; Disminuye la incidencia de acalambramientos en condiciones que afectan la osmorregulaci\u00f3n del camar\u00f3n.<\/span><\/li>\n<li><span style=\"color: #000000;\"><strong>LI <\/strong>&#8211; Para una alta retenci\u00f3n de nutrientes y un bajo impacto ambiental.<\/span><\/li>\n<\/ul>\n<p style=\"text-align: justify;\"><span style=\"color: #000000;\">Tambi\u00e9n se presenta la renovada l\u00ednea <strong>Maxima<\/strong>, enfocada en promover el crecimiento y la salud del camar\u00f3n en sistemas de alta intensificaci\u00f3n. Esta l\u00ednea ahora incorpora nuevas soluciones para la etapa de inicio, ampliando su portafolio de alto desempe\u00f1o.<\/span><\/p>\n<p style=\"text-align: justify;\"><span style=\"color: #000000;\">Adem\u00e1s de su portafolio nutricional y funcional, Cargill contin\u00faa revolucionando la industria con herramientas digitales como <strong>Bluviu<\/strong>, una plataforma que permite monitorear datos en tiempo real y generar modelos predictivos, facilitando la toma de decisiones t\u00e9cnicas y productivas basadas en evidencia.<\/span><\/p>\n<p style=\"text-align: justify;\"><span style=\"color: #000000;\"><strong>Participaci\u00f3n t\u00e9cnica en AquaExpo Guayaquil 2025<\/strong><\/span><\/p>\n<p style=\"text-align: justify;\"><span style=\"color: #000000;\">Cargill compartir\u00e1 su experiencia en dos conferencias t\u00e9cnicas clave:<\/span><\/p>\n<ul style=\"text-align: justify;\">\n<li><span style=\"color: #000000;\">Juan Carlos Tejeda, <em>Especialista T\u00e9cnico de Cargill Latam North<\/em>, abordar\u00e1 c\u00f3mo la alimentaci\u00f3n precisa y la tecnolog\u00eda en etapas tempranas impactan positivamente la salud y el desempe\u00f1o del camar\u00f3n.<\/span><\/li>\n<li><span style=\"color: #000000;\">Mois\u00e9s Poli, <em>Gerente de Marketing Estrat\u00e9gico y Tecnolog\u00eda de Cargill Latam North<\/em>, hablar\u00e1 acerca de c\u00f3mo un manejo adecuado de los nutrientes esenciales y el uso de dietas sostenibles son claves para reducir el impacto ambiental en el cultivo del camar\u00f3n.<\/span><\/li>\n<li><span style=\"color: #000000;\">Asimismo, Benjamin Weiss, Global Sustainability Senior Manager en Cargill, participar\u00e1 en el foro de sostenibilidad \u201cRace To The Top\u201d, aportando una visi\u00f3n global sobre las mejores pr\u00e1cticas de sostenibilidad en la acuicultura.<\/span><\/li>\n<\/ul>\n<p style=\"text-align: justify;\"><span style=\"color: #000000;\"><strong>Un socio para un crecimiento sostenible<\/strong><\/span><\/p>\n<p style=\"text-align: justify;\"><span style=\"color: #000000;\">En un entorno donde la innovaci\u00f3n marca el rumbo del sector, Cargill se mantiene firme en su prop\u00f3sito: ser el aliado estrat\u00e9gico de los productores, promoviendo un crecimiento rentable, sostenible y de largo plazo. Su modelo de atenci\u00f3n, basado en la agilidad, compromiso y trabajo colaborativo, responde a las necesidades del mercado camaronero.<\/span><\/p>\n<p style=\"text-align: justify;\"><span style=\"color: #000000;\">Vis\u00edtanos en AquaExpo Guayaquil 2025 y conoce de cerca c\u00f3mo nuestras soluciones est\u00e1n transformando la acuacultura en Ecuador y la regi\u00f3n.<\/span><\/p>\n","protected":false},"excerpt":{"rendered":"<p>Guayaquil, octubre de 2025.&#8211; Con el firme prop\u00f3sito de liderar la transformaci\u00f3n sostenible de la industria acu\u00edcola, Cargill participa en la AquaExpo 2025, el evento t\u00e9cnico y comercial m\u00e1s relevante del sector camaronero en Ecuador y Am\u00e9rica Latina. A trav\u00e9s de su marca insignia Aquaxcel, la compa\u00f1\u00eda presenta innovaciones cient\u00edficas y tecnol\u00f3gicas que potencian el [&hellip;]<\/p>\n","protected":false},"author":4,"featured_media":136676,"comment_status":"closed","ping_status":"closed","sticky":false,"template":"","format":"standard","meta":{"_bbp_topic_count":0,"_bbp_reply_count":0,"_bbp_total_topic_count":0,"_bbp_total_reply_count":0,"_bbp_voice_count":0,"_bbp_anonymous_reply_count":0,"_bbp_topic_count_hidden":0,"_bbp_reply_count_hidden":0,"_bbp_forum_subforum_count":0,"buzzeditor_post_format":"","footnotes":""},"categories":[2],"tags":[],"class_list":["post-136675","post","type-post","status-publish","format-standard","has-post-thumbnail","hentry","category-noticias"],"yoast_head":"<!-- This site is optimized with the Yoast SEO plugin v27.5 - https:\/\/yoast.com\/product\/yoast-seo-wordpress\/ -->\n<title>CARGILL IMPULSA LA INNOVACI\u00d3N Y LA SOSTENIBILIDAD DEL CULTIVO DE CAMAR\u00d3N EN LA AQUAEXPO 2025 &#8211; QUEBAKAN.COM 2026: Noticias, Eventos, Conciertos y mucho m\u00e1s....<\/title>\n<meta name=\"robots\" content=\"index, follow, max-snippet:-1, max-image-preview:large, max-video-preview:-1\" \/>\n<link rel=\"canonical\" href=\"https:\/\/www.quebakan.com\/v15\/cargill-impulsa-la-innovacion-y-la-sostenibilidad-del-cultivo-de-camaron-en-la-aquaexpo-2025\/\" \/>\n<meta property=\"og:locale\" content=\"es_ES\" \/>\n<meta property=\"og:type\" content=\"article\" \/>\n<meta property=\"og:title\" content=\"CARGILL IMPULSA LA INNOVACI\u00d3N Y LA SOSTENIBILIDAD DEL CULTIVO DE CAMAR\u00d3N EN LA AQUAEXPO 2025 &#8211; QUEBAKAN.COM 2026: Noticias, Eventos, Conciertos y mucho m\u00e1s....\" \/>\n<meta property=\"og:description\" content=\"Guayaquil, octubre de 2025.&#8211; Con el firme prop\u00f3sito de liderar la transformaci\u00f3n sostenible de la industria acu\u00edcola, Cargill participa en la AquaExpo 2025, el evento t\u00e9cnico y comercial m\u00e1s relevante del sector camaronero en Ecuador y Am\u00e9rica Latina. A trav\u00e9s de su marca insignia Aquaxcel, la compa\u00f1\u00eda presenta innovaciones cient\u00edficas y tecnol\u00f3gicas que potencian el [&hellip;]\" \/>\n<meta property=\"og:url\" content=\"https:\/\/www.quebakan.com\/v15\/cargill-impulsa-la-innovacion-y-la-sostenibilidad-del-cultivo-de-camaron-en-la-aquaexpo-2025\/\" \/>\n<meta property=\"og:site_name\" content=\"QUEBAKAN.COM 2026: Noticias, Eventos, Conciertos y mucho m\u00e1s....\" \/>\n<meta property=\"article:publisher\" content=\"http:\/\/www.facebook.com\/quebakan\" \/>\n<meta property=\"article:published_time\" content=\"2025-10-26T17:55:44+00:00\" \/>\n<meta property=\"og:image\" content=\"https:\/\/www.quebakan.com\/v15\/wp-content\/uploads\/2025\/10\/DSC09699.jpg\" \/>\n\t<meta property=\"og:image:width\" content=\"700\" \/>\n\t<meta property=\"og:image:height\" content=\"462\" \/>\n\t<meta property=\"og:image:type\" content=\"image\/jpeg\" \/>\n<meta name=\"author\" content=\"Erick Villafuerte\" \/>\n<meta name=\"twitter:card\" content=\"summary_large_image\" \/>\n<meta name=\"twitter:creator\" content=\"@quebakanec\" \/>\n<meta name=\"twitter:site\" content=\"@quebakanec\" \/>\n<meta name=\"twitter:label1\" content=\"Escrito por\" \/>\n\t<meta name=\"twitter:data1\" content=\"Erick Villafuerte\" \/>\n\t<meta name=\"twitter:label2\" content=\"Tiempo de lectura\" \/>\n\t<meta name=\"twitter:data2\" content=\"3 minutos\" \/>\n<script type=\"application\/ld+json\" class=\"yoast-schema-graph\">{\"@context\":\"https:\\\/\\\/schema.org\",\"@graph\":[{\"@type\":\"Article\",\"@id\":\"https:\\\/\\\/www.quebakan.com\\\/v15\\\/cargill-impulsa-la-innovacion-y-la-sostenibilidad-del-cultivo-de-camaron-en-la-aquaexpo-2025\\\/#article\",\"isPartOf\":{\"@id\":\"https:\\\/\\\/www.quebakan.com\\\/v15\\\/cargill-impulsa-la-innovacion-y-la-sostenibilidad-del-cultivo-de-camaron-en-la-aquaexpo-2025\\\/\"},\"author\":{\"name\":\"Erick Villafuerte\",\"@id\":\"https:\\\/\\\/www.quebakan.com\\\/v15\\\/#\\\/schema\\\/person\\\/d90fa9f9cfa81eb8ace9811e5b7b9118\"},\"headline\":\"CARGILL IMPULSA LA INNOVACI\u00d3N Y LA SOSTENIBILIDAD DEL CULTIVO DE CAMAR\u00d3N EN LA AQUAEXPO 2025\",\"datePublished\":\"2025-10-26T17:55:44+00:00\",\"mainEntityOfPage\":{\"@id\":\"https:\\\/\\\/www.quebakan.com\\\/v15\\\/cargill-impulsa-la-innovacion-y-la-sostenibilidad-del-cultivo-de-camaron-en-la-aquaexpo-2025\\\/\"},\"wordCount\":618,\"publisher\":{\"@id\":\"https:\\\/\\\/www.quebakan.com\\\/v15\\\/#organization\"},\"image\":{\"@id\":\"https:\\\/\\\/www.quebakan.com\\\/v15\\\/cargill-impulsa-la-innovacion-y-la-sostenibilidad-del-cultivo-de-camaron-en-la-aquaexpo-2025\\\/#primaryimage\"},\"thumbnailUrl\":\"https:\\\/\\\/www.quebakan.com\\\/v15\\\/wp-content\\\/uploads\\\/2025\\\/10\\\/DSC09699.jpg\",\"articleSection\":[\"Noticias\"],\"inLanguage\":\"es\"},{\"@type\":\"WebPage\",\"@id\":\"https:\\\/\\\/www.quebakan.com\\\/v15\\\/cargill-impulsa-la-innovacion-y-la-sostenibilidad-del-cultivo-de-camaron-en-la-aquaexpo-2025\\\/\",\"url\":\"https:\\\/\\\/www.quebakan.com\\\/v15\\\/cargill-impulsa-la-innovacion-y-la-sostenibilidad-del-cultivo-de-camaron-en-la-aquaexpo-2025\\\/\",\"name\":\"CARGILL IMPULSA LA INNOVACI\u00d3N Y LA SOSTENIBILIDAD DEL CULTIVO DE CAMAR\u00d3N EN LA AQUAEXPO 2025 &#8211; QUEBAKAN.COM 2026: Noticias, Eventos, Conciertos y mucho m\u00e1s....\",\"isPartOf\":{\"@id\":\"https:\\\/\\\/www.quebakan.com\\\/v15\\\/#website\"},\"primaryImageOfPage\":{\"@id\":\"https:\\\/\\\/www.quebakan.com\\\/v15\\\/cargill-impulsa-la-innovacion-y-la-sostenibilidad-del-cultivo-de-camaron-en-la-aquaexpo-2025\\\/#primaryimage\"},\"image\":{\"@id\":\"https:\\\/\\\/www.quebakan.com\\\/v15\\\/cargill-impulsa-la-innovacion-y-la-sostenibilidad-del-cultivo-de-camaron-en-la-aquaexpo-2025\\\/#primaryimage\"},\"thumbnailUrl\":\"https:\\\/\\\/www.quebakan.com\\\/v15\\\/wp-content\\\/uploads\\\/2025\\\/10\\\/DSC09699.jpg\",\"datePublished\":\"2025-10-26T17:55:44+00:00\",\"breadcrumb\":{\"@id\":\"https:\\\/\\\/www.quebakan.com\\\/v15\\\/cargill-impulsa-la-innovacion-y-la-sostenibilidad-del-cultivo-de-camaron-en-la-aquaexpo-2025\\\/#breadcrumb\"},\"inLanguage\":\"es\",\"potentialAction\":[{\"@type\":\"ReadAction\",\"target\":[\"https:\\\/\\\/www.quebakan.com\\\/v15\\\/cargill-impulsa-la-innovacion-y-la-sostenibilidad-del-cultivo-de-camaron-en-la-aquaexpo-2025\\\/\"]}]},{\"@type\":\"ImageObject\",\"inLanguage\":\"es\",\"@id\":\"https:\\\/\\\/www.quebakan.com\\\/v15\\\/cargill-impulsa-la-innovacion-y-la-sostenibilidad-del-cultivo-de-camaron-en-la-aquaexpo-2025\\\/#primaryimage\",\"url\":\"https:\\\/\\\/www.quebakan.com\\\/v15\\\/wp-content\\\/uploads\\\/2025\\\/10\\\/DSC09699.jpg\",\"contentUrl\":\"https:\\\/\\\/www.quebakan.com\\\/v15\\\/wp-content\\\/uploads\\\/2025\\\/10\\\/DSC09699.jpg\",\"width\":700,\"height\":462},{\"@type\":\"BreadcrumbList\",\"@id\":\"https:\\\/\\\/www.quebakan.com\\\/v15\\\/cargill-impulsa-la-innovacion-y-la-sostenibilidad-del-cultivo-de-camaron-en-la-aquaexpo-2025\\\/#breadcrumb\",\"itemListElement\":[{\"@type\":\"ListItem\",\"position\":1,\"name\":\"Portada\",\"item\":\"https:\\\/\\\/www.quebakan.com\\\/v15\\\/\"},{\"@type\":\"ListItem\",\"position\":2,\"name\":\"CARGILL IMPULSA LA INNOVACI\u00d3N Y LA SOSTENIBILIDAD DEL CULTIVO DE CAMAR\u00d3N EN LA AQUAEXPO 2025\"}]},{\"@type\":\"WebSite\",\"@id\":\"https:\\\/\\\/www.quebakan.com\\\/v15\\\/#website\",\"url\":\"https:\\\/\\\/www.quebakan.com\\\/v15\\\/\",\"name\":\"QUEBAKAN\",\"description\":\"..\",\"publisher\":{\"@id\":\"https:\\\/\\\/www.quebakan.com\\\/v15\\\/#organization\"},\"potentialAction\":[{\"@type\":\"SearchAction\",\"target\":{\"@type\":\"EntryPoint\",\"urlTemplate\":\"https:\\\/\\\/www.quebakan.com\\\/v15\\\/?s={search_term_string}\"},\"query-input\":{\"@type\":\"PropertyValueSpecification\",\"valueRequired\":true,\"valueName\":\"search_term_string\"}}],\"inLanguage\":\"es\"},{\"@type\":\"Organization\",\"@id\":\"https:\\\/\\\/www.quebakan.com\\\/v15\\\/#organization\",\"name\":\"Quebakan.com\",\"url\":\"https:\\\/\\\/www.quebakan.com\\\/v15\\\/\",\"logo\":{\"@type\":\"ImageObject\",\"inLanguage\":\"es\",\"@id\":\"https:\\\/\\\/www.quebakan.com\\\/v15\\\/#\\\/schema\\\/logo\\\/image\\\/\",\"url\":\"https:\\\/\\\/www.quebakan.com\\\/v15\\\/wp-content\\\/uploads\\\/2023\\\/07\\\/logoquebakanenero2021.jpg\",\"contentUrl\":\"https:\\\/\\\/www.quebakan.com\\\/v15\\\/wp-content\\\/uploads\\\/2023\\\/07\\\/logoquebakanenero2021.jpg\",\"width\":1920,\"height\":1080,\"caption\":\"Quebakan.com\"},\"image\":{\"@id\":\"https:\\\/\\\/www.quebakan.com\\\/v15\\\/#\\\/schema\\\/logo\\\/image\\\/\"},\"sameAs\":[\"http:\\\/\\\/www.facebook.com\\\/quebakan\",\"https:\\\/\\\/x.com\\\/quebakanec\",\"http:\\\/\\\/www.instagram.com\\\/quebakan\",\"http:\\\/\\\/www.youtube.com\\\/quebakan1\"]},{\"@type\":\"Person\",\"@id\":\"https:\\\/\\\/www.quebakan.com\\\/v15\\\/#\\\/schema\\\/person\\\/d90fa9f9cfa81eb8ace9811e5b7b9118\",\"name\":\"Erick Villafuerte\",\"image\":{\"@type\":\"ImageObject\",\"inLanguage\":\"es\",\"@id\":\"https:\\\/\\\/www.quebakan.com\\\/v15\\\/wp-content\\\/uploads\\\/avatars\\\/4\\\/1731297654-bpfull.png\",\"url\":\"https:\\\/\\\/www.quebakan.com\\\/v15\\\/wp-content\\\/uploads\\\/avatars\\\/4\\\/1731297654-bpfull.png\",\"contentUrl\":\"https:\\\/\\\/www.quebakan.com\\\/v15\\\/wp-content\\\/uploads\\\/avatars\\\/4\\\/1731297654-bpfull.png\",\"caption\":\"Erick Villafuerte\"}}]}<\/script>\n<!-- \/ Yoast SEO plugin. -->","yoast_head_json":{"title":"CARGILL IMPULSA LA INNOVACI\u00d3N Y LA SOSTENIBILIDAD DEL CULTIVO DE CAMAR\u00d3N EN LA AQUAEXPO 2025 &#8211; QUEBAKAN.COM 2026: Noticias, Eventos, Conciertos y mucho m\u00e1s....","robots":{"index":"index","follow":"follow","max-snippet":"max-snippet:-1","max-image-preview":"max-image-preview:large","max-video-preview":"max-video-preview:-1"},"canonical":"https:\/\/www.quebakan.com\/v15\/cargill-impulsa-la-innovacion-y-la-sostenibilidad-del-cultivo-de-camaron-en-la-aquaexpo-2025\/","og_locale":"es_ES","og_type":"article","og_title":"CARGILL IMPULSA LA INNOVACI\u00d3N Y LA SOSTENIBILIDAD DEL CULTIVO DE CAMAR\u00d3N EN LA AQUAEXPO 2025 &#8211; QUEBAKAN.COM 2026: Noticias, Eventos, Conciertos y mucho m\u00e1s....","og_description":"Guayaquil, octubre de 2025.&#8211; Con el firme prop\u00f3sito de liderar la transformaci\u00f3n sostenible de la industria acu\u00edcola, Cargill participa en la AquaExpo 2025, el evento t\u00e9cnico y comercial m\u00e1s relevante del sector camaronero en Ecuador y Am\u00e9rica Latina. A trav\u00e9s de su marca insignia Aquaxcel, la compa\u00f1\u00eda presenta innovaciones cient\u00edficas y tecnol\u00f3gicas que potencian el [&hellip;]","og_url":"https:\/\/www.quebakan.com\/v15\/cargill-impulsa-la-innovacion-y-la-sostenibilidad-del-cultivo-de-camaron-en-la-aquaexpo-2025\/","og_site_name":"QUEBAKAN.COM 2026: Noticias, Eventos, Conciertos y mucho m\u00e1s....","article_publisher":"http:\/\/www.facebook.com\/quebakan","article_published_time":"2025-10-26T17:55:44+00:00","og_image":[{"width":700,"height":462,"url":"https:\/\/www.quebakan.com\/v15\/wp-content\/uploads\/2025\/10\/DSC09699.jpg","type":"image\/jpeg"}],"author":"Erick Villafuerte","twitter_card":"summary_large_image","twitter_creator":"@quebakanec","twitter_site":"@quebakanec","twitter_misc":{"Escrito por":"Erick Villafuerte","Tiempo de lectura":"3 minutos"},"schema":{"@context":"https:\/\/schema.org","@graph":[{"@type":"Article","@id":"https:\/\/www.quebakan.com\/v15\/cargill-impulsa-la-innovacion-y-la-sostenibilidad-del-cultivo-de-camaron-en-la-aquaexpo-2025\/#article","isPartOf":{"@id":"https:\/\/www.quebakan.com\/v15\/cargill-impulsa-la-innovacion-y-la-sostenibilidad-del-cultivo-de-camaron-en-la-aquaexpo-2025\/"},"author":{"name":"Erick Villafuerte","@id":"https:\/\/www.quebakan.com\/v15\/#\/schema\/person\/d90fa9f9cfa81eb8ace9811e5b7b9118"},"headline":"CARGILL IMPULSA LA INNOVACI\u00d3N Y LA SOSTENIBILIDAD DEL CULTIVO DE CAMAR\u00d3N EN LA AQUAEXPO 2025","datePublished":"2025-10-26T17:55:44+00:00","mainEntityOfPage":{"@id":"https:\/\/www.quebakan.com\/v15\/cargill-impulsa-la-innovacion-y-la-sostenibilidad-del-cultivo-de-camaron-en-la-aquaexpo-2025\/"},"wordCount":618,"publisher":{"@id":"https:\/\/www.quebakan.com\/v15\/#organization"},"image":{"@id":"https:\/\/www.quebakan.com\/v15\/cargill-impulsa-la-innovacion-y-la-sostenibilidad-del-cultivo-de-camaron-en-la-aquaexpo-2025\/#primaryimage"},"thumbnailUrl":"https:\/\/www.quebakan.com\/v15\/wp-content\/uploads\/2025\/10\/DSC09699.jpg","articleSection":["Noticias"],"inLanguage":"es"},{"@type":"WebPage","@id":"https:\/\/www.quebakan.com\/v15\/cargill-impulsa-la-innovacion-y-la-sostenibilidad-del-cultivo-de-camaron-en-la-aquaexpo-2025\/","url":"https:\/\/www.quebakan.com\/v15\/cargill-impulsa-la-innovacion-y-la-sostenibilidad-del-cultivo-de-camaron-en-la-aquaexpo-2025\/","name":"CARGILL IMPULSA LA INNOVACI\u00d3N Y LA SOSTENIBILIDAD DEL CULTIVO DE CAMAR\u00d3N EN LA AQUAEXPO 2025 &#8211; QUEBAKAN.COM 2026: Noticias, Eventos, Conciertos y mucho m\u00e1s....","isPartOf":{"@id":"https:\/\/www.quebakan.com\/v15\/#website"},"primaryImageOfPage":{"@id":"https:\/\/www.quebakan.com\/v15\/cargill-impulsa-la-innovacion-y-la-sostenibilidad-del-cultivo-de-camaron-en-la-aquaexpo-2025\/#primaryimage"},"image":{"@id":"https:\/\/www.quebakan.com\/v15\/cargill-impulsa-la-innovacion-y-la-sostenibilidad-del-cultivo-de-camaron-en-la-aquaexpo-2025\/#primaryimage"},"thumbnailUrl":"https:\/\/www.quebakan.com\/v15\/wp-content\/uploads\/2025\/10\/DSC09699.jpg","datePublished":"2025-10-26T17:55:44+00:00","breadcrumb":{"@id":"https:\/\/www.quebakan.com\/v15\/cargill-impulsa-la-innovacion-y-la-sostenibilidad-del-cultivo-de-camaron-en-la-aquaexpo-2025\/#breadcrumb"},"inLanguage":"es","potentialAction":[{"@type":"ReadAction","target":["https:\/\/www.quebakan.com\/v15\/cargill-impulsa-la-innovacion-y-la-sostenibilidad-del-cultivo-de-camaron-en-la-aquaexpo-2025\/"]}]},{"@type":"ImageObject","inLanguage":"es","@id":"https:\/\/www.quebakan.com\/v15\/cargill-impulsa-la-innovacion-y-la-sostenibilidad-del-cultivo-de-camaron-en-la-aquaexpo-2025\/#primaryimage","url":"https:\/\/www.quebakan.com\/v15\/wp-content\/uploads\/2025\/10\/DSC09699.jpg","contentUrl":"https:\/\/www.quebakan.com\/v15\/wp-content\/uploads\/2025\/10\/DSC09699.jpg","width":700,"height":462},{"@type":"BreadcrumbList","@id":"https:\/\/www.quebakan.com\/v15\/cargill-impulsa-la-innovacion-y-la-sostenibilidad-del-cultivo-de-camaron-en-la-aquaexpo-2025\/#breadcrumb","itemListElement":[{"@type":"ListItem","position":1,"name":"Portada","item":"https:\/\/www.quebakan.com\/v15\/"},{"@type":"ListItem","position":2,"name":"CARGILL IMPULSA LA INNOVACI\u00d3N Y LA SOSTENIBILIDAD DEL CULTIVO DE CAMAR\u00d3N EN LA AQUAEXPO 2025"}]},{"@type":"WebSite","@id":"https:\/\/www.quebakan.com\/v15\/#website","url":"https:\/\/www.quebakan.com\/v15\/","name":"QUEBAKAN","description":"..","publisher":{"@id":"https:\/\/www.quebakan.com\/v15\/#organization"},"potentialAction":[{"@type":"SearchAction","target":{"@type":"EntryPoint","urlTemplate":"https:\/\/www.quebakan.com\/v15\/?s={search_term_string}"},"query-input":{"@type":"PropertyValueSpecification","valueRequired":true,"valueName":"search_term_string"}}],"inLanguage":"es"},{"@type":"Organization","@id":"https:\/\/www.quebakan.com\/v15\/#organization","name":"Quebakan.com","url":"https:\/\/www.quebakan.com\/v15\/","logo":{"@type":"ImageObject","inLanguage":"es","@id":"https:\/\/www.quebakan.com\/v15\/#\/schema\/logo\/image\/","url":"https:\/\/www.quebakan.com\/v15\/wp-content\/uploads\/2023\/07\/logoquebakanenero2021.jpg","contentUrl":"https:\/\/www.quebakan.com\/v15\/wp-content\/uploads\/2023\/07\/logoquebakanenero2021.jpg","width":1920,"height":1080,"caption":"Quebakan.com"},"image":{"@id":"https:\/\/www.quebakan.com\/v15\/#\/schema\/logo\/image\/"},"sameAs":["http:\/\/www.facebook.com\/quebakan","https:\/\/x.com\/quebakanec","http:\/\/www.instagram.com\/quebakan","http:\/\/www.youtube.com\/quebakan1"]},{"@type":"Person","@id":"https:\/\/www.quebakan.com\/v15\/#\/schema\/person\/d90fa9f9cfa81eb8ace9811e5b7b9118","name":"Erick Villafuerte","image":{"@type":"ImageObject","inLanguage":"es","@id":"https:\/\/www.quebakan.com\/v15\/wp-content\/uploads\/avatars\/4\/1731297654-bpfull.png","url":"https:\/\/www.quebakan.com\/v15\/wp-content\/uploads\/avatars\/4\/1731297654-bpfull.png","contentUrl":"https:\/\/www.quebakan.com\/v15\/wp-content\/uploads\/avatars\/4\/1731297654-bpfull.png","caption":"Erick Villafuerte"}}]}},"_links":{"self":[{"href":"https:\/\/www.quebakan.com\/v15\/wp-json\/wp\/v2\/posts\/136675","targetHints":{"allow":["GET"]}}],"collection":[{"href":"https:\/\/www.quebakan.com\/v15\/wp-json\/wp\/v2\/posts"}],"about":[{"href":"https:\/\/www.quebakan.com\/v15\/wp-json\/wp\/v2\/types\/post"}],"author":[{"embeddable":true,"href":"https:\/\/www.quebakan.com\/v15\/wp-json\/wp\/v2\/users\/4"}],"replies":[{"embeddable":true,"href":"https:\/\/www.quebakan.com\/v15\/wp-json\/wp\/v2\/comments?post=136675"}],"version-history":[{"count":1,"href":"https:\/\/www.quebakan.com\/v15\/wp-json\/wp\/v2\/posts\/136675\/revisions"}],"predecessor-version":[{"id":136677,"href":"https:\/\/www.quebakan.com\/v15\/wp-json\/wp\/v2\/posts\/136675\/revisions\/136677"}],"wp:featuredmedia":[{"embeddable":true,"href":"https:\/\/www.quebakan.com\/v15\/wp-json\/wp\/v2\/media\/136676"}],"wp:attachment":[{"href":"https:\/\/www.quebakan.com\/v15\/wp-json\/wp\/v2\/media?parent=136675"}],"wp:term":[{"taxonomy":"category","embeddable":true,"href":"https:\/\/www.quebakan.com\/v15\/wp-json\/wp\/v2\/categories?post=136675"},{"taxonomy":"post_tag","embeddable":true,"href":"https:\/\/www.quebakan.com\/v15\/wp-json\/wp\/v2\/tags?post=136675"}],"curies":[{"name":"wp","href":"https:\/\/api.w.org\/{rel}","templated":true}]}}