{"id":136683,"date":"2025-10-26T13:07:23","date_gmt":"2025-10-26T18:07:23","guid":{"rendered":"https:\/\/www.quebakan.com\/v15\/?p=136683"},"modified":"2025-10-26T13:07:23","modified_gmt":"2025-10-26T18:07:23","slug":"top-rentals-llega-a-quito-para-impulsar-una-nueva-era-de-hospitalidad-urbana","status":"publish","type":"post","link":"https:\/\/www.quebakan.com\/v15\/top-rentals-llega-a-quito-para-impulsar-una-nueva-era-de-hospitalidad-urbana\/","title":{"rendered":"TOP RENTALS LLEGA A QUITO PARA IMPULSAR UNA NUEVA ERA DE HOSPITALIDAD URBANA"},"content":{"rendered":"<p dir=\"ltr\"><img fetchpriority=\"high\" decoding=\"async\" class=\"aligncenter size-full wp-image-136684\" src=\"https:\/\/www.quebakan.com\/v15\/wp-content\/uploads\/2025\/10\/attachment-1.jpg\" alt=\"\" width=\"700\" height=\"467\" \/><\/p>\n<p dir=\"ltr\" style=\"text-align: justify;\"><span style=\"color: #000000;\">La marca argentina presenta su concepto de estad\u00edas flexibles en los edificios\u00a0<span aria-invalid=\"spelling\">Qorner<\/span>\u00a0y Epiq, integrando dise\u00f1o, tecnolog\u00eda y sostenibilidad en el coraz\u00f3n de la capital.<\/span><\/p>\n<p dir=\"ltr\" style=\"text-align: justify;\"><span style=\"color: #000000;\">La hospitalidad cambia de ritmo. En una ciudad cada vez m\u00e1s din\u00e1mica y conectada,\u00a0Top Rentals\u00a0llega a\u00a0Quito\u00a0con una propuesta que redefine la manera de vivir una estad\u00eda. Su modelo, nacido en Buenos Aires, combina dise\u00f1o arquitect\u00f3nico, tecnolog\u00eda aplicada y atenci\u00f3n personalizada para ofrecer experiencias m\u00e1s humanas, c\u00f3modas y sostenibles.<\/span><\/p>\n<p dir=\"ltr\" style=\"text-align: justify;\"><span style=\"color: #000000;\">Fundada en\u00a02016, la compa\u00f1\u00eda opera m\u00e1s de\u00a0400 departamentos\u00a0en Argentina y elige\u00a0los edificios\u00a0<span aria-invalid=\"spelling\">Qorner<\/span>\u00a0y Epiq, desarrollados por\u00a0Uribe Schwarzkopf, como sus primeras locaciones internacionales en Ecuador. Ambas torres, referentes del nuevo skyline quite\u00f1o, destacan por su arquitectura innovadora y su apuesta por la eficiencia energ\u00e9tica y la conexi\u00f3n con el entorno urbano.<\/span><\/p>\n<p dir=\"ltr\" style=\"text-align: justify;\"><span style=\"color: #000000;\">\u201cEcuador representa una oportunidad para construir una hospitalidad m\u00e1s consciente y moderna. Queremos que las personas puedan trabajar, descansar y disfrutar Quito con libertad, pero tambi\u00e9n con comodidad y responsabilidad\u201d, se\u00f1al\u00f3\u00a0Guido Pacanowski, Founder &amp; CEO de Top Rentals.<\/span><\/p>\n<p dir=\"ltr\" style=\"text-align: justify;\"><span style=\"color: #000000;\">En l\u00ednea con las principales tendencias globales del sector hotelero para 2025 \u2014como la\u00a0tecnolog\u00eda sin contacto, la\u00a0<span aria-invalid=\"spelling\">hiperpersonalizaci\u00f3n<\/span>\u00a0y la sostenibilidad\u2014, Top Rentals ofrece procesos digitales de\u00a0check-in, atenci\u00f3n 24\/7 y gesti\u00f3n de reservas en l\u00ednea, adem\u00e1s de un equipo local que garantiza una experiencia cercana y personalizada.<\/span><\/p>\n<p dir=\"ltr\" style=\"text-align: justify;\"><span style=\"color: #000000;\">\u201cNuestra visi\u00f3n es crear espacios que\u00a0<span aria-invalid=\"grammar\">reflejen<\/span>\u00a0el estilo de vida actual: conectados, funcionales y respetuosos con el entorno\u201d, afirm\u00f3\u00a0Sebasti\u00e1n Picasso, Gerente General de Top Rentals. \u201cQuito combina arquitectura, naturaleza y energ\u00eda creativa. Queremos ser parte de esa nueva forma de habitar la ciudad.\u201d<\/span><\/p>\n<p dir=\"ltr\" style=\"text-align: justify;\"><span style=\"color: #000000;\">Cada edificio gestionado por Top Rentals est\u00e1 dise\u00f1ado para ofrecer una experiencia integral que combina\u00a0la amplitud y privacidad de un departamento con los servicios y amenities propios de la hoteler\u00eda moderna. Los hu\u00e9spedes pueden disfrutar de espacios completamente equipados \u2014desde cocinas y \u00e1reas de estar amplias hasta terrazas, gimnasios y zonas de coworking\u2014, pensados para equilibrar trabajo, descanso y bienestar durante su estad\u00eda.<\/span><\/p>\n<p dir=\"ltr\" style=\"text-align: justify;\"><span style=\"color: #000000;\">Top Rentals tambi\u00e9n apuesta por la\u00a0colaboraci\u00f3n local, generando alianzas con marcas y experiencias ecuatorianas que enriquezcan la estad\u00eda de sus hu\u00e9spedes, desde gastronom\u00eda hasta cultura y bienestar.<\/span><\/p>\n<p dir=\"ltr\" style=\"text-align: justify;\"><span style=\"color: #000000;\">M\u00e1s que un alojamiento, la marca propone un nuevo modelo de\u00a0hospitalidad inteligente, donde el dise\u00f1o, la tecnolog\u00eda y la empat\u00eda se encuentran para transformar la experiencia de hospedarse en la ciudad.<\/span><\/p>\n","protected":false},"excerpt":{"rendered":"<p>La marca argentina presenta su concepto de estad\u00edas flexibles en los edificios\u00a0Qorner\u00a0y Epiq, integrando dise\u00f1o, tecnolog\u00eda y sostenibilidad en el coraz\u00f3n de la capital. La hospitalidad cambia de ritmo. En una ciudad cada vez m\u00e1s din\u00e1mica y conectada,\u00a0Top Rentals\u00a0llega a\u00a0Quito\u00a0con una propuesta que redefine la manera de vivir una estad\u00eda. Su modelo, nacido en Buenos [&hellip;]<\/p>\n","protected":false},"author":4,"featured_media":136684,"comment_status":"closed","ping_status":"closed","sticky":false,"template":"","format":"standard","meta":{"_bbp_topic_count":0,"_bbp_reply_count":0,"_bbp_total_topic_count":0,"_bbp_total_reply_count":0,"_bbp_voice_count":0,"_bbp_anonymous_reply_count":0,"_bbp_topic_count_hidden":0,"_bbp_reply_count_hidden":0,"_bbp_forum_subforum_count":0,"buzzeditor_post_format":"","footnotes":""},"categories":[2],"tags":[],"class_list":["post-136683","post","type-post","status-publish","format-standard","has-post-thumbnail","hentry","category-noticias"],"yoast_head":"<!-- This site is optimized with the Yoast SEO plugin v27.5 - https:\/\/yoast.com\/product\/yoast-seo-wordpress\/ -->\n<title>TOP RENTALS LLEGA A QUITO PARA IMPULSAR UNA NUEVA ERA DE HOSPITALIDAD URBANA &#8211; QUEBAKAN.COM 2026: Noticias, Eventos, Conciertos y mucho m\u00e1s....<\/title>\n<meta name=\"robots\" content=\"index, follow, max-snippet:-1, max-image-preview:large, max-video-preview:-1\" \/>\n<link rel=\"canonical\" href=\"https:\/\/www.quebakan.com\/v15\/top-rentals-llega-a-quito-para-impulsar-una-nueva-era-de-hospitalidad-urbana\/\" \/>\n<meta property=\"og:locale\" content=\"es_ES\" \/>\n<meta property=\"og:type\" content=\"article\" \/>\n<meta property=\"og:title\" content=\"TOP RENTALS LLEGA A QUITO PARA IMPULSAR UNA NUEVA ERA DE HOSPITALIDAD URBANA &#8211; QUEBAKAN.COM 2026: Noticias, Eventos, Conciertos y mucho m\u00e1s....\" \/>\n<meta property=\"og:description\" content=\"La marca argentina presenta su concepto de estad\u00edas flexibles en los edificios\u00a0Qorner\u00a0y Epiq, integrando dise\u00f1o, tecnolog\u00eda y sostenibilidad en el coraz\u00f3n de la capital. La hospitalidad cambia de ritmo. En una ciudad cada vez m\u00e1s din\u00e1mica y conectada,\u00a0Top Rentals\u00a0llega a\u00a0Quito\u00a0con una propuesta que redefine la manera de vivir una estad\u00eda. Su modelo, nacido en Buenos [&hellip;]\" \/>\n<meta property=\"og:url\" content=\"https:\/\/www.quebakan.com\/v15\/top-rentals-llega-a-quito-para-impulsar-una-nueva-era-de-hospitalidad-urbana\/\" \/>\n<meta property=\"og:site_name\" content=\"QUEBAKAN.COM 2026: Noticias, Eventos, Conciertos y mucho m\u00e1s....\" \/>\n<meta property=\"article:publisher\" content=\"http:\/\/www.facebook.com\/quebakan\" \/>\n<meta property=\"article:published_time\" content=\"2025-10-26T18:07:23+00:00\" \/>\n<meta property=\"og:image\" content=\"https:\/\/www.quebakan.com\/v15\/wp-content\/uploads\/2025\/10\/attachment-1.jpg\" \/>\n\t<meta property=\"og:image:width\" content=\"700\" \/>\n\t<meta property=\"og:image:height\" content=\"467\" \/>\n\t<meta property=\"og:image:type\" content=\"image\/jpeg\" \/>\n<meta name=\"author\" content=\"Erick Villafuerte\" \/>\n<meta name=\"twitter:card\" content=\"summary_large_image\" \/>\n<meta name=\"twitter:creator\" content=\"@quebakanec\" \/>\n<meta name=\"twitter:site\" content=\"@quebakanec\" \/>\n<meta name=\"twitter:label1\" content=\"Escrito por\" \/>\n\t<meta name=\"twitter:data1\" content=\"Erick Villafuerte\" \/>\n\t<meta name=\"twitter:label2\" content=\"Tiempo de lectura\" \/>\n\t<meta name=\"twitter:data2\" content=\"3 minutos\" \/>\n<script type=\"application\/ld+json\" class=\"yoast-schema-graph\">{\"@context\":\"https:\\\/\\\/schema.org\",\"@graph\":[{\"@type\":\"Article\",\"@id\":\"https:\\\/\\\/www.quebakan.com\\\/v15\\\/top-rentals-llega-a-quito-para-impulsar-una-nueva-era-de-hospitalidad-urbana\\\/#article\",\"isPartOf\":{\"@id\":\"https:\\\/\\\/www.quebakan.com\\\/v15\\\/top-rentals-llega-a-quito-para-impulsar-una-nueva-era-de-hospitalidad-urbana\\\/\"},\"author\":{\"name\":\"Erick Villafuerte\",\"@id\":\"https:\\\/\\\/www.quebakan.com\\\/v15\\\/#\\\/schema\\\/person\\\/d90fa9f9cfa81eb8ace9811e5b7b9118\"},\"headline\":\"TOP RENTALS LLEGA A QUITO PARA IMPULSAR UNA NUEVA ERA DE HOSPITALIDAD URBANA\",\"datePublished\":\"2025-10-26T18:07:23+00:00\",\"mainEntityOfPage\":{\"@id\":\"https:\\\/\\\/www.quebakan.com\\\/v15\\\/top-rentals-llega-a-quito-para-impulsar-una-nueva-era-de-hospitalidad-urbana\\\/\"},\"wordCount\":444,\"publisher\":{\"@id\":\"https:\\\/\\\/www.quebakan.com\\\/v15\\\/#organization\"},\"image\":{\"@id\":\"https:\\\/\\\/www.quebakan.com\\\/v15\\\/top-rentals-llega-a-quito-para-impulsar-una-nueva-era-de-hospitalidad-urbana\\\/#primaryimage\"},\"thumbnailUrl\":\"https:\\\/\\\/www.quebakan.com\\\/v15\\\/wp-content\\\/uploads\\\/2025\\\/10\\\/attachment-1.jpg\",\"articleSection\":[\"Noticias\"],\"inLanguage\":\"es\"},{\"@type\":\"WebPage\",\"@id\":\"https:\\\/\\\/www.quebakan.com\\\/v15\\\/top-rentals-llega-a-quito-para-impulsar-una-nueva-era-de-hospitalidad-urbana\\\/\",\"url\":\"https:\\\/\\\/www.quebakan.com\\\/v15\\\/top-rentals-llega-a-quito-para-impulsar-una-nueva-era-de-hospitalidad-urbana\\\/\",\"name\":\"TOP RENTALS LLEGA A QUITO PARA IMPULSAR UNA NUEVA ERA DE HOSPITALIDAD URBANA &#8211; QUEBAKAN.COM 2026: Noticias, Eventos, Conciertos y mucho m\u00e1s....\",\"isPartOf\":{\"@id\":\"https:\\\/\\\/www.quebakan.com\\\/v15\\\/#website\"},\"primaryImageOfPage\":{\"@id\":\"https:\\\/\\\/www.quebakan.com\\\/v15\\\/top-rentals-llega-a-quito-para-impulsar-una-nueva-era-de-hospitalidad-urbana\\\/#primaryimage\"},\"image\":{\"@id\":\"https:\\\/\\\/www.quebakan.com\\\/v15\\\/top-rentals-llega-a-quito-para-impulsar-una-nueva-era-de-hospitalidad-urbana\\\/#primaryimage\"},\"thumbnailUrl\":\"https:\\\/\\\/www.quebakan.com\\\/v15\\\/wp-content\\\/uploads\\\/2025\\\/10\\\/attachment-1.jpg\",\"datePublished\":\"2025-10-26T18:07:23+00:00\",\"breadcrumb\":{\"@id\":\"https:\\\/\\\/www.quebakan.com\\\/v15\\\/top-rentals-llega-a-quito-para-impulsar-una-nueva-era-de-hospitalidad-urbana\\\/#breadcrumb\"},\"inLanguage\":\"es\",\"potentialAction\":[{\"@type\":\"ReadAction\",\"target\":[\"https:\\\/\\\/www.quebakan.com\\\/v15\\\/top-rentals-llega-a-quito-para-impulsar-una-nueva-era-de-hospitalidad-urbana\\\/\"]}]},{\"@type\":\"ImageObject\",\"inLanguage\":\"es\",\"@id\":\"https:\\\/\\\/www.quebakan.com\\\/v15\\\/top-rentals-llega-a-quito-para-impulsar-una-nueva-era-de-hospitalidad-urbana\\\/#primaryimage\",\"url\":\"https:\\\/\\\/www.quebakan.com\\\/v15\\\/wp-content\\\/uploads\\\/2025\\\/10\\\/attachment-1.jpg\",\"contentUrl\":\"https:\\\/\\\/www.quebakan.com\\\/v15\\\/wp-content\\\/uploads\\\/2025\\\/10\\\/attachment-1.jpg\",\"width\":700,\"height\":467},{\"@type\":\"BreadcrumbList\",\"@id\":\"https:\\\/\\\/www.quebakan.com\\\/v15\\\/top-rentals-llega-a-quito-para-impulsar-una-nueva-era-de-hospitalidad-urbana\\\/#breadcrumb\",\"itemListElement\":[{\"@type\":\"ListItem\",\"position\":1,\"name\":\"Portada\",\"item\":\"https:\\\/\\\/www.quebakan.com\\\/v15\\\/\"},{\"@type\":\"ListItem\",\"position\":2,\"name\":\"TOP RENTALS LLEGA A QUITO PARA IMPULSAR UNA NUEVA ERA DE HOSPITALIDAD URBANA\"}]},{\"@type\":\"WebSite\",\"@id\":\"https:\\\/\\\/www.quebakan.com\\\/v15\\\/#website\",\"url\":\"https:\\\/\\\/www.quebakan.com\\\/v15\\\/\",\"name\":\"QUEBAKAN\",\"description\":\"..\",\"publisher\":{\"@id\":\"https:\\\/\\\/www.quebakan.com\\\/v15\\\/#organization\"},\"potentialAction\":[{\"@type\":\"SearchAction\",\"target\":{\"@type\":\"EntryPoint\",\"urlTemplate\":\"https:\\\/\\\/www.quebakan.com\\\/v15\\\/?s={search_term_string}\"},\"query-input\":{\"@type\":\"PropertyValueSpecification\",\"valueRequired\":true,\"valueName\":\"search_term_string\"}}],\"inLanguage\":\"es\"},{\"@type\":\"Organization\",\"@id\":\"https:\\\/\\\/www.quebakan.com\\\/v15\\\/#organization\",\"name\":\"Quebakan.com\",\"url\":\"https:\\\/\\\/www.quebakan.com\\\/v15\\\/\",\"logo\":{\"@type\":\"ImageObject\",\"inLanguage\":\"es\",\"@id\":\"https:\\\/\\\/www.quebakan.com\\\/v15\\\/#\\\/schema\\\/logo\\\/image\\\/\",\"url\":\"https:\\\/\\\/www.quebakan.com\\\/v15\\\/wp-content\\\/uploads\\\/2023\\\/07\\\/logoquebakanenero2021.jpg\",\"contentUrl\":\"https:\\\/\\\/www.quebakan.com\\\/v15\\\/wp-content\\\/uploads\\\/2023\\\/07\\\/logoquebakanenero2021.jpg\",\"width\":1920,\"height\":1080,\"caption\":\"Quebakan.com\"},\"image\":{\"@id\":\"https:\\\/\\\/www.quebakan.com\\\/v15\\\/#\\\/schema\\\/logo\\\/image\\\/\"},\"sameAs\":[\"http:\\\/\\\/www.facebook.com\\\/quebakan\",\"https:\\\/\\\/x.com\\\/quebakanec\",\"http:\\\/\\\/www.instagram.com\\\/quebakan\",\"http:\\\/\\\/www.youtube.com\\\/quebakan1\"]},{\"@type\":\"Person\",\"@id\":\"https:\\\/\\\/www.quebakan.com\\\/v15\\\/#\\\/schema\\\/person\\\/d90fa9f9cfa81eb8ace9811e5b7b9118\",\"name\":\"Erick Villafuerte\",\"image\":{\"@type\":\"ImageObject\",\"inLanguage\":\"es\",\"@id\":\"https:\\\/\\\/www.quebakan.com\\\/v15\\\/wp-content\\\/uploads\\\/avatars\\\/4\\\/1731297654-bpfull.png\",\"url\":\"https:\\\/\\\/www.quebakan.com\\\/v15\\\/wp-content\\\/uploads\\\/avatars\\\/4\\\/1731297654-bpfull.png\",\"contentUrl\":\"https:\\\/\\\/www.quebakan.com\\\/v15\\\/wp-content\\\/uploads\\\/avatars\\\/4\\\/1731297654-bpfull.png\",\"caption\":\"Erick Villafuerte\"}}]}<\/script>\n<!-- \/ Yoast SEO plugin. -->","yoast_head_json":{"title":"TOP RENTALS LLEGA A QUITO PARA IMPULSAR UNA NUEVA ERA DE HOSPITALIDAD URBANA &#8211; QUEBAKAN.COM 2026: Noticias, Eventos, Conciertos y mucho m\u00e1s....","robots":{"index":"index","follow":"follow","max-snippet":"max-snippet:-1","max-image-preview":"max-image-preview:large","max-video-preview":"max-video-preview:-1"},"canonical":"https:\/\/www.quebakan.com\/v15\/top-rentals-llega-a-quito-para-impulsar-una-nueva-era-de-hospitalidad-urbana\/","og_locale":"es_ES","og_type":"article","og_title":"TOP RENTALS LLEGA A QUITO PARA IMPULSAR UNA NUEVA ERA DE HOSPITALIDAD URBANA &#8211; QUEBAKAN.COM 2026: Noticias, Eventos, Conciertos y mucho m\u00e1s....","og_description":"La marca argentina presenta su concepto de estad\u00edas flexibles en los edificios\u00a0Qorner\u00a0y Epiq, integrando dise\u00f1o, tecnolog\u00eda y sostenibilidad en el coraz\u00f3n de la capital. La hospitalidad cambia de ritmo. En una ciudad cada vez m\u00e1s din\u00e1mica y conectada,\u00a0Top Rentals\u00a0llega a\u00a0Quito\u00a0con una propuesta que redefine la manera de vivir una estad\u00eda. Su modelo, nacido en Buenos [&hellip;]","og_url":"https:\/\/www.quebakan.com\/v15\/top-rentals-llega-a-quito-para-impulsar-una-nueva-era-de-hospitalidad-urbana\/","og_site_name":"QUEBAKAN.COM 2026: Noticias, Eventos, Conciertos y mucho m\u00e1s....","article_publisher":"http:\/\/www.facebook.com\/quebakan","article_published_time":"2025-10-26T18:07:23+00:00","og_image":[{"width":700,"height":467,"url":"https:\/\/www.quebakan.com\/v15\/wp-content\/uploads\/2025\/10\/attachment-1.jpg","type":"image\/jpeg"}],"author":"Erick Villafuerte","twitter_card":"summary_large_image","twitter_creator":"@quebakanec","twitter_site":"@quebakanec","twitter_misc":{"Escrito por":"Erick Villafuerte","Tiempo de lectura":"3 minutos"},"schema":{"@context":"https:\/\/schema.org","@graph":[{"@type":"Article","@id":"https:\/\/www.quebakan.com\/v15\/top-rentals-llega-a-quito-para-impulsar-una-nueva-era-de-hospitalidad-urbana\/#article","isPartOf":{"@id":"https:\/\/www.quebakan.com\/v15\/top-rentals-llega-a-quito-para-impulsar-una-nueva-era-de-hospitalidad-urbana\/"},"author":{"name":"Erick Villafuerte","@id":"https:\/\/www.quebakan.com\/v15\/#\/schema\/person\/d90fa9f9cfa81eb8ace9811e5b7b9118"},"headline":"TOP RENTALS LLEGA A QUITO PARA IMPULSAR UNA NUEVA ERA DE HOSPITALIDAD URBANA","datePublished":"2025-10-26T18:07:23+00:00","mainEntityOfPage":{"@id":"https:\/\/www.quebakan.com\/v15\/top-rentals-llega-a-quito-para-impulsar-una-nueva-era-de-hospitalidad-urbana\/"},"wordCount":444,"publisher":{"@id":"https:\/\/www.quebakan.com\/v15\/#organization"},"image":{"@id":"https:\/\/www.quebakan.com\/v15\/top-rentals-llega-a-quito-para-impulsar-una-nueva-era-de-hospitalidad-urbana\/#primaryimage"},"thumbnailUrl":"https:\/\/www.quebakan.com\/v15\/wp-content\/uploads\/2025\/10\/attachment-1.jpg","articleSection":["Noticias"],"inLanguage":"es"},{"@type":"WebPage","@id":"https:\/\/www.quebakan.com\/v15\/top-rentals-llega-a-quito-para-impulsar-una-nueva-era-de-hospitalidad-urbana\/","url":"https:\/\/www.quebakan.com\/v15\/top-rentals-llega-a-quito-para-impulsar-una-nueva-era-de-hospitalidad-urbana\/","name":"TOP RENTALS LLEGA A QUITO PARA IMPULSAR UNA NUEVA ERA DE HOSPITALIDAD URBANA &#8211; QUEBAKAN.COM 2026: Noticias, Eventos, Conciertos y mucho m\u00e1s....","isPartOf":{"@id":"https:\/\/www.quebakan.com\/v15\/#website"},"primaryImageOfPage":{"@id":"https:\/\/www.quebakan.com\/v15\/top-rentals-llega-a-quito-para-impulsar-una-nueva-era-de-hospitalidad-urbana\/#primaryimage"},"image":{"@id":"https:\/\/www.quebakan.com\/v15\/top-rentals-llega-a-quito-para-impulsar-una-nueva-era-de-hospitalidad-urbana\/#primaryimage"},"thumbnailUrl":"https:\/\/www.quebakan.com\/v15\/wp-content\/uploads\/2025\/10\/attachment-1.jpg","datePublished":"2025-10-26T18:07:23+00:00","breadcrumb":{"@id":"https:\/\/www.quebakan.com\/v15\/top-rentals-llega-a-quito-para-impulsar-una-nueva-era-de-hospitalidad-urbana\/#breadcrumb"},"inLanguage":"es","potentialAction":[{"@type":"ReadAction","target":["https:\/\/www.quebakan.com\/v15\/top-rentals-llega-a-quito-para-impulsar-una-nueva-era-de-hospitalidad-urbana\/"]}]},{"@type":"ImageObject","inLanguage":"es","@id":"https:\/\/www.quebakan.com\/v15\/top-rentals-llega-a-quito-para-impulsar-una-nueva-era-de-hospitalidad-urbana\/#primaryimage","url":"https:\/\/www.quebakan.com\/v15\/wp-content\/uploads\/2025\/10\/attachment-1.jpg","contentUrl":"https:\/\/www.quebakan.com\/v15\/wp-content\/uploads\/2025\/10\/attachment-1.jpg","width":700,"height":467},{"@type":"BreadcrumbList","@id":"https:\/\/www.quebakan.com\/v15\/top-rentals-llega-a-quito-para-impulsar-una-nueva-era-de-hospitalidad-urbana\/#breadcrumb","itemListElement":[{"@type":"ListItem","position":1,"name":"Portada","item":"https:\/\/www.quebakan.com\/v15\/"},{"@type":"ListItem","position":2,"name":"TOP RENTALS LLEGA A QUITO PARA IMPULSAR UNA NUEVA ERA DE HOSPITALIDAD URBANA"}]},{"@type":"WebSite","@id":"https:\/\/www.quebakan.com\/v15\/#website","url":"https:\/\/www.quebakan.com\/v15\/","name":"QUEBAKAN","description":"..","publisher":{"@id":"https:\/\/www.quebakan.com\/v15\/#organization"},"potentialAction":[{"@type":"SearchAction","target":{"@type":"EntryPoint","urlTemplate":"https:\/\/www.quebakan.com\/v15\/?s={search_term_string}"},"query-input":{"@type":"PropertyValueSpecification","valueRequired":true,"valueName":"search_term_string"}}],"inLanguage":"es"},{"@type":"Organization","@id":"https:\/\/www.quebakan.com\/v15\/#organization","name":"Quebakan.com","url":"https:\/\/www.quebakan.com\/v15\/","logo":{"@type":"ImageObject","inLanguage":"es","@id":"https:\/\/www.quebakan.com\/v15\/#\/schema\/logo\/image\/","url":"https:\/\/www.quebakan.com\/v15\/wp-content\/uploads\/2023\/07\/logoquebakanenero2021.jpg","contentUrl":"https:\/\/www.quebakan.com\/v15\/wp-content\/uploads\/2023\/07\/logoquebakanenero2021.jpg","width":1920,"height":1080,"caption":"Quebakan.com"},"image":{"@id":"https:\/\/www.quebakan.com\/v15\/#\/schema\/logo\/image\/"},"sameAs":["http:\/\/www.facebook.com\/quebakan","https:\/\/x.com\/quebakanec","http:\/\/www.instagram.com\/quebakan","http:\/\/www.youtube.com\/quebakan1"]},{"@type":"Person","@id":"https:\/\/www.quebakan.com\/v15\/#\/schema\/person\/d90fa9f9cfa81eb8ace9811e5b7b9118","name":"Erick Villafuerte","image":{"@type":"ImageObject","inLanguage":"es","@id":"https:\/\/www.quebakan.com\/v15\/wp-content\/uploads\/avatars\/4\/1731297654-bpfull.png","url":"https:\/\/www.quebakan.com\/v15\/wp-content\/uploads\/avatars\/4\/1731297654-bpfull.png","contentUrl":"https:\/\/www.quebakan.com\/v15\/wp-content\/uploads\/avatars\/4\/1731297654-bpfull.png","caption":"Erick Villafuerte"}}]}},"_links":{"self":[{"href":"https:\/\/www.quebakan.com\/v15\/wp-json\/wp\/v2\/posts\/136683","targetHints":{"allow":["GET"]}}],"collection":[{"href":"https:\/\/www.quebakan.com\/v15\/wp-json\/wp\/v2\/posts"}],"about":[{"href":"https:\/\/www.quebakan.com\/v15\/wp-json\/wp\/v2\/types\/post"}],"author":[{"embeddable":true,"href":"https:\/\/www.quebakan.com\/v15\/wp-json\/wp\/v2\/users\/4"}],"replies":[{"embeddable":true,"href":"https:\/\/www.quebakan.com\/v15\/wp-json\/wp\/v2\/comments?post=136683"}],"version-history":[{"count":1,"href":"https:\/\/www.quebakan.com\/v15\/wp-json\/wp\/v2\/posts\/136683\/revisions"}],"predecessor-version":[{"id":136685,"href":"https:\/\/www.quebakan.com\/v15\/wp-json\/wp\/v2\/posts\/136683\/revisions\/136685"}],"wp:featuredmedia":[{"embeddable":true,"href":"https:\/\/www.quebakan.com\/v15\/wp-json\/wp\/v2\/media\/136684"}],"wp:attachment":[{"href":"https:\/\/www.quebakan.com\/v15\/wp-json\/wp\/v2\/media?parent=136683"}],"wp:term":[{"taxonomy":"category","embeddable":true,"href":"https:\/\/www.quebakan.com\/v15\/wp-json\/wp\/v2\/categories?post=136683"},{"taxonomy":"post_tag","embeddable":true,"href":"https:\/\/www.quebakan.com\/v15\/wp-json\/wp\/v2\/tags?post=136683"}],"curies":[{"name":"wp","href":"https:\/\/api.w.org\/{rel}","templated":true}]}}