{"id":136686,"date":"2025-10-26T18:05:02","date_gmt":"2025-10-26T23:05:02","guid":{"rendered":"https:\/\/www.quebakan.com\/v15\/?p=136686"},"modified":"2025-10-26T18:05:02","modified_gmt":"2025-10-26T23:05:02","slug":"xtech-presento-en-ecuador-sonicbloom-su-parlante-portatil","status":"publish","type":"post","link":"https:\/\/www.quebakan.com\/v15\/xtech-presento-en-ecuador-sonicbloom-su-parlante-portatil\/","title":{"rendered":"Xtech present\u00f3 en Ecuador SonicBloom, su parlante port\u00e1til"},"content":{"rendered":"<p align=\"center\"><img fetchpriority=\"high\" decoding=\"async\" class=\"aligncenter size-full wp-image-136687\" src=\"https:\/\/www.quebakan.com\/v15\/wp-content\/uploads\/2025\/10\/Xtech_Parlante_XTS-661_2.jpg\" alt=\"\" width=\"700\" height=\"394\" \/><\/p>\n<p class=\"x_MsoNormal\" style=\"text-align: justify;\" align=\"center\"><span style=\"color: #000000;\"><i><span lang=\"ES\" data-olk-copy-source=\"MessageBody\">El fabricante de productos de tecnolog\u00eda anunci\u00f3 el lanzamiento y la disponibilidad en el pa\u00eds de su nuevo parlante inal\u00e1mbrico Bluetooth con luces LED integradas y micr\u00f3fono, dise\u00f1ado para fiestas y entretenimiento en el hogar.<\/span><\/i><\/span><\/p>\n<p class=\"x_MsoNormal\" style=\"text-align: justify;\"><span lang=\"ES\" style=\"color: #000000;\"><strong>Quito, 24 de octubre de 2025.-<\/strong> Xtech, fabricante de productos y accesorios de tecnolog\u00eda, anunci\u00f3 el lanzamiento y la llegada a Ecuador de su parlante port\u00e1til SonicBloom XTS-661, un dispositivo inal\u00e1mbrico con Bluetooth que combina potencia de audio, iluminaci\u00f3n LED y versatilidad de conexi\u00f3n, especialmente pensado para crear ambientes festivos y disfrutar de experiencias de entretenimiento en casa.<\/span><\/p>\n<p class=\"x_MsoNormal\" style=\"text-align: justify;\"><span lang=\"ES\" style=\"color: #000000;\">\u201cSonicBloom representa nuestro compromiso de ofrecer productos tecnol\u00f3gicos que transformen cualquier reuni\u00f3n en una celebraci\u00f3n memorable. Este parlante no solo brinda excelente calidad de audio, sino que incorpora iluminaci\u00f3n LED sincronizada y m\u00faltiples opciones de conectividad para adaptarse a cualquier ocasi\u00f3n\u201d, destac\u00f3\u00a0<b>Carolina Freile, Territory Manager para Colombia, Ecuador y Venezuela de Xtech y Klip Xtreme<\/b>. Y agreg\u00f3: \u00abCon su combinaci\u00f3n de sonido potente y efectos visuales, SonicBloom lleva la experiencia de audio a otro nivel, ofreciendo la tecnolog\u00eda moderna y la versatilidad que caracterizan a todos nuestros productos\u00bb.<\/span><\/p>\n<p class=\"x_MsoNormal\" style=\"text-align: justify;\"><span lang=\"ES\" style=\"color: #000000;\">El parlante SonicBloom XTS-661 es un dispositivo inal\u00e1mbrico Bluetooth con una potencia sonora de 10W RMS y compatibilidad con Bluetooth v5.0, que permite reproducir m\u00fasica desde dispositivos m\u00f3viles hasta 10 metros de distancia de la fuente de audio. Cuenta con una bater\u00eda recargable de ion de litio de 3000 mAh que ofrece hasta 8 horas de reproducci\u00f3n continua (al 50% de volumen con luces apagadas).<\/span><\/p>\n<p class=\"x_MsoNormal\" style=\"text-align: justify;\"><span lang=\"ES\" style=\"color: #000000;\">Adem\u00e1s, incorpora cuatro efectos de iluminaci\u00f3n LED integrados que se sincronizan con la m\u00fasica, creando una atm\u00f3sfera visual envolvente perfecta para fiestas y reuniones. El parlante incluye un micr\u00f3fono con cable de 3 metros, ideal para karaoke o presentaciones, y funciones de grabaci\u00f3n que ampl\u00edan sus posibilidades de uso.<\/span><\/p>\n<p class=\"x_MsoNormal\" style=\"text-align: justify;\"><span lang=\"ES\" style=\"color: #000000;\">\u201cLa versatilidad de SonicBloom es uno de sus mayores atractivos. Adem\u00e1s de la conectividad Bluetooth, permite reproducir m\u00fasica directamente desde memorias USB, tarjetas de memoria o dispositivos con entrada auxiliar de 3,5 mm, sin necesidad de conexi\u00f3n inal\u00e1mbrica\u201d, detall\u00f3<b>\u00a0Carolina<\/b>\u00a0<b>Freile<\/b>,y a\u00f1adi\u00f3: \u201cEl parlante incorpora tecnolog\u00eda TWS (True Wireless Stereo), que permite conectar dos unidades simult\u00e1neamente para crear una experiencia de sonido est\u00e9reo envolvente, y viene con control remoto para mayor comodidad de uso\u201d.<\/span><\/p>\n<p class=\"x_MsoNormal\" style=\"text-align: justify;\"><span lang=\"ES\" style=\"color: #000000;\">\u201cSonicBloom garantiza horas de diversi\u00f3n y entretenimiento musical gracias a su bater\u00eda de larga duraci\u00f3n, sus efectos de luz espectaculares, sus m\u00faltiples opciones de conectividad y su potente sonido de 10W. Es la soluci\u00f3n perfecta para quienes buscan llevar la fiesta a donde sea\u201d, concluy\u00f3 la Territory Manager de Xtech y Klip Xtreme.<\/span><\/p>\n<p class=\"x_MsoNormal\" style=\"text-align: justify;\"><span style=\"color: #000000;\"><b><span lang=\"ES\">Precio y disponibilidad del parlante SonicBloom XTS-661 de Xtech<\/span><\/b><\/span><\/p>\n<p class=\"x_MsoNormal\" style=\"text-align: justify;\"><span lang=\"ES\" style=\"color: #000000;\">El parlante port\u00e1til SonicBloom tiene un precio sugerido de venta al p\u00fablico en Ecuador de USD 39,99.<\/span><\/p>\n<p class=\"x_MsoNormal\" style=\"text-align: justify;\"><span lang=\"ES\" style=\"color: #000000;\">Los usuarios lo pueden encontrar\u00a0en todos los locales de Artefacta a nivel nacional.<\/span><\/p>\n<p class=\"x_MsoNormal\" style=\"text-align: justify;\"><span style=\"color: #000000;\"><b><span lang=\"ES\">Especificaciones del parlante SonicBloom XTS-661 de Xtech<\/span><\/b><\/span><\/p>\n<p class=\"x_MsoNormal\" style=\"text-align: justify;\"><span lang=\"ES\" style=\"color: #000000;\">Tipo: Parlante port\u00e1til inal\u00e1mbrico de 4\u201d con luces LED y micr\u00f3fono.<\/span><\/p>\n<p class=\"x_MsoNormal\" style=\"text-align: justify;\"><span lang=\"ES\" style=\"color: #000000;\">Entrada de CC m\u00e1xima (corriente\/voltaje): 5V, 1A.<\/span><\/p>\n<p class=\"x_MsoNormal\" style=\"text-align: justify;\"><span lang=\"ES\" style=\"color: #000000;\">Efectos de luz: 4 efectos de luz.<\/span><\/p>\n<p class=\"x_MsoNormal\" style=\"text-align: justify;\"><span style=\"color: #000000;\"><i><span lang=\"ES\">Parlante<\/span><\/i><\/span><\/p>\n<p class=\"x_MsoNormal\" style=\"text-align: justify;\"><span lang=\"ES\" style=\"color: #000000;\">Unidad de controlador: 4&#8243;.<\/span><\/p>\n<p class=\"x_MsoNormal\" style=\"text-align: justify;\"><span lang=\"ES\" style=\"color: #000000;\">Salida de potencia m\u00e1xima (RMS nominal): 10W.<\/span><\/p>\n<p class=\"x_MsoNormal\" style=\"text-align: justify;\"><span lang=\"ES\" style=\"color: #000000;\">Frecuencia: 100Hz-20kHz.<\/span><\/p>\n<p class=\"x_MsoNormal\" style=\"text-align: justify;\"><span lang=\"ES\" style=\"color: #000000;\">Impedancia: 2\u03a9.<\/span><\/p>\n<p class=\"x_MsoNormal\" style=\"text-align: justify;\"><span lang=\"ES\" style=\"color: #000000;\">Sensibilidad: 94dB.<\/span><\/p>\n<p class=\"x_MsoNormal\" style=\"text-align: justify;\"><span lang=\"ES\" style=\"color: #000000;\">Micr\u00f3fono con cable: Incluido.<\/span><\/p>\n<p class=\"x_MsoNormal\" style=\"text-align: justify;\"><span lang=\"ES\" style=\"color: #000000;\">Respuesta de frecuencia: 56Hz-14KHz.<\/span><\/p>\n<p class=\"x_MsoNormal\" style=\"text-align: justify;\"><span lang=\"ES\" style=\"color: #000000;\">Impedancia de salida: 600 ou +15%.<\/span><\/p>\n<p class=\"x_MsoNormal\" style=\"text-align: justify;\"><span lang=\"ES\" style=\"color: #000000;\">Directividad: Omnidireccional.<\/span><\/p>\n<p class=\"x_MsoNormal\" style=\"text-align: justify;\"><span lang=\"ES\" style=\"color: #000000;\">Longitud del cable: 3 m.<\/span><\/p>\n<p class=\"x_MsoNormal\" style=\"text-align: justify;\"><strong><span style=\"color: #000000;\"><i><span lang=\"ES\">Conectividad<\/span><\/i><\/span><\/strong><\/p>\n<p class=\"x_MsoNormal\" style=\"text-align: justify;\"><span lang=\"ES\" style=\"color: #000000;\">Tipos de conexi\u00f3n: Compatible con Bluetooth\u00ae v5.0 | Entrada AUX de 3,5 mm (no se incluye el cable) | Puerto USB | Puerto para tarjeta de memoria | Puerto para micr\u00f3fono.<\/span><\/p>\n<p class=\"x_MsoNormal\" style=\"text-align: justify;\"><span lang=\"ES\" style=\"color: #000000;\">M\u00e1xima capacidad de la tarjeta de memoria: 32 GB.<\/span><\/p>\n<p class=\"x_MsoNormal\" style=\"text-align: justify;\"><span lang=\"ES\" style=\"color: #000000;\">Alcance inal\u00e1mbrico: Hasta 10 m.<\/span><\/p>\n<p class=\"x_MsoNormal\" style=\"text-align: justify;\"><strong><span style=\"color: #000000;\"><i><span lang=\"ES\">Bater\u00eda<\/span><\/i><\/span><\/strong><\/p>\n<p class=\"x_MsoNormal\" style=\"text-align: justify;\"><span lang=\"ES\" style=\"color: #000000;\">Tipo de bater\u00eda y capacidad en mAh: 18650, 3.7V, 3000 mAh.<\/span><\/p>\n<p class=\"x_MsoNormal\" style=\"text-align: justify;\"><span lang=\"ES\" style=\"color: #000000;\">Tiempo de carga: 2 h 30 min.<\/span><\/p>\n<p class=\"x_MsoNormal\" style=\"text-align: justify;\"><span lang=\"ES\" style=\"color: #000000;\">Tiempo de funcionamiento de la bater\u00eda: Volumen al 100%, luces encendidas: 45 min | Volumen al 100%, luces apagadas: 3 h | Volumen al 50%, luces encendidas: 2 h 30 min | Volumen al 50%, luces apagadas: 8 h (al 50% de volumen).<\/span><\/p>\n<p class=\"x_MsoNormal\" style=\"text-align: justify;\"><strong><span style=\"color: #000000;\"><i><span lang=\"ES\">Informaci\u00f3n adicional<\/span><\/i><\/span><\/strong><\/p>\n<p class=\"x_MsoNormal\" style=\"text-align: justify;\"><span lang=\"ES\" style=\"color: #000000;\">Dimensiones del producto: 18 x 16 x 25 cm.<\/span><\/p>\n<p class=\"x_MsoNormal\" style=\"text-align: justify;\"><span lang=\"ES\" style=\"color: #000000;\">Peso del producto: 1,14 kg.<\/span><\/p>\n<p class=\"x_MsoNormal\" style=\"text-align: justify;\"><span lang=\"ES\" style=\"color: #000000;\">Longitud del cable de carga: 1 m.<\/span><\/p>\n<p class=\"x_MsoNormal\" style=\"text-align: justify;\"><span lang=\"ES\" style=\"color: #000000;\">Contenido del empaque: Parlante | micr\u00f3fono con cable | control remoto, cable de carga USB-C | manual de usuario.<\/span><\/p>\n<p class=\"x_MsoNormal\" style=\"text-align: justify;\"><span lang=\"ES\" style=\"color: #000000;\">Tipo de bater\u00eda del control remoto: CR2025.<\/span><\/p>\n<p class=\"x_MsoNormal\" style=\"text-align: justify;\"><span lang=\"ES\" style=\"color: #000000;\">Garant\u00eda: 1 a\u00f1o<\/span><\/p>\n<p><img decoding=\"async\" class=\"aligncenter size-full wp-image-136688\" src=\"https:\/\/www.quebakan.com\/v15\/wp-content\/uploads\/2025\/10\/Carolina-Freile-Territory-Manager-para-Colombia-Ecuador-y-Venezuela-de-Klip-Xtreme-y-Xtech_2.jpg\" alt=\"\" width=\"671\" height=\"491\" \/><\/p>\n<p>&nbsp;<\/p>\n<p><img decoding=\"async\" class=\"aligncenter size-full wp-image-136689\" src=\"https:\/\/www.quebakan.com\/v15\/wp-content\/uploads\/2025\/10\/Xtech_Parlante_XTS-661_especificaciones.jpg\" alt=\"\" width=\"700\" height=\"394\" \/><\/p>\n<p>&nbsp;<\/p>\n<p><img loading=\"lazy\" decoding=\"async\" class=\"aligncenter size-full wp-image-136690\" src=\"https:\/\/www.quebakan.com\/v15\/wp-content\/uploads\/2025\/10\/Xtech_Parlante_XTS-661_4.jpg\" alt=\"\" width=\"700\" height=\"437\" \/><\/p>\n<p><img loading=\"lazy\" decoding=\"async\" class=\"aligncenter size-full wp-image-136691\" src=\"https:\/\/www.quebakan.com\/v15\/wp-content\/uploads\/2025\/10\/Xtech_Parlante_XTS-661.jpg\" alt=\"\" width=\"700\" height=\"394\" \/><\/p>\n<p><img loading=\"lazy\" decoding=\"async\" class=\"aligncenter size-full wp-image-136692\" src=\"https:\/\/www.quebakan.com\/v15\/wp-content\/uploads\/2025\/10\/Xtech_Parlante_XTS-661_1.jpg\" alt=\"\" width=\"700\" height=\"394\" \/><\/p>\n","protected":false},"excerpt":{"rendered":"<p>El fabricante de productos de tecnolog\u00eda anunci\u00f3 el lanzamiento y la disponibilidad en el pa\u00eds de su nuevo parlante inal\u00e1mbrico Bluetooth con luces LED integradas y micr\u00f3fono, dise\u00f1ado para fiestas y entretenimiento en el hogar. Quito, 24 de octubre de 2025.- Xtech, fabricante de productos y accesorios de tecnolog\u00eda, anunci\u00f3 el lanzamiento y la llegada [&hellip;]<\/p>\n","protected":false},"author":4,"featured_media":136690,"comment_status":"closed","ping_status":"closed","sticky":false,"template":"","format":"standard","meta":{"_bbp_topic_count":0,"_bbp_reply_count":0,"_bbp_total_topic_count":0,"_bbp_total_reply_count":0,"_bbp_voice_count":0,"_bbp_anonymous_reply_count":0,"_bbp_topic_count_hidden":0,"_bbp_reply_count_hidden":0,"_bbp_forum_subforum_count":0,"buzzeditor_post_format":"","footnotes":""},"categories":[4],"tags":[],"class_list":["post-136686","post","type-post","status-publish","format-standard","has-post-thumbnail","hentry","category-tecnologia"],"yoast_head":"<!-- This site is optimized with the Yoast SEO plugin v27.5 - https:\/\/yoast.com\/product\/yoast-seo-wordpress\/ -->\n<title>Xtech present\u00f3 en Ecuador SonicBloom, su parlante port\u00e1til &#8211; QUEBAKAN.COM 2026: Noticias, Eventos, Conciertos y mucho m\u00e1s....<\/title>\n<meta name=\"robots\" content=\"index, follow, max-snippet:-1, max-image-preview:large, max-video-preview:-1\" \/>\n<link rel=\"canonical\" href=\"https:\/\/www.quebakan.com\/v15\/xtech-presento-en-ecuador-sonicbloom-su-parlante-portatil\/\" \/>\n<meta property=\"og:locale\" content=\"es_ES\" \/>\n<meta property=\"og:type\" content=\"article\" \/>\n<meta property=\"og:title\" content=\"Xtech present\u00f3 en Ecuador SonicBloom, su parlante port\u00e1til &#8211; QUEBAKAN.COM 2026: Noticias, Eventos, Conciertos y mucho m\u00e1s....\" \/>\n<meta property=\"og:description\" content=\"El fabricante de productos de tecnolog\u00eda anunci\u00f3 el lanzamiento y la disponibilidad en el pa\u00eds de su nuevo parlante inal\u00e1mbrico Bluetooth con luces LED integradas y micr\u00f3fono, dise\u00f1ado para fiestas y entretenimiento en el hogar. Quito, 24 de octubre de 2025.- Xtech, fabricante de productos y accesorios de tecnolog\u00eda, anunci\u00f3 el lanzamiento y la llegada [&hellip;]\" \/>\n<meta property=\"og:url\" content=\"https:\/\/www.quebakan.com\/v15\/xtech-presento-en-ecuador-sonicbloom-su-parlante-portatil\/\" \/>\n<meta property=\"og:site_name\" content=\"QUEBAKAN.COM 2026: Noticias, Eventos, Conciertos y mucho m\u00e1s....\" \/>\n<meta property=\"article:publisher\" content=\"http:\/\/www.facebook.com\/quebakan\" \/>\n<meta property=\"article:published_time\" content=\"2025-10-26T23:05:02+00:00\" \/>\n<meta property=\"og:image\" content=\"https:\/\/www.quebakan.com\/v15\/wp-content\/uploads\/2025\/10\/Xtech_Parlante_XTS-661_4.jpg\" \/>\n\t<meta property=\"og:image:width\" content=\"700\" \/>\n\t<meta property=\"og:image:height\" content=\"437\" \/>\n\t<meta property=\"og:image:type\" content=\"image\/jpeg\" \/>\n<meta name=\"author\" content=\"Erick Villafuerte\" \/>\n<meta name=\"twitter:card\" content=\"summary_large_image\" \/>\n<meta name=\"twitter:creator\" content=\"@quebakanec\" \/>\n<meta name=\"twitter:site\" content=\"@quebakanec\" \/>\n<meta name=\"twitter:label1\" content=\"Escrito por\" \/>\n\t<meta name=\"twitter:data1\" content=\"Erick Villafuerte\" \/>\n\t<meta name=\"twitter:label2\" content=\"Tiempo de lectura\" \/>\n\t<meta name=\"twitter:data2\" content=\"5 minutos\" \/>\n<script type=\"application\/ld+json\" class=\"yoast-schema-graph\">{\"@context\":\"https:\\\/\\\/schema.org\",\"@graph\":[{\"@type\":\"Article\",\"@id\":\"https:\\\/\\\/www.quebakan.com\\\/v15\\\/xtech-presento-en-ecuador-sonicbloom-su-parlante-portatil\\\/#article\",\"isPartOf\":{\"@id\":\"https:\\\/\\\/www.quebakan.com\\\/v15\\\/xtech-presento-en-ecuador-sonicbloom-su-parlante-portatil\\\/\"},\"author\":{\"name\":\"Erick Villafuerte\",\"@id\":\"https:\\\/\\\/www.quebakan.com\\\/v15\\\/#\\\/schema\\\/person\\\/d90fa9f9cfa81eb8ace9811e5b7b9118\"},\"headline\":\"Xtech present\u00f3 en Ecuador SonicBloom, su parlante port\u00e1til\",\"datePublished\":\"2025-10-26T23:05:02+00:00\",\"mainEntityOfPage\":{\"@id\":\"https:\\\/\\\/www.quebakan.com\\\/v15\\\/xtech-presento-en-ecuador-sonicbloom-su-parlante-portatil\\\/\"},\"wordCount\":724,\"publisher\":{\"@id\":\"https:\\\/\\\/www.quebakan.com\\\/v15\\\/#organization\"},\"image\":{\"@id\":\"https:\\\/\\\/www.quebakan.com\\\/v15\\\/xtech-presento-en-ecuador-sonicbloom-su-parlante-portatil\\\/#primaryimage\"},\"thumbnailUrl\":\"https:\\\/\\\/www.quebakan.com\\\/v15\\\/wp-content\\\/uploads\\\/2025\\\/10\\\/Xtech_Parlante_XTS-661_4.jpg\",\"articleSection\":[\"Tecnolog\u00eda\"],\"inLanguage\":\"es\"},{\"@type\":\"WebPage\",\"@id\":\"https:\\\/\\\/www.quebakan.com\\\/v15\\\/xtech-presento-en-ecuador-sonicbloom-su-parlante-portatil\\\/\",\"url\":\"https:\\\/\\\/www.quebakan.com\\\/v15\\\/xtech-presento-en-ecuador-sonicbloom-su-parlante-portatil\\\/\",\"name\":\"Xtech present\u00f3 en Ecuador SonicBloom, su parlante port\u00e1til &#8211; QUEBAKAN.COM 2026: Noticias, Eventos, Conciertos y mucho m\u00e1s....\",\"isPartOf\":{\"@id\":\"https:\\\/\\\/www.quebakan.com\\\/v15\\\/#website\"},\"primaryImageOfPage\":{\"@id\":\"https:\\\/\\\/www.quebakan.com\\\/v15\\\/xtech-presento-en-ecuador-sonicbloom-su-parlante-portatil\\\/#primaryimage\"},\"image\":{\"@id\":\"https:\\\/\\\/www.quebakan.com\\\/v15\\\/xtech-presento-en-ecuador-sonicbloom-su-parlante-portatil\\\/#primaryimage\"},\"thumbnailUrl\":\"https:\\\/\\\/www.quebakan.com\\\/v15\\\/wp-content\\\/uploads\\\/2025\\\/10\\\/Xtech_Parlante_XTS-661_4.jpg\",\"datePublished\":\"2025-10-26T23:05:02+00:00\",\"breadcrumb\":{\"@id\":\"https:\\\/\\\/www.quebakan.com\\\/v15\\\/xtech-presento-en-ecuador-sonicbloom-su-parlante-portatil\\\/#breadcrumb\"},\"inLanguage\":\"es\",\"potentialAction\":[{\"@type\":\"ReadAction\",\"target\":[\"https:\\\/\\\/www.quebakan.com\\\/v15\\\/xtech-presento-en-ecuador-sonicbloom-su-parlante-portatil\\\/\"]}]},{\"@type\":\"ImageObject\",\"inLanguage\":\"es\",\"@id\":\"https:\\\/\\\/www.quebakan.com\\\/v15\\\/xtech-presento-en-ecuador-sonicbloom-su-parlante-portatil\\\/#primaryimage\",\"url\":\"https:\\\/\\\/www.quebakan.com\\\/v15\\\/wp-content\\\/uploads\\\/2025\\\/10\\\/Xtech_Parlante_XTS-661_4.jpg\",\"contentUrl\":\"https:\\\/\\\/www.quebakan.com\\\/v15\\\/wp-content\\\/uploads\\\/2025\\\/10\\\/Xtech_Parlante_XTS-661_4.jpg\",\"width\":700,\"height\":437},{\"@type\":\"BreadcrumbList\",\"@id\":\"https:\\\/\\\/www.quebakan.com\\\/v15\\\/xtech-presento-en-ecuador-sonicbloom-su-parlante-portatil\\\/#breadcrumb\",\"itemListElement\":[{\"@type\":\"ListItem\",\"position\":1,\"name\":\"Portada\",\"item\":\"https:\\\/\\\/www.quebakan.com\\\/v15\\\/\"},{\"@type\":\"ListItem\",\"position\":2,\"name\":\"Xtech present\u00f3 en Ecuador SonicBloom, su parlante port\u00e1til\"}]},{\"@type\":\"WebSite\",\"@id\":\"https:\\\/\\\/www.quebakan.com\\\/v15\\\/#website\",\"url\":\"https:\\\/\\\/www.quebakan.com\\\/v15\\\/\",\"name\":\"QUEBAKAN\",\"description\":\"..\",\"publisher\":{\"@id\":\"https:\\\/\\\/www.quebakan.com\\\/v15\\\/#organization\"},\"potentialAction\":[{\"@type\":\"SearchAction\",\"target\":{\"@type\":\"EntryPoint\",\"urlTemplate\":\"https:\\\/\\\/www.quebakan.com\\\/v15\\\/?s={search_term_string}\"},\"query-input\":{\"@type\":\"PropertyValueSpecification\",\"valueRequired\":true,\"valueName\":\"search_term_string\"}}],\"inLanguage\":\"es\"},{\"@type\":\"Organization\",\"@id\":\"https:\\\/\\\/www.quebakan.com\\\/v15\\\/#organization\",\"name\":\"Quebakan.com\",\"url\":\"https:\\\/\\\/www.quebakan.com\\\/v15\\\/\",\"logo\":{\"@type\":\"ImageObject\",\"inLanguage\":\"es\",\"@id\":\"https:\\\/\\\/www.quebakan.com\\\/v15\\\/#\\\/schema\\\/logo\\\/image\\\/\",\"url\":\"https:\\\/\\\/www.quebakan.com\\\/v15\\\/wp-content\\\/uploads\\\/2023\\\/07\\\/logoquebakanenero2021.jpg\",\"contentUrl\":\"https:\\\/\\\/www.quebakan.com\\\/v15\\\/wp-content\\\/uploads\\\/2023\\\/07\\\/logoquebakanenero2021.jpg\",\"width\":1920,\"height\":1080,\"caption\":\"Quebakan.com\"},\"image\":{\"@id\":\"https:\\\/\\\/www.quebakan.com\\\/v15\\\/#\\\/schema\\\/logo\\\/image\\\/\"},\"sameAs\":[\"http:\\\/\\\/www.facebook.com\\\/quebakan\",\"https:\\\/\\\/x.com\\\/quebakanec\",\"http:\\\/\\\/www.instagram.com\\\/quebakan\",\"http:\\\/\\\/www.youtube.com\\\/quebakan1\"]},{\"@type\":\"Person\",\"@id\":\"https:\\\/\\\/www.quebakan.com\\\/v15\\\/#\\\/schema\\\/person\\\/d90fa9f9cfa81eb8ace9811e5b7b9118\",\"name\":\"Erick Villafuerte\",\"image\":{\"@type\":\"ImageObject\",\"inLanguage\":\"es\",\"@id\":\"https:\\\/\\\/www.quebakan.com\\\/v15\\\/wp-content\\\/uploads\\\/avatars\\\/4\\\/1731297654-bpfull.png\",\"url\":\"https:\\\/\\\/www.quebakan.com\\\/v15\\\/wp-content\\\/uploads\\\/avatars\\\/4\\\/1731297654-bpfull.png\",\"contentUrl\":\"https:\\\/\\\/www.quebakan.com\\\/v15\\\/wp-content\\\/uploads\\\/avatars\\\/4\\\/1731297654-bpfull.png\",\"caption\":\"Erick Villafuerte\"}}]}<\/script>\n<!-- \/ Yoast SEO plugin. -->","yoast_head_json":{"title":"Xtech present\u00f3 en Ecuador SonicBloom, su parlante port\u00e1til &#8211; QUEBAKAN.COM 2026: Noticias, Eventos, Conciertos y mucho m\u00e1s....","robots":{"index":"index","follow":"follow","max-snippet":"max-snippet:-1","max-image-preview":"max-image-preview:large","max-video-preview":"max-video-preview:-1"},"canonical":"https:\/\/www.quebakan.com\/v15\/xtech-presento-en-ecuador-sonicbloom-su-parlante-portatil\/","og_locale":"es_ES","og_type":"article","og_title":"Xtech present\u00f3 en Ecuador SonicBloom, su parlante port\u00e1til &#8211; QUEBAKAN.COM 2026: Noticias, Eventos, Conciertos y mucho m\u00e1s....","og_description":"El fabricante de productos de tecnolog\u00eda anunci\u00f3 el lanzamiento y la disponibilidad en el pa\u00eds de su nuevo parlante inal\u00e1mbrico Bluetooth con luces LED integradas y micr\u00f3fono, dise\u00f1ado para fiestas y entretenimiento en el hogar. Quito, 24 de octubre de 2025.- Xtech, fabricante de productos y accesorios de tecnolog\u00eda, anunci\u00f3 el lanzamiento y la llegada [&hellip;]","og_url":"https:\/\/www.quebakan.com\/v15\/xtech-presento-en-ecuador-sonicbloom-su-parlante-portatil\/","og_site_name":"QUEBAKAN.COM 2026: Noticias, Eventos, Conciertos y mucho m\u00e1s....","article_publisher":"http:\/\/www.facebook.com\/quebakan","article_published_time":"2025-10-26T23:05:02+00:00","og_image":[{"width":700,"height":437,"url":"https:\/\/www.quebakan.com\/v15\/wp-content\/uploads\/2025\/10\/Xtech_Parlante_XTS-661_4.jpg","type":"image\/jpeg"}],"author":"Erick Villafuerte","twitter_card":"summary_large_image","twitter_creator":"@quebakanec","twitter_site":"@quebakanec","twitter_misc":{"Escrito por":"Erick Villafuerte","Tiempo de lectura":"5 minutos"},"schema":{"@context":"https:\/\/schema.org","@graph":[{"@type":"Article","@id":"https:\/\/www.quebakan.com\/v15\/xtech-presento-en-ecuador-sonicbloom-su-parlante-portatil\/#article","isPartOf":{"@id":"https:\/\/www.quebakan.com\/v15\/xtech-presento-en-ecuador-sonicbloom-su-parlante-portatil\/"},"author":{"name":"Erick Villafuerte","@id":"https:\/\/www.quebakan.com\/v15\/#\/schema\/person\/d90fa9f9cfa81eb8ace9811e5b7b9118"},"headline":"Xtech present\u00f3 en Ecuador SonicBloom, su parlante port\u00e1til","datePublished":"2025-10-26T23:05:02+00:00","mainEntityOfPage":{"@id":"https:\/\/www.quebakan.com\/v15\/xtech-presento-en-ecuador-sonicbloom-su-parlante-portatil\/"},"wordCount":724,"publisher":{"@id":"https:\/\/www.quebakan.com\/v15\/#organization"},"image":{"@id":"https:\/\/www.quebakan.com\/v15\/xtech-presento-en-ecuador-sonicbloom-su-parlante-portatil\/#primaryimage"},"thumbnailUrl":"https:\/\/www.quebakan.com\/v15\/wp-content\/uploads\/2025\/10\/Xtech_Parlante_XTS-661_4.jpg","articleSection":["Tecnolog\u00eda"],"inLanguage":"es"},{"@type":"WebPage","@id":"https:\/\/www.quebakan.com\/v15\/xtech-presento-en-ecuador-sonicbloom-su-parlante-portatil\/","url":"https:\/\/www.quebakan.com\/v15\/xtech-presento-en-ecuador-sonicbloom-su-parlante-portatil\/","name":"Xtech present\u00f3 en Ecuador SonicBloom, su parlante port\u00e1til &#8211; QUEBAKAN.COM 2026: Noticias, Eventos, Conciertos y mucho m\u00e1s....","isPartOf":{"@id":"https:\/\/www.quebakan.com\/v15\/#website"},"primaryImageOfPage":{"@id":"https:\/\/www.quebakan.com\/v15\/xtech-presento-en-ecuador-sonicbloom-su-parlante-portatil\/#primaryimage"},"image":{"@id":"https:\/\/www.quebakan.com\/v15\/xtech-presento-en-ecuador-sonicbloom-su-parlante-portatil\/#primaryimage"},"thumbnailUrl":"https:\/\/www.quebakan.com\/v15\/wp-content\/uploads\/2025\/10\/Xtech_Parlante_XTS-661_4.jpg","datePublished":"2025-10-26T23:05:02+00:00","breadcrumb":{"@id":"https:\/\/www.quebakan.com\/v15\/xtech-presento-en-ecuador-sonicbloom-su-parlante-portatil\/#breadcrumb"},"inLanguage":"es","potentialAction":[{"@type":"ReadAction","target":["https:\/\/www.quebakan.com\/v15\/xtech-presento-en-ecuador-sonicbloom-su-parlante-portatil\/"]}]},{"@type":"ImageObject","inLanguage":"es","@id":"https:\/\/www.quebakan.com\/v15\/xtech-presento-en-ecuador-sonicbloom-su-parlante-portatil\/#primaryimage","url":"https:\/\/www.quebakan.com\/v15\/wp-content\/uploads\/2025\/10\/Xtech_Parlante_XTS-661_4.jpg","contentUrl":"https:\/\/www.quebakan.com\/v15\/wp-content\/uploads\/2025\/10\/Xtech_Parlante_XTS-661_4.jpg","width":700,"height":437},{"@type":"BreadcrumbList","@id":"https:\/\/www.quebakan.com\/v15\/xtech-presento-en-ecuador-sonicbloom-su-parlante-portatil\/#breadcrumb","itemListElement":[{"@type":"ListItem","position":1,"name":"Portada","item":"https:\/\/www.quebakan.com\/v15\/"},{"@type":"ListItem","position":2,"name":"Xtech present\u00f3 en Ecuador SonicBloom, su parlante port\u00e1til"}]},{"@type":"WebSite","@id":"https:\/\/www.quebakan.com\/v15\/#website","url":"https:\/\/www.quebakan.com\/v15\/","name":"QUEBAKAN","description":"..","publisher":{"@id":"https:\/\/www.quebakan.com\/v15\/#organization"},"potentialAction":[{"@type":"SearchAction","target":{"@type":"EntryPoint","urlTemplate":"https:\/\/www.quebakan.com\/v15\/?s={search_term_string}"},"query-input":{"@type":"PropertyValueSpecification","valueRequired":true,"valueName":"search_term_string"}}],"inLanguage":"es"},{"@type":"Organization","@id":"https:\/\/www.quebakan.com\/v15\/#organization","name":"Quebakan.com","url":"https:\/\/www.quebakan.com\/v15\/","logo":{"@type":"ImageObject","inLanguage":"es","@id":"https:\/\/www.quebakan.com\/v15\/#\/schema\/logo\/image\/","url":"https:\/\/www.quebakan.com\/v15\/wp-content\/uploads\/2023\/07\/logoquebakanenero2021.jpg","contentUrl":"https:\/\/www.quebakan.com\/v15\/wp-content\/uploads\/2023\/07\/logoquebakanenero2021.jpg","width":1920,"height":1080,"caption":"Quebakan.com"},"image":{"@id":"https:\/\/www.quebakan.com\/v15\/#\/schema\/logo\/image\/"},"sameAs":["http:\/\/www.facebook.com\/quebakan","https:\/\/x.com\/quebakanec","http:\/\/www.instagram.com\/quebakan","http:\/\/www.youtube.com\/quebakan1"]},{"@type":"Person","@id":"https:\/\/www.quebakan.com\/v15\/#\/schema\/person\/d90fa9f9cfa81eb8ace9811e5b7b9118","name":"Erick Villafuerte","image":{"@type":"ImageObject","inLanguage":"es","@id":"https:\/\/www.quebakan.com\/v15\/wp-content\/uploads\/avatars\/4\/1731297654-bpfull.png","url":"https:\/\/www.quebakan.com\/v15\/wp-content\/uploads\/avatars\/4\/1731297654-bpfull.png","contentUrl":"https:\/\/www.quebakan.com\/v15\/wp-content\/uploads\/avatars\/4\/1731297654-bpfull.png","caption":"Erick Villafuerte"}}]}},"_links":{"self":[{"href":"https:\/\/www.quebakan.com\/v15\/wp-json\/wp\/v2\/posts\/136686","targetHints":{"allow":["GET"]}}],"collection":[{"href":"https:\/\/www.quebakan.com\/v15\/wp-json\/wp\/v2\/posts"}],"about":[{"href":"https:\/\/www.quebakan.com\/v15\/wp-json\/wp\/v2\/types\/post"}],"author":[{"embeddable":true,"href":"https:\/\/www.quebakan.com\/v15\/wp-json\/wp\/v2\/users\/4"}],"replies":[{"embeddable":true,"href":"https:\/\/www.quebakan.com\/v15\/wp-json\/wp\/v2\/comments?post=136686"}],"version-history":[{"count":1,"href":"https:\/\/www.quebakan.com\/v15\/wp-json\/wp\/v2\/posts\/136686\/revisions"}],"predecessor-version":[{"id":136693,"href":"https:\/\/www.quebakan.com\/v15\/wp-json\/wp\/v2\/posts\/136686\/revisions\/136693"}],"wp:featuredmedia":[{"embeddable":true,"href":"https:\/\/www.quebakan.com\/v15\/wp-json\/wp\/v2\/media\/136690"}],"wp:attachment":[{"href":"https:\/\/www.quebakan.com\/v15\/wp-json\/wp\/v2\/media?parent=136686"}],"wp:term":[{"taxonomy":"category","embeddable":true,"href":"https:\/\/www.quebakan.com\/v15\/wp-json\/wp\/v2\/categories?post=136686"},{"taxonomy":"post_tag","embeddable":true,"href":"https:\/\/www.quebakan.com\/v15\/wp-json\/wp\/v2\/tags?post=136686"}],"curies":[{"name":"wp","href":"https:\/\/api.w.org\/{rel}","templated":true}]}}