{"id":136704,"date":"2025-10-27T11:08:56","date_gmt":"2025-10-27T16:08:56","guid":{"rendered":"https:\/\/www.quebakan.com\/v15\/?p=136704"},"modified":"2025-10-27T11:08:56","modified_gmt":"2025-10-27T16:08:56","slug":"ian-lombardi-presenta-huellas-solidarias-en-espana-moda-con-proposito-para-apoyar-a-ninos-con-cancer-en-ecuador-y-colombia","status":"publish","type":"post","link":"https:\/\/www.quebakan.com\/v15\/ian-lombardi-presenta-huellas-solidarias-en-espana-moda-con-proposito-para-apoyar-a-ninos-con-cancer-en-ecuador-y-colombia\/","title":{"rendered":"Ian Lombardi presenta \u201cHuellas Solidarias\u201d en Espa\u00f1a: moda con prop\u00f3sito para apoyar a ni\u00f1os con c\u00e1ncer en Ecuador y Colombia"},"content":{"rendered":"<p><img fetchpriority=\"high\" decoding=\"async\" class=\"aligncenter size-full wp-image-136705\" src=\"https:\/\/www.quebakan.com\/v15\/wp-content\/uploads\/2025\/10\/IG-@davidddnf-FOTOS-IAN-BACKSTAGE-065.jpg\" alt=\"\" width=\"700\" height=\"467\" \/><\/p>\n<p style=\"text-align: justify;\"><span style=\"color: #000000;\">En los \u00faltimos cinco a\u00f1os, <strong>Ian Lombardi no ha parado de dejar huella<\/strong>. Sus colecciones y proyectos lo han llevado a escenarios en <strong>M\u00e9xico, Alemania, Espa\u00f1a, Colombia y diversos pa\u00edses europeos<\/strong>, consolid\u00e1ndose como un referente de la moda con impacto social. Ahora, el dise\u00f1ador regresa a Espa\u00f1a para un hito especial: el pasado <strong>18 de octubre en el Casino de la Gran V\u00eda, en Madrid<\/strong>, realizar\u00e1 el lanzamiento internacional de la campa\u00f1a <strong>\u201cHuellas Solidarias\u201d<\/strong>, una propuesta que une moda, arte y solidaridad en el marco de <strong>Pasarela Espa\u00f1ola<\/strong>, evento que re\u00fane a dise\u00f1adores, prensa, celebridades e invitados especiales del circuito europeo.<\/span><\/p>\n<p style=\"text-align: justify;\"><span style=\"color: #000000;\">La propuesta de Lombardi va m\u00e1s all\u00e1 de la est\u00e9tica: cada prenda representa un aporte directo para apoyar a <strong>ni\u00f1os, adolescentes y familias en tratamiento oncol\u00f3gico en Ecuador <\/strong>Con camisetas inspiradas en la vida, el mar, la alegr\u00eda y la solidaridad, acompa\u00f1adas de chaquetas, vestidos, busos, pantalones y accesorios exclusivos, la colecci\u00f3n busca convertirse en un puente entre el estilo y la empat\u00eda.<\/span><\/p>\n<p style=\"text-align: justify;\"><span style=\"color: #000000;\">\u201c<strong>Huellas Solidarias no es solo moda, es una campa\u00f1a de vida. Cada prenda es un mensaje de esperanza y una mano tendida hacia quienes m\u00e1s lo necesitan<\/strong>\u201d, asegura Ian Lombardi, quien ha consolidado su nombre como referente de la moda con prop\u00f3sito en Am\u00e9rica Latina y Europa.<\/span><\/p>\n<p style=\"text-align: justify;\"><span style=\"color: #000000;\">La colecci\u00f3n ofrece piezas vers\u00e1tiles \u2013camisetas, blusas, blusones, vestidos y busos\u2013 elaboradas con t\u00e9cnicas de estampaci\u00f3n textil y sublimaci\u00f3n. Son prendas pensadas para el d\u00eda a d\u00eda, accesibles a un p\u00fablico diverso que desea vestir con frescura y estilo, pero tambi\u00e9n con un compromiso solidario.<\/span><\/p>\n<p style=\"text-align: justify;\"><span style=\"color: #000000;\">Los fondos recaudados ser\u00e1n destinados en su totalidad a cubrir <strong>tratamientos m\u00e9dicos, apoyo psicol\u00f3gico y necesidades b\u00e1sicas<\/strong> de familias que enfrentan la lucha contra el c\u00e1ncer infantil.<\/span><\/p>\n<p style=\"text-align: justify;\"><span style=\"color: #000000;\">Nacido en <strong>La Cumbre (Valle del Cauca, Colombia)<\/strong>, Ian Lombardi se ha consolidado como <strong>dise\u00f1ador, gestor cultural y activista social<\/strong>, reconocido por su participaci\u00f3n en pasarelas internacionales como el <strong>Sustainable Fashion Fest en Barcelona<\/strong> y circuitos de moda sostenible en Lisboa y Sevilla.<\/span><\/p>\n<p style=\"text-align: justify;\"><span style=\"color: #000000;\">Adem\u00e1s de su firma <strong>Ian Ian<\/strong>, el creador lidera <strong>Ian Moda TV<\/strong>, plataforma que impulsa la moda \u00e9tica y el talento emergente latinoamericano. Con campa\u00f1as como <em>Cumpliendo Sue\u00f1os<\/em> y <em>Desde la moda sembrando futuro<\/em> (m\u00e1s de 1.000 \u00e1rboles sembrados), ha demostrado que el dise\u00f1o puede ser una herramienta de transformaci\u00f3n social.<\/span><\/p>\n<p style=\"text-align: justify;\"><span style=\"color: #000000;\">Tras su paso por Madrid, la gira europea de este joven dise\u00f1ador, incluir\u00e1 presentaciones y encuentros estrat\u00e9gicos en <strong>Barcelona y Berl\u00edn<\/strong>, reforzando la presencia de un creador que lleva la bandera de la moda consciente y solidaria a escenarios internacionales.<\/span><\/p>\n<p style=\"text-align: justify;\"><span style=\"color: #000000;\">\u201c<strong>Con Huellas Solidarias quiero invitar a otras marcas y dise\u00f1adores a unirse a un movimiento donde la moda no solo viste, sino que acompa\u00f1a, transforma y salva vidas<\/strong>\u201d, concluye con su tono amable que invita a ver la moda como una plataforma de transformaci\u00f3n social.<\/span><\/p>\n<p><img decoding=\"async\" class=\"aligncenter size-full wp-image-136706\" src=\"https:\/\/www.quebakan.com\/v15\/wp-content\/uploads\/2025\/10\/IG-@davidddnf-FOTOS-IAN-BACKSTAGE-048.jpg\" alt=\"\" width=\"700\" height=\"467\" \/><\/p>\n<p>&nbsp;<\/p>\n<p><img decoding=\"async\" class=\"aligncenter size-full wp-image-136707\" src=\"https:\/\/www.quebakan.com\/v15\/wp-content\/uploads\/2025\/10\/IG-@davidddnf-FOTOS-IAN-BACKSTAGE-107.jpg\" alt=\"\" width=\"700\" height=\"467\" \/><\/p>\n<p>&nbsp;<\/p>\n<p><img loading=\"lazy\" decoding=\"async\" class=\"aligncenter size-full wp-image-136708\" src=\"https:\/\/www.quebakan.com\/v15\/wp-content\/uploads\/2025\/10\/IG-@davidddnf-FOTOS-IAN-BACKSTAGE-081.jpg\" alt=\"\" width=\"525\" height=\"700\" \/><\/p>\n<p>&nbsp;<\/p>\n<p><img loading=\"lazy\" decoding=\"async\" class=\"aligncenter size-full wp-image-136709\" src=\"https:\/\/www.quebakan.com\/v15\/wp-content\/uploads\/2025\/10\/SaveClip.App_568757202_18535906765030504_870253148412538650_n.jpg\" alt=\"\" width=\"525\" height=\"700\" \/><\/p>\n<p>&nbsp;<\/p>\n<p><img loading=\"lazy\" decoding=\"async\" class=\"aligncenter size-full wp-image-136710\" src=\"https:\/\/www.quebakan.com\/v15\/wp-content\/uploads\/2025\/10\/SaveClip.jpg\" alt=\"\" width=\"525\" height=\"700\" \/><\/p>\n","protected":false},"excerpt":{"rendered":"<p>En los \u00faltimos cinco a\u00f1os, Ian Lombardi no ha parado de dejar huella. Sus colecciones y proyectos lo han llevado a escenarios en M\u00e9xico, Alemania, Espa\u00f1a, Colombia y diversos pa\u00edses europeos, consolid\u00e1ndose como un referente de la moda con impacto social. Ahora, el dise\u00f1ador regresa a Espa\u00f1a para un hito especial: el pasado 18 de [&hellip;]<\/p>\n","protected":false},"author":4,"featured_media":136705,"comment_status":"closed","ping_status":"closed","sticky":false,"template":"","format":"standard","meta":{"_bbp_topic_count":0,"_bbp_reply_count":0,"_bbp_total_topic_count":0,"_bbp_total_reply_count":0,"_bbp_voice_count":0,"_bbp_anonymous_reply_count":0,"_bbp_topic_count_hidden":0,"_bbp_reply_count_hidden":0,"_bbp_forum_subforum_count":0,"buzzeditor_post_format":"","footnotes":""},"categories":[2],"tags":[],"class_list":["post-136704","post","type-post","status-publish","format-standard","has-post-thumbnail","hentry","category-noticias"],"yoast_head":"<!-- This site is optimized with the Yoast SEO plugin v27.5 - https:\/\/yoast.com\/product\/yoast-seo-wordpress\/ -->\n<title>Ian Lombardi presenta \u201cHuellas Solidarias\u201d en Espa\u00f1a: moda con prop\u00f3sito para apoyar a ni\u00f1os con c\u00e1ncer en Ecuador y Colombia &#8211; QUEBAKAN.COM 2026: Noticias, Eventos, Conciertos y mucho m\u00e1s....<\/title>\n<meta name=\"robots\" content=\"index, follow, max-snippet:-1, max-image-preview:large, max-video-preview:-1\" \/>\n<link rel=\"canonical\" href=\"https:\/\/www.quebakan.com\/v15\/ian-lombardi-presenta-huellas-solidarias-en-espana-moda-con-proposito-para-apoyar-a-ninos-con-cancer-en-ecuador-y-colombia\/\" \/>\n<meta property=\"og:locale\" content=\"es_ES\" \/>\n<meta property=\"og:type\" content=\"article\" \/>\n<meta property=\"og:title\" content=\"Ian Lombardi presenta \u201cHuellas Solidarias\u201d en Espa\u00f1a: moda con prop\u00f3sito para apoyar a ni\u00f1os con c\u00e1ncer en Ecuador y Colombia &#8211; QUEBAKAN.COM 2026: Noticias, Eventos, Conciertos y mucho m\u00e1s....\" \/>\n<meta property=\"og:description\" content=\"En los \u00faltimos cinco a\u00f1os, Ian Lombardi no ha parado de dejar huella. Sus colecciones y proyectos lo han llevado a escenarios en M\u00e9xico, Alemania, Espa\u00f1a, Colombia y diversos pa\u00edses europeos, consolid\u00e1ndose como un referente de la moda con impacto social. Ahora, el dise\u00f1ador regresa a Espa\u00f1a para un hito especial: el pasado 18 de [&hellip;]\" \/>\n<meta property=\"og:url\" content=\"https:\/\/www.quebakan.com\/v15\/ian-lombardi-presenta-huellas-solidarias-en-espana-moda-con-proposito-para-apoyar-a-ninos-con-cancer-en-ecuador-y-colombia\/\" \/>\n<meta property=\"og:site_name\" content=\"QUEBAKAN.COM 2026: Noticias, Eventos, Conciertos y mucho m\u00e1s....\" \/>\n<meta property=\"article:publisher\" content=\"http:\/\/www.facebook.com\/quebakan\" \/>\n<meta property=\"article:published_time\" content=\"2025-10-27T16:08:56+00:00\" \/>\n<meta property=\"og:image\" content=\"https:\/\/www.quebakan.com\/v15\/wp-content\/uploads\/2025\/10\/IG-@davidddnf-FOTOS-IAN-BACKSTAGE-065.jpg\" \/>\n\t<meta property=\"og:image:width\" content=\"700\" \/>\n\t<meta property=\"og:image:height\" content=\"467\" \/>\n\t<meta property=\"og:image:type\" content=\"image\/jpeg\" \/>\n<meta name=\"author\" content=\"Erick Villafuerte\" \/>\n<meta name=\"twitter:card\" content=\"summary_large_image\" \/>\n<meta name=\"twitter:creator\" content=\"@quebakanec\" \/>\n<meta name=\"twitter:site\" content=\"@quebakanec\" \/>\n<meta name=\"twitter:label1\" content=\"Escrito por\" \/>\n\t<meta name=\"twitter:data1\" content=\"Erick Villafuerte\" \/>\n\t<meta name=\"twitter:label2\" content=\"Tiempo de lectura\" \/>\n\t<meta name=\"twitter:data2\" content=\"4 minutos\" \/>\n<script type=\"application\/ld+json\" class=\"yoast-schema-graph\">{\"@context\":\"https:\\\/\\\/schema.org\",\"@graph\":[{\"@type\":\"Article\",\"@id\":\"https:\\\/\\\/www.quebakan.com\\\/v15\\\/ian-lombardi-presenta-huellas-solidarias-en-espana-moda-con-proposito-para-apoyar-a-ninos-con-cancer-en-ecuador-y-colombia\\\/#article\",\"isPartOf\":{\"@id\":\"https:\\\/\\\/www.quebakan.com\\\/v15\\\/ian-lombardi-presenta-huellas-solidarias-en-espana-moda-con-proposito-para-apoyar-a-ninos-con-cancer-en-ecuador-y-colombia\\\/\"},\"author\":{\"name\":\"Erick Villafuerte\",\"@id\":\"https:\\\/\\\/www.quebakan.com\\\/v15\\\/#\\\/schema\\\/person\\\/d90fa9f9cfa81eb8ace9811e5b7b9118\"},\"headline\":\"Ian Lombardi presenta \u201cHuellas Solidarias\u201d en Espa\u00f1a: moda con prop\u00f3sito para apoyar a ni\u00f1os con c\u00e1ncer en Ecuador y Colombia\",\"datePublished\":\"2025-10-27T16:08:56+00:00\",\"mainEntityOfPage\":{\"@id\":\"https:\\\/\\\/www.quebakan.com\\\/v15\\\/ian-lombardi-presenta-huellas-solidarias-en-espana-moda-con-proposito-para-apoyar-a-ninos-con-cancer-en-ecuador-y-colombia\\\/\"},\"wordCount\":540,\"publisher\":{\"@id\":\"https:\\\/\\\/www.quebakan.com\\\/v15\\\/#organization\"},\"image\":{\"@id\":\"https:\\\/\\\/www.quebakan.com\\\/v15\\\/ian-lombardi-presenta-huellas-solidarias-en-espana-moda-con-proposito-para-apoyar-a-ninos-con-cancer-en-ecuador-y-colombia\\\/#primaryimage\"},\"thumbnailUrl\":\"https:\\\/\\\/www.quebakan.com\\\/v15\\\/wp-content\\\/uploads\\\/2025\\\/10\\\/IG-@davidddnf-FOTOS-IAN-BACKSTAGE-065.jpg\",\"articleSection\":[\"Noticias\"],\"inLanguage\":\"es\"},{\"@type\":\"WebPage\",\"@id\":\"https:\\\/\\\/www.quebakan.com\\\/v15\\\/ian-lombardi-presenta-huellas-solidarias-en-espana-moda-con-proposito-para-apoyar-a-ninos-con-cancer-en-ecuador-y-colombia\\\/\",\"url\":\"https:\\\/\\\/www.quebakan.com\\\/v15\\\/ian-lombardi-presenta-huellas-solidarias-en-espana-moda-con-proposito-para-apoyar-a-ninos-con-cancer-en-ecuador-y-colombia\\\/\",\"name\":\"Ian Lombardi presenta \u201cHuellas Solidarias\u201d en Espa\u00f1a: moda con prop\u00f3sito para apoyar a ni\u00f1os con c\u00e1ncer en Ecuador y Colombia &#8211; QUEBAKAN.COM 2026: Noticias, Eventos, Conciertos y mucho m\u00e1s....\",\"isPartOf\":{\"@id\":\"https:\\\/\\\/www.quebakan.com\\\/v15\\\/#website\"},\"primaryImageOfPage\":{\"@id\":\"https:\\\/\\\/www.quebakan.com\\\/v15\\\/ian-lombardi-presenta-huellas-solidarias-en-espana-moda-con-proposito-para-apoyar-a-ninos-con-cancer-en-ecuador-y-colombia\\\/#primaryimage\"},\"image\":{\"@id\":\"https:\\\/\\\/www.quebakan.com\\\/v15\\\/ian-lombardi-presenta-huellas-solidarias-en-espana-moda-con-proposito-para-apoyar-a-ninos-con-cancer-en-ecuador-y-colombia\\\/#primaryimage\"},\"thumbnailUrl\":\"https:\\\/\\\/www.quebakan.com\\\/v15\\\/wp-content\\\/uploads\\\/2025\\\/10\\\/IG-@davidddnf-FOTOS-IAN-BACKSTAGE-065.jpg\",\"datePublished\":\"2025-10-27T16:08:56+00:00\",\"breadcrumb\":{\"@id\":\"https:\\\/\\\/www.quebakan.com\\\/v15\\\/ian-lombardi-presenta-huellas-solidarias-en-espana-moda-con-proposito-para-apoyar-a-ninos-con-cancer-en-ecuador-y-colombia\\\/#breadcrumb\"},\"inLanguage\":\"es\",\"potentialAction\":[{\"@type\":\"ReadAction\",\"target\":[\"https:\\\/\\\/www.quebakan.com\\\/v15\\\/ian-lombardi-presenta-huellas-solidarias-en-espana-moda-con-proposito-para-apoyar-a-ninos-con-cancer-en-ecuador-y-colombia\\\/\"]}]},{\"@type\":\"ImageObject\",\"inLanguage\":\"es\",\"@id\":\"https:\\\/\\\/www.quebakan.com\\\/v15\\\/ian-lombardi-presenta-huellas-solidarias-en-espana-moda-con-proposito-para-apoyar-a-ninos-con-cancer-en-ecuador-y-colombia\\\/#primaryimage\",\"url\":\"https:\\\/\\\/www.quebakan.com\\\/v15\\\/wp-content\\\/uploads\\\/2025\\\/10\\\/IG-@davidddnf-FOTOS-IAN-BACKSTAGE-065.jpg\",\"contentUrl\":\"https:\\\/\\\/www.quebakan.com\\\/v15\\\/wp-content\\\/uploads\\\/2025\\\/10\\\/IG-@davidddnf-FOTOS-IAN-BACKSTAGE-065.jpg\",\"width\":700,\"height\":467},{\"@type\":\"BreadcrumbList\",\"@id\":\"https:\\\/\\\/www.quebakan.com\\\/v15\\\/ian-lombardi-presenta-huellas-solidarias-en-espana-moda-con-proposito-para-apoyar-a-ninos-con-cancer-en-ecuador-y-colombia\\\/#breadcrumb\",\"itemListElement\":[{\"@type\":\"ListItem\",\"position\":1,\"name\":\"Portada\",\"item\":\"https:\\\/\\\/www.quebakan.com\\\/v15\\\/\"},{\"@type\":\"ListItem\",\"position\":2,\"name\":\"Ian Lombardi presenta \u201cHuellas Solidarias\u201d en Espa\u00f1a: moda con prop\u00f3sito para apoyar a ni\u00f1os con c\u00e1ncer en Ecuador y Colombia\"}]},{\"@type\":\"WebSite\",\"@id\":\"https:\\\/\\\/www.quebakan.com\\\/v15\\\/#website\",\"url\":\"https:\\\/\\\/www.quebakan.com\\\/v15\\\/\",\"name\":\"QUEBAKAN\",\"description\":\"..\",\"publisher\":{\"@id\":\"https:\\\/\\\/www.quebakan.com\\\/v15\\\/#organization\"},\"potentialAction\":[{\"@type\":\"SearchAction\",\"target\":{\"@type\":\"EntryPoint\",\"urlTemplate\":\"https:\\\/\\\/www.quebakan.com\\\/v15\\\/?s={search_term_string}\"},\"query-input\":{\"@type\":\"PropertyValueSpecification\",\"valueRequired\":true,\"valueName\":\"search_term_string\"}}],\"inLanguage\":\"es\"},{\"@type\":\"Organization\",\"@id\":\"https:\\\/\\\/www.quebakan.com\\\/v15\\\/#organization\",\"name\":\"Quebakan.com\",\"url\":\"https:\\\/\\\/www.quebakan.com\\\/v15\\\/\",\"logo\":{\"@type\":\"ImageObject\",\"inLanguage\":\"es\",\"@id\":\"https:\\\/\\\/www.quebakan.com\\\/v15\\\/#\\\/schema\\\/logo\\\/image\\\/\",\"url\":\"https:\\\/\\\/www.quebakan.com\\\/v15\\\/wp-content\\\/uploads\\\/2023\\\/07\\\/logoquebakanenero2021.jpg\",\"contentUrl\":\"https:\\\/\\\/www.quebakan.com\\\/v15\\\/wp-content\\\/uploads\\\/2023\\\/07\\\/logoquebakanenero2021.jpg\",\"width\":1920,\"height\":1080,\"caption\":\"Quebakan.com\"},\"image\":{\"@id\":\"https:\\\/\\\/www.quebakan.com\\\/v15\\\/#\\\/schema\\\/logo\\\/image\\\/\"},\"sameAs\":[\"http:\\\/\\\/www.facebook.com\\\/quebakan\",\"https:\\\/\\\/x.com\\\/quebakanec\",\"http:\\\/\\\/www.instagram.com\\\/quebakan\",\"http:\\\/\\\/www.youtube.com\\\/quebakan1\"]},{\"@type\":\"Person\",\"@id\":\"https:\\\/\\\/www.quebakan.com\\\/v15\\\/#\\\/schema\\\/person\\\/d90fa9f9cfa81eb8ace9811e5b7b9118\",\"name\":\"Erick Villafuerte\",\"image\":{\"@type\":\"ImageObject\",\"inLanguage\":\"es\",\"@id\":\"https:\\\/\\\/www.quebakan.com\\\/v15\\\/wp-content\\\/uploads\\\/avatars\\\/4\\\/1731297654-bpfull.png\",\"url\":\"https:\\\/\\\/www.quebakan.com\\\/v15\\\/wp-content\\\/uploads\\\/avatars\\\/4\\\/1731297654-bpfull.png\",\"contentUrl\":\"https:\\\/\\\/www.quebakan.com\\\/v15\\\/wp-content\\\/uploads\\\/avatars\\\/4\\\/1731297654-bpfull.png\",\"caption\":\"Erick Villafuerte\"}}]}<\/script>\n<!-- \/ Yoast SEO plugin. -->","yoast_head_json":{"title":"Ian Lombardi presenta \u201cHuellas Solidarias\u201d en Espa\u00f1a: moda con prop\u00f3sito para apoyar a ni\u00f1os con c\u00e1ncer en Ecuador y Colombia &#8211; QUEBAKAN.COM 2026: Noticias, Eventos, Conciertos y mucho m\u00e1s....","robots":{"index":"index","follow":"follow","max-snippet":"max-snippet:-1","max-image-preview":"max-image-preview:large","max-video-preview":"max-video-preview:-1"},"canonical":"https:\/\/www.quebakan.com\/v15\/ian-lombardi-presenta-huellas-solidarias-en-espana-moda-con-proposito-para-apoyar-a-ninos-con-cancer-en-ecuador-y-colombia\/","og_locale":"es_ES","og_type":"article","og_title":"Ian Lombardi presenta \u201cHuellas Solidarias\u201d en Espa\u00f1a: moda con prop\u00f3sito para apoyar a ni\u00f1os con c\u00e1ncer en Ecuador y Colombia &#8211; QUEBAKAN.COM 2026: Noticias, Eventos, Conciertos y mucho m\u00e1s....","og_description":"En los \u00faltimos cinco a\u00f1os, Ian Lombardi no ha parado de dejar huella. Sus colecciones y proyectos lo han llevado a escenarios en M\u00e9xico, Alemania, Espa\u00f1a, Colombia y diversos pa\u00edses europeos, consolid\u00e1ndose como un referente de la moda con impacto social. Ahora, el dise\u00f1ador regresa a Espa\u00f1a para un hito especial: el pasado 18 de [&hellip;]","og_url":"https:\/\/www.quebakan.com\/v15\/ian-lombardi-presenta-huellas-solidarias-en-espana-moda-con-proposito-para-apoyar-a-ninos-con-cancer-en-ecuador-y-colombia\/","og_site_name":"QUEBAKAN.COM 2026: Noticias, Eventos, Conciertos y mucho m\u00e1s....","article_publisher":"http:\/\/www.facebook.com\/quebakan","article_published_time":"2025-10-27T16:08:56+00:00","og_image":[{"width":700,"height":467,"url":"https:\/\/www.quebakan.com\/v15\/wp-content\/uploads\/2025\/10\/IG-@davidddnf-FOTOS-IAN-BACKSTAGE-065.jpg","type":"image\/jpeg"}],"author":"Erick Villafuerte","twitter_card":"summary_large_image","twitter_creator":"@quebakanec","twitter_site":"@quebakanec","twitter_misc":{"Escrito por":"Erick Villafuerte","Tiempo de lectura":"4 minutos"},"schema":{"@context":"https:\/\/schema.org","@graph":[{"@type":"Article","@id":"https:\/\/www.quebakan.com\/v15\/ian-lombardi-presenta-huellas-solidarias-en-espana-moda-con-proposito-para-apoyar-a-ninos-con-cancer-en-ecuador-y-colombia\/#article","isPartOf":{"@id":"https:\/\/www.quebakan.com\/v15\/ian-lombardi-presenta-huellas-solidarias-en-espana-moda-con-proposito-para-apoyar-a-ninos-con-cancer-en-ecuador-y-colombia\/"},"author":{"name":"Erick Villafuerte","@id":"https:\/\/www.quebakan.com\/v15\/#\/schema\/person\/d90fa9f9cfa81eb8ace9811e5b7b9118"},"headline":"Ian Lombardi presenta \u201cHuellas Solidarias\u201d en Espa\u00f1a: moda con prop\u00f3sito para apoyar a ni\u00f1os con c\u00e1ncer en Ecuador y Colombia","datePublished":"2025-10-27T16:08:56+00:00","mainEntityOfPage":{"@id":"https:\/\/www.quebakan.com\/v15\/ian-lombardi-presenta-huellas-solidarias-en-espana-moda-con-proposito-para-apoyar-a-ninos-con-cancer-en-ecuador-y-colombia\/"},"wordCount":540,"publisher":{"@id":"https:\/\/www.quebakan.com\/v15\/#organization"},"image":{"@id":"https:\/\/www.quebakan.com\/v15\/ian-lombardi-presenta-huellas-solidarias-en-espana-moda-con-proposito-para-apoyar-a-ninos-con-cancer-en-ecuador-y-colombia\/#primaryimage"},"thumbnailUrl":"https:\/\/www.quebakan.com\/v15\/wp-content\/uploads\/2025\/10\/IG-@davidddnf-FOTOS-IAN-BACKSTAGE-065.jpg","articleSection":["Noticias"],"inLanguage":"es"},{"@type":"WebPage","@id":"https:\/\/www.quebakan.com\/v15\/ian-lombardi-presenta-huellas-solidarias-en-espana-moda-con-proposito-para-apoyar-a-ninos-con-cancer-en-ecuador-y-colombia\/","url":"https:\/\/www.quebakan.com\/v15\/ian-lombardi-presenta-huellas-solidarias-en-espana-moda-con-proposito-para-apoyar-a-ninos-con-cancer-en-ecuador-y-colombia\/","name":"Ian Lombardi presenta \u201cHuellas Solidarias\u201d en Espa\u00f1a: moda con prop\u00f3sito para apoyar a ni\u00f1os con c\u00e1ncer en Ecuador y Colombia &#8211; QUEBAKAN.COM 2026: Noticias, Eventos, Conciertos y mucho m\u00e1s....","isPartOf":{"@id":"https:\/\/www.quebakan.com\/v15\/#website"},"primaryImageOfPage":{"@id":"https:\/\/www.quebakan.com\/v15\/ian-lombardi-presenta-huellas-solidarias-en-espana-moda-con-proposito-para-apoyar-a-ninos-con-cancer-en-ecuador-y-colombia\/#primaryimage"},"image":{"@id":"https:\/\/www.quebakan.com\/v15\/ian-lombardi-presenta-huellas-solidarias-en-espana-moda-con-proposito-para-apoyar-a-ninos-con-cancer-en-ecuador-y-colombia\/#primaryimage"},"thumbnailUrl":"https:\/\/www.quebakan.com\/v15\/wp-content\/uploads\/2025\/10\/IG-@davidddnf-FOTOS-IAN-BACKSTAGE-065.jpg","datePublished":"2025-10-27T16:08:56+00:00","breadcrumb":{"@id":"https:\/\/www.quebakan.com\/v15\/ian-lombardi-presenta-huellas-solidarias-en-espana-moda-con-proposito-para-apoyar-a-ninos-con-cancer-en-ecuador-y-colombia\/#breadcrumb"},"inLanguage":"es","potentialAction":[{"@type":"ReadAction","target":["https:\/\/www.quebakan.com\/v15\/ian-lombardi-presenta-huellas-solidarias-en-espana-moda-con-proposito-para-apoyar-a-ninos-con-cancer-en-ecuador-y-colombia\/"]}]},{"@type":"ImageObject","inLanguage":"es","@id":"https:\/\/www.quebakan.com\/v15\/ian-lombardi-presenta-huellas-solidarias-en-espana-moda-con-proposito-para-apoyar-a-ninos-con-cancer-en-ecuador-y-colombia\/#primaryimage","url":"https:\/\/www.quebakan.com\/v15\/wp-content\/uploads\/2025\/10\/IG-@davidddnf-FOTOS-IAN-BACKSTAGE-065.jpg","contentUrl":"https:\/\/www.quebakan.com\/v15\/wp-content\/uploads\/2025\/10\/IG-@davidddnf-FOTOS-IAN-BACKSTAGE-065.jpg","width":700,"height":467},{"@type":"BreadcrumbList","@id":"https:\/\/www.quebakan.com\/v15\/ian-lombardi-presenta-huellas-solidarias-en-espana-moda-con-proposito-para-apoyar-a-ninos-con-cancer-en-ecuador-y-colombia\/#breadcrumb","itemListElement":[{"@type":"ListItem","position":1,"name":"Portada","item":"https:\/\/www.quebakan.com\/v15\/"},{"@type":"ListItem","position":2,"name":"Ian Lombardi presenta \u201cHuellas Solidarias\u201d en Espa\u00f1a: moda con prop\u00f3sito para apoyar a ni\u00f1os con c\u00e1ncer en Ecuador y Colombia"}]},{"@type":"WebSite","@id":"https:\/\/www.quebakan.com\/v15\/#website","url":"https:\/\/www.quebakan.com\/v15\/","name":"QUEBAKAN","description":"..","publisher":{"@id":"https:\/\/www.quebakan.com\/v15\/#organization"},"potentialAction":[{"@type":"SearchAction","target":{"@type":"EntryPoint","urlTemplate":"https:\/\/www.quebakan.com\/v15\/?s={search_term_string}"},"query-input":{"@type":"PropertyValueSpecification","valueRequired":true,"valueName":"search_term_string"}}],"inLanguage":"es"},{"@type":"Organization","@id":"https:\/\/www.quebakan.com\/v15\/#organization","name":"Quebakan.com","url":"https:\/\/www.quebakan.com\/v15\/","logo":{"@type":"ImageObject","inLanguage":"es","@id":"https:\/\/www.quebakan.com\/v15\/#\/schema\/logo\/image\/","url":"https:\/\/www.quebakan.com\/v15\/wp-content\/uploads\/2023\/07\/logoquebakanenero2021.jpg","contentUrl":"https:\/\/www.quebakan.com\/v15\/wp-content\/uploads\/2023\/07\/logoquebakanenero2021.jpg","width":1920,"height":1080,"caption":"Quebakan.com"},"image":{"@id":"https:\/\/www.quebakan.com\/v15\/#\/schema\/logo\/image\/"},"sameAs":["http:\/\/www.facebook.com\/quebakan","https:\/\/x.com\/quebakanec","http:\/\/www.instagram.com\/quebakan","http:\/\/www.youtube.com\/quebakan1"]},{"@type":"Person","@id":"https:\/\/www.quebakan.com\/v15\/#\/schema\/person\/d90fa9f9cfa81eb8ace9811e5b7b9118","name":"Erick Villafuerte","image":{"@type":"ImageObject","inLanguage":"es","@id":"https:\/\/www.quebakan.com\/v15\/wp-content\/uploads\/avatars\/4\/1731297654-bpfull.png","url":"https:\/\/www.quebakan.com\/v15\/wp-content\/uploads\/avatars\/4\/1731297654-bpfull.png","contentUrl":"https:\/\/www.quebakan.com\/v15\/wp-content\/uploads\/avatars\/4\/1731297654-bpfull.png","caption":"Erick Villafuerte"}}]}},"_links":{"self":[{"href":"https:\/\/www.quebakan.com\/v15\/wp-json\/wp\/v2\/posts\/136704","targetHints":{"allow":["GET"]}}],"collection":[{"href":"https:\/\/www.quebakan.com\/v15\/wp-json\/wp\/v2\/posts"}],"about":[{"href":"https:\/\/www.quebakan.com\/v15\/wp-json\/wp\/v2\/types\/post"}],"author":[{"embeddable":true,"href":"https:\/\/www.quebakan.com\/v15\/wp-json\/wp\/v2\/users\/4"}],"replies":[{"embeddable":true,"href":"https:\/\/www.quebakan.com\/v15\/wp-json\/wp\/v2\/comments?post=136704"}],"version-history":[{"count":1,"href":"https:\/\/www.quebakan.com\/v15\/wp-json\/wp\/v2\/posts\/136704\/revisions"}],"predecessor-version":[{"id":136711,"href":"https:\/\/www.quebakan.com\/v15\/wp-json\/wp\/v2\/posts\/136704\/revisions\/136711"}],"wp:featuredmedia":[{"embeddable":true,"href":"https:\/\/www.quebakan.com\/v15\/wp-json\/wp\/v2\/media\/136705"}],"wp:attachment":[{"href":"https:\/\/www.quebakan.com\/v15\/wp-json\/wp\/v2\/media?parent=136704"}],"wp:term":[{"taxonomy":"category","embeddable":true,"href":"https:\/\/www.quebakan.com\/v15\/wp-json\/wp\/v2\/categories?post=136704"},{"taxonomy":"post_tag","embeddable":true,"href":"https:\/\/www.quebakan.com\/v15\/wp-json\/wp\/v2\/tags?post=136704"}],"curies":[{"name":"wp","href":"https:\/\/api.w.org\/{rel}","templated":true}]}}