{"id":136712,"date":"2025-10-27T11:12:23","date_gmt":"2025-10-27T16:12:23","guid":{"rendered":"https:\/\/www.quebakan.com\/v15\/?p=136712"},"modified":"2025-10-27T11:16:01","modified_gmt":"2025-10-27T16:16:01","slug":"foro-mundial-de-los-derechos-humanos-un-paso-hacia-la-proteccion-de-los-derechos-humanos-en-la-region","status":"publish","type":"post","link":"https:\/\/www.quebakan.com\/v15\/foro-mundial-de-los-derechos-humanos-un-paso-hacia-la-proteccion-de-los-derechos-humanos-en-la-region\/","title":{"rendered":"Foro Mundial de los Derechos Humanos: Un paso hacia la protecci\u00f3n de los derechos humanos en la regi\u00f3n"},"content":{"rendered":"<p><img fetchpriority=\"high\" decoding=\"async\" class=\"aligncenter size-full wp-image-136713\" src=\"https:\/\/www.quebakan.com\/v15\/wp-content\/uploads\/2025\/10\/001-1.jpg\" alt=\"\" width=\"700\" height=\"466\" \/><\/p>\n<p style=\"text-align: justify;\"><span style=\"color: #000000;\">Con gran \u00e9xito se realiz\u00f3 el foro internacional\u00a0 de sobre ciberseguridad y los derechos humanos con representantes de Derechos Humanos de Chile, Panam\u00e1, Colombia y delegaciones de las Fuerzas Armadas y la Polic\u00eda Nacional del Ecuador donde se toc\u00f3 el tema de seguridad y los desaf\u00edos que enfrenta la regi\u00f3n en la lucha contra el crimen organizado y la protecci\u00f3n ciudadana.<\/span><\/p>\n<p style=\"text-align: justify;\"><span style=\"color: #000000;\">En este encuentro, Valeria Constante Alvarado, comisionada internacional de la Comisi\u00f3n Internacional de Derechos Humanos C\u00f3nsules de Paz Mundial Ecuador, destac\u00f3 que se pretende educar en los valores y derechos humanos internacionales en el pa\u00eds.<\/span><\/p>\n<p style=\"text-align: justify;\"><span style=\"color: #000000;\">\u201cLa idea es promover la educaci\u00f3n, mediaci\u00f3n y cooperaci\u00f3n internacional a fin de que todos los ciudadanos sean conscientes de los derechos humanos y la importancia de cumplirlos, puntualiz\u00f3 Constante Alvarado.<\/span><\/p>\n<p style=\"text-align: justify;\"><span style=\"color: #000000;\">Como representante internacional de los derechos humanos, Constante recalc\u00f3 que con los integrantes de la comisi\u00f3n se busca tener acercamientos con los organismos y de manera independiente convertirse en veedores de tr\u00e1mites judiciales. \u201cLo que hace la comisi\u00f3n actualmente es ser veedores tipo guardianes de los procesos judiciales. Nos involucramos, no solo los respalda la carta magna, sino que hay derechos internacionales respaldando los derechos humanos de quienes se siente vulnerados\u201d, dijo. <\/span><\/p>\n<p style=\"text-align: justify;\"><span style=\"color: #000000;\">La Comisi\u00f3n Internacional de los Derechos Humanos recibe solicitudes de aquellas personas que sienten que est\u00e1n siendo vulnerados\u00a0sus derechos.<\/span><\/p>\n<p style=\"text-align: justify;\"><span style=\"color: #000000;\">\u201cUna vez que recibimos estas peticiones tomamos conocimiento de estos casos y entramos hacer\u00a0veedores de acuerdo a la comisi\u00f3n en su efecto considere. En este momento la comisi\u00f3n est\u00e1 siendo parte de algunos procesos penales importantes, comparecemos a la reuniones para dar informes internacionales\u201d.<\/span><\/p>\n<p style=\"text-align: justify;\"><span style=\"color: #000000;\">El foro internacional fue un paso importante hacia la protecci\u00f3n de los derechos humanos en la regi\u00f3n.<\/span><\/p>\n<p><img decoding=\"async\" class=\"aligncenter size-full wp-image-136714\" src=\"https:\/\/www.quebakan.com\/v15\/wp-content\/uploads\/2025\/10\/002-1.jpg\" alt=\"\" width=\"700\" height=\"466\" \/><\/p>\n","protected":false},"excerpt":{"rendered":"<p>Con gran \u00e9xito se realiz\u00f3 el foro internacional\u00a0 de sobre ciberseguridad y los derechos humanos con representantes de Derechos Humanos de Chile, Panam\u00e1, Colombia y delegaciones de las Fuerzas Armadas y la Polic\u00eda Nacional del Ecuador donde se toc\u00f3 el tema de seguridad y los desaf\u00edos que enfrenta la regi\u00f3n en la lucha contra el [&hellip;]<\/p>\n","protected":false},"author":4,"featured_media":0,"comment_status":"closed","ping_status":"closed","sticky":false,"template":"","format":"standard","meta":{"_bbp_topic_count":0,"_bbp_reply_count":0,"_bbp_total_topic_count":0,"_bbp_total_reply_count":0,"_bbp_voice_count":0,"_bbp_anonymous_reply_count":0,"_bbp_topic_count_hidden":0,"_bbp_reply_count_hidden":0,"_bbp_forum_subforum_count":0,"buzzeditor_post_format":"","footnotes":""},"categories":[2],"tags":[],"class_list":["post-136712","post","type-post","status-publish","format-standard","hentry","category-noticias"],"yoast_head":"<!-- This site is optimized with the Yoast SEO plugin v27.5 - https:\/\/yoast.com\/product\/yoast-seo-wordpress\/ -->\n<title>Foro Mundial de los Derechos Humanos: Un paso hacia la protecci\u00f3n de los derechos humanos en la regi\u00f3n &#8211; QUEBAKAN.COM 2026: Noticias, Eventos, Conciertos y mucho m\u00e1s....<\/title>\n<meta name=\"robots\" content=\"index, follow, max-snippet:-1, max-image-preview:large, max-video-preview:-1\" \/>\n<link rel=\"canonical\" href=\"https:\/\/www.quebakan.com\/v15\/foro-mundial-de-los-derechos-humanos-un-paso-hacia-la-proteccion-de-los-derechos-humanos-en-la-region\/\" \/>\n<meta property=\"og:locale\" content=\"es_ES\" \/>\n<meta property=\"og:type\" content=\"article\" \/>\n<meta property=\"og:title\" content=\"Foro Mundial de los Derechos Humanos: Un paso hacia la protecci\u00f3n de los derechos humanos en la regi\u00f3n &#8211; QUEBAKAN.COM 2026: Noticias, Eventos, Conciertos y mucho m\u00e1s....\" \/>\n<meta property=\"og:description\" content=\"Con gran \u00e9xito se realiz\u00f3 el foro internacional\u00a0 de sobre ciberseguridad y los derechos humanos con representantes de Derechos Humanos de Chile, Panam\u00e1, Colombia y delegaciones de las Fuerzas Armadas y la Polic\u00eda Nacional del Ecuador donde se toc\u00f3 el tema de seguridad y los desaf\u00edos que enfrenta la regi\u00f3n en la lucha contra el [&hellip;]\" \/>\n<meta property=\"og:url\" content=\"https:\/\/www.quebakan.com\/v15\/foro-mundial-de-los-derechos-humanos-un-paso-hacia-la-proteccion-de-los-derechos-humanos-en-la-region\/\" \/>\n<meta property=\"og:site_name\" content=\"QUEBAKAN.COM 2026: Noticias, Eventos, Conciertos y mucho m\u00e1s....\" \/>\n<meta property=\"article:publisher\" content=\"http:\/\/www.facebook.com\/quebakan\" \/>\n<meta property=\"article:published_time\" content=\"2025-10-27T16:12:23+00:00\" \/>\n<meta property=\"article:modified_time\" content=\"2025-10-27T16:16:01+00:00\" \/>\n<meta property=\"og:image\" content=\"https:\/\/www.quebakan.com\/v15\/wp-content\/uploads\/2025\/10\/001-1.jpg\" \/>\n\t<meta property=\"og:image:width\" content=\"700\" \/>\n\t<meta property=\"og:image:height\" content=\"466\" \/>\n\t<meta property=\"og:image:type\" content=\"image\/jpeg\" \/>\n<meta name=\"author\" content=\"Erick Villafuerte\" \/>\n<meta name=\"twitter:card\" content=\"summary_large_image\" \/>\n<meta name=\"twitter:creator\" content=\"@quebakanec\" \/>\n<meta name=\"twitter:site\" content=\"@quebakanec\" \/>\n<meta name=\"twitter:label1\" content=\"Escrito por\" \/>\n\t<meta name=\"twitter:data1\" content=\"Erick Villafuerte\" \/>\n\t<meta name=\"twitter:label2\" content=\"Tiempo de lectura\" \/>\n\t<meta name=\"twitter:data2\" content=\"2 minutos\" \/>\n<script type=\"application\/ld+json\" class=\"yoast-schema-graph\">{\"@context\":\"https:\\\/\\\/schema.org\",\"@graph\":[{\"@type\":\"Article\",\"@id\":\"https:\\\/\\\/www.quebakan.com\\\/v15\\\/foro-mundial-de-los-derechos-humanos-un-paso-hacia-la-proteccion-de-los-derechos-humanos-en-la-region\\\/#article\",\"isPartOf\":{\"@id\":\"https:\\\/\\\/www.quebakan.com\\\/v15\\\/foro-mundial-de-los-derechos-humanos-un-paso-hacia-la-proteccion-de-los-derechos-humanos-en-la-region\\\/\"},\"author\":{\"name\":\"Erick Villafuerte\",\"@id\":\"https:\\\/\\\/www.quebakan.com\\\/v15\\\/#\\\/schema\\\/person\\\/d90fa9f9cfa81eb8ace9811e5b7b9118\"},\"headline\":\"Foro Mundial de los Derechos Humanos: Un paso hacia la protecci\u00f3n de los derechos humanos en la regi\u00f3n\",\"datePublished\":\"2025-10-27T16:12:23+00:00\",\"dateModified\":\"2025-10-27T16:16:01+00:00\",\"mainEntityOfPage\":{\"@id\":\"https:\\\/\\\/www.quebakan.com\\\/v15\\\/foro-mundial-de-los-derechos-humanos-un-paso-hacia-la-proteccion-de-los-derechos-humanos-en-la-region\\\/\"},\"wordCount\":320,\"publisher\":{\"@id\":\"https:\\\/\\\/www.quebakan.com\\\/v15\\\/#organization\"},\"image\":{\"@id\":\"https:\\\/\\\/www.quebakan.com\\\/v15\\\/foro-mundial-de-los-derechos-humanos-un-paso-hacia-la-proteccion-de-los-derechos-humanos-en-la-region\\\/#primaryimage\"},\"thumbnailUrl\":\"https:\\\/\\\/www.quebakan.com\\\/v15\\\/wp-content\\\/uploads\\\/2025\\\/10\\\/001-1.jpg\",\"articleSection\":[\"Noticias\"],\"inLanguage\":\"es\"},{\"@type\":\"WebPage\",\"@id\":\"https:\\\/\\\/www.quebakan.com\\\/v15\\\/foro-mundial-de-los-derechos-humanos-un-paso-hacia-la-proteccion-de-los-derechos-humanos-en-la-region\\\/\",\"url\":\"https:\\\/\\\/www.quebakan.com\\\/v15\\\/foro-mundial-de-los-derechos-humanos-un-paso-hacia-la-proteccion-de-los-derechos-humanos-en-la-region\\\/\",\"name\":\"Foro Mundial de los Derechos Humanos: Un paso hacia la protecci\u00f3n de los derechos humanos en la regi\u00f3n &#8211; QUEBAKAN.COM 2026: Noticias, Eventos, Conciertos y mucho m\u00e1s....\",\"isPartOf\":{\"@id\":\"https:\\\/\\\/www.quebakan.com\\\/v15\\\/#website\"},\"primaryImageOfPage\":{\"@id\":\"https:\\\/\\\/www.quebakan.com\\\/v15\\\/foro-mundial-de-los-derechos-humanos-un-paso-hacia-la-proteccion-de-los-derechos-humanos-en-la-region\\\/#primaryimage\"},\"image\":{\"@id\":\"https:\\\/\\\/www.quebakan.com\\\/v15\\\/foro-mundial-de-los-derechos-humanos-un-paso-hacia-la-proteccion-de-los-derechos-humanos-en-la-region\\\/#primaryimage\"},\"thumbnailUrl\":\"https:\\\/\\\/www.quebakan.com\\\/v15\\\/wp-content\\\/uploads\\\/2025\\\/10\\\/001-1.jpg\",\"datePublished\":\"2025-10-27T16:12:23+00:00\",\"dateModified\":\"2025-10-27T16:16:01+00:00\",\"breadcrumb\":{\"@id\":\"https:\\\/\\\/www.quebakan.com\\\/v15\\\/foro-mundial-de-los-derechos-humanos-un-paso-hacia-la-proteccion-de-los-derechos-humanos-en-la-region\\\/#breadcrumb\"},\"inLanguage\":\"es\",\"potentialAction\":[{\"@type\":\"ReadAction\",\"target\":[\"https:\\\/\\\/www.quebakan.com\\\/v15\\\/foro-mundial-de-los-derechos-humanos-un-paso-hacia-la-proteccion-de-los-derechos-humanos-en-la-region\\\/\"]}]},{\"@type\":\"ImageObject\",\"inLanguage\":\"es\",\"@id\":\"https:\\\/\\\/www.quebakan.com\\\/v15\\\/foro-mundial-de-los-derechos-humanos-un-paso-hacia-la-proteccion-de-los-derechos-humanos-en-la-region\\\/#primaryimage\",\"url\":\"https:\\\/\\\/www.quebakan.com\\\/v15\\\/wp-content\\\/uploads\\\/2025\\\/10\\\/001-1.jpg\",\"contentUrl\":\"https:\\\/\\\/www.quebakan.com\\\/v15\\\/wp-content\\\/uploads\\\/2025\\\/10\\\/001-1.jpg\",\"width\":700,\"height\":466},{\"@type\":\"BreadcrumbList\",\"@id\":\"https:\\\/\\\/www.quebakan.com\\\/v15\\\/foro-mundial-de-los-derechos-humanos-un-paso-hacia-la-proteccion-de-los-derechos-humanos-en-la-region\\\/#breadcrumb\",\"itemListElement\":[{\"@type\":\"ListItem\",\"position\":1,\"name\":\"Portada\",\"item\":\"https:\\\/\\\/www.quebakan.com\\\/v15\\\/\"},{\"@type\":\"ListItem\",\"position\":2,\"name\":\"Foro Mundial de los Derechos Humanos: Un paso hacia la protecci\u00f3n de los derechos humanos en la regi\u00f3n\"}]},{\"@type\":\"WebSite\",\"@id\":\"https:\\\/\\\/www.quebakan.com\\\/v15\\\/#website\",\"url\":\"https:\\\/\\\/www.quebakan.com\\\/v15\\\/\",\"name\":\"QUEBAKAN\",\"description\":\"..\",\"publisher\":{\"@id\":\"https:\\\/\\\/www.quebakan.com\\\/v15\\\/#organization\"},\"potentialAction\":[{\"@type\":\"SearchAction\",\"target\":{\"@type\":\"EntryPoint\",\"urlTemplate\":\"https:\\\/\\\/www.quebakan.com\\\/v15\\\/?s={search_term_string}\"},\"query-input\":{\"@type\":\"PropertyValueSpecification\",\"valueRequired\":true,\"valueName\":\"search_term_string\"}}],\"inLanguage\":\"es\"},{\"@type\":\"Organization\",\"@id\":\"https:\\\/\\\/www.quebakan.com\\\/v15\\\/#organization\",\"name\":\"Quebakan.com\",\"url\":\"https:\\\/\\\/www.quebakan.com\\\/v15\\\/\",\"logo\":{\"@type\":\"ImageObject\",\"inLanguage\":\"es\",\"@id\":\"https:\\\/\\\/www.quebakan.com\\\/v15\\\/#\\\/schema\\\/logo\\\/image\\\/\",\"url\":\"https:\\\/\\\/www.quebakan.com\\\/v15\\\/wp-content\\\/uploads\\\/2023\\\/07\\\/logoquebakanenero2021.jpg\",\"contentUrl\":\"https:\\\/\\\/www.quebakan.com\\\/v15\\\/wp-content\\\/uploads\\\/2023\\\/07\\\/logoquebakanenero2021.jpg\",\"width\":1920,\"height\":1080,\"caption\":\"Quebakan.com\"},\"image\":{\"@id\":\"https:\\\/\\\/www.quebakan.com\\\/v15\\\/#\\\/schema\\\/logo\\\/image\\\/\"},\"sameAs\":[\"http:\\\/\\\/www.facebook.com\\\/quebakan\",\"https:\\\/\\\/x.com\\\/quebakanec\",\"http:\\\/\\\/www.instagram.com\\\/quebakan\",\"http:\\\/\\\/www.youtube.com\\\/quebakan1\"]},{\"@type\":\"Person\",\"@id\":\"https:\\\/\\\/www.quebakan.com\\\/v15\\\/#\\\/schema\\\/person\\\/d90fa9f9cfa81eb8ace9811e5b7b9118\",\"name\":\"Erick Villafuerte\",\"image\":{\"@type\":\"ImageObject\",\"inLanguage\":\"es\",\"@id\":\"https:\\\/\\\/www.quebakan.com\\\/v15\\\/wp-content\\\/uploads\\\/avatars\\\/4\\\/1731297654-bpfull.png\",\"url\":\"https:\\\/\\\/www.quebakan.com\\\/v15\\\/wp-content\\\/uploads\\\/avatars\\\/4\\\/1731297654-bpfull.png\",\"contentUrl\":\"https:\\\/\\\/www.quebakan.com\\\/v15\\\/wp-content\\\/uploads\\\/avatars\\\/4\\\/1731297654-bpfull.png\",\"caption\":\"Erick Villafuerte\"}}]}<\/script>\n<!-- \/ Yoast SEO plugin. -->","yoast_head_json":{"title":"Foro Mundial de los Derechos Humanos: Un paso hacia la protecci\u00f3n de los derechos humanos en la regi\u00f3n &#8211; QUEBAKAN.COM 2026: Noticias, Eventos, Conciertos y mucho m\u00e1s....","robots":{"index":"index","follow":"follow","max-snippet":"max-snippet:-1","max-image-preview":"max-image-preview:large","max-video-preview":"max-video-preview:-1"},"canonical":"https:\/\/www.quebakan.com\/v15\/foro-mundial-de-los-derechos-humanos-un-paso-hacia-la-proteccion-de-los-derechos-humanos-en-la-region\/","og_locale":"es_ES","og_type":"article","og_title":"Foro Mundial de los Derechos Humanos: Un paso hacia la protecci\u00f3n de los derechos humanos en la regi\u00f3n &#8211; QUEBAKAN.COM 2026: Noticias, Eventos, Conciertos y mucho m\u00e1s....","og_description":"Con gran \u00e9xito se realiz\u00f3 el foro internacional\u00a0 de sobre ciberseguridad y los derechos humanos con representantes de Derechos Humanos de Chile, Panam\u00e1, Colombia y delegaciones de las Fuerzas Armadas y la Polic\u00eda Nacional del Ecuador donde se toc\u00f3 el tema de seguridad y los desaf\u00edos que enfrenta la regi\u00f3n en la lucha contra el [&hellip;]","og_url":"https:\/\/www.quebakan.com\/v15\/foro-mundial-de-los-derechos-humanos-un-paso-hacia-la-proteccion-de-los-derechos-humanos-en-la-region\/","og_site_name":"QUEBAKAN.COM 2026: Noticias, Eventos, Conciertos y mucho m\u00e1s....","article_publisher":"http:\/\/www.facebook.com\/quebakan","article_published_time":"2025-10-27T16:12:23+00:00","article_modified_time":"2025-10-27T16:16:01+00:00","og_image":[{"width":700,"height":466,"url":"https:\/\/www.quebakan.com\/v15\/wp-content\/uploads\/2025\/10\/001-1.jpg","type":"image\/jpeg"}],"author":"Erick Villafuerte","twitter_card":"summary_large_image","twitter_creator":"@quebakanec","twitter_site":"@quebakanec","twitter_misc":{"Escrito por":"Erick Villafuerte","Tiempo de lectura":"2 minutos"},"schema":{"@context":"https:\/\/schema.org","@graph":[{"@type":"Article","@id":"https:\/\/www.quebakan.com\/v15\/foro-mundial-de-los-derechos-humanos-un-paso-hacia-la-proteccion-de-los-derechos-humanos-en-la-region\/#article","isPartOf":{"@id":"https:\/\/www.quebakan.com\/v15\/foro-mundial-de-los-derechos-humanos-un-paso-hacia-la-proteccion-de-los-derechos-humanos-en-la-region\/"},"author":{"name":"Erick Villafuerte","@id":"https:\/\/www.quebakan.com\/v15\/#\/schema\/person\/d90fa9f9cfa81eb8ace9811e5b7b9118"},"headline":"Foro Mundial de los Derechos Humanos: Un paso hacia la protecci\u00f3n de los derechos humanos en la regi\u00f3n","datePublished":"2025-10-27T16:12:23+00:00","dateModified":"2025-10-27T16:16:01+00:00","mainEntityOfPage":{"@id":"https:\/\/www.quebakan.com\/v15\/foro-mundial-de-los-derechos-humanos-un-paso-hacia-la-proteccion-de-los-derechos-humanos-en-la-region\/"},"wordCount":320,"publisher":{"@id":"https:\/\/www.quebakan.com\/v15\/#organization"},"image":{"@id":"https:\/\/www.quebakan.com\/v15\/foro-mundial-de-los-derechos-humanos-un-paso-hacia-la-proteccion-de-los-derechos-humanos-en-la-region\/#primaryimage"},"thumbnailUrl":"https:\/\/www.quebakan.com\/v15\/wp-content\/uploads\/2025\/10\/001-1.jpg","articleSection":["Noticias"],"inLanguage":"es"},{"@type":"WebPage","@id":"https:\/\/www.quebakan.com\/v15\/foro-mundial-de-los-derechos-humanos-un-paso-hacia-la-proteccion-de-los-derechos-humanos-en-la-region\/","url":"https:\/\/www.quebakan.com\/v15\/foro-mundial-de-los-derechos-humanos-un-paso-hacia-la-proteccion-de-los-derechos-humanos-en-la-region\/","name":"Foro Mundial de los Derechos Humanos: Un paso hacia la protecci\u00f3n de los derechos humanos en la regi\u00f3n &#8211; QUEBAKAN.COM 2026: Noticias, Eventos, Conciertos y mucho m\u00e1s....","isPartOf":{"@id":"https:\/\/www.quebakan.com\/v15\/#website"},"primaryImageOfPage":{"@id":"https:\/\/www.quebakan.com\/v15\/foro-mundial-de-los-derechos-humanos-un-paso-hacia-la-proteccion-de-los-derechos-humanos-en-la-region\/#primaryimage"},"image":{"@id":"https:\/\/www.quebakan.com\/v15\/foro-mundial-de-los-derechos-humanos-un-paso-hacia-la-proteccion-de-los-derechos-humanos-en-la-region\/#primaryimage"},"thumbnailUrl":"https:\/\/www.quebakan.com\/v15\/wp-content\/uploads\/2025\/10\/001-1.jpg","datePublished":"2025-10-27T16:12:23+00:00","dateModified":"2025-10-27T16:16:01+00:00","breadcrumb":{"@id":"https:\/\/www.quebakan.com\/v15\/foro-mundial-de-los-derechos-humanos-un-paso-hacia-la-proteccion-de-los-derechos-humanos-en-la-region\/#breadcrumb"},"inLanguage":"es","potentialAction":[{"@type":"ReadAction","target":["https:\/\/www.quebakan.com\/v15\/foro-mundial-de-los-derechos-humanos-un-paso-hacia-la-proteccion-de-los-derechos-humanos-en-la-region\/"]}]},{"@type":"ImageObject","inLanguage":"es","@id":"https:\/\/www.quebakan.com\/v15\/foro-mundial-de-los-derechos-humanos-un-paso-hacia-la-proteccion-de-los-derechos-humanos-en-la-region\/#primaryimage","url":"https:\/\/www.quebakan.com\/v15\/wp-content\/uploads\/2025\/10\/001-1.jpg","contentUrl":"https:\/\/www.quebakan.com\/v15\/wp-content\/uploads\/2025\/10\/001-1.jpg","width":700,"height":466},{"@type":"BreadcrumbList","@id":"https:\/\/www.quebakan.com\/v15\/foro-mundial-de-los-derechos-humanos-un-paso-hacia-la-proteccion-de-los-derechos-humanos-en-la-region\/#breadcrumb","itemListElement":[{"@type":"ListItem","position":1,"name":"Portada","item":"https:\/\/www.quebakan.com\/v15\/"},{"@type":"ListItem","position":2,"name":"Foro Mundial de los Derechos Humanos: Un paso hacia la protecci\u00f3n de los derechos humanos en la regi\u00f3n"}]},{"@type":"WebSite","@id":"https:\/\/www.quebakan.com\/v15\/#website","url":"https:\/\/www.quebakan.com\/v15\/","name":"QUEBAKAN","description":"..","publisher":{"@id":"https:\/\/www.quebakan.com\/v15\/#organization"},"potentialAction":[{"@type":"SearchAction","target":{"@type":"EntryPoint","urlTemplate":"https:\/\/www.quebakan.com\/v15\/?s={search_term_string}"},"query-input":{"@type":"PropertyValueSpecification","valueRequired":true,"valueName":"search_term_string"}}],"inLanguage":"es"},{"@type":"Organization","@id":"https:\/\/www.quebakan.com\/v15\/#organization","name":"Quebakan.com","url":"https:\/\/www.quebakan.com\/v15\/","logo":{"@type":"ImageObject","inLanguage":"es","@id":"https:\/\/www.quebakan.com\/v15\/#\/schema\/logo\/image\/","url":"https:\/\/www.quebakan.com\/v15\/wp-content\/uploads\/2023\/07\/logoquebakanenero2021.jpg","contentUrl":"https:\/\/www.quebakan.com\/v15\/wp-content\/uploads\/2023\/07\/logoquebakanenero2021.jpg","width":1920,"height":1080,"caption":"Quebakan.com"},"image":{"@id":"https:\/\/www.quebakan.com\/v15\/#\/schema\/logo\/image\/"},"sameAs":["http:\/\/www.facebook.com\/quebakan","https:\/\/x.com\/quebakanec","http:\/\/www.instagram.com\/quebakan","http:\/\/www.youtube.com\/quebakan1"]},{"@type":"Person","@id":"https:\/\/www.quebakan.com\/v15\/#\/schema\/person\/d90fa9f9cfa81eb8ace9811e5b7b9118","name":"Erick Villafuerte","image":{"@type":"ImageObject","inLanguage":"es","@id":"https:\/\/www.quebakan.com\/v15\/wp-content\/uploads\/avatars\/4\/1731297654-bpfull.png","url":"https:\/\/www.quebakan.com\/v15\/wp-content\/uploads\/avatars\/4\/1731297654-bpfull.png","contentUrl":"https:\/\/www.quebakan.com\/v15\/wp-content\/uploads\/avatars\/4\/1731297654-bpfull.png","caption":"Erick Villafuerte"}}]}},"_links":{"self":[{"href":"https:\/\/www.quebakan.com\/v15\/wp-json\/wp\/v2\/posts\/136712","targetHints":{"allow":["GET"]}}],"collection":[{"href":"https:\/\/www.quebakan.com\/v15\/wp-json\/wp\/v2\/posts"}],"about":[{"href":"https:\/\/www.quebakan.com\/v15\/wp-json\/wp\/v2\/types\/post"}],"author":[{"embeddable":true,"href":"https:\/\/www.quebakan.com\/v15\/wp-json\/wp\/v2\/users\/4"}],"replies":[{"embeddable":true,"href":"https:\/\/www.quebakan.com\/v15\/wp-json\/wp\/v2\/comments?post=136712"}],"version-history":[{"count":2,"href":"https:\/\/www.quebakan.com\/v15\/wp-json\/wp\/v2\/posts\/136712\/revisions"}],"predecessor-version":[{"id":136716,"href":"https:\/\/www.quebakan.com\/v15\/wp-json\/wp\/v2\/posts\/136712\/revisions\/136716"}],"wp:attachment":[{"href":"https:\/\/www.quebakan.com\/v15\/wp-json\/wp\/v2\/media?parent=136712"}],"wp:term":[{"taxonomy":"category","embeddable":true,"href":"https:\/\/www.quebakan.com\/v15\/wp-json\/wp\/v2\/categories?post=136712"},{"taxonomy":"post_tag","embeddable":true,"href":"https:\/\/www.quebakan.com\/v15\/wp-json\/wp\/v2\/tags?post=136712"}],"curies":[{"name":"wp","href":"https:\/\/api.w.org\/{rel}","templated":true}]}}