{"id":136732,"date":"2025-10-27T12:33:03","date_gmt":"2025-10-27T17:33:03","guid":{"rendered":"https:\/\/www.quebakan.com\/v15\/?p=136732"},"modified":"2025-10-27T12:33:03","modified_gmt":"2025-10-27T17:33:03","slug":"lg-lanza-en-ecuador-su-nueva-linea-de-lavadoras-inteligentes-limpieza-profunda-cuidado-de-la-ropa-y-un-diseno-pensado-para-ti","status":"publish","type":"post","link":"https:\/\/www.quebakan.com\/v15\/lg-lanza-en-ecuador-su-nueva-linea-de-lavadoras-inteligentes-limpieza-profunda-cuidado-de-la-ropa-y-un-diseno-pensado-para-ti\/","title":{"rendered":"LG lanza en Ecuador su nueva l\u00ednea de lavadoras inteligentes: limpieza profunda, cuidado de la ropa y un dise\u00f1o pensado para ti"},"content":{"rendered":"<p><img fetchpriority=\"high\" decoding=\"async\" class=\"aligncenter size-full wp-image-136733\" src=\"https:\/\/www.quebakan.com\/v15\/wp-content\/uploads\/2025\/10\/Lavadoras-inteligentes_1.jpg\" alt=\"\" width=\"700\" height=\"467\" \/><\/p>\n<p style=\"text-align: justify;\"><span style=\"color: #000000;\"><em>Limpieza profunda, ahorro de tiempo y tecnolog\u00eda que entiende tus prendas.<\/em><\/span><\/p>\n<p style=\"text-align: justify;\"><span style=\"color: #000000;\"><strong>Ecuador, 24 de octubre de 2025<\/strong> \u2013 LG Electronics, l\u00edder global en innovaci\u00f3n tecnol\u00f3gica, presenta en Ecuador su nueva generaci\u00f3n de lavadoras inteligentes de carga frontal y superior, dise\u00f1adas para ofrecer un lavado m\u00e1s eficiente, conectado y sostenible. Con tecnolog\u00eda avanzada, dise\u00f1o moderno y funciones que se adaptan al estilo de vida actual, LG redefine la experiencia de cuidado de la ropa en el hogar.<\/span><\/p>\n<p style=\"text-align: justify;\"><span style=\"color: #000000;\"><strong>Dise\u00f1o moderno, experiencia m\u00e1s c\u00f3moda<\/strong><\/span><\/p>\n<p style=\"text-align: justify;\"><span style=\"color: #000000;\">Las nuevas lavadoras de carga superior combinan un dise\u00f1o elegante con el nuevo panel <strong>Mando rotativo<\/strong>, que simplifica la selecci\u00f3n de ciclos con una interfaz intuitiva y moderna. Su puerta de vidrio templado de ancho completo y la funci\u00f3n <strong>EasyUnload\u2122<\/strong> facilitan el acceso al interior, evitando esfuerzos innecesarios al sacar la ropa.<\/span><\/p>\n<p style=\"text-align: justify;\"><span style=\"color: #000000;\">Disponibles en colores <strong>Platinum Black<\/strong>, <strong>Essence White<\/strong> y <strong>Essence Graphite (mate)<\/strong>, se integran armoniosamente en cualquier ambiente del hogar.<\/span><\/p>\n<p style=\"text-align: justify;\"><span style=\"color: #000000;\">Esta l\u00ednea incluye modelos con capacidades de <strong>22 kg, 23 kg, 25 kg y 28 kg<\/strong>, siendo esta \u00faltima un modelo premium al incorporar el sistema <strong>Auto Dispenser (ezDispense\u2122)<\/strong> y la perilla LCD.<\/span><\/p>\n<p style=\"text-align: justify;\"><span style=\"color: #000000;\">Por su parte, el nuevo modelo de <strong>20 kg<\/strong> combina lavado y secado en un solo equipo, disponible en colores <strong>blanco y negro<\/strong>, ofrece en un dise\u00f1o m\u00e1s compacto. Su panel <strong>LED<\/strong> y su arquitectura optimizada logran <strong>mayor capacidad con menor espacio<\/strong>, convirti\u00e9ndola en <strong>la m\u00e1s grande del mercado en su categor\u00eda<\/strong>, ideal para hogares que buscan rendimiento y practicidad en un solo equipo.<\/span><\/p>\n<p style=\"text-align: justify;\"><span style=\"color: #000000;\"><strong>Una experiencia que se adapta a tu ritmo<\/strong><\/span><\/p>\n<p style=\"text-align: justify;\"><span style=\"color: #000000;\">Pensadas para simplificar la rutina, estas nuevas lavadoras permiten disfrutar m\u00e1s tiempo libre y menos preocupaciones. Mientras realizas otras actividades, la tecnolog\u00eda LG se encarga de ajustar autom\u00e1ticamente el ciclo, dosificar el detergente y monitorear el consumo desde tu celular. Es la combinaci\u00f3n perfecta entre rendimiento, comodidad y bienestar para el hogar moderno.<\/span><\/p>\n<p style=\"text-align: justify;\"><span style=\"color: #000000;\"><strong>Tecnolog\u00eda que cuida tus prendas<\/strong><\/span><\/p>\n<p style=\"text-align: justify;\"><span style=\"color: #000000;\">Gracias a su sistema AI DD\u2122 (Intelligent Direct Drive), las nuevas lavadoras detectan no solo el peso, sino tambi\u00e9n el tipo de tejido, ajustando autom\u00e1ticamente los movimientos del tambor para garantizar una limpieza efectiva con el m\u00e1ximo cuidado de las prendas. Adem\u00e1s, gracias a la tecnolog\u00eda Inverter, optimizan el consumo energ\u00e9tico para un mayor ahorro de electricidad y eficiencia en cada lavado.<\/span><\/p>\n<p style=\"text-align: justify;\"><span style=\"color: #000000;\">Los motores Direct Drive\u2122, tecnolog\u00eda patentada por LG, est\u00e1n directamente conectados al tambor, sin correas ni poleas. Esto reduce el ruido, las vibraciones y el desgaste, ofreciendo una durabilidad superior frente a los motores convencionales. Este sistema, que ha hecho de LG la marca n\u00famero uno a nivel mundial en confianza y rendimiento, garantiza lavadoras m\u00e1s resistentes y silenciosas por d\u00e9cadas.<\/span><\/p>\n<p style=\"text-align: justify;\"><span style=\"color: #000000;\">Con TurboWash\u2122360\u02da, los ciclos son m\u00e1s potentes y r\u00e1pidos, reduciendo significativamente el tiempo de lavado sin afectar los resultados. Imagina tener una lavadora que entiende tu ropa: m\u00e1s delicadeza para tus prendas favoritas, m\u00e1s fuerza para la ropa deportiva o las toallas.<\/span><\/p>\n<p style=\"text-align: justify;\"><span style=\"color: #000000;\"><strong>Dosificaci\u00f3n autom\u00e1tica para mayor comodidad<\/strong><\/span><\/p>\n<p style=\"text-align: justify;\"><span style=\"color: #000000;\">El sistema <strong>ezDispense\u2122<\/strong> de LG libera autom\u00e1ticamente la cantidad exacta de detergente y suavizante para cada carga, optimizando el lavado y evitando residuos. Con capacidad para varios lavados, ya no tendr\u00e1s que a\u00f1adir detergente en cada ciclo. Adem\u00e1s, el sistema incluye recordatorios autom\u00e1ticos de recarga y limpieza, para un mantenimiento sencillo y un rendimiento constante.<\/span><\/p>\n<p style=\"text-align: justify;\"><span style=\"color: #000000;\"><strong>Funciones que hacen la diferencia<\/strong><\/span><\/p>\n<p style=\"text-align: justify;\"><span style=\"color: #000000;\">Las nuevas lavadoras incluyen ciclos especiales pensados en el bienestar del usuario y del planeta:<\/span><\/p>\n<ul style=\"text-align: justify;\">\n<li><span style=\"color: #000000;\"><strong>Steam\u2122 Allergy Care:<\/strong> elimina al\u00e9rgenos y bacterias con vapor, ideal para pieles sensibles.<\/span><\/li>\n<li><span style=\"color: #000000;\"><strong>Pet Care:<\/strong> reduce hasta un 50% los residuos de pelo de mascotas, aportando mayor limpieza e higiene.<\/span><\/li>\n<li><span style=\"color: #000000;\"><strong>Microplastic Care:<\/strong> ciclo exclusivo que reduce la fricci\u00f3n entre tejidos y ayuda a minimizar la liberaci\u00f3n de micropl\u00e1sticos al agua, contribuyendo al cuidado del medio ambiente.<\/span><\/li>\n<\/ul>\n<p style=\"text-align: justify;\"><span style=\"color: #000000;\"><strong>Personalizaci\u00f3n y conectividad inteligente<\/strong><\/span><\/p>\n<p style=\"text-align: justify;\"><span style=\"color: #000000;\">A trav\u00e9s de la aplicaci\u00f3n <strong>LG ThinQ\u2122<\/strong>, los usuarios pueden controlar su lavadora desde el smartphone, programar ciclos, monitorear el consumo energ\u00e9tico o recibir notificaciones cuando el lavado termina. Adem\u00e1s, funciones como <strong>My Cycle<\/strong> y <strong>Cycle List Edit<\/strong> permiten personalizar y guardar los ciclos m\u00e1s usados, creando una experiencia realmente a medida.<\/span><\/p>\n<p style=\"text-align: justify;\"><span style=\"color: #000000;\"><strong>Dise\u00f1o elegante y tecnolog\u00eda premium<\/strong><\/span><\/p>\n<p style=\"text-align: justify;\"><span style=\"color: #000000;\">Dise\u00f1adas para quienes buscan m\u00e1xima eficiencia con un toque de elegancia, las nuevas lavadoras de carga frontal de LG combinan potencia, inteligencia y dise\u00f1o premium en acero negro. Incorporan la tecnolog\u00eda <strong>AI DD\u2122<\/strong>, que detecta el tipo de tejido y ajusta los movimientos del tambor para un lavado m\u00e1s cuidadoso y eficiente.<\/span><\/p>\n<p style=\"text-align: justify;\"><span style=\"color: #000000;\">Gracias a su sistema Inverter Direct Drive\u2122, ofrecen movimientos precisos seg\u00fan el tipo de prenda, garantizando una limpieza profunda, menor desgaste de las telas y mayor ahorro de energ\u00eda. As\u00ed como la funci\u00f3n <strong>Steam\u2122<\/strong> que elimina bacterias y al\u00e9rgenos, ofreciendo un lavado m\u00e1s higi\u00e9nico.<\/span><\/p>\n<p style=\"text-align: justify;\"><span style=\"color: #000000;\">Su pantalla <strong>LCD t\u00e1ctil<\/strong> facilita el control intuitivo de m\u00e1s de 20 ciclos, y la conectividad <strong>LG ThinQ\u2122<\/strong> permite monitorear y programar lavados desde el smartphone o mediante comandos de voz. Adem\u00e1s, incluye <strong>Smart Pairing\u2122<\/strong>, que sincroniza autom\u00e1ticamente los ciclos con la secadora compatible.<\/span><\/p>\n<p style=\"text-align: justify;\"><span style=\"color: #000000;\">De gran capacidad, estas lavadoras combinan rendimiento, ahorro y confort, ideales para familias que buscan cuidar su ropa y el planeta con tecnolog\u00eda avanzada.<\/span><\/p>\n<p style=\"text-align: justify;\"><span style=\"color: #000000;\">\u201cCon esta nueva generaci\u00f3n de lavadoras, LG busca ofrecer tecnolog\u00eda m\u00e1s cercana y \u00fatil. Son equipos que se adaptan a la rutina de las personas, cuidan su ropa, su tiempo y tambi\u00e9n el medio ambiente\u201d, coment\u00f3 Ricardo Pillajo, Product Manager de LG Electronics Ecuador.<\/span><\/p>\n<p style=\"text-align: justify;\"><span style=\"color: #000000;\"><strong>Disponibilidad y respaldo<\/strong><\/span><\/p>\n<p style=\"text-align: justify;\"><span style=\"color: #000000;\">Las nuevas lavadoras LG, incluidas las de carga frontal y superior, as\u00ed como el modelo de 20 kg que combina lavado y secado en un solo equipo, est\u00e1n disponibles en las principales cadenas comerciales del pa\u00eds. Todos los productos LG cuentan con la garant\u00eda, respaldo t\u00e9cnico y calidad que caracterizan a la marca.<\/span><\/p>\n<p style=\"text-align: justify;\"><span style=\"color: #000000;\">Para descubrir m\u00e1s detalles sobre este lanzamiento y otros productos de LG, visite nuestro sitio web oficial <a style=\"color: #000000;\" href=\"http:\/\/www.lg.com\/ec\">www.lg.com\/ec<\/a> y con\u00e9ctese con nosotros en redes sociales: Instagram, Facebook y YouTube como <u>LGEcuador<\/u>.<\/span><\/p>\n<p><img decoding=\"async\" class=\"aligncenter size-full wp-image-136734\" src=\"https:\/\/www.quebakan.com\/v15\/wp-content\/uploads\/2025\/10\/Lavadoras-inteligentes_2.jpg\" alt=\"\" width=\"700\" height=\"467\" \/><\/p>\n<p>&nbsp;<\/p>\n<p><img decoding=\"async\" class=\"aligncenter size-full wp-image-136735\" src=\"https:\/\/www.quebakan.com\/v15\/wp-content\/uploads\/2025\/10\/Lavadoras-inteligentes_3.jpg\" alt=\"\" width=\"700\" height=\"467\" \/><\/p>\n","protected":false},"excerpt":{"rendered":"<p>Limpieza profunda, ahorro de tiempo y tecnolog\u00eda que entiende tus prendas. Ecuador, 24 de octubre de 2025 \u2013 LG Electronics, l\u00edder global en innovaci\u00f3n tecnol\u00f3gica, presenta en Ecuador su nueva generaci\u00f3n de lavadoras inteligentes de carga frontal y superior, dise\u00f1adas para ofrecer un lavado m\u00e1s eficiente, conectado y sostenible. Con tecnolog\u00eda avanzada, dise\u00f1o moderno y [&hellip;]<\/p>\n","protected":false},"author":4,"featured_media":136735,"comment_status":"closed","ping_status":"closed","sticky":false,"template":"","format":"standard","meta":{"_bbp_topic_count":0,"_bbp_reply_count":0,"_bbp_total_topic_count":0,"_bbp_total_reply_count":0,"_bbp_voice_count":0,"_bbp_anonymous_reply_count":0,"_bbp_topic_count_hidden":0,"_bbp_reply_count_hidden":0,"_bbp_forum_subforum_count":0,"buzzeditor_post_format":"","footnotes":""},"categories":[2],"tags":[],"class_list":["post-136732","post","type-post","status-publish","format-standard","has-post-thumbnail","hentry","category-noticias"],"yoast_head":"<!-- This site is optimized with the Yoast SEO plugin v27.5 - https:\/\/yoast.com\/product\/yoast-seo-wordpress\/ -->\n<title>LG lanza en Ecuador su nueva l\u00ednea de lavadoras inteligentes: limpieza profunda, cuidado de la ropa y un dise\u00f1o pensado para ti &#8211; QUEBAKAN.COM 2026: Noticias, Eventos, Conciertos y mucho m\u00e1s....<\/title>\n<meta name=\"robots\" content=\"index, follow, max-snippet:-1, max-image-preview:large, max-video-preview:-1\" \/>\n<link rel=\"canonical\" href=\"https:\/\/www.quebakan.com\/v15\/lg-lanza-en-ecuador-su-nueva-linea-de-lavadoras-inteligentes-limpieza-profunda-cuidado-de-la-ropa-y-un-diseno-pensado-para-ti\/\" \/>\n<meta property=\"og:locale\" content=\"es_ES\" \/>\n<meta property=\"og:type\" content=\"article\" \/>\n<meta property=\"og:title\" content=\"LG lanza en Ecuador su nueva l\u00ednea de lavadoras inteligentes: limpieza profunda, cuidado de la ropa y un dise\u00f1o pensado para ti &#8211; QUEBAKAN.COM 2026: Noticias, Eventos, Conciertos y mucho m\u00e1s....\" \/>\n<meta property=\"og:description\" content=\"Limpieza profunda, ahorro de tiempo y tecnolog\u00eda que entiende tus prendas. Ecuador, 24 de octubre de 2025 \u2013 LG Electronics, l\u00edder global en innovaci\u00f3n tecnol\u00f3gica, presenta en Ecuador su nueva generaci\u00f3n de lavadoras inteligentes de carga frontal y superior, dise\u00f1adas para ofrecer un lavado m\u00e1s eficiente, conectado y sostenible. Con tecnolog\u00eda avanzada, dise\u00f1o moderno y [&hellip;]\" \/>\n<meta property=\"og:url\" content=\"https:\/\/www.quebakan.com\/v15\/lg-lanza-en-ecuador-su-nueva-linea-de-lavadoras-inteligentes-limpieza-profunda-cuidado-de-la-ropa-y-un-diseno-pensado-para-ti\/\" \/>\n<meta property=\"og:site_name\" content=\"QUEBAKAN.COM 2026: Noticias, Eventos, Conciertos y mucho m\u00e1s....\" \/>\n<meta property=\"article:publisher\" content=\"http:\/\/www.facebook.com\/quebakan\" \/>\n<meta property=\"article:published_time\" content=\"2025-10-27T17:33:03+00:00\" \/>\n<meta property=\"og:image\" content=\"https:\/\/www.quebakan.com\/v15\/wp-content\/uploads\/2025\/10\/Lavadoras-inteligentes_3.jpg\" \/>\n\t<meta property=\"og:image:width\" content=\"700\" \/>\n\t<meta property=\"og:image:height\" content=\"467\" \/>\n\t<meta property=\"og:image:type\" content=\"image\/jpeg\" \/>\n<meta name=\"author\" content=\"Erick Villafuerte\" \/>\n<meta name=\"twitter:card\" content=\"summary_large_image\" \/>\n<meta name=\"twitter:creator\" content=\"@quebakanec\" \/>\n<meta name=\"twitter:site\" content=\"@quebakanec\" \/>\n<meta name=\"twitter:label1\" content=\"Escrito por\" \/>\n\t<meta name=\"twitter:data1\" content=\"Erick Villafuerte\" \/>\n\t<meta name=\"twitter:label2\" content=\"Tiempo de lectura\" \/>\n\t<meta name=\"twitter:data2\" content=\"6 minutos\" \/>\n<script type=\"application\/ld+json\" class=\"yoast-schema-graph\">{\"@context\":\"https:\\\/\\\/schema.org\",\"@graph\":[{\"@type\":\"Article\",\"@id\":\"https:\\\/\\\/www.quebakan.com\\\/v15\\\/lg-lanza-en-ecuador-su-nueva-linea-de-lavadoras-inteligentes-limpieza-profunda-cuidado-de-la-ropa-y-un-diseno-pensado-para-ti\\\/#article\",\"isPartOf\":{\"@id\":\"https:\\\/\\\/www.quebakan.com\\\/v15\\\/lg-lanza-en-ecuador-su-nueva-linea-de-lavadoras-inteligentes-limpieza-profunda-cuidado-de-la-ropa-y-un-diseno-pensado-para-ti\\\/\"},\"author\":{\"name\":\"Erick Villafuerte\",\"@id\":\"https:\\\/\\\/www.quebakan.com\\\/v15\\\/#\\\/schema\\\/person\\\/d90fa9f9cfa81eb8ace9811e5b7b9118\"},\"headline\":\"LG lanza en Ecuador su nueva l\u00ednea de lavadoras inteligentes: limpieza profunda, cuidado de la ropa y un dise\u00f1o pensado para ti\",\"datePublished\":\"2025-10-27T17:33:03+00:00\",\"mainEntityOfPage\":{\"@id\":\"https:\\\/\\\/www.quebakan.com\\\/v15\\\/lg-lanza-en-ecuador-su-nueva-linea-de-lavadoras-inteligentes-limpieza-profunda-cuidado-de-la-ropa-y-un-diseno-pensado-para-ti\\\/\"},\"wordCount\":1075,\"publisher\":{\"@id\":\"https:\\\/\\\/www.quebakan.com\\\/v15\\\/#organization\"},\"image\":{\"@id\":\"https:\\\/\\\/www.quebakan.com\\\/v15\\\/lg-lanza-en-ecuador-su-nueva-linea-de-lavadoras-inteligentes-limpieza-profunda-cuidado-de-la-ropa-y-un-diseno-pensado-para-ti\\\/#primaryimage\"},\"thumbnailUrl\":\"https:\\\/\\\/www.quebakan.com\\\/v15\\\/wp-content\\\/uploads\\\/2025\\\/10\\\/Lavadoras-inteligentes_3.jpg\",\"articleSection\":[\"Noticias\"],\"inLanguage\":\"es\"},{\"@type\":\"WebPage\",\"@id\":\"https:\\\/\\\/www.quebakan.com\\\/v15\\\/lg-lanza-en-ecuador-su-nueva-linea-de-lavadoras-inteligentes-limpieza-profunda-cuidado-de-la-ropa-y-un-diseno-pensado-para-ti\\\/\",\"url\":\"https:\\\/\\\/www.quebakan.com\\\/v15\\\/lg-lanza-en-ecuador-su-nueva-linea-de-lavadoras-inteligentes-limpieza-profunda-cuidado-de-la-ropa-y-un-diseno-pensado-para-ti\\\/\",\"name\":\"LG lanza en Ecuador su nueva l\u00ednea de lavadoras inteligentes: limpieza profunda, cuidado de la ropa y un dise\u00f1o pensado para ti &#8211; QUEBAKAN.COM 2026: Noticias, Eventos, Conciertos y mucho m\u00e1s....\",\"isPartOf\":{\"@id\":\"https:\\\/\\\/www.quebakan.com\\\/v15\\\/#website\"},\"primaryImageOfPage\":{\"@id\":\"https:\\\/\\\/www.quebakan.com\\\/v15\\\/lg-lanza-en-ecuador-su-nueva-linea-de-lavadoras-inteligentes-limpieza-profunda-cuidado-de-la-ropa-y-un-diseno-pensado-para-ti\\\/#primaryimage\"},\"image\":{\"@id\":\"https:\\\/\\\/www.quebakan.com\\\/v15\\\/lg-lanza-en-ecuador-su-nueva-linea-de-lavadoras-inteligentes-limpieza-profunda-cuidado-de-la-ropa-y-un-diseno-pensado-para-ti\\\/#primaryimage\"},\"thumbnailUrl\":\"https:\\\/\\\/www.quebakan.com\\\/v15\\\/wp-content\\\/uploads\\\/2025\\\/10\\\/Lavadoras-inteligentes_3.jpg\",\"datePublished\":\"2025-10-27T17:33:03+00:00\",\"breadcrumb\":{\"@id\":\"https:\\\/\\\/www.quebakan.com\\\/v15\\\/lg-lanza-en-ecuador-su-nueva-linea-de-lavadoras-inteligentes-limpieza-profunda-cuidado-de-la-ropa-y-un-diseno-pensado-para-ti\\\/#breadcrumb\"},\"inLanguage\":\"es\",\"potentialAction\":[{\"@type\":\"ReadAction\",\"target\":[\"https:\\\/\\\/www.quebakan.com\\\/v15\\\/lg-lanza-en-ecuador-su-nueva-linea-de-lavadoras-inteligentes-limpieza-profunda-cuidado-de-la-ropa-y-un-diseno-pensado-para-ti\\\/\"]}]},{\"@type\":\"ImageObject\",\"inLanguage\":\"es\",\"@id\":\"https:\\\/\\\/www.quebakan.com\\\/v15\\\/lg-lanza-en-ecuador-su-nueva-linea-de-lavadoras-inteligentes-limpieza-profunda-cuidado-de-la-ropa-y-un-diseno-pensado-para-ti\\\/#primaryimage\",\"url\":\"https:\\\/\\\/www.quebakan.com\\\/v15\\\/wp-content\\\/uploads\\\/2025\\\/10\\\/Lavadoras-inteligentes_3.jpg\",\"contentUrl\":\"https:\\\/\\\/www.quebakan.com\\\/v15\\\/wp-content\\\/uploads\\\/2025\\\/10\\\/Lavadoras-inteligentes_3.jpg\",\"width\":700,\"height\":467},{\"@type\":\"BreadcrumbList\",\"@id\":\"https:\\\/\\\/www.quebakan.com\\\/v15\\\/lg-lanza-en-ecuador-su-nueva-linea-de-lavadoras-inteligentes-limpieza-profunda-cuidado-de-la-ropa-y-un-diseno-pensado-para-ti\\\/#breadcrumb\",\"itemListElement\":[{\"@type\":\"ListItem\",\"position\":1,\"name\":\"Portada\",\"item\":\"https:\\\/\\\/www.quebakan.com\\\/v15\\\/\"},{\"@type\":\"ListItem\",\"position\":2,\"name\":\"LG lanza en Ecuador su nueva l\u00ednea de lavadoras inteligentes: limpieza profunda, cuidado de la ropa y un dise\u00f1o pensado para ti\"}]},{\"@type\":\"WebSite\",\"@id\":\"https:\\\/\\\/www.quebakan.com\\\/v15\\\/#website\",\"url\":\"https:\\\/\\\/www.quebakan.com\\\/v15\\\/\",\"name\":\"QUEBAKAN\",\"description\":\"..\",\"publisher\":{\"@id\":\"https:\\\/\\\/www.quebakan.com\\\/v15\\\/#organization\"},\"potentialAction\":[{\"@type\":\"SearchAction\",\"target\":{\"@type\":\"EntryPoint\",\"urlTemplate\":\"https:\\\/\\\/www.quebakan.com\\\/v15\\\/?s={search_term_string}\"},\"query-input\":{\"@type\":\"PropertyValueSpecification\",\"valueRequired\":true,\"valueName\":\"search_term_string\"}}],\"inLanguage\":\"es\"},{\"@type\":\"Organization\",\"@id\":\"https:\\\/\\\/www.quebakan.com\\\/v15\\\/#organization\",\"name\":\"Quebakan.com\",\"url\":\"https:\\\/\\\/www.quebakan.com\\\/v15\\\/\",\"logo\":{\"@type\":\"ImageObject\",\"inLanguage\":\"es\",\"@id\":\"https:\\\/\\\/www.quebakan.com\\\/v15\\\/#\\\/schema\\\/logo\\\/image\\\/\",\"url\":\"https:\\\/\\\/www.quebakan.com\\\/v15\\\/wp-content\\\/uploads\\\/2023\\\/07\\\/logoquebakanenero2021.jpg\",\"contentUrl\":\"https:\\\/\\\/www.quebakan.com\\\/v15\\\/wp-content\\\/uploads\\\/2023\\\/07\\\/logoquebakanenero2021.jpg\",\"width\":1920,\"height\":1080,\"caption\":\"Quebakan.com\"},\"image\":{\"@id\":\"https:\\\/\\\/www.quebakan.com\\\/v15\\\/#\\\/schema\\\/logo\\\/image\\\/\"},\"sameAs\":[\"http:\\\/\\\/www.facebook.com\\\/quebakan\",\"https:\\\/\\\/x.com\\\/quebakanec\",\"http:\\\/\\\/www.instagram.com\\\/quebakan\",\"http:\\\/\\\/www.youtube.com\\\/quebakan1\"]},{\"@type\":\"Person\",\"@id\":\"https:\\\/\\\/www.quebakan.com\\\/v15\\\/#\\\/schema\\\/person\\\/d90fa9f9cfa81eb8ace9811e5b7b9118\",\"name\":\"Erick Villafuerte\",\"image\":{\"@type\":\"ImageObject\",\"inLanguage\":\"es\",\"@id\":\"https:\\\/\\\/www.quebakan.com\\\/v15\\\/wp-content\\\/uploads\\\/avatars\\\/4\\\/1731297654-bpfull.png\",\"url\":\"https:\\\/\\\/www.quebakan.com\\\/v15\\\/wp-content\\\/uploads\\\/avatars\\\/4\\\/1731297654-bpfull.png\",\"contentUrl\":\"https:\\\/\\\/www.quebakan.com\\\/v15\\\/wp-content\\\/uploads\\\/avatars\\\/4\\\/1731297654-bpfull.png\",\"caption\":\"Erick Villafuerte\"}}]}<\/script>\n<!-- \/ Yoast SEO plugin. -->","yoast_head_json":{"title":"LG lanza en Ecuador su nueva l\u00ednea de lavadoras inteligentes: limpieza profunda, cuidado de la ropa y un dise\u00f1o pensado para ti &#8211; QUEBAKAN.COM 2026: Noticias, Eventos, Conciertos y mucho m\u00e1s....","robots":{"index":"index","follow":"follow","max-snippet":"max-snippet:-1","max-image-preview":"max-image-preview:large","max-video-preview":"max-video-preview:-1"},"canonical":"https:\/\/www.quebakan.com\/v15\/lg-lanza-en-ecuador-su-nueva-linea-de-lavadoras-inteligentes-limpieza-profunda-cuidado-de-la-ropa-y-un-diseno-pensado-para-ti\/","og_locale":"es_ES","og_type":"article","og_title":"LG lanza en Ecuador su nueva l\u00ednea de lavadoras inteligentes: limpieza profunda, cuidado de la ropa y un dise\u00f1o pensado para ti &#8211; QUEBAKAN.COM 2026: Noticias, Eventos, Conciertos y mucho m\u00e1s....","og_description":"Limpieza profunda, ahorro de tiempo y tecnolog\u00eda que entiende tus prendas. Ecuador, 24 de octubre de 2025 \u2013 LG Electronics, l\u00edder global en innovaci\u00f3n tecnol\u00f3gica, presenta en Ecuador su nueva generaci\u00f3n de lavadoras inteligentes de carga frontal y superior, dise\u00f1adas para ofrecer un lavado m\u00e1s eficiente, conectado y sostenible. Con tecnolog\u00eda avanzada, dise\u00f1o moderno y [&hellip;]","og_url":"https:\/\/www.quebakan.com\/v15\/lg-lanza-en-ecuador-su-nueva-linea-de-lavadoras-inteligentes-limpieza-profunda-cuidado-de-la-ropa-y-un-diseno-pensado-para-ti\/","og_site_name":"QUEBAKAN.COM 2026: Noticias, Eventos, Conciertos y mucho m\u00e1s....","article_publisher":"http:\/\/www.facebook.com\/quebakan","article_published_time":"2025-10-27T17:33:03+00:00","og_image":[{"width":700,"height":467,"url":"https:\/\/www.quebakan.com\/v15\/wp-content\/uploads\/2025\/10\/Lavadoras-inteligentes_3.jpg","type":"image\/jpeg"}],"author":"Erick Villafuerte","twitter_card":"summary_large_image","twitter_creator":"@quebakanec","twitter_site":"@quebakanec","twitter_misc":{"Escrito por":"Erick Villafuerte","Tiempo de lectura":"6 minutos"},"schema":{"@context":"https:\/\/schema.org","@graph":[{"@type":"Article","@id":"https:\/\/www.quebakan.com\/v15\/lg-lanza-en-ecuador-su-nueva-linea-de-lavadoras-inteligentes-limpieza-profunda-cuidado-de-la-ropa-y-un-diseno-pensado-para-ti\/#article","isPartOf":{"@id":"https:\/\/www.quebakan.com\/v15\/lg-lanza-en-ecuador-su-nueva-linea-de-lavadoras-inteligentes-limpieza-profunda-cuidado-de-la-ropa-y-un-diseno-pensado-para-ti\/"},"author":{"name":"Erick Villafuerte","@id":"https:\/\/www.quebakan.com\/v15\/#\/schema\/person\/d90fa9f9cfa81eb8ace9811e5b7b9118"},"headline":"LG lanza en Ecuador su nueva l\u00ednea de lavadoras inteligentes: limpieza profunda, cuidado de la ropa y un dise\u00f1o pensado para ti","datePublished":"2025-10-27T17:33:03+00:00","mainEntityOfPage":{"@id":"https:\/\/www.quebakan.com\/v15\/lg-lanza-en-ecuador-su-nueva-linea-de-lavadoras-inteligentes-limpieza-profunda-cuidado-de-la-ropa-y-un-diseno-pensado-para-ti\/"},"wordCount":1075,"publisher":{"@id":"https:\/\/www.quebakan.com\/v15\/#organization"},"image":{"@id":"https:\/\/www.quebakan.com\/v15\/lg-lanza-en-ecuador-su-nueva-linea-de-lavadoras-inteligentes-limpieza-profunda-cuidado-de-la-ropa-y-un-diseno-pensado-para-ti\/#primaryimage"},"thumbnailUrl":"https:\/\/www.quebakan.com\/v15\/wp-content\/uploads\/2025\/10\/Lavadoras-inteligentes_3.jpg","articleSection":["Noticias"],"inLanguage":"es"},{"@type":"WebPage","@id":"https:\/\/www.quebakan.com\/v15\/lg-lanza-en-ecuador-su-nueva-linea-de-lavadoras-inteligentes-limpieza-profunda-cuidado-de-la-ropa-y-un-diseno-pensado-para-ti\/","url":"https:\/\/www.quebakan.com\/v15\/lg-lanza-en-ecuador-su-nueva-linea-de-lavadoras-inteligentes-limpieza-profunda-cuidado-de-la-ropa-y-un-diseno-pensado-para-ti\/","name":"LG lanza en Ecuador su nueva l\u00ednea de lavadoras inteligentes: limpieza profunda, cuidado de la ropa y un dise\u00f1o pensado para ti &#8211; QUEBAKAN.COM 2026: Noticias, Eventos, Conciertos y mucho m\u00e1s....","isPartOf":{"@id":"https:\/\/www.quebakan.com\/v15\/#website"},"primaryImageOfPage":{"@id":"https:\/\/www.quebakan.com\/v15\/lg-lanza-en-ecuador-su-nueva-linea-de-lavadoras-inteligentes-limpieza-profunda-cuidado-de-la-ropa-y-un-diseno-pensado-para-ti\/#primaryimage"},"image":{"@id":"https:\/\/www.quebakan.com\/v15\/lg-lanza-en-ecuador-su-nueva-linea-de-lavadoras-inteligentes-limpieza-profunda-cuidado-de-la-ropa-y-un-diseno-pensado-para-ti\/#primaryimage"},"thumbnailUrl":"https:\/\/www.quebakan.com\/v15\/wp-content\/uploads\/2025\/10\/Lavadoras-inteligentes_3.jpg","datePublished":"2025-10-27T17:33:03+00:00","breadcrumb":{"@id":"https:\/\/www.quebakan.com\/v15\/lg-lanza-en-ecuador-su-nueva-linea-de-lavadoras-inteligentes-limpieza-profunda-cuidado-de-la-ropa-y-un-diseno-pensado-para-ti\/#breadcrumb"},"inLanguage":"es","potentialAction":[{"@type":"ReadAction","target":["https:\/\/www.quebakan.com\/v15\/lg-lanza-en-ecuador-su-nueva-linea-de-lavadoras-inteligentes-limpieza-profunda-cuidado-de-la-ropa-y-un-diseno-pensado-para-ti\/"]}]},{"@type":"ImageObject","inLanguage":"es","@id":"https:\/\/www.quebakan.com\/v15\/lg-lanza-en-ecuador-su-nueva-linea-de-lavadoras-inteligentes-limpieza-profunda-cuidado-de-la-ropa-y-un-diseno-pensado-para-ti\/#primaryimage","url":"https:\/\/www.quebakan.com\/v15\/wp-content\/uploads\/2025\/10\/Lavadoras-inteligentes_3.jpg","contentUrl":"https:\/\/www.quebakan.com\/v15\/wp-content\/uploads\/2025\/10\/Lavadoras-inteligentes_3.jpg","width":700,"height":467},{"@type":"BreadcrumbList","@id":"https:\/\/www.quebakan.com\/v15\/lg-lanza-en-ecuador-su-nueva-linea-de-lavadoras-inteligentes-limpieza-profunda-cuidado-de-la-ropa-y-un-diseno-pensado-para-ti\/#breadcrumb","itemListElement":[{"@type":"ListItem","position":1,"name":"Portada","item":"https:\/\/www.quebakan.com\/v15\/"},{"@type":"ListItem","position":2,"name":"LG lanza en Ecuador su nueva l\u00ednea de lavadoras inteligentes: limpieza profunda, cuidado de la ropa y un dise\u00f1o pensado para ti"}]},{"@type":"WebSite","@id":"https:\/\/www.quebakan.com\/v15\/#website","url":"https:\/\/www.quebakan.com\/v15\/","name":"QUEBAKAN","description":"..","publisher":{"@id":"https:\/\/www.quebakan.com\/v15\/#organization"},"potentialAction":[{"@type":"SearchAction","target":{"@type":"EntryPoint","urlTemplate":"https:\/\/www.quebakan.com\/v15\/?s={search_term_string}"},"query-input":{"@type":"PropertyValueSpecification","valueRequired":true,"valueName":"search_term_string"}}],"inLanguage":"es"},{"@type":"Organization","@id":"https:\/\/www.quebakan.com\/v15\/#organization","name":"Quebakan.com","url":"https:\/\/www.quebakan.com\/v15\/","logo":{"@type":"ImageObject","inLanguage":"es","@id":"https:\/\/www.quebakan.com\/v15\/#\/schema\/logo\/image\/","url":"https:\/\/www.quebakan.com\/v15\/wp-content\/uploads\/2023\/07\/logoquebakanenero2021.jpg","contentUrl":"https:\/\/www.quebakan.com\/v15\/wp-content\/uploads\/2023\/07\/logoquebakanenero2021.jpg","width":1920,"height":1080,"caption":"Quebakan.com"},"image":{"@id":"https:\/\/www.quebakan.com\/v15\/#\/schema\/logo\/image\/"},"sameAs":["http:\/\/www.facebook.com\/quebakan","https:\/\/x.com\/quebakanec","http:\/\/www.instagram.com\/quebakan","http:\/\/www.youtube.com\/quebakan1"]},{"@type":"Person","@id":"https:\/\/www.quebakan.com\/v15\/#\/schema\/person\/d90fa9f9cfa81eb8ace9811e5b7b9118","name":"Erick Villafuerte","image":{"@type":"ImageObject","inLanguage":"es","@id":"https:\/\/www.quebakan.com\/v15\/wp-content\/uploads\/avatars\/4\/1731297654-bpfull.png","url":"https:\/\/www.quebakan.com\/v15\/wp-content\/uploads\/avatars\/4\/1731297654-bpfull.png","contentUrl":"https:\/\/www.quebakan.com\/v15\/wp-content\/uploads\/avatars\/4\/1731297654-bpfull.png","caption":"Erick Villafuerte"}}]}},"_links":{"self":[{"href":"https:\/\/www.quebakan.com\/v15\/wp-json\/wp\/v2\/posts\/136732","targetHints":{"allow":["GET"]}}],"collection":[{"href":"https:\/\/www.quebakan.com\/v15\/wp-json\/wp\/v2\/posts"}],"about":[{"href":"https:\/\/www.quebakan.com\/v15\/wp-json\/wp\/v2\/types\/post"}],"author":[{"embeddable":true,"href":"https:\/\/www.quebakan.com\/v15\/wp-json\/wp\/v2\/users\/4"}],"replies":[{"embeddable":true,"href":"https:\/\/www.quebakan.com\/v15\/wp-json\/wp\/v2\/comments?post=136732"}],"version-history":[{"count":1,"href":"https:\/\/www.quebakan.com\/v15\/wp-json\/wp\/v2\/posts\/136732\/revisions"}],"predecessor-version":[{"id":136736,"href":"https:\/\/www.quebakan.com\/v15\/wp-json\/wp\/v2\/posts\/136732\/revisions\/136736"}],"wp:featuredmedia":[{"embeddable":true,"href":"https:\/\/www.quebakan.com\/v15\/wp-json\/wp\/v2\/media\/136735"}],"wp:attachment":[{"href":"https:\/\/www.quebakan.com\/v15\/wp-json\/wp\/v2\/media?parent=136732"}],"wp:term":[{"taxonomy":"category","embeddable":true,"href":"https:\/\/www.quebakan.com\/v15\/wp-json\/wp\/v2\/categories?post=136732"},{"taxonomy":"post_tag","embeddable":true,"href":"https:\/\/www.quebakan.com\/v15\/wp-json\/wp\/v2\/tags?post=136732"}],"curies":[{"name":"wp","href":"https:\/\/api.w.org\/{rel}","templated":true}]}}