{"id":136742,"date":"2025-10-27T12:59:19","date_gmt":"2025-10-27T17:59:19","guid":{"rendered":"https:\/\/www.quebakan.com\/v15\/?p=136742"},"modified":"2025-10-27T12:59:19","modified_gmt":"2025-10-27T17:59:19","slug":"fundacion-faces-presenta-julio-eterno-liderado-por-el-artista-ecuatoriano-juan-fernando-velasco","status":"publish","type":"post","link":"https:\/\/www.quebakan.com\/v15\/fundacion-faces-presenta-julio-eterno-liderado-por-el-artista-ecuatoriano-juan-fernando-velasco\/","title":{"rendered":"Fundaci\u00f3n Faces presenta \u201cJulio Eterno\u201d liderado por el artista ecuatoriano Juan Fernando Velasco"},"content":{"rendered":"<p><img fetchpriority=\"high\" decoding=\"async\" class=\"aligncenter size-full wp-image-136743\" src=\"https:\/\/www.quebakan.com\/v15\/wp-content\/uploads\/2025\/10\/Imagen-Faces.jpg\" alt=\"\" width=\"700\" height=\"394\" \/><\/p>\n<p style=\"text-align: justify;\"><span style=\"color: #000000;\"><em>Fundaci\u00f3n Faces celebra sus 21 a\u00f1os con un tributo a Julio Jaramillo. <\/em><\/span><\/p>\n<p style=\"text-align: justify;\"><span style=\"color: #000000;\"><strong>Quito, octubre de 2025.-<\/strong> Con miras a ofrecer a la ciudadan\u00eda la oportunidad de vivir el legado hist\u00f3rico al pasillo ecuatoriano, Fundaci\u00f3n Faces invita a la celebraci\u00f3n de su aniversario con el tributo \u201cJulio Eterno\u201d liderado por Juan Fernando Velasco y con la intervenci\u00f3n de la sinf\u00f3nica de los ni\u00f1os de la Fundaci\u00f3n.<\/span><\/p>\n<p style=\"text-align: justify;\"><span style=\"color: #000000;\">El evento, con una puesta una escena acompa\u00f1ada de Inteligencia Artificial que permite la vuelta al escenario del ruise\u00f1or de Am\u00e9rica cantando a d\u00fao con Velasco, tendr\u00e1 lugar el pr\u00f3ximo mi\u00e9rcoles 19 de noviembre, en el Teatro San Gabriel, ubicado en la Av. Am\u00e9rica y Mariana de Jes\u00fas.<\/span><\/p>\n<p style=\"text-align: justify;\"><span style=\"color: #000000;\">Todos los fondos recaudados en taquilla, ser\u00e1n donados a la Fundaci\u00f3n Faces, una entidad sin fines de lucro comprometida con el desarrollo integral y cultural de ni\u00f1os en situaciones de vulnerabilidad.<\/span><\/p>\n<p style=\"text-align: justify;\"><span style=\"color: #000000;\">El espect\u00e1culo liderado ofrecer\u00e1 un amplio repertorio de los mejores \u00e9xitos de Julio Jaramillo.<\/span><\/p>\n<p style=\"text-align: justify;\"><span style=\"color: #000000;\">Las entradas est\u00e1n a la venta en las boleter\u00edas f\u00edsicas del Teatro San Gabriel y en www.teatrosangabriel.com<\/span><\/p>\n<p style=\"text-align: justify;\"><span style=\"color: #000000;\">COMPRA YA TUS ENTRADAS EN:<\/span><\/p>\n<blockquote class=\"wp-embedded-content\" data-secret=\"8KtYyJigwL\"><p><a href=\"https:\/\/tickets.teatrosangabriel.com\/tc-events\/julio-eterno-19-de-noviembre-20h00\">Juan Fernando Velasco &#8211; Julio Eterno &#8211; 19 de Noviembre &#8211; 20h00<\/a><\/p><\/blockquote>\n<p><iframe class=\"wp-embedded-content\" sandbox=\"allow-scripts\" security=\"restricted\" style=\"position: absolute; visibility: hidden;\" title=\"&#8220;Juan Fernando Velasco &#8211; Julio Eterno &#8211; 19 de Noviembre &#8211; 20h00&#8221; &#8212; Teatro San Gabriel Ticketera\" src=\"https:\/\/tickets.teatrosangabriel.com\/tc-events\/julio-eterno-19-de-noviembre-20h00\/embed#?secret=rYxDJi2M7g#?secret=8KtYyJigwL\" data-secret=\"8KtYyJigwL\" width=\"500\" height=\"282\" frameborder=\"0\" marginwidth=\"0\" marginheight=\"0\" scrolling=\"no\"><\/iframe><\/p>\n","protected":false},"excerpt":{"rendered":"<p>Fundaci\u00f3n Faces celebra sus 21 a\u00f1os con un tributo a Julio Jaramillo. Quito, octubre de 2025.- Con miras a ofrecer a la ciudadan\u00eda la oportunidad de vivir el legado hist\u00f3rico al pasillo ecuatoriano, Fundaci\u00f3n Faces invita a la celebraci\u00f3n de su aniversario con el tributo \u201cJulio Eterno\u201d liderado por Juan Fernando Velasco y con la [&hellip;]<\/p>\n","protected":false},"author":4,"featured_media":136743,"comment_status":"closed","ping_status":"closed","sticky":false,"template":"","format":"standard","meta":{"_bbp_topic_count":0,"_bbp_reply_count":0,"_bbp_total_topic_count":0,"_bbp_total_reply_count":0,"_bbp_voice_count":0,"_bbp_anonymous_reply_count":0,"_bbp_topic_count_hidden":0,"_bbp_reply_count_hidden":0,"_bbp_forum_subforum_count":0,"buzzeditor_post_format":"","footnotes":""},"categories":[2],"tags":[],"class_list":["post-136742","post","type-post","status-publish","format-standard","has-post-thumbnail","hentry","category-noticias"],"yoast_head":"<!-- This site is optimized with the Yoast SEO plugin v27.5 - https:\/\/yoast.com\/product\/yoast-seo-wordpress\/ -->\n<title>Fundaci\u00f3n Faces presenta \u201cJulio Eterno\u201d liderado por el artista ecuatoriano Juan Fernando Velasco &#8211; QUEBAKAN.COM 2026: Noticias, Eventos, Conciertos y mucho m\u00e1s....<\/title>\n<meta name=\"robots\" content=\"index, follow, max-snippet:-1, max-image-preview:large, max-video-preview:-1\" \/>\n<link rel=\"canonical\" href=\"https:\/\/www.quebakan.com\/v15\/fundacion-faces-presenta-julio-eterno-liderado-por-el-artista-ecuatoriano-juan-fernando-velasco\/\" \/>\n<meta property=\"og:locale\" content=\"es_ES\" \/>\n<meta property=\"og:type\" content=\"article\" \/>\n<meta property=\"og:title\" content=\"Fundaci\u00f3n Faces presenta \u201cJulio Eterno\u201d liderado por el artista ecuatoriano Juan Fernando Velasco &#8211; QUEBAKAN.COM 2026: Noticias, Eventos, Conciertos y mucho m\u00e1s....\" \/>\n<meta property=\"og:description\" content=\"Fundaci\u00f3n Faces celebra sus 21 a\u00f1os con un tributo a Julio Jaramillo. Quito, octubre de 2025.- Con miras a ofrecer a la ciudadan\u00eda la oportunidad de vivir el legado hist\u00f3rico al pasillo ecuatoriano, Fundaci\u00f3n Faces invita a la celebraci\u00f3n de su aniversario con el tributo \u201cJulio Eterno\u201d liderado por Juan Fernando Velasco y con la [&hellip;]\" \/>\n<meta property=\"og:url\" content=\"https:\/\/www.quebakan.com\/v15\/fundacion-faces-presenta-julio-eterno-liderado-por-el-artista-ecuatoriano-juan-fernando-velasco\/\" \/>\n<meta property=\"og:site_name\" content=\"QUEBAKAN.COM 2026: Noticias, Eventos, Conciertos y mucho m\u00e1s....\" \/>\n<meta property=\"article:publisher\" content=\"http:\/\/www.facebook.com\/quebakan\" \/>\n<meta property=\"article:published_time\" content=\"2025-10-27T17:59:19+00:00\" \/>\n<meta property=\"og:image\" content=\"https:\/\/www.quebakan.com\/v15\/wp-content\/uploads\/2025\/10\/Imagen-Faces.jpg\" \/>\n\t<meta property=\"og:image:width\" content=\"700\" \/>\n\t<meta property=\"og:image:height\" content=\"394\" \/>\n\t<meta property=\"og:image:type\" content=\"image\/jpeg\" \/>\n<meta name=\"author\" content=\"Erick Villafuerte\" \/>\n<meta name=\"twitter:card\" content=\"summary_large_image\" \/>\n<meta name=\"twitter:creator\" content=\"@quebakanec\" \/>\n<meta name=\"twitter:site\" content=\"@quebakanec\" \/>\n<meta name=\"twitter:label1\" content=\"Escrito por\" \/>\n\t<meta name=\"twitter:data1\" content=\"Erick Villafuerte\" \/>\n\t<meta name=\"twitter:label2\" content=\"Tiempo de lectura\" \/>\n\t<meta name=\"twitter:data2\" content=\"2 minutos\" \/>\n<script type=\"application\/ld+json\" class=\"yoast-schema-graph\">{\"@context\":\"https:\\\/\\\/schema.org\",\"@graph\":[{\"@type\":\"Article\",\"@id\":\"https:\\\/\\\/www.quebakan.com\\\/v15\\\/fundacion-faces-presenta-julio-eterno-liderado-por-el-artista-ecuatoriano-juan-fernando-velasco\\\/#article\",\"isPartOf\":{\"@id\":\"https:\\\/\\\/www.quebakan.com\\\/v15\\\/fundacion-faces-presenta-julio-eterno-liderado-por-el-artista-ecuatoriano-juan-fernando-velasco\\\/\"},\"author\":{\"name\":\"Erick Villafuerte\",\"@id\":\"https:\\\/\\\/www.quebakan.com\\\/v15\\\/#\\\/schema\\\/person\\\/d90fa9f9cfa81eb8ace9811e5b7b9118\"},\"headline\":\"Fundaci\u00f3n Faces presenta \u201cJulio Eterno\u201d liderado por el artista ecuatoriano Juan Fernando Velasco\",\"datePublished\":\"2025-10-27T17:59:19+00:00\",\"mainEntityOfPage\":{\"@id\":\"https:\\\/\\\/www.quebakan.com\\\/v15\\\/fundacion-faces-presenta-julio-eterno-liderado-por-el-artista-ecuatoriano-juan-fernando-velasco\\\/\"},\"wordCount\":227,\"publisher\":{\"@id\":\"https:\\\/\\\/www.quebakan.com\\\/v15\\\/#organization\"},\"image\":{\"@id\":\"https:\\\/\\\/www.quebakan.com\\\/v15\\\/fundacion-faces-presenta-julio-eterno-liderado-por-el-artista-ecuatoriano-juan-fernando-velasco\\\/#primaryimage\"},\"thumbnailUrl\":\"https:\\\/\\\/www.quebakan.com\\\/v15\\\/wp-content\\\/uploads\\\/2025\\\/10\\\/Imagen-Faces.jpg\",\"articleSection\":[\"Noticias\"],\"inLanguage\":\"es\"},{\"@type\":\"WebPage\",\"@id\":\"https:\\\/\\\/www.quebakan.com\\\/v15\\\/fundacion-faces-presenta-julio-eterno-liderado-por-el-artista-ecuatoriano-juan-fernando-velasco\\\/\",\"url\":\"https:\\\/\\\/www.quebakan.com\\\/v15\\\/fundacion-faces-presenta-julio-eterno-liderado-por-el-artista-ecuatoriano-juan-fernando-velasco\\\/\",\"name\":\"Fundaci\u00f3n Faces presenta \u201cJulio Eterno\u201d liderado por el artista ecuatoriano Juan Fernando Velasco &#8211; QUEBAKAN.COM 2026: Noticias, Eventos, Conciertos y mucho m\u00e1s....\",\"isPartOf\":{\"@id\":\"https:\\\/\\\/www.quebakan.com\\\/v15\\\/#website\"},\"primaryImageOfPage\":{\"@id\":\"https:\\\/\\\/www.quebakan.com\\\/v15\\\/fundacion-faces-presenta-julio-eterno-liderado-por-el-artista-ecuatoriano-juan-fernando-velasco\\\/#primaryimage\"},\"image\":{\"@id\":\"https:\\\/\\\/www.quebakan.com\\\/v15\\\/fundacion-faces-presenta-julio-eterno-liderado-por-el-artista-ecuatoriano-juan-fernando-velasco\\\/#primaryimage\"},\"thumbnailUrl\":\"https:\\\/\\\/www.quebakan.com\\\/v15\\\/wp-content\\\/uploads\\\/2025\\\/10\\\/Imagen-Faces.jpg\",\"datePublished\":\"2025-10-27T17:59:19+00:00\",\"breadcrumb\":{\"@id\":\"https:\\\/\\\/www.quebakan.com\\\/v15\\\/fundacion-faces-presenta-julio-eterno-liderado-por-el-artista-ecuatoriano-juan-fernando-velasco\\\/#breadcrumb\"},\"inLanguage\":\"es\",\"potentialAction\":[{\"@type\":\"ReadAction\",\"target\":[\"https:\\\/\\\/www.quebakan.com\\\/v15\\\/fundacion-faces-presenta-julio-eterno-liderado-por-el-artista-ecuatoriano-juan-fernando-velasco\\\/\"]}]},{\"@type\":\"ImageObject\",\"inLanguage\":\"es\",\"@id\":\"https:\\\/\\\/www.quebakan.com\\\/v15\\\/fundacion-faces-presenta-julio-eterno-liderado-por-el-artista-ecuatoriano-juan-fernando-velasco\\\/#primaryimage\",\"url\":\"https:\\\/\\\/www.quebakan.com\\\/v15\\\/wp-content\\\/uploads\\\/2025\\\/10\\\/Imagen-Faces.jpg\",\"contentUrl\":\"https:\\\/\\\/www.quebakan.com\\\/v15\\\/wp-content\\\/uploads\\\/2025\\\/10\\\/Imagen-Faces.jpg\",\"width\":700,\"height\":394},{\"@type\":\"BreadcrumbList\",\"@id\":\"https:\\\/\\\/www.quebakan.com\\\/v15\\\/fundacion-faces-presenta-julio-eterno-liderado-por-el-artista-ecuatoriano-juan-fernando-velasco\\\/#breadcrumb\",\"itemListElement\":[{\"@type\":\"ListItem\",\"position\":1,\"name\":\"Portada\",\"item\":\"https:\\\/\\\/www.quebakan.com\\\/v15\\\/\"},{\"@type\":\"ListItem\",\"position\":2,\"name\":\"Fundaci\u00f3n Faces presenta \u201cJulio Eterno\u201d liderado por el artista ecuatoriano Juan Fernando Velasco\"}]},{\"@type\":\"WebSite\",\"@id\":\"https:\\\/\\\/www.quebakan.com\\\/v15\\\/#website\",\"url\":\"https:\\\/\\\/www.quebakan.com\\\/v15\\\/\",\"name\":\"QUEBAKAN\",\"description\":\"..\",\"publisher\":{\"@id\":\"https:\\\/\\\/www.quebakan.com\\\/v15\\\/#organization\"},\"potentialAction\":[{\"@type\":\"SearchAction\",\"target\":{\"@type\":\"EntryPoint\",\"urlTemplate\":\"https:\\\/\\\/www.quebakan.com\\\/v15\\\/?s={search_term_string}\"},\"query-input\":{\"@type\":\"PropertyValueSpecification\",\"valueRequired\":true,\"valueName\":\"search_term_string\"}}],\"inLanguage\":\"es\"},{\"@type\":\"Organization\",\"@id\":\"https:\\\/\\\/www.quebakan.com\\\/v15\\\/#organization\",\"name\":\"Quebakan.com\",\"url\":\"https:\\\/\\\/www.quebakan.com\\\/v15\\\/\",\"logo\":{\"@type\":\"ImageObject\",\"inLanguage\":\"es\",\"@id\":\"https:\\\/\\\/www.quebakan.com\\\/v15\\\/#\\\/schema\\\/logo\\\/image\\\/\",\"url\":\"https:\\\/\\\/www.quebakan.com\\\/v15\\\/wp-content\\\/uploads\\\/2023\\\/07\\\/logoquebakanenero2021.jpg\",\"contentUrl\":\"https:\\\/\\\/www.quebakan.com\\\/v15\\\/wp-content\\\/uploads\\\/2023\\\/07\\\/logoquebakanenero2021.jpg\",\"width\":1920,\"height\":1080,\"caption\":\"Quebakan.com\"},\"image\":{\"@id\":\"https:\\\/\\\/www.quebakan.com\\\/v15\\\/#\\\/schema\\\/logo\\\/image\\\/\"},\"sameAs\":[\"http:\\\/\\\/www.facebook.com\\\/quebakan\",\"https:\\\/\\\/x.com\\\/quebakanec\",\"http:\\\/\\\/www.instagram.com\\\/quebakan\",\"http:\\\/\\\/www.youtube.com\\\/quebakan1\"]},{\"@type\":\"Person\",\"@id\":\"https:\\\/\\\/www.quebakan.com\\\/v15\\\/#\\\/schema\\\/person\\\/d90fa9f9cfa81eb8ace9811e5b7b9118\",\"name\":\"Erick Villafuerte\",\"image\":{\"@type\":\"ImageObject\",\"inLanguage\":\"es\",\"@id\":\"https:\\\/\\\/www.quebakan.com\\\/v15\\\/wp-content\\\/uploads\\\/avatars\\\/4\\\/1731297654-bpfull.png\",\"url\":\"https:\\\/\\\/www.quebakan.com\\\/v15\\\/wp-content\\\/uploads\\\/avatars\\\/4\\\/1731297654-bpfull.png\",\"contentUrl\":\"https:\\\/\\\/www.quebakan.com\\\/v15\\\/wp-content\\\/uploads\\\/avatars\\\/4\\\/1731297654-bpfull.png\",\"caption\":\"Erick Villafuerte\"}}]}<\/script>\n<!-- \/ Yoast SEO plugin. -->","yoast_head_json":{"title":"Fundaci\u00f3n Faces presenta \u201cJulio Eterno\u201d liderado por el artista ecuatoriano Juan Fernando Velasco &#8211; QUEBAKAN.COM 2026: Noticias, Eventos, Conciertos y mucho m\u00e1s....","robots":{"index":"index","follow":"follow","max-snippet":"max-snippet:-1","max-image-preview":"max-image-preview:large","max-video-preview":"max-video-preview:-1"},"canonical":"https:\/\/www.quebakan.com\/v15\/fundacion-faces-presenta-julio-eterno-liderado-por-el-artista-ecuatoriano-juan-fernando-velasco\/","og_locale":"es_ES","og_type":"article","og_title":"Fundaci\u00f3n Faces presenta \u201cJulio Eterno\u201d liderado por el artista ecuatoriano Juan Fernando Velasco &#8211; QUEBAKAN.COM 2026: Noticias, Eventos, Conciertos y mucho m\u00e1s....","og_description":"Fundaci\u00f3n Faces celebra sus 21 a\u00f1os con un tributo a Julio Jaramillo. Quito, octubre de 2025.- Con miras a ofrecer a la ciudadan\u00eda la oportunidad de vivir el legado hist\u00f3rico al pasillo ecuatoriano, Fundaci\u00f3n Faces invita a la celebraci\u00f3n de su aniversario con el tributo \u201cJulio Eterno\u201d liderado por Juan Fernando Velasco y con la [&hellip;]","og_url":"https:\/\/www.quebakan.com\/v15\/fundacion-faces-presenta-julio-eterno-liderado-por-el-artista-ecuatoriano-juan-fernando-velasco\/","og_site_name":"QUEBAKAN.COM 2026: Noticias, Eventos, Conciertos y mucho m\u00e1s....","article_publisher":"http:\/\/www.facebook.com\/quebakan","article_published_time":"2025-10-27T17:59:19+00:00","og_image":[{"width":700,"height":394,"url":"https:\/\/www.quebakan.com\/v15\/wp-content\/uploads\/2025\/10\/Imagen-Faces.jpg","type":"image\/jpeg"}],"author":"Erick Villafuerte","twitter_card":"summary_large_image","twitter_creator":"@quebakanec","twitter_site":"@quebakanec","twitter_misc":{"Escrito por":"Erick Villafuerte","Tiempo de lectura":"2 minutos"},"schema":{"@context":"https:\/\/schema.org","@graph":[{"@type":"Article","@id":"https:\/\/www.quebakan.com\/v15\/fundacion-faces-presenta-julio-eterno-liderado-por-el-artista-ecuatoriano-juan-fernando-velasco\/#article","isPartOf":{"@id":"https:\/\/www.quebakan.com\/v15\/fundacion-faces-presenta-julio-eterno-liderado-por-el-artista-ecuatoriano-juan-fernando-velasco\/"},"author":{"name":"Erick Villafuerte","@id":"https:\/\/www.quebakan.com\/v15\/#\/schema\/person\/d90fa9f9cfa81eb8ace9811e5b7b9118"},"headline":"Fundaci\u00f3n Faces presenta \u201cJulio Eterno\u201d liderado por el artista ecuatoriano Juan Fernando Velasco","datePublished":"2025-10-27T17:59:19+00:00","mainEntityOfPage":{"@id":"https:\/\/www.quebakan.com\/v15\/fundacion-faces-presenta-julio-eterno-liderado-por-el-artista-ecuatoriano-juan-fernando-velasco\/"},"wordCount":227,"publisher":{"@id":"https:\/\/www.quebakan.com\/v15\/#organization"},"image":{"@id":"https:\/\/www.quebakan.com\/v15\/fundacion-faces-presenta-julio-eterno-liderado-por-el-artista-ecuatoriano-juan-fernando-velasco\/#primaryimage"},"thumbnailUrl":"https:\/\/www.quebakan.com\/v15\/wp-content\/uploads\/2025\/10\/Imagen-Faces.jpg","articleSection":["Noticias"],"inLanguage":"es"},{"@type":"WebPage","@id":"https:\/\/www.quebakan.com\/v15\/fundacion-faces-presenta-julio-eterno-liderado-por-el-artista-ecuatoriano-juan-fernando-velasco\/","url":"https:\/\/www.quebakan.com\/v15\/fundacion-faces-presenta-julio-eterno-liderado-por-el-artista-ecuatoriano-juan-fernando-velasco\/","name":"Fundaci\u00f3n Faces presenta \u201cJulio Eterno\u201d liderado por el artista ecuatoriano Juan Fernando Velasco &#8211; QUEBAKAN.COM 2026: Noticias, Eventos, Conciertos y mucho m\u00e1s....","isPartOf":{"@id":"https:\/\/www.quebakan.com\/v15\/#website"},"primaryImageOfPage":{"@id":"https:\/\/www.quebakan.com\/v15\/fundacion-faces-presenta-julio-eterno-liderado-por-el-artista-ecuatoriano-juan-fernando-velasco\/#primaryimage"},"image":{"@id":"https:\/\/www.quebakan.com\/v15\/fundacion-faces-presenta-julio-eterno-liderado-por-el-artista-ecuatoriano-juan-fernando-velasco\/#primaryimage"},"thumbnailUrl":"https:\/\/www.quebakan.com\/v15\/wp-content\/uploads\/2025\/10\/Imagen-Faces.jpg","datePublished":"2025-10-27T17:59:19+00:00","breadcrumb":{"@id":"https:\/\/www.quebakan.com\/v15\/fundacion-faces-presenta-julio-eterno-liderado-por-el-artista-ecuatoriano-juan-fernando-velasco\/#breadcrumb"},"inLanguage":"es","potentialAction":[{"@type":"ReadAction","target":["https:\/\/www.quebakan.com\/v15\/fundacion-faces-presenta-julio-eterno-liderado-por-el-artista-ecuatoriano-juan-fernando-velasco\/"]}]},{"@type":"ImageObject","inLanguage":"es","@id":"https:\/\/www.quebakan.com\/v15\/fundacion-faces-presenta-julio-eterno-liderado-por-el-artista-ecuatoriano-juan-fernando-velasco\/#primaryimage","url":"https:\/\/www.quebakan.com\/v15\/wp-content\/uploads\/2025\/10\/Imagen-Faces.jpg","contentUrl":"https:\/\/www.quebakan.com\/v15\/wp-content\/uploads\/2025\/10\/Imagen-Faces.jpg","width":700,"height":394},{"@type":"BreadcrumbList","@id":"https:\/\/www.quebakan.com\/v15\/fundacion-faces-presenta-julio-eterno-liderado-por-el-artista-ecuatoriano-juan-fernando-velasco\/#breadcrumb","itemListElement":[{"@type":"ListItem","position":1,"name":"Portada","item":"https:\/\/www.quebakan.com\/v15\/"},{"@type":"ListItem","position":2,"name":"Fundaci\u00f3n Faces presenta \u201cJulio Eterno\u201d liderado por el artista ecuatoriano Juan Fernando Velasco"}]},{"@type":"WebSite","@id":"https:\/\/www.quebakan.com\/v15\/#website","url":"https:\/\/www.quebakan.com\/v15\/","name":"QUEBAKAN","description":"..","publisher":{"@id":"https:\/\/www.quebakan.com\/v15\/#organization"},"potentialAction":[{"@type":"SearchAction","target":{"@type":"EntryPoint","urlTemplate":"https:\/\/www.quebakan.com\/v15\/?s={search_term_string}"},"query-input":{"@type":"PropertyValueSpecification","valueRequired":true,"valueName":"search_term_string"}}],"inLanguage":"es"},{"@type":"Organization","@id":"https:\/\/www.quebakan.com\/v15\/#organization","name":"Quebakan.com","url":"https:\/\/www.quebakan.com\/v15\/","logo":{"@type":"ImageObject","inLanguage":"es","@id":"https:\/\/www.quebakan.com\/v15\/#\/schema\/logo\/image\/","url":"https:\/\/www.quebakan.com\/v15\/wp-content\/uploads\/2023\/07\/logoquebakanenero2021.jpg","contentUrl":"https:\/\/www.quebakan.com\/v15\/wp-content\/uploads\/2023\/07\/logoquebakanenero2021.jpg","width":1920,"height":1080,"caption":"Quebakan.com"},"image":{"@id":"https:\/\/www.quebakan.com\/v15\/#\/schema\/logo\/image\/"},"sameAs":["http:\/\/www.facebook.com\/quebakan","https:\/\/x.com\/quebakanec","http:\/\/www.instagram.com\/quebakan","http:\/\/www.youtube.com\/quebakan1"]},{"@type":"Person","@id":"https:\/\/www.quebakan.com\/v15\/#\/schema\/person\/d90fa9f9cfa81eb8ace9811e5b7b9118","name":"Erick Villafuerte","image":{"@type":"ImageObject","inLanguage":"es","@id":"https:\/\/www.quebakan.com\/v15\/wp-content\/uploads\/avatars\/4\/1731297654-bpfull.png","url":"https:\/\/www.quebakan.com\/v15\/wp-content\/uploads\/avatars\/4\/1731297654-bpfull.png","contentUrl":"https:\/\/www.quebakan.com\/v15\/wp-content\/uploads\/avatars\/4\/1731297654-bpfull.png","caption":"Erick Villafuerte"}}]}},"_links":{"self":[{"href":"https:\/\/www.quebakan.com\/v15\/wp-json\/wp\/v2\/posts\/136742","targetHints":{"allow":["GET"]}}],"collection":[{"href":"https:\/\/www.quebakan.com\/v15\/wp-json\/wp\/v2\/posts"}],"about":[{"href":"https:\/\/www.quebakan.com\/v15\/wp-json\/wp\/v2\/types\/post"}],"author":[{"embeddable":true,"href":"https:\/\/www.quebakan.com\/v15\/wp-json\/wp\/v2\/users\/4"}],"replies":[{"embeddable":true,"href":"https:\/\/www.quebakan.com\/v15\/wp-json\/wp\/v2\/comments?post=136742"}],"version-history":[{"count":1,"href":"https:\/\/www.quebakan.com\/v15\/wp-json\/wp\/v2\/posts\/136742\/revisions"}],"predecessor-version":[{"id":136744,"href":"https:\/\/www.quebakan.com\/v15\/wp-json\/wp\/v2\/posts\/136742\/revisions\/136744"}],"wp:featuredmedia":[{"embeddable":true,"href":"https:\/\/www.quebakan.com\/v15\/wp-json\/wp\/v2\/media\/136743"}],"wp:attachment":[{"href":"https:\/\/www.quebakan.com\/v15\/wp-json\/wp\/v2\/media?parent=136742"}],"wp:term":[{"taxonomy":"category","embeddable":true,"href":"https:\/\/www.quebakan.com\/v15\/wp-json\/wp\/v2\/categories?post=136742"},{"taxonomy":"post_tag","embeddable":true,"href":"https:\/\/www.quebakan.com\/v15\/wp-json\/wp\/v2\/tags?post=136742"}],"curies":[{"name":"wp","href":"https:\/\/api.w.org\/{rel}","templated":true}]}}