{"id":136750,"date":"2025-10-27T13:24:24","date_gmt":"2025-10-27T18:24:24","guid":{"rendered":"https:\/\/www.quebakan.com\/v15\/?p=136750"},"modified":"2025-10-27T13:24:24","modified_gmt":"2025-10-27T18:24:24","slug":"nestle-impulso-a-las-nuevas-generaciones-a-traves-del-cacao-ecuatoriano-en-la-feria-chokao-2025","status":"publish","type":"post","link":"https:\/\/www.quebakan.com\/v15\/nestle-impulso-a-las-nuevas-generaciones-a-traves-del-cacao-ecuatoriano-en-la-feria-chokao-2025\/","title":{"rendered":"Nestl\u00e9\u00ae impuls\u00f3 a las nuevas generaciones a trav\u00e9s del cacao ecuatoriano en la Feria Chokao 2025"},"content":{"rendered":"<p style=\"text-align: justify;\"><img fetchpriority=\"high\" decoding=\"async\" class=\"aligncenter size-full wp-image-136751\" src=\"https:\/\/www.quebakan.com\/v15\/wp-content\/uploads\/2025\/10\/25.-Feria-Chokao-2025-3.jpg\" alt=\"\" width=\"700\" height=\"430\" \/><\/p>\n<p style=\"text-align: justify;\"><span style=\"color: #000000;\"><em><strong>En la fotograf\u00eda:<\/strong> Christian Saavedra, Gerente del Negocio de Cacao, Daniel Mart\u00ednez, Vicepresidente de Supply Chain, Josu\u00e9 De La Maza, Presidente Ejecutivo, Alejandra Montoya, Vcepresidenta de Caf\u00e9 y Bebidas, Pedro Ospina, Vicepresidente Legal, Corporativo &amp; Sostenibilidad y Teodor Kamenov, Vicepresidente de Confites de Nestl\u00e9 Ecuador<\/em><\/span><\/p>\n<p style=\"text-align: justify;\"><span style=\"color: #000000;\"><strong>Quito, octubre de 2025. \u2013 <\/strong>Con el objetivo de impulsar el desarrollo de los j\u00f3venes desde el coraz\u00f3n del agro ecuatoriano, Nestl\u00e9 particip\u00f3 en la Feria Chokao 2025 con una propuesta integral que combin\u00f3 producto local, talento joven e innovaci\u00f3n social. La compa\u00f1\u00eda present\u00f3 oficialmente la renovada imagen de Ricacao\u00ae y activ\u00f3 su campa\u00f1a \u201cSuaviza tu Mundo\u201d con chocolate Nestl\u00e9\u00ae, ambas elaboradas con cacao 100\u00a0% ecuatoriano y pensadas para conectar con las nuevas generaciones.<\/span><\/p>\n<p style=\"text-align: justify;\"><span style=\"color: #000000;\">La participaci\u00f3n en este evento no solo destac\u00f3 el sabor y la calidad de sus productos, sino tambi\u00e9n una visi\u00f3n de futuro que apost\u00f3 por los j\u00f3venes como protagonistas del cambio rural. En l\u00ednea con ese enfoque, Nestl\u00e9 organiz\u00f3 una actividad especial con influencers comprometidos con la educaci\u00f3n y el emprendimiento, con el fin de apadrinar y formar a j\u00f3venes participantes del programa \u201cHerederos en el Campo\u201d, una iniciativa del Plan Cacao\u00ae. A trav\u00e9s de sesiones introductorias sobre redes sociales, marketing y liderazgo emprendedor, los j\u00f3venes fortalecer\u00e1n sus habilidades digitales y explorar\u00e1n nuevas formas de visibilizar su trabajo agr\u00edcola.<\/span><\/p>\n<p style=\"text-align: justify;\"><span style=\"color: #000000;\">Durante la feria, los asistentes disfrutaron de una experiencia sensorial con degustaciones de Ricacao\u00ae y chocolates Nestl\u00e9\u00ae, y participaron en espacios educativos sobre el proceso de producci\u00f3n del cacao nacional, en los que se destac\u00f3 su trazabilidad, sabor y origen responsable.<\/span><\/p>\n<p style=\"text-align: justify;\"><span style=\"color: #000000;\">\u201cApostamos por el talento joven como motor del desarrollo rural. Ricacao\u00ae y nuestros chocolates Nestl\u00e9\u00ae fueron parte de ese puente entre el campo y el futuro\u201d, se\u00f1al\u00f3 Christian Saavedra, gerente del Negocio de Cacao de Nestl\u00e9 Ecuador.<\/span><\/p>\n<p style=\"text-align: justify;\"><span style=\"color: #000000;\">Con estas acciones, Nestl\u00e9 reforz\u00f3 su modelo de Creaci\u00f3n de Valor Compartido, alineando sus marcas, productos e iniciativas al bienestar de las personas, el fortalecimiento del agro ecuatoriano y el progreso sostenible del pa\u00eds.<\/span><\/p>\n","protected":false},"excerpt":{"rendered":"<p>En la fotograf\u00eda: Christian Saavedra, Gerente del Negocio de Cacao, Daniel Mart\u00ednez, Vicepresidente de Supply Chain, Josu\u00e9 De La Maza, Presidente Ejecutivo, Alejandra Montoya, Vcepresidenta de Caf\u00e9 y Bebidas, Pedro Ospina, Vicepresidente Legal, Corporativo &amp; Sostenibilidad y Teodor Kamenov, Vicepresidente de Confites de Nestl\u00e9 Ecuador Quito, octubre de 2025. \u2013 Con el objetivo de impulsar [&hellip;]<\/p>\n","protected":false},"author":4,"featured_media":136751,"comment_status":"closed","ping_status":"closed","sticky":false,"template":"","format":"standard","meta":{"_bbp_topic_count":0,"_bbp_reply_count":0,"_bbp_total_topic_count":0,"_bbp_total_reply_count":0,"_bbp_voice_count":0,"_bbp_anonymous_reply_count":0,"_bbp_topic_count_hidden":0,"_bbp_reply_count_hidden":0,"_bbp_forum_subforum_count":0,"buzzeditor_post_format":"","footnotes":""},"categories":[2],"tags":[],"class_list":["post-136750","post","type-post","status-publish","format-standard","has-post-thumbnail","hentry","category-noticias"],"yoast_head":"<!-- This site is optimized with the Yoast SEO plugin v27.5 - https:\/\/yoast.com\/product\/yoast-seo-wordpress\/ -->\n<title>Nestl\u00e9\u00ae impuls\u00f3 a las nuevas generaciones a trav\u00e9s del cacao ecuatoriano en la Feria Chokao 2025 &#8211; QUEBAKAN.COM 2026: Noticias, Eventos, Conciertos y mucho m\u00e1s....<\/title>\n<meta name=\"robots\" content=\"index, follow, max-snippet:-1, max-image-preview:large, max-video-preview:-1\" \/>\n<link rel=\"canonical\" href=\"https:\/\/www.quebakan.com\/v15\/nestle-impulso-a-las-nuevas-generaciones-a-traves-del-cacao-ecuatoriano-en-la-feria-chokao-2025\/\" \/>\n<meta property=\"og:locale\" content=\"es_ES\" \/>\n<meta property=\"og:type\" content=\"article\" \/>\n<meta property=\"og:title\" content=\"Nestl\u00e9\u00ae impuls\u00f3 a las nuevas generaciones a trav\u00e9s del cacao ecuatoriano en la Feria Chokao 2025 &#8211; QUEBAKAN.COM 2026: Noticias, Eventos, Conciertos y mucho m\u00e1s....\" \/>\n<meta property=\"og:description\" content=\"En la fotograf\u00eda: Christian Saavedra, Gerente del Negocio de Cacao, Daniel Mart\u00ednez, Vicepresidente de Supply Chain, Josu\u00e9 De La Maza, Presidente Ejecutivo, Alejandra Montoya, Vcepresidenta de Caf\u00e9 y Bebidas, Pedro Ospina, Vicepresidente Legal, Corporativo &amp; Sostenibilidad y Teodor Kamenov, Vicepresidente de Confites de Nestl\u00e9 Ecuador Quito, octubre de 2025. \u2013 Con el objetivo de impulsar [&hellip;]\" \/>\n<meta property=\"og:url\" content=\"https:\/\/www.quebakan.com\/v15\/nestle-impulso-a-las-nuevas-generaciones-a-traves-del-cacao-ecuatoriano-en-la-feria-chokao-2025\/\" \/>\n<meta property=\"og:site_name\" content=\"QUEBAKAN.COM 2026: Noticias, Eventos, Conciertos y mucho m\u00e1s....\" \/>\n<meta property=\"article:publisher\" content=\"http:\/\/www.facebook.com\/quebakan\" \/>\n<meta property=\"article:published_time\" content=\"2025-10-27T18:24:24+00:00\" \/>\n<meta property=\"og:image\" content=\"https:\/\/www.quebakan.com\/v15\/wp-content\/uploads\/2025\/10\/25.-Feria-Chokao-2025-3.jpg\" \/>\n\t<meta property=\"og:image:width\" content=\"700\" \/>\n\t<meta property=\"og:image:height\" content=\"430\" \/>\n\t<meta property=\"og:image:type\" content=\"image\/jpeg\" \/>\n<meta name=\"author\" content=\"Erick Villafuerte\" \/>\n<meta name=\"twitter:card\" content=\"summary_large_image\" \/>\n<meta name=\"twitter:creator\" content=\"@quebakanec\" \/>\n<meta name=\"twitter:site\" content=\"@quebakanec\" \/>\n<meta name=\"twitter:label1\" content=\"Escrito por\" \/>\n\t<meta name=\"twitter:data1\" content=\"Erick Villafuerte\" \/>\n\t<meta name=\"twitter:label2\" content=\"Tiempo de lectura\" \/>\n\t<meta name=\"twitter:data2\" content=\"2 minutos\" \/>\n<script type=\"application\/ld+json\" class=\"yoast-schema-graph\">{\"@context\":\"https:\\\/\\\/schema.org\",\"@graph\":[{\"@type\":\"Article\",\"@id\":\"https:\\\/\\\/www.quebakan.com\\\/v15\\\/nestle-impulso-a-las-nuevas-generaciones-a-traves-del-cacao-ecuatoriano-en-la-feria-chokao-2025\\\/#article\",\"isPartOf\":{\"@id\":\"https:\\\/\\\/www.quebakan.com\\\/v15\\\/nestle-impulso-a-las-nuevas-generaciones-a-traves-del-cacao-ecuatoriano-en-la-feria-chokao-2025\\\/\"},\"author\":{\"name\":\"Erick Villafuerte\",\"@id\":\"https:\\\/\\\/www.quebakan.com\\\/v15\\\/#\\\/schema\\\/person\\\/d90fa9f9cfa81eb8ace9811e5b7b9118\"},\"headline\":\"Nestl\u00e9\u00ae impuls\u00f3 a las nuevas generaciones a trav\u00e9s del cacao ecuatoriano en la Feria Chokao 2025\",\"datePublished\":\"2025-10-27T18:24:24+00:00\",\"mainEntityOfPage\":{\"@id\":\"https:\\\/\\\/www.quebakan.com\\\/v15\\\/nestle-impulso-a-las-nuevas-generaciones-a-traves-del-cacao-ecuatoriano-en-la-feria-chokao-2025\\\/\"},\"wordCount\":365,\"publisher\":{\"@id\":\"https:\\\/\\\/www.quebakan.com\\\/v15\\\/#organization\"},\"image\":{\"@id\":\"https:\\\/\\\/www.quebakan.com\\\/v15\\\/nestle-impulso-a-las-nuevas-generaciones-a-traves-del-cacao-ecuatoriano-en-la-feria-chokao-2025\\\/#primaryimage\"},\"thumbnailUrl\":\"https:\\\/\\\/www.quebakan.com\\\/v15\\\/wp-content\\\/uploads\\\/2025\\\/10\\\/25.-Feria-Chokao-2025-3.jpg\",\"articleSection\":[\"Noticias\"],\"inLanguage\":\"es\"},{\"@type\":\"WebPage\",\"@id\":\"https:\\\/\\\/www.quebakan.com\\\/v15\\\/nestle-impulso-a-las-nuevas-generaciones-a-traves-del-cacao-ecuatoriano-en-la-feria-chokao-2025\\\/\",\"url\":\"https:\\\/\\\/www.quebakan.com\\\/v15\\\/nestle-impulso-a-las-nuevas-generaciones-a-traves-del-cacao-ecuatoriano-en-la-feria-chokao-2025\\\/\",\"name\":\"Nestl\u00e9\u00ae impuls\u00f3 a las nuevas generaciones a trav\u00e9s del cacao ecuatoriano en la Feria Chokao 2025 &#8211; QUEBAKAN.COM 2026: Noticias, Eventos, Conciertos y mucho m\u00e1s....\",\"isPartOf\":{\"@id\":\"https:\\\/\\\/www.quebakan.com\\\/v15\\\/#website\"},\"primaryImageOfPage\":{\"@id\":\"https:\\\/\\\/www.quebakan.com\\\/v15\\\/nestle-impulso-a-las-nuevas-generaciones-a-traves-del-cacao-ecuatoriano-en-la-feria-chokao-2025\\\/#primaryimage\"},\"image\":{\"@id\":\"https:\\\/\\\/www.quebakan.com\\\/v15\\\/nestle-impulso-a-las-nuevas-generaciones-a-traves-del-cacao-ecuatoriano-en-la-feria-chokao-2025\\\/#primaryimage\"},\"thumbnailUrl\":\"https:\\\/\\\/www.quebakan.com\\\/v15\\\/wp-content\\\/uploads\\\/2025\\\/10\\\/25.-Feria-Chokao-2025-3.jpg\",\"datePublished\":\"2025-10-27T18:24:24+00:00\",\"breadcrumb\":{\"@id\":\"https:\\\/\\\/www.quebakan.com\\\/v15\\\/nestle-impulso-a-las-nuevas-generaciones-a-traves-del-cacao-ecuatoriano-en-la-feria-chokao-2025\\\/#breadcrumb\"},\"inLanguage\":\"es\",\"potentialAction\":[{\"@type\":\"ReadAction\",\"target\":[\"https:\\\/\\\/www.quebakan.com\\\/v15\\\/nestle-impulso-a-las-nuevas-generaciones-a-traves-del-cacao-ecuatoriano-en-la-feria-chokao-2025\\\/\"]}]},{\"@type\":\"ImageObject\",\"inLanguage\":\"es\",\"@id\":\"https:\\\/\\\/www.quebakan.com\\\/v15\\\/nestle-impulso-a-las-nuevas-generaciones-a-traves-del-cacao-ecuatoriano-en-la-feria-chokao-2025\\\/#primaryimage\",\"url\":\"https:\\\/\\\/www.quebakan.com\\\/v15\\\/wp-content\\\/uploads\\\/2025\\\/10\\\/25.-Feria-Chokao-2025-3.jpg\",\"contentUrl\":\"https:\\\/\\\/www.quebakan.com\\\/v15\\\/wp-content\\\/uploads\\\/2025\\\/10\\\/25.-Feria-Chokao-2025-3.jpg\",\"width\":700,\"height\":430},{\"@type\":\"BreadcrumbList\",\"@id\":\"https:\\\/\\\/www.quebakan.com\\\/v15\\\/nestle-impulso-a-las-nuevas-generaciones-a-traves-del-cacao-ecuatoriano-en-la-feria-chokao-2025\\\/#breadcrumb\",\"itemListElement\":[{\"@type\":\"ListItem\",\"position\":1,\"name\":\"Portada\",\"item\":\"https:\\\/\\\/www.quebakan.com\\\/v15\\\/\"},{\"@type\":\"ListItem\",\"position\":2,\"name\":\"Nestl\u00e9\u00ae impuls\u00f3 a las nuevas generaciones a trav\u00e9s del cacao ecuatoriano en la Feria Chokao 2025\"}]},{\"@type\":\"WebSite\",\"@id\":\"https:\\\/\\\/www.quebakan.com\\\/v15\\\/#website\",\"url\":\"https:\\\/\\\/www.quebakan.com\\\/v15\\\/\",\"name\":\"QUEBAKAN\",\"description\":\"..\",\"publisher\":{\"@id\":\"https:\\\/\\\/www.quebakan.com\\\/v15\\\/#organization\"},\"potentialAction\":[{\"@type\":\"SearchAction\",\"target\":{\"@type\":\"EntryPoint\",\"urlTemplate\":\"https:\\\/\\\/www.quebakan.com\\\/v15\\\/?s={search_term_string}\"},\"query-input\":{\"@type\":\"PropertyValueSpecification\",\"valueRequired\":true,\"valueName\":\"search_term_string\"}}],\"inLanguage\":\"es\"},{\"@type\":\"Organization\",\"@id\":\"https:\\\/\\\/www.quebakan.com\\\/v15\\\/#organization\",\"name\":\"Quebakan.com\",\"url\":\"https:\\\/\\\/www.quebakan.com\\\/v15\\\/\",\"logo\":{\"@type\":\"ImageObject\",\"inLanguage\":\"es\",\"@id\":\"https:\\\/\\\/www.quebakan.com\\\/v15\\\/#\\\/schema\\\/logo\\\/image\\\/\",\"url\":\"https:\\\/\\\/www.quebakan.com\\\/v15\\\/wp-content\\\/uploads\\\/2023\\\/07\\\/logoquebakanenero2021.jpg\",\"contentUrl\":\"https:\\\/\\\/www.quebakan.com\\\/v15\\\/wp-content\\\/uploads\\\/2023\\\/07\\\/logoquebakanenero2021.jpg\",\"width\":1920,\"height\":1080,\"caption\":\"Quebakan.com\"},\"image\":{\"@id\":\"https:\\\/\\\/www.quebakan.com\\\/v15\\\/#\\\/schema\\\/logo\\\/image\\\/\"},\"sameAs\":[\"http:\\\/\\\/www.facebook.com\\\/quebakan\",\"https:\\\/\\\/x.com\\\/quebakanec\",\"http:\\\/\\\/www.instagram.com\\\/quebakan\",\"http:\\\/\\\/www.youtube.com\\\/quebakan1\"]},{\"@type\":\"Person\",\"@id\":\"https:\\\/\\\/www.quebakan.com\\\/v15\\\/#\\\/schema\\\/person\\\/d90fa9f9cfa81eb8ace9811e5b7b9118\",\"name\":\"Erick Villafuerte\",\"image\":{\"@type\":\"ImageObject\",\"inLanguage\":\"es\",\"@id\":\"https:\\\/\\\/www.quebakan.com\\\/v15\\\/wp-content\\\/uploads\\\/avatars\\\/4\\\/1731297654-bpfull.png\",\"url\":\"https:\\\/\\\/www.quebakan.com\\\/v15\\\/wp-content\\\/uploads\\\/avatars\\\/4\\\/1731297654-bpfull.png\",\"contentUrl\":\"https:\\\/\\\/www.quebakan.com\\\/v15\\\/wp-content\\\/uploads\\\/avatars\\\/4\\\/1731297654-bpfull.png\",\"caption\":\"Erick Villafuerte\"}}]}<\/script>\n<!-- \/ Yoast SEO plugin. -->","yoast_head_json":{"title":"Nestl\u00e9\u00ae impuls\u00f3 a las nuevas generaciones a trav\u00e9s del cacao ecuatoriano en la Feria Chokao 2025 &#8211; QUEBAKAN.COM 2026: Noticias, Eventos, Conciertos y mucho m\u00e1s....","robots":{"index":"index","follow":"follow","max-snippet":"max-snippet:-1","max-image-preview":"max-image-preview:large","max-video-preview":"max-video-preview:-1"},"canonical":"https:\/\/www.quebakan.com\/v15\/nestle-impulso-a-las-nuevas-generaciones-a-traves-del-cacao-ecuatoriano-en-la-feria-chokao-2025\/","og_locale":"es_ES","og_type":"article","og_title":"Nestl\u00e9\u00ae impuls\u00f3 a las nuevas generaciones a trav\u00e9s del cacao ecuatoriano en la Feria Chokao 2025 &#8211; QUEBAKAN.COM 2026: Noticias, Eventos, Conciertos y mucho m\u00e1s....","og_description":"En la fotograf\u00eda: Christian Saavedra, Gerente del Negocio de Cacao, Daniel Mart\u00ednez, Vicepresidente de Supply Chain, Josu\u00e9 De La Maza, Presidente Ejecutivo, Alejandra Montoya, Vcepresidenta de Caf\u00e9 y Bebidas, Pedro Ospina, Vicepresidente Legal, Corporativo &amp; Sostenibilidad y Teodor Kamenov, Vicepresidente de Confites de Nestl\u00e9 Ecuador Quito, octubre de 2025. \u2013 Con el objetivo de impulsar [&hellip;]","og_url":"https:\/\/www.quebakan.com\/v15\/nestle-impulso-a-las-nuevas-generaciones-a-traves-del-cacao-ecuatoriano-en-la-feria-chokao-2025\/","og_site_name":"QUEBAKAN.COM 2026: Noticias, Eventos, Conciertos y mucho m\u00e1s....","article_publisher":"http:\/\/www.facebook.com\/quebakan","article_published_time":"2025-10-27T18:24:24+00:00","og_image":[{"width":700,"height":430,"url":"https:\/\/www.quebakan.com\/v15\/wp-content\/uploads\/2025\/10\/25.-Feria-Chokao-2025-3.jpg","type":"image\/jpeg"}],"author":"Erick Villafuerte","twitter_card":"summary_large_image","twitter_creator":"@quebakanec","twitter_site":"@quebakanec","twitter_misc":{"Escrito por":"Erick Villafuerte","Tiempo de lectura":"2 minutos"},"schema":{"@context":"https:\/\/schema.org","@graph":[{"@type":"Article","@id":"https:\/\/www.quebakan.com\/v15\/nestle-impulso-a-las-nuevas-generaciones-a-traves-del-cacao-ecuatoriano-en-la-feria-chokao-2025\/#article","isPartOf":{"@id":"https:\/\/www.quebakan.com\/v15\/nestle-impulso-a-las-nuevas-generaciones-a-traves-del-cacao-ecuatoriano-en-la-feria-chokao-2025\/"},"author":{"name":"Erick Villafuerte","@id":"https:\/\/www.quebakan.com\/v15\/#\/schema\/person\/d90fa9f9cfa81eb8ace9811e5b7b9118"},"headline":"Nestl\u00e9\u00ae impuls\u00f3 a las nuevas generaciones a trav\u00e9s del cacao ecuatoriano en la Feria Chokao 2025","datePublished":"2025-10-27T18:24:24+00:00","mainEntityOfPage":{"@id":"https:\/\/www.quebakan.com\/v15\/nestle-impulso-a-las-nuevas-generaciones-a-traves-del-cacao-ecuatoriano-en-la-feria-chokao-2025\/"},"wordCount":365,"publisher":{"@id":"https:\/\/www.quebakan.com\/v15\/#organization"},"image":{"@id":"https:\/\/www.quebakan.com\/v15\/nestle-impulso-a-las-nuevas-generaciones-a-traves-del-cacao-ecuatoriano-en-la-feria-chokao-2025\/#primaryimage"},"thumbnailUrl":"https:\/\/www.quebakan.com\/v15\/wp-content\/uploads\/2025\/10\/25.-Feria-Chokao-2025-3.jpg","articleSection":["Noticias"],"inLanguage":"es"},{"@type":"WebPage","@id":"https:\/\/www.quebakan.com\/v15\/nestle-impulso-a-las-nuevas-generaciones-a-traves-del-cacao-ecuatoriano-en-la-feria-chokao-2025\/","url":"https:\/\/www.quebakan.com\/v15\/nestle-impulso-a-las-nuevas-generaciones-a-traves-del-cacao-ecuatoriano-en-la-feria-chokao-2025\/","name":"Nestl\u00e9\u00ae impuls\u00f3 a las nuevas generaciones a trav\u00e9s del cacao ecuatoriano en la Feria Chokao 2025 &#8211; QUEBAKAN.COM 2026: Noticias, Eventos, Conciertos y mucho m\u00e1s....","isPartOf":{"@id":"https:\/\/www.quebakan.com\/v15\/#website"},"primaryImageOfPage":{"@id":"https:\/\/www.quebakan.com\/v15\/nestle-impulso-a-las-nuevas-generaciones-a-traves-del-cacao-ecuatoriano-en-la-feria-chokao-2025\/#primaryimage"},"image":{"@id":"https:\/\/www.quebakan.com\/v15\/nestle-impulso-a-las-nuevas-generaciones-a-traves-del-cacao-ecuatoriano-en-la-feria-chokao-2025\/#primaryimage"},"thumbnailUrl":"https:\/\/www.quebakan.com\/v15\/wp-content\/uploads\/2025\/10\/25.-Feria-Chokao-2025-3.jpg","datePublished":"2025-10-27T18:24:24+00:00","breadcrumb":{"@id":"https:\/\/www.quebakan.com\/v15\/nestle-impulso-a-las-nuevas-generaciones-a-traves-del-cacao-ecuatoriano-en-la-feria-chokao-2025\/#breadcrumb"},"inLanguage":"es","potentialAction":[{"@type":"ReadAction","target":["https:\/\/www.quebakan.com\/v15\/nestle-impulso-a-las-nuevas-generaciones-a-traves-del-cacao-ecuatoriano-en-la-feria-chokao-2025\/"]}]},{"@type":"ImageObject","inLanguage":"es","@id":"https:\/\/www.quebakan.com\/v15\/nestle-impulso-a-las-nuevas-generaciones-a-traves-del-cacao-ecuatoriano-en-la-feria-chokao-2025\/#primaryimage","url":"https:\/\/www.quebakan.com\/v15\/wp-content\/uploads\/2025\/10\/25.-Feria-Chokao-2025-3.jpg","contentUrl":"https:\/\/www.quebakan.com\/v15\/wp-content\/uploads\/2025\/10\/25.-Feria-Chokao-2025-3.jpg","width":700,"height":430},{"@type":"BreadcrumbList","@id":"https:\/\/www.quebakan.com\/v15\/nestle-impulso-a-las-nuevas-generaciones-a-traves-del-cacao-ecuatoriano-en-la-feria-chokao-2025\/#breadcrumb","itemListElement":[{"@type":"ListItem","position":1,"name":"Portada","item":"https:\/\/www.quebakan.com\/v15\/"},{"@type":"ListItem","position":2,"name":"Nestl\u00e9\u00ae impuls\u00f3 a las nuevas generaciones a trav\u00e9s del cacao ecuatoriano en la Feria Chokao 2025"}]},{"@type":"WebSite","@id":"https:\/\/www.quebakan.com\/v15\/#website","url":"https:\/\/www.quebakan.com\/v15\/","name":"QUEBAKAN","description":"..","publisher":{"@id":"https:\/\/www.quebakan.com\/v15\/#organization"},"potentialAction":[{"@type":"SearchAction","target":{"@type":"EntryPoint","urlTemplate":"https:\/\/www.quebakan.com\/v15\/?s={search_term_string}"},"query-input":{"@type":"PropertyValueSpecification","valueRequired":true,"valueName":"search_term_string"}}],"inLanguage":"es"},{"@type":"Organization","@id":"https:\/\/www.quebakan.com\/v15\/#organization","name":"Quebakan.com","url":"https:\/\/www.quebakan.com\/v15\/","logo":{"@type":"ImageObject","inLanguage":"es","@id":"https:\/\/www.quebakan.com\/v15\/#\/schema\/logo\/image\/","url":"https:\/\/www.quebakan.com\/v15\/wp-content\/uploads\/2023\/07\/logoquebakanenero2021.jpg","contentUrl":"https:\/\/www.quebakan.com\/v15\/wp-content\/uploads\/2023\/07\/logoquebakanenero2021.jpg","width":1920,"height":1080,"caption":"Quebakan.com"},"image":{"@id":"https:\/\/www.quebakan.com\/v15\/#\/schema\/logo\/image\/"},"sameAs":["http:\/\/www.facebook.com\/quebakan","https:\/\/x.com\/quebakanec","http:\/\/www.instagram.com\/quebakan","http:\/\/www.youtube.com\/quebakan1"]},{"@type":"Person","@id":"https:\/\/www.quebakan.com\/v15\/#\/schema\/person\/d90fa9f9cfa81eb8ace9811e5b7b9118","name":"Erick Villafuerte","image":{"@type":"ImageObject","inLanguage":"es","@id":"https:\/\/www.quebakan.com\/v15\/wp-content\/uploads\/avatars\/4\/1731297654-bpfull.png","url":"https:\/\/www.quebakan.com\/v15\/wp-content\/uploads\/avatars\/4\/1731297654-bpfull.png","contentUrl":"https:\/\/www.quebakan.com\/v15\/wp-content\/uploads\/avatars\/4\/1731297654-bpfull.png","caption":"Erick Villafuerte"}}]}},"_links":{"self":[{"href":"https:\/\/www.quebakan.com\/v15\/wp-json\/wp\/v2\/posts\/136750","targetHints":{"allow":["GET"]}}],"collection":[{"href":"https:\/\/www.quebakan.com\/v15\/wp-json\/wp\/v2\/posts"}],"about":[{"href":"https:\/\/www.quebakan.com\/v15\/wp-json\/wp\/v2\/types\/post"}],"author":[{"embeddable":true,"href":"https:\/\/www.quebakan.com\/v15\/wp-json\/wp\/v2\/users\/4"}],"replies":[{"embeddable":true,"href":"https:\/\/www.quebakan.com\/v15\/wp-json\/wp\/v2\/comments?post=136750"}],"version-history":[{"count":1,"href":"https:\/\/www.quebakan.com\/v15\/wp-json\/wp\/v2\/posts\/136750\/revisions"}],"predecessor-version":[{"id":136752,"href":"https:\/\/www.quebakan.com\/v15\/wp-json\/wp\/v2\/posts\/136750\/revisions\/136752"}],"wp:featuredmedia":[{"embeddable":true,"href":"https:\/\/www.quebakan.com\/v15\/wp-json\/wp\/v2\/media\/136751"}],"wp:attachment":[{"href":"https:\/\/www.quebakan.com\/v15\/wp-json\/wp\/v2\/media?parent=136750"}],"wp:term":[{"taxonomy":"category","embeddable":true,"href":"https:\/\/www.quebakan.com\/v15\/wp-json\/wp\/v2\/categories?post=136750"},{"taxonomy":"post_tag","embeddable":true,"href":"https:\/\/www.quebakan.com\/v15\/wp-json\/wp\/v2\/tags?post=136750"}],"curies":[{"name":"wp","href":"https:\/\/api.w.org\/{rel}","templated":true}]}}