{"id":136753,"date":"2025-10-27T15:49:07","date_gmt":"2025-10-27T20:49:07","guid":{"rendered":"https:\/\/www.quebakan.com\/v15\/?p=136753"},"modified":"2025-10-27T15:49:07","modified_gmt":"2025-10-27T20:49:07","slug":"veris-es-reconocida-como-la-empresa-de-ecuador-con-mejor-servicio-al-cliente-en-salud-ambulatoria-durante-congreso-ces","status":"publish","type":"post","link":"https:\/\/www.quebakan.com\/v15\/veris-es-reconocida-como-la-empresa-de-ecuador-con-mejor-servicio-al-cliente-en-salud-ambulatoria-durante-congreso-ces\/","title":{"rendered":"Veris es reconocida como la empresa de Ecuador con mejor servicio al cliente en salud ambulatoria durante congreso CES"},"content":{"rendered":"<p><img fetchpriority=\"high\" decoding=\"async\" class=\"aligncenter size-full wp-image-136754\" src=\"https:\/\/www.quebakan.com\/v15\/wp-content\/uploads\/2025\/10\/Veris001.jpg\" alt=\"\" width=\"700\" height=\"467\" \/><\/p>\n<p style=\"text-align: justify;\"><span style=\"color: #000000;\" data-olk-copy-source=\"MessageBody\">Jorge Wills, Presidente Ejecutivo de Veris S.A., durante la recepci\u00f3n del reconocimiento que distingue a la empresa como la n\u00famero uno en experiencia y servicio al cliente en Ecuador, en la categor\u00eda de atenci\u00f3n m\u00e9dica ambulatoria.<\/span><\/p>\n<p style=\"text-align: justify;\"><span style=\"color: #000000;\"><em>El presidente ejecutivo de Veris S.A. expuso sobre liderazgo e innovaci\u00f3n en la salud durante el CES Customer Experience Summit Ecuador.<\/em><\/span><\/p>\n<p style=\"text-align: justify;\"><span style=\"color: #000000;\"><strong>Octubre de 2025.-<\/strong> Veris S.A. fue reconocida como la empresa con mejor experiencia y servicio al cliente en Ecuador en la categor\u00eda de atenci\u00f3n m\u00e9dica ambulatoria, seg\u00fan un estudio realizado por el Centro de Experiencias y Servicios (CES) de la Universidad Adolfo Ib\u00e1\u00f1ez de Chile en conjunto con las firmas ecuatorianas Advance Consultora y Market Watch.<\/span><\/p>\n<p style=\"text-align: justify;\"><span style=\"color: #000000;\">El galard\u00f3n lo recibi\u00f3 el <strong>presidente ejecutivo de Veris S.A., Jorge Andr\u00e9s Wills<\/strong>, durante su participaci\u00f3n en el congreso <em>CES Customer Experience Summit Ecuador<\/em>, que Diario El Universo organiz\u00f3 este 23 de octubre en alianza con las tres instituciones antes citadas. El CES de la universidad chilena y las dos consultoras nacionales concluyeron que: \u201cA trav\u00e9s de una implacable evaluaci\u00f3n de satisfacci\u00f3n, calidad de servicio e innovaci\u00f3n en la atenci\u00f3n al cliente, Veris ha obtenido el primer lugar de las EMPRESAS CON MEJOR EXPERIENCIA Y SERVICIO EN ECUADOR dentro de la Categor\u00eda Atenci\u00f3n M\u00e9dica Ambulatoria\u201d.<\/span><\/p>\n<p style=\"text-align: justify;\"><span style=\"color: #000000;\"><em>\u201cEste reconocimiento nos compromete a\u00fan m\u00e1s a seguir fortaleciendo nuestro prop\u00f3sito como empresa: que nuestros clientes vivan m\u00e1s, vivan mejor y que, a trav\u00e9s de nuestros servicios, comprueben que cuidarse es f\u00e1cil. La salud no se posterga, la salud se cuida hoy. Por eso en Veris promovemos mucho la cultura de la prevenci\u00f3n y ponemos a disposici\u00f3n de todas las personas la red de centrales m\u00e9dicas de atenci\u00f3n ambulatoria m\u00e1s amplia del pa\u00eds\u201d,<\/em> afirm\u00f3 Wills.<\/span><\/p>\n<p style=\"text-align: justify;\"><span style=\"color: #000000;\">El presidente ejecutivo de Veris S.A. expuso sobre <strong>liderazgo e innovaci\u00f3n<\/strong> en la salud durante el <em>CES Customer Experience Summit Ecuador<\/em>. Destac\u00f3 la importancia de que las empresas construyan un prop\u00f3sito claro y trascendente en el tiempo, eval\u00faen de manera constante si sintonizan con las necesidades de los clientes, y enfoquen su comunicaci\u00f3n externa hacia las distintas generaciones que conviven en la sociedad (<em>baby boomer<\/em>, <em>centennial<\/em>, entre otras). Tambi\u00e9n mencion\u00f3 que las organizaciones deben preocuparse por el clima laboral, por su v\u00ednculo directo con la experiencia a los usuarios. <em>\u201cHay que cuidar mucho el talento humano. Si quieren tener una excelente experiencia de usuario afuera, deben tener un excelente clima laboral adentro\u201d<\/em>, concluy\u00f3 Wills.<\/span><\/p>\n","protected":false},"excerpt":{"rendered":"<p>Jorge Wills, Presidente Ejecutivo de Veris S.A., durante la recepci\u00f3n del reconocimiento que distingue a la empresa como la n\u00famero uno en experiencia y servicio al cliente en Ecuador, en la categor\u00eda de atenci\u00f3n m\u00e9dica ambulatoria. El presidente ejecutivo de Veris S.A. expuso sobre liderazgo e innovaci\u00f3n en la salud durante el CES Customer Experience [&hellip;]<\/p>\n","protected":false},"author":4,"featured_media":136754,"comment_status":"closed","ping_status":"closed","sticky":false,"template":"","format":"standard","meta":{"_bbp_topic_count":0,"_bbp_reply_count":0,"_bbp_total_topic_count":0,"_bbp_total_reply_count":0,"_bbp_voice_count":0,"_bbp_anonymous_reply_count":0,"_bbp_topic_count_hidden":0,"_bbp_reply_count_hidden":0,"_bbp_forum_subforum_count":0,"buzzeditor_post_format":"","footnotes":""},"categories":[2],"tags":[],"class_list":["post-136753","post","type-post","status-publish","format-standard","has-post-thumbnail","hentry","category-noticias"],"yoast_head":"<!-- This site is optimized with the Yoast SEO plugin v27.5 - https:\/\/yoast.com\/product\/yoast-seo-wordpress\/ -->\n<title>Veris es reconocida como la empresa de Ecuador con mejor servicio al cliente en salud ambulatoria durante congreso CES &#8211; QUEBAKAN.COM 2026: Noticias, Eventos, Conciertos y mucho m\u00e1s....<\/title>\n<meta name=\"robots\" content=\"index, follow, max-snippet:-1, max-image-preview:large, max-video-preview:-1\" \/>\n<link rel=\"canonical\" href=\"https:\/\/www.quebakan.com\/v15\/veris-es-reconocida-como-la-empresa-de-ecuador-con-mejor-servicio-al-cliente-en-salud-ambulatoria-durante-congreso-ces\/\" \/>\n<meta property=\"og:locale\" content=\"es_ES\" \/>\n<meta property=\"og:type\" content=\"article\" \/>\n<meta property=\"og:title\" content=\"Veris es reconocida como la empresa de Ecuador con mejor servicio al cliente en salud ambulatoria durante congreso CES &#8211; QUEBAKAN.COM 2026: Noticias, Eventos, Conciertos y mucho m\u00e1s....\" \/>\n<meta property=\"og:description\" content=\"Jorge Wills, Presidente Ejecutivo de Veris S.A., durante la recepci\u00f3n del reconocimiento que distingue a la empresa como la n\u00famero uno en experiencia y servicio al cliente en Ecuador, en la categor\u00eda de atenci\u00f3n m\u00e9dica ambulatoria. El presidente ejecutivo de Veris S.A. expuso sobre liderazgo e innovaci\u00f3n en la salud durante el CES Customer Experience [&hellip;]\" \/>\n<meta property=\"og:url\" content=\"https:\/\/www.quebakan.com\/v15\/veris-es-reconocida-como-la-empresa-de-ecuador-con-mejor-servicio-al-cliente-en-salud-ambulatoria-durante-congreso-ces\/\" \/>\n<meta property=\"og:site_name\" content=\"QUEBAKAN.COM 2026: Noticias, Eventos, Conciertos y mucho m\u00e1s....\" \/>\n<meta property=\"article:publisher\" content=\"http:\/\/www.facebook.com\/quebakan\" \/>\n<meta property=\"article:published_time\" content=\"2025-10-27T20:49:07+00:00\" \/>\n<meta property=\"og:image\" content=\"https:\/\/www.quebakan.com\/v15\/wp-content\/uploads\/2025\/10\/Veris001.jpg\" \/>\n\t<meta property=\"og:image:width\" content=\"700\" \/>\n\t<meta property=\"og:image:height\" content=\"467\" \/>\n\t<meta property=\"og:image:type\" content=\"image\/jpeg\" \/>\n<meta name=\"author\" content=\"Erick Villafuerte\" \/>\n<meta name=\"twitter:card\" content=\"summary_large_image\" \/>\n<meta name=\"twitter:creator\" content=\"@quebakanec\" \/>\n<meta name=\"twitter:site\" content=\"@quebakanec\" \/>\n<meta name=\"twitter:label1\" content=\"Escrito por\" \/>\n\t<meta name=\"twitter:data1\" content=\"Erick Villafuerte\" \/>\n\t<meta name=\"twitter:label2\" content=\"Tiempo de lectura\" \/>\n\t<meta name=\"twitter:data2\" content=\"3 minutos\" \/>\n<script type=\"application\/ld+json\" class=\"yoast-schema-graph\">{\"@context\":\"https:\\\/\\\/schema.org\",\"@graph\":[{\"@type\":\"Article\",\"@id\":\"https:\\\/\\\/www.quebakan.com\\\/v15\\\/veris-es-reconocida-como-la-empresa-de-ecuador-con-mejor-servicio-al-cliente-en-salud-ambulatoria-durante-congreso-ces\\\/#article\",\"isPartOf\":{\"@id\":\"https:\\\/\\\/www.quebakan.com\\\/v15\\\/veris-es-reconocida-como-la-empresa-de-ecuador-con-mejor-servicio-al-cliente-en-salud-ambulatoria-durante-congreso-ces\\\/\"},\"author\":{\"name\":\"Erick Villafuerte\",\"@id\":\"https:\\\/\\\/www.quebakan.com\\\/v15\\\/#\\\/schema\\\/person\\\/d90fa9f9cfa81eb8ace9811e5b7b9118\"},\"headline\":\"Veris es reconocida como la empresa de Ecuador con mejor servicio al cliente en salud ambulatoria durante congreso CES\",\"datePublished\":\"2025-10-27T20:49:07+00:00\",\"mainEntityOfPage\":{\"@id\":\"https:\\\/\\\/www.quebakan.com\\\/v15\\\/veris-es-reconocida-como-la-empresa-de-ecuador-con-mejor-servicio-al-cliente-en-salud-ambulatoria-durante-congreso-ces\\\/\"},\"wordCount\":460,\"publisher\":{\"@id\":\"https:\\\/\\\/www.quebakan.com\\\/v15\\\/#organization\"},\"image\":{\"@id\":\"https:\\\/\\\/www.quebakan.com\\\/v15\\\/veris-es-reconocida-como-la-empresa-de-ecuador-con-mejor-servicio-al-cliente-en-salud-ambulatoria-durante-congreso-ces\\\/#primaryimage\"},\"thumbnailUrl\":\"https:\\\/\\\/www.quebakan.com\\\/v15\\\/wp-content\\\/uploads\\\/2025\\\/10\\\/Veris001.jpg\",\"articleSection\":[\"Noticias\"],\"inLanguage\":\"es\"},{\"@type\":\"WebPage\",\"@id\":\"https:\\\/\\\/www.quebakan.com\\\/v15\\\/veris-es-reconocida-como-la-empresa-de-ecuador-con-mejor-servicio-al-cliente-en-salud-ambulatoria-durante-congreso-ces\\\/\",\"url\":\"https:\\\/\\\/www.quebakan.com\\\/v15\\\/veris-es-reconocida-como-la-empresa-de-ecuador-con-mejor-servicio-al-cliente-en-salud-ambulatoria-durante-congreso-ces\\\/\",\"name\":\"Veris es reconocida como la empresa de Ecuador con mejor servicio al cliente en salud ambulatoria durante congreso CES &#8211; QUEBAKAN.COM 2026: Noticias, Eventos, Conciertos y mucho m\u00e1s....\",\"isPartOf\":{\"@id\":\"https:\\\/\\\/www.quebakan.com\\\/v15\\\/#website\"},\"primaryImageOfPage\":{\"@id\":\"https:\\\/\\\/www.quebakan.com\\\/v15\\\/veris-es-reconocida-como-la-empresa-de-ecuador-con-mejor-servicio-al-cliente-en-salud-ambulatoria-durante-congreso-ces\\\/#primaryimage\"},\"image\":{\"@id\":\"https:\\\/\\\/www.quebakan.com\\\/v15\\\/veris-es-reconocida-como-la-empresa-de-ecuador-con-mejor-servicio-al-cliente-en-salud-ambulatoria-durante-congreso-ces\\\/#primaryimage\"},\"thumbnailUrl\":\"https:\\\/\\\/www.quebakan.com\\\/v15\\\/wp-content\\\/uploads\\\/2025\\\/10\\\/Veris001.jpg\",\"datePublished\":\"2025-10-27T20:49:07+00:00\",\"breadcrumb\":{\"@id\":\"https:\\\/\\\/www.quebakan.com\\\/v15\\\/veris-es-reconocida-como-la-empresa-de-ecuador-con-mejor-servicio-al-cliente-en-salud-ambulatoria-durante-congreso-ces\\\/#breadcrumb\"},\"inLanguage\":\"es\",\"potentialAction\":[{\"@type\":\"ReadAction\",\"target\":[\"https:\\\/\\\/www.quebakan.com\\\/v15\\\/veris-es-reconocida-como-la-empresa-de-ecuador-con-mejor-servicio-al-cliente-en-salud-ambulatoria-durante-congreso-ces\\\/\"]}]},{\"@type\":\"ImageObject\",\"inLanguage\":\"es\",\"@id\":\"https:\\\/\\\/www.quebakan.com\\\/v15\\\/veris-es-reconocida-como-la-empresa-de-ecuador-con-mejor-servicio-al-cliente-en-salud-ambulatoria-durante-congreso-ces\\\/#primaryimage\",\"url\":\"https:\\\/\\\/www.quebakan.com\\\/v15\\\/wp-content\\\/uploads\\\/2025\\\/10\\\/Veris001.jpg\",\"contentUrl\":\"https:\\\/\\\/www.quebakan.com\\\/v15\\\/wp-content\\\/uploads\\\/2025\\\/10\\\/Veris001.jpg\",\"width\":700,\"height\":467},{\"@type\":\"BreadcrumbList\",\"@id\":\"https:\\\/\\\/www.quebakan.com\\\/v15\\\/veris-es-reconocida-como-la-empresa-de-ecuador-con-mejor-servicio-al-cliente-en-salud-ambulatoria-durante-congreso-ces\\\/#breadcrumb\",\"itemListElement\":[{\"@type\":\"ListItem\",\"position\":1,\"name\":\"Portada\",\"item\":\"https:\\\/\\\/www.quebakan.com\\\/v15\\\/\"},{\"@type\":\"ListItem\",\"position\":2,\"name\":\"Veris es reconocida como la empresa de Ecuador con mejor servicio al cliente en salud ambulatoria durante congreso CES\"}]},{\"@type\":\"WebSite\",\"@id\":\"https:\\\/\\\/www.quebakan.com\\\/v15\\\/#website\",\"url\":\"https:\\\/\\\/www.quebakan.com\\\/v15\\\/\",\"name\":\"QUEBAKAN\",\"description\":\"..\",\"publisher\":{\"@id\":\"https:\\\/\\\/www.quebakan.com\\\/v15\\\/#organization\"},\"potentialAction\":[{\"@type\":\"SearchAction\",\"target\":{\"@type\":\"EntryPoint\",\"urlTemplate\":\"https:\\\/\\\/www.quebakan.com\\\/v15\\\/?s={search_term_string}\"},\"query-input\":{\"@type\":\"PropertyValueSpecification\",\"valueRequired\":true,\"valueName\":\"search_term_string\"}}],\"inLanguage\":\"es\"},{\"@type\":\"Organization\",\"@id\":\"https:\\\/\\\/www.quebakan.com\\\/v15\\\/#organization\",\"name\":\"Quebakan.com\",\"url\":\"https:\\\/\\\/www.quebakan.com\\\/v15\\\/\",\"logo\":{\"@type\":\"ImageObject\",\"inLanguage\":\"es\",\"@id\":\"https:\\\/\\\/www.quebakan.com\\\/v15\\\/#\\\/schema\\\/logo\\\/image\\\/\",\"url\":\"https:\\\/\\\/www.quebakan.com\\\/v15\\\/wp-content\\\/uploads\\\/2023\\\/07\\\/logoquebakanenero2021.jpg\",\"contentUrl\":\"https:\\\/\\\/www.quebakan.com\\\/v15\\\/wp-content\\\/uploads\\\/2023\\\/07\\\/logoquebakanenero2021.jpg\",\"width\":1920,\"height\":1080,\"caption\":\"Quebakan.com\"},\"image\":{\"@id\":\"https:\\\/\\\/www.quebakan.com\\\/v15\\\/#\\\/schema\\\/logo\\\/image\\\/\"},\"sameAs\":[\"http:\\\/\\\/www.facebook.com\\\/quebakan\",\"https:\\\/\\\/x.com\\\/quebakanec\",\"http:\\\/\\\/www.instagram.com\\\/quebakan\",\"http:\\\/\\\/www.youtube.com\\\/quebakan1\"]},{\"@type\":\"Person\",\"@id\":\"https:\\\/\\\/www.quebakan.com\\\/v15\\\/#\\\/schema\\\/person\\\/d90fa9f9cfa81eb8ace9811e5b7b9118\",\"name\":\"Erick Villafuerte\",\"image\":{\"@type\":\"ImageObject\",\"inLanguage\":\"es\",\"@id\":\"https:\\\/\\\/www.quebakan.com\\\/v15\\\/wp-content\\\/uploads\\\/avatars\\\/4\\\/1731297654-bpfull.png\",\"url\":\"https:\\\/\\\/www.quebakan.com\\\/v15\\\/wp-content\\\/uploads\\\/avatars\\\/4\\\/1731297654-bpfull.png\",\"contentUrl\":\"https:\\\/\\\/www.quebakan.com\\\/v15\\\/wp-content\\\/uploads\\\/avatars\\\/4\\\/1731297654-bpfull.png\",\"caption\":\"Erick Villafuerte\"}}]}<\/script>\n<!-- \/ Yoast SEO plugin. -->","yoast_head_json":{"title":"Veris es reconocida como la empresa de Ecuador con mejor servicio al cliente en salud ambulatoria durante congreso CES &#8211; QUEBAKAN.COM 2026: Noticias, Eventos, Conciertos y mucho m\u00e1s....","robots":{"index":"index","follow":"follow","max-snippet":"max-snippet:-1","max-image-preview":"max-image-preview:large","max-video-preview":"max-video-preview:-1"},"canonical":"https:\/\/www.quebakan.com\/v15\/veris-es-reconocida-como-la-empresa-de-ecuador-con-mejor-servicio-al-cliente-en-salud-ambulatoria-durante-congreso-ces\/","og_locale":"es_ES","og_type":"article","og_title":"Veris es reconocida como la empresa de Ecuador con mejor servicio al cliente en salud ambulatoria durante congreso CES &#8211; QUEBAKAN.COM 2026: Noticias, Eventos, Conciertos y mucho m\u00e1s....","og_description":"Jorge Wills, Presidente Ejecutivo de Veris S.A., durante la recepci\u00f3n del reconocimiento que distingue a la empresa como la n\u00famero uno en experiencia y servicio al cliente en Ecuador, en la categor\u00eda de atenci\u00f3n m\u00e9dica ambulatoria. El presidente ejecutivo de Veris S.A. expuso sobre liderazgo e innovaci\u00f3n en la salud durante el CES Customer Experience [&hellip;]","og_url":"https:\/\/www.quebakan.com\/v15\/veris-es-reconocida-como-la-empresa-de-ecuador-con-mejor-servicio-al-cliente-en-salud-ambulatoria-durante-congreso-ces\/","og_site_name":"QUEBAKAN.COM 2026: Noticias, Eventos, Conciertos y mucho m\u00e1s....","article_publisher":"http:\/\/www.facebook.com\/quebakan","article_published_time":"2025-10-27T20:49:07+00:00","og_image":[{"width":700,"height":467,"url":"https:\/\/www.quebakan.com\/v15\/wp-content\/uploads\/2025\/10\/Veris001.jpg","type":"image\/jpeg"}],"author":"Erick Villafuerte","twitter_card":"summary_large_image","twitter_creator":"@quebakanec","twitter_site":"@quebakanec","twitter_misc":{"Escrito por":"Erick Villafuerte","Tiempo de lectura":"3 minutos"},"schema":{"@context":"https:\/\/schema.org","@graph":[{"@type":"Article","@id":"https:\/\/www.quebakan.com\/v15\/veris-es-reconocida-como-la-empresa-de-ecuador-con-mejor-servicio-al-cliente-en-salud-ambulatoria-durante-congreso-ces\/#article","isPartOf":{"@id":"https:\/\/www.quebakan.com\/v15\/veris-es-reconocida-como-la-empresa-de-ecuador-con-mejor-servicio-al-cliente-en-salud-ambulatoria-durante-congreso-ces\/"},"author":{"name":"Erick Villafuerte","@id":"https:\/\/www.quebakan.com\/v15\/#\/schema\/person\/d90fa9f9cfa81eb8ace9811e5b7b9118"},"headline":"Veris es reconocida como la empresa de Ecuador con mejor servicio al cliente en salud ambulatoria durante congreso CES","datePublished":"2025-10-27T20:49:07+00:00","mainEntityOfPage":{"@id":"https:\/\/www.quebakan.com\/v15\/veris-es-reconocida-como-la-empresa-de-ecuador-con-mejor-servicio-al-cliente-en-salud-ambulatoria-durante-congreso-ces\/"},"wordCount":460,"publisher":{"@id":"https:\/\/www.quebakan.com\/v15\/#organization"},"image":{"@id":"https:\/\/www.quebakan.com\/v15\/veris-es-reconocida-como-la-empresa-de-ecuador-con-mejor-servicio-al-cliente-en-salud-ambulatoria-durante-congreso-ces\/#primaryimage"},"thumbnailUrl":"https:\/\/www.quebakan.com\/v15\/wp-content\/uploads\/2025\/10\/Veris001.jpg","articleSection":["Noticias"],"inLanguage":"es"},{"@type":"WebPage","@id":"https:\/\/www.quebakan.com\/v15\/veris-es-reconocida-como-la-empresa-de-ecuador-con-mejor-servicio-al-cliente-en-salud-ambulatoria-durante-congreso-ces\/","url":"https:\/\/www.quebakan.com\/v15\/veris-es-reconocida-como-la-empresa-de-ecuador-con-mejor-servicio-al-cliente-en-salud-ambulatoria-durante-congreso-ces\/","name":"Veris es reconocida como la empresa de Ecuador con mejor servicio al cliente en salud ambulatoria durante congreso CES &#8211; QUEBAKAN.COM 2026: Noticias, Eventos, Conciertos y mucho m\u00e1s....","isPartOf":{"@id":"https:\/\/www.quebakan.com\/v15\/#website"},"primaryImageOfPage":{"@id":"https:\/\/www.quebakan.com\/v15\/veris-es-reconocida-como-la-empresa-de-ecuador-con-mejor-servicio-al-cliente-en-salud-ambulatoria-durante-congreso-ces\/#primaryimage"},"image":{"@id":"https:\/\/www.quebakan.com\/v15\/veris-es-reconocida-como-la-empresa-de-ecuador-con-mejor-servicio-al-cliente-en-salud-ambulatoria-durante-congreso-ces\/#primaryimage"},"thumbnailUrl":"https:\/\/www.quebakan.com\/v15\/wp-content\/uploads\/2025\/10\/Veris001.jpg","datePublished":"2025-10-27T20:49:07+00:00","breadcrumb":{"@id":"https:\/\/www.quebakan.com\/v15\/veris-es-reconocida-como-la-empresa-de-ecuador-con-mejor-servicio-al-cliente-en-salud-ambulatoria-durante-congreso-ces\/#breadcrumb"},"inLanguage":"es","potentialAction":[{"@type":"ReadAction","target":["https:\/\/www.quebakan.com\/v15\/veris-es-reconocida-como-la-empresa-de-ecuador-con-mejor-servicio-al-cliente-en-salud-ambulatoria-durante-congreso-ces\/"]}]},{"@type":"ImageObject","inLanguage":"es","@id":"https:\/\/www.quebakan.com\/v15\/veris-es-reconocida-como-la-empresa-de-ecuador-con-mejor-servicio-al-cliente-en-salud-ambulatoria-durante-congreso-ces\/#primaryimage","url":"https:\/\/www.quebakan.com\/v15\/wp-content\/uploads\/2025\/10\/Veris001.jpg","contentUrl":"https:\/\/www.quebakan.com\/v15\/wp-content\/uploads\/2025\/10\/Veris001.jpg","width":700,"height":467},{"@type":"BreadcrumbList","@id":"https:\/\/www.quebakan.com\/v15\/veris-es-reconocida-como-la-empresa-de-ecuador-con-mejor-servicio-al-cliente-en-salud-ambulatoria-durante-congreso-ces\/#breadcrumb","itemListElement":[{"@type":"ListItem","position":1,"name":"Portada","item":"https:\/\/www.quebakan.com\/v15\/"},{"@type":"ListItem","position":2,"name":"Veris es reconocida como la empresa de Ecuador con mejor servicio al cliente en salud ambulatoria durante congreso CES"}]},{"@type":"WebSite","@id":"https:\/\/www.quebakan.com\/v15\/#website","url":"https:\/\/www.quebakan.com\/v15\/","name":"QUEBAKAN","description":"..","publisher":{"@id":"https:\/\/www.quebakan.com\/v15\/#organization"},"potentialAction":[{"@type":"SearchAction","target":{"@type":"EntryPoint","urlTemplate":"https:\/\/www.quebakan.com\/v15\/?s={search_term_string}"},"query-input":{"@type":"PropertyValueSpecification","valueRequired":true,"valueName":"search_term_string"}}],"inLanguage":"es"},{"@type":"Organization","@id":"https:\/\/www.quebakan.com\/v15\/#organization","name":"Quebakan.com","url":"https:\/\/www.quebakan.com\/v15\/","logo":{"@type":"ImageObject","inLanguage":"es","@id":"https:\/\/www.quebakan.com\/v15\/#\/schema\/logo\/image\/","url":"https:\/\/www.quebakan.com\/v15\/wp-content\/uploads\/2023\/07\/logoquebakanenero2021.jpg","contentUrl":"https:\/\/www.quebakan.com\/v15\/wp-content\/uploads\/2023\/07\/logoquebakanenero2021.jpg","width":1920,"height":1080,"caption":"Quebakan.com"},"image":{"@id":"https:\/\/www.quebakan.com\/v15\/#\/schema\/logo\/image\/"},"sameAs":["http:\/\/www.facebook.com\/quebakan","https:\/\/x.com\/quebakanec","http:\/\/www.instagram.com\/quebakan","http:\/\/www.youtube.com\/quebakan1"]},{"@type":"Person","@id":"https:\/\/www.quebakan.com\/v15\/#\/schema\/person\/d90fa9f9cfa81eb8ace9811e5b7b9118","name":"Erick Villafuerte","image":{"@type":"ImageObject","inLanguage":"es","@id":"https:\/\/www.quebakan.com\/v15\/wp-content\/uploads\/avatars\/4\/1731297654-bpfull.png","url":"https:\/\/www.quebakan.com\/v15\/wp-content\/uploads\/avatars\/4\/1731297654-bpfull.png","contentUrl":"https:\/\/www.quebakan.com\/v15\/wp-content\/uploads\/avatars\/4\/1731297654-bpfull.png","caption":"Erick Villafuerte"}}]}},"_links":{"self":[{"href":"https:\/\/www.quebakan.com\/v15\/wp-json\/wp\/v2\/posts\/136753","targetHints":{"allow":["GET"]}}],"collection":[{"href":"https:\/\/www.quebakan.com\/v15\/wp-json\/wp\/v2\/posts"}],"about":[{"href":"https:\/\/www.quebakan.com\/v15\/wp-json\/wp\/v2\/types\/post"}],"author":[{"embeddable":true,"href":"https:\/\/www.quebakan.com\/v15\/wp-json\/wp\/v2\/users\/4"}],"replies":[{"embeddable":true,"href":"https:\/\/www.quebakan.com\/v15\/wp-json\/wp\/v2\/comments?post=136753"}],"version-history":[{"count":1,"href":"https:\/\/www.quebakan.com\/v15\/wp-json\/wp\/v2\/posts\/136753\/revisions"}],"predecessor-version":[{"id":136755,"href":"https:\/\/www.quebakan.com\/v15\/wp-json\/wp\/v2\/posts\/136753\/revisions\/136755"}],"wp:featuredmedia":[{"embeddable":true,"href":"https:\/\/www.quebakan.com\/v15\/wp-json\/wp\/v2\/media\/136754"}],"wp:attachment":[{"href":"https:\/\/www.quebakan.com\/v15\/wp-json\/wp\/v2\/media?parent=136753"}],"wp:term":[{"taxonomy":"category","embeddable":true,"href":"https:\/\/www.quebakan.com\/v15\/wp-json\/wp\/v2\/categories?post=136753"},{"taxonomy":"post_tag","embeddable":true,"href":"https:\/\/www.quebakan.com\/v15\/wp-json\/wp\/v2\/tags?post=136753"}],"curies":[{"name":"wp","href":"https:\/\/api.w.org\/{rel}","templated":true}]}}