{"id":136993,"date":"2025-11-04T17:24:08","date_gmt":"2025-11-04T22:24:08","guid":{"rendered":"https:\/\/www.quebakan.com\/v15\/?p=136993"},"modified":"2025-11-04T17:24:08","modified_gmt":"2025-11-04T22:24:08","slug":"todos-los-nominados-a-los-martin-fierro-latino-miami-2025-se-conoceran-por-dgo-stream","status":"publish","type":"post","link":"https:\/\/www.quebakan.com\/v15\/todos-los-nominados-a-los-martin-fierro-latino-miami-2025-se-conoceran-por-dgo-stream\/","title":{"rendered":"Todos los nominados a los Mart\u00edn Fierro Latino Miami 2025 se conocer\u00e1n por DGO Stream"},"content":{"rendered":"<p><img decoding=\"async\" class=\"aligncenter size-full wp-image-136994\" src=\"https:\/\/www.quebakan.com\/v15\/wp-content\/uploads\/2025\/11\/lgoosd.jpg\" alt=\"\" width=\"248\" height=\"52\" \/><\/p>\n<p style=\"text-align: justify;\"><span style=\"color: #000000;\"><em>El canal de streaming emitir\u00e1 un programa especial, con figuras como \u201cEl Pollo\u201d \u00c1lvarez, Luis Ventura y P\u00eda Shaw, en el que se dar\u00e1n a conocer los candidatos. La ceremonia de premiaci\u00f3n se celebrar\u00e1 el domingo 23 de noviembre.<\/em><\/span><\/p>\n<p style=\"text-align: justify;\"><span style=\"color: #000000;\"><strong>Quito<\/strong><strong>, noviembre de 2025<\/strong> \u2013 El canal de streaming <strong>DGO Stream<\/strong> emitir\u00e1 el especial \u201cMart\u00edn Fierro Latino Miami 2025: Los nominados\u201d, en el que se revelar\u00e1n todos los candidatos para los premios que reconocen lo mejor de la industria de la televisi\u00f3n, la radio y el streaming de Latinoam\u00e9rica.<\/span><\/p>\n<p style=\"text-align: justify;\"><span style=\"color: #000000;\">El programa se podr\u00e1 ver el mi\u00e9rcoles 5 de noviembre, a partir de las 12 (hora de Argentina), en vivo por DGO Stream, disponible a trav\u00e9s de la plataforma de streaming y TV en vivo <a style=\"color: #000000;\" href=\"http:\/\/www.directvgo.com\">DGO<\/a>, de su canal de <a style=\"color: #000000;\" href=\"https:\/\/www.youtube.com\/directvgo\">Youtube<\/a> y tambi\u00e9n por DSHOW, se\u00f1al ubicada en los canales 127 y 1127 HD de la grilla del servicio de TV satelital de DIRECTV.<\/span><\/p>\n<p style=\"text-align: justify;\"><span style=\"color: #000000;\">Se sentar\u00e1n a la mesa el presentador y figura de la TV Joaqu\u00edn \u201cEl Pollo\u201d \u00c1lvarez, la periodista de Espect\u00e1culos P\u00eda Shaw, el presidente de APTRA Luis Ventura, la conductora de TV Sol Rivas y Ronen Suarc, periodista radicado en Estados Unidos.<\/span><\/p>\n<p style=\"text-align: justify;\"><span style=\"color: #000000;\">Esta transmisi\u00f3n especial, en la que se conocer\u00e1n los nominados en m\u00e1s de 30 categor\u00edas, es la antesala de la gran ceremonia de premiaci\u00f3n que tendr\u00e1 lugar el domingo 23 de noviembre en Miami y ser\u00e1 transmitida en exclusiva por DIRECTV Latin America y la plataforma de streaming y TV en vivo <a style=\"color: #000000;\" href=\"http:\/\/www.directvgo.com\">DGO<\/a>.<\/span><\/p>\n<p style=\"text-align: justify;\"><span style=\"color: #000000;\">Los Premios Mart\u00edn Fierro Latino Miami 2025 se podr\u00e1n ver en vivo, a partir de las 21:00 (hora de Argentina), por DNEWS, la se\u00f1al latinoamericana de noticias presente en los canales 700 y 1700 HD de DIRECTV; en la plataforma de streaming y TV en vivo <a style=\"color: #000000;\" href=\"http:\/\/www.directvgo.com\">DGO<\/a>, y tambi\u00e9n en la grilla de Telecentro (canal 22), Flow (canal 570) y Claro TV (canal 514).<\/span><\/p>\n<p style=\"text-align: justify;\"><span style=\"color: #000000;\">Adem\u00e1s, se emitir\u00e1 por DSHOW, la se\u00f1al exclusiva dedicada a conciertos, entrevistas con artistas y videoclips, disponible en los canales 127 y 1127 HD de DIRECTV, y por SAMTV MIAMI, el canal de YouTube de Semanario Argentino Miami, productora oficial del evento.<\/span><\/p>\n","protected":false},"excerpt":{"rendered":"<p>El canal de streaming emitir\u00e1 un programa especial, con figuras como \u201cEl Pollo\u201d \u00c1lvarez, Luis Ventura y P\u00eda Shaw, en el que se dar\u00e1n a conocer los candidatos. La ceremonia de premiaci\u00f3n se celebrar\u00e1 el domingo 23 de noviembre. Quito, noviembre de 2025 \u2013 El canal de streaming DGO Stream emitir\u00e1 el especial \u201cMart\u00edn Fierro [&hellip;]<\/p>\n","protected":false},"author":4,"featured_media":136994,"comment_status":"closed","ping_status":"closed","sticky":false,"template":"","format":"standard","meta":{"_bbp_topic_count":0,"_bbp_reply_count":0,"_bbp_total_topic_count":0,"_bbp_total_reply_count":0,"_bbp_voice_count":0,"_bbp_anonymous_reply_count":0,"_bbp_topic_count_hidden":0,"_bbp_reply_count_hidden":0,"_bbp_forum_subforum_count":0,"buzzeditor_post_format":"","footnotes":""},"categories":[2],"tags":[],"class_list":["post-136993","post","type-post","status-publish","format-standard","has-post-thumbnail","hentry","category-noticias"],"yoast_head":"<!-- This site is optimized with the Yoast SEO plugin v27.5 - https:\/\/yoast.com\/product\/yoast-seo-wordpress\/ -->\n<title>Todos los nominados a los Mart\u00edn Fierro Latino Miami 2025 se conocer\u00e1n por DGO Stream &#8211; QUEBAKAN.COM 2026: Noticias, Eventos, Conciertos y mucho m\u00e1s....<\/title>\n<meta name=\"robots\" content=\"index, follow, max-snippet:-1, max-image-preview:large, max-video-preview:-1\" \/>\n<link rel=\"canonical\" href=\"https:\/\/www.quebakan.com\/v15\/todos-los-nominados-a-los-martin-fierro-latino-miami-2025-se-conoceran-por-dgo-stream\/\" \/>\n<meta property=\"og:locale\" content=\"es_ES\" \/>\n<meta property=\"og:type\" content=\"article\" \/>\n<meta property=\"og:title\" content=\"Todos los nominados a los Mart\u00edn Fierro Latino Miami 2025 se conocer\u00e1n por DGO Stream &#8211; QUEBAKAN.COM 2026: Noticias, Eventos, Conciertos y mucho m\u00e1s....\" \/>\n<meta property=\"og:description\" content=\"El canal de streaming emitir\u00e1 un programa especial, con figuras como \u201cEl Pollo\u201d \u00c1lvarez, Luis Ventura y P\u00eda Shaw, en el que se dar\u00e1n a conocer los candidatos. La ceremonia de premiaci\u00f3n se celebrar\u00e1 el domingo 23 de noviembre. Quito, noviembre de 2025 \u2013 El canal de streaming DGO Stream emitir\u00e1 el especial \u201cMart\u00edn Fierro [&hellip;]\" \/>\n<meta property=\"og:url\" content=\"https:\/\/www.quebakan.com\/v15\/todos-los-nominados-a-los-martin-fierro-latino-miami-2025-se-conoceran-por-dgo-stream\/\" \/>\n<meta property=\"og:site_name\" content=\"QUEBAKAN.COM 2026: Noticias, Eventos, Conciertos y mucho m\u00e1s....\" \/>\n<meta property=\"article:publisher\" content=\"http:\/\/www.facebook.com\/quebakan\" \/>\n<meta property=\"article:published_time\" content=\"2025-11-04T22:24:08+00:00\" \/>\n<meta property=\"og:image\" content=\"https:\/\/www.quebakan.com\/v15\/wp-content\/uploads\/2025\/11\/lgoosd.jpg\" \/>\n\t<meta property=\"og:image:width\" content=\"248\" \/>\n\t<meta property=\"og:image:height\" content=\"52\" \/>\n\t<meta property=\"og:image:type\" content=\"image\/jpeg\" \/>\n<meta name=\"author\" content=\"Erick Villafuerte\" \/>\n<meta name=\"twitter:card\" content=\"summary_large_image\" \/>\n<meta name=\"twitter:creator\" content=\"@quebakanec\" \/>\n<meta name=\"twitter:site\" content=\"@quebakanec\" \/>\n<meta name=\"twitter:label1\" content=\"Escrito por\" \/>\n\t<meta name=\"twitter:data1\" content=\"Erick Villafuerte\" \/>\n\t<meta name=\"twitter:label2\" content=\"Tiempo de lectura\" \/>\n\t<meta name=\"twitter:data2\" content=\"2 minutos\" \/>\n<script type=\"application\/ld+json\" class=\"yoast-schema-graph\">{\"@context\":\"https:\\\/\\\/schema.org\",\"@graph\":[{\"@type\":\"Article\",\"@id\":\"https:\\\/\\\/www.quebakan.com\\\/v15\\\/todos-los-nominados-a-los-martin-fierro-latino-miami-2025-se-conoceran-por-dgo-stream\\\/#article\",\"isPartOf\":{\"@id\":\"https:\\\/\\\/www.quebakan.com\\\/v15\\\/todos-los-nominados-a-los-martin-fierro-latino-miami-2025-se-conoceran-por-dgo-stream\\\/\"},\"author\":{\"name\":\"Erick Villafuerte\",\"@id\":\"https:\\\/\\\/www.quebakan.com\\\/v15\\\/#\\\/schema\\\/person\\\/d90fa9f9cfa81eb8ace9811e5b7b9118\"},\"headline\":\"Todos los nominados a los Mart\u00edn Fierro Latino Miami 2025 se conocer\u00e1n por DGO Stream\",\"datePublished\":\"2025-11-04T22:24:08+00:00\",\"mainEntityOfPage\":{\"@id\":\"https:\\\/\\\/www.quebakan.com\\\/v15\\\/todos-los-nominados-a-los-martin-fierro-latino-miami-2025-se-conoceran-por-dgo-stream\\\/\"},\"wordCount\":376,\"publisher\":{\"@id\":\"https:\\\/\\\/www.quebakan.com\\\/v15\\\/#organization\"},\"image\":{\"@id\":\"https:\\\/\\\/www.quebakan.com\\\/v15\\\/todos-los-nominados-a-los-martin-fierro-latino-miami-2025-se-conoceran-por-dgo-stream\\\/#primaryimage\"},\"thumbnailUrl\":\"https:\\\/\\\/www.quebakan.com\\\/v15\\\/wp-content\\\/uploads\\\/2025\\\/11\\\/lgoosd.jpg\",\"articleSection\":[\"Noticias\"],\"inLanguage\":\"es\"},{\"@type\":\"WebPage\",\"@id\":\"https:\\\/\\\/www.quebakan.com\\\/v15\\\/todos-los-nominados-a-los-martin-fierro-latino-miami-2025-se-conoceran-por-dgo-stream\\\/\",\"url\":\"https:\\\/\\\/www.quebakan.com\\\/v15\\\/todos-los-nominados-a-los-martin-fierro-latino-miami-2025-se-conoceran-por-dgo-stream\\\/\",\"name\":\"Todos los nominados a los Mart\u00edn Fierro Latino Miami 2025 se conocer\u00e1n por DGO Stream &#8211; QUEBAKAN.COM 2026: Noticias, Eventos, Conciertos y mucho m\u00e1s....\",\"isPartOf\":{\"@id\":\"https:\\\/\\\/www.quebakan.com\\\/v15\\\/#website\"},\"primaryImageOfPage\":{\"@id\":\"https:\\\/\\\/www.quebakan.com\\\/v15\\\/todos-los-nominados-a-los-martin-fierro-latino-miami-2025-se-conoceran-por-dgo-stream\\\/#primaryimage\"},\"image\":{\"@id\":\"https:\\\/\\\/www.quebakan.com\\\/v15\\\/todos-los-nominados-a-los-martin-fierro-latino-miami-2025-se-conoceran-por-dgo-stream\\\/#primaryimage\"},\"thumbnailUrl\":\"https:\\\/\\\/www.quebakan.com\\\/v15\\\/wp-content\\\/uploads\\\/2025\\\/11\\\/lgoosd.jpg\",\"datePublished\":\"2025-11-04T22:24:08+00:00\",\"breadcrumb\":{\"@id\":\"https:\\\/\\\/www.quebakan.com\\\/v15\\\/todos-los-nominados-a-los-martin-fierro-latino-miami-2025-se-conoceran-por-dgo-stream\\\/#breadcrumb\"},\"inLanguage\":\"es\",\"potentialAction\":[{\"@type\":\"ReadAction\",\"target\":[\"https:\\\/\\\/www.quebakan.com\\\/v15\\\/todos-los-nominados-a-los-martin-fierro-latino-miami-2025-se-conoceran-por-dgo-stream\\\/\"]}]},{\"@type\":\"ImageObject\",\"inLanguage\":\"es\",\"@id\":\"https:\\\/\\\/www.quebakan.com\\\/v15\\\/todos-los-nominados-a-los-martin-fierro-latino-miami-2025-se-conoceran-por-dgo-stream\\\/#primaryimage\",\"url\":\"https:\\\/\\\/www.quebakan.com\\\/v15\\\/wp-content\\\/uploads\\\/2025\\\/11\\\/lgoosd.jpg\",\"contentUrl\":\"https:\\\/\\\/www.quebakan.com\\\/v15\\\/wp-content\\\/uploads\\\/2025\\\/11\\\/lgoosd.jpg\",\"width\":248,\"height\":52},{\"@type\":\"BreadcrumbList\",\"@id\":\"https:\\\/\\\/www.quebakan.com\\\/v15\\\/todos-los-nominados-a-los-martin-fierro-latino-miami-2025-se-conoceran-por-dgo-stream\\\/#breadcrumb\",\"itemListElement\":[{\"@type\":\"ListItem\",\"position\":1,\"name\":\"Portada\",\"item\":\"https:\\\/\\\/www.quebakan.com\\\/v15\\\/\"},{\"@type\":\"ListItem\",\"position\":2,\"name\":\"Todos los nominados a los Mart\u00edn Fierro Latino Miami 2025 se conocer\u00e1n por DGO Stream\"}]},{\"@type\":\"WebSite\",\"@id\":\"https:\\\/\\\/www.quebakan.com\\\/v15\\\/#website\",\"url\":\"https:\\\/\\\/www.quebakan.com\\\/v15\\\/\",\"name\":\"QUEBAKAN\",\"description\":\"..\",\"publisher\":{\"@id\":\"https:\\\/\\\/www.quebakan.com\\\/v15\\\/#organization\"},\"potentialAction\":[{\"@type\":\"SearchAction\",\"target\":{\"@type\":\"EntryPoint\",\"urlTemplate\":\"https:\\\/\\\/www.quebakan.com\\\/v15\\\/?s={search_term_string}\"},\"query-input\":{\"@type\":\"PropertyValueSpecification\",\"valueRequired\":true,\"valueName\":\"search_term_string\"}}],\"inLanguage\":\"es\"},{\"@type\":\"Organization\",\"@id\":\"https:\\\/\\\/www.quebakan.com\\\/v15\\\/#organization\",\"name\":\"Quebakan.com\",\"url\":\"https:\\\/\\\/www.quebakan.com\\\/v15\\\/\",\"logo\":{\"@type\":\"ImageObject\",\"inLanguage\":\"es\",\"@id\":\"https:\\\/\\\/www.quebakan.com\\\/v15\\\/#\\\/schema\\\/logo\\\/image\\\/\",\"url\":\"https:\\\/\\\/www.quebakan.com\\\/v15\\\/wp-content\\\/uploads\\\/2023\\\/07\\\/logoquebakanenero2021.jpg\",\"contentUrl\":\"https:\\\/\\\/www.quebakan.com\\\/v15\\\/wp-content\\\/uploads\\\/2023\\\/07\\\/logoquebakanenero2021.jpg\",\"width\":1920,\"height\":1080,\"caption\":\"Quebakan.com\"},\"image\":{\"@id\":\"https:\\\/\\\/www.quebakan.com\\\/v15\\\/#\\\/schema\\\/logo\\\/image\\\/\"},\"sameAs\":[\"http:\\\/\\\/www.facebook.com\\\/quebakan\",\"https:\\\/\\\/x.com\\\/quebakanec\",\"http:\\\/\\\/www.instagram.com\\\/quebakan\",\"http:\\\/\\\/www.youtube.com\\\/quebakan1\"]},{\"@type\":\"Person\",\"@id\":\"https:\\\/\\\/www.quebakan.com\\\/v15\\\/#\\\/schema\\\/person\\\/d90fa9f9cfa81eb8ace9811e5b7b9118\",\"name\":\"Erick Villafuerte\",\"image\":{\"@type\":\"ImageObject\",\"inLanguage\":\"es\",\"@id\":\"https:\\\/\\\/www.quebakan.com\\\/v15\\\/wp-content\\\/uploads\\\/avatars\\\/4\\\/1731297654-bpfull.png\",\"url\":\"https:\\\/\\\/www.quebakan.com\\\/v15\\\/wp-content\\\/uploads\\\/avatars\\\/4\\\/1731297654-bpfull.png\",\"contentUrl\":\"https:\\\/\\\/www.quebakan.com\\\/v15\\\/wp-content\\\/uploads\\\/avatars\\\/4\\\/1731297654-bpfull.png\",\"caption\":\"Erick Villafuerte\"}}]}<\/script>\n<!-- \/ Yoast SEO plugin. -->","yoast_head_json":{"title":"Todos los nominados a los Mart\u00edn Fierro Latino Miami 2025 se conocer\u00e1n por DGO Stream &#8211; QUEBAKAN.COM 2026: Noticias, Eventos, Conciertos y mucho m\u00e1s....","robots":{"index":"index","follow":"follow","max-snippet":"max-snippet:-1","max-image-preview":"max-image-preview:large","max-video-preview":"max-video-preview:-1"},"canonical":"https:\/\/www.quebakan.com\/v15\/todos-los-nominados-a-los-martin-fierro-latino-miami-2025-se-conoceran-por-dgo-stream\/","og_locale":"es_ES","og_type":"article","og_title":"Todos los nominados a los Mart\u00edn Fierro Latino Miami 2025 se conocer\u00e1n por DGO Stream &#8211; QUEBAKAN.COM 2026: Noticias, Eventos, Conciertos y mucho m\u00e1s....","og_description":"El canal de streaming emitir\u00e1 un programa especial, con figuras como \u201cEl Pollo\u201d \u00c1lvarez, Luis Ventura y P\u00eda Shaw, en el que se dar\u00e1n a conocer los candidatos. La ceremonia de premiaci\u00f3n se celebrar\u00e1 el domingo 23 de noviembre. Quito, noviembre de 2025 \u2013 El canal de streaming DGO Stream emitir\u00e1 el especial \u201cMart\u00edn Fierro [&hellip;]","og_url":"https:\/\/www.quebakan.com\/v15\/todos-los-nominados-a-los-martin-fierro-latino-miami-2025-se-conoceran-por-dgo-stream\/","og_site_name":"QUEBAKAN.COM 2026: Noticias, Eventos, Conciertos y mucho m\u00e1s....","article_publisher":"http:\/\/www.facebook.com\/quebakan","article_published_time":"2025-11-04T22:24:08+00:00","og_image":[{"width":248,"height":52,"url":"https:\/\/www.quebakan.com\/v15\/wp-content\/uploads\/2025\/11\/lgoosd.jpg","type":"image\/jpeg"}],"author":"Erick Villafuerte","twitter_card":"summary_large_image","twitter_creator":"@quebakanec","twitter_site":"@quebakanec","twitter_misc":{"Escrito por":"Erick Villafuerte","Tiempo de lectura":"2 minutos"},"schema":{"@context":"https:\/\/schema.org","@graph":[{"@type":"Article","@id":"https:\/\/www.quebakan.com\/v15\/todos-los-nominados-a-los-martin-fierro-latino-miami-2025-se-conoceran-por-dgo-stream\/#article","isPartOf":{"@id":"https:\/\/www.quebakan.com\/v15\/todos-los-nominados-a-los-martin-fierro-latino-miami-2025-se-conoceran-por-dgo-stream\/"},"author":{"name":"Erick Villafuerte","@id":"https:\/\/www.quebakan.com\/v15\/#\/schema\/person\/d90fa9f9cfa81eb8ace9811e5b7b9118"},"headline":"Todos los nominados a los Mart\u00edn Fierro Latino Miami 2025 se conocer\u00e1n por DGO Stream","datePublished":"2025-11-04T22:24:08+00:00","mainEntityOfPage":{"@id":"https:\/\/www.quebakan.com\/v15\/todos-los-nominados-a-los-martin-fierro-latino-miami-2025-se-conoceran-por-dgo-stream\/"},"wordCount":376,"publisher":{"@id":"https:\/\/www.quebakan.com\/v15\/#organization"},"image":{"@id":"https:\/\/www.quebakan.com\/v15\/todos-los-nominados-a-los-martin-fierro-latino-miami-2025-se-conoceran-por-dgo-stream\/#primaryimage"},"thumbnailUrl":"https:\/\/www.quebakan.com\/v15\/wp-content\/uploads\/2025\/11\/lgoosd.jpg","articleSection":["Noticias"],"inLanguage":"es"},{"@type":"WebPage","@id":"https:\/\/www.quebakan.com\/v15\/todos-los-nominados-a-los-martin-fierro-latino-miami-2025-se-conoceran-por-dgo-stream\/","url":"https:\/\/www.quebakan.com\/v15\/todos-los-nominados-a-los-martin-fierro-latino-miami-2025-se-conoceran-por-dgo-stream\/","name":"Todos los nominados a los Mart\u00edn Fierro Latino Miami 2025 se conocer\u00e1n por DGO Stream &#8211; QUEBAKAN.COM 2026: Noticias, Eventos, Conciertos y mucho m\u00e1s....","isPartOf":{"@id":"https:\/\/www.quebakan.com\/v15\/#website"},"primaryImageOfPage":{"@id":"https:\/\/www.quebakan.com\/v15\/todos-los-nominados-a-los-martin-fierro-latino-miami-2025-se-conoceran-por-dgo-stream\/#primaryimage"},"image":{"@id":"https:\/\/www.quebakan.com\/v15\/todos-los-nominados-a-los-martin-fierro-latino-miami-2025-se-conoceran-por-dgo-stream\/#primaryimage"},"thumbnailUrl":"https:\/\/www.quebakan.com\/v15\/wp-content\/uploads\/2025\/11\/lgoosd.jpg","datePublished":"2025-11-04T22:24:08+00:00","breadcrumb":{"@id":"https:\/\/www.quebakan.com\/v15\/todos-los-nominados-a-los-martin-fierro-latino-miami-2025-se-conoceran-por-dgo-stream\/#breadcrumb"},"inLanguage":"es","potentialAction":[{"@type":"ReadAction","target":["https:\/\/www.quebakan.com\/v15\/todos-los-nominados-a-los-martin-fierro-latino-miami-2025-se-conoceran-por-dgo-stream\/"]}]},{"@type":"ImageObject","inLanguage":"es","@id":"https:\/\/www.quebakan.com\/v15\/todos-los-nominados-a-los-martin-fierro-latino-miami-2025-se-conoceran-por-dgo-stream\/#primaryimage","url":"https:\/\/www.quebakan.com\/v15\/wp-content\/uploads\/2025\/11\/lgoosd.jpg","contentUrl":"https:\/\/www.quebakan.com\/v15\/wp-content\/uploads\/2025\/11\/lgoosd.jpg","width":248,"height":52},{"@type":"BreadcrumbList","@id":"https:\/\/www.quebakan.com\/v15\/todos-los-nominados-a-los-martin-fierro-latino-miami-2025-se-conoceran-por-dgo-stream\/#breadcrumb","itemListElement":[{"@type":"ListItem","position":1,"name":"Portada","item":"https:\/\/www.quebakan.com\/v15\/"},{"@type":"ListItem","position":2,"name":"Todos los nominados a los Mart\u00edn Fierro Latino Miami 2025 se conocer\u00e1n por DGO Stream"}]},{"@type":"WebSite","@id":"https:\/\/www.quebakan.com\/v15\/#website","url":"https:\/\/www.quebakan.com\/v15\/","name":"QUEBAKAN","description":"..","publisher":{"@id":"https:\/\/www.quebakan.com\/v15\/#organization"},"potentialAction":[{"@type":"SearchAction","target":{"@type":"EntryPoint","urlTemplate":"https:\/\/www.quebakan.com\/v15\/?s={search_term_string}"},"query-input":{"@type":"PropertyValueSpecification","valueRequired":true,"valueName":"search_term_string"}}],"inLanguage":"es"},{"@type":"Organization","@id":"https:\/\/www.quebakan.com\/v15\/#organization","name":"Quebakan.com","url":"https:\/\/www.quebakan.com\/v15\/","logo":{"@type":"ImageObject","inLanguage":"es","@id":"https:\/\/www.quebakan.com\/v15\/#\/schema\/logo\/image\/","url":"https:\/\/www.quebakan.com\/v15\/wp-content\/uploads\/2023\/07\/logoquebakanenero2021.jpg","contentUrl":"https:\/\/www.quebakan.com\/v15\/wp-content\/uploads\/2023\/07\/logoquebakanenero2021.jpg","width":1920,"height":1080,"caption":"Quebakan.com"},"image":{"@id":"https:\/\/www.quebakan.com\/v15\/#\/schema\/logo\/image\/"},"sameAs":["http:\/\/www.facebook.com\/quebakan","https:\/\/x.com\/quebakanec","http:\/\/www.instagram.com\/quebakan","http:\/\/www.youtube.com\/quebakan1"]},{"@type":"Person","@id":"https:\/\/www.quebakan.com\/v15\/#\/schema\/person\/d90fa9f9cfa81eb8ace9811e5b7b9118","name":"Erick Villafuerte","image":{"@type":"ImageObject","inLanguage":"es","@id":"https:\/\/www.quebakan.com\/v15\/wp-content\/uploads\/avatars\/4\/1731297654-bpfull.png","url":"https:\/\/www.quebakan.com\/v15\/wp-content\/uploads\/avatars\/4\/1731297654-bpfull.png","contentUrl":"https:\/\/www.quebakan.com\/v15\/wp-content\/uploads\/avatars\/4\/1731297654-bpfull.png","caption":"Erick Villafuerte"}}]}},"_links":{"self":[{"href":"https:\/\/www.quebakan.com\/v15\/wp-json\/wp\/v2\/posts\/136993","targetHints":{"allow":["GET"]}}],"collection":[{"href":"https:\/\/www.quebakan.com\/v15\/wp-json\/wp\/v2\/posts"}],"about":[{"href":"https:\/\/www.quebakan.com\/v15\/wp-json\/wp\/v2\/types\/post"}],"author":[{"embeddable":true,"href":"https:\/\/www.quebakan.com\/v15\/wp-json\/wp\/v2\/users\/4"}],"replies":[{"embeddable":true,"href":"https:\/\/www.quebakan.com\/v15\/wp-json\/wp\/v2\/comments?post=136993"}],"version-history":[{"count":1,"href":"https:\/\/www.quebakan.com\/v15\/wp-json\/wp\/v2\/posts\/136993\/revisions"}],"predecessor-version":[{"id":136995,"href":"https:\/\/www.quebakan.com\/v15\/wp-json\/wp\/v2\/posts\/136993\/revisions\/136995"}],"wp:featuredmedia":[{"embeddable":true,"href":"https:\/\/www.quebakan.com\/v15\/wp-json\/wp\/v2\/media\/136994"}],"wp:attachment":[{"href":"https:\/\/www.quebakan.com\/v15\/wp-json\/wp\/v2\/media?parent=136993"}],"wp:term":[{"taxonomy":"category","embeddable":true,"href":"https:\/\/www.quebakan.com\/v15\/wp-json\/wp\/v2\/categories?post=136993"},{"taxonomy":"post_tag","embeddable":true,"href":"https:\/\/www.quebakan.com\/v15\/wp-json\/wp\/v2\/tags?post=136993"}],"curies":[{"name":"wp","href":"https:\/\/api.w.org\/{rel}","templated":true}]}}