{"id":136997,"date":"2025-11-05T18:56:00","date_gmt":"2025-11-05T23:56:00","guid":{"rendered":"https:\/\/www.quebakan.com\/v15\/?p=136997"},"modified":"2025-11-05T18:56:00","modified_gmt":"2025-11-05T23:56:00","slug":"beele-esta-en-su-borondo-el-artista-barranquillero-llega-a-ecuador-para-cerrar-el-ano-a-lo-grande","status":"publish","type":"post","link":"https:\/\/www.quebakan.com\/v15\/beele-esta-en-su-borondo-el-artista-barranquillero-llega-a-ecuador-para-cerrar-el-ano-a-lo-grande\/","title":{"rendered":"BE\u00c9LE EST\u00c1 EN SU \u201cBORONDO\u201d EL ARTISTA BARRANQUILLERO LLEGA A ECUADOR PARA CERRAR EL A\u00d1O A LO GRANDE."},"content":{"rendered":"<p><img fetchpriority=\"high\" decoding=\"async\" class=\"aligncenter size-full wp-image-136998\" src=\"https:\/\/www.quebakan.com\/v15\/wp-content\/uploads\/2025\/11\/beele1.jpg\" alt=\"\" width=\"715\" height=\"1268\" \/><\/p>\n<p style=\"text-align: justify;\"><span style=\"color: #000000;\">El artista barranquillero Be\u00e9le, una de las mayores promesas del g\u00e9nero urbano latino, llega a Ecuador con su gira mundial \u201cBorondo Tour\u201d, un espect\u00e1culo que promete ser el concierto m\u00e1s esperado del a\u00f1o.<\/span><\/p>\n<p style=\"text-align: justify;\"><span style=\"color: #000000;\">Con solo 23 a\u00f1os, Be\u00e9le ha conquistado millones de oyentes en el mundo, superando los 30 millones mensuales en Spotify y acumulando miles de millones de <\/span><span style=\"color: #000000;\">reproducciones en plataformas digitales. Recientemente fue nominado a los Latin Grammy 2025 por \u201cLa Plena\u201d y ha destacado en los Premios Juventud y Premios Heat <\/span><span style=\"color: #000000;\">Latin Awards, consolid\u00e1ndose como un fen\u00f3meno musical global.<\/span><\/p>\n<p style=\"text-align: justify;\"><span style=\"color: #000000;\">Su nuevo \u00e1lbum \u201cBorondo\u201d, con 26 canciones, refleja su evoluci\u00f3n art\u00edstica e incluye colaboraciones con Marc Anthony y Carla Morrison. \u201cCada canci\u00f3n representa un <\/span><span style=\"color: #000000;\">pedazo de mi vida\u201d, expres\u00f3 el artista.<\/span><\/p>\n<p style=\"text-align: justify;\"><span style=\"color: #000000;\">En Colombia, \u201chacer un borondo\u201d significa salir a dar una vuelta, y Be\u00e9le convierte ese concepto en un viaje emocional y musical para su p\u00fablico. Durante su m\u00e1s reciente gira, llen\u00f3 seis arenas consecutivas en Latinoam\u00e9rica y Europa, confirmando su impacto internacional.<\/span><\/p>\n<p style=\"text-align: justify;\"><span style=\"color: #000000;\">Ha colaborado con Shakira, Ed Sheeran, Ryan Castro y Nicky Jam, y ser\u00e1 acto principal en grandes festivales de M\u00e9xico. Entre sus mayores \u00e9xitos figuran \u201cMi Refe\u201d, \u201cSi Te Pillara\u201d, \u201cQu\u00e9date\u201d, \u201cTop Diesel\u201d y \u201cNo Tiene Sentido\u201d.<\/span><\/p>\n<p style=\"text-align: justify;\"><span style=\"color: #000000;\">El concierto se realizar\u00e1 el Viernes 12 de diciembre de 2025, a las 20h00, en el Estadio George Capwell de Guayaquil, con una producci\u00f3n internacional de primer nivel, pantallas gigantes, efectos visuales e iluminaci\u00f3n.<\/span><\/p>\n<p style=\"text-align: justify;\"><span style=\"color: #000000;\">La noche contar\u00e1 adem\u00e1s con la participaci\u00f3n del DJ oficial Westcol.<\/span><\/p>\n<p style=\"text-align: justify;\"><span style=\"color: #000000;\"><strong>REGISTRO PREVIO DISPONIBLE<\/strong><\/span><br \/>\n<span style=\"color: #000000;\">Para comprar tus entradas, es muy importante registrarte en www.ticketstar365.com\/registro\/Beele hasta el 11 de noviembre. <\/span><span style=\"color: #000000;\">Con tu registro podr\u00e1s acceder a la preventa exclusiva del concierto.<\/span><\/p>\n<p><img decoding=\"async\" class=\"aligncenter size-full wp-image-136999\" src=\"https:\/\/www.quebakan.com\/v15\/wp-content\/uploads\/2025\/11\/beel2.jpg\" alt=\"\" width=\"700\" height=\"700\" srcset=\"https:\/\/www.quebakan.com\/v15\/wp-content\/uploads\/2025\/11\/beel2.jpg 700w, https:\/\/www.quebakan.com\/v15\/wp-content\/uploads\/2025\/11\/beel2-300x300.jpg 300w, https:\/\/www.quebakan.com\/v15\/wp-content\/uploads\/2025\/11\/beel2-75x75.jpg 75w\" sizes=\"(max-width: 700px) 100vw, 700px\" \/><\/p>\n","protected":false},"excerpt":{"rendered":"<p>El artista barranquillero Be\u00e9le, una de las mayores promesas del g\u00e9nero urbano latino, llega a Ecuador con su gira mundial \u201cBorondo Tour\u201d, un espect\u00e1culo que promete ser el concierto m\u00e1s esperado del a\u00f1o. Con solo 23 a\u00f1os, Be\u00e9le ha conquistado millones de oyentes en el mundo, superando los 30 millones mensuales en Spotify y acumulando [&hellip;]<\/p>\n","protected":false},"author":4,"featured_media":136998,"comment_status":"closed","ping_status":"closed","sticky":false,"template":"","format":"standard","meta":{"_bbp_topic_count":0,"_bbp_reply_count":0,"_bbp_total_topic_count":0,"_bbp_total_reply_count":0,"_bbp_voice_count":0,"_bbp_anonymous_reply_count":0,"_bbp_topic_count_hidden":0,"_bbp_reply_count_hidden":0,"_bbp_forum_subforum_count":0,"buzzeditor_post_format":"","footnotes":""},"categories":[2],"tags":[],"class_list":["post-136997","post","type-post","status-publish","format-standard","has-post-thumbnail","hentry","category-noticias"],"yoast_head":"<!-- This site is optimized with the Yoast SEO plugin v27.5 - https:\/\/yoast.com\/product\/yoast-seo-wordpress\/ -->\n<title>BE\u00c9LE EST\u00c1 EN SU \u201cBORONDO\u201d EL ARTISTA BARRANQUILLERO LLEGA A ECUADOR PARA CERRAR EL A\u00d1O A LO GRANDE. &#8211; QUEBAKAN.COM 2026: Noticias, Eventos, Conciertos y mucho m\u00e1s....<\/title>\n<meta name=\"robots\" content=\"index, follow, max-snippet:-1, max-image-preview:large, max-video-preview:-1\" \/>\n<link rel=\"canonical\" href=\"https:\/\/www.quebakan.com\/v15\/beele-esta-en-su-borondo-el-artista-barranquillero-llega-a-ecuador-para-cerrar-el-ano-a-lo-grande\/\" \/>\n<meta property=\"og:locale\" content=\"es_ES\" \/>\n<meta property=\"og:type\" content=\"article\" \/>\n<meta property=\"og:title\" content=\"BE\u00c9LE EST\u00c1 EN SU \u201cBORONDO\u201d EL ARTISTA BARRANQUILLERO LLEGA A ECUADOR PARA CERRAR EL A\u00d1O A LO GRANDE. &#8211; QUEBAKAN.COM 2026: Noticias, Eventos, Conciertos y mucho m\u00e1s....\" \/>\n<meta property=\"og:description\" content=\"El artista barranquillero Be\u00e9le, una de las mayores promesas del g\u00e9nero urbano latino, llega a Ecuador con su gira mundial \u201cBorondo Tour\u201d, un espect\u00e1culo que promete ser el concierto m\u00e1s esperado del a\u00f1o. Con solo 23 a\u00f1os, Be\u00e9le ha conquistado millones de oyentes en el mundo, superando los 30 millones mensuales en Spotify y acumulando [&hellip;]\" \/>\n<meta property=\"og:url\" content=\"https:\/\/www.quebakan.com\/v15\/beele-esta-en-su-borondo-el-artista-barranquillero-llega-a-ecuador-para-cerrar-el-ano-a-lo-grande\/\" \/>\n<meta property=\"og:site_name\" content=\"QUEBAKAN.COM 2026: Noticias, Eventos, Conciertos y mucho m\u00e1s....\" \/>\n<meta property=\"article:publisher\" content=\"http:\/\/www.facebook.com\/quebakan\" \/>\n<meta property=\"article:published_time\" content=\"2025-11-05T23:56:00+00:00\" \/>\n<meta property=\"og:image\" content=\"https:\/\/www.quebakan.com\/v15\/wp-content\/uploads\/2025\/11\/beele1.jpg\" \/>\n\t<meta property=\"og:image:width\" content=\"715\" \/>\n\t<meta property=\"og:image:height\" content=\"1268\" \/>\n\t<meta property=\"og:image:type\" content=\"image\/jpeg\" \/>\n<meta name=\"author\" content=\"Erick Villafuerte\" \/>\n<meta name=\"twitter:card\" content=\"summary_large_image\" \/>\n<meta name=\"twitter:creator\" content=\"@quebakanec\" \/>\n<meta name=\"twitter:site\" content=\"@quebakanec\" \/>\n<meta name=\"twitter:label1\" content=\"Escrito por\" \/>\n\t<meta name=\"twitter:data1\" content=\"Erick Villafuerte\" \/>\n\t<meta name=\"twitter:label2\" content=\"Tiempo de lectura\" \/>\n\t<meta name=\"twitter:data2\" content=\"2 minutos\" \/>\n<script type=\"application\/ld+json\" class=\"yoast-schema-graph\">{\"@context\":\"https:\\\/\\\/schema.org\",\"@graph\":[{\"@type\":\"Article\",\"@id\":\"https:\\\/\\\/www.quebakan.com\\\/v15\\\/beele-esta-en-su-borondo-el-artista-barranquillero-llega-a-ecuador-para-cerrar-el-ano-a-lo-grande\\\/#article\",\"isPartOf\":{\"@id\":\"https:\\\/\\\/www.quebakan.com\\\/v15\\\/beele-esta-en-su-borondo-el-artista-barranquillero-llega-a-ecuador-para-cerrar-el-ano-a-lo-grande\\\/\"},\"author\":{\"name\":\"Erick Villafuerte\",\"@id\":\"https:\\\/\\\/www.quebakan.com\\\/v15\\\/#\\\/schema\\\/person\\\/d90fa9f9cfa81eb8ace9811e5b7b9118\"},\"headline\":\"BE\u00c9LE EST\u00c1 EN SU \u201cBORONDO\u201d EL ARTISTA BARRANQUILLERO LLEGA A ECUADOR PARA CERRAR EL A\u00d1O A LO GRANDE.\",\"datePublished\":\"2025-11-05T23:56:00+00:00\",\"mainEntityOfPage\":{\"@id\":\"https:\\\/\\\/www.quebakan.com\\\/v15\\\/beele-esta-en-su-borondo-el-artista-barranquillero-llega-a-ecuador-para-cerrar-el-ano-a-lo-grande\\\/\"},\"wordCount\":316,\"publisher\":{\"@id\":\"https:\\\/\\\/www.quebakan.com\\\/v15\\\/#organization\"},\"image\":{\"@id\":\"https:\\\/\\\/www.quebakan.com\\\/v15\\\/beele-esta-en-su-borondo-el-artista-barranquillero-llega-a-ecuador-para-cerrar-el-ano-a-lo-grande\\\/#primaryimage\"},\"thumbnailUrl\":\"https:\\\/\\\/www.quebakan.com\\\/v15\\\/wp-content\\\/uploads\\\/2025\\\/11\\\/beele1.jpg\",\"articleSection\":[\"Noticias\"],\"inLanguage\":\"es\"},{\"@type\":\"WebPage\",\"@id\":\"https:\\\/\\\/www.quebakan.com\\\/v15\\\/beele-esta-en-su-borondo-el-artista-barranquillero-llega-a-ecuador-para-cerrar-el-ano-a-lo-grande\\\/\",\"url\":\"https:\\\/\\\/www.quebakan.com\\\/v15\\\/beele-esta-en-su-borondo-el-artista-barranquillero-llega-a-ecuador-para-cerrar-el-ano-a-lo-grande\\\/\",\"name\":\"BE\u00c9LE EST\u00c1 EN SU \u201cBORONDO\u201d EL ARTISTA BARRANQUILLERO LLEGA A ECUADOR PARA CERRAR EL A\u00d1O A LO GRANDE. &#8211; QUEBAKAN.COM 2026: Noticias, Eventos, Conciertos y mucho m\u00e1s....\",\"isPartOf\":{\"@id\":\"https:\\\/\\\/www.quebakan.com\\\/v15\\\/#website\"},\"primaryImageOfPage\":{\"@id\":\"https:\\\/\\\/www.quebakan.com\\\/v15\\\/beele-esta-en-su-borondo-el-artista-barranquillero-llega-a-ecuador-para-cerrar-el-ano-a-lo-grande\\\/#primaryimage\"},\"image\":{\"@id\":\"https:\\\/\\\/www.quebakan.com\\\/v15\\\/beele-esta-en-su-borondo-el-artista-barranquillero-llega-a-ecuador-para-cerrar-el-ano-a-lo-grande\\\/#primaryimage\"},\"thumbnailUrl\":\"https:\\\/\\\/www.quebakan.com\\\/v15\\\/wp-content\\\/uploads\\\/2025\\\/11\\\/beele1.jpg\",\"datePublished\":\"2025-11-05T23:56:00+00:00\",\"breadcrumb\":{\"@id\":\"https:\\\/\\\/www.quebakan.com\\\/v15\\\/beele-esta-en-su-borondo-el-artista-barranquillero-llega-a-ecuador-para-cerrar-el-ano-a-lo-grande\\\/#breadcrumb\"},\"inLanguage\":\"es\",\"potentialAction\":[{\"@type\":\"ReadAction\",\"target\":[\"https:\\\/\\\/www.quebakan.com\\\/v15\\\/beele-esta-en-su-borondo-el-artista-barranquillero-llega-a-ecuador-para-cerrar-el-ano-a-lo-grande\\\/\"]}]},{\"@type\":\"ImageObject\",\"inLanguage\":\"es\",\"@id\":\"https:\\\/\\\/www.quebakan.com\\\/v15\\\/beele-esta-en-su-borondo-el-artista-barranquillero-llega-a-ecuador-para-cerrar-el-ano-a-lo-grande\\\/#primaryimage\",\"url\":\"https:\\\/\\\/www.quebakan.com\\\/v15\\\/wp-content\\\/uploads\\\/2025\\\/11\\\/beele1.jpg\",\"contentUrl\":\"https:\\\/\\\/www.quebakan.com\\\/v15\\\/wp-content\\\/uploads\\\/2025\\\/11\\\/beele1.jpg\",\"width\":715,\"height\":1268},{\"@type\":\"BreadcrumbList\",\"@id\":\"https:\\\/\\\/www.quebakan.com\\\/v15\\\/beele-esta-en-su-borondo-el-artista-barranquillero-llega-a-ecuador-para-cerrar-el-ano-a-lo-grande\\\/#breadcrumb\",\"itemListElement\":[{\"@type\":\"ListItem\",\"position\":1,\"name\":\"Portada\",\"item\":\"https:\\\/\\\/www.quebakan.com\\\/v15\\\/\"},{\"@type\":\"ListItem\",\"position\":2,\"name\":\"BE\u00c9LE EST\u00c1 EN SU \u201cBORONDO\u201d EL ARTISTA BARRANQUILLERO LLEGA A ECUADOR PARA CERRAR EL A\u00d1O A LO GRANDE.\"}]},{\"@type\":\"WebSite\",\"@id\":\"https:\\\/\\\/www.quebakan.com\\\/v15\\\/#website\",\"url\":\"https:\\\/\\\/www.quebakan.com\\\/v15\\\/\",\"name\":\"QUEBAKAN\",\"description\":\"..\",\"publisher\":{\"@id\":\"https:\\\/\\\/www.quebakan.com\\\/v15\\\/#organization\"},\"potentialAction\":[{\"@type\":\"SearchAction\",\"target\":{\"@type\":\"EntryPoint\",\"urlTemplate\":\"https:\\\/\\\/www.quebakan.com\\\/v15\\\/?s={search_term_string}\"},\"query-input\":{\"@type\":\"PropertyValueSpecification\",\"valueRequired\":true,\"valueName\":\"search_term_string\"}}],\"inLanguage\":\"es\"},{\"@type\":\"Organization\",\"@id\":\"https:\\\/\\\/www.quebakan.com\\\/v15\\\/#organization\",\"name\":\"Quebakan.com\",\"url\":\"https:\\\/\\\/www.quebakan.com\\\/v15\\\/\",\"logo\":{\"@type\":\"ImageObject\",\"inLanguage\":\"es\",\"@id\":\"https:\\\/\\\/www.quebakan.com\\\/v15\\\/#\\\/schema\\\/logo\\\/image\\\/\",\"url\":\"https:\\\/\\\/www.quebakan.com\\\/v15\\\/wp-content\\\/uploads\\\/2023\\\/07\\\/logoquebakanenero2021.jpg\",\"contentUrl\":\"https:\\\/\\\/www.quebakan.com\\\/v15\\\/wp-content\\\/uploads\\\/2023\\\/07\\\/logoquebakanenero2021.jpg\",\"width\":1920,\"height\":1080,\"caption\":\"Quebakan.com\"},\"image\":{\"@id\":\"https:\\\/\\\/www.quebakan.com\\\/v15\\\/#\\\/schema\\\/logo\\\/image\\\/\"},\"sameAs\":[\"http:\\\/\\\/www.facebook.com\\\/quebakan\",\"https:\\\/\\\/x.com\\\/quebakanec\",\"http:\\\/\\\/www.instagram.com\\\/quebakan\",\"http:\\\/\\\/www.youtube.com\\\/quebakan1\"]},{\"@type\":\"Person\",\"@id\":\"https:\\\/\\\/www.quebakan.com\\\/v15\\\/#\\\/schema\\\/person\\\/d90fa9f9cfa81eb8ace9811e5b7b9118\",\"name\":\"Erick Villafuerte\",\"image\":{\"@type\":\"ImageObject\",\"inLanguage\":\"es\",\"@id\":\"https:\\\/\\\/www.quebakan.com\\\/v15\\\/wp-content\\\/uploads\\\/avatars\\\/4\\\/1731297654-bpfull.png\",\"url\":\"https:\\\/\\\/www.quebakan.com\\\/v15\\\/wp-content\\\/uploads\\\/avatars\\\/4\\\/1731297654-bpfull.png\",\"contentUrl\":\"https:\\\/\\\/www.quebakan.com\\\/v15\\\/wp-content\\\/uploads\\\/avatars\\\/4\\\/1731297654-bpfull.png\",\"caption\":\"Erick Villafuerte\"}}]}<\/script>\n<!-- \/ Yoast SEO plugin. -->","yoast_head_json":{"title":"BE\u00c9LE EST\u00c1 EN SU \u201cBORONDO\u201d EL ARTISTA BARRANQUILLERO LLEGA A ECUADOR PARA CERRAR EL A\u00d1O A LO GRANDE. &#8211; QUEBAKAN.COM 2026: Noticias, Eventos, Conciertos y mucho m\u00e1s....","robots":{"index":"index","follow":"follow","max-snippet":"max-snippet:-1","max-image-preview":"max-image-preview:large","max-video-preview":"max-video-preview:-1"},"canonical":"https:\/\/www.quebakan.com\/v15\/beele-esta-en-su-borondo-el-artista-barranquillero-llega-a-ecuador-para-cerrar-el-ano-a-lo-grande\/","og_locale":"es_ES","og_type":"article","og_title":"BE\u00c9LE EST\u00c1 EN SU \u201cBORONDO\u201d EL ARTISTA BARRANQUILLERO LLEGA A ECUADOR PARA CERRAR EL A\u00d1O A LO GRANDE. &#8211; QUEBAKAN.COM 2026: Noticias, Eventos, Conciertos y mucho m\u00e1s....","og_description":"El artista barranquillero Be\u00e9le, una de las mayores promesas del g\u00e9nero urbano latino, llega a Ecuador con su gira mundial \u201cBorondo Tour\u201d, un espect\u00e1culo que promete ser el concierto m\u00e1s esperado del a\u00f1o. Con solo 23 a\u00f1os, Be\u00e9le ha conquistado millones de oyentes en el mundo, superando los 30 millones mensuales en Spotify y acumulando [&hellip;]","og_url":"https:\/\/www.quebakan.com\/v15\/beele-esta-en-su-borondo-el-artista-barranquillero-llega-a-ecuador-para-cerrar-el-ano-a-lo-grande\/","og_site_name":"QUEBAKAN.COM 2026: Noticias, Eventos, Conciertos y mucho m\u00e1s....","article_publisher":"http:\/\/www.facebook.com\/quebakan","article_published_time":"2025-11-05T23:56:00+00:00","og_image":[{"width":715,"height":1268,"url":"https:\/\/www.quebakan.com\/v15\/wp-content\/uploads\/2025\/11\/beele1.jpg","type":"image\/jpeg"}],"author":"Erick Villafuerte","twitter_card":"summary_large_image","twitter_creator":"@quebakanec","twitter_site":"@quebakanec","twitter_misc":{"Escrito por":"Erick Villafuerte","Tiempo de lectura":"2 minutos"},"schema":{"@context":"https:\/\/schema.org","@graph":[{"@type":"Article","@id":"https:\/\/www.quebakan.com\/v15\/beele-esta-en-su-borondo-el-artista-barranquillero-llega-a-ecuador-para-cerrar-el-ano-a-lo-grande\/#article","isPartOf":{"@id":"https:\/\/www.quebakan.com\/v15\/beele-esta-en-su-borondo-el-artista-barranquillero-llega-a-ecuador-para-cerrar-el-ano-a-lo-grande\/"},"author":{"name":"Erick Villafuerte","@id":"https:\/\/www.quebakan.com\/v15\/#\/schema\/person\/d90fa9f9cfa81eb8ace9811e5b7b9118"},"headline":"BE\u00c9LE EST\u00c1 EN SU \u201cBORONDO\u201d EL ARTISTA BARRANQUILLERO LLEGA A ECUADOR PARA CERRAR EL A\u00d1O A LO GRANDE.","datePublished":"2025-11-05T23:56:00+00:00","mainEntityOfPage":{"@id":"https:\/\/www.quebakan.com\/v15\/beele-esta-en-su-borondo-el-artista-barranquillero-llega-a-ecuador-para-cerrar-el-ano-a-lo-grande\/"},"wordCount":316,"publisher":{"@id":"https:\/\/www.quebakan.com\/v15\/#organization"},"image":{"@id":"https:\/\/www.quebakan.com\/v15\/beele-esta-en-su-borondo-el-artista-barranquillero-llega-a-ecuador-para-cerrar-el-ano-a-lo-grande\/#primaryimage"},"thumbnailUrl":"https:\/\/www.quebakan.com\/v15\/wp-content\/uploads\/2025\/11\/beele1.jpg","articleSection":["Noticias"],"inLanguage":"es"},{"@type":"WebPage","@id":"https:\/\/www.quebakan.com\/v15\/beele-esta-en-su-borondo-el-artista-barranquillero-llega-a-ecuador-para-cerrar-el-ano-a-lo-grande\/","url":"https:\/\/www.quebakan.com\/v15\/beele-esta-en-su-borondo-el-artista-barranquillero-llega-a-ecuador-para-cerrar-el-ano-a-lo-grande\/","name":"BE\u00c9LE EST\u00c1 EN SU \u201cBORONDO\u201d EL ARTISTA BARRANQUILLERO LLEGA A ECUADOR PARA CERRAR EL A\u00d1O A LO GRANDE. &#8211; QUEBAKAN.COM 2026: Noticias, Eventos, Conciertos y mucho m\u00e1s....","isPartOf":{"@id":"https:\/\/www.quebakan.com\/v15\/#website"},"primaryImageOfPage":{"@id":"https:\/\/www.quebakan.com\/v15\/beele-esta-en-su-borondo-el-artista-barranquillero-llega-a-ecuador-para-cerrar-el-ano-a-lo-grande\/#primaryimage"},"image":{"@id":"https:\/\/www.quebakan.com\/v15\/beele-esta-en-su-borondo-el-artista-barranquillero-llega-a-ecuador-para-cerrar-el-ano-a-lo-grande\/#primaryimage"},"thumbnailUrl":"https:\/\/www.quebakan.com\/v15\/wp-content\/uploads\/2025\/11\/beele1.jpg","datePublished":"2025-11-05T23:56:00+00:00","breadcrumb":{"@id":"https:\/\/www.quebakan.com\/v15\/beele-esta-en-su-borondo-el-artista-barranquillero-llega-a-ecuador-para-cerrar-el-ano-a-lo-grande\/#breadcrumb"},"inLanguage":"es","potentialAction":[{"@type":"ReadAction","target":["https:\/\/www.quebakan.com\/v15\/beele-esta-en-su-borondo-el-artista-barranquillero-llega-a-ecuador-para-cerrar-el-ano-a-lo-grande\/"]}]},{"@type":"ImageObject","inLanguage":"es","@id":"https:\/\/www.quebakan.com\/v15\/beele-esta-en-su-borondo-el-artista-barranquillero-llega-a-ecuador-para-cerrar-el-ano-a-lo-grande\/#primaryimage","url":"https:\/\/www.quebakan.com\/v15\/wp-content\/uploads\/2025\/11\/beele1.jpg","contentUrl":"https:\/\/www.quebakan.com\/v15\/wp-content\/uploads\/2025\/11\/beele1.jpg","width":715,"height":1268},{"@type":"BreadcrumbList","@id":"https:\/\/www.quebakan.com\/v15\/beele-esta-en-su-borondo-el-artista-barranquillero-llega-a-ecuador-para-cerrar-el-ano-a-lo-grande\/#breadcrumb","itemListElement":[{"@type":"ListItem","position":1,"name":"Portada","item":"https:\/\/www.quebakan.com\/v15\/"},{"@type":"ListItem","position":2,"name":"BE\u00c9LE EST\u00c1 EN SU \u201cBORONDO\u201d EL ARTISTA BARRANQUILLERO LLEGA A ECUADOR PARA CERRAR EL A\u00d1O A LO GRANDE."}]},{"@type":"WebSite","@id":"https:\/\/www.quebakan.com\/v15\/#website","url":"https:\/\/www.quebakan.com\/v15\/","name":"QUEBAKAN","description":"..","publisher":{"@id":"https:\/\/www.quebakan.com\/v15\/#organization"},"potentialAction":[{"@type":"SearchAction","target":{"@type":"EntryPoint","urlTemplate":"https:\/\/www.quebakan.com\/v15\/?s={search_term_string}"},"query-input":{"@type":"PropertyValueSpecification","valueRequired":true,"valueName":"search_term_string"}}],"inLanguage":"es"},{"@type":"Organization","@id":"https:\/\/www.quebakan.com\/v15\/#organization","name":"Quebakan.com","url":"https:\/\/www.quebakan.com\/v15\/","logo":{"@type":"ImageObject","inLanguage":"es","@id":"https:\/\/www.quebakan.com\/v15\/#\/schema\/logo\/image\/","url":"https:\/\/www.quebakan.com\/v15\/wp-content\/uploads\/2023\/07\/logoquebakanenero2021.jpg","contentUrl":"https:\/\/www.quebakan.com\/v15\/wp-content\/uploads\/2023\/07\/logoquebakanenero2021.jpg","width":1920,"height":1080,"caption":"Quebakan.com"},"image":{"@id":"https:\/\/www.quebakan.com\/v15\/#\/schema\/logo\/image\/"},"sameAs":["http:\/\/www.facebook.com\/quebakan","https:\/\/x.com\/quebakanec","http:\/\/www.instagram.com\/quebakan","http:\/\/www.youtube.com\/quebakan1"]},{"@type":"Person","@id":"https:\/\/www.quebakan.com\/v15\/#\/schema\/person\/d90fa9f9cfa81eb8ace9811e5b7b9118","name":"Erick Villafuerte","image":{"@type":"ImageObject","inLanguage":"es","@id":"https:\/\/www.quebakan.com\/v15\/wp-content\/uploads\/avatars\/4\/1731297654-bpfull.png","url":"https:\/\/www.quebakan.com\/v15\/wp-content\/uploads\/avatars\/4\/1731297654-bpfull.png","contentUrl":"https:\/\/www.quebakan.com\/v15\/wp-content\/uploads\/avatars\/4\/1731297654-bpfull.png","caption":"Erick Villafuerte"}}]}},"_links":{"self":[{"href":"https:\/\/www.quebakan.com\/v15\/wp-json\/wp\/v2\/posts\/136997","targetHints":{"allow":["GET"]}}],"collection":[{"href":"https:\/\/www.quebakan.com\/v15\/wp-json\/wp\/v2\/posts"}],"about":[{"href":"https:\/\/www.quebakan.com\/v15\/wp-json\/wp\/v2\/types\/post"}],"author":[{"embeddable":true,"href":"https:\/\/www.quebakan.com\/v15\/wp-json\/wp\/v2\/users\/4"}],"replies":[{"embeddable":true,"href":"https:\/\/www.quebakan.com\/v15\/wp-json\/wp\/v2\/comments?post=136997"}],"version-history":[{"count":1,"href":"https:\/\/www.quebakan.com\/v15\/wp-json\/wp\/v2\/posts\/136997\/revisions"}],"predecessor-version":[{"id":137000,"href":"https:\/\/www.quebakan.com\/v15\/wp-json\/wp\/v2\/posts\/136997\/revisions\/137000"}],"wp:featuredmedia":[{"embeddable":true,"href":"https:\/\/www.quebakan.com\/v15\/wp-json\/wp\/v2\/media\/136998"}],"wp:attachment":[{"href":"https:\/\/www.quebakan.com\/v15\/wp-json\/wp\/v2\/media?parent=136997"}],"wp:term":[{"taxonomy":"category","embeddable":true,"href":"https:\/\/www.quebakan.com\/v15\/wp-json\/wp\/v2\/categories?post=136997"},{"taxonomy":"post_tag","embeddable":true,"href":"https:\/\/www.quebakan.com\/v15\/wp-json\/wp\/v2\/tags?post=136997"}],"curies":[{"name":"wp","href":"https:\/\/api.w.org\/{rel}","templated":true}]}}