{"id":137039,"date":"2025-11-05T22:53:49","date_gmt":"2025-11-06T03:53:49","guid":{"rendered":"https:\/\/www.quebakan.com\/v15\/?p=137039"},"modified":"2025-11-05T22:53:49","modified_gmt":"2025-11-06T03:53:49","slug":"milagro-cuna-de-los-enfermeros-de-ecuador","status":"publish","type":"post","link":"https:\/\/www.quebakan.com\/v15\/milagro-cuna-de-los-enfermeros-de-ecuador\/","title":{"rendered":"Milagro, cuna de los enfermeros de Ecuador"},"content":{"rendered":"<p><img fetchpriority=\"high\" decoding=\"async\" class=\"aligncenter size-full wp-image-137040\" src=\"https:\/\/www.quebakan.com\/v15\/wp-content\/uploads\/2025\/11\/1.jpg\" alt=\"\" width=\"700\" height=\"467\" \/><\/p>\n<p style=\"text-align: justify;\"><span style=\"color: #000000;\">La UNEMI aporta con el mayor n\u00famero de profesionales en Enfermer\u00eda al Sistema Nacional de Salud. Desde 2023 hasta lo que va de 2025, un total de 897 alumnos de esa carrera de la Universidad Estatal de Milagro -en su quinto y \u00faltimo a\u00f1o de estudios- han aprobado el Examen de Habilitaci\u00f3n para el Ejercicio Profesional (EHEP). En los 23 a\u00f1os que tiene esa carrera, la UNEMI ha graduado a 2.875 licenciados en Enfermer\u00eda.<\/span><\/p>\n<p style=\"text-align: justify;\"><span style=\"color: #000000;\">Milagro, 30 de octubre de 2025.- El Consejo de Aseguramiento de la Calidad de la Educaci\u00f3n Superior (CACES) implement\u00f3 el Examen de Habilitaci\u00f3n para el Ejercicio Profesional (EHEP): una <\/span><span style=\"color: #000000;\">evaluaci\u00f3n obligatoria, desde 2019, para las carreras de Medicina, Odontolog\u00eda y Enfermer\u00eda.<\/span><\/p>\n<p style=\"text-align: justify;\"><span style=\"color: #000000;\">Desde 2023 hasta lo que va de 2025, un total de 897 alumnos de Enfermer\u00eda de la Universidad Estatal de Milagro -en su quinto y \u00faltimo a\u00f1o de estudios- han aprobado el EHEP.<\/span><\/p>\n<p style=\"text-align: justify;\"><span style=\"color: #000000;\">\u201cLa UNEMI aporta con el mayor n\u00famero de profesionales en enfermer\u00eda al Sistema Nacional de Salud. En esta \u00e1rea, no solo es la mejor entre las universidades p\u00fablicas; incluso supera a las privadas, lo que convierte a la UNEMI en referente nacional e incluso de Am\u00e9rica Latina\u201d, afirma Gabriela V\u00e1squez, Ph. D., directora de la Carrera.<\/span><\/p>\n<p style=\"text-align: justify;\"><span style=\"color: #000000;\">En el primer semestre de 2025, por ejemplo, la UNEMI se consolid\u00f3 como la instituci\u00f3n de educaci\u00f3n superior con el mayor n\u00famero de estudiantes aprobados en el EHEP (71,99%), superando incluso a universidades privadas. En total, alumnos de 22 universidades (13 p\u00fablicas y 9 privadas), que ofertan la carrera de Enfermer\u00eda, deben rendir, obligatoriamente, el examen de habilitaci\u00f3n.<\/span><br \/>\n<span style=\"color: #000000;\">La carrera de la UNEMI se imparte de forma presencial en la matriz de la UNEMI en Milagro desde mayo de 2002. Actualmente, en sus 9 semestres tiene 1.095 estudiantes, que reciben \u201cuna formaci\u00f3n acad\u00e9mica de alto nivel\u201d, explica V\u00e1squez.<\/span><\/p>\n<p style=\"text-align: justify;\"><span style=\"color: #000000;\">En estos 23 a\u00f1os, la UNEMI ha graduado a 2.875 licenciados en Enfermer\u00eda. Desde el segundo semestre, los estudiantes de la UNEMI inician sus pasant\u00edas formativas en los laboratorios de la universidad, espacios modernos y completamente equipados. Luego, contin\u00faan sus pr\u00e1cticas en unidades del Ministerio de Salud P\u00fablica y del IESS: en el internado rotativo son asignados a 66 centros, subcentros y hospitales, de cuatro provincias (Guayas, Los R\u00edos, Santa Elena y Bol\u00edvar).<\/span><\/p>\n<p style=\"text-align: justify;\"><span style=\"color: #000000;\">\u201cLas pr\u00e1cticas potencian las habilidades y destrezas profesionales, especialmente durante el internado rotativo, que se desarrolla en cuatro \u00e1reas fundamentales: Salud P\u00fablica, Cl\u00ednico-Quir\u00fargico, Pediatr\u00eda y Gineco-Obstetricia. Estas rotaciones est\u00e1n alineadas con los componentes del EHEP y siguen las gu\u00edas establecidas por el MSP\u201d, reitera Gabriela V\u00e1squez. \u201cHemos fortalecido la malla curricular con un incremento significativo en las horas pr\u00e1cticas, garantizando una formaci\u00f3n integral y orientada a la realidad del campo profesional\u201d.<\/span><\/p>\n<p style=\"text-align: justify;\"><span style=\"color: #000000;\">Esa es la clave para que los profesionales de la UNEMI tengan una capacitaci\u00f3n integral y est\u00e9n en el top de resultados de los ex\u00e1menes del CACES. La carrera de Enfermer\u00eda de la UNEMI tiene 30 docentes (la cuarta parte de ellos con Ph. D.) Ellos han publicado 163 art\u00edculos cient\u00edficos en los \u00faltimos tres a\u00f1os, en revistas de alto impacto. Los profesores fomentan el pensamiento cr\u00edtico a trav\u00e9s del an\u00e1lisis de casos, metodolog\u00eda que permite aplicar los conocimientos te\u00f3ricos en contextos reales y fortalecer el cuidado integral en la pr\u00e1ctica de enfermer\u00eda.<\/span><\/p>\n<p style=\"text-align: justify;\"><span style=\"color: #000000;\">Lourdes Orozco, jefa de Enfermer\u00eda del Hospital General Babahoyo IESS, enfatiza que los estudiantes de la UNEMI se caracterizan por su amabilidad, su inter\u00e9s por aprender y su compromiso con el bienestar de los pacientes. \u201cPoseen bases s\u00f3lidas en conocimientos te\u00f3ricos y habilidades b\u00e1sicas bien desarrolladas, evidenciando destrezas en procedimientos comunes y una adecuada comprensi\u00f3n de los protocolos cl\u00ednicos\u201d.<\/span><\/p>\n<p style=\"text-align: justify;\"><span style=\"color: #000000;\">El coordinador de Enfermer\u00eda del Hospital de Naranjito del MSP, Miguel \u00c1ngel Velasco Chere, destaca la confianza, el criterio cl\u00ednico y la capacidad para ofrecer cuidados integrales de los estudiantes de la UNEMI. \u201cLa presencia de los practicantes contribuye significativamente al fortalecimiento del equipo asistencial del hospital. Hoy en d\u00eda existe una brecha de talento humano en el \u00e1rea de salud, y contar con el apoyo de los estudiantes de UNEMI representa un gran aporte\u201d.<\/span><\/p>\n<p><img decoding=\"async\" class=\"aligncenter size-full wp-image-137041\" src=\"https:\/\/www.quebakan.com\/v15\/wp-content\/uploads\/2025\/11\/6.jpg\" alt=\"\" width=\"700\" height=\"467\" \/><\/p>\n<p>&nbsp;<\/p>\n<p><img decoding=\"async\" class=\"aligncenter size-full wp-image-137042\" src=\"https:\/\/www.quebakan.com\/v15\/wp-content\/uploads\/2025\/11\/IMG_8041.jpg\" alt=\"\" width=\"525\" height=\"700\" \/><\/p>\n<p>&nbsp;<\/p>\n<p><img loading=\"lazy\" decoding=\"async\" class=\"aligncenter size-full wp-image-137043\" src=\"https:\/\/www.quebakan.com\/v15\/wp-content\/uploads\/2025\/11\/IMG_8124.jpg\" alt=\"\" width=\"700\" height=\"525\" \/><\/p>\n","protected":false},"excerpt":{"rendered":"<p>La UNEMI aporta con el mayor n\u00famero de profesionales en Enfermer\u00eda al Sistema Nacional de Salud. Desde 2023 hasta lo que va de 2025, un total de 897 alumnos de esa carrera de la Universidad Estatal de Milagro -en su quinto y \u00faltimo a\u00f1o de estudios- han aprobado el Examen de Habilitaci\u00f3n para el Ejercicio [&hellip;]<\/p>\n","protected":false},"author":4,"featured_media":137043,"comment_status":"closed","ping_status":"closed","sticky":false,"template":"","format":"standard","meta":{"_bbp_topic_count":0,"_bbp_reply_count":0,"_bbp_total_topic_count":0,"_bbp_total_reply_count":0,"_bbp_voice_count":0,"_bbp_anonymous_reply_count":0,"_bbp_topic_count_hidden":0,"_bbp_reply_count_hidden":0,"_bbp_forum_subforum_count":0,"buzzeditor_post_format":"","footnotes":""},"categories":[2],"tags":[],"class_list":["post-137039","post","type-post","status-publish","format-standard","has-post-thumbnail","hentry","category-noticias"],"yoast_head":"<!-- This site is optimized with the Yoast SEO plugin v27.5 - https:\/\/yoast.com\/product\/yoast-seo-wordpress\/ -->\n<title>Milagro, cuna de los enfermeros de Ecuador &#8211; QUEBAKAN.COM 2026: Noticias, Eventos, Conciertos y mucho m\u00e1s....<\/title>\n<meta name=\"robots\" content=\"index, follow, max-snippet:-1, max-image-preview:large, max-video-preview:-1\" \/>\n<link rel=\"canonical\" href=\"https:\/\/www.quebakan.com\/v15\/milagro-cuna-de-los-enfermeros-de-ecuador\/\" \/>\n<meta property=\"og:locale\" content=\"es_ES\" \/>\n<meta property=\"og:type\" content=\"article\" \/>\n<meta property=\"og:title\" content=\"Milagro, cuna de los enfermeros de Ecuador &#8211; QUEBAKAN.COM 2026: Noticias, Eventos, Conciertos y mucho m\u00e1s....\" \/>\n<meta property=\"og:description\" content=\"La UNEMI aporta con el mayor n\u00famero de profesionales en Enfermer\u00eda al Sistema Nacional de Salud. Desde 2023 hasta lo que va de 2025, un total de 897 alumnos de esa carrera de la Universidad Estatal de Milagro -en su quinto y \u00faltimo a\u00f1o de estudios- han aprobado el Examen de Habilitaci\u00f3n para el Ejercicio [&hellip;]\" \/>\n<meta property=\"og:url\" content=\"https:\/\/www.quebakan.com\/v15\/milagro-cuna-de-los-enfermeros-de-ecuador\/\" \/>\n<meta property=\"og:site_name\" content=\"QUEBAKAN.COM 2026: Noticias, Eventos, Conciertos y mucho m\u00e1s....\" \/>\n<meta property=\"article:publisher\" content=\"http:\/\/www.facebook.com\/quebakan\" \/>\n<meta property=\"article:published_time\" content=\"2025-11-06T03:53:49+00:00\" \/>\n<meta property=\"og:image\" content=\"https:\/\/www.quebakan.com\/v15\/wp-content\/uploads\/2025\/11\/IMG_8124.jpg\" \/>\n\t<meta property=\"og:image:width\" content=\"700\" \/>\n\t<meta property=\"og:image:height\" content=\"525\" \/>\n\t<meta property=\"og:image:type\" content=\"image\/jpeg\" \/>\n<meta name=\"author\" content=\"Erick Villafuerte\" \/>\n<meta name=\"twitter:card\" content=\"summary_large_image\" \/>\n<meta name=\"twitter:creator\" content=\"@quebakanec\" \/>\n<meta name=\"twitter:site\" content=\"@quebakanec\" \/>\n<meta name=\"twitter:label1\" content=\"Escrito por\" \/>\n\t<meta name=\"twitter:data1\" content=\"Erick Villafuerte\" \/>\n\t<meta name=\"twitter:label2\" content=\"Tiempo de lectura\" \/>\n\t<meta name=\"twitter:data2\" content=\"5 minutos\" \/>\n<script type=\"application\/ld+json\" class=\"yoast-schema-graph\">{\"@context\":\"https:\\\/\\\/schema.org\",\"@graph\":[{\"@type\":\"Article\",\"@id\":\"https:\\\/\\\/www.quebakan.com\\\/v15\\\/milagro-cuna-de-los-enfermeros-de-ecuador\\\/#article\",\"isPartOf\":{\"@id\":\"https:\\\/\\\/www.quebakan.com\\\/v15\\\/milagro-cuna-de-los-enfermeros-de-ecuador\\\/\"},\"author\":{\"name\":\"Erick Villafuerte\",\"@id\":\"https:\\\/\\\/www.quebakan.com\\\/v15\\\/#\\\/schema\\\/person\\\/d90fa9f9cfa81eb8ace9811e5b7b9118\"},\"headline\":\"Milagro, cuna de los enfermeros de Ecuador\",\"datePublished\":\"2025-11-06T03:53:49+00:00\",\"mainEntityOfPage\":{\"@id\":\"https:\\\/\\\/www.quebakan.com\\\/v15\\\/milagro-cuna-de-los-enfermeros-de-ecuador\\\/\"},\"wordCount\":728,\"publisher\":{\"@id\":\"https:\\\/\\\/www.quebakan.com\\\/v15\\\/#organization\"},\"image\":{\"@id\":\"https:\\\/\\\/www.quebakan.com\\\/v15\\\/milagro-cuna-de-los-enfermeros-de-ecuador\\\/#primaryimage\"},\"thumbnailUrl\":\"https:\\\/\\\/www.quebakan.com\\\/v15\\\/wp-content\\\/uploads\\\/2025\\\/11\\\/IMG_8124.jpg\",\"articleSection\":[\"Noticias\"],\"inLanguage\":\"es\"},{\"@type\":\"WebPage\",\"@id\":\"https:\\\/\\\/www.quebakan.com\\\/v15\\\/milagro-cuna-de-los-enfermeros-de-ecuador\\\/\",\"url\":\"https:\\\/\\\/www.quebakan.com\\\/v15\\\/milagro-cuna-de-los-enfermeros-de-ecuador\\\/\",\"name\":\"Milagro, cuna de los enfermeros de Ecuador &#8211; QUEBAKAN.COM 2026: Noticias, Eventos, Conciertos y mucho m\u00e1s....\",\"isPartOf\":{\"@id\":\"https:\\\/\\\/www.quebakan.com\\\/v15\\\/#website\"},\"primaryImageOfPage\":{\"@id\":\"https:\\\/\\\/www.quebakan.com\\\/v15\\\/milagro-cuna-de-los-enfermeros-de-ecuador\\\/#primaryimage\"},\"image\":{\"@id\":\"https:\\\/\\\/www.quebakan.com\\\/v15\\\/milagro-cuna-de-los-enfermeros-de-ecuador\\\/#primaryimage\"},\"thumbnailUrl\":\"https:\\\/\\\/www.quebakan.com\\\/v15\\\/wp-content\\\/uploads\\\/2025\\\/11\\\/IMG_8124.jpg\",\"datePublished\":\"2025-11-06T03:53:49+00:00\",\"breadcrumb\":{\"@id\":\"https:\\\/\\\/www.quebakan.com\\\/v15\\\/milagro-cuna-de-los-enfermeros-de-ecuador\\\/#breadcrumb\"},\"inLanguage\":\"es\",\"potentialAction\":[{\"@type\":\"ReadAction\",\"target\":[\"https:\\\/\\\/www.quebakan.com\\\/v15\\\/milagro-cuna-de-los-enfermeros-de-ecuador\\\/\"]}]},{\"@type\":\"ImageObject\",\"inLanguage\":\"es\",\"@id\":\"https:\\\/\\\/www.quebakan.com\\\/v15\\\/milagro-cuna-de-los-enfermeros-de-ecuador\\\/#primaryimage\",\"url\":\"https:\\\/\\\/www.quebakan.com\\\/v15\\\/wp-content\\\/uploads\\\/2025\\\/11\\\/IMG_8124.jpg\",\"contentUrl\":\"https:\\\/\\\/www.quebakan.com\\\/v15\\\/wp-content\\\/uploads\\\/2025\\\/11\\\/IMG_8124.jpg\",\"width\":700,\"height\":525},{\"@type\":\"BreadcrumbList\",\"@id\":\"https:\\\/\\\/www.quebakan.com\\\/v15\\\/milagro-cuna-de-los-enfermeros-de-ecuador\\\/#breadcrumb\",\"itemListElement\":[{\"@type\":\"ListItem\",\"position\":1,\"name\":\"Portada\",\"item\":\"https:\\\/\\\/www.quebakan.com\\\/v15\\\/\"},{\"@type\":\"ListItem\",\"position\":2,\"name\":\"Milagro, cuna de los enfermeros de Ecuador\"}]},{\"@type\":\"WebSite\",\"@id\":\"https:\\\/\\\/www.quebakan.com\\\/v15\\\/#website\",\"url\":\"https:\\\/\\\/www.quebakan.com\\\/v15\\\/\",\"name\":\"QUEBAKAN\",\"description\":\"..\",\"publisher\":{\"@id\":\"https:\\\/\\\/www.quebakan.com\\\/v15\\\/#organization\"},\"potentialAction\":[{\"@type\":\"SearchAction\",\"target\":{\"@type\":\"EntryPoint\",\"urlTemplate\":\"https:\\\/\\\/www.quebakan.com\\\/v15\\\/?s={search_term_string}\"},\"query-input\":{\"@type\":\"PropertyValueSpecification\",\"valueRequired\":true,\"valueName\":\"search_term_string\"}}],\"inLanguage\":\"es\"},{\"@type\":\"Organization\",\"@id\":\"https:\\\/\\\/www.quebakan.com\\\/v15\\\/#organization\",\"name\":\"Quebakan.com\",\"url\":\"https:\\\/\\\/www.quebakan.com\\\/v15\\\/\",\"logo\":{\"@type\":\"ImageObject\",\"inLanguage\":\"es\",\"@id\":\"https:\\\/\\\/www.quebakan.com\\\/v15\\\/#\\\/schema\\\/logo\\\/image\\\/\",\"url\":\"https:\\\/\\\/www.quebakan.com\\\/v15\\\/wp-content\\\/uploads\\\/2023\\\/07\\\/logoquebakanenero2021.jpg\",\"contentUrl\":\"https:\\\/\\\/www.quebakan.com\\\/v15\\\/wp-content\\\/uploads\\\/2023\\\/07\\\/logoquebakanenero2021.jpg\",\"width\":1920,\"height\":1080,\"caption\":\"Quebakan.com\"},\"image\":{\"@id\":\"https:\\\/\\\/www.quebakan.com\\\/v15\\\/#\\\/schema\\\/logo\\\/image\\\/\"},\"sameAs\":[\"http:\\\/\\\/www.facebook.com\\\/quebakan\",\"https:\\\/\\\/x.com\\\/quebakanec\",\"http:\\\/\\\/www.instagram.com\\\/quebakan\",\"http:\\\/\\\/www.youtube.com\\\/quebakan1\"]},{\"@type\":\"Person\",\"@id\":\"https:\\\/\\\/www.quebakan.com\\\/v15\\\/#\\\/schema\\\/person\\\/d90fa9f9cfa81eb8ace9811e5b7b9118\",\"name\":\"Erick Villafuerte\",\"image\":{\"@type\":\"ImageObject\",\"inLanguage\":\"es\",\"@id\":\"https:\\\/\\\/www.quebakan.com\\\/v15\\\/wp-content\\\/uploads\\\/avatars\\\/4\\\/1731297654-bpfull.png\",\"url\":\"https:\\\/\\\/www.quebakan.com\\\/v15\\\/wp-content\\\/uploads\\\/avatars\\\/4\\\/1731297654-bpfull.png\",\"contentUrl\":\"https:\\\/\\\/www.quebakan.com\\\/v15\\\/wp-content\\\/uploads\\\/avatars\\\/4\\\/1731297654-bpfull.png\",\"caption\":\"Erick Villafuerte\"}}]}<\/script>\n<!-- \/ Yoast SEO plugin. -->","yoast_head_json":{"title":"Milagro, cuna de los enfermeros de Ecuador &#8211; QUEBAKAN.COM 2026: Noticias, Eventos, Conciertos y mucho m\u00e1s....","robots":{"index":"index","follow":"follow","max-snippet":"max-snippet:-1","max-image-preview":"max-image-preview:large","max-video-preview":"max-video-preview:-1"},"canonical":"https:\/\/www.quebakan.com\/v15\/milagro-cuna-de-los-enfermeros-de-ecuador\/","og_locale":"es_ES","og_type":"article","og_title":"Milagro, cuna de los enfermeros de Ecuador &#8211; QUEBAKAN.COM 2026: Noticias, Eventos, Conciertos y mucho m\u00e1s....","og_description":"La UNEMI aporta con el mayor n\u00famero de profesionales en Enfermer\u00eda al Sistema Nacional de Salud. Desde 2023 hasta lo que va de 2025, un total de 897 alumnos de esa carrera de la Universidad Estatal de Milagro -en su quinto y \u00faltimo a\u00f1o de estudios- han aprobado el Examen de Habilitaci\u00f3n para el Ejercicio [&hellip;]","og_url":"https:\/\/www.quebakan.com\/v15\/milagro-cuna-de-los-enfermeros-de-ecuador\/","og_site_name":"QUEBAKAN.COM 2026: Noticias, Eventos, Conciertos y mucho m\u00e1s....","article_publisher":"http:\/\/www.facebook.com\/quebakan","article_published_time":"2025-11-06T03:53:49+00:00","og_image":[{"width":700,"height":525,"url":"https:\/\/www.quebakan.com\/v15\/wp-content\/uploads\/2025\/11\/IMG_8124.jpg","type":"image\/jpeg"}],"author":"Erick Villafuerte","twitter_card":"summary_large_image","twitter_creator":"@quebakanec","twitter_site":"@quebakanec","twitter_misc":{"Escrito por":"Erick Villafuerte","Tiempo de lectura":"5 minutos"},"schema":{"@context":"https:\/\/schema.org","@graph":[{"@type":"Article","@id":"https:\/\/www.quebakan.com\/v15\/milagro-cuna-de-los-enfermeros-de-ecuador\/#article","isPartOf":{"@id":"https:\/\/www.quebakan.com\/v15\/milagro-cuna-de-los-enfermeros-de-ecuador\/"},"author":{"name":"Erick Villafuerte","@id":"https:\/\/www.quebakan.com\/v15\/#\/schema\/person\/d90fa9f9cfa81eb8ace9811e5b7b9118"},"headline":"Milagro, cuna de los enfermeros de Ecuador","datePublished":"2025-11-06T03:53:49+00:00","mainEntityOfPage":{"@id":"https:\/\/www.quebakan.com\/v15\/milagro-cuna-de-los-enfermeros-de-ecuador\/"},"wordCount":728,"publisher":{"@id":"https:\/\/www.quebakan.com\/v15\/#organization"},"image":{"@id":"https:\/\/www.quebakan.com\/v15\/milagro-cuna-de-los-enfermeros-de-ecuador\/#primaryimage"},"thumbnailUrl":"https:\/\/www.quebakan.com\/v15\/wp-content\/uploads\/2025\/11\/IMG_8124.jpg","articleSection":["Noticias"],"inLanguage":"es"},{"@type":"WebPage","@id":"https:\/\/www.quebakan.com\/v15\/milagro-cuna-de-los-enfermeros-de-ecuador\/","url":"https:\/\/www.quebakan.com\/v15\/milagro-cuna-de-los-enfermeros-de-ecuador\/","name":"Milagro, cuna de los enfermeros de Ecuador &#8211; QUEBAKAN.COM 2026: Noticias, Eventos, Conciertos y mucho m\u00e1s....","isPartOf":{"@id":"https:\/\/www.quebakan.com\/v15\/#website"},"primaryImageOfPage":{"@id":"https:\/\/www.quebakan.com\/v15\/milagro-cuna-de-los-enfermeros-de-ecuador\/#primaryimage"},"image":{"@id":"https:\/\/www.quebakan.com\/v15\/milagro-cuna-de-los-enfermeros-de-ecuador\/#primaryimage"},"thumbnailUrl":"https:\/\/www.quebakan.com\/v15\/wp-content\/uploads\/2025\/11\/IMG_8124.jpg","datePublished":"2025-11-06T03:53:49+00:00","breadcrumb":{"@id":"https:\/\/www.quebakan.com\/v15\/milagro-cuna-de-los-enfermeros-de-ecuador\/#breadcrumb"},"inLanguage":"es","potentialAction":[{"@type":"ReadAction","target":["https:\/\/www.quebakan.com\/v15\/milagro-cuna-de-los-enfermeros-de-ecuador\/"]}]},{"@type":"ImageObject","inLanguage":"es","@id":"https:\/\/www.quebakan.com\/v15\/milagro-cuna-de-los-enfermeros-de-ecuador\/#primaryimage","url":"https:\/\/www.quebakan.com\/v15\/wp-content\/uploads\/2025\/11\/IMG_8124.jpg","contentUrl":"https:\/\/www.quebakan.com\/v15\/wp-content\/uploads\/2025\/11\/IMG_8124.jpg","width":700,"height":525},{"@type":"BreadcrumbList","@id":"https:\/\/www.quebakan.com\/v15\/milagro-cuna-de-los-enfermeros-de-ecuador\/#breadcrumb","itemListElement":[{"@type":"ListItem","position":1,"name":"Portada","item":"https:\/\/www.quebakan.com\/v15\/"},{"@type":"ListItem","position":2,"name":"Milagro, cuna de los enfermeros de Ecuador"}]},{"@type":"WebSite","@id":"https:\/\/www.quebakan.com\/v15\/#website","url":"https:\/\/www.quebakan.com\/v15\/","name":"QUEBAKAN","description":"..","publisher":{"@id":"https:\/\/www.quebakan.com\/v15\/#organization"},"potentialAction":[{"@type":"SearchAction","target":{"@type":"EntryPoint","urlTemplate":"https:\/\/www.quebakan.com\/v15\/?s={search_term_string}"},"query-input":{"@type":"PropertyValueSpecification","valueRequired":true,"valueName":"search_term_string"}}],"inLanguage":"es"},{"@type":"Organization","@id":"https:\/\/www.quebakan.com\/v15\/#organization","name":"Quebakan.com","url":"https:\/\/www.quebakan.com\/v15\/","logo":{"@type":"ImageObject","inLanguage":"es","@id":"https:\/\/www.quebakan.com\/v15\/#\/schema\/logo\/image\/","url":"https:\/\/www.quebakan.com\/v15\/wp-content\/uploads\/2023\/07\/logoquebakanenero2021.jpg","contentUrl":"https:\/\/www.quebakan.com\/v15\/wp-content\/uploads\/2023\/07\/logoquebakanenero2021.jpg","width":1920,"height":1080,"caption":"Quebakan.com"},"image":{"@id":"https:\/\/www.quebakan.com\/v15\/#\/schema\/logo\/image\/"},"sameAs":["http:\/\/www.facebook.com\/quebakan","https:\/\/x.com\/quebakanec","http:\/\/www.instagram.com\/quebakan","http:\/\/www.youtube.com\/quebakan1"]},{"@type":"Person","@id":"https:\/\/www.quebakan.com\/v15\/#\/schema\/person\/d90fa9f9cfa81eb8ace9811e5b7b9118","name":"Erick Villafuerte","image":{"@type":"ImageObject","inLanguage":"es","@id":"https:\/\/www.quebakan.com\/v15\/wp-content\/uploads\/avatars\/4\/1731297654-bpfull.png","url":"https:\/\/www.quebakan.com\/v15\/wp-content\/uploads\/avatars\/4\/1731297654-bpfull.png","contentUrl":"https:\/\/www.quebakan.com\/v15\/wp-content\/uploads\/avatars\/4\/1731297654-bpfull.png","caption":"Erick Villafuerte"}}]}},"_links":{"self":[{"href":"https:\/\/www.quebakan.com\/v15\/wp-json\/wp\/v2\/posts\/137039","targetHints":{"allow":["GET"]}}],"collection":[{"href":"https:\/\/www.quebakan.com\/v15\/wp-json\/wp\/v2\/posts"}],"about":[{"href":"https:\/\/www.quebakan.com\/v15\/wp-json\/wp\/v2\/types\/post"}],"author":[{"embeddable":true,"href":"https:\/\/www.quebakan.com\/v15\/wp-json\/wp\/v2\/users\/4"}],"replies":[{"embeddable":true,"href":"https:\/\/www.quebakan.com\/v15\/wp-json\/wp\/v2\/comments?post=137039"}],"version-history":[{"count":1,"href":"https:\/\/www.quebakan.com\/v15\/wp-json\/wp\/v2\/posts\/137039\/revisions"}],"predecessor-version":[{"id":137044,"href":"https:\/\/www.quebakan.com\/v15\/wp-json\/wp\/v2\/posts\/137039\/revisions\/137044"}],"wp:featuredmedia":[{"embeddable":true,"href":"https:\/\/www.quebakan.com\/v15\/wp-json\/wp\/v2\/media\/137043"}],"wp:attachment":[{"href":"https:\/\/www.quebakan.com\/v15\/wp-json\/wp\/v2\/media?parent=137039"}],"wp:term":[{"taxonomy":"category","embeddable":true,"href":"https:\/\/www.quebakan.com\/v15\/wp-json\/wp\/v2\/categories?post=137039"},{"taxonomy":"post_tag","embeddable":true,"href":"https:\/\/www.quebakan.com\/v15\/wp-json\/wp\/v2\/tags?post=137039"}],"curies":[{"name":"wp","href":"https:\/\/api.w.org\/{rel}","templated":true}]}}