{"id":137048,"date":"2025-11-06T16:08:27","date_gmt":"2025-11-06T21:08:27","guid":{"rendered":"https:\/\/www.quebakan.com\/v15\/?p=137048"},"modified":"2025-11-06T16:08:27","modified_gmt":"2025-11-06T21:08:27","slug":"nestle-purina-y-cruz-roja-de-quito-sellan-una-alianza-para-nutrir-a-los-heroes-de-cuatro-patas","status":"publish","type":"post","link":"https:\/\/www.quebakan.com\/v15\/nestle-purina-y-cruz-roja-de-quito-sellan-una-alianza-para-nutrir-a-los-heroes-de-cuatro-patas\/","title":{"rendered":"Nestl\u00e9 Purina y Cruz Roja de Quito sellan una alianza para nutrir a los h\u00e9roes de cuatro patas"},"content":{"rendered":"<p><img fetchpriority=\"high\" decoding=\"async\" class=\"aligncenter size-full wp-image-137049\" src=\"https:\/\/www.quebakan.com\/v15\/wp-content\/uploads\/2025\/11\/26.jpg\" alt=\"\" width=\"700\" height=\"466\" \/><\/p>\n<p style=\"text-align: justify;\"><span style=\"color: #000000;\"><strong><em>Pie de Foto. De izquierda a derecha. <\/em><\/strong><em>Jorge V\u00e1squez, Director Administrativo Financiero Cruz Roja Pichincha, Mar\u00eda Dolores Ponce, Presidenta Cruz Roja Pichincha, Sophia Chiriboga, Gerente Marketing Nestl\u00e9 Purina Ecuador, Juan Jos\u00e9 Iglesia, Director del Negocio de Purina Per\u00fa, Ecuador y Bolivia y Voluntarios Cruz Roja Pichincha<\/em><\/span><\/p>\n<ul style=\"text-align: justify;\">\n<li><span style=\"color: #000000;\"><em>La alianza busca fortalecer el bienestar de los perros de servicio que apoyan en rescates y labores sociales en Quito.<\/em><\/span><\/li>\n<\/ul>\n<p style=\"text-align: justify;\"><span style=\"color: #000000;\"><strong>Quito, noviembre de 2025.- <\/strong>Purina, marca l\u00edder en nutrici\u00f3n animal y comprometida con el cuidado y el bienestar junto a la Cruz Roja de Quito<strong>,<\/strong> suscribi\u00f3 un convenio que busca precautelar la salud e integridad de los tres perros de la Unidad Canina. Estos animales, especializados en b\u00fasqueda, rescate y terapia social, contar\u00e1n con la nutrici\u00f3n necesaria para mantener un estado \u00f3ptimo de salud y desempe\u00f1o.<\/span><\/p>\n<p style=\"text-align: justify;\"><span style=\"color: #000000;\">La alianza, que une al sector privado con una organizaci\u00f3n humanitaria, busca no solo cubrir la nutrici\u00f3n balanceada de los canes, sino tambi\u00e9n reconocer su impacto positivo en la sociedad. Estos animales cumplen funciones clave en situaciones de emergencia y acompa\u00f1amiento social, convirti\u00e9ndose en un soporte vital para las personas, la comunidad y ante situaciones vulnerables.<\/span><\/p>\n<p style=\"text-align: justify;\"><span style=\"color: #000000;\">Este acuerdo forma parte de nuestra estrategia de responsabilidad social, que busca generar un impacto positivo en la comunidad, promoviendo el cuidado animal desde la nutrici\u00f3n adecuada. <em>\u201cNos llena de orgullo apoyar a los perros de servicio de la Cruz Roja, quienes con su valent\u00eda y entrega contribuyen a salvar vidas y brindar apoyo emocional a quienes m\u00e1s lo necesitan\u201d,<\/em> destac\u00f3 Juan Jos\u00e9 Iglesias, Director del Negocio de Purina Ecuador, Per\u00fa y Bolivia.<\/span><\/p>\n<p style=\"text-align: justify;\"><span style=\"color: #000000;\">El convenio contempla, adem\u00e1s del suministro de alimento balanceado, una serie de beneficios para fortalecer la operaci\u00f3n de la Cruz Roja y visibilizar la importancia de los perros de servicio:<\/span><\/p>\n<ul style=\"text-align: justify;\">\n<li><span style=\"color: #000000;\">Reducci\u00f3n de costos y preocupaciones log\u00edsticas para la instituci\u00f3n, contribuyendo a su operaci\u00f3n diaria.<\/span><\/li>\n<li><span style=\"color: #000000;\">Actividades educativas online y presenciales para sensibilizar a la ciudadan\u00eda sobre la tenencia responsable de mascotas.<\/span><\/li>\n<li><span style=\"color: #000000;\">Visibilidad conjunta de las acciones de ambas organizaciones en favor del bienestar animal.<\/span><\/li>\n<li><span style=\"color: #000000;\">Promoci\u00f3n del rol de los perros de servicio en labores humanitarias, de rescate y acompa\u00f1amiento social.<\/span><\/li>\n<\/ul>\n<p style=\"text-align: justify;\"><span style=\"color: #000000;\">De esta manera, Nestl\u00e9 Purina Ecuador reafirma su compromiso social al respaldar tanto el bienestar de los canes como las labores humanitarias que realizan en beneficio de la comunidad.<\/span><\/p>\n","protected":false},"excerpt":{"rendered":"<p>Pie de Foto. De izquierda a derecha. Jorge V\u00e1squez, Director Administrativo Financiero Cruz Roja Pichincha, Mar\u00eda Dolores Ponce, Presidenta Cruz Roja Pichincha, Sophia Chiriboga, Gerente Marketing Nestl\u00e9 Purina Ecuador, Juan Jos\u00e9 Iglesia, Director del Negocio de Purina Per\u00fa, Ecuador y Bolivia y Voluntarios Cruz Roja Pichincha La alianza busca fortalecer el bienestar de los perros [&hellip;]<\/p>\n","protected":false},"author":4,"featured_media":137049,"comment_status":"closed","ping_status":"closed","sticky":false,"template":"","format":"standard","meta":{"_bbp_topic_count":0,"_bbp_reply_count":0,"_bbp_total_topic_count":0,"_bbp_total_reply_count":0,"_bbp_voice_count":0,"_bbp_anonymous_reply_count":0,"_bbp_topic_count_hidden":0,"_bbp_reply_count_hidden":0,"_bbp_forum_subforum_count":0,"buzzeditor_post_format":"","footnotes":""},"categories":[2],"tags":[],"class_list":["post-137048","post","type-post","status-publish","format-standard","has-post-thumbnail","hentry","category-noticias"],"yoast_head":"<!-- This site is optimized with the Yoast SEO plugin v27.5 - https:\/\/yoast.com\/product\/yoast-seo-wordpress\/ -->\n<title>Nestl\u00e9 Purina y Cruz Roja de Quito sellan una alianza para nutrir a los h\u00e9roes de cuatro patas &#8211; QUEBAKAN.COM 2026: Noticias, Eventos, Conciertos y mucho m\u00e1s....<\/title>\n<meta name=\"robots\" content=\"index, follow, max-snippet:-1, max-image-preview:large, max-video-preview:-1\" \/>\n<link rel=\"canonical\" href=\"https:\/\/www.quebakan.com\/v15\/nestle-purina-y-cruz-roja-de-quito-sellan-una-alianza-para-nutrir-a-los-heroes-de-cuatro-patas\/\" \/>\n<meta property=\"og:locale\" content=\"es_ES\" \/>\n<meta property=\"og:type\" content=\"article\" \/>\n<meta property=\"og:title\" content=\"Nestl\u00e9 Purina y Cruz Roja de Quito sellan una alianza para nutrir a los h\u00e9roes de cuatro patas &#8211; QUEBAKAN.COM 2026: Noticias, Eventos, Conciertos y mucho m\u00e1s....\" \/>\n<meta property=\"og:description\" content=\"Pie de Foto. De izquierda a derecha. Jorge V\u00e1squez, Director Administrativo Financiero Cruz Roja Pichincha, Mar\u00eda Dolores Ponce, Presidenta Cruz Roja Pichincha, Sophia Chiriboga, Gerente Marketing Nestl\u00e9 Purina Ecuador, Juan Jos\u00e9 Iglesia, Director del Negocio de Purina Per\u00fa, Ecuador y Bolivia y Voluntarios Cruz Roja Pichincha La alianza busca fortalecer el bienestar de los perros [&hellip;]\" \/>\n<meta property=\"og:url\" content=\"https:\/\/www.quebakan.com\/v15\/nestle-purina-y-cruz-roja-de-quito-sellan-una-alianza-para-nutrir-a-los-heroes-de-cuatro-patas\/\" \/>\n<meta property=\"og:site_name\" content=\"QUEBAKAN.COM 2026: Noticias, Eventos, Conciertos y mucho m\u00e1s....\" \/>\n<meta property=\"article:publisher\" content=\"http:\/\/www.facebook.com\/quebakan\" \/>\n<meta property=\"article:published_time\" content=\"2025-11-06T21:08:27+00:00\" \/>\n<meta property=\"og:image\" content=\"https:\/\/www.quebakan.com\/v15\/wp-content\/uploads\/2025\/11\/26.jpg\" \/>\n\t<meta property=\"og:image:width\" content=\"700\" \/>\n\t<meta property=\"og:image:height\" content=\"466\" \/>\n\t<meta property=\"og:image:type\" content=\"image\/jpeg\" \/>\n<meta name=\"author\" content=\"Erick Villafuerte\" \/>\n<meta name=\"twitter:card\" content=\"summary_large_image\" \/>\n<meta name=\"twitter:creator\" content=\"@quebakanec\" \/>\n<meta name=\"twitter:site\" content=\"@quebakanec\" \/>\n<meta name=\"twitter:label1\" content=\"Escrito por\" \/>\n\t<meta name=\"twitter:data1\" content=\"Erick Villafuerte\" \/>\n\t<meta name=\"twitter:label2\" content=\"Tiempo de lectura\" \/>\n\t<meta name=\"twitter:data2\" content=\"3 minutos\" \/>\n<script type=\"application\/ld+json\" class=\"yoast-schema-graph\">{\"@context\":\"https:\\\/\\\/schema.org\",\"@graph\":[{\"@type\":\"Article\",\"@id\":\"https:\\\/\\\/www.quebakan.com\\\/v15\\\/nestle-purina-y-cruz-roja-de-quito-sellan-una-alianza-para-nutrir-a-los-heroes-de-cuatro-patas\\\/#article\",\"isPartOf\":{\"@id\":\"https:\\\/\\\/www.quebakan.com\\\/v15\\\/nestle-purina-y-cruz-roja-de-quito-sellan-una-alianza-para-nutrir-a-los-heroes-de-cuatro-patas\\\/\"},\"author\":{\"name\":\"Erick Villafuerte\",\"@id\":\"https:\\\/\\\/www.quebakan.com\\\/v15\\\/#\\\/schema\\\/person\\\/d90fa9f9cfa81eb8ace9811e5b7b9118\"},\"headline\":\"Nestl\u00e9 Purina y Cruz Roja de Quito sellan una alianza para nutrir a los h\u00e9roes de cuatro patas\",\"datePublished\":\"2025-11-06T21:08:27+00:00\",\"mainEntityOfPage\":{\"@id\":\"https:\\\/\\\/www.quebakan.com\\\/v15\\\/nestle-purina-y-cruz-roja-de-quito-sellan-una-alianza-para-nutrir-a-los-heroes-de-cuatro-patas\\\/\"},\"wordCount\":423,\"publisher\":{\"@id\":\"https:\\\/\\\/www.quebakan.com\\\/v15\\\/#organization\"},\"image\":{\"@id\":\"https:\\\/\\\/www.quebakan.com\\\/v15\\\/nestle-purina-y-cruz-roja-de-quito-sellan-una-alianza-para-nutrir-a-los-heroes-de-cuatro-patas\\\/#primaryimage\"},\"thumbnailUrl\":\"https:\\\/\\\/www.quebakan.com\\\/v15\\\/wp-content\\\/uploads\\\/2025\\\/11\\\/26.jpg\",\"articleSection\":[\"Noticias\"],\"inLanguage\":\"es\"},{\"@type\":\"WebPage\",\"@id\":\"https:\\\/\\\/www.quebakan.com\\\/v15\\\/nestle-purina-y-cruz-roja-de-quito-sellan-una-alianza-para-nutrir-a-los-heroes-de-cuatro-patas\\\/\",\"url\":\"https:\\\/\\\/www.quebakan.com\\\/v15\\\/nestle-purina-y-cruz-roja-de-quito-sellan-una-alianza-para-nutrir-a-los-heroes-de-cuatro-patas\\\/\",\"name\":\"Nestl\u00e9 Purina y Cruz Roja de Quito sellan una alianza para nutrir a los h\u00e9roes de cuatro patas &#8211; QUEBAKAN.COM 2026: Noticias, Eventos, Conciertos y mucho m\u00e1s....\",\"isPartOf\":{\"@id\":\"https:\\\/\\\/www.quebakan.com\\\/v15\\\/#website\"},\"primaryImageOfPage\":{\"@id\":\"https:\\\/\\\/www.quebakan.com\\\/v15\\\/nestle-purina-y-cruz-roja-de-quito-sellan-una-alianza-para-nutrir-a-los-heroes-de-cuatro-patas\\\/#primaryimage\"},\"image\":{\"@id\":\"https:\\\/\\\/www.quebakan.com\\\/v15\\\/nestle-purina-y-cruz-roja-de-quito-sellan-una-alianza-para-nutrir-a-los-heroes-de-cuatro-patas\\\/#primaryimage\"},\"thumbnailUrl\":\"https:\\\/\\\/www.quebakan.com\\\/v15\\\/wp-content\\\/uploads\\\/2025\\\/11\\\/26.jpg\",\"datePublished\":\"2025-11-06T21:08:27+00:00\",\"breadcrumb\":{\"@id\":\"https:\\\/\\\/www.quebakan.com\\\/v15\\\/nestle-purina-y-cruz-roja-de-quito-sellan-una-alianza-para-nutrir-a-los-heroes-de-cuatro-patas\\\/#breadcrumb\"},\"inLanguage\":\"es\",\"potentialAction\":[{\"@type\":\"ReadAction\",\"target\":[\"https:\\\/\\\/www.quebakan.com\\\/v15\\\/nestle-purina-y-cruz-roja-de-quito-sellan-una-alianza-para-nutrir-a-los-heroes-de-cuatro-patas\\\/\"]}]},{\"@type\":\"ImageObject\",\"inLanguage\":\"es\",\"@id\":\"https:\\\/\\\/www.quebakan.com\\\/v15\\\/nestle-purina-y-cruz-roja-de-quito-sellan-una-alianza-para-nutrir-a-los-heroes-de-cuatro-patas\\\/#primaryimage\",\"url\":\"https:\\\/\\\/www.quebakan.com\\\/v15\\\/wp-content\\\/uploads\\\/2025\\\/11\\\/26.jpg\",\"contentUrl\":\"https:\\\/\\\/www.quebakan.com\\\/v15\\\/wp-content\\\/uploads\\\/2025\\\/11\\\/26.jpg\",\"width\":700,\"height\":466},{\"@type\":\"BreadcrumbList\",\"@id\":\"https:\\\/\\\/www.quebakan.com\\\/v15\\\/nestle-purina-y-cruz-roja-de-quito-sellan-una-alianza-para-nutrir-a-los-heroes-de-cuatro-patas\\\/#breadcrumb\",\"itemListElement\":[{\"@type\":\"ListItem\",\"position\":1,\"name\":\"Portada\",\"item\":\"https:\\\/\\\/www.quebakan.com\\\/v15\\\/\"},{\"@type\":\"ListItem\",\"position\":2,\"name\":\"Nestl\u00e9 Purina y Cruz Roja de Quito sellan una alianza para nutrir a los h\u00e9roes de cuatro patas\"}]},{\"@type\":\"WebSite\",\"@id\":\"https:\\\/\\\/www.quebakan.com\\\/v15\\\/#website\",\"url\":\"https:\\\/\\\/www.quebakan.com\\\/v15\\\/\",\"name\":\"QUEBAKAN\",\"description\":\"..\",\"publisher\":{\"@id\":\"https:\\\/\\\/www.quebakan.com\\\/v15\\\/#organization\"},\"potentialAction\":[{\"@type\":\"SearchAction\",\"target\":{\"@type\":\"EntryPoint\",\"urlTemplate\":\"https:\\\/\\\/www.quebakan.com\\\/v15\\\/?s={search_term_string}\"},\"query-input\":{\"@type\":\"PropertyValueSpecification\",\"valueRequired\":true,\"valueName\":\"search_term_string\"}}],\"inLanguage\":\"es\"},{\"@type\":\"Organization\",\"@id\":\"https:\\\/\\\/www.quebakan.com\\\/v15\\\/#organization\",\"name\":\"Quebakan.com\",\"url\":\"https:\\\/\\\/www.quebakan.com\\\/v15\\\/\",\"logo\":{\"@type\":\"ImageObject\",\"inLanguage\":\"es\",\"@id\":\"https:\\\/\\\/www.quebakan.com\\\/v15\\\/#\\\/schema\\\/logo\\\/image\\\/\",\"url\":\"https:\\\/\\\/www.quebakan.com\\\/v15\\\/wp-content\\\/uploads\\\/2023\\\/07\\\/logoquebakanenero2021.jpg\",\"contentUrl\":\"https:\\\/\\\/www.quebakan.com\\\/v15\\\/wp-content\\\/uploads\\\/2023\\\/07\\\/logoquebakanenero2021.jpg\",\"width\":1920,\"height\":1080,\"caption\":\"Quebakan.com\"},\"image\":{\"@id\":\"https:\\\/\\\/www.quebakan.com\\\/v15\\\/#\\\/schema\\\/logo\\\/image\\\/\"},\"sameAs\":[\"http:\\\/\\\/www.facebook.com\\\/quebakan\",\"https:\\\/\\\/x.com\\\/quebakanec\",\"http:\\\/\\\/www.instagram.com\\\/quebakan\",\"http:\\\/\\\/www.youtube.com\\\/quebakan1\"]},{\"@type\":\"Person\",\"@id\":\"https:\\\/\\\/www.quebakan.com\\\/v15\\\/#\\\/schema\\\/person\\\/d90fa9f9cfa81eb8ace9811e5b7b9118\",\"name\":\"Erick Villafuerte\",\"image\":{\"@type\":\"ImageObject\",\"inLanguage\":\"es\",\"@id\":\"https:\\\/\\\/www.quebakan.com\\\/v15\\\/wp-content\\\/uploads\\\/avatars\\\/4\\\/1731297654-bpfull.png\",\"url\":\"https:\\\/\\\/www.quebakan.com\\\/v15\\\/wp-content\\\/uploads\\\/avatars\\\/4\\\/1731297654-bpfull.png\",\"contentUrl\":\"https:\\\/\\\/www.quebakan.com\\\/v15\\\/wp-content\\\/uploads\\\/avatars\\\/4\\\/1731297654-bpfull.png\",\"caption\":\"Erick Villafuerte\"}}]}<\/script>\n<!-- \/ Yoast SEO plugin. -->","yoast_head_json":{"title":"Nestl\u00e9 Purina y Cruz Roja de Quito sellan una alianza para nutrir a los h\u00e9roes de cuatro patas &#8211; QUEBAKAN.COM 2026: Noticias, Eventos, Conciertos y mucho m\u00e1s....","robots":{"index":"index","follow":"follow","max-snippet":"max-snippet:-1","max-image-preview":"max-image-preview:large","max-video-preview":"max-video-preview:-1"},"canonical":"https:\/\/www.quebakan.com\/v15\/nestle-purina-y-cruz-roja-de-quito-sellan-una-alianza-para-nutrir-a-los-heroes-de-cuatro-patas\/","og_locale":"es_ES","og_type":"article","og_title":"Nestl\u00e9 Purina y Cruz Roja de Quito sellan una alianza para nutrir a los h\u00e9roes de cuatro patas &#8211; QUEBAKAN.COM 2026: Noticias, Eventos, Conciertos y mucho m\u00e1s....","og_description":"Pie de Foto. De izquierda a derecha. Jorge V\u00e1squez, Director Administrativo Financiero Cruz Roja Pichincha, Mar\u00eda Dolores Ponce, Presidenta Cruz Roja Pichincha, Sophia Chiriboga, Gerente Marketing Nestl\u00e9 Purina Ecuador, Juan Jos\u00e9 Iglesia, Director del Negocio de Purina Per\u00fa, Ecuador y Bolivia y Voluntarios Cruz Roja Pichincha La alianza busca fortalecer el bienestar de los perros [&hellip;]","og_url":"https:\/\/www.quebakan.com\/v15\/nestle-purina-y-cruz-roja-de-quito-sellan-una-alianza-para-nutrir-a-los-heroes-de-cuatro-patas\/","og_site_name":"QUEBAKAN.COM 2026: Noticias, Eventos, Conciertos y mucho m\u00e1s....","article_publisher":"http:\/\/www.facebook.com\/quebakan","article_published_time":"2025-11-06T21:08:27+00:00","og_image":[{"width":700,"height":466,"url":"https:\/\/www.quebakan.com\/v15\/wp-content\/uploads\/2025\/11\/26.jpg","type":"image\/jpeg"}],"author":"Erick Villafuerte","twitter_card":"summary_large_image","twitter_creator":"@quebakanec","twitter_site":"@quebakanec","twitter_misc":{"Escrito por":"Erick Villafuerte","Tiempo de lectura":"3 minutos"},"schema":{"@context":"https:\/\/schema.org","@graph":[{"@type":"Article","@id":"https:\/\/www.quebakan.com\/v15\/nestle-purina-y-cruz-roja-de-quito-sellan-una-alianza-para-nutrir-a-los-heroes-de-cuatro-patas\/#article","isPartOf":{"@id":"https:\/\/www.quebakan.com\/v15\/nestle-purina-y-cruz-roja-de-quito-sellan-una-alianza-para-nutrir-a-los-heroes-de-cuatro-patas\/"},"author":{"name":"Erick Villafuerte","@id":"https:\/\/www.quebakan.com\/v15\/#\/schema\/person\/d90fa9f9cfa81eb8ace9811e5b7b9118"},"headline":"Nestl\u00e9 Purina y Cruz Roja de Quito sellan una alianza para nutrir a los h\u00e9roes de cuatro patas","datePublished":"2025-11-06T21:08:27+00:00","mainEntityOfPage":{"@id":"https:\/\/www.quebakan.com\/v15\/nestle-purina-y-cruz-roja-de-quito-sellan-una-alianza-para-nutrir-a-los-heroes-de-cuatro-patas\/"},"wordCount":423,"publisher":{"@id":"https:\/\/www.quebakan.com\/v15\/#organization"},"image":{"@id":"https:\/\/www.quebakan.com\/v15\/nestle-purina-y-cruz-roja-de-quito-sellan-una-alianza-para-nutrir-a-los-heroes-de-cuatro-patas\/#primaryimage"},"thumbnailUrl":"https:\/\/www.quebakan.com\/v15\/wp-content\/uploads\/2025\/11\/26.jpg","articleSection":["Noticias"],"inLanguage":"es"},{"@type":"WebPage","@id":"https:\/\/www.quebakan.com\/v15\/nestle-purina-y-cruz-roja-de-quito-sellan-una-alianza-para-nutrir-a-los-heroes-de-cuatro-patas\/","url":"https:\/\/www.quebakan.com\/v15\/nestle-purina-y-cruz-roja-de-quito-sellan-una-alianza-para-nutrir-a-los-heroes-de-cuatro-patas\/","name":"Nestl\u00e9 Purina y Cruz Roja de Quito sellan una alianza para nutrir a los h\u00e9roes de cuatro patas &#8211; QUEBAKAN.COM 2026: Noticias, Eventos, Conciertos y mucho m\u00e1s....","isPartOf":{"@id":"https:\/\/www.quebakan.com\/v15\/#website"},"primaryImageOfPage":{"@id":"https:\/\/www.quebakan.com\/v15\/nestle-purina-y-cruz-roja-de-quito-sellan-una-alianza-para-nutrir-a-los-heroes-de-cuatro-patas\/#primaryimage"},"image":{"@id":"https:\/\/www.quebakan.com\/v15\/nestle-purina-y-cruz-roja-de-quito-sellan-una-alianza-para-nutrir-a-los-heroes-de-cuatro-patas\/#primaryimage"},"thumbnailUrl":"https:\/\/www.quebakan.com\/v15\/wp-content\/uploads\/2025\/11\/26.jpg","datePublished":"2025-11-06T21:08:27+00:00","breadcrumb":{"@id":"https:\/\/www.quebakan.com\/v15\/nestle-purina-y-cruz-roja-de-quito-sellan-una-alianza-para-nutrir-a-los-heroes-de-cuatro-patas\/#breadcrumb"},"inLanguage":"es","potentialAction":[{"@type":"ReadAction","target":["https:\/\/www.quebakan.com\/v15\/nestle-purina-y-cruz-roja-de-quito-sellan-una-alianza-para-nutrir-a-los-heroes-de-cuatro-patas\/"]}]},{"@type":"ImageObject","inLanguage":"es","@id":"https:\/\/www.quebakan.com\/v15\/nestle-purina-y-cruz-roja-de-quito-sellan-una-alianza-para-nutrir-a-los-heroes-de-cuatro-patas\/#primaryimage","url":"https:\/\/www.quebakan.com\/v15\/wp-content\/uploads\/2025\/11\/26.jpg","contentUrl":"https:\/\/www.quebakan.com\/v15\/wp-content\/uploads\/2025\/11\/26.jpg","width":700,"height":466},{"@type":"BreadcrumbList","@id":"https:\/\/www.quebakan.com\/v15\/nestle-purina-y-cruz-roja-de-quito-sellan-una-alianza-para-nutrir-a-los-heroes-de-cuatro-patas\/#breadcrumb","itemListElement":[{"@type":"ListItem","position":1,"name":"Portada","item":"https:\/\/www.quebakan.com\/v15\/"},{"@type":"ListItem","position":2,"name":"Nestl\u00e9 Purina y Cruz Roja de Quito sellan una alianza para nutrir a los h\u00e9roes de cuatro patas"}]},{"@type":"WebSite","@id":"https:\/\/www.quebakan.com\/v15\/#website","url":"https:\/\/www.quebakan.com\/v15\/","name":"QUEBAKAN","description":"..","publisher":{"@id":"https:\/\/www.quebakan.com\/v15\/#organization"},"potentialAction":[{"@type":"SearchAction","target":{"@type":"EntryPoint","urlTemplate":"https:\/\/www.quebakan.com\/v15\/?s={search_term_string}"},"query-input":{"@type":"PropertyValueSpecification","valueRequired":true,"valueName":"search_term_string"}}],"inLanguage":"es"},{"@type":"Organization","@id":"https:\/\/www.quebakan.com\/v15\/#organization","name":"Quebakan.com","url":"https:\/\/www.quebakan.com\/v15\/","logo":{"@type":"ImageObject","inLanguage":"es","@id":"https:\/\/www.quebakan.com\/v15\/#\/schema\/logo\/image\/","url":"https:\/\/www.quebakan.com\/v15\/wp-content\/uploads\/2023\/07\/logoquebakanenero2021.jpg","contentUrl":"https:\/\/www.quebakan.com\/v15\/wp-content\/uploads\/2023\/07\/logoquebakanenero2021.jpg","width":1920,"height":1080,"caption":"Quebakan.com"},"image":{"@id":"https:\/\/www.quebakan.com\/v15\/#\/schema\/logo\/image\/"},"sameAs":["http:\/\/www.facebook.com\/quebakan","https:\/\/x.com\/quebakanec","http:\/\/www.instagram.com\/quebakan","http:\/\/www.youtube.com\/quebakan1"]},{"@type":"Person","@id":"https:\/\/www.quebakan.com\/v15\/#\/schema\/person\/d90fa9f9cfa81eb8ace9811e5b7b9118","name":"Erick Villafuerte","image":{"@type":"ImageObject","inLanguage":"es","@id":"https:\/\/www.quebakan.com\/v15\/wp-content\/uploads\/avatars\/4\/1731297654-bpfull.png","url":"https:\/\/www.quebakan.com\/v15\/wp-content\/uploads\/avatars\/4\/1731297654-bpfull.png","contentUrl":"https:\/\/www.quebakan.com\/v15\/wp-content\/uploads\/avatars\/4\/1731297654-bpfull.png","caption":"Erick Villafuerte"}}]}},"_links":{"self":[{"href":"https:\/\/www.quebakan.com\/v15\/wp-json\/wp\/v2\/posts\/137048","targetHints":{"allow":["GET"]}}],"collection":[{"href":"https:\/\/www.quebakan.com\/v15\/wp-json\/wp\/v2\/posts"}],"about":[{"href":"https:\/\/www.quebakan.com\/v15\/wp-json\/wp\/v2\/types\/post"}],"author":[{"embeddable":true,"href":"https:\/\/www.quebakan.com\/v15\/wp-json\/wp\/v2\/users\/4"}],"replies":[{"embeddable":true,"href":"https:\/\/www.quebakan.com\/v15\/wp-json\/wp\/v2\/comments?post=137048"}],"version-history":[{"count":1,"href":"https:\/\/www.quebakan.com\/v15\/wp-json\/wp\/v2\/posts\/137048\/revisions"}],"predecessor-version":[{"id":137050,"href":"https:\/\/www.quebakan.com\/v15\/wp-json\/wp\/v2\/posts\/137048\/revisions\/137050"}],"wp:featuredmedia":[{"embeddable":true,"href":"https:\/\/www.quebakan.com\/v15\/wp-json\/wp\/v2\/media\/137049"}],"wp:attachment":[{"href":"https:\/\/www.quebakan.com\/v15\/wp-json\/wp\/v2\/media?parent=137048"}],"wp:term":[{"taxonomy":"category","embeddable":true,"href":"https:\/\/www.quebakan.com\/v15\/wp-json\/wp\/v2\/categories?post=137048"},{"taxonomy":"post_tag","embeddable":true,"href":"https:\/\/www.quebakan.com\/v15\/wp-json\/wp\/v2\/tags?post=137048"}],"curies":[{"name":"wp","href":"https:\/\/api.w.org\/{rel}","templated":true}]}}