{"id":137052,"date":"2025-11-06T18:36:29","date_gmt":"2025-11-06T23:36:29","guid":{"rendered":"https:\/\/www.quebakan.com\/v15\/?p=137052"},"modified":"2025-11-10T19:54:09","modified_gmt":"2025-11-11T00:54:09","slug":"dia-mundial-de-la-diabetes-ecuador-la-prevalencia-de-diabetes-es-del-5-53","status":"publish","type":"post","link":"https:\/\/www.quebakan.com\/v15\/dia-mundial-de-la-diabetes-ecuador-la-prevalencia-de-diabetes-es-del-5-53\/","title":{"rendered":"D\u00eda mundial de la Diabetes: Ecuador la prevalencia de diabetes es del 5.53%"},"content":{"rendered":"<p><img fetchpriority=\"high\" decoding=\"async\" class=\"aligncenter size-full wp-image-137191\" src=\"https:\/\/www.quebakan.com\/v15\/wp-content\/uploads\/2025\/11\/diabetes-1.jpg\" alt=\"\" width=\"700\" height=\"486\" \/><\/p>\n<p style=\"text-align: justify;\"><span style=\"color: #000000;\"><strong>Nuevos abordajes para la diabetes tipo 2 impulsan un enfoque temprano e integral para cambiar el curso de la enfermedad<\/strong><\/span><\/p>\n<ul style=\"text-align: justify;\">\n<li><span style=\"color: #000000;\">Las nuevas gu\u00edas globales sobre diabetes tipo 2 presentadas por la Federaci\u00f3n Internacional de la Diabetes (IDF) promueven el tratamiento integral y personalizado, atendiendo a las diferentes realidades de pacientes y sistemas de salud.<\/span><\/li>\n<li><span style=\"color: #000000;\">35 millones de adultos viven con diabetes en Am\u00e9rica Latina y el Caribe, y se proyecta que la cifra aumentar\u00e1 a 52 millones para el a\u00f1o 2050, con 30,4% de casos no diagnosticados y gasto sanitario de USD 81.000 millones, seg\u00fan recoge el \u00faltimo el Atlas de la Diabetes<em>.<a style=\"color: #000000;\" href=\"#_ftn1\" name=\"_ftnref1\"><sup><strong>[1]<\/strong><\/sup><\/a><\/em><\/span><\/li>\n<\/ul>\n<p style=\"text-align: justify;\"><span style=\"color: #000000;\">Quito, 28 de octubre de 2025 \u2013 Cada 14 de noviembre se celebra el <strong>D\u00eda Mundial de la Diabetes<\/strong>, impulsado por la Federaci\u00f3n Internacional de la Diabetes y la OMS. La efem\u00e9ride busca educar y generar conciencia sobre una condici\u00f3n que afecta a m\u00e1s de 580 millones de personas en el mundo y 35 millones en Am\u00e9rica Latina y el Caribe<a style=\"color: #000000;\" href=\"#_ftn2\" name=\"_ftnref2\"><sup>[2]<\/sup><\/a>. Este a\u00f1o, el llamado pone el foco en el bienestar de quienes viven con diabetes y en la importancia de construir entornos laborales inclusivos, solidarios y libres de estigma.<a style=\"color: #000000;\" href=\"#_ftn3\" name=\"_ftnref3\"><sup>[3]<\/sup><\/a><\/span><\/p>\n<p style=\"text-align: justify;\"><span style=\"color: #000000;\">Seg\u00fan datos del Ministerio de Salud, en Ecuador la prevalencia de diabetes es del 5.53%, esto significa que aproximadamente 1 de cada 18 personas tiene diabetes. La predominancia de la diabetes tipo 2 en la poblaci\u00f3n y la necesidad de mejorar la educaci\u00f3n y el diagn\u00f3stico de los tipos de diabetes. Asimismo, exponen que la diabetes tipo 1 es m\u00e1s frecuente en los grupos de edad m\u00e1s j\u00f3venes.<\/span><\/p>\n<p style=\"text-align: justify;\"><span style=\"color: #000000;\">Portoviejo es la ciudad encuestada con mayor prevalencia de diabetes, con una tasa de 7,4 por cada 100 habitantes, es decir, que por cada 13 personas hay 1 con diabetes. Entre los factores asociados de la diabetes, constan: la edad avanzada, la hipertensi\u00f3n arterial, antecedentes familiares de diabetes, el estado nutricional particularmente el exceso de peso. <sup>1<\/sup><\/span><\/p>\n<p style=\"text-align: justify;\"><span style=\"color: #000000;\">Este \u00e9nfasis en el bienestar coincide con los avances logrados en los \u00faltimos a\u00f1os en el manejo de la diabetes. El abordaje de la enfermedad ha evolucionado desde una visi\u00f3n centrada en el control de la glucosa hacia un enfoque metab\u00f3lico integral, que busca impactar positivamente en el peso, la salud cardiovascular y la funci\u00f3n renal de los pacientes, mejorando su expectativa y calidad de vida.<a style=\"color: #000000;\" href=\"#_ftn4\" name=\"_ftnref4\"><sup>[4]<\/sup><\/a><\/span><\/p>\n<p style=\"text-align: justify;\"><span style=\"color: #000000;\">\u201cEn Adium creemos que transformar la salud metab\u00f3lica en Latinoam\u00e9rica comienza por transformar la conversaci\u00f3n sobre estas patolog\u00edas. Frente a la creciente prevalencia de la obesidad y diabetes tipo 2, condiciones frecuentemente relacionadas, mal comprendidas y estigmatizadas, asumimos el desaf\u00edo de impulsar las conversaciones entre m\u00e9dicos y pacientes con base en la evidencia m\u00e1s reciente. Son estas decisiones, que parecen peque\u00f1as, las que generan grandes resultados para el bienestar de los pacientes, quienes necesitan soluciones personalizadas y oportunas\u201d, destac\u00f3 Carolina Villarroel, Directora M\u00e9dica de Adium Ecuador.<\/span><\/p>\n<p style=\"text-align: justify;\"><span style=\"color: #000000;\">Este cambio de paradigma es uno de los aspectos m\u00e1s destacados, presentados en las nuevas gu\u00edas cl\u00ednicas Globales sobre diabetes, desarrolladas por <strong>la Federaci\u00f3n Internacional de la Diabetes (IDF) <\/strong>este 2025, las que proponen tratar antes, de manera integral y personalizada, para modificar el curso de la enfermedad. Seg\u00fan el documento, un abordaje precoz \u2014que combine cambios en el estilo de vida, control metab\u00f3lico intensivo y acompa\u00f1amiento continuo\u2014 puede prevenir complicaciones cardiovasculares, renales y neurol\u00f3gicas, e incluso alcanzar la remisi\u00f3n en etapas iniciales. <a style=\"color: #000000;\" href=\"#_ftn5\" name=\"_ftnref5\"><sup>[5]<\/sup><\/a><\/span><\/p>\n<p style=\"text-align: justify;\"><span style=\"color: #000000;\">El informe tambi\u00e9n subraya el papel de las nuevas terapias metab\u00f3licas \u2014como los agonistas del receptor GLP-1 y las terapias duales GLP-1\/GIP\u2014 que han transformado el tratamiento de la diabetes tipo 2. Estas alternativas innovadoras act\u00faan m\u00e1s all\u00e1 del control de la glucosa, favoreciendo la p\u00e9rdida de peso, la protecci\u00f3n card\u00edaca y renal, y una mejor calidad de vida. Con este cambio de paradigma, la atenci\u00f3n de la diabetes avanza hacia un modelo m\u00e1s integral y personalizado, centrado en el bienestar de las personas.<a style=\"color: #000000;\" href=\"#_ftn6\" name=\"_ftnref6\">[6]<\/a><\/span><\/p>\n<p style=\"text-align: justify;\"><span style=\"color: #000000;\">Las nuevas gu\u00edas cl\u00ednicas para el manejo de la Diabetes Tipo 2 entregan recomendaciones que equilibran la evidencia m\u00e1s reciente con la realidad de los sistemas de salud en el mundo, reconociendo que, en muchos pa\u00edses de ingresos bajos y medianos, el acceso a una atenci\u00f3n integral sigue siendo limitado por la falta de personal especializado, pruebas diagn\u00f3sticas y medicamentos asequibles. Por eso, el desaf\u00edo es garantizar que los avances cient\u00edficos lleguen a todos los pacientes, sin importar su contexto o nivel de recursos.<a style=\"color: #000000;\" href=\"#_ftn7\" name=\"_ftnref7\"><sup>[7]<\/sup><\/a><\/span><\/p>\n<p style=\"text-align: justify;\"><span style=\"color: #000000;\"><a style=\"color: #000000;\" href=\"#_ftnref1\" name=\"_ftn1\">[1]<\/a> Federaci\u00f3n Internacional de Diabetes. IDF Diabetes Atlas, 11th Edition 2025. Bruselas, B\u00e9lgica: International Diabetes Federation; 2025. Disponible en: <a style=\"color: #000000;\" href=\"https:\/\/diabetesatlas.org?utm_source=chatgpt.com\">https:\/\/diabetesatlas.org<\/a><\/span><\/p>\n<p style=\"text-align: justify;\"><span style=\"color: #000000;\"><a style=\"color: #000000;\" href=\"#_ftnref2\" name=\"_ftn2\">[2]<\/a> https:\/\/worlddiabetesday.org\/es\/sobre-dmd\/<\/span><\/p>\n<p style=\"text-align: justify;\"><span style=\"color: #000000;\"><a style=\"color: #000000;\" href=\"#_ftnref3\" name=\"_ftn3\">[3]<\/a> https:\/\/new.express.adobe.com\/webpage\/Elj9eJ3cBWUfn<\/span><\/p>\n<p style=\"text-align: justify;\"><span style=\"color: #000000;\"><a style=\"color: #000000;\" href=\"#_ftnref4\" name=\"_ftn4\">[4]<\/a> https:\/\/www.sciencedirect.com\/science\/article\/pii\/S2589537024003614<\/span><\/p>\n<p style=\"text-align: justify;\"><span style=\"color: #000000;\"><a style=\"color: #000000;\" href=\"#_ftnref5\" name=\"_ftn5\">[5]<\/a> https:\/\/idf.org\/media\/uploads\/2025\/04\/IDF_Rec_2025.pdf<\/span><\/p>\n<p style=\"text-align: justify;\"><span style=\"color: #000000;\"><a style=\"color: #000000;\" href=\"#_ftnref6\" name=\"_ftn6\">[6]<\/a> https:\/\/idf.org\/media\/uploads\/2025\/04\/IDF_Rec_2025.pdf<\/span><\/p>\n<p style=\"text-align: justify;\"><span style=\"color: #000000;\"><a style=\"color: #000000;\" href=\"#_ftnref7\" name=\"_ftn7\">[7]<\/a> Federaci\u00f3n Internacional de Diabetes. IDF Diabetes Atlas, 11th Edition 2025. Bruselas, B\u00e9lgica: International Diabetes Federation; 2025. Disponible en: <a style=\"color: #000000;\" href=\"https:\/\/diabetesatlas.org?utm_source=chatgpt.com\">https:\/\/diabetesatlas.org<\/a><\/span><\/p>\n","protected":false},"excerpt":{"rendered":"<p>Nuevos abordajes para la diabetes tipo 2 impulsan un enfoque temprano e integral para cambiar el curso de la enfermedad Las nuevas gu\u00edas globales sobre diabetes tipo 2 presentadas por la Federaci\u00f3n Internacional de la Diabetes (IDF) promueven el tratamiento integral y personalizado, atendiendo a las diferentes realidades de pacientes y sistemas de salud. 35 [&hellip;]<\/p>\n","protected":false},"author":4,"featured_media":137191,"comment_status":"closed","ping_status":"closed","sticky":false,"template":"","format":"standard","meta":{"_bbp_topic_count":0,"_bbp_reply_count":0,"_bbp_total_topic_count":0,"_bbp_total_reply_count":0,"_bbp_voice_count":0,"_bbp_anonymous_reply_count":0,"_bbp_topic_count_hidden":0,"_bbp_reply_count_hidden":0,"_bbp_forum_subforum_count":0,"buzzeditor_post_format":"","footnotes":""},"categories":[2],"tags":[],"class_list":["post-137052","post","type-post","status-publish","format-standard","has-post-thumbnail","hentry","category-noticias"],"yoast_head":"<!-- This site is optimized with the Yoast SEO plugin v27.5 - https:\/\/yoast.com\/product\/yoast-seo-wordpress\/ -->\n<title>D\u00eda mundial de la Diabetes: Ecuador la prevalencia de diabetes es del 5.53% &#8211; QUEBAKAN.COM 2026: Noticias, Eventos, Conciertos y mucho m\u00e1s....<\/title>\n<meta name=\"robots\" content=\"index, follow, max-snippet:-1, max-image-preview:large, max-video-preview:-1\" \/>\n<link rel=\"canonical\" href=\"https:\/\/www.quebakan.com\/v15\/dia-mundial-de-la-diabetes-ecuador-la-prevalencia-de-diabetes-es-del-5-53\/\" \/>\n<meta property=\"og:locale\" content=\"es_ES\" \/>\n<meta property=\"og:type\" content=\"article\" \/>\n<meta property=\"og:title\" content=\"D\u00eda mundial de la Diabetes: Ecuador la prevalencia de diabetes es del 5.53% &#8211; QUEBAKAN.COM 2026: Noticias, Eventos, Conciertos y mucho m\u00e1s....\" \/>\n<meta property=\"og:description\" content=\"Nuevos abordajes para la diabetes tipo 2 impulsan un enfoque temprano e integral para cambiar el curso de la enfermedad Las nuevas gu\u00edas globales sobre diabetes tipo 2 presentadas por la Federaci\u00f3n Internacional de la Diabetes (IDF) promueven el tratamiento integral y personalizado, atendiendo a las diferentes realidades de pacientes y sistemas de salud. 35 [&hellip;]\" \/>\n<meta property=\"og:url\" content=\"https:\/\/www.quebakan.com\/v15\/dia-mundial-de-la-diabetes-ecuador-la-prevalencia-de-diabetes-es-del-5-53\/\" \/>\n<meta property=\"og:site_name\" content=\"QUEBAKAN.COM 2026: Noticias, Eventos, Conciertos y mucho m\u00e1s....\" \/>\n<meta property=\"article:publisher\" content=\"http:\/\/www.facebook.com\/quebakan\" \/>\n<meta property=\"article:published_time\" content=\"2025-11-06T23:36:29+00:00\" \/>\n<meta property=\"article:modified_time\" content=\"2025-11-11T00:54:09+00:00\" \/>\n<meta property=\"og:image\" content=\"https:\/\/www.quebakan.com\/v15\/wp-content\/uploads\/2025\/11\/diabetes-1.jpg\" \/>\n\t<meta property=\"og:image:width\" content=\"700\" \/>\n\t<meta property=\"og:image:height\" content=\"486\" \/>\n\t<meta property=\"og:image:type\" content=\"image\/jpeg\" \/>\n<meta name=\"author\" content=\"Erick Villafuerte\" \/>\n<meta name=\"twitter:card\" content=\"summary_large_image\" \/>\n<meta name=\"twitter:creator\" content=\"@quebakanec\" \/>\n<meta name=\"twitter:site\" content=\"@quebakanec\" \/>\n<meta name=\"twitter:label1\" content=\"Escrito por\" \/>\n\t<meta name=\"twitter:data1\" content=\"Erick Villafuerte\" \/>\n\t<meta name=\"twitter:label2\" content=\"Tiempo de lectura\" \/>\n\t<meta name=\"twitter:data2\" content=\"4 minutos\" \/>\n<script type=\"application\/ld+json\" class=\"yoast-schema-graph\">{\"@context\":\"https:\\\/\\\/schema.org\",\"@graph\":[{\"@type\":\"Article\",\"@id\":\"https:\\\/\\\/www.quebakan.com\\\/v15\\\/dia-mundial-de-la-diabetes-ecuador-la-prevalencia-de-diabetes-es-del-5-53\\\/#article\",\"isPartOf\":{\"@id\":\"https:\\\/\\\/www.quebakan.com\\\/v15\\\/dia-mundial-de-la-diabetes-ecuador-la-prevalencia-de-diabetes-es-del-5-53\\\/\"},\"author\":{\"name\":\"Erick Villafuerte\",\"@id\":\"https:\\\/\\\/www.quebakan.com\\\/v15\\\/#\\\/schema\\\/person\\\/d90fa9f9cfa81eb8ace9811e5b7b9118\"},\"headline\":\"D\u00eda mundial de la Diabetes: Ecuador la prevalencia de diabetes es del 5.53%\",\"datePublished\":\"2025-11-06T23:36:29+00:00\",\"dateModified\":\"2025-11-11T00:54:09+00:00\",\"mainEntityOfPage\":{\"@id\":\"https:\\\/\\\/www.quebakan.com\\\/v15\\\/dia-mundial-de-la-diabetes-ecuador-la-prevalencia-de-diabetes-es-del-5-53\\\/\"},\"wordCount\":847,\"publisher\":{\"@id\":\"https:\\\/\\\/www.quebakan.com\\\/v15\\\/#organization\"},\"image\":{\"@id\":\"https:\\\/\\\/www.quebakan.com\\\/v15\\\/dia-mundial-de-la-diabetes-ecuador-la-prevalencia-de-diabetes-es-del-5-53\\\/#primaryimage\"},\"thumbnailUrl\":\"https:\\\/\\\/www.quebakan.com\\\/v15\\\/wp-content\\\/uploads\\\/2025\\\/11\\\/diabetes-1.jpg\",\"articleSection\":[\"Noticias\"],\"inLanguage\":\"es\"},{\"@type\":\"WebPage\",\"@id\":\"https:\\\/\\\/www.quebakan.com\\\/v15\\\/dia-mundial-de-la-diabetes-ecuador-la-prevalencia-de-diabetes-es-del-5-53\\\/\",\"url\":\"https:\\\/\\\/www.quebakan.com\\\/v15\\\/dia-mundial-de-la-diabetes-ecuador-la-prevalencia-de-diabetes-es-del-5-53\\\/\",\"name\":\"D\u00eda mundial de la Diabetes: Ecuador la prevalencia de diabetes es del 5.53% &#8211; QUEBAKAN.COM 2026: Noticias, Eventos, Conciertos y mucho m\u00e1s....\",\"isPartOf\":{\"@id\":\"https:\\\/\\\/www.quebakan.com\\\/v15\\\/#website\"},\"primaryImageOfPage\":{\"@id\":\"https:\\\/\\\/www.quebakan.com\\\/v15\\\/dia-mundial-de-la-diabetes-ecuador-la-prevalencia-de-diabetes-es-del-5-53\\\/#primaryimage\"},\"image\":{\"@id\":\"https:\\\/\\\/www.quebakan.com\\\/v15\\\/dia-mundial-de-la-diabetes-ecuador-la-prevalencia-de-diabetes-es-del-5-53\\\/#primaryimage\"},\"thumbnailUrl\":\"https:\\\/\\\/www.quebakan.com\\\/v15\\\/wp-content\\\/uploads\\\/2025\\\/11\\\/diabetes-1.jpg\",\"datePublished\":\"2025-11-06T23:36:29+00:00\",\"dateModified\":\"2025-11-11T00:54:09+00:00\",\"breadcrumb\":{\"@id\":\"https:\\\/\\\/www.quebakan.com\\\/v15\\\/dia-mundial-de-la-diabetes-ecuador-la-prevalencia-de-diabetes-es-del-5-53\\\/#breadcrumb\"},\"inLanguage\":\"es\",\"potentialAction\":[{\"@type\":\"ReadAction\",\"target\":[\"https:\\\/\\\/www.quebakan.com\\\/v15\\\/dia-mundial-de-la-diabetes-ecuador-la-prevalencia-de-diabetes-es-del-5-53\\\/\"]}]},{\"@type\":\"ImageObject\",\"inLanguage\":\"es\",\"@id\":\"https:\\\/\\\/www.quebakan.com\\\/v15\\\/dia-mundial-de-la-diabetes-ecuador-la-prevalencia-de-diabetes-es-del-5-53\\\/#primaryimage\",\"url\":\"https:\\\/\\\/www.quebakan.com\\\/v15\\\/wp-content\\\/uploads\\\/2025\\\/11\\\/diabetes-1.jpg\",\"contentUrl\":\"https:\\\/\\\/www.quebakan.com\\\/v15\\\/wp-content\\\/uploads\\\/2025\\\/11\\\/diabetes-1.jpg\",\"width\":700,\"height\":486},{\"@type\":\"BreadcrumbList\",\"@id\":\"https:\\\/\\\/www.quebakan.com\\\/v15\\\/dia-mundial-de-la-diabetes-ecuador-la-prevalencia-de-diabetes-es-del-5-53\\\/#breadcrumb\",\"itemListElement\":[{\"@type\":\"ListItem\",\"position\":1,\"name\":\"Portada\",\"item\":\"https:\\\/\\\/www.quebakan.com\\\/v15\\\/\"},{\"@type\":\"ListItem\",\"position\":2,\"name\":\"D\u00eda mundial de la Diabetes: Ecuador la prevalencia de diabetes es del 5.53%\"}]},{\"@type\":\"WebSite\",\"@id\":\"https:\\\/\\\/www.quebakan.com\\\/v15\\\/#website\",\"url\":\"https:\\\/\\\/www.quebakan.com\\\/v15\\\/\",\"name\":\"QUEBAKAN\",\"description\":\"..\",\"publisher\":{\"@id\":\"https:\\\/\\\/www.quebakan.com\\\/v15\\\/#organization\"},\"potentialAction\":[{\"@type\":\"SearchAction\",\"target\":{\"@type\":\"EntryPoint\",\"urlTemplate\":\"https:\\\/\\\/www.quebakan.com\\\/v15\\\/?s={search_term_string}\"},\"query-input\":{\"@type\":\"PropertyValueSpecification\",\"valueRequired\":true,\"valueName\":\"search_term_string\"}}],\"inLanguage\":\"es\"},{\"@type\":\"Organization\",\"@id\":\"https:\\\/\\\/www.quebakan.com\\\/v15\\\/#organization\",\"name\":\"Quebakan.com\",\"url\":\"https:\\\/\\\/www.quebakan.com\\\/v15\\\/\",\"logo\":{\"@type\":\"ImageObject\",\"inLanguage\":\"es\",\"@id\":\"https:\\\/\\\/www.quebakan.com\\\/v15\\\/#\\\/schema\\\/logo\\\/image\\\/\",\"url\":\"https:\\\/\\\/www.quebakan.com\\\/v15\\\/wp-content\\\/uploads\\\/2023\\\/07\\\/logoquebakanenero2021.jpg\",\"contentUrl\":\"https:\\\/\\\/www.quebakan.com\\\/v15\\\/wp-content\\\/uploads\\\/2023\\\/07\\\/logoquebakanenero2021.jpg\",\"width\":1920,\"height\":1080,\"caption\":\"Quebakan.com\"},\"image\":{\"@id\":\"https:\\\/\\\/www.quebakan.com\\\/v15\\\/#\\\/schema\\\/logo\\\/image\\\/\"},\"sameAs\":[\"http:\\\/\\\/www.facebook.com\\\/quebakan\",\"https:\\\/\\\/x.com\\\/quebakanec\",\"http:\\\/\\\/www.instagram.com\\\/quebakan\",\"http:\\\/\\\/www.youtube.com\\\/quebakan1\"]},{\"@type\":\"Person\",\"@id\":\"https:\\\/\\\/www.quebakan.com\\\/v15\\\/#\\\/schema\\\/person\\\/d90fa9f9cfa81eb8ace9811e5b7b9118\",\"name\":\"Erick Villafuerte\",\"image\":{\"@type\":\"ImageObject\",\"inLanguage\":\"es\",\"@id\":\"https:\\\/\\\/www.quebakan.com\\\/v15\\\/wp-content\\\/uploads\\\/avatars\\\/4\\\/1731297654-bpfull.png\",\"url\":\"https:\\\/\\\/www.quebakan.com\\\/v15\\\/wp-content\\\/uploads\\\/avatars\\\/4\\\/1731297654-bpfull.png\",\"contentUrl\":\"https:\\\/\\\/www.quebakan.com\\\/v15\\\/wp-content\\\/uploads\\\/avatars\\\/4\\\/1731297654-bpfull.png\",\"caption\":\"Erick Villafuerte\"}}]}<\/script>\n<!-- \/ Yoast SEO plugin. -->","yoast_head_json":{"title":"D\u00eda mundial de la Diabetes: Ecuador la prevalencia de diabetes es del 5.53% &#8211; QUEBAKAN.COM 2026: Noticias, Eventos, Conciertos y mucho m\u00e1s....","robots":{"index":"index","follow":"follow","max-snippet":"max-snippet:-1","max-image-preview":"max-image-preview:large","max-video-preview":"max-video-preview:-1"},"canonical":"https:\/\/www.quebakan.com\/v15\/dia-mundial-de-la-diabetes-ecuador-la-prevalencia-de-diabetes-es-del-5-53\/","og_locale":"es_ES","og_type":"article","og_title":"D\u00eda mundial de la Diabetes: Ecuador la prevalencia de diabetes es del 5.53% &#8211; QUEBAKAN.COM 2026: Noticias, Eventos, Conciertos y mucho m\u00e1s....","og_description":"Nuevos abordajes para la diabetes tipo 2 impulsan un enfoque temprano e integral para cambiar el curso de la enfermedad Las nuevas gu\u00edas globales sobre diabetes tipo 2 presentadas por la Federaci\u00f3n Internacional de la Diabetes (IDF) promueven el tratamiento integral y personalizado, atendiendo a las diferentes realidades de pacientes y sistemas de salud. 35 [&hellip;]","og_url":"https:\/\/www.quebakan.com\/v15\/dia-mundial-de-la-diabetes-ecuador-la-prevalencia-de-diabetes-es-del-5-53\/","og_site_name":"QUEBAKAN.COM 2026: Noticias, Eventos, Conciertos y mucho m\u00e1s....","article_publisher":"http:\/\/www.facebook.com\/quebakan","article_published_time":"2025-11-06T23:36:29+00:00","article_modified_time":"2025-11-11T00:54:09+00:00","og_image":[{"width":700,"height":486,"url":"https:\/\/www.quebakan.com\/v15\/wp-content\/uploads\/2025\/11\/diabetes-1.jpg","type":"image\/jpeg"}],"author":"Erick Villafuerte","twitter_card":"summary_large_image","twitter_creator":"@quebakanec","twitter_site":"@quebakanec","twitter_misc":{"Escrito por":"Erick Villafuerte","Tiempo de lectura":"4 minutos"},"schema":{"@context":"https:\/\/schema.org","@graph":[{"@type":"Article","@id":"https:\/\/www.quebakan.com\/v15\/dia-mundial-de-la-diabetes-ecuador-la-prevalencia-de-diabetes-es-del-5-53\/#article","isPartOf":{"@id":"https:\/\/www.quebakan.com\/v15\/dia-mundial-de-la-diabetes-ecuador-la-prevalencia-de-diabetes-es-del-5-53\/"},"author":{"name":"Erick Villafuerte","@id":"https:\/\/www.quebakan.com\/v15\/#\/schema\/person\/d90fa9f9cfa81eb8ace9811e5b7b9118"},"headline":"D\u00eda mundial de la Diabetes: Ecuador la prevalencia de diabetes es del 5.53%","datePublished":"2025-11-06T23:36:29+00:00","dateModified":"2025-11-11T00:54:09+00:00","mainEntityOfPage":{"@id":"https:\/\/www.quebakan.com\/v15\/dia-mundial-de-la-diabetes-ecuador-la-prevalencia-de-diabetes-es-del-5-53\/"},"wordCount":847,"publisher":{"@id":"https:\/\/www.quebakan.com\/v15\/#organization"},"image":{"@id":"https:\/\/www.quebakan.com\/v15\/dia-mundial-de-la-diabetes-ecuador-la-prevalencia-de-diabetes-es-del-5-53\/#primaryimage"},"thumbnailUrl":"https:\/\/www.quebakan.com\/v15\/wp-content\/uploads\/2025\/11\/diabetes-1.jpg","articleSection":["Noticias"],"inLanguage":"es"},{"@type":"WebPage","@id":"https:\/\/www.quebakan.com\/v15\/dia-mundial-de-la-diabetes-ecuador-la-prevalencia-de-diabetes-es-del-5-53\/","url":"https:\/\/www.quebakan.com\/v15\/dia-mundial-de-la-diabetes-ecuador-la-prevalencia-de-diabetes-es-del-5-53\/","name":"D\u00eda mundial de la Diabetes: Ecuador la prevalencia de diabetes es del 5.53% &#8211; QUEBAKAN.COM 2026: Noticias, Eventos, Conciertos y mucho m\u00e1s....","isPartOf":{"@id":"https:\/\/www.quebakan.com\/v15\/#website"},"primaryImageOfPage":{"@id":"https:\/\/www.quebakan.com\/v15\/dia-mundial-de-la-diabetes-ecuador-la-prevalencia-de-diabetes-es-del-5-53\/#primaryimage"},"image":{"@id":"https:\/\/www.quebakan.com\/v15\/dia-mundial-de-la-diabetes-ecuador-la-prevalencia-de-diabetes-es-del-5-53\/#primaryimage"},"thumbnailUrl":"https:\/\/www.quebakan.com\/v15\/wp-content\/uploads\/2025\/11\/diabetes-1.jpg","datePublished":"2025-11-06T23:36:29+00:00","dateModified":"2025-11-11T00:54:09+00:00","breadcrumb":{"@id":"https:\/\/www.quebakan.com\/v15\/dia-mundial-de-la-diabetes-ecuador-la-prevalencia-de-diabetes-es-del-5-53\/#breadcrumb"},"inLanguage":"es","potentialAction":[{"@type":"ReadAction","target":["https:\/\/www.quebakan.com\/v15\/dia-mundial-de-la-diabetes-ecuador-la-prevalencia-de-diabetes-es-del-5-53\/"]}]},{"@type":"ImageObject","inLanguage":"es","@id":"https:\/\/www.quebakan.com\/v15\/dia-mundial-de-la-diabetes-ecuador-la-prevalencia-de-diabetes-es-del-5-53\/#primaryimage","url":"https:\/\/www.quebakan.com\/v15\/wp-content\/uploads\/2025\/11\/diabetes-1.jpg","contentUrl":"https:\/\/www.quebakan.com\/v15\/wp-content\/uploads\/2025\/11\/diabetes-1.jpg","width":700,"height":486},{"@type":"BreadcrumbList","@id":"https:\/\/www.quebakan.com\/v15\/dia-mundial-de-la-diabetes-ecuador-la-prevalencia-de-diabetes-es-del-5-53\/#breadcrumb","itemListElement":[{"@type":"ListItem","position":1,"name":"Portada","item":"https:\/\/www.quebakan.com\/v15\/"},{"@type":"ListItem","position":2,"name":"D\u00eda mundial de la Diabetes: Ecuador la prevalencia de diabetes es del 5.53%"}]},{"@type":"WebSite","@id":"https:\/\/www.quebakan.com\/v15\/#website","url":"https:\/\/www.quebakan.com\/v15\/","name":"QUEBAKAN","description":"..","publisher":{"@id":"https:\/\/www.quebakan.com\/v15\/#organization"},"potentialAction":[{"@type":"SearchAction","target":{"@type":"EntryPoint","urlTemplate":"https:\/\/www.quebakan.com\/v15\/?s={search_term_string}"},"query-input":{"@type":"PropertyValueSpecification","valueRequired":true,"valueName":"search_term_string"}}],"inLanguage":"es"},{"@type":"Organization","@id":"https:\/\/www.quebakan.com\/v15\/#organization","name":"Quebakan.com","url":"https:\/\/www.quebakan.com\/v15\/","logo":{"@type":"ImageObject","inLanguage":"es","@id":"https:\/\/www.quebakan.com\/v15\/#\/schema\/logo\/image\/","url":"https:\/\/www.quebakan.com\/v15\/wp-content\/uploads\/2023\/07\/logoquebakanenero2021.jpg","contentUrl":"https:\/\/www.quebakan.com\/v15\/wp-content\/uploads\/2023\/07\/logoquebakanenero2021.jpg","width":1920,"height":1080,"caption":"Quebakan.com"},"image":{"@id":"https:\/\/www.quebakan.com\/v15\/#\/schema\/logo\/image\/"},"sameAs":["http:\/\/www.facebook.com\/quebakan","https:\/\/x.com\/quebakanec","http:\/\/www.instagram.com\/quebakan","http:\/\/www.youtube.com\/quebakan1"]},{"@type":"Person","@id":"https:\/\/www.quebakan.com\/v15\/#\/schema\/person\/d90fa9f9cfa81eb8ace9811e5b7b9118","name":"Erick Villafuerte","image":{"@type":"ImageObject","inLanguage":"es","@id":"https:\/\/www.quebakan.com\/v15\/wp-content\/uploads\/avatars\/4\/1731297654-bpfull.png","url":"https:\/\/www.quebakan.com\/v15\/wp-content\/uploads\/avatars\/4\/1731297654-bpfull.png","contentUrl":"https:\/\/www.quebakan.com\/v15\/wp-content\/uploads\/avatars\/4\/1731297654-bpfull.png","caption":"Erick Villafuerte"}}]}},"_links":{"self":[{"href":"https:\/\/www.quebakan.com\/v15\/wp-json\/wp\/v2\/posts\/137052","targetHints":{"allow":["GET"]}}],"collection":[{"href":"https:\/\/www.quebakan.com\/v15\/wp-json\/wp\/v2\/posts"}],"about":[{"href":"https:\/\/www.quebakan.com\/v15\/wp-json\/wp\/v2\/types\/post"}],"author":[{"embeddable":true,"href":"https:\/\/www.quebakan.com\/v15\/wp-json\/wp\/v2\/users\/4"}],"replies":[{"embeddable":true,"href":"https:\/\/www.quebakan.com\/v15\/wp-json\/wp\/v2\/comments?post=137052"}],"version-history":[{"count":2,"href":"https:\/\/www.quebakan.com\/v15\/wp-json\/wp\/v2\/posts\/137052\/revisions"}],"predecessor-version":[{"id":137192,"href":"https:\/\/www.quebakan.com\/v15\/wp-json\/wp\/v2\/posts\/137052\/revisions\/137192"}],"wp:featuredmedia":[{"embeddable":true,"href":"https:\/\/www.quebakan.com\/v15\/wp-json\/wp\/v2\/media\/137191"}],"wp:attachment":[{"href":"https:\/\/www.quebakan.com\/v15\/wp-json\/wp\/v2\/media?parent=137052"}],"wp:term":[{"taxonomy":"category","embeddable":true,"href":"https:\/\/www.quebakan.com\/v15\/wp-json\/wp\/v2\/categories?post=137052"},{"taxonomy":"post_tag","embeddable":true,"href":"https:\/\/www.quebakan.com\/v15\/wp-json\/wp\/v2\/tags?post=137052"}],"curies":[{"name":"wp","href":"https:\/\/api.w.org\/{rel}","templated":true}]}}