{"id":137055,"date":"2025-11-06T21:27:44","date_gmt":"2025-11-07T02:27:44","guid":{"rendered":"https:\/\/www.quebakan.com\/v15\/?p=137055"},"modified":"2025-11-06T21:27:44","modified_gmt":"2025-11-07T02:27:44","slug":"adidas-presenta-su-mayor-coleccion-de-uniformes-locales-antes-de-la-copa-mundial-de-la-fifa-2026","status":"publish","type":"post","link":"https:\/\/www.quebakan.com\/v15\/adidas-presenta-su-mayor-coleccion-de-uniformes-locales-antes-de-la-copa-mundial-de-la-fifa-2026\/","title":{"rendered":"ADIDAS PRESENTA SU MAYOR COLECCI\u00d3N DE UNIFORMES LOCALES ANTES DE LA COPA MUNDIAL DE LA FIFA 2026\u2122"},"content":{"rendered":"<p><img fetchpriority=\"high\" decoding=\"async\" class=\"aligncenter size-full wp-image-137056\" src=\"https:\/\/www.quebakan.com\/v15\/wp-content\/uploads\/2025\/11\/jerseys-football_adidas.jpg\" alt=\"\" width=\"641\" height=\"350\" \/><\/p>\n<ul>\n<li style=\"text-align: justify;\"><span style=\"color: #000000;\"><strong>adidas presenta uniformes locales exclusivos, con dise\u00f1os audaces inspirados en la historia, los paisajes y la cultura de cada naci\u00f3n.\n<p><\/strong><\/span><\/li>\n<li style=\"text-align: justify;\"><span style=\"color: #000000;\"><strong>Cada dise\u00f1o incorpora la mejor tecnolog\u00eda de adidas para mantener a los jugadores frescos y c\u00f3modos en el escenario m\u00e1s grande del f\u00fatbol, que se disputar\u00e1 en Canad\u00e1, M\u00e9xico y Estados Unidos.\n<p><\/strong><\/span><\/li>\n<li style=\"text-align: justify;\"><span style=\"color: #000000;\"><strong>Los uniformes adidas est\u00e1n disponibles desde hoy en tiendas adidas y Marathon Sports.<br \/>\n<\/strong><\/span><\/li>\n<\/ul>\n<p style=\"text-align: justify;\"><span style=\"color: #000000;\"><strong>Quito, 6 de noviembre de 2025.-<\/strong> adidas presenta hoy los uniformes titulares oficiales de federaciones asociadas para la Copa Mundial de la FIFA 2026\u2122, incluyendo: Argentina, Colombia, Alemania, Italia, M\u00e9xico, Espa\u00f1a, entre otros. *<\/span><\/p>\n<p style=\"text-align: justify;\"><span style=\"color: #000000;\">La colecci\u00f3n combina las identidades visuales y tradiciones hist\u00f3ricas de cada naci\u00f3n, reinterpretadas con una est\u00e9tica moderna y visionaria. Los dise\u00f1os representan un estilo de juego libre y una nueva mirada sobre el f\u00fatbol, buscando conectar generaciones de aficionados antes del torneo m\u00e1s grande de la historia.<\/span><\/p>\n<p style=\"text-align: justify;\"><span style=\"color: #000000;\">Los uniformes reflejan el alma de cada pa\u00eds a trav\u00e9s de colores y patrones que celebran su identidad \u2014desde su historia y arquitectura tradicional hasta paisajes ic\u00f3nicos y camisetas legendarias\u2014 uniendo a los fan\u00e1ticos en torno a una pasi\u00f3n com\u00fan por su selecci\u00f3n.<\/span><\/p>\n<p style=\"text-align: justify;\"><span style=\"color: #000000;\">Los detalles sutiles hacen referencia a la rica historia del torneo, con homenajes a uniformes emblem\u00e1ticos, victorias pasadas y fechas memorables que los aficionados podr\u00e1n descubrir al observarlos de cerca.<\/span><\/p>\n<p style=\"text-align: justify;\"><span style=\"color: #000000;\">Toda la l\u00ednea ha sido dise\u00f1ada para el m\u00e1ximo rendimiento, apoyando a los jugadores en los momentos de mayor exigencia y adapt\u00e1ndose a las diversas condiciones de los tres pa\u00edses anfitriones. Para enfrentar el calor, los <strong>tejidos el\u00e1sticos 3D con la tecnolog\u00eda CLIMACOOL+<\/strong> de adidas aceleran la evaporaci\u00f3n del sudor, manteniendo a los jugadores secos por m\u00e1s tiempo. Las franjas perforadas de las tres l\u00edneas garantizan la m\u00e1xima transpirabilidad, mientras que las zonas de malla estrat\u00e9gicamente ubicadas proporcionan ventilaci\u00f3n \u00f3ptima incluso en los climas m\u00e1s desafiantes.<\/span><\/p>\n<p style=\"text-align: justify;\"><span style=\"color: #000000;\">Los uniformes tambi\u00e9n incorporan un nuevo escudo federativo y logotipo adidas con aplicaci\u00f3n lenticular, creando un efecto visual cambiante e innovador.<\/span><\/p>\n<p style=\"text-align: justify;\"><span style=\"color: #000000;\"><strong>Sam Handy, Director General de F\u00fatbol de adidas<\/strong>, coment\u00f3: <em>\u201cEl uniforme nacional es s\u00edmbolo de uni\u00f3n y orgullo. Al entrar en el escenario mundial m\u00e1s grande, las selecciones llevan consigo los sue\u00f1os de una nueva generaci\u00f3n de aficionados, al mismo tiempo que honran a quienes las precedieron. Una Copa Mundial se trata de crear momentos que trascienden el estadio, por eso dise\u00f1amos estos uniformes como un homenaje a las ra\u00edces de cada pa\u00eds y a una era en la que todos los fan\u00e1ticos forman parte de la historia.\u201d<\/em><\/span><\/p>\n<p style=\"text-align: justify;\"><span style=\"color: #000000;\"><strong>Thomas Mace, Vicepresidente de Dise\u00f1o de adidas Football<\/strong>, a\u00f1adi\u00f3: <em>\u201cDise\u00f1ar los uniformes para la Copa Mundial de la FIFA 2026\u2122 fue un proceso de honrar la identidad \u00fanica de cada naci\u00f3n mientras empujamos los l\u00edmites de la innovaci\u00f3n y el rendimiento. Cada camiseta cuenta una historia \u2014fusionando herencia cultural y est\u00e9tica moderna, y est\u00e1 construida con nuestras tecnolog\u00edas m\u00e1s avanzadas para mantener a los jugadores frescos y c\u00f3modos en el mayor escenario del f\u00fatbol.\u201d<\/em><\/span><\/p>\n<p style=\"text-align: justify;\"><span style=\"color: #000000;\"><strong><em>Todos los uniformes titulares de las federaciones adidas** estar\u00e1n disponibles para su compra a partir del 6 de noviembre en tiendas adidas y Marathon .<\/em><\/strong><\/span><\/p>\n<h3 style=\"text-align: justify;\"><span style=\"color: #000000;\"><strong>Pa\u00edses destacados<\/strong><\/span><\/h3>\n<h3 style=\"text-align: justify;\"><span style=\"color: #000000;\"><strong>Argentina<\/strong><\/span><\/h3>\n<p style=\"text-align: justify;\"><span style=\"color: #000000;\">Las tradicionales franjas verticales celestes y blancas adquieren un efecto en tres tonos de azul, inspirados en las camisetas campeonas de 1978, 1986 y 2022. En la parte posterior del cuello se lee \u201c1893\u201d, a\u00f1o de fundaci\u00f3n de la AFA.<\/span><\/p>\n<p style=\"text-align: justify;\"><span style=\"color: #000000;\"><strong>Alemania<\/strong><\/span><br \/>\n<span style=\"color: #000000;\">El dise\u00f1o rinde homenaje a algunas de las camisetas m\u00e1s ic\u00f3nicas del pa\u00eds, con patrones de rombos y chevrones inspirados en uniformes hist\u00f3ricos, incluyendo el del t\u00edtulo mundial de 2014.<\/span><\/p>\n<p style=\"text-align: justify;\"><span style=\"color: #000000;\"><strong>Italia<\/strong><\/span><br \/>\n<span style=\"color: #000000;\">Tradici\u00f3n e innovaci\u00f3n se unen en el nuevo uniforme, que celebra la herencia del f\u00fatbol italiano y la esencia de la FIGC. La palabra <em>Azzurra<\/em> \u2014apodo de la selecci\u00f3n y referencia al color azul\u2014 aparece en letras doradas en la parte posterior del cuello.<\/span><\/p>\n<p style=\"text-align: justify;\"><span style=\"color: #000000;\"><strong>Jap\u00f3n<\/strong><\/span><br \/>\n<span style=\"color: #000000;\">El cl\u00e1sico azul de la camiseta japonesa cobra vida con un gr\u00e1fico abstracto en tonos gris-azulados, inspirado en la neblina que se forma en el horizonte entre el cielo y el mar. La bandera japonesa se presenta en la parte trasera del cuello.<\/span><\/p>\n<p style=\"text-align: justify;\"><span style=\"color: #000000;\"><strong>M\u00e9xico<\/strong><\/span><br \/>\n<span style=\"color: #000000;\">Pasado y futuro se unen en el nuevo uniforme mexicano, que representa la energ\u00eda y el orgullo que unir\u00e1n generaciones de aficionados. En la parte posterior del cuello, la frase \u201cSOMOS M\u00c9XICO\u201d aparece como s\u00edmbolo de la pasi\u00f3n y unidad que definen el esp\u00edritu del pa\u00eds.<\/span><\/p>\n<p style=\"text-align: justify;\"><span style=\"color: #000000;\"><strong>Espa\u00f1a<\/strong><\/span><br \/>\n<span style=\"color: #000000;\">El uniforme titular de Espa\u00f1a para la Copa Mundial 2026\u2122 presenta un dise\u00f1o limpio, con finas l\u00edneas verticales amarillas sobre fondo rojo, inspiradas en la bandera y el escudo nacional. La palabra \u201cESPA\u00d1A\u201d se lee en la parte trasera del cuello.<\/span><\/p>\n","protected":false},"excerpt":{"rendered":"<p>adidas presenta uniformes locales exclusivos, con dise\u00f1os audaces inspirados en la historia, los paisajes y la cultura de cada naci\u00f3n. Cada dise\u00f1o incorpora la mejor tecnolog\u00eda de adidas para mantener a los jugadores frescos y c\u00f3modos en el escenario m\u00e1s grande del f\u00fatbol, que se disputar\u00e1 en Canad\u00e1, M\u00e9xico y Estados Unidos. Los uniformes adidas [&hellip;]<\/p>\n","protected":false},"author":4,"featured_media":137056,"comment_status":"closed","ping_status":"closed","sticky":false,"template":"","format":"standard","meta":{"_bbp_topic_count":0,"_bbp_reply_count":0,"_bbp_total_topic_count":0,"_bbp_total_reply_count":0,"_bbp_voice_count":0,"_bbp_anonymous_reply_count":0,"_bbp_topic_count_hidden":0,"_bbp_reply_count_hidden":0,"_bbp_forum_subforum_count":0,"buzzeditor_post_format":"","footnotes":""},"categories":[2],"tags":[],"class_list":["post-137055","post","type-post","status-publish","format-standard","has-post-thumbnail","hentry","category-noticias"],"yoast_head":"<!-- This site is optimized with the Yoast SEO plugin v27.5 - https:\/\/yoast.com\/product\/yoast-seo-wordpress\/ -->\n<title>ADIDAS PRESENTA SU MAYOR COLECCI\u00d3N DE UNIFORMES LOCALES ANTES DE LA COPA MUNDIAL DE LA FIFA 2026\u2122 &#8211; QUEBAKAN.COM 2026: Noticias, Eventos, Conciertos y mucho m\u00e1s....<\/title>\n<meta name=\"robots\" content=\"index, follow, max-snippet:-1, max-image-preview:large, max-video-preview:-1\" \/>\n<link rel=\"canonical\" href=\"https:\/\/www.quebakan.com\/v15\/adidas-presenta-su-mayor-coleccion-de-uniformes-locales-antes-de-la-copa-mundial-de-la-fifa-2026\/\" \/>\n<meta property=\"og:locale\" content=\"es_ES\" \/>\n<meta property=\"og:type\" content=\"article\" \/>\n<meta property=\"og:title\" content=\"ADIDAS PRESENTA SU MAYOR COLECCI\u00d3N DE UNIFORMES LOCALES ANTES DE LA COPA MUNDIAL DE LA FIFA 2026\u2122 &#8211; QUEBAKAN.COM 2026: Noticias, Eventos, Conciertos y mucho m\u00e1s....\" \/>\n<meta property=\"og:description\" content=\"adidas presenta uniformes locales exclusivos, con dise\u00f1os audaces inspirados en la historia, los paisajes y la cultura de cada naci\u00f3n. Cada dise\u00f1o incorpora la mejor tecnolog\u00eda de adidas para mantener a los jugadores frescos y c\u00f3modos en el escenario m\u00e1s grande del f\u00fatbol, que se disputar\u00e1 en Canad\u00e1, M\u00e9xico y Estados Unidos. Los uniformes adidas [&hellip;]\" \/>\n<meta property=\"og:url\" content=\"https:\/\/www.quebakan.com\/v15\/adidas-presenta-su-mayor-coleccion-de-uniformes-locales-antes-de-la-copa-mundial-de-la-fifa-2026\/\" \/>\n<meta property=\"og:site_name\" content=\"QUEBAKAN.COM 2026: Noticias, Eventos, Conciertos y mucho m\u00e1s....\" \/>\n<meta property=\"article:publisher\" content=\"http:\/\/www.facebook.com\/quebakan\" \/>\n<meta property=\"article:published_time\" content=\"2025-11-07T02:27:44+00:00\" \/>\n<meta property=\"og:image\" content=\"https:\/\/www.quebakan.com\/v15\/wp-content\/uploads\/2025\/11\/jerseys-football_adidas.jpg\" \/>\n\t<meta property=\"og:image:width\" content=\"641\" \/>\n\t<meta property=\"og:image:height\" content=\"350\" \/>\n\t<meta property=\"og:image:type\" content=\"image\/jpeg\" \/>\n<meta name=\"author\" content=\"Erick Villafuerte\" \/>\n<meta name=\"twitter:card\" content=\"summary_large_image\" \/>\n<meta name=\"twitter:creator\" content=\"@quebakanec\" \/>\n<meta name=\"twitter:site\" content=\"@quebakanec\" \/>\n<meta name=\"twitter:label1\" content=\"Escrito por\" \/>\n\t<meta name=\"twitter:data1\" content=\"Erick Villafuerte\" \/>\n\t<meta name=\"twitter:label2\" content=\"Tiempo de lectura\" \/>\n\t<meta name=\"twitter:data2\" content=\"4 minutos\" \/>\n<script type=\"application\/ld+json\" class=\"yoast-schema-graph\">{\"@context\":\"https:\\\/\\\/schema.org\",\"@graph\":[{\"@type\":\"Article\",\"@id\":\"https:\\\/\\\/www.quebakan.com\\\/v15\\\/adidas-presenta-su-mayor-coleccion-de-uniformes-locales-antes-de-la-copa-mundial-de-la-fifa-2026\\\/#article\",\"isPartOf\":{\"@id\":\"https:\\\/\\\/www.quebakan.com\\\/v15\\\/adidas-presenta-su-mayor-coleccion-de-uniformes-locales-antes-de-la-copa-mundial-de-la-fifa-2026\\\/\"},\"author\":{\"name\":\"Erick Villafuerte\",\"@id\":\"https:\\\/\\\/www.quebakan.com\\\/v15\\\/#\\\/schema\\\/person\\\/d90fa9f9cfa81eb8ace9811e5b7b9118\"},\"headline\":\"ADIDAS PRESENTA SU MAYOR COLECCI\u00d3N DE UNIFORMES LOCALES ANTES DE LA COPA MUNDIAL DE LA FIFA 2026\u2122\",\"datePublished\":\"2025-11-07T02:27:44+00:00\",\"mainEntityOfPage\":{\"@id\":\"https:\\\/\\\/www.quebakan.com\\\/v15\\\/adidas-presenta-su-mayor-coleccion-de-uniformes-locales-antes-de-la-copa-mundial-de-la-fifa-2026\\\/\"},\"wordCount\":864,\"publisher\":{\"@id\":\"https:\\\/\\\/www.quebakan.com\\\/v15\\\/#organization\"},\"image\":{\"@id\":\"https:\\\/\\\/www.quebakan.com\\\/v15\\\/adidas-presenta-su-mayor-coleccion-de-uniformes-locales-antes-de-la-copa-mundial-de-la-fifa-2026\\\/#primaryimage\"},\"thumbnailUrl\":\"https:\\\/\\\/www.quebakan.com\\\/v15\\\/wp-content\\\/uploads\\\/2025\\\/11\\\/jerseys-football_adidas.jpg\",\"articleSection\":[\"Noticias\"],\"inLanguage\":\"es\"},{\"@type\":\"WebPage\",\"@id\":\"https:\\\/\\\/www.quebakan.com\\\/v15\\\/adidas-presenta-su-mayor-coleccion-de-uniformes-locales-antes-de-la-copa-mundial-de-la-fifa-2026\\\/\",\"url\":\"https:\\\/\\\/www.quebakan.com\\\/v15\\\/adidas-presenta-su-mayor-coleccion-de-uniformes-locales-antes-de-la-copa-mundial-de-la-fifa-2026\\\/\",\"name\":\"ADIDAS PRESENTA SU MAYOR COLECCI\u00d3N DE UNIFORMES LOCALES ANTES DE LA COPA MUNDIAL DE LA FIFA 2026\u2122 &#8211; QUEBAKAN.COM 2026: Noticias, Eventos, Conciertos y mucho m\u00e1s....\",\"isPartOf\":{\"@id\":\"https:\\\/\\\/www.quebakan.com\\\/v15\\\/#website\"},\"primaryImageOfPage\":{\"@id\":\"https:\\\/\\\/www.quebakan.com\\\/v15\\\/adidas-presenta-su-mayor-coleccion-de-uniformes-locales-antes-de-la-copa-mundial-de-la-fifa-2026\\\/#primaryimage\"},\"image\":{\"@id\":\"https:\\\/\\\/www.quebakan.com\\\/v15\\\/adidas-presenta-su-mayor-coleccion-de-uniformes-locales-antes-de-la-copa-mundial-de-la-fifa-2026\\\/#primaryimage\"},\"thumbnailUrl\":\"https:\\\/\\\/www.quebakan.com\\\/v15\\\/wp-content\\\/uploads\\\/2025\\\/11\\\/jerseys-football_adidas.jpg\",\"datePublished\":\"2025-11-07T02:27:44+00:00\",\"breadcrumb\":{\"@id\":\"https:\\\/\\\/www.quebakan.com\\\/v15\\\/adidas-presenta-su-mayor-coleccion-de-uniformes-locales-antes-de-la-copa-mundial-de-la-fifa-2026\\\/#breadcrumb\"},\"inLanguage\":\"es\",\"potentialAction\":[{\"@type\":\"ReadAction\",\"target\":[\"https:\\\/\\\/www.quebakan.com\\\/v15\\\/adidas-presenta-su-mayor-coleccion-de-uniformes-locales-antes-de-la-copa-mundial-de-la-fifa-2026\\\/\"]}]},{\"@type\":\"ImageObject\",\"inLanguage\":\"es\",\"@id\":\"https:\\\/\\\/www.quebakan.com\\\/v15\\\/adidas-presenta-su-mayor-coleccion-de-uniformes-locales-antes-de-la-copa-mundial-de-la-fifa-2026\\\/#primaryimage\",\"url\":\"https:\\\/\\\/www.quebakan.com\\\/v15\\\/wp-content\\\/uploads\\\/2025\\\/11\\\/jerseys-football_adidas.jpg\",\"contentUrl\":\"https:\\\/\\\/www.quebakan.com\\\/v15\\\/wp-content\\\/uploads\\\/2025\\\/11\\\/jerseys-football_adidas.jpg\",\"width\":641,\"height\":350},{\"@type\":\"BreadcrumbList\",\"@id\":\"https:\\\/\\\/www.quebakan.com\\\/v15\\\/adidas-presenta-su-mayor-coleccion-de-uniformes-locales-antes-de-la-copa-mundial-de-la-fifa-2026\\\/#breadcrumb\",\"itemListElement\":[{\"@type\":\"ListItem\",\"position\":1,\"name\":\"Portada\",\"item\":\"https:\\\/\\\/www.quebakan.com\\\/v15\\\/\"},{\"@type\":\"ListItem\",\"position\":2,\"name\":\"ADIDAS PRESENTA SU MAYOR COLECCI\u00d3N DE UNIFORMES LOCALES ANTES DE LA COPA MUNDIAL DE LA FIFA 2026\u2122\"}]},{\"@type\":\"WebSite\",\"@id\":\"https:\\\/\\\/www.quebakan.com\\\/v15\\\/#website\",\"url\":\"https:\\\/\\\/www.quebakan.com\\\/v15\\\/\",\"name\":\"QUEBAKAN\",\"description\":\"..\",\"publisher\":{\"@id\":\"https:\\\/\\\/www.quebakan.com\\\/v15\\\/#organization\"},\"potentialAction\":[{\"@type\":\"SearchAction\",\"target\":{\"@type\":\"EntryPoint\",\"urlTemplate\":\"https:\\\/\\\/www.quebakan.com\\\/v15\\\/?s={search_term_string}\"},\"query-input\":{\"@type\":\"PropertyValueSpecification\",\"valueRequired\":true,\"valueName\":\"search_term_string\"}}],\"inLanguage\":\"es\"},{\"@type\":\"Organization\",\"@id\":\"https:\\\/\\\/www.quebakan.com\\\/v15\\\/#organization\",\"name\":\"Quebakan.com\",\"url\":\"https:\\\/\\\/www.quebakan.com\\\/v15\\\/\",\"logo\":{\"@type\":\"ImageObject\",\"inLanguage\":\"es\",\"@id\":\"https:\\\/\\\/www.quebakan.com\\\/v15\\\/#\\\/schema\\\/logo\\\/image\\\/\",\"url\":\"https:\\\/\\\/www.quebakan.com\\\/v15\\\/wp-content\\\/uploads\\\/2023\\\/07\\\/logoquebakanenero2021.jpg\",\"contentUrl\":\"https:\\\/\\\/www.quebakan.com\\\/v15\\\/wp-content\\\/uploads\\\/2023\\\/07\\\/logoquebakanenero2021.jpg\",\"width\":1920,\"height\":1080,\"caption\":\"Quebakan.com\"},\"image\":{\"@id\":\"https:\\\/\\\/www.quebakan.com\\\/v15\\\/#\\\/schema\\\/logo\\\/image\\\/\"},\"sameAs\":[\"http:\\\/\\\/www.facebook.com\\\/quebakan\",\"https:\\\/\\\/x.com\\\/quebakanec\",\"http:\\\/\\\/www.instagram.com\\\/quebakan\",\"http:\\\/\\\/www.youtube.com\\\/quebakan1\"]},{\"@type\":\"Person\",\"@id\":\"https:\\\/\\\/www.quebakan.com\\\/v15\\\/#\\\/schema\\\/person\\\/d90fa9f9cfa81eb8ace9811e5b7b9118\",\"name\":\"Erick Villafuerte\",\"image\":{\"@type\":\"ImageObject\",\"inLanguage\":\"es\",\"@id\":\"https:\\\/\\\/www.quebakan.com\\\/v15\\\/wp-content\\\/uploads\\\/avatars\\\/4\\\/1731297654-bpfull.png\",\"url\":\"https:\\\/\\\/www.quebakan.com\\\/v15\\\/wp-content\\\/uploads\\\/avatars\\\/4\\\/1731297654-bpfull.png\",\"contentUrl\":\"https:\\\/\\\/www.quebakan.com\\\/v15\\\/wp-content\\\/uploads\\\/avatars\\\/4\\\/1731297654-bpfull.png\",\"caption\":\"Erick Villafuerte\"}}]}<\/script>\n<!-- \/ Yoast SEO plugin. -->","yoast_head_json":{"title":"ADIDAS PRESENTA SU MAYOR COLECCI\u00d3N DE UNIFORMES LOCALES ANTES DE LA COPA MUNDIAL DE LA FIFA 2026\u2122 &#8211; QUEBAKAN.COM 2026: Noticias, Eventos, Conciertos y mucho m\u00e1s....","robots":{"index":"index","follow":"follow","max-snippet":"max-snippet:-1","max-image-preview":"max-image-preview:large","max-video-preview":"max-video-preview:-1"},"canonical":"https:\/\/www.quebakan.com\/v15\/adidas-presenta-su-mayor-coleccion-de-uniformes-locales-antes-de-la-copa-mundial-de-la-fifa-2026\/","og_locale":"es_ES","og_type":"article","og_title":"ADIDAS PRESENTA SU MAYOR COLECCI\u00d3N DE UNIFORMES LOCALES ANTES DE LA COPA MUNDIAL DE LA FIFA 2026\u2122 &#8211; QUEBAKAN.COM 2026: Noticias, Eventos, Conciertos y mucho m\u00e1s....","og_description":"adidas presenta uniformes locales exclusivos, con dise\u00f1os audaces inspirados en la historia, los paisajes y la cultura de cada naci\u00f3n. Cada dise\u00f1o incorpora la mejor tecnolog\u00eda de adidas para mantener a los jugadores frescos y c\u00f3modos en el escenario m\u00e1s grande del f\u00fatbol, que se disputar\u00e1 en Canad\u00e1, M\u00e9xico y Estados Unidos. Los uniformes adidas [&hellip;]","og_url":"https:\/\/www.quebakan.com\/v15\/adidas-presenta-su-mayor-coleccion-de-uniformes-locales-antes-de-la-copa-mundial-de-la-fifa-2026\/","og_site_name":"QUEBAKAN.COM 2026: Noticias, Eventos, Conciertos y mucho m\u00e1s....","article_publisher":"http:\/\/www.facebook.com\/quebakan","article_published_time":"2025-11-07T02:27:44+00:00","og_image":[{"width":641,"height":350,"url":"https:\/\/www.quebakan.com\/v15\/wp-content\/uploads\/2025\/11\/jerseys-football_adidas.jpg","type":"image\/jpeg"}],"author":"Erick Villafuerte","twitter_card":"summary_large_image","twitter_creator":"@quebakanec","twitter_site":"@quebakanec","twitter_misc":{"Escrito por":"Erick Villafuerte","Tiempo de lectura":"4 minutos"},"schema":{"@context":"https:\/\/schema.org","@graph":[{"@type":"Article","@id":"https:\/\/www.quebakan.com\/v15\/adidas-presenta-su-mayor-coleccion-de-uniformes-locales-antes-de-la-copa-mundial-de-la-fifa-2026\/#article","isPartOf":{"@id":"https:\/\/www.quebakan.com\/v15\/adidas-presenta-su-mayor-coleccion-de-uniformes-locales-antes-de-la-copa-mundial-de-la-fifa-2026\/"},"author":{"name":"Erick Villafuerte","@id":"https:\/\/www.quebakan.com\/v15\/#\/schema\/person\/d90fa9f9cfa81eb8ace9811e5b7b9118"},"headline":"ADIDAS PRESENTA SU MAYOR COLECCI\u00d3N DE UNIFORMES LOCALES ANTES DE LA COPA MUNDIAL DE LA FIFA 2026\u2122","datePublished":"2025-11-07T02:27:44+00:00","mainEntityOfPage":{"@id":"https:\/\/www.quebakan.com\/v15\/adidas-presenta-su-mayor-coleccion-de-uniformes-locales-antes-de-la-copa-mundial-de-la-fifa-2026\/"},"wordCount":864,"publisher":{"@id":"https:\/\/www.quebakan.com\/v15\/#organization"},"image":{"@id":"https:\/\/www.quebakan.com\/v15\/adidas-presenta-su-mayor-coleccion-de-uniformes-locales-antes-de-la-copa-mundial-de-la-fifa-2026\/#primaryimage"},"thumbnailUrl":"https:\/\/www.quebakan.com\/v15\/wp-content\/uploads\/2025\/11\/jerseys-football_adidas.jpg","articleSection":["Noticias"],"inLanguage":"es"},{"@type":"WebPage","@id":"https:\/\/www.quebakan.com\/v15\/adidas-presenta-su-mayor-coleccion-de-uniformes-locales-antes-de-la-copa-mundial-de-la-fifa-2026\/","url":"https:\/\/www.quebakan.com\/v15\/adidas-presenta-su-mayor-coleccion-de-uniformes-locales-antes-de-la-copa-mundial-de-la-fifa-2026\/","name":"ADIDAS PRESENTA SU MAYOR COLECCI\u00d3N DE UNIFORMES LOCALES ANTES DE LA COPA MUNDIAL DE LA FIFA 2026\u2122 &#8211; QUEBAKAN.COM 2026: Noticias, Eventos, Conciertos y mucho m\u00e1s....","isPartOf":{"@id":"https:\/\/www.quebakan.com\/v15\/#website"},"primaryImageOfPage":{"@id":"https:\/\/www.quebakan.com\/v15\/adidas-presenta-su-mayor-coleccion-de-uniformes-locales-antes-de-la-copa-mundial-de-la-fifa-2026\/#primaryimage"},"image":{"@id":"https:\/\/www.quebakan.com\/v15\/adidas-presenta-su-mayor-coleccion-de-uniformes-locales-antes-de-la-copa-mundial-de-la-fifa-2026\/#primaryimage"},"thumbnailUrl":"https:\/\/www.quebakan.com\/v15\/wp-content\/uploads\/2025\/11\/jerseys-football_adidas.jpg","datePublished":"2025-11-07T02:27:44+00:00","breadcrumb":{"@id":"https:\/\/www.quebakan.com\/v15\/adidas-presenta-su-mayor-coleccion-de-uniformes-locales-antes-de-la-copa-mundial-de-la-fifa-2026\/#breadcrumb"},"inLanguage":"es","potentialAction":[{"@type":"ReadAction","target":["https:\/\/www.quebakan.com\/v15\/adidas-presenta-su-mayor-coleccion-de-uniformes-locales-antes-de-la-copa-mundial-de-la-fifa-2026\/"]}]},{"@type":"ImageObject","inLanguage":"es","@id":"https:\/\/www.quebakan.com\/v15\/adidas-presenta-su-mayor-coleccion-de-uniformes-locales-antes-de-la-copa-mundial-de-la-fifa-2026\/#primaryimage","url":"https:\/\/www.quebakan.com\/v15\/wp-content\/uploads\/2025\/11\/jerseys-football_adidas.jpg","contentUrl":"https:\/\/www.quebakan.com\/v15\/wp-content\/uploads\/2025\/11\/jerseys-football_adidas.jpg","width":641,"height":350},{"@type":"BreadcrumbList","@id":"https:\/\/www.quebakan.com\/v15\/adidas-presenta-su-mayor-coleccion-de-uniformes-locales-antes-de-la-copa-mundial-de-la-fifa-2026\/#breadcrumb","itemListElement":[{"@type":"ListItem","position":1,"name":"Portada","item":"https:\/\/www.quebakan.com\/v15\/"},{"@type":"ListItem","position":2,"name":"ADIDAS PRESENTA SU MAYOR COLECCI\u00d3N DE UNIFORMES LOCALES ANTES DE LA COPA MUNDIAL DE LA FIFA 2026\u2122"}]},{"@type":"WebSite","@id":"https:\/\/www.quebakan.com\/v15\/#website","url":"https:\/\/www.quebakan.com\/v15\/","name":"QUEBAKAN","description":"..","publisher":{"@id":"https:\/\/www.quebakan.com\/v15\/#organization"},"potentialAction":[{"@type":"SearchAction","target":{"@type":"EntryPoint","urlTemplate":"https:\/\/www.quebakan.com\/v15\/?s={search_term_string}"},"query-input":{"@type":"PropertyValueSpecification","valueRequired":true,"valueName":"search_term_string"}}],"inLanguage":"es"},{"@type":"Organization","@id":"https:\/\/www.quebakan.com\/v15\/#organization","name":"Quebakan.com","url":"https:\/\/www.quebakan.com\/v15\/","logo":{"@type":"ImageObject","inLanguage":"es","@id":"https:\/\/www.quebakan.com\/v15\/#\/schema\/logo\/image\/","url":"https:\/\/www.quebakan.com\/v15\/wp-content\/uploads\/2023\/07\/logoquebakanenero2021.jpg","contentUrl":"https:\/\/www.quebakan.com\/v15\/wp-content\/uploads\/2023\/07\/logoquebakanenero2021.jpg","width":1920,"height":1080,"caption":"Quebakan.com"},"image":{"@id":"https:\/\/www.quebakan.com\/v15\/#\/schema\/logo\/image\/"},"sameAs":["http:\/\/www.facebook.com\/quebakan","https:\/\/x.com\/quebakanec","http:\/\/www.instagram.com\/quebakan","http:\/\/www.youtube.com\/quebakan1"]},{"@type":"Person","@id":"https:\/\/www.quebakan.com\/v15\/#\/schema\/person\/d90fa9f9cfa81eb8ace9811e5b7b9118","name":"Erick Villafuerte","image":{"@type":"ImageObject","inLanguage":"es","@id":"https:\/\/www.quebakan.com\/v15\/wp-content\/uploads\/avatars\/4\/1731297654-bpfull.png","url":"https:\/\/www.quebakan.com\/v15\/wp-content\/uploads\/avatars\/4\/1731297654-bpfull.png","contentUrl":"https:\/\/www.quebakan.com\/v15\/wp-content\/uploads\/avatars\/4\/1731297654-bpfull.png","caption":"Erick Villafuerte"}}]}},"_links":{"self":[{"href":"https:\/\/www.quebakan.com\/v15\/wp-json\/wp\/v2\/posts\/137055","targetHints":{"allow":["GET"]}}],"collection":[{"href":"https:\/\/www.quebakan.com\/v15\/wp-json\/wp\/v2\/posts"}],"about":[{"href":"https:\/\/www.quebakan.com\/v15\/wp-json\/wp\/v2\/types\/post"}],"author":[{"embeddable":true,"href":"https:\/\/www.quebakan.com\/v15\/wp-json\/wp\/v2\/users\/4"}],"replies":[{"embeddable":true,"href":"https:\/\/www.quebakan.com\/v15\/wp-json\/wp\/v2\/comments?post=137055"}],"version-history":[{"count":1,"href":"https:\/\/www.quebakan.com\/v15\/wp-json\/wp\/v2\/posts\/137055\/revisions"}],"predecessor-version":[{"id":137057,"href":"https:\/\/www.quebakan.com\/v15\/wp-json\/wp\/v2\/posts\/137055\/revisions\/137057"}],"wp:featuredmedia":[{"embeddable":true,"href":"https:\/\/www.quebakan.com\/v15\/wp-json\/wp\/v2\/media\/137056"}],"wp:attachment":[{"href":"https:\/\/www.quebakan.com\/v15\/wp-json\/wp\/v2\/media?parent=137055"}],"wp:term":[{"taxonomy":"category","embeddable":true,"href":"https:\/\/www.quebakan.com\/v15\/wp-json\/wp\/v2\/categories?post=137055"},{"taxonomy":"post_tag","embeddable":true,"href":"https:\/\/www.quebakan.com\/v15\/wp-json\/wp\/v2\/tags?post=137055"}],"curies":[{"name":"wp","href":"https:\/\/api.w.org\/{rel}","templated":true}]}}