{"id":137058,"date":"2025-11-06T22:08:23","date_gmt":"2025-11-07T03:08:23","guid":{"rendered":"https:\/\/www.quebakan.com\/v15\/?p=137058"},"modified":"2025-11-06T22:08:23","modified_gmt":"2025-11-07T03:08:23","slug":"si-bebes-no-manejes-mensaje-de-consumo-responsable-que-se-destaco-en-este-feriado","status":"publish","type":"post","link":"https:\/\/www.quebakan.com\/v15\/si-bebes-no-manejes-mensaje-de-consumo-responsable-que-se-destaco-en-este-feriado\/","title":{"rendered":"\u201cSi bebes, no manejes\u201d mensaje de consumo responsable que se destac\u00f3 en este feriado"},"content":{"rendered":"<p><img fetchpriority=\"high\" decoding=\"async\" class=\"aligncenter size-full wp-image-137059\" src=\"https:\/\/www.quebakan.com\/v15\/wp-content\/uploads\/2025\/11\/Foto-activacion-consumo-responsable-2.jpg\" alt=\"\" width=\"700\" height=\"394\" \/><\/p>\n<p style=\"text-align: center;\"><span style=\"color: #000000;\"><strong><em>Pie de foto: Equipo de Cervecer\u00eda Nacional junto a agentes de tr\u00e1nsito.<\/em><\/strong><\/span><\/p>\n<ul style=\"text-align: justify;\">\n<li><span style=\"color: #000000;\"><em>Cervecer\u00eda Nacional, la Agencia Nacional de Tr\u00e1nsito y la Asocerv son los mentores de esta iniciativa, que busca concienciar sobre los riesgos de conducir bajo los efectos del alcohol.<\/em><\/span><\/li>\n<\/ul>\n<p style=\"text-align: justify;\"><span style=\"color: #000000;\"><strong>Noviembre, 2025.-<\/strong> Con el objetivo de promover la seguridad vial y el consumo responsable durante el feriado nacional de noviembre, Cervecer\u00eda Nacional y la Agencia Nacional de Tr\u00e1nsito (ANT) reforzaron su campa\u00f1a \u201cSi bebes, no manejes\u201d con una activaci\u00f3n especial en la v\u00eda que conecta Quito con Ambato y el resto de las ciudades de Sierra Sur.<\/span><\/p>\n<p style=\"text-align: justify;\"><span style=\"color: #000000;\">Esta actividad se realiz\u00f3 los d\u00edas 1 y 2 de noviembre en el peaje de Machachi, uno de los puntos de mayor afluencia vehicular durante el feriado. En este sitio se instal\u00f3 una valla 3D de alto impacto visual, dise\u00f1ada para captar la atenci\u00f3n de los conductores y recordar la importancia de disfrutar las celebraciones con moderaci\u00f3n.<\/span><\/p>\n<p style=\"text-align: justify;\"><span style=\"color: #000000;\">Durante la activaci\u00f3n, personal de Cervecer\u00eda Nacional y de la ANT estuvieron presentes entregando folletos con el mensaje: \u201cSi bebes, no manejes\u201d y sus consecuencias, a los viajeros que circulaban por el sector. Esta acci\u00f3n busc\u00f3 reforzar el compromiso compartido con la seguridad vial, promoviendo la prevenci\u00f3n y la toma de decisiones responsables al volante. Asimismo, la Agencia Metropolitana de Tr\u00e1nsito (AMT) acompa\u00f1\u00f3 la actividad en el sitio, con sus agentes metropolitanos.<\/span><\/p>\n<p style=\"text-align: justify;\"><span style=\"color: #000000;\">\u201c<em>Desde Cervecer\u00eda Nacional, sabemos que los feriados son d\u00edas especiales para poder compartir con amigos y familia, para hacer turismo y desde nuestra empresa queremos fomentar un consumo moderado: \u00a1que disfruten de manera inteligente y responsable, pero si beben, no manejen! Sentimos que es nuestra responsabilidad el promover un cambio de h\u00e1bito y que en cada ocasi\u00f3n de consumo siempre busquen alternativas como conductor asignado o tomar bebidas cero alcohol. \u00a0Invitamos a todos a sumarse a esta iniciativa y a vivir el consumo responsable<\/em>\u201d, se\u00f1al\u00f3 Ricardo Targino, CEO de Cervecer\u00eda Nacional.<\/span><\/p>\n<p style=\"text-align: justify;\"><span style=\"color: #000000;\">Esta activaci\u00f3n form\u00f3 parte de la alianza reci\u00e9n establecida entre Cervecer\u00eda Nacional y la ANT para promover un consumo consciente y una conducci\u00f3n responsable.<\/span><\/p>\n<p><img decoding=\"async\" class=\"aligncenter size-full wp-image-137060\" src=\"https:\/\/www.quebakan.com\/v15\/wp-content\/uploads\/2025\/11\/Foto-activacion-consumo-responsable-1.jpg\" alt=\"\" width=\"700\" height=\"394\" \/><\/p>\n<p>&nbsp;<\/p>\n<p><img decoding=\"async\" class=\"aligncenter size-full wp-image-137061\" src=\"https:\/\/www.quebakan.com\/v15\/wp-content\/uploads\/2025\/11\/Foto-activacion-consumo-responsable-3.jpg\" alt=\"\" width=\"700\" height=\"394\" \/><\/p>\n","protected":false},"excerpt":{"rendered":"<p>Pie de foto: Equipo de Cervecer\u00eda Nacional junto a agentes de tr\u00e1nsito. Cervecer\u00eda Nacional, la Agencia Nacional de Tr\u00e1nsito y la Asocerv son los mentores de esta iniciativa, que busca concienciar sobre los riesgos de conducir bajo los efectos del alcohol. Noviembre, 2025.- Con el objetivo de promover la seguridad vial y el consumo responsable [&hellip;]<\/p>\n","protected":false},"author":4,"featured_media":137059,"comment_status":"closed","ping_status":"closed","sticky":false,"template":"","format":"standard","meta":{"_bbp_topic_count":0,"_bbp_reply_count":0,"_bbp_total_topic_count":0,"_bbp_total_reply_count":0,"_bbp_voice_count":0,"_bbp_anonymous_reply_count":0,"_bbp_topic_count_hidden":0,"_bbp_reply_count_hidden":0,"_bbp_forum_subforum_count":0,"buzzeditor_post_format":"","footnotes":""},"categories":[2],"tags":[],"class_list":["post-137058","post","type-post","status-publish","format-standard","has-post-thumbnail","hentry","category-noticias"],"yoast_head":"<!-- This site is optimized with the Yoast SEO plugin v27.5 - https:\/\/yoast.com\/product\/yoast-seo-wordpress\/ -->\n<title>\u201cSi bebes, no manejes\u201d mensaje de consumo responsable que se destac\u00f3 en este feriado &#8211; QUEBAKAN.COM 2026: Noticias, Eventos, Conciertos y mucho m\u00e1s....<\/title>\n<meta name=\"robots\" content=\"index, follow, max-snippet:-1, max-image-preview:large, max-video-preview:-1\" \/>\n<link rel=\"canonical\" href=\"https:\/\/www.quebakan.com\/v15\/si-bebes-no-manejes-mensaje-de-consumo-responsable-que-se-destaco-en-este-feriado\/\" \/>\n<meta property=\"og:locale\" content=\"es_ES\" \/>\n<meta property=\"og:type\" content=\"article\" \/>\n<meta property=\"og:title\" content=\"\u201cSi bebes, no manejes\u201d mensaje de consumo responsable que se destac\u00f3 en este feriado &#8211; QUEBAKAN.COM 2026: Noticias, Eventos, Conciertos y mucho m\u00e1s....\" \/>\n<meta property=\"og:description\" content=\"Pie de foto: Equipo de Cervecer\u00eda Nacional junto a agentes de tr\u00e1nsito. Cervecer\u00eda Nacional, la Agencia Nacional de Tr\u00e1nsito y la Asocerv son los mentores de esta iniciativa, que busca concienciar sobre los riesgos de conducir bajo los efectos del alcohol. Noviembre, 2025.- Con el objetivo de promover la seguridad vial y el consumo responsable [&hellip;]\" \/>\n<meta property=\"og:url\" content=\"https:\/\/www.quebakan.com\/v15\/si-bebes-no-manejes-mensaje-de-consumo-responsable-que-se-destaco-en-este-feriado\/\" \/>\n<meta property=\"og:site_name\" content=\"QUEBAKAN.COM 2026: Noticias, Eventos, Conciertos y mucho m\u00e1s....\" \/>\n<meta property=\"article:publisher\" content=\"http:\/\/www.facebook.com\/quebakan\" \/>\n<meta property=\"article:published_time\" content=\"2025-11-07T03:08:23+00:00\" \/>\n<meta property=\"og:image\" content=\"https:\/\/www.quebakan.com\/v15\/wp-content\/uploads\/2025\/11\/Foto-activacion-consumo-responsable-2.jpg\" \/>\n\t<meta property=\"og:image:width\" content=\"700\" \/>\n\t<meta property=\"og:image:height\" content=\"394\" \/>\n\t<meta property=\"og:image:type\" content=\"image\/jpeg\" \/>\n<meta name=\"author\" content=\"Erick Villafuerte\" \/>\n<meta name=\"twitter:card\" content=\"summary_large_image\" \/>\n<meta name=\"twitter:creator\" content=\"@quebakanec\" \/>\n<meta name=\"twitter:site\" content=\"@quebakanec\" \/>\n<meta name=\"twitter:label1\" content=\"Escrito por\" \/>\n\t<meta name=\"twitter:data1\" content=\"Erick Villafuerte\" \/>\n\t<meta name=\"twitter:label2\" content=\"Tiempo de lectura\" \/>\n\t<meta name=\"twitter:data2\" content=\"3 minutos\" \/>\n<script type=\"application\/ld+json\" class=\"yoast-schema-graph\">{\"@context\":\"https:\\\/\\\/schema.org\",\"@graph\":[{\"@type\":\"Article\",\"@id\":\"https:\\\/\\\/www.quebakan.com\\\/v15\\\/si-bebes-no-manejes-mensaje-de-consumo-responsable-que-se-destaco-en-este-feriado\\\/#article\",\"isPartOf\":{\"@id\":\"https:\\\/\\\/www.quebakan.com\\\/v15\\\/si-bebes-no-manejes-mensaje-de-consumo-responsable-que-se-destaco-en-este-feriado\\\/\"},\"author\":{\"name\":\"Erick Villafuerte\",\"@id\":\"https:\\\/\\\/www.quebakan.com\\\/v15\\\/#\\\/schema\\\/person\\\/d90fa9f9cfa81eb8ace9811e5b7b9118\"},\"headline\":\"\u201cSi bebes, no manejes\u201d mensaje de consumo responsable que se destac\u00f3 en este feriado\",\"datePublished\":\"2025-11-07T03:08:23+00:00\",\"mainEntityOfPage\":{\"@id\":\"https:\\\/\\\/www.quebakan.com\\\/v15\\\/si-bebes-no-manejes-mensaje-de-consumo-responsable-que-se-destaco-en-este-feriado\\\/\"},\"wordCount\":383,\"publisher\":{\"@id\":\"https:\\\/\\\/www.quebakan.com\\\/v15\\\/#organization\"},\"image\":{\"@id\":\"https:\\\/\\\/www.quebakan.com\\\/v15\\\/si-bebes-no-manejes-mensaje-de-consumo-responsable-que-se-destaco-en-este-feriado\\\/#primaryimage\"},\"thumbnailUrl\":\"https:\\\/\\\/www.quebakan.com\\\/v15\\\/wp-content\\\/uploads\\\/2025\\\/11\\\/Foto-activacion-consumo-responsable-2.jpg\",\"articleSection\":[\"Noticias\"],\"inLanguage\":\"es\"},{\"@type\":\"WebPage\",\"@id\":\"https:\\\/\\\/www.quebakan.com\\\/v15\\\/si-bebes-no-manejes-mensaje-de-consumo-responsable-que-se-destaco-en-este-feriado\\\/\",\"url\":\"https:\\\/\\\/www.quebakan.com\\\/v15\\\/si-bebes-no-manejes-mensaje-de-consumo-responsable-que-se-destaco-en-este-feriado\\\/\",\"name\":\"\u201cSi bebes, no manejes\u201d mensaje de consumo responsable que se destac\u00f3 en este feriado &#8211; QUEBAKAN.COM 2026: Noticias, Eventos, Conciertos y mucho m\u00e1s....\",\"isPartOf\":{\"@id\":\"https:\\\/\\\/www.quebakan.com\\\/v15\\\/#website\"},\"primaryImageOfPage\":{\"@id\":\"https:\\\/\\\/www.quebakan.com\\\/v15\\\/si-bebes-no-manejes-mensaje-de-consumo-responsable-que-se-destaco-en-este-feriado\\\/#primaryimage\"},\"image\":{\"@id\":\"https:\\\/\\\/www.quebakan.com\\\/v15\\\/si-bebes-no-manejes-mensaje-de-consumo-responsable-que-se-destaco-en-este-feriado\\\/#primaryimage\"},\"thumbnailUrl\":\"https:\\\/\\\/www.quebakan.com\\\/v15\\\/wp-content\\\/uploads\\\/2025\\\/11\\\/Foto-activacion-consumo-responsable-2.jpg\",\"datePublished\":\"2025-11-07T03:08:23+00:00\",\"breadcrumb\":{\"@id\":\"https:\\\/\\\/www.quebakan.com\\\/v15\\\/si-bebes-no-manejes-mensaje-de-consumo-responsable-que-se-destaco-en-este-feriado\\\/#breadcrumb\"},\"inLanguage\":\"es\",\"potentialAction\":[{\"@type\":\"ReadAction\",\"target\":[\"https:\\\/\\\/www.quebakan.com\\\/v15\\\/si-bebes-no-manejes-mensaje-de-consumo-responsable-que-se-destaco-en-este-feriado\\\/\"]}]},{\"@type\":\"ImageObject\",\"inLanguage\":\"es\",\"@id\":\"https:\\\/\\\/www.quebakan.com\\\/v15\\\/si-bebes-no-manejes-mensaje-de-consumo-responsable-que-se-destaco-en-este-feriado\\\/#primaryimage\",\"url\":\"https:\\\/\\\/www.quebakan.com\\\/v15\\\/wp-content\\\/uploads\\\/2025\\\/11\\\/Foto-activacion-consumo-responsable-2.jpg\",\"contentUrl\":\"https:\\\/\\\/www.quebakan.com\\\/v15\\\/wp-content\\\/uploads\\\/2025\\\/11\\\/Foto-activacion-consumo-responsable-2.jpg\",\"width\":700,\"height\":394},{\"@type\":\"BreadcrumbList\",\"@id\":\"https:\\\/\\\/www.quebakan.com\\\/v15\\\/si-bebes-no-manejes-mensaje-de-consumo-responsable-que-se-destaco-en-este-feriado\\\/#breadcrumb\",\"itemListElement\":[{\"@type\":\"ListItem\",\"position\":1,\"name\":\"Portada\",\"item\":\"https:\\\/\\\/www.quebakan.com\\\/v15\\\/\"},{\"@type\":\"ListItem\",\"position\":2,\"name\":\"\u201cSi bebes, no manejes\u201d mensaje de consumo responsable que se destac\u00f3 en este feriado\"}]},{\"@type\":\"WebSite\",\"@id\":\"https:\\\/\\\/www.quebakan.com\\\/v15\\\/#website\",\"url\":\"https:\\\/\\\/www.quebakan.com\\\/v15\\\/\",\"name\":\"QUEBAKAN\",\"description\":\"..\",\"publisher\":{\"@id\":\"https:\\\/\\\/www.quebakan.com\\\/v15\\\/#organization\"},\"potentialAction\":[{\"@type\":\"SearchAction\",\"target\":{\"@type\":\"EntryPoint\",\"urlTemplate\":\"https:\\\/\\\/www.quebakan.com\\\/v15\\\/?s={search_term_string}\"},\"query-input\":{\"@type\":\"PropertyValueSpecification\",\"valueRequired\":true,\"valueName\":\"search_term_string\"}}],\"inLanguage\":\"es\"},{\"@type\":\"Organization\",\"@id\":\"https:\\\/\\\/www.quebakan.com\\\/v15\\\/#organization\",\"name\":\"Quebakan.com\",\"url\":\"https:\\\/\\\/www.quebakan.com\\\/v15\\\/\",\"logo\":{\"@type\":\"ImageObject\",\"inLanguage\":\"es\",\"@id\":\"https:\\\/\\\/www.quebakan.com\\\/v15\\\/#\\\/schema\\\/logo\\\/image\\\/\",\"url\":\"https:\\\/\\\/www.quebakan.com\\\/v15\\\/wp-content\\\/uploads\\\/2023\\\/07\\\/logoquebakanenero2021.jpg\",\"contentUrl\":\"https:\\\/\\\/www.quebakan.com\\\/v15\\\/wp-content\\\/uploads\\\/2023\\\/07\\\/logoquebakanenero2021.jpg\",\"width\":1920,\"height\":1080,\"caption\":\"Quebakan.com\"},\"image\":{\"@id\":\"https:\\\/\\\/www.quebakan.com\\\/v15\\\/#\\\/schema\\\/logo\\\/image\\\/\"},\"sameAs\":[\"http:\\\/\\\/www.facebook.com\\\/quebakan\",\"https:\\\/\\\/x.com\\\/quebakanec\",\"http:\\\/\\\/www.instagram.com\\\/quebakan\",\"http:\\\/\\\/www.youtube.com\\\/quebakan1\"]},{\"@type\":\"Person\",\"@id\":\"https:\\\/\\\/www.quebakan.com\\\/v15\\\/#\\\/schema\\\/person\\\/d90fa9f9cfa81eb8ace9811e5b7b9118\",\"name\":\"Erick Villafuerte\",\"image\":{\"@type\":\"ImageObject\",\"inLanguage\":\"es\",\"@id\":\"https:\\\/\\\/www.quebakan.com\\\/v15\\\/wp-content\\\/uploads\\\/avatars\\\/4\\\/1731297654-bpfull.png\",\"url\":\"https:\\\/\\\/www.quebakan.com\\\/v15\\\/wp-content\\\/uploads\\\/avatars\\\/4\\\/1731297654-bpfull.png\",\"contentUrl\":\"https:\\\/\\\/www.quebakan.com\\\/v15\\\/wp-content\\\/uploads\\\/avatars\\\/4\\\/1731297654-bpfull.png\",\"caption\":\"Erick Villafuerte\"}}]}<\/script>\n<!-- \/ Yoast SEO plugin. -->","yoast_head_json":{"title":"\u201cSi bebes, no manejes\u201d mensaje de consumo responsable que se destac\u00f3 en este feriado &#8211; QUEBAKAN.COM 2026: Noticias, Eventos, Conciertos y mucho m\u00e1s....","robots":{"index":"index","follow":"follow","max-snippet":"max-snippet:-1","max-image-preview":"max-image-preview:large","max-video-preview":"max-video-preview:-1"},"canonical":"https:\/\/www.quebakan.com\/v15\/si-bebes-no-manejes-mensaje-de-consumo-responsable-que-se-destaco-en-este-feriado\/","og_locale":"es_ES","og_type":"article","og_title":"\u201cSi bebes, no manejes\u201d mensaje de consumo responsable que se destac\u00f3 en este feriado &#8211; QUEBAKAN.COM 2026: Noticias, Eventos, Conciertos y mucho m\u00e1s....","og_description":"Pie de foto: Equipo de Cervecer\u00eda Nacional junto a agentes de tr\u00e1nsito. Cervecer\u00eda Nacional, la Agencia Nacional de Tr\u00e1nsito y la Asocerv son los mentores de esta iniciativa, que busca concienciar sobre los riesgos de conducir bajo los efectos del alcohol. Noviembre, 2025.- Con el objetivo de promover la seguridad vial y el consumo responsable [&hellip;]","og_url":"https:\/\/www.quebakan.com\/v15\/si-bebes-no-manejes-mensaje-de-consumo-responsable-que-se-destaco-en-este-feriado\/","og_site_name":"QUEBAKAN.COM 2026: Noticias, Eventos, Conciertos y mucho m\u00e1s....","article_publisher":"http:\/\/www.facebook.com\/quebakan","article_published_time":"2025-11-07T03:08:23+00:00","og_image":[{"width":700,"height":394,"url":"https:\/\/www.quebakan.com\/v15\/wp-content\/uploads\/2025\/11\/Foto-activacion-consumo-responsable-2.jpg","type":"image\/jpeg"}],"author":"Erick Villafuerte","twitter_card":"summary_large_image","twitter_creator":"@quebakanec","twitter_site":"@quebakanec","twitter_misc":{"Escrito por":"Erick Villafuerte","Tiempo de lectura":"3 minutos"},"schema":{"@context":"https:\/\/schema.org","@graph":[{"@type":"Article","@id":"https:\/\/www.quebakan.com\/v15\/si-bebes-no-manejes-mensaje-de-consumo-responsable-que-se-destaco-en-este-feriado\/#article","isPartOf":{"@id":"https:\/\/www.quebakan.com\/v15\/si-bebes-no-manejes-mensaje-de-consumo-responsable-que-se-destaco-en-este-feriado\/"},"author":{"name":"Erick Villafuerte","@id":"https:\/\/www.quebakan.com\/v15\/#\/schema\/person\/d90fa9f9cfa81eb8ace9811e5b7b9118"},"headline":"\u201cSi bebes, no manejes\u201d mensaje de consumo responsable que se destac\u00f3 en este feriado","datePublished":"2025-11-07T03:08:23+00:00","mainEntityOfPage":{"@id":"https:\/\/www.quebakan.com\/v15\/si-bebes-no-manejes-mensaje-de-consumo-responsable-que-se-destaco-en-este-feriado\/"},"wordCount":383,"publisher":{"@id":"https:\/\/www.quebakan.com\/v15\/#organization"},"image":{"@id":"https:\/\/www.quebakan.com\/v15\/si-bebes-no-manejes-mensaje-de-consumo-responsable-que-se-destaco-en-este-feriado\/#primaryimage"},"thumbnailUrl":"https:\/\/www.quebakan.com\/v15\/wp-content\/uploads\/2025\/11\/Foto-activacion-consumo-responsable-2.jpg","articleSection":["Noticias"],"inLanguage":"es"},{"@type":"WebPage","@id":"https:\/\/www.quebakan.com\/v15\/si-bebes-no-manejes-mensaje-de-consumo-responsable-que-se-destaco-en-este-feriado\/","url":"https:\/\/www.quebakan.com\/v15\/si-bebes-no-manejes-mensaje-de-consumo-responsable-que-se-destaco-en-este-feriado\/","name":"\u201cSi bebes, no manejes\u201d mensaje de consumo responsable que se destac\u00f3 en este feriado &#8211; QUEBAKAN.COM 2026: Noticias, Eventos, Conciertos y mucho m\u00e1s....","isPartOf":{"@id":"https:\/\/www.quebakan.com\/v15\/#website"},"primaryImageOfPage":{"@id":"https:\/\/www.quebakan.com\/v15\/si-bebes-no-manejes-mensaje-de-consumo-responsable-que-se-destaco-en-este-feriado\/#primaryimage"},"image":{"@id":"https:\/\/www.quebakan.com\/v15\/si-bebes-no-manejes-mensaje-de-consumo-responsable-que-se-destaco-en-este-feriado\/#primaryimage"},"thumbnailUrl":"https:\/\/www.quebakan.com\/v15\/wp-content\/uploads\/2025\/11\/Foto-activacion-consumo-responsable-2.jpg","datePublished":"2025-11-07T03:08:23+00:00","breadcrumb":{"@id":"https:\/\/www.quebakan.com\/v15\/si-bebes-no-manejes-mensaje-de-consumo-responsable-que-se-destaco-en-este-feriado\/#breadcrumb"},"inLanguage":"es","potentialAction":[{"@type":"ReadAction","target":["https:\/\/www.quebakan.com\/v15\/si-bebes-no-manejes-mensaje-de-consumo-responsable-que-se-destaco-en-este-feriado\/"]}]},{"@type":"ImageObject","inLanguage":"es","@id":"https:\/\/www.quebakan.com\/v15\/si-bebes-no-manejes-mensaje-de-consumo-responsable-que-se-destaco-en-este-feriado\/#primaryimage","url":"https:\/\/www.quebakan.com\/v15\/wp-content\/uploads\/2025\/11\/Foto-activacion-consumo-responsable-2.jpg","contentUrl":"https:\/\/www.quebakan.com\/v15\/wp-content\/uploads\/2025\/11\/Foto-activacion-consumo-responsable-2.jpg","width":700,"height":394},{"@type":"BreadcrumbList","@id":"https:\/\/www.quebakan.com\/v15\/si-bebes-no-manejes-mensaje-de-consumo-responsable-que-se-destaco-en-este-feriado\/#breadcrumb","itemListElement":[{"@type":"ListItem","position":1,"name":"Portada","item":"https:\/\/www.quebakan.com\/v15\/"},{"@type":"ListItem","position":2,"name":"\u201cSi bebes, no manejes\u201d mensaje de consumo responsable que se destac\u00f3 en este feriado"}]},{"@type":"WebSite","@id":"https:\/\/www.quebakan.com\/v15\/#website","url":"https:\/\/www.quebakan.com\/v15\/","name":"QUEBAKAN","description":"..","publisher":{"@id":"https:\/\/www.quebakan.com\/v15\/#organization"},"potentialAction":[{"@type":"SearchAction","target":{"@type":"EntryPoint","urlTemplate":"https:\/\/www.quebakan.com\/v15\/?s={search_term_string}"},"query-input":{"@type":"PropertyValueSpecification","valueRequired":true,"valueName":"search_term_string"}}],"inLanguage":"es"},{"@type":"Organization","@id":"https:\/\/www.quebakan.com\/v15\/#organization","name":"Quebakan.com","url":"https:\/\/www.quebakan.com\/v15\/","logo":{"@type":"ImageObject","inLanguage":"es","@id":"https:\/\/www.quebakan.com\/v15\/#\/schema\/logo\/image\/","url":"https:\/\/www.quebakan.com\/v15\/wp-content\/uploads\/2023\/07\/logoquebakanenero2021.jpg","contentUrl":"https:\/\/www.quebakan.com\/v15\/wp-content\/uploads\/2023\/07\/logoquebakanenero2021.jpg","width":1920,"height":1080,"caption":"Quebakan.com"},"image":{"@id":"https:\/\/www.quebakan.com\/v15\/#\/schema\/logo\/image\/"},"sameAs":["http:\/\/www.facebook.com\/quebakan","https:\/\/x.com\/quebakanec","http:\/\/www.instagram.com\/quebakan","http:\/\/www.youtube.com\/quebakan1"]},{"@type":"Person","@id":"https:\/\/www.quebakan.com\/v15\/#\/schema\/person\/d90fa9f9cfa81eb8ace9811e5b7b9118","name":"Erick Villafuerte","image":{"@type":"ImageObject","inLanguage":"es","@id":"https:\/\/www.quebakan.com\/v15\/wp-content\/uploads\/avatars\/4\/1731297654-bpfull.png","url":"https:\/\/www.quebakan.com\/v15\/wp-content\/uploads\/avatars\/4\/1731297654-bpfull.png","contentUrl":"https:\/\/www.quebakan.com\/v15\/wp-content\/uploads\/avatars\/4\/1731297654-bpfull.png","caption":"Erick Villafuerte"}}]}},"_links":{"self":[{"href":"https:\/\/www.quebakan.com\/v15\/wp-json\/wp\/v2\/posts\/137058","targetHints":{"allow":["GET"]}}],"collection":[{"href":"https:\/\/www.quebakan.com\/v15\/wp-json\/wp\/v2\/posts"}],"about":[{"href":"https:\/\/www.quebakan.com\/v15\/wp-json\/wp\/v2\/types\/post"}],"author":[{"embeddable":true,"href":"https:\/\/www.quebakan.com\/v15\/wp-json\/wp\/v2\/users\/4"}],"replies":[{"embeddable":true,"href":"https:\/\/www.quebakan.com\/v15\/wp-json\/wp\/v2\/comments?post=137058"}],"version-history":[{"count":1,"href":"https:\/\/www.quebakan.com\/v15\/wp-json\/wp\/v2\/posts\/137058\/revisions"}],"predecessor-version":[{"id":137062,"href":"https:\/\/www.quebakan.com\/v15\/wp-json\/wp\/v2\/posts\/137058\/revisions\/137062"}],"wp:featuredmedia":[{"embeddable":true,"href":"https:\/\/www.quebakan.com\/v15\/wp-json\/wp\/v2\/media\/137059"}],"wp:attachment":[{"href":"https:\/\/www.quebakan.com\/v15\/wp-json\/wp\/v2\/media?parent=137058"}],"wp:term":[{"taxonomy":"category","embeddable":true,"href":"https:\/\/www.quebakan.com\/v15\/wp-json\/wp\/v2\/categories?post=137058"},{"taxonomy":"post_tag","embeddable":true,"href":"https:\/\/www.quebakan.com\/v15\/wp-json\/wp\/v2\/tags?post=137058"}],"curies":[{"name":"wp","href":"https:\/\/api.w.org\/{rel}","templated":true}]}}