{"id":137063,"date":"2025-11-06T22:24:19","date_gmt":"2025-11-07T03:24:19","guid":{"rendered":"https:\/\/www.quebakan.com\/v15\/?p=137063"},"modified":"2025-11-06T22:24:19","modified_gmt":"2025-11-07T03:24:19","slug":"byd-expande-su-presencia-a-nivel-nacional-y-duplicara-su-red-de-concesionarios-para-finales-del-2025","status":"publish","type":"post","link":"https:\/\/www.quebakan.com\/v15\/byd-expande-su-presencia-a-nivel-nacional-y-duplicara-su-red-de-concesionarios-para-finales-del-2025\/","title":{"rendered":"BYD expande su presencia a nivel nacional y duplicar\u00e1 su red de concesionarios para finales del 2025"},"content":{"rendered":"<p><img fetchpriority=\"high\" decoding=\"async\" class=\"aligncenter size-full wp-image-137064\" src=\"https:\/\/www.quebakan.com\/v15\/wp-content\/uploads\/2025\/11\/251106_Aperturas_BYD.jpg\" alt=\"\" width=\"700\" height=\"542\" \/><\/p>\n<p style=\"text-align: justify;\"><span style=\"color: #000000;\"><strong><em>Pie de foto (de izquierda a derecha): <\/em><\/strong><em>\u00a0Luis Aveiga, Jefe de Ventas Manta; Sim\u00f3n P\u00e9rez, Gerente General de Andor Corp; y Rodrigo Montoya, Gerente Comercial de Andor Corp durante la apertura del nuevo concesionario en Manta.<\/em><\/span><\/p>\n<ul style=\"text-align: justify;\">\n<li><span style=\"color: #000000;\"><em>La marca inaugur\u00f3 tres concesionarios en Manta, Machala y Santo Domingo de los Ts\u00e1chilas.<\/em><\/span><\/li>\n<li><span style=\"color: #000000;\"><em>Estos nuevos puntos forman parte del fortalecimiento de la red comercial de BYD en el pa\u00eds, liderado por Andor Corp, con el objetivo de acercar la movilidad el\u00e9ctrica a m\u00e1s ciudades.<\/em><\/span><\/li>\n<\/ul>\n<p style=\"text-align: justify;\"><span style=\"color: #000000;\"><strong>Quito, noviembre de 2025. <\/strong>En l\u00ednea con su estrategia de expansi\u00f3n y su compromiso con el impulso de la movilidad sostenible en el pa\u00eds, Andor Corp <strong>anuncia la apertura de tres nuevos concesionarios BYD en Ecuador<\/strong>. Con una <strong>inversi\u00f3n de alrededor de USD 800.000<\/strong>, y la generaci\u00f3n de m\u00faltiples plazas de trabajo, la marca contin\u00faa fortaleciendo su red comercial con<strong> nuevos puntos en Manta<\/strong> (en la Plaza Comercial La Quadra), <strong>Machala<\/strong> (Av. 25 de Junio km. 3 \u00bd v\u00eda a Pasaje) y<strong> Santo Domingo de los Ts\u00e1chilas<\/strong> (en Bombol\u00ed Shopping).<\/span><\/p>\n<p style=\"text-align: justify;\"><span style=\"color: #000000;\">BYD consolida tambi\u00e9n su presencia en Quito, con la oferta de su portafolio completo de veh\u00edculos en tres agencias, una de ellas al norte de la capital y dos en el Valle de Los Chillos. Adem\u00e1s, antes del cierre del a\u00f1o se inaugurar\u00e1n locales en <strong>Ambato, Ibarra y Samborond\u00f3n<\/strong>, con lo cual habr\u00e1 duplicado sus agencias, pasando de diez a veinte concesionarios.<\/span><\/p>\n<p style=\"text-align: justify;\"><span style=\"color: #000000;\">De acuerdo con Sim\u00f3n P\u00e9rez, Gerente General de Andor Corp en Ecuador, esta expansi\u00f3n responde a la creciente demanda que los ecuatorianos tienen de soluciones de movilidad limpia, eficiente y con tecnolog\u00eda de punta. Esta tendencia fue evidenciada en el \u00faltimo reporte de la Asociaci\u00f3n de Empresas Automotrices del Ecuador (AEADE), que se\u00f1ala que las ventas de las unidades el\u00e9ctricas en el pa\u00eds incrementaron en un 399% en septiembre de 2025 versus el mismo mes del 2024, siendo BYD la marca m\u00e1s elegida por los compradores; y en lo que va del a\u00f1o, la categor\u00eda registra un crecimiento del 180% respecto al a\u00f1o anterior.<\/span><\/p>\n<p style=\"text-align: justify;\"><span style=\"color: #000000;\">Las nuevas aperturas se suman a una red de distribuci\u00f3n con la que la marca busca ofrecer tecnolog\u00eda y una experiencia completa: desde atenci\u00f3n personalizada, hasta pruebas de manejo, planes de financiamiento atractivos, y servicios postventa especializados. As\u00ed, se busca mantener un crecimiento sostenido de las dos tecnolog\u00edas de la marca: los autos 100% el\u00e9ctricos y los s\u00faper h\u00edbridos (h\u00edbridos enchufables), que garantizan alto rendimiento y eficiencia energ\u00e9tica.<\/span><\/p>\n<p style=\"text-align: justify;\"><span style=\"color: #000000;\">De esta manera, BYD fortalece su posicionamiento como l\u00edder en la transformaci\u00f3n del parque automotor ecuatoriano, y reafirma su objetivo de continuar acerc\u00e1ndose a la comunidad con un portafolio vanguardista e infraestructura cercana, adem\u00e1s de seguir promoviendo su prop\u00f3sito de enfriar el planeta en 1\u00b0C.<\/span><\/p>\n","protected":false},"excerpt":{"rendered":"<p>Pie de foto (de izquierda a derecha): \u00a0Luis Aveiga, Jefe de Ventas Manta; Sim\u00f3n P\u00e9rez, Gerente General de Andor Corp; y Rodrigo Montoya, Gerente Comercial de Andor Corp durante la apertura del nuevo concesionario en Manta. La marca inaugur\u00f3 tres concesionarios en Manta, Machala y Santo Domingo de los Ts\u00e1chilas. Estos nuevos puntos forman parte [&hellip;]<\/p>\n","protected":false},"author":4,"featured_media":137064,"comment_status":"closed","ping_status":"closed","sticky":false,"template":"","format":"standard","meta":{"_bbp_topic_count":0,"_bbp_reply_count":0,"_bbp_total_topic_count":0,"_bbp_total_reply_count":0,"_bbp_voice_count":0,"_bbp_anonymous_reply_count":0,"_bbp_topic_count_hidden":0,"_bbp_reply_count_hidden":0,"_bbp_forum_subforum_count":0,"buzzeditor_post_format":"","footnotes":""},"categories":[2],"tags":[],"class_list":["post-137063","post","type-post","status-publish","format-standard","has-post-thumbnail","hentry","category-noticias"],"yoast_head":"<!-- This site is optimized with the Yoast SEO plugin v27.5 - https:\/\/yoast.com\/product\/yoast-seo-wordpress\/ -->\n<title>BYD expande su presencia a nivel nacional y duplicar\u00e1 su red de concesionarios para finales del 2025 &#8211; QUEBAKAN.COM 2026: Noticias, Eventos, Conciertos y mucho m\u00e1s....<\/title>\n<meta name=\"robots\" content=\"index, follow, max-snippet:-1, max-image-preview:large, max-video-preview:-1\" \/>\n<link rel=\"canonical\" href=\"https:\/\/www.quebakan.com\/v15\/byd-expande-su-presencia-a-nivel-nacional-y-duplicara-su-red-de-concesionarios-para-finales-del-2025\/\" \/>\n<meta property=\"og:locale\" content=\"es_ES\" \/>\n<meta property=\"og:type\" content=\"article\" \/>\n<meta property=\"og:title\" content=\"BYD expande su presencia a nivel nacional y duplicar\u00e1 su red de concesionarios para finales del 2025 &#8211; QUEBAKAN.COM 2026: Noticias, Eventos, Conciertos y mucho m\u00e1s....\" \/>\n<meta property=\"og:description\" content=\"Pie de foto (de izquierda a derecha): \u00a0Luis Aveiga, Jefe de Ventas Manta; Sim\u00f3n P\u00e9rez, Gerente General de Andor Corp; y Rodrigo Montoya, Gerente Comercial de Andor Corp durante la apertura del nuevo concesionario en Manta. La marca inaugur\u00f3 tres concesionarios en Manta, Machala y Santo Domingo de los Ts\u00e1chilas. Estos nuevos puntos forman parte [&hellip;]\" \/>\n<meta property=\"og:url\" content=\"https:\/\/www.quebakan.com\/v15\/byd-expande-su-presencia-a-nivel-nacional-y-duplicara-su-red-de-concesionarios-para-finales-del-2025\/\" \/>\n<meta property=\"og:site_name\" content=\"QUEBAKAN.COM 2026: Noticias, Eventos, Conciertos y mucho m\u00e1s....\" \/>\n<meta property=\"article:publisher\" content=\"http:\/\/www.facebook.com\/quebakan\" \/>\n<meta property=\"article:published_time\" content=\"2025-11-07T03:24:19+00:00\" \/>\n<meta property=\"og:image\" content=\"https:\/\/www.quebakan.com\/v15\/wp-content\/uploads\/2025\/11\/251106_Aperturas_BYD.jpg\" \/>\n\t<meta property=\"og:image:width\" content=\"700\" \/>\n\t<meta property=\"og:image:height\" content=\"542\" \/>\n\t<meta property=\"og:image:type\" content=\"image\/jpeg\" \/>\n<meta name=\"author\" content=\"Erick Villafuerte\" \/>\n<meta name=\"twitter:card\" content=\"summary_large_image\" \/>\n<meta name=\"twitter:creator\" content=\"@quebakanec\" \/>\n<meta name=\"twitter:site\" content=\"@quebakanec\" \/>\n<meta name=\"twitter:label1\" content=\"Escrito por\" \/>\n\t<meta name=\"twitter:data1\" content=\"Erick Villafuerte\" \/>\n\t<meta name=\"twitter:label2\" content=\"Tiempo de lectura\" \/>\n\t<meta name=\"twitter:data2\" content=\"3 minutos\" \/>\n<script type=\"application\/ld+json\" class=\"yoast-schema-graph\">{\"@context\":\"https:\\\/\\\/schema.org\",\"@graph\":[{\"@type\":\"Article\",\"@id\":\"https:\\\/\\\/www.quebakan.com\\\/v15\\\/byd-expande-su-presencia-a-nivel-nacional-y-duplicara-su-red-de-concesionarios-para-finales-del-2025\\\/#article\",\"isPartOf\":{\"@id\":\"https:\\\/\\\/www.quebakan.com\\\/v15\\\/byd-expande-su-presencia-a-nivel-nacional-y-duplicara-su-red-de-concesionarios-para-finales-del-2025\\\/\"},\"author\":{\"name\":\"Erick Villafuerte\",\"@id\":\"https:\\\/\\\/www.quebakan.com\\\/v15\\\/#\\\/schema\\\/person\\\/d90fa9f9cfa81eb8ace9811e5b7b9118\"},\"headline\":\"BYD expande su presencia a nivel nacional y duplicar\u00e1 su red de concesionarios para finales del 2025\",\"datePublished\":\"2025-11-07T03:24:19+00:00\",\"mainEntityOfPage\":{\"@id\":\"https:\\\/\\\/www.quebakan.com\\\/v15\\\/byd-expande-su-presencia-a-nivel-nacional-y-duplicara-su-red-de-concesionarios-para-finales-del-2025\\\/\"},\"wordCount\":503,\"publisher\":{\"@id\":\"https:\\\/\\\/www.quebakan.com\\\/v15\\\/#organization\"},\"image\":{\"@id\":\"https:\\\/\\\/www.quebakan.com\\\/v15\\\/byd-expande-su-presencia-a-nivel-nacional-y-duplicara-su-red-de-concesionarios-para-finales-del-2025\\\/#primaryimage\"},\"thumbnailUrl\":\"https:\\\/\\\/www.quebakan.com\\\/v15\\\/wp-content\\\/uploads\\\/2025\\\/11\\\/251106_Aperturas_BYD.jpg\",\"articleSection\":[\"Noticias\"],\"inLanguage\":\"es\"},{\"@type\":\"WebPage\",\"@id\":\"https:\\\/\\\/www.quebakan.com\\\/v15\\\/byd-expande-su-presencia-a-nivel-nacional-y-duplicara-su-red-de-concesionarios-para-finales-del-2025\\\/\",\"url\":\"https:\\\/\\\/www.quebakan.com\\\/v15\\\/byd-expande-su-presencia-a-nivel-nacional-y-duplicara-su-red-de-concesionarios-para-finales-del-2025\\\/\",\"name\":\"BYD expande su presencia a nivel nacional y duplicar\u00e1 su red de concesionarios para finales del 2025 &#8211; QUEBAKAN.COM 2026: Noticias, Eventos, Conciertos y mucho m\u00e1s....\",\"isPartOf\":{\"@id\":\"https:\\\/\\\/www.quebakan.com\\\/v15\\\/#website\"},\"primaryImageOfPage\":{\"@id\":\"https:\\\/\\\/www.quebakan.com\\\/v15\\\/byd-expande-su-presencia-a-nivel-nacional-y-duplicara-su-red-de-concesionarios-para-finales-del-2025\\\/#primaryimage\"},\"image\":{\"@id\":\"https:\\\/\\\/www.quebakan.com\\\/v15\\\/byd-expande-su-presencia-a-nivel-nacional-y-duplicara-su-red-de-concesionarios-para-finales-del-2025\\\/#primaryimage\"},\"thumbnailUrl\":\"https:\\\/\\\/www.quebakan.com\\\/v15\\\/wp-content\\\/uploads\\\/2025\\\/11\\\/251106_Aperturas_BYD.jpg\",\"datePublished\":\"2025-11-07T03:24:19+00:00\",\"breadcrumb\":{\"@id\":\"https:\\\/\\\/www.quebakan.com\\\/v15\\\/byd-expande-su-presencia-a-nivel-nacional-y-duplicara-su-red-de-concesionarios-para-finales-del-2025\\\/#breadcrumb\"},\"inLanguage\":\"es\",\"potentialAction\":[{\"@type\":\"ReadAction\",\"target\":[\"https:\\\/\\\/www.quebakan.com\\\/v15\\\/byd-expande-su-presencia-a-nivel-nacional-y-duplicara-su-red-de-concesionarios-para-finales-del-2025\\\/\"]}]},{\"@type\":\"ImageObject\",\"inLanguage\":\"es\",\"@id\":\"https:\\\/\\\/www.quebakan.com\\\/v15\\\/byd-expande-su-presencia-a-nivel-nacional-y-duplicara-su-red-de-concesionarios-para-finales-del-2025\\\/#primaryimage\",\"url\":\"https:\\\/\\\/www.quebakan.com\\\/v15\\\/wp-content\\\/uploads\\\/2025\\\/11\\\/251106_Aperturas_BYD.jpg\",\"contentUrl\":\"https:\\\/\\\/www.quebakan.com\\\/v15\\\/wp-content\\\/uploads\\\/2025\\\/11\\\/251106_Aperturas_BYD.jpg\",\"width\":700,\"height\":542},{\"@type\":\"BreadcrumbList\",\"@id\":\"https:\\\/\\\/www.quebakan.com\\\/v15\\\/byd-expande-su-presencia-a-nivel-nacional-y-duplicara-su-red-de-concesionarios-para-finales-del-2025\\\/#breadcrumb\",\"itemListElement\":[{\"@type\":\"ListItem\",\"position\":1,\"name\":\"Portada\",\"item\":\"https:\\\/\\\/www.quebakan.com\\\/v15\\\/\"},{\"@type\":\"ListItem\",\"position\":2,\"name\":\"BYD expande su presencia a nivel nacional y duplicar\u00e1 su red de concesionarios para finales del 2025\"}]},{\"@type\":\"WebSite\",\"@id\":\"https:\\\/\\\/www.quebakan.com\\\/v15\\\/#website\",\"url\":\"https:\\\/\\\/www.quebakan.com\\\/v15\\\/\",\"name\":\"QUEBAKAN\",\"description\":\"..\",\"publisher\":{\"@id\":\"https:\\\/\\\/www.quebakan.com\\\/v15\\\/#organization\"},\"potentialAction\":[{\"@type\":\"SearchAction\",\"target\":{\"@type\":\"EntryPoint\",\"urlTemplate\":\"https:\\\/\\\/www.quebakan.com\\\/v15\\\/?s={search_term_string}\"},\"query-input\":{\"@type\":\"PropertyValueSpecification\",\"valueRequired\":true,\"valueName\":\"search_term_string\"}}],\"inLanguage\":\"es\"},{\"@type\":\"Organization\",\"@id\":\"https:\\\/\\\/www.quebakan.com\\\/v15\\\/#organization\",\"name\":\"Quebakan.com\",\"url\":\"https:\\\/\\\/www.quebakan.com\\\/v15\\\/\",\"logo\":{\"@type\":\"ImageObject\",\"inLanguage\":\"es\",\"@id\":\"https:\\\/\\\/www.quebakan.com\\\/v15\\\/#\\\/schema\\\/logo\\\/image\\\/\",\"url\":\"https:\\\/\\\/www.quebakan.com\\\/v15\\\/wp-content\\\/uploads\\\/2023\\\/07\\\/logoquebakanenero2021.jpg\",\"contentUrl\":\"https:\\\/\\\/www.quebakan.com\\\/v15\\\/wp-content\\\/uploads\\\/2023\\\/07\\\/logoquebakanenero2021.jpg\",\"width\":1920,\"height\":1080,\"caption\":\"Quebakan.com\"},\"image\":{\"@id\":\"https:\\\/\\\/www.quebakan.com\\\/v15\\\/#\\\/schema\\\/logo\\\/image\\\/\"},\"sameAs\":[\"http:\\\/\\\/www.facebook.com\\\/quebakan\",\"https:\\\/\\\/x.com\\\/quebakanec\",\"http:\\\/\\\/www.instagram.com\\\/quebakan\",\"http:\\\/\\\/www.youtube.com\\\/quebakan1\"]},{\"@type\":\"Person\",\"@id\":\"https:\\\/\\\/www.quebakan.com\\\/v15\\\/#\\\/schema\\\/person\\\/d90fa9f9cfa81eb8ace9811e5b7b9118\",\"name\":\"Erick Villafuerte\",\"image\":{\"@type\":\"ImageObject\",\"inLanguage\":\"es\",\"@id\":\"https:\\\/\\\/www.quebakan.com\\\/v15\\\/wp-content\\\/uploads\\\/avatars\\\/4\\\/1731297654-bpfull.png\",\"url\":\"https:\\\/\\\/www.quebakan.com\\\/v15\\\/wp-content\\\/uploads\\\/avatars\\\/4\\\/1731297654-bpfull.png\",\"contentUrl\":\"https:\\\/\\\/www.quebakan.com\\\/v15\\\/wp-content\\\/uploads\\\/avatars\\\/4\\\/1731297654-bpfull.png\",\"caption\":\"Erick Villafuerte\"}}]}<\/script>\n<!-- \/ Yoast SEO plugin. -->","yoast_head_json":{"title":"BYD expande su presencia a nivel nacional y duplicar\u00e1 su red de concesionarios para finales del 2025 &#8211; QUEBAKAN.COM 2026: Noticias, Eventos, Conciertos y mucho m\u00e1s....","robots":{"index":"index","follow":"follow","max-snippet":"max-snippet:-1","max-image-preview":"max-image-preview:large","max-video-preview":"max-video-preview:-1"},"canonical":"https:\/\/www.quebakan.com\/v15\/byd-expande-su-presencia-a-nivel-nacional-y-duplicara-su-red-de-concesionarios-para-finales-del-2025\/","og_locale":"es_ES","og_type":"article","og_title":"BYD expande su presencia a nivel nacional y duplicar\u00e1 su red de concesionarios para finales del 2025 &#8211; QUEBAKAN.COM 2026: Noticias, Eventos, Conciertos y mucho m\u00e1s....","og_description":"Pie de foto (de izquierda a derecha): \u00a0Luis Aveiga, Jefe de Ventas Manta; Sim\u00f3n P\u00e9rez, Gerente General de Andor Corp; y Rodrigo Montoya, Gerente Comercial de Andor Corp durante la apertura del nuevo concesionario en Manta. La marca inaugur\u00f3 tres concesionarios en Manta, Machala y Santo Domingo de los Ts\u00e1chilas. Estos nuevos puntos forman parte [&hellip;]","og_url":"https:\/\/www.quebakan.com\/v15\/byd-expande-su-presencia-a-nivel-nacional-y-duplicara-su-red-de-concesionarios-para-finales-del-2025\/","og_site_name":"QUEBAKAN.COM 2026: Noticias, Eventos, Conciertos y mucho m\u00e1s....","article_publisher":"http:\/\/www.facebook.com\/quebakan","article_published_time":"2025-11-07T03:24:19+00:00","og_image":[{"width":700,"height":542,"url":"https:\/\/www.quebakan.com\/v15\/wp-content\/uploads\/2025\/11\/251106_Aperturas_BYD.jpg","type":"image\/jpeg"}],"author":"Erick Villafuerte","twitter_card":"summary_large_image","twitter_creator":"@quebakanec","twitter_site":"@quebakanec","twitter_misc":{"Escrito por":"Erick Villafuerte","Tiempo de lectura":"3 minutos"},"schema":{"@context":"https:\/\/schema.org","@graph":[{"@type":"Article","@id":"https:\/\/www.quebakan.com\/v15\/byd-expande-su-presencia-a-nivel-nacional-y-duplicara-su-red-de-concesionarios-para-finales-del-2025\/#article","isPartOf":{"@id":"https:\/\/www.quebakan.com\/v15\/byd-expande-su-presencia-a-nivel-nacional-y-duplicara-su-red-de-concesionarios-para-finales-del-2025\/"},"author":{"name":"Erick Villafuerte","@id":"https:\/\/www.quebakan.com\/v15\/#\/schema\/person\/d90fa9f9cfa81eb8ace9811e5b7b9118"},"headline":"BYD expande su presencia a nivel nacional y duplicar\u00e1 su red de concesionarios para finales del 2025","datePublished":"2025-11-07T03:24:19+00:00","mainEntityOfPage":{"@id":"https:\/\/www.quebakan.com\/v15\/byd-expande-su-presencia-a-nivel-nacional-y-duplicara-su-red-de-concesionarios-para-finales-del-2025\/"},"wordCount":503,"publisher":{"@id":"https:\/\/www.quebakan.com\/v15\/#organization"},"image":{"@id":"https:\/\/www.quebakan.com\/v15\/byd-expande-su-presencia-a-nivel-nacional-y-duplicara-su-red-de-concesionarios-para-finales-del-2025\/#primaryimage"},"thumbnailUrl":"https:\/\/www.quebakan.com\/v15\/wp-content\/uploads\/2025\/11\/251106_Aperturas_BYD.jpg","articleSection":["Noticias"],"inLanguage":"es"},{"@type":"WebPage","@id":"https:\/\/www.quebakan.com\/v15\/byd-expande-su-presencia-a-nivel-nacional-y-duplicara-su-red-de-concesionarios-para-finales-del-2025\/","url":"https:\/\/www.quebakan.com\/v15\/byd-expande-su-presencia-a-nivel-nacional-y-duplicara-su-red-de-concesionarios-para-finales-del-2025\/","name":"BYD expande su presencia a nivel nacional y duplicar\u00e1 su red de concesionarios para finales del 2025 &#8211; QUEBAKAN.COM 2026: Noticias, Eventos, Conciertos y mucho m\u00e1s....","isPartOf":{"@id":"https:\/\/www.quebakan.com\/v15\/#website"},"primaryImageOfPage":{"@id":"https:\/\/www.quebakan.com\/v15\/byd-expande-su-presencia-a-nivel-nacional-y-duplicara-su-red-de-concesionarios-para-finales-del-2025\/#primaryimage"},"image":{"@id":"https:\/\/www.quebakan.com\/v15\/byd-expande-su-presencia-a-nivel-nacional-y-duplicara-su-red-de-concesionarios-para-finales-del-2025\/#primaryimage"},"thumbnailUrl":"https:\/\/www.quebakan.com\/v15\/wp-content\/uploads\/2025\/11\/251106_Aperturas_BYD.jpg","datePublished":"2025-11-07T03:24:19+00:00","breadcrumb":{"@id":"https:\/\/www.quebakan.com\/v15\/byd-expande-su-presencia-a-nivel-nacional-y-duplicara-su-red-de-concesionarios-para-finales-del-2025\/#breadcrumb"},"inLanguage":"es","potentialAction":[{"@type":"ReadAction","target":["https:\/\/www.quebakan.com\/v15\/byd-expande-su-presencia-a-nivel-nacional-y-duplicara-su-red-de-concesionarios-para-finales-del-2025\/"]}]},{"@type":"ImageObject","inLanguage":"es","@id":"https:\/\/www.quebakan.com\/v15\/byd-expande-su-presencia-a-nivel-nacional-y-duplicara-su-red-de-concesionarios-para-finales-del-2025\/#primaryimage","url":"https:\/\/www.quebakan.com\/v15\/wp-content\/uploads\/2025\/11\/251106_Aperturas_BYD.jpg","contentUrl":"https:\/\/www.quebakan.com\/v15\/wp-content\/uploads\/2025\/11\/251106_Aperturas_BYD.jpg","width":700,"height":542},{"@type":"BreadcrumbList","@id":"https:\/\/www.quebakan.com\/v15\/byd-expande-su-presencia-a-nivel-nacional-y-duplicara-su-red-de-concesionarios-para-finales-del-2025\/#breadcrumb","itemListElement":[{"@type":"ListItem","position":1,"name":"Portada","item":"https:\/\/www.quebakan.com\/v15\/"},{"@type":"ListItem","position":2,"name":"BYD expande su presencia a nivel nacional y duplicar\u00e1 su red de concesionarios para finales del 2025"}]},{"@type":"WebSite","@id":"https:\/\/www.quebakan.com\/v15\/#website","url":"https:\/\/www.quebakan.com\/v15\/","name":"QUEBAKAN","description":"..","publisher":{"@id":"https:\/\/www.quebakan.com\/v15\/#organization"},"potentialAction":[{"@type":"SearchAction","target":{"@type":"EntryPoint","urlTemplate":"https:\/\/www.quebakan.com\/v15\/?s={search_term_string}"},"query-input":{"@type":"PropertyValueSpecification","valueRequired":true,"valueName":"search_term_string"}}],"inLanguage":"es"},{"@type":"Organization","@id":"https:\/\/www.quebakan.com\/v15\/#organization","name":"Quebakan.com","url":"https:\/\/www.quebakan.com\/v15\/","logo":{"@type":"ImageObject","inLanguage":"es","@id":"https:\/\/www.quebakan.com\/v15\/#\/schema\/logo\/image\/","url":"https:\/\/www.quebakan.com\/v15\/wp-content\/uploads\/2023\/07\/logoquebakanenero2021.jpg","contentUrl":"https:\/\/www.quebakan.com\/v15\/wp-content\/uploads\/2023\/07\/logoquebakanenero2021.jpg","width":1920,"height":1080,"caption":"Quebakan.com"},"image":{"@id":"https:\/\/www.quebakan.com\/v15\/#\/schema\/logo\/image\/"},"sameAs":["http:\/\/www.facebook.com\/quebakan","https:\/\/x.com\/quebakanec","http:\/\/www.instagram.com\/quebakan","http:\/\/www.youtube.com\/quebakan1"]},{"@type":"Person","@id":"https:\/\/www.quebakan.com\/v15\/#\/schema\/person\/d90fa9f9cfa81eb8ace9811e5b7b9118","name":"Erick Villafuerte","image":{"@type":"ImageObject","inLanguage":"es","@id":"https:\/\/www.quebakan.com\/v15\/wp-content\/uploads\/avatars\/4\/1731297654-bpfull.png","url":"https:\/\/www.quebakan.com\/v15\/wp-content\/uploads\/avatars\/4\/1731297654-bpfull.png","contentUrl":"https:\/\/www.quebakan.com\/v15\/wp-content\/uploads\/avatars\/4\/1731297654-bpfull.png","caption":"Erick Villafuerte"}}]}},"_links":{"self":[{"href":"https:\/\/www.quebakan.com\/v15\/wp-json\/wp\/v2\/posts\/137063","targetHints":{"allow":["GET"]}}],"collection":[{"href":"https:\/\/www.quebakan.com\/v15\/wp-json\/wp\/v2\/posts"}],"about":[{"href":"https:\/\/www.quebakan.com\/v15\/wp-json\/wp\/v2\/types\/post"}],"author":[{"embeddable":true,"href":"https:\/\/www.quebakan.com\/v15\/wp-json\/wp\/v2\/users\/4"}],"replies":[{"embeddable":true,"href":"https:\/\/www.quebakan.com\/v15\/wp-json\/wp\/v2\/comments?post=137063"}],"version-history":[{"count":1,"href":"https:\/\/www.quebakan.com\/v15\/wp-json\/wp\/v2\/posts\/137063\/revisions"}],"predecessor-version":[{"id":137065,"href":"https:\/\/www.quebakan.com\/v15\/wp-json\/wp\/v2\/posts\/137063\/revisions\/137065"}],"wp:featuredmedia":[{"embeddable":true,"href":"https:\/\/www.quebakan.com\/v15\/wp-json\/wp\/v2\/media\/137064"}],"wp:attachment":[{"href":"https:\/\/www.quebakan.com\/v15\/wp-json\/wp\/v2\/media?parent=137063"}],"wp:term":[{"taxonomy":"category","embeddable":true,"href":"https:\/\/www.quebakan.com\/v15\/wp-json\/wp\/v2\/categories?post=137063"},{"taxonomy":"post_tag","embeddable":true,"href":"https:\/\/www.quebakan.com\/v15\/wp-json\/wp\/v2\/tags?post=137063"}],"curies":[{"name":"wp","href":"https:\/\/api.w.org\/{rel}","templated":true}]}}