{"id":137066,"date":"2025-11-06T23:23:56","date_gmt":"2025-11-07T04:23:56","guid":{"rendered":"https:\/\/www.quebakan.com\/v15\/?p=137066"},"modified":"2025-11-06T23:23:56","modified_gmt":"2025-11-07T04:23:56","slug":"natura-impulsa-el-poder-biocosmetico-de-la-amazonia-a-traves-del-consumo-consciente","status":"publish","type":"post","link":"https:\/\/www.quebakan.com\/v15\/natura-impulsa-el-poder-biocosmetico-de-la-amazonia-a-traves-del-consumo-consciente\/","title":{"rendered":"Natura impulsa el poder biocosm\u00e9tico de la Amazon\u00eda a  trav\u00e9s del consumo consciente"},"content":{"rendered":"<p><img fetchpriority=\"high\" decoding=\"async\" class=\"aligncenter size-full wp-image-137067\" src=\"https:\/\/www.quebakan.com\/v15\/wp-content\/uploads\/2025\/11\/FOT-CST-CEB-CRE-EKOS-CICLO-12-2025-107962-1.jpg\" alt=\"\" width=\"525\" height=\"700\" \/><\/p>\n<p style=\"text-align: justify;\"><span style=\"color: #000000;\">Con f\u00f3rmulas 96% de origen natural y certificaci\u00f3n UEBT, Natura reafirma su liderazgo en belleza y cuidado personal en Latinoam\u00e9rica.<\/span><\/p>\n<p style=\"text-align: justify;\"><span style=\"color: #000000;\">\u25cf La nueva l\u00ednea Ekos Cacao combina bioactivos amaz\u00f3nicos con f\u00f3rmulas veganas y biodegradables que transforman la piel y respetan la biodiversidad.<\/span><\/p>\n<p style=\"text-align: justify;\"><span style=\"color: #000000;\">Ecuador, octubre de 2025. En un mundo en el que los consumidores buscan cada vez m\u00e1s coherencia entre lo que son, lo que creen y lo que consumen, Natura responde con una propuesta que une bienestar personal y respeto por el planeta. Hoy, las personas no solo exigen eficacia en los productos de belleza y cuidado personal, sino tambi\u00e9n que estos est\u00e9n alineados con un estilo de vida responsable, natural y sostenible.<\/span><\/p>\n<p style=\"text-align: justify;\"><span style=\"color: #000000;\">Natura Ekos naci\u00f3 para ser una marca-manifiesto. En el a\u00f1o 2000 alz\u00f3 la cabeza, la voz y la bandera, haciendo resonar a la Amazon\u00eda como tema, esencia y prop\u00f3sito. Desde entonces, su esencia se ha mantenido intacta: rescatar lo m\u00e1s puro y poderoso de la naturaleza para transformarlo en bienestar.<\/span><\/p>\n<p style=\"text-align: justify;\"><span style=\"color: #000000;\">La l\u00ednea Ekos est\u00e1 elaborada con m\u00e1s del 96% de ingredientes naturales, libres de aditivos qu\u00edmicos y creados bajo procesos neutros en carbono. Su textura, aroma y color es una invitaci\u00f3n a sentir, a reconectarnos con lo esencial, lo ancestral y lo profundamente humano. En cada producto, los bioactivos (ingredientes naturales) utilizados son capaces de potenciar y acompa\u00f1ar tu piel para generar un bienestar, porque para Natura, el cuidado de la piel y la preservaci\u00f3n de la Amazon\u00eda representan un mismo compromiso con la sostenibilidad y el bienestar integral.<\/span><\/p>\n<p style=\"text-align: justify;\"><span style=\"color: #000000;\">Esta visi\u00f3n ha posicionado a Natura como la marca n\u00famero uno en belleza y cuidado personal en Am\u00e9rica Latina, reafirmando su liderazgo con el lanzamiento de Ekos Cacao: una l\u00ednea que encapsula la esencia de la marca a trav\u00e9s de f\u00f3rmulas de alto desempe\u00f1o que estimulan la producci\u00f3n de col\u00e1geno y devuelven firmeza y vitalidad a la piel.<\/span><\/p>\n<p style=\"text-align: justify;\"><span style=\"color: #000000;\">Al combinar el poder de la naturaleza con la innovaci\u00f3n cient\u00edfica, Ekos Cacao ofrece una experiencia sensorial \u00fanica, que despierta los sentidos y refuerza nuestra conexi\u00f3n con la tierra y con el inigualable poder biocosm\u00e9tico de la Amazon\u00eda. El cacao, uno de los frutos m\u00e1s representativos y valiosos de la regi\u00f3n, aporta una manteca naturalmente rica en nutrientes esenciales, capaz de estimular dos veces m\u00e1s la producci\u00f3n de col\u00e1geno, potencia la hidrataci\u00f3n profunda, favorece la regeneraci\u00f3n cut\u00e1nea y refuerza la firmeza y el soporte de la piel.<\/span><\/p>\n<p style=\"text-align: justify;\"><span style=\"color: #000000;\">\u201cNatura es un laboratorio de innovaci\u00f3n, donde cada producto, experiencia y servicio nace con la convicci\u00f3n que la belleza puede transformar a la sociedad. La l\u00ednea Ekos Cacao refleja ese prop\u00f3sito al combinar la fuerza natural del cacao con un proceso que une ciencia, naturaleza y calidad\u201d; as\u00ed lo menciona Sara Zuluaga; Coordinadora de Cuidados de Natura Ecuador.<\/span><\/p>\n<p style=\"text-align: justify;\"><span style=\"color: #000000;\">Ekos es la primera y \u00fanica marca brasile\u00f1a certificada por la Uni\u00f3n para el Biocomercio \u00c9tico (UEBT), un sello internacional que garantiza que sus ingredientes son obtenidos de forma justa y sustentable, respetando la biodiversidad y los derechos de las comunidades que los producen. Porque m\u00e1s que una l\u00ednea de cuidado, es una experiencia amaz\u00f3nica que nos envuelve, nos inspira y nos recuerda que todos somos parte de la Amazon\u00eda. Y cuando logramos sentirlo, todo empieza a tener sentido.<\/span><\/p>\n<p style=\"text-align: justify;\"><span style=\"color: #000000;\">El reconocimiento de Natura como la marca l\u00edder en Latinoam\u00e9rica es el reflejo de un prop\u00f3sito claro: demostrar que la belleza puede ser un acto consciente y transformador. En Ecuador, donde celebra su 1er Aniversario de operaci\u00f3n, la empresa contin\u00faa consolidando su presencia con una propuesta que invita a los consumidores a ser parte de un movimiento que cuida la piel, valora a las personas y protege el planeta.<\/span><\/p>\n<p><img decoding=\"async\" class=\"aligncenter size-full wp-image-137068\" src=\"https:\/\/www.quebakan.com\/v15\/wp-content\/uploads\/2025\/11\/NAT_EK_2024_Cacau_Ativo_Global_02.jpg\" alt=\"\" width=\"700\" height=\"515\" \/><\/p>\n","protected":false},"excerpt":{"rendered":"<p>Con f\u00f3rmulas 96% de origen natural y certificaci\u00f3n UEBT, Natura reafirma su liderazgo en belleza y cuidado personal en Latinoam\u00e9rica. \u25cf La nueva l\u00ednea Ekos Cacao combina bioactivos amaz\u00f3nicos con f\u00f3rmulas veganas y biodegradables que transforman la piel y respetan la biodiversidad. Ecuador, octubre de 2025. En un mundo en el que los consumidores buscan [&hellip;]<\/p>\n","protected":false},"author":4,"featured_media":137067,"comment_status":"closed","ping_status":"closed","sticky":false,"template":"","format":"standard","meta":{"_bbp_topic_count":0,"_bbp_reply_count":0,"_bbp_total_topic_count":0,"_bbp_total_reply_count":0,"_bbp_voice_count":0,"_bbp_anonymous_reply_count":0,"_bbp_topic_count_hidden":0,"_bbp_reply_count_hidden":0,"_bbp_forum_subforum_count":0,"buzzeditor_post_format":"","footnotes":""},"categories":[2],"tags":[],"class_list":["post-137066","post","type-post","status-publish","format-standard","has-post-thumbnail","hentry","category-noticias"],"yoast_head":"<!-- This site is optimized with the Yoast SEO plugin v27.5 - https:\/\/yoast.com\/product\/yoast-seo-wordpress\/ -->\n<title>Natura impulsa el poder biocosm\u00e9tico de la Amazon\u00eda a trav\u00e9s del consumo consciente &#8211; QUEBAKAN.COM 2026: Noticias, Eventos, Conciertos y mucho m\u00e1s....<\/title>\n<meta name=\"robots\" content=\"index, follow, max-snippet:-1, max-image-preview:large, max-video-preview:-1\" \/>\n<link rel=\"canonical\" href=\"https:\/\/www.quebakan.com\/v15\/natura-impulsa-el-poder-biocosmetico-de-la-amazonia-a-traves-del-consumo-consciente\/\" \/>\n<meta property=\"og:locale\" content=\"es_ES\" \/>\n<meta property=\"og:type\" content=\"article\" \/>\n<meta property=\"og:title\" content=\"Natura impulsa el poder biocosm\u00e9tico de la Amazon\u00eda a trav\u00e9s del consumo consciente &#8211; QUEBAKAN.COM 2026: Noticias, Eventos, Conciertos y mucho m\u00e1s....\" \/>\n<meta property=\"og:description\" content=\"Con f\u00f3rmulas 96% de origen natural y certificaci\u00f3n UEBT, Natura reafirma su liderazgo en belleza y cuidado personal en Latinoam\u00e9rica. \u25cf La nueva l\u00ednea Ekos Cacao combina bioactivos amaz\u00f3nicos con f\u00f3rmulas veganas y biodegradables que transforman la piel y respetan la biodiversidad. Ecuador, octubre de 2025. En un mundo en el que los consumidores buscan [&hellip;]\" \/>\n<meta property=\"og:url\" content=\"https:\/\/www.quebakan.com\/v15\/natura-impulsa-el-poder-biocosmetico-de-la-amazonia-a-traves-del-consumo-consciente\/\" \/>\n<meta property=\"og:site_name\" content=\"QUEBAKAN.COM 2026: Noticias, Eventos, Conciertos y mucho m\u00e1s....\" \/>\n<meta property=\"article:publisher\" content=\"http:\/\/www.facebook.com\/quebakan\" \/>\n<meta property=\"article:published_time\" content=\"2025-11-07T04:23:56+00:00\" \/>\n<meta property=\"og:image\" content=\"https:\/\/www.quebakan.com\/v15\/wp-content\/uploads\/2025\/11\/FOT-CST-CEB-CRE-EKOS-CICLO-12-2025-107962-1.jpg\" \/>\n\t<meta property=\"og:image:width\" content=\"525\" \/>\n\t<meta property=\"og:image:height\" content=\"700\" \/>\n\t<meta property=\"og:image:type\" content=\"image\/jpeg\" \/>\n<meta name=\"author\" content=\"Erick Villafuerte\" \/>\n<meta name=\"twitter:card\" content=\"summary_large_image\" \/>\n<meta name=\"twitter:creator\" content=\"@quebakanec\" \/>\n<meta name=\"twitter:site\" content=\"@quebakanec\" \/>\n<meta name=\"twitter:label1\" content=\"Escrito por\" \/>\n\t<meta name=\"twitter:data1\" content=\"Erick Villafuerte\" \/>\n\t<meta name=\"twitter:label2\" content=\"Tiempo de lectura\" \/>\n\t<meta name=\"twitter:data2\" content=\"4 minutos\" \/>\n<script type=\"application\/ld+json\" class=\"yoast-schema-graph\">{\"@context\":\"https:\\\/\\\/schema.org\",\"@graph\":[{\"@type\":\"Article\",\"@id\":\"https:\\\/\\\/www.quebakan.com\\\/v15\\\/natura-impulsa-el-poder-biocosmetico-de-la-amazonia-a-traves-del-consumo-consciente\\\/#article\",\"isPartOf\":{\"@id\":\"https:\\\/\\\/www.quebakan.com\\\/v15\\\/natura-impulsa-el-poder-biocosmetico-de-la-amazonia-a-traves-del-consumo-consciente\\\/\"},\"author\":{\"name\":\"Erick Villafuerte\",\"@id\":\"https:\\\/\\\/www.quebakan.com\\\/v15\\\/#\\\/schema\\\/person\\\/d90fa9f9cfa81eb8ace9811e5b7b9118\"},\"headline\":\"Natura impulsa el poder biocosm\u00e9tico de la Amazon\u00eda a trav\u00e9s del consumo consciente\",\"datePublished\":\"2025-11-07T04:23:56+00:00\",\"mainEntityOfPage\":{\"@id\":\"https:\\\/\\\/www.quebakan.com\\\/v15\\\/natura-impulsa-el-poder-biocosmetico-de-la-amazonia-a-traves-del-consumo-consciente\\\/\"},\"wordCount\":672,\"publisher\":{\"@id\":\"https:\\\/\\\/www.quebakan.com\\\/v15\\\/#organization\"},\"image\":{\"@id\":\"https:\\\/\\\/www.quebakan.com\\\/v15\\\/natura-impulsa-el-poder-biocosmetico-de-la-amazonia-a-traves-del-consumo-consciente\\\/#primaryimage\"},\"thumbnailUrl\":\"https:\\\/\\\/www.quebakan.com\\\/v15\\\/wp-content\\\/uploads\\\/2025\\\/11\\\/FOT-CST-CEB-CRE-EKOS-CICLO-12-2025-107962-1.jpg\",\"articleSection\":[\"Noticias\"],\"inLanguage\":\"es\"},{\"@type\":\"WebPage\",\"@id\":\"https:\\\/\\\/www.quebakan.com\\\/v15\\\/natura-impulsa-el-poder-biocosmetico-de-la-amazonia-a-traves-del-consumo-consciente\\\/\",\"url\":\"https:\\\/\\\/www.quebakan.com\\\/v15\\\/natura-impulsa-el-poder-biocosmetico-de-la-amazonia-a-traves-del-consumo-consciente\\\/\",\"name\":\"Natura impulsa el poder biocosm\u00e9tico de la Amazon\u00eda a trav\u00e9s del consumo consciente &#8211; QUEBAKAN.COM 2026: Noticias, Eventos, Conciertos y mucho m\u00e1s....\",\"isPartOf\":{\"@id\":\"https:\\\/\\\/www.quebakan.com\\\/v15\\\/#website\"},\"primaryImageOfPage\":{\"@id\":\"https:\\\/\\\/www.quebakan.com\\\/v15\\\/natura-impulsa-el-poder-biocosmetico-de-la-amazonia-a-traves-del-consumo-consciente\\\/#primaryimage\"},\"image\":{\"@id\":\"https:\\\/\\\/www.quebakan.com\\\/v15\\\/natura-impulsa-el-poder-biocosmetico-de-la-amazonia-a-traves-del-consumo-consciente\\\/#primaryimage\"},\"thumbnailUrl\":\"https:\\\/\\\/www.quebakan.com\\\/v15\\\/wp-content\\\/uploads\\\/2025\\\/11\\\/FOT-CST-CEB-CRE-EKOS-CICLO-12-2025-107962-1.jpg\",\"datePublished\":\"2025-11-07T04:23:56+00:00\",\"breadcrumb\":{\"@id\":\"https:\\\/\\\/www.quebakan.com\\\/v15\\\/natura-impulsa-el-poder-biocosmetico-de-la-amazonia-a-traves-del-consumo-consciente\\\/#breadcrumb\"},\"inLanguage\":\"es\",\"potentialAction\":[{\"@type\":\"ReadAction\",\"target\":[\"https:\\\/\\\/www.quebakan.com\\\/v15\\\/natura-impulsa-el-poder-biocosmetico-de-la-amazonia-a-traves-del-consumo-consciente\\\/\"]}]},{\"@type\":\"ImageObject\",\"inLanguage\":\"es\",\"@id\":\"https:\\\/\\\/www.quebakan.com\\\/v15\\\/natura-impulsa-el-poder-biocosmetico-de-la-amazonia-a-traves-del-consumo-consciente\\\/#primaryimage\",\"url\":\"https:\\\/\\\/www.quebakan.com\\\/v15\\\/wp-content\\\/uploads\\\/2025\\\/11\\\/FOT-CST-CEB-CRE-EKOS-CICLO-12-2025-107962-1.jpg\",\"contentUrl\":\"https:\\\/\\\/www.quebakan.com\\\/v15\\\/wp-content\\\/uploads\\\/2025\\\/11\\\/FOT-CST-CEB-CRE-EKOS-CICLO-12-2025-107962-1.jpg\",\"width\":525,\"height\":700},{\"@type\":\"BreadcrumbList\",\"@id\":\"https:\\\/\\\/www.quebakan.com\\\/v15\\\/natura-impulsa-el-poder-biocosmetico-de-la-amazonia-a-traves-del-consumo-consciente\\\/#breadcrumb\",\"itemListElement\":[{\"@type\":\"ListItem\",\"position\":1,\"name\":\"Portada\",\"item\":\"https:\\\/\\\/www.quebakan.com\\\/v15\\\/\"},{\"@type\":\"ListItem\",\"position\":2,\"name\":\"Natura impulsa el poder biocosm\u00e9tico de la Amazon\u00eda a trav\u00e9s del consumo consciente\"}]},{\"@type\":\"WebSite\",\"@id\":\"https:\\\/\\\/www.quebakan.com\\\/v15\\\/#website\",\"url\":\"https:\\\/\\\/www.quebakan.com\\\/v15\\\/\",\"name\":\"QUEBAKAN\",\"description\":\"..\",\"publisher\":{\"@id\":\"https:\\\/\\\/www.quebakan.com\\\/v15\\\/#organization\"},\"potentialAction\":[{\"@type\":\"SearchAction\",\"target\":{\"@type\":\"EntryPoint\",\"urlTemplate\":\"https:\\\/\\\/www.quebakan.com\\\/v15\\\/?s={search_term_string}\"},\"query-input\":{\"@type\":\"PropertyValueSpecification\",\"valueRequired\":true,\"valueName\":\"search_term_string\"}}],\"inLanguage\":\"es\"},{\"@type\":\"Organization\",\"@id\":\"https:\\\/\\\/www.quebakan.com\\\/v15\\\/#organization\",\"name\":\"Quebakan.com\",\"url\":\"https:\\\/\\\/www.quebakan.com\\\/v15\\\/\",\"logo\":{\"@type\":\"ImageObject\",\"inLanguage\":\"es\",\"@id\":\"https:\\\/\\\/www.quebakan.com\\\/v15\\\/#\\\/schema\\\/logo\\\/image\\\/\",\"url\":\"https:\\\/\\\/www.quebakan.com\\\/v15\\\/wp-content\\\/uploads\\\/2023\\\/07\\\/logoquebakanenero2021.jpg\",\"contentUrl\":\"https:\\\/\\\/www.quebakan.com\\\/v15\\\/wp-content\\\/uploads\\\/2023\\\/07\\\/logoquebakanenero2021.jpg\",\"width\":1920,\"height\":1080,\"caption\":\"Quebakan.com\"},\"image\":{\"@id\":\"https:\\\/\\\/www.quebakan.com\\\/v15\\\/#\\\/schema\\\/logo\\\/image\\\/\"},\"sameAs\":[\"http:\\\/\\\/www.facebook.com\\\/quebakan\",\"https:\\\/\\\/x.com\\\/quebakanec\",\"http:\\\/\\\/www.instagram.com\\\/quebakan\",\"http:\\\/\\\/www.youtube.com\\\/quebakan1\"]},{\"@type\":\"Person\",\"@id\":\"https:\\\/\\\/www.quebakan.com\\\/v15\\\/#\\\/schema\\\/person\\\/d90fa9f9cfa81eb8ace9811e5b7b9118\",\"name\":\"Erick Villafuerte\",\"image\":{\"@type\":\"ImageObject\",\"inLanguage\":\"es\",\"@id\":\"https:\\\/\\\/www.quebakan.com\\\/v15\\\/wp-content\\\/uploads\\\/avatars\\\/4\\\/1731297654-bpfull.png\",\"url\":\"https:\\\/\\\/www.quebakan.com\\\/v15\\\/wp-content\\\/uploads\\\/avatars\\\/4\\\/1731297654-bpfull.png\",\"contentUrl\":\"https:\\\/\\\/www.quebakan.com\\\/v15\\\/wp-content\\\/uploads\\\/avatars\\\/4\\\/1731297654-bpfull.png\",\"caption\":\"Erick Villafuerte\"}}]}<\/script>\n<!-- \/ Yoast SEO plugin. -->","yoast_head_json":{"title":"Natura impulsa el poder biocosm\u00e9tico de la Amazon\u00eda a trav\u00e9s del consumo consciente &#8211; QUEBAKAN.COM 2026: Noticias, Eventos, Conciertos y mucho m\u00e1s....","robots":{"index":"index","follow":"follow","max-snippet":"max-snippet:-1","max-image-preview":"max-image-preview:large","max-video-preview":"max-video-preview:-1"},"canonical":"https:\/\/www.quebakan.com\/v15\/natura-impulsa-el-poder-biocosmetico-de-la-amazonia-a-traves-del-consumo-consciente\/","og_locale":"es_ES","og_type":"article","og_title":"Natura impulsa el poder biocosm\u00e9tico de la Amazon\u00eda a trav\u00e9s del consumo consciente &#8211; QUEBAKAN.COM 2026: Noticias, Eventos, Conciertos y mucho m\u00e1s....","og_description":"Con f\u00f3rmulas 96% de origen natural y certificaci\u00f3n UEBT, Natura reafirma su liderazgo en belleza y cuidado personal en Latinoam\u00e9rica. \u25cf La nueva l\u00ednea Ekos Cacao combina bioactivos amaz\u00f3nicos con f\u00f3rmulas veganas y biodegradables que transforman la piel y respetan la biodiversidad. Ecuador, octubre de 2025. En un mundo en el que los consumidores buscan [&hellip;]","og_url":"https:\/\/www.quebakan.com\/v15\/natura-impulsa-el-poder-biocosmetico-de-la-amazonia-a-traves-del-consumo-consciente\/","og_site_name":"QUEBAKAN.COM 2026: Noticias, Eventos, Conciertos y mucho m\u00e1s....","article_publisher":"http:\/\/www.facebook.com\/quebakan","article_published_time":"2025-11-07T04:23:56+00:00","og_image":[{"width":525,"height":700,"url":"https:\/\/www.quebakan.com\/v15\/wp-content\/uploads\/2025\/11\/FOT-CST-CEB-CRE-EKOS-CICLO-12-2025-107962-1.jpg","type":"image\/jpeg"}],"author":"Erick Villafuerte","twitter_card":"summary_large_image","twitter_creator":"@quebakanec","twitter_site":"@quebakanec","twitter_misc":{"Escrito por":"Erick Villafuerte","Tiempo de lectura":"4 minutos"},"schema":{"@context":"https:\/\/schema.org","@graph":[{"@type":"Article","@id":"https:\/\/www.quebakan.com\/v15\/natura-impulsa-el-poder-biocosmetico-de-la-amazonia-a-traves-del-consumo-consciente\/#article","isPartOf":{"@id":"https:\/\/www.quebakan.com\/v15\/natura-impulsa-el-poder-biocosmetico-de-la-amazonia-a-traves-del-consumo-consciente\/"},"author":{"name":"Erick Villafuerte","@id":"https:\/\/www.quebakan.com\/v15\/#\/schema\/person\/d90fa9f9cfa81eb8ace9811e5b7b9118"},"headline":"Natura impulsa el poder biocosm\u00e9tico de la Amazon\u00eda a trav\u00e9s del consumo consciente","datePublished":"2025-11-07T04:23:56+00:00","mainEntityOfPage":{"@id":"https:\/\/www.quebakan.com\/v15\/natura-impulsa-el-poder-biocosmetico-de-la-amazonia-a-traves-del-consumo-consciente\/"},"wordCount":672,"publisher":{"@id":"https:\/\/www.quebakan.com\/v15\/#organization"},"image":{"@id":"https:\/\/www.quebakan.com\/v15\/natura-impulsa-el-poder-biocosmetico-de-la-amazonia-a-traves-del-consumo-consciente\/#primaryimage"},"thumbnailUrl":"https:\/\/www.quebakan.com\/v15\/wp-content\/uploads\/2025\/11\/FOT-CST-CEB-CRE-EKOS-CICLO-12-2025-107962-1.jpg","articleSection":["Noticias"],"inLanguage":"es"},{"@type":"WebPage","@id":"https:\/\/www.quebakan.com\/v15\/natura-impulsa-el-poder-biocosmetico-de-la-amazonia-a-traves-del-consumo-consciente\/","url":"https:\/\/www.quebakan.com\/v15\/natura-impulsa-el-poder-biocosmetico-de-la-amazonia-a-traves-del-consumo-consciente\/","name":"Natura impulsa el poder biocosm\u00e9tico de la Amazon\u00eda a trav\u00e9s del consumo consciente &#8211; QUEBAKAN.COM 2026: Noticias, Eventos, Conciertos y mucho m\u00e1s....","isPartOf":{"@id":"https:\/\/www.quebakan.com\/v15\/#website"},"primaryImageOfPage":{"@id":"https:\/\/www.quebakan.com\/v15\/natura-impulsa-el-poder-biocosmetico-de-la-amazonia-a-traves-del-consumo-consciente\/#primaryimage"},"image":{"@id":"https:\/\/www.quebakan.com\/v15\/natura-impulsa-el-poder-biocosmetico-de-la-amazonia-a-traves-del-consumo-consciente\/#primaryimage"},"thumbnailUrl":"https:\/\/www.quebakan.com\/v15\/wp-content\/uploads\/2025\/11\/FOT-CST-CEB-CRE-EKOS-CICLO-12-2025-107962-1.jpg","datePublished":"2025-11-07T04:23:56+00:00","breadcrumb":{"@id":"https:\/\/www.quebakan.com\/v15\/natura-impulsa-el-poder-biocosmetico-de-la-amazonia-a-traves-del-consumo-consciente\/#breadcrumb"},"inLanguage":"es","potentialAction":[{"@type":"ReadAction","target":["https:\/\/www.quebakan.com\/v15\/natura-impulsa-el-poder-biocosmetico-de-la-amazonia-a-traves-del-consumo-consciente\/"]}]},{"@type":"ImageObject","inLanguage":"es","@id":"https:\/\/www.quebakan.com\/v15\/natura-impulsa-el-poder-biocosmetico-de-la-amazonia-a-traves-del-consumo-consciente\/#primaryimage","url":"https:\/\/www.quebakan.com\/v15\/wp-content\/uploads\/2025\/11\/FOT-CST-CEB-CRE-EKOS-CICLO-12-2025-107962-1.jpg","contentUrl":"https:\/\/www.quebakan.com\/v15\/wp-content\/uploads\/2025\/11\/FOT-CST-CEB-CRE-EKOS-CICLO-12-2025-107962-1.jpg","width":525,"height":700},{"@type":"BreadcrumbList","@id":"https:\/\/www.quebakan.com\/v15\/natura-impulsa-el-poder-biocosmetico-de-la-amazonia-a-traves-del-consumo-consciente\/#breadcrumb","itemListElement":[{"@type":"ListItem","position":1,"name":"Portada","item":"https:\/\/www.quebakan.com\/v15\/"},{"@type":"ListItem","position":2,"name":"Natura impulsa el poder biocosm\u00e9tico de la Amazon\u00eda a trav\u00e9s del consumo consciente"}]},{"@type":"WebSite","@id":"https:\/\/www.quebakan.com\/v15\/#website","url":"https:\/\/www.quebakan.com\/v15\/","name":"QUEBAKAN","description":"..","publisher":{"@id":"https:\/\/www.quebakan.com\/v15\/#organization"},"potentialAction":[{"@type":"SearchAction","target":{"@type":"EntryPoint","urlTemplate":"https:\/\/www.quebakan.com\/v15\/?s={search_term_string}"},"query-input":{"@type":"PropertyValueSpecification","valueRequired":true,"valueName":"search_term_string"}}],"inLanguage":"es"},{"@type":"Organization","@id":"https:\/\/www.quebakan.com\/v15\/#organization","name":"Quebakan.com","url":"https:\/\/www.quebakan.com\/v15\/","logo":{"@type":"ImageObject","inLanguage":"es","@id":"https:\/\/www.quebakan.com\/v15\/#\/schema\/logo\/image\/","url":"https:\/\/www.quebakan.com\/v15\/wp-content\/uploads\/2023\/07\/logoquebakanenero2021.jpg","contentUrl":"https:\/\/www.quebakan.com\/v15\/wp-content\/uploads\/2023\/07\/logoquebakanenero2021.jpg","width":1920,"height":1080,"caption":"Quebakan.com"},"image":{"@id":"https:\/\/www.quebakan.com\/v15\/#\/schema\/logo\/image\/"},"sameAs":["http:\/\/www.facebook.com\/quebakan","https:\/\/x.com\/quebakanec","http:\/\/www.instagram.com\/quebakan","http:\/\/www.youtube.com\/quebakan1"]},{"@type":"Person","@id":"https:\/\/www.quebakan.com\/v15\/#\/schema\/person\/d90fa9f9cfa81eb8ace9811e5b7b9118","name":"Erick Villafuerte","image":{"@type":"ImageObject","inLanguage":"es","@id":"https:\/\/www.quebakan.com\/v15\/wp-content\/uploads\/avatars\/4\/1731297654-bpfull.png","url":"https:\/\/www.quebakan.com\/v15\/wp-content\/uploads\/avatars\/4\/1731297654-bpfull.png","contentUrl":"https:\/\/www.quebakan.com\/v15\/wp-content\/uploads\/avatars\/4\/1731297654-bpfull.png","caption":"Erick Villafuerte"}}]}},"_links":{"self":[{"href":"https:\/\/www.quebakan.com\/v15\/wp-json\/wp\/v2\/posts\/137066","targetHints":{"allow":["GET"]}}],"collection":[{"href":"https:\/\/www.quebakan.com\/v15\/wp-json\/wp\/v2\/posts"}],"about":[{"href":"https:\/\/www.quebakan.com\/v15\/wp-json\/wp\/v2\/types\/post"}],"author":[{"embeddable":true,"href":"https:\/\/www.quebakan.com\/v15\/wp-json\/wp\/v2\/users\/4"}],"replies":[{"embeddable":true,"href":"https:\/\/www.quebakan.com\/v15\/wp-json\/wp\/v2\/comments?post=137066"}],"version-history":[{"count":1,"href":"https:\/\/www.quebakan.com\/v15\/wp-json\/wp\/v2\/posts\/137066\/revisions"}],"predecessor-version":[{"id":137069,"href":"https:\/\/www.quebakan.com\/v15\/wp-json\/wp\/v2\/posts\/137066\/revisions\/137069"}],"wp:featuredmedia":[{"embeddable":true,"href":"https:\/\/www.quebakan.com\/v15\/wp-json\/wp\/v2\/media\/137067"}],"wp:attachment":[{"href":"https:\/\/www.quebakan.com\/v15\/wp-json\/wp\/v2\/media?parent=137066"}],"wp:term":[{"taxonomy":"category","embeddable":true,"href":"https:\/\/www.quebakan.com\/v15\/wp-json\/wp\/v2\/categories?post=137066"},{"taxonomy":"post_tag","embeddable":true,"href":"https:\/\/www.quebakan.com\/v15\/wp-json\/wp\/v2\/tags?post=137066"}],"curies":[{"name":"wp","href":"https:\/\/api.w.org\/{rel}","templated":true}]}}