{"id":137073,"date":"2025-11-07T00:38:01","date_gmt":"2025-11-07T05:38:01","guid":{"rendered":"https:\/\/www.quebakan.com\/v15\/?p=137073"},"modified":"2025-11-07T00:38:01","modified_gmt":"2025-11-07T05:38:01","slug":"tetra-pak-lanza-la-primera-plataforma-disenada-para-transformar-las-fabricas-de-alimentos-en-entornos-compatibles-con-ia","status":"publish","type":"post","link":"https:\/\/www.quebakan.com\/v15\/tetra-pak-lanza-la-primera-plataforma-disenada-para-transformar-las-fabricas-de-alimentos-en-entornos-compatibles-con-ia\/","title":{"rendered":"Tetra Pak lanza la primera plataforma dise\u00f1ada para transformar las f\u00e1bricas de alimentos en entornos compatibles con IA"},"content":{"rendered":"<p><img fetchpriority=\"high\" decoding=\"async\" class=\"aligncenter size-full wp-image-137074\" src=\"https:\/\/www.quebakan.com\/v15\/wp-content\/uploads\/2025\/11\/Tetra-Pak-Factory.jpg\" alt=\"\" width=\"706\" height=\"419\" \/><\/p>\n<p style=\"text-align: justify;\"><span style=\"color: #000000;\"><em>Tetra Pak<sup>\u00ae<\/sup> Factory OS\u2122 es la nueva generaci\u00f3n de soluciones de automatizaci\u00f3n y digitalizaci\u00f3n para la industria de alimentos y bebidas; ofrece informaci\u00f3n contextualizada en tiempo real para una toma de decisiones m\u00e1s inteligente y \u00e1gil. Tambi\u00e9n estar\u00e1 disponible en Ecuador.<\/em><\/span><\/p>\n<p style=\"text-align: justify;\"><span style=\"color: #000000;\"><strong>Quito, noviembre de 2025.<\/strong> Tras su presentaci\u00f3n mundial en el evento Gulfood Manufacturing 2025 en Dub\u00e1i, Tetra Pak anunci\u00f3 la llegada a Ecuador de su nueva generaci\u00f3n de soluciones de Automatizaci\u00f3n y Digitalizaci\u00f3n (A&amp;D): Tetra Pak<sup>\u00ae<\/sup> Factory OS\u2122, una plataforma inteligente, modular y escalable que marca un hito en la transformaci\u00f3n digital de la industria alimentaria.<\/span><\/p>\n<p style=\"text-align: justify;\"><span style=\"color: #000000;\">Un estudio comparativo reciente revela que las f\u00e1bricas de bebidas altamente automatizadas logran un 20\u202f% m\u00e1s de eficiencia general en los equipos, un 45\u202f% menos de desperdicio de producto y un 20\u202f% menos de interrupciones en las l\u00edneas de envasado, en comparaci\u00f3n con instalaciones menos automatizadas. Sin embargo, <strong>muchos productores enfrentan dificultades para adoptar la automatizaci\u00f3n debido a la limitada experiencia digital <\/strong>y a la falta de proveedores que ofrezcan soluciones integrales con conocimiento especializado en la industria.<\/span><\/p>\n<p style=\"text-align: justify;\"><span style=\"color: #000000;\"><strong>Tetra Pak\u00ae Factory OS\u2122<\/strong> cierra esta brecha al combinar tecnolog\u00edas avanzadas con una profunda experiencia en el sector de alimentos y bebidas, ayudando a los productores a enfrentar la presi\u00f3n de los costos, alcanzar sus objetivos de sostenibilidad y prepararse para una manufactura impulsada por inteligencia artificial.<\/span><\/p>\n<p style=\"text-align: justify;\"><span style=\"color: #000000;\">En el n\u00facleo del portafolio de pr\u00f3xima generaci\u00f3n se encuentra una nueva plataforma de integraci\u00f3n de datos, impulsada por tecnolog\u00edas abiertas, an\u00e1lisis avanzados y est\u00e1ndares industriales. Esta soluci\u00f3n conecta equipos y sistemas en toda la f\u00e1brica, transformando datos fragmentados en una vista unificada y en tiempo real. Esto permite a los productores de alimentos y bebidas garantizar una calidad de producto constante, mejorar la eficiencia, reducir el consumo de recursos y disminuir el costo total de propiedad (TCO).<\/span><\/p>\n<p style=\"text-align: justify;\"><span style=\"color: #000000;\"><strong>Sean Sims<\/strong>, vicepresidente de Automatizaci\u00f3n y Soluciones en Tetra Pak, comenta:<\/span><br \/>\n<span style=\"color: #000000;\">\u201cHoy en d\u00eda, los productores de alimentos y bebidas enfrentan una presi\u00f3n enorme. Deben lograr m\u00e1s con menos recursos: menos agua, menos energ\u00eda, menos desperdicio, todo mientras mantienen la calidad y reducen los costos (\u2026) Nuestro portafolio de pr\u00f3xima generaci\u00f3n convierte la complejidad en claridad. Al combinar datos contextualizados \u2014la base para una adopci\u00f3n efectiva de la inteligencia artificial\u2014 con una automatizaci\u00f3n de equipos de alto rendimiento, <strong>Tetra Pak\u00ae Factory OS\u2122<\/strong> brinda a los productores la confianza para tomar decisiones firmes en un mercado cada vez m\u00e1s vol\u00e1til\u201d.<\/span><\/p>\n<p style=\"text-align: justify;\"><span style=\"color: #000000;\">Charles Brand, vicepresidente Ejecutivo de Soluciones de Procesamiento y Equipos en Tetra Pak, a\u00f1ade: <strong>\u201cTetra Pak\u00ae Factory OS\u2122<\/strong> es m\u00e1s que un portafolio tecnol\u00f3gico: representa nuestra visi\u00f3n del futuro de la producci\u00f3n y procesamiento de alimentos y bebidas. Dise\u00f1ado para la pr\u00f3xima d\u00e9cada y m\u00e1s all\u00e1, permite a los productores construir la f\u00e1brica del futuro, donde la resiliencia, la eficiencia y la sostenibilidad van de la mano\u201d.<\/span><\/p>\n<p style=\"text-align: justify;\"><span style=\"color: #000000;\">Edwin Rozo, director del \u00c1rea de Servicios de Tetra Pak para la Regi\u00f3n Andina, agrega que esta tecnolog\u00eda, que llega para revolucionar y optimizar la producci\u00f3n de alimentos, tambi\u00e9n estar\u00e1 disponible en Ecuador: \u201cDesarrollado para ofrecer flexibilidad y escalabilidad -afirma- <strong>Tetra Pak\u00ae Factory OS\u2122<\/strong> permite a los productores de alimentos y bebidas adoptar la automatizaci\u00f3n y la digitalizaci\u00f3n a su propio ritmo: comenzando con soluciones b\u00e1sicas, escalando progresivamente y adaptando las tecnolog\u00edas a sus necesidades espec\u00edficas. Nuestra compa\u00f1\u00eda los acompa\u00f1a en el proceso, de comienzo a fin, para garantizar que la producci\u00f3n en cada f\u00e1brica y cada planta armonicen completamente con estas soluciones de \u00faltima generaci\u00f3n\u201d.<\/span><\/p>\n<p style=\"text-align: justify;\"><span style=\"color: #000000;\"><strong>\u00bfCu\u00e1les son sus caracter\u00edsticas?\u00a0 <\/strong><\/span><\/p>\n<p style=\"text-align: justify;\"><span style=\"color: #000000;\">La plataforma estandariza la recopilaci\u00f3n de datos en todos los equipos, sin importar su antig\u00fcedad o proveedor, garantizando plena compatibilidad y escalabilidad. Entre sus principales caracter\u00edsticas se incluyen:<\/span><\/p>\n<ul style=\"text-align: justify;\">\n<li><span style=\"color: #000000;\">Una experiencia de usuario unificada que permite una interacci\u00f3n fluida entre l\u00edneas, equipos y salas de control.<\/span><\/li>\n<li><span style=\"color: #000000;\">Un conjunto de aplicaciones digitales para el monitoreo en tiempo real de materiales, calidad, producci\u00f3n y desempe\u00f1o de activos.<\/span><\/li>\n<li><span style=\"color: #000000;\">Informaci\u00f3n empresarial basada en una integraci\u00f3n contextualizada a nivel de toda la planta.<\/span><\/li>\n<\/ul>\n<p style=\"text-align: justify;\"><span style=\"color: #000000;\">Creado en colaboraci\u00f3n con Accenture, el portafolio cuenta con el respaldo de un s\u00f3lido ecosistema que incluye a Siemens, Rockwell Automation e Inductive Automation. Sin embargo, es la profunda experiencia de Tetra Pak en producci\u00f3n de alimentos lo que garantiza que estas tecnolog\u00edas generen un impacto real para los fabricantes.<\/span><\/p>\n<p style=\"text-align: justify;\"><span style=\"color: #000000;\"><strong>Tetra Pak\u00ae Factory OS\u2122<\/strong> est\u00e1 disponible a nivel global y es presentado en Gulfood Manufacturing, Dubai, que se celebra entre el 4 y el 6 de noviembre.<\/span><\/p>\n<p style=\"text-align: justify;\"><span style=\"color: #000000;\">Para conocer m\u00e1s sobre c\u00f3mo Tetra Pak est\u00e1 construyendo las f\u00e1bricas del futuro, visite <a style=\"color: #000000;\" href=\"https:\/\/www.tetrapak.com\/about-tetra-pak\/news-and-events\/events\/tetra-pak-at-gulfood-manufacturing-2025\">https:\/\/www.tetrapak.com\/about-tetra-pak\/news-and-events\/events\/tetra-pak-at-gulfood-manufacturing-2025<\/a>.<\/span><\/p>\n","protected":false},"excerpt":{"rendered":"<p>Tetra Pak\u00ae Factory OS\u2122 es la nueva generaci\u00f3n de soluciones de automatizaci\u00f3n y digitalizaci\u00f3n para la industria de alimentos y bebidas; ofrece informaci\u00f3n contextualizada en tiempo real para una toma de decisiones m\u00e1s inteligente y \u00e1gil. Tambi\u00e9n estar\u00e1 disponible en Ecuador. Quito, noviembre de 2025. Tras su presentaci\u00f3n mundial en el evento Gulfood Manufacturing 2025 [&hellip;]<\/p>\n","protected":false},"author":4,"featured_media":137074,"comment_status":"closed","ping_status":"closed","sticky":false,"template":"","format":"standard","meta":{"_bbp_topic_count":0,"_bbp_reply_count":0,"_bbp_total_topic_count":0,"_bbp_total_reply_count":0,"_bbp_voice_count":0,"_bbp_anonymous_reply_count":0,"_bbp_topic_count_hidden":0,"_bbp_reply_count_hidden":0,"_bbp_forum_subforum_count":0,"buzzeditor_post_format":"","footnotes":""},"categories":[2],"tags":[],"class_list":["post-137073","post","type-post","status-publish","format-standard","has-post-thumbnail","hentry","category-noticias"],"yoast_head":"<!-- This site is optimized with the Yoast SEO plugin v27.5 - https:\/\/yoast.com\/product\/yoast-seo-wordpress\/ -->\n<title>Tetra Pak lanza la primera plataforma dise\u00f1ada para transformar las f\u00e1bricas de alimentos en entornos compatibles con IA &#8211; QUEBAKAN.COM 2026: Noticias, Eventos, Conciertos y mucho m\u00e1s....<\/title>\n<meta name=\"robots\" content=\"index, follow, max-snippet:-1, max-image-preview:large, max-video-preview:-1\" \/>\n<link rel=\"canonical\" href=\"https:\/\/www.quebakan.com\/v15\/tetra-pak-lanza-la-primera-plataforma-disenada-para-transformar-las-fabricas-de-alimentos-en-entornos-compatibles-con-ia\/\" \/>\n<meta property=\"og:locale\" content=\"es_ES\" \/>\n<meta property=\"og:type\" content=\"article\" \/>\n<meta property=\"og:title\" content=\"Tetra Pak lanza la primera plataforma dise\u00f1ada para transformar las f\u00e1bricas de alimentos en entornos compatibles con IA &#8211; QUEBAKAN.COM 2026: Noticias, Eventos, Conciertos y mucho m\u00e1s....\" \/>\n<meta property=\"og:description\" content=\"Tetra Pak\u00ae Factory OS\u2122 es la nueva generaci\u00f3n de soluciones de automatizaci\u00f3n y digitalizaci\u00f3n para la industria de alimentos y bebidas; ofrece informaci\u00f3n contextualizada en tiempo real para una toma de decisiones m\u00e1s inteligente y \u00e1gil. Tambi\u00e9n estar\u00e1 disponible en Ecuador. Quito, noviembre de 2025. Tras su presentaci\u00f3n mundial en el evento Gulfood Manufacturing 2025 [&hellip;]\" \/>\n<meta property=\"og:url\" content=\"https:\/\/www.quebakan.com\/v15\/tetra-pak-lanza-la-primera-plataforma-disenada-para-transformar-las-fabricas-de-alimentos-en-entornos-compatibles-con-ia\/\" \/>\n<meta property=\"og:site_name\" content=\"QUEBAKAN.COM 2026: Noticias, Eventos, Conciertos y mucho m\u00e1s....\" \/>\n<meta property=\"article:publisher\" content=\"http:\/\/www.facebook.com\/quebakan\" \/>\n<meta property=\"article:published_time\" content=\"2025-11-07T05:38:01+00:00\" \/>\n<meta property=\"og:image\" content=\"https:\/\/www.quebakan.com\/v15\/wp-content\/uploads\/2025\/11\/Tetra-Pak-Factory.jpg\" \/>\n\t<meta property=\"og:image:width\" content=\"706\" \/>\n\t<meta property=\"og:image:height\" content=\"419\" \/>\n\t<meta property=\"og:image:type\" content=\"image\/jpeg\" \/>\n<meta name=\"author\" content=\"Erick Villafuerte\" \/>\n<meta name=\"twitter:card\" content=\"summary_large_image\" \/>\n<meta name=\"twitter:creator\" content=\"@quebakanec\" \/>\n<meta name=\"twitter:site\" content=\"@quebakanec\" \/>\n<meta name=\"twitter:label1\" content=\"Escrito por\" \/>\n\t<meta name=\"twitter:data1\" content=\"Erick Villafuerte\" \/>\n\t<meta name=\"twitter:label2\" content=\"Tiempo de lectura\" \/>\n\t<meta name=\"twitter:data2\" content=\"4 minutos\" \/>\n<script type=\"application\/ld+json\" class=\"yoast-schema-graph\">{\"@context\":\"https:\\\/\\\/schema.org\",\"@graph\":[{\"@type\":\"Article\",\"@id\":\"https:\\\/\\\/www.quebakan.com\\\/v15\\\/tetra-pak-lanza-la-primera-plataforma-disenada-para-transformar-las-fabricas-de-alimentos-en-entornos-compatibles-con-ia\\\/#article\",\"isPartOf\":{\"@id\":\"https:\\\/\\\/www.quebakan.com\\\/v15\\\/tetra-pak-lanza-la-primera-plataforma-disenada-para-transformar-las-fabricas-de-alimentos-en-entornos-compatibles-con-ia\\\/\"},\"author\":{\"name\":\"Erick Villafuerte\",\"@id\":\"https:\\\/\\\/www.quebakan.com\\\/v15\\\/#\\\/schema\\\/person\\\/d90fa9f9cfa81eb8ace9811e5b7b9118\"},\"headline\":\"Tetra Pak lanza la primera plataforma dise\u00f1ada para transformar las f\u00e1bricas de alimentos en entornos compatibles con IA\",\"datePublished\":\"2025-11-07T05:38:01+00:00\",\"mainEntityOfPage\":{\"@id\":\"https:\\\/\\\/www.quebakan.com\\\/v15\\\/tetra-pak-lanza-la-primera-plataforma-disenada-para-transformar-las-fabricas-de-alimentos-en-entornos-compatibles-con-ia\\\/\"},\"wordCount\":847,\"publisher\":{\"@id\":\"https:\\\/\\\/www.quebakan.com\\\/v15\\\/#organization\"},\"image\":{\"@id\":\"https:\\\/\\\/www.quebakan.com\\\/v15\\\/tetra-pak-lanza-la-primera-plataforma-disenada-para-transformar-las-fabricas-de-alimentos-en-entornos-compatibles-con-ia\\\/#primaryimage\"},\"thumbnailUrl\":\"https:\\\/\\\/www.quebakan.com\\\/v15\\\/wp-content\\\/uploads\\\/2025\\\/11\\\/Tetra-Pak-Factory.jpg\",\"articleSection\":[\"Noticias\"],\"inLanguage\":\"es\"},{\"@type\":\"WebPage\",\"@id\":\"https:\\\/\\\/www.quebakan.com\\\/v15\\\/tetra-pak-lanza-la-primera-plataforma-disenada-para-transformar-las-fabricas-de-alimentos-en-entornos-compatibles-con-ia\\\/\",\"url\":\"https:\\\/\\\/www.quebakan.com\\\/v15\\\/tetra-pak-lanza-la-primera-plataforma-disenada-para-transformar-las-fabricas-de-alimentos-en-entornos-compatibles-con-ia\\\/\",\"name\":\"Tetra Pak lanza la primera plataforma dise\u00f1ada para transformar las f\u00e1bricas de alimentos en entornos compatibles con IA &#8211; QUEBAKAN.COM 2026: Noticias, Eventos, Conciertos y mucho m\u00e1s....\",\"isPartOf\":{\"@id\":\"https:\\\/\\\/www.quebakan.com\\\/v15\\\/#website\"},\"primaryImageOfPage\":{\"@id\":\"https:\\\/\\\/www.quebakan.com\\\/v15\\\/tetra-pak-lanza-la-primera-plataforma-disenada-para-transformar-las-fabricas-de-alimentos-en-entornos-compatibles-con-ia\\\/#primaryimage\"},\"image\":{\"@id\":\"https:\\\/\\\/www.quebakan.com\\\/v15\\\/tetra-pak-lanza-la-primera-plataforma-disenada-para-transformar-las-fabricas-de-alimentos-en-entornos-compatibles-con-ia\\\/#primaryimage\"},\"thumbnailUrl\":\"https:\\\/\\\/www.quebakan.com\\\/v15\\\/wp-content\\\/uploads\\\/2025\\\/11\\\/Tetra-Pak-Factory.jpg\",\"datePublished\":\"2025-11-07T05:38:01+00:00\",\"breadcrumb\":{\"@id\":\"https:\\\/\\\/www.quebakan.com\\\/v15\\\/tetra-pak-lanza-la-primera-plataforma-disenada-para-transformar-las-fabricas-de-alimentos-en-entornos-compatibles-con-ia\\\/#breadcrumb\"},\"inLanguage\":\"es\",\"potentialAction\":[{\"@type\":\"ReadAction\",\"target\":[\"https:\\\/\\\/www.quebakan.com\\\/v15\\\/tetra-pak-lanza-la-primera-plataforma-disenada-para-transformar-las-fabricas-de-alimentos-en-entornos-compatibles-con-ia\\\/\"]}]},{\"@type\":\"ImageObject\",\"inLanguage\":\"es\",\"@id\":\"https:\\\/\\\/www.quebakan.com\\\/v15\\\/tetra-pak-lanza-la-primera-plataforma-disenada-para-transformar-las-fabricas-de-alimentos-en-entornos-compatibles-con-ia\\\/#primaryimage\",\"url\":\"https:\\\/\\\/www.quebakan.com\\\/v15\\\/wp-content\\\/uploads\\\/2025\\\/11\\\/Tetra-Pak-Factory.jpg\",\"contentUrl\":\"https:\\\/\\\/www.quebakan.com\\\/v15\\\/wp-content\\\/uploads\\\/2025\\\/11\\\/Tetra-Pak-Factory.jpg\",\"width\":706,\"height\":419},{\"@type\":\"BreadcrumbList\",\"@id\":\"https:\\\/\\\/www.quebakan.com\\\/v15\\\/tetra-pak-lanza-la-primera-plataforma-disenada-para-transformar-las-fabricas-de-alimentos-en-entornos-compatibles-con-ia\\\/#breadcrumb\",\"itemListElement\":[{\"@type\":\"ListItem\",\"position\":1,\"name\":\"Portada\",\"item\":\"https:\\\/\\\/www.quebakan.com\\\/v15\\\/\"},{\"@type\":\"ListItem\",\"position\":2,\"name\":\"Tetra Pak lanza la primera plataforma dise\u00f1ada para transformar las f\u00e1bricas de alimentos en entornos compatibles con IA\"}]},{\"@type\":\"WebSite\",\"@id\":\"https:\\\/\\\/www.quebakan.com\\\/v15\\\/#website\",\"url\":\"https:\\\/\\\/www.quebakan.com\\\/v15\\\/\",\"name\":\"QUEBAKAN\",\"description\":\"..\",\"publisher\":{\"@id\":\"https:\\\/\\\/www.quebakan.com\\\/v15\\\/#organization\"},\"potentialAction\":[{\"@type\":\"SearchAction\",\"target\":{\"@type\":\"EntryPoint\",\"urlTemplate\":\"https:\\\/\\\/www.quebakan.com\\\/v15\\\/?s={search_term_string}\"},\"query-input\":{\"@type\":\"PropertyValueSpecification\",\"valueRequired\":true,\"valueName\":\"search_term_string\"}}],\"inLanguage\":\"es\"},{\"@type\":\"Organization\",\"@id\":\"https:\\\/\\\/www.quebakan.com\\\/v15\\\/#organization\",\"name\":\"Quebakan.com\",\"url\":\"https:\\\/\\\/www.quebakan.com\\\/v15\\\/\",\"logo\":{\"@type\":\"ImageObject\",\"inLanguage\":\"es\",\"@id\":\"https:\\\/\\\/www.quebakan.com\\\/v15\\\/#\\\/schema\\\/logo\\\/image\\\/\",\"url\":\"https:\\\/\\\/www.quebakan.com\\\/v15\\\/wp-content\\\/uploads\\\/2023\\\/07\\\/logoquebakanenero2021.jpg\",\"contentUrl\":\"https:\\\/\\\/www.quebakan.com\\\/v15\\\/wp-content\\\/uploads\\\/2023\\\/07\\\/logoquebakanenero2021.jpg\",\"width\":1920,\"height\":1080,\"caption\":\"Quebakan.com\"},\"image\":{\"@id\":\"https:\\\/\\\/www.quebakan.com\\\/v15\\\/#\\\/schema\\\/logo\\\/image\\\/\"},\"sameAs\":[\"http:\\\/\\\/www.facebook.com\\\/quebakan\",\"https:\\\/\\\/x.com\\\/quebakanec\",\"http:\\\/\\\/www.instagram.com\\\/quebakan\",\"http:\\\/\\\/www.youtube.com\\\/quebakan1\"]},{\"@type\":\"Person\",\"@id\":\"https:\\\/\\\/www.quebakan.com\\\/v15\\\/#\\\/schema\\\/person\\\/d90fa9f9cfa81eb8ace9811e5b7b9118\",\"name\":\"Erick Villafuerte\",\"image\":{\"@type\":\"ImageObject\",\"inLanguage\":\"es\",\"@id\":\"https:\\\/\\\/www.quebakan.com\\\/v15\\\/wp-content\\\/uploads\\\/avatars\\\/4\\\/1731297654-bpfull.png\",\"url\":\"https:\\\/\\\/www.quebakan.com\\\/v15\\\/wp-content\\\/uploads\\\/avatars\\\/4\\\/1731297654-bpfull.png\",\"contentUrl\":\"https:\\\/\\\/www.quebakan.com\\\/v15\\\/wp-content\\\/uploads\\\/avatars\\\/4\\\/1731297654-bpfull.png\",\"caption\":\"Erick Villafuerte\"}}]}<\/script>\n<!-- \/ Yoast SEO plugin. -->","yoast_head_json":{"title":"Tetra Pak lanza la primera plataforma dise\u00f1ada para transformar las f\u00e1bricas de alimentos en entornos compatibles con IA &#8211; QUEBAKAN.COM 2026: Noticias, Eventos, Conciertos y mucho m\u00e1s....","robots":{"index":"index","follow":"follow","max-snippet":"max-snippet:-1","max-image-preview":"max-image-preview:large","max-video-preview":"max-video-preview:-1"},"canonical":"https:\/\/www.quebakan.com\/v15\/tetra-pak-lanza-la-primera-plataforma-disenada-para-transformar-las-fabricas-de-alimentos-en-entornos-compatibles-con-ia\/","og_locale":"es_ES","og_type":"article","og_title":"Tetra Pak lanza la primera plataforma dise\u00f1ada para transformar las f\u00e1bricas de alimentos en entornos compatibles con IA &#8211; QUEBAKAN.COM 2026: Noticias, Eventos, Conciertos y mucho m\u00e1s....","og_description":"Tetra Pak\u00ae Factory OS\u2122 es la nueva generaci\u00f3n de soluciones de automatizaci\u00f3n y digitalizaci\u00f3n para la industria de alimentos y bebidas; ofrece informaci\u00f3n contextualizada en tiempo real para una toma de decisiones m\u00e1s inteligente y \u00e1gil. Tambi\u00e9n estar\u00e1 disponible en Ecuador. Quito, noviembre de 2025. Tras su presentaci\u00f3n mundial en el evento Gulfood Manufacturing 2025 [&hellip;]","og_url":"https:\/\/www.quebakan.com\/v15\/tetra-pak-lanza-la-primera-plataforma-disenada-para-transformar-las-fabricas-de-alimentos-en-entornos-compatibles-con-ia\/","og_site_name":"QUEBAKAN.COM 2026: Noticias, Eventos, Conciertos y mucho m\u00e1s....","article_publisher":"http:\/\/www.facebook.com\/quebakan","article_published_time":"2025-11-07T05:38:01+00:00","og_image":[{"width":706,"height":419,"url":"https:\/\/www.quebakan.com\/v15\/wp-content\/uploads\/2025\/11\/Tetra-Pak-Factory.jpg","type":"image\/jpeg"}],"author":"Erick Villafuerte","twitter_card":"summary_large_image","twitter_creator":"@quebakanec","twitter_site":"@quebakanec","twitter_misc":{"Escrito por":"Erick Villafuerte","Tiempo de lectura":"4 minutos"},"schema":{"@context":"https:\/\/schema.org","@graph":[{"@type":"Article","@id":"https:\/\/www.quebakan.com\/v15\/tetra-pak-lanza-la-primera-plataforma-disenada-para-transformar-las-fabricas-de-alimentos-en-entornos-compatibles-con-ia\/#article","isPartOf":{"@id":"https:\/\/www.quebakan.com\/v15\/tetra-pak-lanza-la-primera-plataforma-disenada-para-transformar-las-fabricas-de-alimentos-en-entornos-compatibles-con-ia\/"},"author":{"name":"Erick Villafuerte","@id":"https:\/\/www.quebakan.com\/v15\/#\/schema\/person\/d90fa9f9cfa81eb8ace9811e5b7b9118"},"headline":"Tetra Pak lanza la primera plataforma dise\u00f1ada para transformar las f\u00e1bricas de alimentos en entornos compatibles con IA","datePublished":"2025-11-07T05:38:01+00:00","mainEntityOfPage":{"@id":"https:\/\/www.quebakan.com\/v15\/tetra-pak-lanza-la-primera-plataforma-disenada-para-transformar-las-fabricas-de-alimentos-en-entornos-compatibles-con-ia\/"},"wordCount":847,"publisher":{"@id":"https:\/\/www.quebakan.com\/v15\/#organization"},"image":{"@id":"https:\/\/www.quebakan.com\/v15\/tetra-pak-lanza-la-primera-plataforma-disenada-para-transformar-las-fabricas-de-alimentos-en-entornos-compatibles-con-ia\/#primaryimage"},"thumbnailUrl":"https:\/\/www.quebakan.com\/v15\/wp-content\/uploads\/2025\/11\/Tetra-Pak-Factory.jpg","articleSection":["Noticias"],"inLanguage":"es"},{"@type":"WebPage","@id":"https:\/\/www.quebakan.com\/v15\/tetra-pak-lanza-la-primera-plataforma-disenada-para-transformar-las-fabricas-de-alimentos-en-entornos-compatibles-con-ia\/","url":"https:\/\/www.quebakan.com\/v15\/tetra-pak-lanza-la-primera-plataforma-disenada-para-transformar-las-fabricas-de-alimentos-en-entornos-compatibles-con-ia\/","name":"Tetra Pak lanza la primera plataforma dise\u00f1ada para transformar las f\u00e1bricas de alimentos en entornos compatibles con IA &#8211; QUEBAKAN.COM 2026: Noticias, Eventos, Conciertos y mucho m\u00e1s....","isPartOf":{"@id":"https:\/\/www.quebakan.com\/v15\/#website"},"primaryImageOfPage":{"@id":"https:\/\/www.quebakan.com\/v15\/tetra-pak-lanza-la-primera-plataforma-disenada-para-transformar-las-fabricas-de-alimentos-en-entornos-compatibles-con-ia\/#primaryimage"},"image":{"@id":"https:\/\/www.quebakan.com\/v15\/tetra-pak-lanza-la-primera-plataforma-disenada-para-transformar-las-fabricas-de-alimentos-en-entornos-compatibles-con-ia\/#primaryimage"},"thumbnailUrl":"https:\/\/www.quebakan.com\/v15\/wp-content\/uploads\/2025\/11\/Tetra-Pak-Factory.jpg","datePublished":"2025-11-07T05:38:01+00:00","breadcrumb":{"@id":"https:\/\/www.quebakan.com\/v15\/tetra-pak-lanza-la-primera-plataforma-disenada-para-transformar-las-fabricas-de-alimentos-en-entornos-compatibles-con-ia\/#breadcrumb"},"inLanguage":"es","potentialAction":[{"@type":"ReadAction","target":["https:\/\/www.quebakan.com\/v15\/tetra-pak-lanza-la-primera-plataforma-disenada-para-transformar-las-fabricas-de-alimentos-en-entornos-compatibles-con-ia\/"]}]},{"@type":"ImageObject","inLanguage":"es","@id":"https:\/\/www.quebakan.com\/v15\/tetra-pak-lanza-la-primera-plataforma-disenada-para-transformar-las-fabricas-de-alimentos-en-entornos-compatibles-con-ia\/#primaryimage","url":"https:\/\/www.quebakan.com\/v15\/wp-content\/uploads\/2025\/11\/Tetra-Pak-Factory.jpg","contentUrl":"https:\/\/www.quebakan.com\/v15\/wp-content\/uploads\/2025\/11\/Tetra-Pak-Factory.jpg","width":706,"height":419},{"@type":"BreadcrumbList","@id":"https:\/\/www.quebakan.com\/v15\/tetra-pak-lanza-la-primera-plataforma-disenada-para-transformar-las-fabricas-de-alimentos-en-entornos-compatibles-con-ia\/#breadcrumb","itemListElement":[{"@type":"ListItem","position":1,"name":"Portada","item":"https:\/\/www.quebakan.com\/v15\/"},{"@type":"ListItem","position":2,"name":"Tetra Pak lanza la primera plataforma dise\u00f1ada para transformar las f\u00e1bricas de alimentos en entornos compatibles con IA"}]},{"@type":"WebSite","@id":"https:\/\/www.quebakan.com\/v15\/#website","url":"https:\/\/www.quebakan.com\/v15\/","name":"QUEBAKAN","description":"..","publisher":{"@id":"https:\/\/www.quebakan.com\/v15\/#organization"},"potentialAction":[{"@type":"SearchAction","target":{"@type":"EntryPoint","urlTemplate":"https:\/\/www.quebakan.com\/v15\/?s={search_term_string}"},"query-input":{"@type":"PropertyValueSpecification","valueRequired":true,"valueName":"search_term_string"}}],"inLanguage":"es"},{"@type":"Organization","@id":"https:\/\/www.quebakan.com\/v15\/#organization","name":"Quebakan.com","url":"https:\/\/www.quebakan.com\/v15\/","logo":{"@type":"ImageObject","inLanguage":"es","@id":"https:\/\/www.quebakan.com\/v15\/#\/schema\/logo\/image\/","url":"https:\/\/www.quebakan.com\/v15\/wp-content\/uploads\/2023\/07\/logoquebakanenero2021.jpg","contentUrl":"https:\/\/www.quebakan.com\/v15\/wp-content\/uploads\/2023\/07\/logoquebakanenero2021.jpg","width":1920,"height":1080,"caption":"Quebakan.com"},"image":{"@id":"https:\/\/www.quebakan.com\/v15\/#\/schema\/logo\/image\/"},"sameAs":["http:\/\/www.facebook.com\/quebakan","https:\/\/x.com\/quebakanec","http:\/\/www.instagram.com\/quebakan","http:\/\/www.youtube.com\/quebakan1"]},{"@type":"Person","@id":"https:\/\/www.quebakan.com\/v15\/#\/schema\/person\/d90fa9f9cfa81eb8ace9811e5b7b9118","name":"Erick Villafuerte","image":{"@type":"ImageObject","inLanguage":"es","@id":"https:\/\/www.quebakan.com\/v15\/wp-content\/uploads\/avatars\/4\/1731297654-bpfull.png","url":"https:\/\/www.quebakan.com\/v15\/wp-content\/uploads\/avatars\/4\/1731297654-bpfull.png","contentUrl":"https:\/\/www.quebakan.com\/v15\/wp-content\/uploads\/avatars\/4\/1731297654-bpfull.png","caption":"Erick Villafuerte"}}]}},"_links":{"self":[{"href":"https:\/\/www.quebakan.com\/v15\/wp-json\/wp\/v2\/posts\/137073","targetHints":{"allow":["GET"]}}],"collection":[{"href":"https:\/\/www.quebakan.com\/v15\/wp-json\/wp\/v2\/posts"}],"about":[{"href":"https:\/\/www.quebakan.com\/v15\/wp-json\/wp\/v2\/types\/post"}],"author":[{"embeddable":true,"href":"https:\/\/www.quebakan.com\/v15\/wp-json\/wp\/v2\/users\/4"}],"replies":[{"embeddable":true,"href":"https:\/\/www.quebakan.com\/v15\/wp-json\/wp\/v2\/comments?post=137073"}],"version-history":[{"count":1,"href":"https:\/\/www.quebakan.com\/v15\/wp-json\/wp\/v2\/posts\/137073\/revisions"}],"predecessor-version":[{"id":137075,"href":"https:\/\/www.quebakan.com\/v15\/wp-json\/wp\/v2\/posts\/137073\/revisions\/137075"}],"wp:featuredmedia":[{"embeddable":true,"href":"https:\/\/www.quebakan.com\/v15\/wp-json\/wp\/v2\/media\/137074"}],"wp:attachment":[{"href":"https:\/\/www.quebakan.com\/v15\/wp-json\/wp\/v2\/media?parent=137073"}],"wp:term":[{"taxonomy":"category","embeddable":true,"href":"https:\/\/www.quebakan.com\/v15\/wp-json\/wp\/v2\/categories?post=137073"},{"taxonomy":"post_tag","embeddable":true,"href":"https:\/\/www.quebakan.com\/v15\/wp-json\/wp\/v2\/tags?post=137073"}],"curies":[{"name":"wp","href":"https:\/\/api.w.org\/{rel}","templated":true}]}}