{"id":137076,"date":"2025-11-07T00:50:39","date_gmt":"2025-11-07T05:50:39","guid":{"rendered":"https:\/\/www.quebakan.com\/v15\/?p=137076"},"modified":"2025-11-07T00:50:39","modified_gmt":"2025-11-07T05:50:39","slug":"ecuastudios-presenta-guayaseries-un-puente-entre-ecuador-y-el-mundo-audiovisual","status":"publish","type":"post","link":"https:\/\/www.quebakan.com\/v15\/ecuastudios-presenta-guayaseries-un-puente-entre-ecuador-y-el-mundo-audiovisual\/","title":{"rendered":"Ecuastudios presenta GuayaSeries: un puente entre Ecuador y el mundo audiovisual"},"content":{"rendered":"<p><img fetchpriority=\"high\" decoding=\"async\" class=\"aligncenter size-full wp-image-137077\" src=\"https:\/\/www.quebakan.com\/v15\/wp-content\/uploads\/2025\/11\/Foto-Ana-Cecilia-Guayaseries.jpg\" alt=\"\" width=\"433\" height=\"700\" \/><\/p>\n<p style=\"text-align: justify;\"><span style=\"color: #000000;\"><strong>Guayaquil, noviembre 2025.-<\/strong> Ecuador est\u00e1 listo para contar historias que viajan. Con la mirada puesta en posicionar al pa\u00eds como <strong>hub de producci\u00f3n audiovisual de Latinoam\u00e9rica<\/strong>, <strong>Ecuastudios<\/strong>, en alianza con <strong>GuayaFest<\/strong> y <strong>Cveintiuno<\/strong>, presenta la primera edici\u00f3n de <strong>GuayaSeries<\/strong>, un espacio creado para <strong>activar la energ\u00eda del talento ecuatoriano y conectarlo con los grandes jugadores de la industria global<\/strong>.<\/span><\/p>\n<p style=\"text-align: justify;\"><span style=\"color: #000000;\">Esta nueva secci\u00f3n del <strong>Festival de Cine GuayaFest<\/strong> se vivir\u00e1 el <strong>jueves 27 de noviembre<\/strong>, a partir de las <strong>11h00<\/strong>, en el <strong>Museo Antropol\u00f3gico y de Arte Contempor\u00e1neo (MAAC)<\/strong> de Guayaquil. Ser\u00e1 una cita imperdible para quienes hacen, sue\u00f1an y viven el audiovisual.<\/span><\/p>\n<p style=\"text-align: justify;\"><span style=\"color: #000000;\"><strong>Ecuador, listo para producir con el mundo<\/strong><\/span><\/p>\n<p style=\"text-align: justify;\"><span style=\"color: #000000;\"><strong>GuayaSeries<\/strong> forma parte de la estrategia global de <strong>Ecuastudios<\/strong> para <strong>impulsar la internacionalizaci\u00f3n del talento ecuatoriano<\/strong> y proyectar al pa\u00eds como un destino ideal para producir: con <strong>incentivos fiscales de hasta el 37%<\/strong>, <strong>locaciones diversas<\/strong> y un <strong>capital humano creativo y competitivo<\/strong>.<\/span><\/p>\n<p style=\"text-align: justify;\"><span style=\"color: #000000;\">Para <strong>Ana Cecilia Alvarado<\/strong>, CEO de Ecuastudios, <em>\u201cGuayaSeries es una provocaci\u00f3n creativa; un impulso para mover la energ\u00eda del talento ecuatoriano y transformar ideas en industria. En Ecuastudios creemos en historias que conmueven, conectan y viajan. Queremos que nuestras narrativas con identidad local conquisten audiencias globales, que el talento ecuatoriano se reconozca por su calidad, su audacia y su capacidad de emocionar.\u201d<\/em><\/span><\/p>\n<p style=\"text-align: justify;\"><span style=\"color: #000000;\">Con m\u00e1s de <strong>tres d\u00e9cadas de experiencia en la industria audiovisual<\/strong>, <strong>Ana Cecilia Alvarado<\/strong> ha sido <strong>una impulsora incansable de la creatividad y del talento regional<\/strong>. Desde <strong>Ecuastudios<\/strong>, lidera una estrategia que combina innovaci\u00f3n, visi\u00f3n y colaboraci\u00f3n internacional para posicionar a Ecuador como <strong>el socio perfecto para coproducir<\/strong>.<\/span><\/p>\n<p style=\"text-align: justify;\"><span style=\"color: #000000;\"><strong>Tres paneles que inspiran, conectan y transforman<\/strong><\/span><\/p>\n<p style=\"text-align: justify;\"><span style=\"color: #000000;\"><strong>GuayaSeries<\/strong> reunir\u00e1 a <strong>referentes internacionales y l\u00edderes de la regi\u00f3n<\/strong> en tres conversatorios magistrales que recorrer\u00e1n el camino de la idea a la pantalla:<\/span><\/p>\n<ul style=\"text-align: justify;\">\n<li><span style=\"color: #000000;\"><strong>Panel 1: \u201cHow to Pitch\u201d<\/strong>: Una gu\u00eda pr\u00e1ctica para presentar y vender proyectos audiovisuales a plataformas internacionales. Participan <strong>Ana Cecilia Alvarado<\/strong>, CEO de Ecuastudios, y <strong>Leonardo Zimbr\u00f3n<\/strong>, SVP International Coproductions &amp; Spanish Language Features de <strong>3Pas Studios<\/strong>, la compa\u00f1\u00eda de <strong>Eugenio Derbez<\/strong> y <strong>Ben Odell<\/strong>. Zimbr\u00f3n es uno de los productores m\u00e1s influyentes de M\u00e9xico, responsable de t\u00edtulos como <em>Nosotros los Nobles<\/em>, <em>Amor a primera visa<\/em> y <em>Club de Cuervos<\/em>.<\/span><\/li>\n<li><span style=\"color: #000000;\"><strong>Panel 2: \u201cHow to Finance\u201d<\/strong>: Un recorrido por las nuevas rutas del financiamiento audiovisual y las oportunidades de coproducci\u00f3n internacional. Participan <strong>Ricardo Coeto<\/strong>, cofundador y socio de <strong>BTF Media<\/strong> (<em>Maradona: Blessed Dream<\/em>, <em>Daddies on Request<\/em>, <em>The Cleaning Lady<\/em>); <strong>Arturo Y\u00e9pez<\/strong>, cofundador de <strong>2bLatam<\/strong> (antes Touch\u00e9 Films, casa de <em>Enchufe.tv<\/em>); y el actor y productor colombiano <strong>Lucho Velasco<\/strong> (<em>La Reina del Flow<\/em>, <em>El Cartel<\/em>).<\/span><\/li>\n<li><span style=\"color: #000000;\"><strong>Panel 3: \u201cContenidos Transmedia en Ecuador y el Mundo\u201d<\/strong>: Una mirada al presente y futuro de las narrativas multiplataforma, donde las historias trascienden formatos y conectan audiencias a trav\u00e9s del cine, la televisi\u00f3n, las redes sociales y las experiencias digitales.<\/span><\/li>\n<\/ul>\n<p style=\"text-align: justify;\"><span style=\"color: #000000;\">Las dos primeras conferencias estar\u00e1n moderadas por <strong>Fabricio Ferrara<\/strong>, director de desarrollo de negocios de <strong>C21Media<\/strong>, medio de referencia para el mercado hispano-hablante que marca tendencia en la industria global.<\/span><\/p>\n<p style=\"text-align: justify;\"><span style=\"color: #000000;\"><strong>Un festival que construye futuro<\/strong><\/span><\/p>\n<p style=\"text-align: justify;\"><span style=\"color: #000000;\"><strong>GuayaSeries<\/strong> se integra a la hoja de ruta de formaci\u00f3n y mercado que impulsa <strong>GuayaFest<\/strong>, dirigido por <strong>Daniela Creamer<\/strong>, quien se\u00f1ala: <em>\u201cCon GuayaSeries abrimos un puente estable entre creadoras y creadores de la regi\u00f3n y los principales tomadores de decisi\u00f3n. Es una invitaci\u00f3n a pensar en grande, con metodolog\u00eda y aliados.\u201d<\/em><\/span><\/p>\n<p style=\"text-align: justify;\"><span style=\"color: #000000;\">Por su parte, <strong>Fabricio Ferrara<\/strong>, de <strong>C21Media<\/strong>, destaca: <em>\u201cEs un honor construir alianzas estrat\u00e9gicas a lo largo y ancho de Iberoam\u00e9rica. Gracias a GuayaFest y Ecuastudios, desembarcamos en Guayaquil con una oferta de sesiones que aportan a la industria local e internacional.\u201d<\/em><\/span><\/p>\n<p style=\"text-align: justify;\"><span style=\"color: #000000;\">Las actividades de <strong>GuayaSeries<\/strong> est\u00e1n dirigidas a <strong>productores, guionistas, directores, ejecutivos de contenido, estudiantes de cine y comunicaci\u00f3n<\/strong>, y a todos los profesionales que buscan escalar su carrera en la industria audiovisual. El ingreso es gratuito.<\/span><\/p>\n","protected":false},"excerpt":{"rendered":"<p>Guayaquil, noviembre 2025.- Ecuador est\u00e1 listo para contar historias que viajan. Con la mirada puesta en posicionar al pa\u00eds como hub de producci\u00f3n audiovisual de Latinoam\u00e9rica, Ecuastudios, en alianza con GuayaFest y Cveintiuno, presenta la primera edici\u00f3n de GuayaSeries, un espacio creado para activar la energ\u00eda del talento ecuatoriano y conectarlo con los grandes jugadores [&hellip;]<\/p>\n","protected":false},"author":4,"featured_media":137077,"comment_status":"closed","ping_status":"closed","sticky":false,"template":"","format":"standard","meta":{"_bbp_topic_count":0,"_bbp_reply_count":0,"_bbp_total_topic_count":0,"_bbp_total_reply_count":0,"_bbp_voice_count":0,"_bbp_anonymous_reply_count":0,"_bbp_topic_count_hidden":0,"_bbp_reply_count_hidden":0,"_bbp_forum_subforum_count":0,"buzzeditor_post_format":"","footnotes":""},"categories":[2],"tags":[],"class_list":["post-137076","post","type-post","status-publish","format-standard","has-post-thumbnail","hentry","category-noticias"],"yoast_head":"<!-- This site is optimized with the Yoast SEO plugin v27.5 - https:\/\/yoast.com\/product\/yoast-seo-wordpress\/ -->\n<title>Ecuastudios presenta GuayaSeries: un puente entre Ecuador y el mundo audiovisual &#8211; QUEBAKAN.COM 2026: Noticias, Eventos, Conciertos y mucho m\u00e1s....<\/title>\n<meta name=\"robots\" content=\"index, follow, max-snippet:-1, max-image-preview:large, max-video-preview:-1\" \/>\n<link rel=\"canonical\" href=\"https:\/\/www.quebakan.com\/v15\/ecuastudios-presenta-guayaseries-un-puente-entre-ecuador-y-el-mundo-audiovisual\/\" \/>\n<meta property=\"og:locale\" content=\"es_ES\" \/>\n<meta property=\"og:type\" content=\"article\" \/>\n<meta property=\"og:title\" content=\"Ecuastudios presenta GuayaSeries: un puente entre Ecuador y el mundo audiovisual &#8211; QUEBAKAN.COM 2026: Noticias, Eventos, Conciertos y mucho m\u00e1s....\" \/>\n<meta property=\"og:description\" content=\"Guayaquil, noviembre 2025.- Ecuador est\u00e1 listo para contar historias que viajan. Con la mirada puesta en posicionar al pa\u00eds como hub de producci\u00f3n audiovisual de Latinoam\u00e9rica, Ecuastudios, en alianza con GuayaFest y Cveintiuno, presenta la primera edici\u00f3n de GuayaSeries, un espacio creado para activar la energ\u00eda del talento ecuatoriano y conectarlo con los grandes jugadores [&hellip;]\" \/>\n<meta property=\"og:url\" content=\"https:\/\/www.quebakan.com\/v15\/ecuastudios-presenta-guayaseries-un-puente-entre-ecuador-y-el-mundo-audiovisual\/\" \/>\n<meta property=\"og:site_name\" content=\"QUEBAKAN.COM 2026: Noticias, Eventos, Conciertos y mucho m\u00e1s....\" \/>\n<meta property=\"article:publisher\" content=\"http:\/\/www.facebook.com\/quebakan\" \/>\n<meta property=\"article:published_time\" content=\"2025-11-07T05:50:39+00:00\" \/>\n<meta property=\"og:image\" content=\"https:\/\/www.quebakan.com\/v15\/wp-content\/uploads\/2025\/11\/Foto-Ana-Cecilia-Guayaseries.jpg\" \/>\n\t<meta property=\"og:image:width\" content=\"433\" \/>\n\t<meta property=\"og:image:height\" content=\"700\" \/>\n\t<meta property=\"og:image:type\" content=\"image\/jpeg\" \/>\n<meta name=\"author\" content=\"Erick Villafuerte\" \/>\n<meta name=\"twitter:card\" content=\"summary_large_image\" \/>\n<meta name=\"twitter:creator\" content=\"@quebakanec\" \/>\n<meta name=\"twitter:site\" content=\"@quebakanec\" \/>\n<meta name=\"twitter:label1\" content=\"Escrito por\" \/>\n\t<meta name=\"twitter:data1\" content=\"Erick Villafuerte\" \/>\n\t<meta name=\"twitter:label2\" content=\"Tiempo de lectura\" \/>\n\t<meta name=\"twitter:data2\" content=\"4 minutos\" \/>\n<script type=\"application\/ld+json\" class=\"yoast-schema-graph\">{\"@context\":\"https:\\\/\\\/schema.org\",\"@graph\":[{\"@type\":\"Article\",\"@id\":\"https:\\\/\\\/www.quebakan.com\\\/v15\\\/ecuastudios-presenta-guayaseries-un-puente-entre-ecuador-y-el-mundo-audiovisual\\\/#article\",\"isPartOf\":{\"@id\":\"https:\\\/\\\/www.quebakan.com\\\/v15\\\/ecuastudios-presenta-guayaseries-un-puente-entre-ecuador-y-el-mundo-audiovisual\\\/\"},\"author\":{\"name\":\"Erick Villafuerte\",\"@id\":\"https:\\\/\\\/www.quebakan.com\\\/v15\\\/#\\\/schema\\\/person\\\/d90fa9f9cfa81eb8ace9811e5b7b9118\"},\"headline\":\"Ecuastudios presenta GuayaSeries: un puente entre Ecuador y el mundo audiovisual\",\"datePublished\":\"2025-11-07T05:50:39+00:00\",\"mainEntityOfPage\":{\"@id\":\"https:\\\/\\\/www.quebakan.com\\\/v15\\\/ecuastudios-presenta-guayaseries-un-puente-entre-ecuador-y-el-mundo-audiovisual\\\/\"},\"wordCount\":682,\"publisher\":{\"@id\":\"https:\\\/\\\/www.quebakan.com\\\/v15\\\/#organization\"},\"image\":{\"@id\":\"https:\\\/\\\/www.quebakan.com\\\/v15\\\/ecuastudios-presenta-guayaseries-un-puente-entre-ecuador-y-el-mundo-audiovisual\\\/#primaryimage\"},\"thumbnailUrl\":\"https:\\\/\\\/www.quebakan.com\\\/v15\\\/wp-content\\\/uploads\\\/2025\\\/11\\\/Foto-Ana-Cecilia-Guayaseries.jpg\",\"articleSection\":[\"Noticias\"],\"inLanguage\":\"es\"},{\"@type\":\"WebPage\",\"@id\":\"https:\\\/\\\/www.quebakan.com\\\/v15\\\/ecuastudios-presenta-guayaseries-un-puente-entre-ecuador-y-el-mundo-audiovisual\\\/\",\"url\":\"https:\\\/\\\/www.quebakan.com\\\/v15\\\/ecuastudios-presenta-guayaseries-un-puente-entre-ecuador-y-el-mundo-audiovisual\\\/\",\"name\":\"Ecuastudios presenta GuayaSeries: un puente entre Ecuador y el mundo audiovisual &#8211; QUEBAKAN.COM 2026: Noticias, Eventos, Conciertos y mucho m\u00e1s....\",\"isPartOf\":{\"@id\":\"https:\\\/\\\/www.quebakan.com\\\/v15\\\/#website\"},\"primaryImageOfPage\":{\"@id\":\"https:\\\/\\\/www.quebakan.com\\\/v15\\\/ecuastudios-presenta-guayaseries-un-puente-entre-ecuador-y-el-mundo-audiovisual\\\/#primaryimage\"},\"image\":{\"@id\":\"https:\\\/\\\/www.quebakan.com\\\/v15\\\/ecuastudios-presenta-guayaseries-un-puente-entre-ecuador-y-el-mundo-audiovisual\\\/#primaryimage\"},\"thumbnailUrl\":\"https:\\\/\\\/www.quebakan.com\\\/v15\\\/wp-content\\\/uploads\\\/2025\\\/11\\\/Foto-Ana-Cecilia-Guayaseries.jpg\",\"datePublished\":\"2025-11-07T05:50:39+00:00\",\"breadcrumb\":{\"@id\":\"https:\\\/\\\/www.quebakan.com\\\/v15\\\/ecuastudios-presenta-guayaseries-un-puente-entre-ecuador-y-el-mundo-audiovisual\\\/#breadcrumb\"},\"inLanguage\":\"es\",\"potentialAction\":[{\"@type\":\"ReadAction\",\"target\":[\"https:\\\/\\\/www.quebakan.com\\\/v15\\\/ecuastudios-presenta-guayaseries-un-puente-entre-ecuador-y-el-mundo-audiovisual\\\/\"]}]},{\"@type\":\"ImageObject\",\"inLanguage\":\"es\",\"@id\":\"https:\\\/\\\/www.quebakan.com\\\/v15\\\/ecuastudios-presenta-guayaseries-un-puente-entre-ecuador-y-el-mundo-audiovisual\\\/#primaryimage\",\"url\":\"https:\\\/\\\/www.quebakan.com\\\/v15\\\/wp-content\\\/uploads\\\/2025\\\/11\\\/Foto-Ana-Cecilia-Guayaseries.jpg\",\"contentUrl\":\"https:\\\/\\\/www.quebakan.com\\\/v15\\\/wp-content\\\/uploads\\\/2025\\\/11\\\/Foto-Ana-Cecilia-Guayaseries.jpg\",\"width\":433,\"height\":700},{\"@type\":\"BreadcrumbList\",\"@id\":\"https:\\\/\\\/www.quebakan.com\\\/v15\\\/ecuastudios-presenta-guayaseries-un-puente-entre-ecuador-y-el-mundo-audiovisual\\\/#breadcrumb\",\"itemListElement\":[{\"@type\":\"ListItem\",\"position\":1,\"name\":\"Portada\",\"item\":\"https:\\\/\\\/www.quebakan.com\\\/v15\\\/\"},{\"@type\":\"ListItem\",\"position\":2,\"name\":\"Ecuastudios presenta GuayaSeries: un puente entre Ecuador y el mundo audiovisual\"}]},{\"@type\":\"WebSite\",\"@id\":\"https:\\\/\\\/www.quebakan.com\\\/v15\\\/#website\",\"url\":\"https:\\\/\\\/www.quebakan.com\\\/v15\\\/\",\"name\":\"QUEBAKAN\",\"description\":\"..\",\"publisher\":{\"@id\":\"https:\\\/\\\/www.quebakan.com\\\/v15\\\/#organization\"},\"potentialAction\":[{\"@type\":\"SearchAction\",\"target\":{\"@type\":\"EntryPoint\",\"urlTemplate\":\"https:\\\/\\\/www.quebakan.com\\\/v15\\\/?s={search_term_string}\"},\"query-input\":{\"@type\":\"PropertyValueSpecification\",\"valueRequired\":true,\"valueName\":\"search_term_string\"}}],\"inLanguage\":\"es\"},{\"@type\":\"Organization\",\"@id\":\"https:\\\/\\\/www.quebakan.com\\\/v15\\\/#organization\",\"name\":\"Quebakan.com\",\"url\":\"https:\\\/\\\/www.quebakan.com\\\/v15\\\/\",\"logo\":{\"@type\":\"ImageObject\",\"inLanguage\":\"es\",\"@id\":\"https:\\\/\\\/www.quebakan.com\\\/v15\\\/#\\\/schema\\\/logo\\\/image\\\/\",\"url\":\"https:\\\/\\\/www.quebakan.com\\\/v15\\\/wp-content\\\/uploads\\\/2023\\\/07\\\/logoquebakanenero2021.jpg\",\"contentUrl\":\"https:\\\/\\\/www.quebakan.com\\\/v15\\\/wp-content\\\/uploads\\\/2023\\\/07\\\/logoquebakanenero2021.jpg\",\"width\":1920,\"height\":1080,\"caption\":\"Quebakan.com\"},\"image\":{\"@id\":\"https:\\\/\\\/www.quebakan.com\\\/v15\\\/#\\\/schema\\\/logo\\\/image\\\/\"},\"sameAs\":[\"http:\\\/\\\/www.facebook.com\\\/quebakan\",\"https:\\\/\\\/x.com\\\/quebakanec\",\"http:\\\/\\\/www.instagram.com\\\/quebakan\",\"http:\\\/\\\/www.youtube.com\\\/quebakan1\"]},{\"@type\":\"Person\",\"@id\":\"https:\\\/\\\/www.quebakan.com\\\/v15\\\/#\\\/schema\\\/person\\\/d90fa9f9cfa81eb8ace9811e5b7b9118\",\"name\":\"Erick Villafuerte\",\"image\":{\"@type\":\"ImageObject\",\"inLanguage\":\"es\",\"@id\":\"https:\\\/\\\/www.quebakan.com\\\/v15\\\/wp-content\\\/uploads\\\/avatars\\\/4\\\/1731297654-bpfull.png\",\"url\":\"https:\\\/\\\/www.quebakan.com\\\/v15\\\/wp-content\\\/uploads\\\/avatars\\\/4\\\/1731297654-bpfull.png\",\"contentUrl\":\"https:\\\/\\\/www.quebakan.com\\\/v15\\\/wp-content\\\/uploads\\\/avatars\\\/4\\\/1731297654-bpfull.png\",\"caption\":\"Erick Villafuerte\"}}]}<\/script>\n<!-- \/ Yoast SEO plugin. -->","yoast_head_json":{"title":"Ecuastudios presenta GuayaSeries: un puente entre Ecuador y el mundo audiovisual &#8211; QUEBAKAN.COM 2026: Noticias, Eventos, Conciertos y mucho m\u00e1s....","robots":{"index":"index","follow":"follow","max-snippet":"max-snippet:-1","max-image-preview":"max-image-preview:large","max-video-preview":"max-video-preview:-1"},"canonical":"https:\/\/www.quebakan.com\/v15\/ecuastudios-presenta-guayaseries-un-puente-entre-ecuador-y-el-mundo-audiovisual\/","og_locale":"es_ES","og_type":"article","og_title":"Ecuastudios presenta GuayaSeries: un puente entre Ecuador y el mundo audiovisual &#8211; QUEBAKAN.COM 2026: Noticias, Eventos, Conciertos y mucho m\u00e1s....","og_description":"Guayaquil, noviembre 2025.- Ecuador est\u00e1 listo para contar historias que viajan. Con la mirada puesta en posicionar al pa\u00eds como hub de producci\u00f3n audiovisual de Latinoam\u00e9rica, Ecuastudios, en alianza con GuayaFest y Cveintiuno, presenta la primera edici\u00f3n de GuayaSeries, un espacio creado para activar la energ\u00eda del talento ecuatoriano y conectarlo con los grandes jugadores [&hellip;]","og_url":"https:\/\/www.quebakan.com\/v15\/ecuastudios-presenta-guayaseries-un-puente-entre-ecuador-y-el-mundo-audiovisual\/","og_site_name":"QUEBAKAN.COM 2026: Noticias, Eventos, Conciertos y mucho m\u00e1s....","article_publisher":"http:\/\/www.facebook.com\/quebakan","article_published_time":"2025-11-07T05:50:39+00:00","og_image":[{"width":433,"height":700,"url":"https:\/\/www.quebakan.com\/v15\/wp-content\/uploads\/2025\/11\/Foto-Ana-Cecilia-Guayaseries.jpg","type":"image\/jpeg"}],"author":"Erick Villafuerte","twitter_card":"summary_large_image","twitter_creator":"@quebakanec","twitter_site":"@quebakanec","twitter_misc":{"Escrito por":"Erick Villafuerte","Tiempo de lectura":"4 minutos"},"schema":{"@context":"https:\/\/schema.org","@graph":[{"@type":"Article","@id":"https:\/\/www.quebakan.com\/v15\/ecuastudios-presenta-guayaseries-un-puente-entre-ecuador-y-el-mundo-audiovisual\/#article","isPartOf":{"@id":"https:\/\/www.quebakan.com\/v15\/ecuastudios-presenta-guayaseries-un-puente-entre-ecuador-y-el-mundo-audiovisual\/"},"author":{"name":"Erick Villafuerte","@id":"https:\/\/www.quebakan.com\/v15\/#\/schema\/person\/d90fa9f9cfa81eb8ace9811e5b7b9118"},"headline":"Ecuastudios presenta GuayaSeries: un puente entre Ecuador y el mundo audiovisual","datePublished":"2025-11-07T05:50:39+00:00","mainEntityOfPage":{"@id":"https:\/\/www.quebakan.com\/v15\/ecuastudios-presenta-guayaseries-un-puente-entre-ecuador-y-el-mundo-audiovisual\/"},"wordCount":682,"publisher":{"@id":"https:\/\/www.quebakan.com\/v15\/#organization"},"image":{"@id":"https:\/\/www.quebakan.com\/v15\/ecuastudios-presenta-guayaseries-un-puente-entre-ecuador-y-el-mundo-audiovisual\/#primaryimage"},"thumbnailUrl":"https:\/\/www.quebakan.com\/v15\/wp-content\/uploads\/2025\/11\/Foto-Ana-Cecilia-Guayaseries.jpg","articleSection":["Noticias"],"inLanguage":"es"},{"@type":"WebPage","@id":"https:\/\/www.quebakan.com\/v15\/ecuastudios-presenta-guayaseries-un-puente-entre-ecuador-y-el-mundo-audiovisual\/","url":"https:\/\/www.quebakan.com\/v15\/ecuastudios-presenta-guayaseries-un-puente-entre-ecuador-y-el-mundo-audiovisual\/","name":"Ecuastudios presenta GuayaSeries: un puente entre Ecuador y el mundo audiovisual &#8211; QUEBAKAN.COM 2026: Noticias, Eventos, Conciertos y mucho m\u00e1s....","isPartOf":{"@id":"https:\/\/www.quebakan.com\/v15\/#website"},"primaryImageOfPage":{"@id":"https:\/\/www.quebakan.com\/v15\/ecuastudios-presenta-guayaseries-un-puente-entre-ecuador-y-el-mundo-audiovisual\/#primaryimage"},"image":{"@id":"https:\/\/www.quebakan.com\/v15\/ecuastudios-presenta-guayaseries-un-puente-entre-ecuador-y-el-mundo-audiovisual\/#primaryimage"},"thumbnailUrl":"https:\/\/www.quebakan.com\/v15\/wp-content\/uploads\/2025\/11\/Foto-Ana-Cecilia-Guayaseries.jpg","datePublished":"2025-11-07T05:50:39+00:00","breadcrumb":{"@id":"https:\/\/www.quebakan.com\/v15\/ecuastudios-presenta-guayaseries-un-puente-entre-ecuador-y-el-mundo-audiovisual\/#breadcrumb"},"inLanguage":"es","potentialAction":[{"@type":"ReadAction","target":["https:\/\/www.quebakan.com\/v15\/ecuastudios-presenta-guayaseries-un-puente-entre-ecuador-y-el-mundo-audiovisual\/"]}]},{"@type":"ImageObject","inLanguage":"es","@id":"https:\/\/www.quebakan.com\/v15\/ecuastudios-presenta-guayaseries-un-puente-entre-ecuador-y-el-mundo-audiovisual\/#primaryimage","url":"https:\/\/www.quebakan.com\/v15\/wp-content\/uploads\/2025\/11\/Foto-Ana-Cecilia-Guayaseries.jpg","contentUrl":"https:\/\/www.quebakan.com\/v15\/wp-content\/uploads\/2025\/11\/Foto-Ana-Cecilia-Guayaseries.jpg","width":433,"height":700},{"@type":"BreadcrumbList","@id":"https:\/\/www.quebakan.com\/v15\/ecuastudios-presenta-guayaseries-un-puente-entre-ecuador-y-el-mundo-audiovisual\/#breadcrumb","itemListElement":[{"@type":"ListItem","position":1,"name":"Portada","item":"https:\/\/www.quebakan.com\/v15\/"},{"@type":"ListItem","position":2,"name":"Ecuastudios presenta GuayaSeries: un puente entre Ecuador y el mundo audiovisual"}]},{"@type":"WebSite","@id":"https:\/\/www.quebakan.com\/v15\/#website","url":"https:\/\/www.quebakan.com\/v15\/","name":"QUEBAKAN","description":"..","publisher":{"@id":"https:\/\/www.quebakan.com\/v15\/#organization"},"potentialAction":[{"@type":"SearchAction","target":{"@type":"EntryPoint","urlTemplate":"https:\/\/www.quebakan.com\/v15\/?s={search_term_string}"},"query-input":{"@type":"PropertyValueSpecification","valueRequired":true,"valueName":"search_term_string"}}],"inLanguage":"es"},{"@type":"Organization","@id":"https:\/\/www.quebakan.com\/v15\/#organization","name":"Quebakan.com","url":"https:\/\/www.quebakan.com\/v15\/","logo":{"@type":"ImageObject","inLanguage":"es","@id":"https:\/\/www.quebakan.com\/v15\/#\/schema\/logo\/image\/","url":"https:\/\/www.quebakan.com\/v15\/wp-content\/uploads\/2023\/07\/logoquebakanenero2021.jpg","contentUrl":"https:\/\/www.quebakan.com\/v15\/wp-content\/uploads\/2023\/07\/logoquebakanenero2021.jpg","width":1920,"height":1080,"caption":"Quebakan.com"},"image":{"@id":"https:\/\/www.quebakan.com\/v15\/#\/schema\/logo\/image\/"},"sameAs":["http:\/\/www.facebook.com\/quebakan","https:\/\/x.com\/quebakanec","http:\/\/www.instagram.com\/quebakan","http:\/\/www.youtube.com\/quebakan1"]},{"@type":"Person","@id":"https:\/\/www.quebakan.com\/v15\/#\/schema\/person\/d90fa9f9cfa81eb8ace9811e5b7b9118","name":"Erick Villafuerte","image":{"@type":"ImageObject","inLanguage":"es","@id":"https:\/\/www.quebakan.com\/v15\/wp-content\/uploads\/avatars\/4\/1731297654-bpfull.png","url":"https:\/\/www.quebakan.com\/v15\/wp-content\/uploads\/avatars\/4\/1731297654-bpfull.png","contentUrl":"https:\/\/www.quebakan.com\/v15\/wp-content\/uploads\/avatars\/4\/1731297654-bpfull.png","caption":"Erick Villafuerte"}}]}},"_links":{"self":[{"href":"https:\/\/www.quebakan.com\/v15\/wp-json\/wp\/v2\/posts\/137076","targetHints":{"allow":["GET"]}}],"collection":[{"href":"https:\/\/www.quebakan.com\/v15\/wp-json\/wp\/v2\/posts"}],"about":[{"href":"https:\/\/www.quebakan.com\/v15\/wp-json\/wp\/v2\/types\/post"}],"author":[{"embeddable":true,"href":"https:\/\/www.quebakan.com\/v15\/wp-json\/wp\/v2\/users\/4"}],"replies":[{"embeddable":true,"href":"https:\/\/www.quebakan.com\/v15\/wp-json\/wp\/v2\/comments?post=137076"}],"version-history":[{"count":1,"href":"https:\/\/www.quebakan.com\/v15\/wp-json\/wp\/v2\/posts\/137076\/revisions"}],"predecessor-version":[{"id":137078,"href":"https:\/\/www.quebakan.com\/v15\/wp-json\/wp\/v2\/posts\/137076\/revisions\/137078"}],"wp:featuredmedia":[{"embeddable":true,"href":"https:\/\/www.quebakan.com\/v15\/wp-json\/wp\/v2\/media\/137077"}],"wp:attachment":[{"href":"https:\/\/www.quebakan.com\/v15\/wp-json\/wp\/v2\/media?parent=137076"}],"wp:term":[{"taxonomy":"category","embeddable":true,"href":"https:\/\/www.quebakan.com\/v15\/wp-json\/wp\/v2\/categories?post=137076"},{"taxonomy":"post_tag","embeddable":true,"href":"https:\/\/www.quebakan.com\/v15\/wp-json\/wp\/v2\/tags?post=137076"}],"curies":[{"name":"wp","href":"https:\/\/api.w.org\/{rel}","templated":true}]}}