{"id":137092,"date":"2025-11-07T13:12:32","date_gmt":"2025-11-07T18:12:32","guid":{"rendered":"https:\/\/www.quebakan.com\/v15\/?p=137092"},"modified":"2025-11-07T13:12:32","modified_gmt":"2025-11-07T18:12:32","slug":"con-un-indice-de-desarrollo-de-gobierno-electronico-del-08-1-ecuador-avanza-hacia-la-innovacion-sostenible","status":"publish","type":"post","link":"https:\/\/www.quebakan.com\/v15\/con-un-indice-de-desarrollo-de-gobierno-electronico-del-08-1-ecuador-avanza-hacia-la-innovacion-sostenible\/","title":{"rendered":"Con un \u00edndice de desarrollo de gobierno electr\u00f3nico del 0,8\/1 Ecuador avanza hacia la innovaci\u00f3n sostenible"},"content":{"rendered":"<p><img fetchpriority=\"high\" decoding=\"async\" class=\"aligncenter size-full wp-image-137093\" src=\"https:\/\/www.quebakan.com\/v15\/wp-content\/uploads\/2025\/11\/54019730211_5d2d8db16b_b.jpg\" alt=\"\" width=\"700\" height=\"467\" \/><\/p>\n<ul>\n<li style=\"text-align: justify;\"><span style=\"color: #000000;\"><em>El \u00cdndice de Desarrollo de Gobierno Tecnol\u00f3gico es un indicador que mide el avance y la calidad de los servicios electr\u00f3nicos prestados por el gobierno a los ciudadanos.<\/em><\/span><\/li>\n<li style=\"text-align: justify;\"><span style=\"color: #000000;\"><em>El pa\u00eds obtuvo 87,1\/100 en el \u00cdndice Global de Ciberseguridad 2024, consolidando su compromiso con la seguridad digital.<\/em><\/span><\/li>\n<li style=\"text-align: justify;\"><span style=\"color: #000000;\"><em>M\u00e1s de 1.000 l\u00edderes empresariales, autoridades y expertos analizar\u00e1n los avances del pa\u00eds en digitalizaci\u00f3n, IA y econom\u00eda del conocimiento en la cuarta edici\u00f3n del Digital Transformation Summit 2025.<\/em><\/span><\/li>\n<\/ul>\n<p style=\"text-align: justify;\"><span style=\"color: #000000;\"><strong>Quito, noviembre de 2025.-<\/strong> La Agenda de Transformaci\u00f3n Digital 2022\u20132025, liderada por el Ministerio de Telecomunicaciones, establece siete ejes estrat\u00e9gicos y 93 l\u00edneas de acci\u00f3n basadas en conectividad, servicios digitales, ciberseguridad e inteligencia artificial. Seg\u00fan el INEC, el 71,3 % de los hogares ecuatorianos cuenta con acceso a internet y el 80,1 % de la poblaci\u00f3n utiliza servicios digitales a diario, mientras que la cobertura 4G alcanza el 78 %, ubicando al pa\u00eds sobre el promedio regional.<\/span><\/p>\n<p style=\"text-align: justify;\"><span style=\"color: #000000;\">De acuerdo con el Ministerio de Telecomunicaciones y de la Sociedad de la Informaci\u00f3n, Ecuador registra un \u00edndice de desarrollo de gobierno electr\u00f3nico de 0,8 siendo 1 el m\u00e1ximo, posicion\u00e1ndose as\u00ed, en el grupo de pa\u00edses con \u201cmuy alto desarrollo digital\u201d; por otro lado, el 68 % de las empresas ya implementa herramientas basadas en inteligencia artificial y el 40 % planea ampliar su uso antes de cerrar 2025.<\/span><\/p>\n<p style=\"text-align: justify;\"><span style=\"color: #000000;\">Estas cifras evidencian un entorno propicio para la innovaci\u00f3n p\u00fablica y privada, respaldado por una Estrategia Nacional de Gobierno Digital que fortalece la interoperabilidad, la capacitaci\u00f3n y la ciberseguridad, \u00e1mbito en el que Ecuador obtuvo 87,1\/100 en el \u00cdndice Global de Ciberseguridad 2024; en este contexto, la cuarta edici\u00f3n del Digital Transformation Summit, organizado por Seminarium junto a la C\u00e1mara de Innovaci\u00f3n y Tecnolog\u00eda CITEC, se consolida como un espacio clave para reflexionar sobre los avances, desaf\u00edos y oportunidades de la transformaci\u00f3n digital del pa\u00eds, impulsando la productividad, la transparencia y el desarrollo sostenible.<\/span><\/p>\n<p style=\"text-align: justify;\"><span style=\"color: #000000;\">Este evento que se desarrollar\u00e1 el 18 de noviembre en el Swissotel Quito, reunir\u00e1 a m\u00e1s de 1.000 l\u00edderes empresariales, autoridades, acad\u00e9micos y emprendedores para compartir experiencias y analizar los avances del pa\u00eds en materia de digitalizaci\u00f3n, automatizaci\u00f3n, ciberseguridad y econom\u00eda del conocimiento.<\/span><\/p>\n<p style=\"text-align: justify;\"><span style=\"color: #000000;\"><em>\u201cReconocemos los esfuerzos por avanzar en marcos para la regulaci\u00f3n de la inteligencia artificial, es fundamental que estas normas sean habilitantes y basadas en riesgos, para impulsar la innovaci\u00f3n sin limitarla. Una regulaci\u00f3n equilibrada permitir\u00e1 fortalecer la productividad y competitividad del pa\u00eds, promoviendo el desarrollo de nuevos modelos econ\u00f3micos impulsados por la IA, con pleno respeto a los derechos y la seguridad de las personas\u201d,<\/em> menciona Gisela Montalvo, Directora Ejecutiva de la C\u00e1mara de Innovaci\u00f3n y Tecnolog\u00eda CITEC.<\/span><\/p>\n<p style=\"text-align: justify;\"><span style=\"color: #000000;\"><em>\u201cLa inteligencia artificial es una ventana de oportunidad para transformar la forma en que aprendemos y trabajamos, nos impulsa a fortalecer las power skills que redefinen las profesiones del futuro, combinando tecnolog\u00eda con pensamiento cr\u00edtico, adaptabilidad y creatividad. En esta cuarta edici\u00f3n contaremos con Borja Castelar, quien abordar\u00e1 justamente c\u00f3mo estas habilidades humanas (power skills) potencian la innovaci\u00f3n sostenible\u201d<\/em> destaca Mar\u00eda Rosa Tapia, CEO de Seminarium Ecuador.<\/span><\/p>\n<p style=\"text-align: justify;\"><span style=\"color: #000000;\"><strong>Expertos<\/strong><\/span><\/p>\n<p style=\"text-align: justify;\"><span style=\"color: #000000;\">Durante el encuentro se abordar\u00e1n temas como la inteligencia artificial aplicada a los negocios, la automatizaci\u00f3n de procesos, la ciberseguridad, la econom\u00eda digital y las nuevas competencias profesionales frente a la industria 4.0, entre los expositores confirmados se encuentran:<\/span><\/p>\n<ul style=\"text-align: justify;\">\n<li><span style=\"color: #000000;\"><strong>Luis Alberto Jaramillo<\/strong>, Ministro de Producci\u00f3n, Comercio Exterior e Inversiones.<\/span><\/li>\n<li><span style=\"color: #000000;\"><strong>Jos\u00e9 Luis Barzallo,<\/strong> Presidente del Directorio de CITEC y Socio de AVL<\/span><\/li>\n<li><span style=\"color: #000000;\"><strong>Gisela Montalvo<\/strong>, Directora Ejecutiva de CITEC.<\/span><\/li>\n<li><span style=\"color: #000000;\"><strong>Juan Carlos Navarro, <\/strong>Presidente Comit\u00e9 Empresarial Ecuatoriano<\/span><\/li>\n<li><span style=\"color: #000000;\"><strong>Fabi\u00e1n Garz\u00f3n<\/strong>, Vicepresidente de Transformaci\u00f3n Digital de Produbanco.<\/span><\/li>\n<li><span style=\"color: #000000;\"><strong>Diana Mej\u00eda<\/strong>, Representante de CAF Ecuador.<\/span><\/li>\n<li><span style=\"color: #000000;\"><strong>Fernando Moncayo<\/strong>, Cofundador y Director Ejecutivo de Inspectorio.<\/span><\/li>\n<li><span style=\"color: #000000;\"><strong>Borja Castelar<\/strong>, exdirector de LinkedIn Latinoam\u00e9rica.<\/span><\/li>\n<li><span style=\"color: #000000;\"><strong>Ver\u00f3nica Zurita, <\/strong>Gerente de Operaciones BRIDGETECH<\/span><\/li>\n<li><span style=\"color: #000000;\"><strong>Elias Barzallo, <\/strong>CEO UANATACA<\/span><\/li>\n<li><span style=\"color: #000000;\"><strong>Hern\u00e1n Aguirre, <\/strong>Profesor e investigador de la Universidad Shinshu, experto en computaci\u00f3n evolutiva<\/span><\/li>\n<li><span style=\"color: #000000;\"><strong>Mar\u00eda Rosa Tapia<\/strong>, Presidenta y Socia de Seminarium Ecuador.<\/span><\/li>\n<\/ul>\n<p style=\"text-align: justify;\"><span style=\"color: #000000;\">El IV Digital Transformation Summit ser\u00e1 un espacio para conectar ideas, mostrar casos de \u00e9xito y generar sinergias entre los sectores p\u00fablico y privado. A trav\u00e9s de conferencias magistrales, paneles y experiencias de networking, el evento busca fortalecer el ecosistema de innovaci\u00f3n del pa\u00eds, promover la adopci\u00f3n de tecnolog\u00edas emergentes y consolidar una visi\u00f3n compartida de desarrollo digital sostenible para el Ecuador.<\/span><\/p>\n<p><img decoding=\"async\" class=\"aligncenter size-full wp-image-137094\" src=\"https:\/\/www.quebakan.com\/v15\/wp-content\/uploads\/2025\/11\/54018830782_da50745371_b.jpg\" alt=\"\" width=\"700\" height=\"467\" \/><\/p>\n","protected":false},"excerpt":{"rendered":"<p>El \u00cdndice de Desarrollo de Gobierno Tecnol\u00f3gico es un indicador que mide el avance y la calidad de los servicios electr\u00f3nicos prestados por el gobierno a los ciudadanos. El pa\u00eds obtuvo 87,1\/100 en el \u00cdndice Global de Ciberseguridad 2024, consolidando su compromiso con la seguridad digital. M\u00e1s de 1.000 l\u00edderes empresariales, autoridades y expertos analizar\u00e1n [&hellip;]<\/p>\n","protected":false},"author":4,"featured_media":137093,"comment_status":"closed","ping_status":"closed","sticky":false,"template":"","format":"standard","meta":{"_bbp_topic_count":0,"_bbp_reply_count":0,"_bbp_total_topic_count":0,"_bbp_total_reply_count":0,"_bbp_voice_count":0,"_bbp_anonymous_reply_count":0,"_bbp_topic_count_hidden":0,"_bbp_reply_count_hidden":0,"_bbp_forum_subforum_count":0,"buzzeditor_post_format":"","footnotes":""},"categories":[2],"tags":[],"class_list":["post-137092","post","type-post","status-publish","format-standard","has-post-thumbnail","hentry","category-noticias"],"yoast_head":"<!-- This site is optimized with the Yoast SEO plugin v27.5 - https:\/\/yoast.com\/product\/yoast-seo-wordpress\/ -->\n<title>Con un \u00edndice de desarrollo de gobierno electr\u00f3nico del 0,8\/1 Ecuador avanza hacia la innovaci\u00f3n sostenible &#8211; QUEBAKAN.COM 2026: Noticias, Eventos, Conciertos y mucho m\u00e1s....<\/title>\n<meta name=\"robots\" content=\"index, follow, max-snippet:-1, max-image-preview:large, max-video-preview:-1\" \/>\n<link rel=\"canonical\" href=\"https:\/\/www.quebakan.com\/v15\/con-un-indice-de-desarrollo-de-gobierno-electronico-del-08-1-ecuador-avanza-hacia-la-innovacion-sostenible\/\" \/>\n<meta property=\"og:locale\" content=\"es_ES\" \/>\n<meta property=\"og:type\" content=\"article\" \/>\n<meta property=\"og:title\" content=\"Con un \u00edndice de desarrollo de gobierno electr\u00f3nico del 0,8\/1 Ecuador avanza hacia la innovaci\u00f3n sostenible &#8211; QUEBAKAN.COM 2026: Noticias, Eventos, Conciertos y mucho m\u00e1s....\" \/>\n<meta property=\"og:description\" content=\"El \u00cdndice de Desarrollo de Gobierno Tecnol\u00f3gico es un indicador que mide el avance y la calidad de los servicios electr\u00f3nicos prestados por el gobierno a los ciudadanos. El pa\u00eds obtuvo 87,1\/100 en el \u00cdndice Global de Ciberseguridad 2024, consolidando su compromiso con la seguridad digital. M\u00e1s de 1.000 l\u00edderes empresariales, autoridades y expertos analizar\u00e1n [&hellip;]\" \/>\n<meta property=\"og:url\" content=\"https:\/\/www.quebakan.com\/v15\/con-un-indice-de-desarrollo-de-gobierno-electronico-del-08-1-ecuador-avanza-hacia-la-innovacion-sostenible\/\" \/>\n<meta property=\"og:site_name\" content=\"QUEBAKAN.COM 2026: Noticias, Eventos, Conciertos y mucho m\u00e1s....\" \/>\n<meta property=\"article:publisher\" content=\"http:\/\/www.facebook.com\/quebakan\" \/>\n<meta property=\"article:published_time\" content=\"2025-11-07T18:12:32+00:00\" \/>\n<meta property=\"og:image\" content=\"https:\/\/www.quebakan.com\/v15\/wp-content\/uploads\/2025\/11\/54019730211_5d2d8db16b_b.jpg\" \/>\n\t<meta property=\"og:image:width\" content=\"700\" \/>\n\t<meta property=\"og:image:height\" content=\"467\" \/>\n\t<meta property=\"og:image:type\" content=\"image\/jpeg\" \/>\n<meta name=\"author\" content=\"Erick Villafuerte\" \/>\n<meta name=\"twitter:card\" content=\"summary_large_image\" \/>\n<meta name=\"twitter:creator\" content=\"@quebakanec\" \/>\n<meta name=\"twitter:site\" content=\"@quebakanec\" \/>\n<meta name=\"twitter:label1\" content=\"Escrito por\" \/>\n\t<meta name=\"twitter:data1\" content=\"Erick Villafuerte\" \/>\n\t<meta name=\"twitter:label2\" content=\"Tiempo de lectura\" \/>\n\t<meta name=\"twitter:data2\" content=\"4 minutos\" \/>\n<script type=\"application\/ld+json\" class=\"yoast-schema-graph\">{\"@context\":\"https:\\\/\\\/schema.org\",\"@graph\":[{\"@type\":\"Article\",\"@id\":\"https:\\\/\\\/www.quebakan.com\\\/v15\\\/con-un-indice-de-desarrollo-de-gobierno-electronico-del-08-1-ecuador-avanza-hacia-la-innovacion-sostenible\\\/#article\",\"isPartOf\":{\"@id\":\"https:\\\/\\\/www.quebakan.com\\\/v15\\\/con-un-indice-de-desarrollo-de-gobierno-electronico-del-08-1-ecuador-avanza-hacia-la-innovacion-sostenible\\\/\"},\"author\":{\"name\":\"Erick Villafuerte\",\"@id\":\"https:\\\/\\\/www.quebakan.com\\\/v15\\\/#\\\/schema\\\/person\\\/d90fa9f9cfa81eb8ace9811e5b7b9118\"},\"headline\":\"Con un \u00edndice de desarrollo de gobierno electr\u00f3nico del 0,8\\\/1 Ecuador avanza hacia la innovaci\u00f3n sostenible\",\"datePublished\":\"2025-11-07T18:12:32+00:00\",\"mainEntityOfPage\":{\"@id\":\"https:\\\/\\\/www.quebakan.com\\\/v15\\\/con-un-indice-de-desarrollo-de-gobierno-electronico-del-08-1-ecuador-avanza-hacia-la-innovacion-sostenible\\\/\"},\"wordCount\":766,\"publisher\":{\"@id\":\"https:\\\/\\\/www.quebakan.com\\\/v15\\\/#organization\"},\"image\":{\"@id\":\"https:\\\/\\\/www.quebakan.com\\\/v15\\\/con-un-indice-de-desarrollo-de-gobierno-electronico-del-08-1-ecuador-avanza-hacia-la-innovacion-sostenible\\\/#primaryimage\"},\"thumbnailUrl\":\"https:\\\/\\\/www.quebakan.com\\\/v15\\\/wp-content\\\/uploads\\\/2025\\\/11\\\/54019730211_5d2d8db16b_b.jpg\",\"articleSection\":[\"Noticias\"],\"inLanguage\":\"es\"},{\"@type\":\"WebPage\",\"@id\":\"https:\\\/\\\/www.quebakan.com\\\/v15\\\/con-un-indice-de-desarrollo-de-gobierno-electronico-del-08-1-ecuador-avanza-hacia-la-innovacion-sostenible\\\/\",\"url\":\"https:\\\/\\\/www.quebakan.com\\\/v15\\\/con-un-indice-de-desarrollo-de-gobierno-electronico-del-08-1-ecuador-avanza-hacia-la-innovacion-sostenible\\\/\",\"name\":\"Con un \u00edndice de desarrollo de gobierno electr\u00f3nico del 0,8\\\/1 Ecuador avanza hacia la innovaci\u00f3n sostenible &#8211; QUEBAKAN.COM 2026: Noticias, Eventos, Conciertos y mucho m\u00e1s....\",\"isPartOf\":{\"@id\":\"https:\\\/\\\/www.quebakan.com\\\/v15\\\/#website\"},\"primaryImageOfPage\":{\"@id\":\"https:\\\/\\\/www.quebakan.com\\\/v15\\\/con-un-indice-de-desarrollo-de-gobierno-electronico-del-08-1-ecuador-avanza-hacia-la-innovacion-sostenible\\\/#primaryimage\"},\"image\":{\"@id\":\"https:\\\/\\\/www.quebakan.com\\\/v15\\\/con-un-indice-de-desarrollo-de-gobierno-electronico-del-08-1-ecuador-avanza-hacia-la-innovacion-sostenible\\\/#primaryimage\"},\"thumbnailUrl\":\"https:\\\/\\\/www.quebakan.com\\\/v15\\\/wp-content\\\/uploads\\\/2025\\\/11\\\/54019730211_5d2d8db16b_b.jpg\",\"datePublished\":\"2025-11-07T18:12:32+00:00\",\"breadcrumb\":{\"@id\":\"https:\\\/\\\/www.quebakan.com\\\/v15\\\/con-un-indice-de-desarrollo-de-gobierno-electronico-del-08-1-ecuador-avanza-hacia-la-innovacion-sostenible\\\/#breadcrumb\"},\"inLanguage\":\"es\",\"potentialAction\":[{\"@type\":\"ReadAction\",\"target\":[\"https:\\\/\\\/www.quebakan.com\\\/v15\\\/con-un-indice-de-desarrollo-de-gobierno-electronico-del-08-1-ecuador-avanza-hacia-la-innovacion-sostenible\\\/\"]}]},{\"@type\":\"ImageObject\",\"inLanguage\":\"es\",\"@id\":\"https:\\\/\\\/www.quebakan.com\\\/v15\\\/con-un-indice-de-desarrollo-de-gobierno-electronico-del-08-1-ecuador-avanza-hacia-la-innovacion-sostenible\\\/#primaryimage\",\"url\":\"https:\\\/\\\/www.quebakan.com\\\/v15\\\/wp-content\\\/uploads\\\/2025\\\/11\\\/54019730211_5d2d8db16b_b.jpg\",\"contentUrl\":\"https:\\\/\\\/www.quebakan.com\\\/v15\\\/wp-content\\\/uploads\\\/2025\\\/11\\\/54019730211_5d2d8db16b_b.jpg\",\"width\":700,\"height\":467},{\"@type\":\"BreadcrumbList\",\"@id\":\"https:\\\/\\\/www.quebakan.com\\\/v15\\\/con-un-indice-de-desarrollo-de-gobierno-electronico-del-08-1-ecuador-avanza-hacia-la-innovacion-sostenible\\\/#breadcrumb\",\"itemListElement\":[{\"@type\":\"ListItem\",\"position\":1,\"name\":\"Portada\",\"item\":\"https:\\\/\\\/www.quebakan.com\\\/v15\\\/\"},{\"@type\":\"ListItem\",\"position\":2,\"name\":\"Con un \u00edndice de desarrollo de gobierno electr\u00f3nico del 0,8\\\/1 Ecuador avanza hacia la innovaci\u00f3n sostenible\"}]},{\"@type\":\"WebSite\",\"@id\":\"https:\\\/\\\/www.quebakan.com\\\/v15\\\/#website\",\"url\":\"https:\\\/\\\/www.quebakan.com\\\/v15\\\/\",\"name\":\"QUEBAKAN\",\"description\":\"..\",\"publisher\":{\"@id\":\"https:\\\/\\\/www.quebakan.com\\\/v15\\\/#organization\"},\"potentialAction\":[{\"@type\":\"SearchAction\",\"target\":{\"@type\":\"EntryPoint\",\"urlTemplate\":\"https:\\\/\\\/www.quebakan.com\\\/v15\\\/?s={search_term_string}\"},\"query-input\":{\"@type\":\"PropertyValueSpecification\",\"valueRequired\":true,\"valueName\":\"search_term_string\"}}],\"inLanguage\":\"es\"},{\"@type\":\"Organization\",\"@id\":\"https:\\\/\\\/www.quebakan.com\\\/v15\\\/#organization\",\"name\":\"Quebakan.com\",\"url\":\"https:\\\/\\\/www.quebakan.com\\\/v15\\\/\",\"logo\":{\"@type\":\"ImageObject\",\"inLanguage\":\"es\",\"@id\":\"https:\\\/\\\/www.quebakan.com\\\/v15\\\/#\\\/schema\\\/logo\\\/image\\\/\",\"url\":\"https:\\\/\\\/www.quebakan.com\\\/v15\\\/wp-content\\\/uploads\\\/2023\\\/07\\\/logoquebakanenero2021.jpg\",\"contentUrl\":\"https:\\\/\\\/www.quebakan.com\\\/v15\\\/wp-content\\\/uploads\\\/2023\\\/07\\\/logoquebakanenero2021.jpg\",\"width\":1920,\"height\":1080,\"caption\":\"Quebakan.com\"},\"image\":{\"@id\":\"https:\\\/\\\/www.quebakan.com\\\/v15\\\/#\\\/schema\\\/logo\\\/image\\\/\"},\"sameAs\":[\"http:\\\/\\\/www.facebook.com\\\/quebakan\",\"https:\\\/\\\/x.com\\\/quebakanec\",\"http:\\\/\\\/www.instagram.com\\\/quebakan\",\"http:\\\/\\\/www.youtube.com\\\/quebakan1\"]},{\"@type\":\"Person\",\"@id\":\"https:\\\/\\\/www.quebakan.com\\\/v15\\\/#\\\/schema\\\/person\\\/d90fa9f9cfa81eb8ace9811e5b7b9118\",\"name\":\"Erick Villafuerte\",\"image\":{\"@type\":\"ImageObject\",\"inLanguage\":\"es\",\"@id\":\"https:\\\/\\\/www.quebakan.com\\\/v15\\\/wp-content\\\/uploads\\\/avatars\\\/4\\\/1731297654-bpfull.png\",\"url\":\"https:\\\/\\\/www.quebakan.com\\\/v15\\\/wp-content\\\/uploads\\\/avatars\\\/4\\\/1731297654-bpfull.png\",\"contentUrl\":\"https:\\\/\\\/www.quebakan.com\\\/v15\\\/wp-content\\\/uploads\\\/avatars\\\/4\\\/1731297654-bpfull.png\",\"caption\":\"Erick Villafuerte\"}}]}<\/script>\n<!-- \/ Yoast SEO plugin. -->","yoast_head_json":{"title":"Con un \u00edndice de desarrollo de gobierno electr\u00f3nico del 0,8\/1 Ecuador avanza hacia la innovaci\u00f3n sostenible &#8211; QUEBAKAN.COM 2026: Noticias, Eventos, Conciertos y mucho m\u00e1s....","robots":{"index":"index","follow":"follow","max-snippet":"max-snippet:-1","max-image-preview":"max-image-preview:large","max-video-preview":"max-video-preview:-1"},"canonical":"https:\/\/www.quebakan.com\/v15\/con-un-indice-de-desarrollo-de-gobierno-electronico-del-08-1-ecuador-avanza-hacia-la-innovacion-sostenible\/","og_locale":"es_ES","og_type":"article","og_title":"Con un \u00edndice de desarrollo de gobierno electr\u00f3nico del 0,8\/1 Ecuador avanza hacia la innovaci\u00f3n sostenible &#8211; QUEBAKAN.COM 2026: Noticias, Eventos, Conciertos y mucho m\u00e1s....","og_description":"El \u00cdndice de Desarrollo de Gobierno Tecnol\u00f3gico es un indicador que mide el avance y la calidad de los servicios electr\u00f3nicos prestados por el gobierno a los ciudadanos. El pa\u00eds obtuvo 87,1\/100 en el \u00cdndice Global de Ciberseguridad 2024, consolidando su compromiso con la seguridad digital. M\u00e1s de 1.000 l\u00edderes empresariales, autoridades y expertos analizar\u00e1n [&hellip;]","og_url":"https:\/\/www.quebakan.com\/v15\/con-un-indice-de-desarrollo-de-gobierno-electronico-del-08-1-ecuador-avanza-hacia-la-innovacion-sostenible\/","og_site_name":"QUEBAKAN.COM 2026: Noticias, Eventos, Conciertos y mucho m\u00e1s....","article_publisher":"http:\/\/www.facebook.com\/quebakan","article_published_time":"2025-11-07T18:12:32+00:00","og_image":[{"width":700,"height":467,"url":"https:\/\/www.quebakan.com\/v15\/wp-content\/uploads\/2025\/11\/54019730211_5d2d8db16b_b.jpg","type":"image\/jpeg"}],"author":"Erick Villafuerte","twitter_card":"summary_large_image","twitter_creator":"@quebakanec","twitter_site":"@quebakanec","twitter_misc":{"Escrito por":"Erick Villafuerte","Tiempo de lectura":"4 minutos"},"schema":{"@context":"https:\/\/schema.org","@graph":[{"@type":"Article","@id":"https:\/\/www.quebakan.com\/v15\/con-un-indice-de-desarrollo-de-gobierno-electronico-del-08-1-ecuador-avanza-hacia-la-innovacion-sostenible\/#article","isPartOf":{"@id":"https:\/\/www.quebakan.com\/v15\/con-un-indice-de-desarrollo-de-gobierno-electronico-del-08-1-ecuador-avanza-hacia-la-innovacion-sostenible\/"},"author":{"name":"Erick Villafuerte","@id":"https:\/\/www.quebakan.com\/v15\/#\/schema\/person\/d90fa9f9cfa81eb8ace9811e5b7b9118"},"headline":"Con un \u00edndice de desarrollo de gobierno electr\u00f3nico del 0,8\/1 Ecuador avanza hacia la innovaci\u00f3n sostenible","datePublished":"2025-11-07T18:12:32+00:00","mainEntityOfPage":{"@id":"https:\/\/www.quebakan.com\/v15\/con-un-indice-de-desarrollo-de-gobierno-electronico-del-08-1-ecuador-avanza-hacia-la-innovacion-sostenible\/"},"wordCount":766,"publisher":{"@id":"https:\/\/www.quebakan.com\/v15\/#organization"},"image":{"@id":"https:\/\/www.quebakan.com\/v15\/con-un-indice-de-desarrollo-de-gobierno-electronico-del-08-1-ecuador-avanza-hacia-la-innovacion-sostenible\/#primaryimage"},"thumbnailUrl":"https:\/\/www.quebakan.com\/v15\/wp-content\/uploads\/2025\/11\/54019730211_5d2d8db16b_b.jpg","articleSection":["Noticias"],"inLanguage":"es"},{"@type":"WebPage","@id":"https:\/\/www.quebakan.com\/v15\/con-un-indice-de-desarrollo-de-gobierno-electronico-del-08-1-ecuador-avanza-hacia-la-innovacion-sostenible\/","url":"https:\/\/www.quebakan.com\/v15\/con-un-indice-de-desarrollo-de-gobierno-electronico-del-08-1-ecuador-avanza-hacia-la-innovacion-sostenible\/","name":"Con un \u00edndice de desarrollo de gobierno electr\u00f3nico del 0,8\/1 Ecuador avanza hacia la innovaci\u00f3n sostenible &#8211; QUEBAKAN.COM 2026: Noticias, Eventos, Conciertos y mucho m\u00e1s....","isPartOf":{"@id":"https:\/\/www.quebakan.com\/v15\/#website"},"primaryImageOfPage":{"@id":"https:\/\/www.quebakan.com\/v15\/con-un-indice-de-desarrollo-de-gobierno-electronico-del-08-1-ecuador-avanza-hacia-la-innovacion-sostenible\/#primaryimage"},"image":{"@id":"https:\/\/www.quebakan.com\/v15\/con-un-indice-de-desarrollo-de-gobierno-electronico-del-08-1-ecuador-avanza-hacia-la-innovacion-sostenible\/#primaryimage"},"thumbnailUrl":"https:\/\/www.quebakan.com\/v15\/wp-content\/uploads\/2025\/11\/54019730211_5d2d8db16b_b.jpg","datePublished":"2025-11-07T18:12:32+00:00","breadcrumb":{"@id":"https:\/\/www.quebakan.com\/v15\/con-un-indice-de-desarrollo-de-gobierno-electronico-del-08-1-ecuador-avanza-hacia-la-innovacion-sostenible\/#breadcrumb"},"inLanguage":"es","potentialAction":[{"@type":"ReadAction","target":["https:\/\/www.quebakan.com\/v15\/con-un-indice-de-desarrollo-de-gobierno-electronico-del-08-1-ecuador-avanza-hacia-la-innovacion-sostenible\/"]}]},{"@type":"ImageObject","inLanguage":"es","@id":"https:\/\/www.quebakan.com\/v15\/con-un-indice-de-desarrollo-de-gobierno-electronico-del-08-1-ecuador-avanza-hacia-la-innovacion-sostenible\/#primaryimage","url":"https:\/\/www.quebakan.com\/v15\/wp-content\/uploads\/2025\/11\/54019730211_5d2d8db16b_b.jpg","contentUrl":"https:\/\/www.quebakan.com\/v15\/wp-content\/uploads\/2025\/11\/54019730211_5d2d8db16b_b.jpg","width":700,"height":467},{"@type":"BreadcrumbList","@id":"https:\/\/www.quebakan.com\/v15\/con-un-indice-de-desarrollo-de-gobierno-electronico-del-08-1-ecuador-avanza-hacia-la-innovacion-sostenible\/#breadcrumb","itemListElement":[{"@type":"ListItem","position":1,"name":"Portada","item":"https:\/\/www.quebakan.com\/v15\/"},{"@type":"ListItem","position":2,"name":"Con un \u00edndice de desarrollo de gobierno electr\u00f3nico del 0,8\/1 Ecuador avanza hacia la innovaci\u00f3n sostenible"}]},{"@type":"WebSite","@id":"https:\/\/www.quebakan.com\/v15\/#website","url":"https:\/\/www.quebakan.com\/v15\/","name":"QUEBAKAN","description":"..","publisher":{"@id":"https:\/\/www.quebakan.com\/v15\/#organization"},"potentialAction":[{"@type":"SearchAction","target":{"@type":"EntryPoint","urlTemplate":"https:\/\/www.quebakan.com\/v15\/?s={search_term_string}"},"query-input":{"@type":"PropertyValueSpecification","valueRequired":true,"valueName":"search_term_string"}}],"inLanguage":"es"},{"@type":"Organization","@id":"https:\/\/www.quebakan.com\/v15\/#organization","name":"Quebakan.com","url":"https:\/\/www.quebakan.com\/v15\/","logo":{"@type":"ImageObject","inLanguage":"es","@id":"https:\/\/www.quebakan.com\/v15\/#\/schema\/logo\/image\/","url":"https:\/\/www.quebakan.com\/v15\/wp-content\/uploads\/2023\/07\/logoquebakanenero2021.jpg","contentUrl":"https:\/\/www.quebakan.com\/v15\/wp-content\/uploads\/2023\/07\/logoquebakanenero2021.jpg","width":1920,"height":1080,"caption":"Quebakan.com"},"image":{"@id":"https:\/\/www.quebakan.com\/v15\/#\/schema\/logo\/image\/"},"sameAs":["http:\/\/www.facebook.com\/quebakan","https:\/\/x.com\/quebakanec","http:\/\/www.instagram.com\/quebakan","http:\/\/www.youtube.com\/quebakan1"]},{"@type":"Person","@id":"https:\/\/www.quebakan.com\/v15\/#\/schema\/person\/d90fa9f9cfa81eb8ace9811e5b7b9118","name":"Erick Villafuerte","image":{"@type":"ImageObject","inLanguage":"es","@id":"https:\/\/www.quebakan.com\/v15\/wp-content\/uploads\/avatars\/4\/1731297654-bpfull.png","url":"https:\/\/www.quebakan.com\/v15\/wp-content\/uploads\/avatars\/4\/1731297654-bpfull.png","contentUrl":"https:\/\/www.quebakan.com\/v15\/wp-content\/uploads\/avatars\/4\/1731297654-bpfull.png","caption":"Erick Villafuerte"}}]}},"_links":{"self":[{"href":"https:\/\/www.quebakan.com\/v15\/wp-json\/wp\/v2\/posts\/137092","targetHints":{"allow":["GET"]}}],"collection":[{"href":"https:\/\/www.quebakan.com\/v15\/wp-json\/wp\/v2\/posts"}],"about":[{"href":"https:\/\/www.quebakan.com\/v15\/wp-json\/wp\/v2\/types\/post"}],"author":[{"embeddable":true,"href":"https:\/\/www.quebakan.com\/v15\/wp-json\/wp\/v2\/users\/4"}],"replies":[{"embeddable":true,"href":"https:\/\/www.quebakan.com\/v15\/wp-json\/wp\/v2\/comments?post=137092"}],"version-history":[{"count":1,"href":"https:\/\/www.quebakan.com\/v15\/wp-json\/wp\/v2\/posts\/137092\/revisions"}],"predecessor-version":[{"id":137095,"href":"https:\/\/www.quebakan.com\/v15\/wp-json\/wp\/v2\/posts\/137092\/revisions\/137095"}],"wp:featuredmedia":[{"embeddable":true,"href":"https:\/\/www.quebakan.com\/v15\/wp-json\/wp\/v2\/media\/137093"}],"wp:attachment":[{"href":"https:\/\/www.quebakan.com\/v15\/wp-json\/wp\/v2\/media?parent=137092"}],"wp:term":[{"taxonomy":"category","embeddable":true,"href":"https:\/\/www.quebakan.com\/v15\/wp-json\/wp\/v2\/categories?post=137092"},{"taxonomy":"post_tag","embeddable":true,"href":"https:\/\/www.quebakan.com\/v15\/wp-json\/wp\/v2\/tags?post=137092"}],"curies":[{"name":"wp","href":"https:\/\/api.w.org\/{rel}","templated":true}]}}