{"id":137096,"date":"2025-11-07T23:17:42","date_gmt":"2025-11-08T04:17:42","guid":{"rendered":"https:\/\/www.quebakan.com\/v15\/?p=137096"},"modified":"2025-11-07T23:17:42","modified_gmt":"2025-11-08T04:17:42","slug":"se-inauguro-la-temporada-navidena-en-el-hotel-tryp-by-wyndham-guayaquil","status":"publish","type":"post","link":"https:\/\/www.quebakan.com\/v15\/se-inauguro-la-temporada-navidena-en-el-hotel-tryp-by-wyndham-guayaquil\/","title":{"rendered":"SE INAUGUR\u00d3 LA TEMPORADA NAVIDE\u00d1A EN EL HOTEL TRYP BY WYNDHAM GUAYAQUIL"},"content":{"rendered":"<p><img fetchpriority=\"high\" decoding=\"async\" class=\"aligncenter size-full wp-image-137097\" src=\"https:\/\/www.quebakan.com\/v15\/wp-content\/uploads\/2025\/11\/1-1.jpg\" alt=\"\" width=\"700\" height=\"466\" \/><\/p>\n<ul>\n<li style=\"text-align: justify;\"><span style=\"color: #000000;\">El hotel presenta m\u00e1s de 27 productos para la temporada de noviembre y diciembre<\/span><\/li>\n<li style=\"text-align: justify;\"><span style=\"color: #000000;\"><strong>La navidad dinamiza la econom\u00eda en el sector hotelero y gastron\u00f3mico<\/strong><\/span><\/li>\n<\/ul>\n<p style=\"text-align: justify;\"><span style=\"color: #000000;\">El\u00a0<strong>TRYP by Wyndham Guayaquil<\/strong>\u00a0inaugur\u00f3 la temporada navide\u00f1a 2025 con una propuesta que impulsa el dinamismo del sector hotelero y gastron\u00f3mico. Con un calendario de eventos, cenas tem\u00e1ticas y productos artesanales, el hotel busca ofrecer\u00a0<strong>experiencias memorables<\/strong>\u00a0que atraigan tanto a residentes como a turistas, fortaleciendo la ocupaci\u00f3n y la actividad econ\u00f3mica en estas fechas festivas.<\/span><\/p>\n<p style=\"text-align: justify;\"><span style=\"color: #000000;\">Durante noviembre y diciembre, los restaurantes\u00a0<strong>Olmedo<\/strong>\u00a0y\u00a0<strong>Jaleo<\/strong>\u00a0presentar\u00e1n desayunos, almuerzos, cenas tem\u00e1ticas y postres tradicionales elaborados artesanalmente. Entre los principales eventos destacan\u00a0<em>\u201cNoviembre con sabor a diciembre\u201d<\/em>, los\u00a0<strong>buffets navide\u00f1os<\/strong>\u00a0y las cenas bailables\u00a0<strong>\u201cHello December\u201d<\/strong>\u00a0y\u00a0<strong>\u201cWake Up December\u201d<\/strong>, que combinan m\u00fasica en vivo, c\u00f3cteles y sorteos.<\/span><br \/>\n<span style=\"color: #000000;\">El restaurante\u00a0<strong>Jaleo<\/strong>\u00a0ofrecer\u00e1 almuerzos buffet con m\u00fasica en vivo y c\u00f3ctel de bienvenida de mi\u00e9rcoles a s\u00e1bado; el tradicional\u00a0<strong>Brunch Navide\u00f1o<\/strong>\u00a0los domingos; y las cenas tem\u00e1ticas\u00a0<strong>\u201c<\/strong>\u00a0\u00ab<strong>Xmas Party\u00bb\u201d<\/strong>\u00a0y\u00a0<strong>\u201cNavidad entre amigos\u201d<\/strong>, con buffet, DJ, premios y un ambiente festivo.<\/span><\/p>\n<p style=\"text-align: justify;\"><span style=\"color: #000000;\">\u201cLos ingresos generados hist\u00f3ricamente en los meses de diciembre en alimentos y bebidas tienen un peso del 21% versus el total de la venta anual.<\/span><br \/>\n<span style=\"color: #000000;\">Para el a\u00f1o 2025 consideramos crecer un 5% frente al a\u00f1o anterior lo que representa un promedio de 16.500 personas atendidas\u201d, se\u00f1al\u00f3\u00a0<strong>Hugo Rivera Barreto<\/strong>, Gerente General del TRYP by Wyndham Guayaquil.<\/span><\/p>\n<p style=\"text-align: justify;\"><span style=\"color: #000000;\">Adem\u00e1s, el hotel ofrece una l\u00ednea de\u00a0<strong>productos artesanales<\/strong>\u00a0como relleno navide\u00f1o, tronco de chocolate, rosca de reyes y panettone en distintas versiones, disponibles con 24 horas de anticipaci\u00f3n, ideales para disfrutar del esp\u00edritu navide\u00f1o tambi\u00e9n en casa.<\/span><\/p>\n<p style=\"text-align: justify;\"><span style=\"color: #000000;\">Con su propuesta integral, el\u00a0<strong>TRYP by Wyndham Guayaquil<\/strong>\u00a0reafirma su compromiso con la innovaci\u00f3n y la excelencia, consolid\u00e1ndose como uno de los principales referentes hoteleros de la ciudad en la \u00e9poca m\u00e1s esperada del a\u00f1o.<\/span><\/p>\n<p style=\"text-align: justify;\"><span style=\"color: #000000;\"><strong>El TRYP by Wyndham Guayaquil<\/strong>, ubicado en una\u00a0<strong>zona estrat\u00e9gica de la ciudad<\/strong>, est\u00e1\u00a0<strong>conectado directamente al centro comercial m\u00e1s grande del pa\u00eds<\/strong>, ofreciendo una experiencia integral de alojamiento, gastronom\u00eda y entretenimiento en un entorno seguro y de f\u00e1cil acceso. Adem\u00e1s, el hotel cuenta con\u00a0<strong>parqueadero privado y seguridad las 24 horas<\/strong>, lo que garantiza comodidad y tranquilidad tanto para hu\u00e9spedes como para visitantes. El hotel se encuentra bajo la operaci\u00f3n del\u00a0<strong>Grupo SIXSTAR Hotels<\/strong>, grupo que cuenta con una amplia experiencia en la industria de la hospitalidad y se caracteriza por su responsabilidad y compromiso con la mejora continua de sus l\u00edneas de negocio.<\/span><\/p>\n<p style=\"text-align: justify;\"><span style=\"color: #000000;\"><strong>Para m\u00e1s informaci\u00f3n:<\/strong><\/span><br \/>\n<span style=\"color: #000000;\"><strong>Ubicaci\u00f3n:<\/strong>\u00a0TRYP by Wyndham Guayaquil (junto a Mall del Sol)<\/span><\/p>\n<p style=\"text-align: justify;\"><span style=\"color: #000000;\"><strong>Redes sociales:<\/strong>\u00a0@trypguayaquil @jaleogye<\/span><\/p>\n<p><img decoding=\"async\" class=\"aligncenter size-full wp-image-137098\" src=\"https:\/\/www.quebakan.com\/v15\/wp-content\/uploads\/2025\/11\/2.jpg\" alt=\"\" width=\"700\" height=\"466\" \/><\/p>\n<p>&nbsp;<\/p>\n<p><img decoding=\"async\" class=\"aligncenter size-full wp-image-137099\" src=\"https:\/\/www.quebakan.com\/v15\/wp-content\/uploads\/2025\/11\/3-1.jpg\" alt=\"\" width=\"700\" height=\"466\" \/><\/p>\n<p>&nbsp;<\/p>\n<p><img loading=\"lazy\" decoding=\"async\" class=\"aligncenter size-full wp-image-137100\" src=\"https:\/\/www.quebakan.com\/v15\/wp-content\/uploads\/2025\/11\/4-1.jpg\" alt=\"\" width=\"700\" height=\"466\" \/><\/p>\n<p>&nbsp;<\/p>\n<p><img loading=\"lazy\" decoding=\"async\" class=\"aligncenter size-full wp-image-137101\" src=\"https:\/\/www.quebakan.com\/v15\/wp-content\/uploads\/2025\/11\/5.jpg\" alt=\"\" width=\"700\" height=\"466\" \/><\/p>\n<p>&nbsp;<\/p>\n<p><img loading=\"lazy\" decoding=\"async\" class=\"aligncenter size-full wp-image-137102\" src=\"https:\/\/www.quebakan.com\/v15\/wp-content\/uploads\/2025\/11\/6-1.jpg\" alt=\"\" width=\"700\" height=\"466\" \/><\/p>\n","protected":false},"excerpt":{"rendered":"<p>El hotel presenta m\u00e1s de 27 productos para la temporada de noviembre y diciembre La navidad dinamiza la econom\u00eda en el sector hotelero y gastron\u00f3mico El\u00a0TRYP by Wyndham Guayaquil\u00a0inaugur\u00f3 la temporada navide\u00f1a 2025 con una propuesta que impulsa el dinamismo del sector hotelero y gastron\u00f3mico. Con un calendario de eventos, cenas tem\u00e1ticas y productos artesanales, [&hellip;]<\/p>\n","protected":false},"author":4,"featured_media":137102,"comment_status":"closed","ping_status":"closed","sticky":false,"template":"","format":"standard","meta":{"_bbp_topic_count":0,"_bbp_reply_count":0,"_bbp_total_topic_count":0,"_bbp_total_reply_count":0,"_bbp_voice_count":0,"_bbp_anonymous_reply_count":0,"_bbp_topic_count_hidden":0,"_bbp_reply_count_hidden":0,"_bbp_forum_subforum_count":0,"buzzeditor_post_format":"","footnotes":""},"categories":[2],"tags":[],"class_list":["post-137096","post","type-post","status-publish","format-standard","has-post-thumbnail","hentry","category-noticias"],"yoast_head":"<!-- This site is optimized with the Yoast SEO plugin v27.5 - https:\/\/yoast.com\/product\/yoast-seo-wordpress\/ -->\n<title>SE INAUGUR\u00d3 LA TEMPORADA NAVIDE\u00d1A EN EL HOTEL TRYP BY WYNDHAM GUAYAQUIL &#8211; QUEBAKAN.COM 2026: Noticias, Eventos, Conciertos y mucho m\u00e1s....<\/title>\n<meta name=\"robots\" content=\"index, follow, max-snippet:-1, max-image-preview:large, max-video-preview:-1\" \/>\n<link rel=\"canonical\" href=\"https:\/\/www.quebakan.com\/v15\/se-inauguro-la-temporada-navidena-en-el-hotel-tryp-by-wyndham-guayaquil\/\" \/>\n<meta property=\"og:locale\" content=\"es_ES\" \/>\n<meta property=\"og:type\" content=\"article\" \/>\n<meta property=\"og:title\" content=\"SE INAUGUR\u00d3 LA TEMPORADA NAVIDE\u00d1A EN EL HOTEL TRYP BY WYNDHAM GUAYAQUIL &#8211; QUEBAKAN.COM 2026: Noticias, Eventos, Conciertos y mucho m\u00e1s....\" \/>\n<meta property=\"og:description\" content=\"El hotel presenta m\u00e1s de 27 productos para la temporada de noviembre y diciembre La navidad dinamiza la econom\u00eda en el sector hotelero y gastron\u00f3mico El\u00a0TRYP by Wyndham Guayaquil\u00a0inaugur\u00f3 la temporada navide\u00f1a 2025 con una propuesta que impulsa el dinamismo del sector hotelero y gastron\u00f3mico. Con un calendario de eventos, cenas tem\u00e1ticas y productos artesanales, [&hellip;]\" \/>\n<meta property=\"og:url\" content=\"https:\/\/www.quebakan.com\/v15\/se-inauguro-la-temporada-navidena-en-el-hotel-tryp-by-wyndham-guayaquil\/\" \/>\n<meta property=\"og:site_name\" content=\"QUEBAKAN.COM 2026: Noticias, Eventos, Conciertos y mucho m\u00e1s....\" \/>\n<meta property=\"article:publisher\" content=\"http:\/\/www.facebook.com\/quebakan\" \/>\n<meta property=\"article:published_time\" content=\"2025-11-08T04:17:42+00:00\" \/>\n<meta property=\"og:image\" content=\"https:\/\/www.quebakan.com\/v15\/wp-content\/uploads\/2025\/11\/6-1.jpg\" \/>\n\t<meta property=\"og:image:width\" content=\"700\" \/>\n\t<meta property=\"og:image:height\" content=\"466\" \/>\n\t<meta property=\"og:image:type\" content=\"image\/jpeg\" \/>\n<meta name=\"author\" content=\"Erick Villafuerte\" \/>\n<meta name=\"twitter:card\" content=\"summary_large_image\" \/>\n<meta name=\"twitter:creator\" content=\"@quebakanec\" \/>\n<meta name=\"twitter:site\" content=\"@quebakanec\" \/>\n<meta name=\"twitter:label1\" content=\"Escrito por\" \/>\n\t<meta name=\"twitter:data1\" content=\"Erick Villafuerte\" \/>\n\t<meta name=\"twitter:label2\" content=\"Tiempo de lectura\" \/>\n\t<meta name=\"twitter:data2\" content=\"4 minutos\" \/>\n<script type=\"application\/ld+json\" class=\"yoast-schema-graph\">{\"@context\":\"https:\\\/\\\/schema.org\",\"@graph\":[{\"@type\":\"Article\",\"@id\":\"https:\\\/\\\/www.quebakan.com\\\/v15\\\/se-inauguro-la-temporada-navidena-en-el-hotel-tryp-by-wyndham-guayaquil\\\/#article\",\"isPartOf\":{\"@id\":\"https:\\\/\\\/www.quebakan.com\\\/v15\\\/se-inauguro-la-temporada-navidena-en-el-hotel-tryp-by-wyndham-guayaquil\\\/\"},\"author\":{\"name\":\"Erick Villafuerte\",\"@id\":\"https:\\\/\\\/www.quebakan.com\\\/v15\\\/#\\\/schema\\\/person\\\/d90fa9f9cfa81eb8ace9811e5b7b9118\"},\"headline\":\"SE INAUGUR\u00d3 LA TEMPORADA NAVIDE\u00d1A EN EL HOTEL TRYP BY WYNDHAM GUAYAQUIL\",\"datePublished\":\"2025-11-08T04:17:42+00:00\",\"mainEntityOfPage\":{\"@id\":\"https:\\\/\\\/www.quebakan.com\\\/v15\\\/se-inauguro-la-temporada-navidena-en-el-hotel-tryp-by-wyndham-guayaquil\\\/\"},\"wordCount\":482,\"publisher\":{\"@id\":\"https:\\\/\\\/www.quebakan.com\\\/v15\\\/#organization\"},\"image\":{\"@id\":\"https:\\\/\\\/www.quebakan.com\\\/v15\\\/se-inauguro-la-temporada-navidena-en-el-hotel-tryp-by-wyndham-guayaquil\\\/#primaryimage\"},\"thumbnailUrl\":\"https:\\\/\\\/www.quebakan.com\\\/v15\\\/wp-content\\\/uploads\\\/2025\\\/11\\\/6-1.jpg\",\"articleSection\":[\"Noticias\"],\"inLanguage\":\"es\"},{\"@type\":\"WebPage\",\"@id\":\"https:\\\/\\\/www.quebakan.com\\\/v15\\\/se-inauguro-la-temporada-navidena-en-el-hotel-tryp-by-wyndham-guayaquil\\\/\",\"url\":\"https:\\\/\\\/www.quebakan.com\\\/v15\\\/se-inauguro-la-temporada-navidena-en-el-hotel-tryp-by-wyndham-guayaquil\\\/\",\"name\":\"SE INAUGUR\u00d3 LA TEMPORADA NAVIDE\u00d1A EN EL HOTEL TRYP BY WYNDHAM GUAYAQUIL &#8211; QUEBAKAN.COM 2026: Noticias, Eventos, Conciertos y mucho m\u00e1s....\",\"isPartOf\":{\"@id\":\"https:\\\/\\\/www.quebakan.com\\\/v15\\\/#website\"},\"primaryImageOfPage\":{\"@id\":\"https:\\\/\\\/www.quebakan.com\\\/v15\\\/se-inauguro-la-temporada-navidena-en-el-hotel-tryp-by-wyndham-guayaquil\\\/#primaryimage\"},\"image\":{\"@id\":\"https:\\\/\\\/www.quebakan.com\\\/v15\\\/se-inauguro-la-temporada-navidena-en-el-hotel-tryp-by-wyndham-guayaquil\\\/#primaryimage\"},\"thumbnailUrl\":\"https:\\\/\\\/www.quebakan.com\\\/v15\\\/wp-content\\\/uploads\\\/2025\\\/11\\\/6-1.jpg\",\"datePublished\":\"2025-11-08T04:17:42+00:00\",\"breadcrumb\":{\"@id\":\"https:\\\/\\\/www.quebakan.com\\\/v15\\\/se-inauguro-la-temporada-navidena-en-el-hotel-tryp-by-wyndham-guayaquil\\\/#breadcrumb\"},\"inLanguage\":\"es\",\"potentialAction\":[{\"@type\":\"ReadAction\",\"target\":[\"https:\\\/\\\/www.quebakan.com\\\/v15\\\/se-inauguro-la-temporada-navidena-en-el-hotel-tryp-by-wyndham-guayaquil\\\/\"]}]},{\"@type\":\"ImageObject\",\"inLanguage\":\"es\",\"@id\":\"https:\\\/\\\/www.quebakan.com\\\/v15\\\/se-inauguro-la-temporada-navidena-en-el-hotel-tryp-by-wyndham-guayaquil\\\/#primaryimage\",\"url\":\"https:\\\/\\\/www.quebakan.com\\\/v15\\\/wp-content\\\/uploads\\\/2025\\\/11\\\/6-1.jpg\",\"contentUrl\":\"https:\\\/\\\/www.quebakan.com\\\/v15\\\/wp-content\\\/uploads\\\/2025\\\/11\\\/6-1.jpg\",\"width\":700,\"height\":466},{\"@type\":\"BreadcrumbList\",\"@id\":\"https:\\\/\\\/www.quebakan.com\\\/v15\\\/se-inauguro-la-temporada-navidena-en-el-hotel-tryp-by-wyndham-guayaquil\\\/#breadcrumb\",\"itemListElement\":[{\"@type\":\"ListItem\",\"position\":1,\"name\":\"Portada\",\"item\":\"https:\\\/\\\/www.quebakan.com\\\/v15\\\/\"},{\"@type\":\"ListItem\",\"position\":2,\"name\":\"SE INAUGUR\u00d3 LA TEMPORADA NAVIDE\u00d1A EN EL HOTEL TRYP BY WYNDHAM GUAYAQUIL\"}]},{\"@type\":\"WebSite\",\"@id\":\"https:\\\/\\\/www.quebakan.com\\\/v15\\\/#website\",\"url\":\"https:\\\/\\\/www.quebakan.com\\\/v15\\\/\",\"name\":\"QUEBAKAN\",\"description\":\"..\",\"publisher\":{\"@id\":\"https:\\\/\\\/www.quebakan.com\\\/v15\\\/#organization\"},\"potentialAction\":[{\"@type\":\"SearchAction\",\"target\":{\"@type\":\"EntryPoint\",\"urlTemplate\":\"https:\\\/\\\/www.quebakan.com\\\/v15\\\/?s={search_term_string}\"},\"query-input\":{\"@type\":\"PropertyValueSpecification\",\"valueRequired\":true,\"valueName\":\"search_term_string\"}}],\"inLanguage\":\"es\"},{\"@type\":\"Organization\",\"@id\":\"https:\\\/\\\/www.quebakan.com\\\/v15\\\/#organization\",\"name\":\"Quebakan.com\",\"url\":\"https:\\\/\\\/www.quebakan.com\\\/v15\\\/\",\"logo\":{\"@type\":\"ImageObject\",\"inLanguage\":\"es\",\"@id\":\"https:\\\/\\\/www.quebakan.com\\\/v15\\\/#\\\/schema\\\/logo\\\/image\\\/\",\"url\":\"https:\\\/\\\/www.quebakan.com\\\/v15\\\/wp-content\\\/uploads\\\/2023\\\/07\\\/logoquebakanenero2021.jpg\",\"contentUrl\":\"https:\\\/\\\/www.quebakan.com\\\/v15\\\/wp-content\\\/uploads\\\/2023\\\/07\\\/logoquebakanenero2021.jpg\",\"width\":1920,\"height\":1080,\"caption\":\"Quebakan.com\"},\"image\":{\"@id\":\"https:\\\/\\\/www.quebakan.com\\\/v15\\\/#\\\/schema\\\/logo\\\/image\\\/\"},\"sameAs\":[\"http:\\\/\\\/www.facebook.com\\\/quebakan\",\"https:\\\/\\\/x.com\\\/quebakanec\",\"http:\\\/\\\/www.instagram.com\\\/quebakan\",\"http:\\\/\\\/www.youtube.com\\\/quebakan1\"]},{\"@type\":\"Person\",\"@id\":\"https:\\\/\\\/www.quebakan.com\\\/v15\\\/#\\\/schema\\\/person\\\/d90fa9f9cfa81eb8ace9811e5b7b9118\",\"name\":\"Erick Villafuerte\",\"image\":{\"@type\":\"ImageObject\",\"inLanguage\":\"es\",\"@id\":\"https:\\\/\\\/www.quebakan.com\\\/v15\\\/wp-content\\\/uploads\\\/avatars\\\/4\\\/1731297654-bpfull.png\",\"url\":\"https:\\\/\\\/www.quebakan.com\\\/v15\\\/wp-content\\\/uploads\\\/avatars\\\/4\\\/1731297654-bpfull.png\",\"contentUrl\":\"https:\\\/\\\/www.quebakan.com\\\/v15\\\/wp-content\\\/uploads\\\/avatars\\\/4\\\/1731297654-bpfull.png\",\"caption\":\"Erick Villafuerte\"}}]}<\/script>\n<!-- \/ Yoast SEO plugin. -->","yoast_head_json":{"title":"SE INAUGUR\u00d3 LA TEMPORADA NAVIDE\u00d1A EN EL HOTEL TRYP BY WYNDHAM GUAYAQUIL &#8211; QUEBAKAN.COM 2026: Noticias, Eventos, Conciertos y mucho m\u00e1s....","robots":{"index":"index","follow":"follow","max-snippet":"max-snippet:-1","max-image-preview":"max-image-preview:large","max-video-preview":"max-video-preview:-1"},"canonical":"https:\/\/www.quebakan.com\/v15\/se-inauguro-la-temporada-navidena-en-el-hotel-tryp-by-wyndham-guayaquil\/","og_locale":"es_ES","og_type":"article","og_title":"SE INAUGUR\u00d3 LA TEMPORADA NAVIDE\u00d1A EN EL HOTEL TRYP BY WYNDHAM GUAYAQUIL &#8211; QUEBAKAN.COM 2026: Noticias, Eventos, Conciertos y mucho m\u00e1s....","og_description":"El hotel presenta m\u00e1s de 27 productos para la temporada de noviembre y diciembre La navidad dinamiza la econom\u00eda en el sector hotelero y gastron\u00f3mico El\u00a0TRYP by Wyndham Guayaquil\u00a0inaugur\u00f3 la temporada navide\u00f1a 2025 con una propuesta que impulsa el dinamismo del sector hotelero y gastron\u00f3mico. Con un calendario de eventos, cenas tem\u00e1ticas y productos artesanales, [&hellip;]","og_url":"https:\/\/www.quebakan.com\/v15\/se-inauguro-la-temporada-navidena-en-el-hotel-tryp-by-wyndham-guayaquil\/","og_site_name":"QUEBAKAN.COM 2026: Noticias, Eventos, Conciertos y mucho m\u00e1s....","article_publisher":"http:\/\/www.facebook.com\/quebakan","article_published_time":"2025-11-08T04:17:42+00:00","og_image":[{"width":700,"height":466,"url":"https:\/\/www.quebakan.com\/v15\/wp-content\/uploads\/2025\/11\/6-1.jpg","type":"image\/jpeg"}],"author":"Erick Villafuerte","twitter_card":"summary_large_image","twitter_creator":"@quebakanec","twitter_site":"@quebakanec","twitter_misc":{"Escrito por":"Erick Villafuerte","Tiempo de lectura":"4 minutos"},"schema":{"@context":"https:\/\/schema.org","@graph":[{"@type":"Article","@id":"https:\/\/www.quebakan.com\/v15\/se-inauguro-la-temporada-navidena-en-el-hotel-tryp-by-wyndham-guayaquil\/#article","isPartOf":{"@id":"https:\/\/www.quebakan.com\/v15\/se-inauguro-la-temporada-navidena-en-el-hotel-tryp-by-wyndham-guayaquil\/"},"author":{"name":"Erick Villafuerte","@id":"https:\/\/www.quebakan.com\/v15\/#\/schema\/person\/d90fa9f9cfa81eb8ace9811e5b7b9118"},"headline":"SE INAUGUR\u00d3 LA TEMPORADA NAVIDE\u00d1A EN EL HOTEL TRYP BY WYNDHAM GUAYAQUIL","datePublished":"2025-11-08T04:17:42+00:00","mainEntityOfPage":{"@id":"https:\/\/www.quebakan.com\/v15\/se-inauguro-la-temporada-navidena-en-el-hotel-tryp-by-wyndham-guayaquil\/"},"wordCount":482,"publisher":{"@id":"https:\/\/www.quebakan.com\/v15\/#organization"},"image":{"@id":"https:\/\/www.quebakan.com\/v15\/se-inauguro-la-temporada-navidena-en-el-hotel-tryp-by-wyndham-guayaquil\/#primaryimage"},"thumbnailUrl":"https:\/\/www.quebakan.com\/v15\/wp-content\/uploads\/2025\/11\/6-1.jpg","articleSection":["Noticias"],"inLanguage":"es"},{"@type":"WebPage","@id":"https:\/\/www.quebakan.com\/v15\/se-inauguro-la-temporada-navidena-en-el-hotel-tryp-by-wyndham-guayaquil\/","url":"https:\/\/www.quebakan.com\/v15\/se-inauguro-la-temporada-navidena-en-el-hotel-tryp-by-wyndham-guayaquil\/","name":"SE INAUGUR\u00d3 LA TEMPORADA NAVIDE\u00d1A EN EL HOTEL TRYP BY WYNDHAM GUAYAQUIL &#8211; QUEBAKAN.COM 2026: Noticias, Eventos, Conciertos y mucho m\u00e1s....","isPartOf":{"@id":"https:\/\/www.quebakan.com\/v15\/#website"},"primaryImageOfPage":{"@id":"https:\/\/www.quebakan.com\/v15\/se-inauguro-la-temporada-navidena-en-el-hotel-tryp-by-wyndham-guayaquil\/#primaryimage"},"image":{"@id":"https:\/\/www.quebakan.com\/v15\/se-inauguro-la-temporada-navidena-en-el-hotel-tryp-by-wyndham-guayaquil\/#primaryimage"},"thumbnailUrl":"https:\/\/www.quebakan.com\/v15\/wp-content\/uploads\/2025\/11\/6-1.jpg","datePublished":"2025-11-08T04:17:42+00:00","breadcrumb":{"@id":"https:\/\/www.quebakan.com\/v15\/se-inauguro-la-temporada-navidena-en-el-hotel-tryp-by-wyndham-guayaquil\/#breadcrumb"},"inLanguage":"es","potentialAction":[{"@type":"ReadAction","target":["https:\/\/www.quebakan.com\/v15\/se-inauguro-la-temporada-navidena-en-el-hotel-tryp-by-wyndham-guayaquil\/"]}]},{"@type":"ImageObject","inLanguage":"es","@id":"https:\/\/www.quebakan.com\/v15\/se-inauguro-la-temporada-navidena-en-el-hotel-tryp-by-wyndham-guayaquil\/#primaryimage","url":"https:\/\/www.quebakan.com\/v15\/wp-content\/uploads\/2025\/11\/6-1.jpg","contentUrl":"https:\/\/www.quebakan.com\/v15\/wp-content\/uploads\/2025\/11\/6-1.jpg","width":700,"height":466},{"@type":"BreadcrumbList","@id":"https:\/\/www.quebakan.com\/v15\/se-inauguro-la-temporada-navidena-en-el-hotel-tryp-by-wyndham-guayaquil\/#breadcrumb","itemListElement":[{"@type":"ListItem","position":1,"name":"Portada","item":"https:\/\/www.quebakan.com\/v15\/"},{"@type":"ListItem","position":2,"name":"SE INAUGUR\u00d3 LA TEMPORADA NAVIDE\u00d1A EN EL HOTEL TRYP BY WYNDHAM GUAYAQUIL"}]},{"@type":"WebSite","@id":"https:\/\/www.quebakan.com\/v15\/#website","url":"https:\/\/www.quebakan.com\/v15\/","name":"QUEBAKAN","description":"..","publisher":{"@id":"https:\/\/www.quebakan.com\/v15\/#organization"},"potentialAction":[{"@type":"SearchAction","target":{"@type":"EntryPoint","urlTemplate":"https:\/\/www.quebakan.com\/v15\/?s={search_term_string}"},"query-input":{"@type":"PropertyValueSpecification","valueRequired":true,"valueName":"search_term_string"}}],"inLanguage":"es"},{"@type":"Organization","@id":"https:\/\/www.quebakan.com\/v15\/#organization","name":"Quebakan.com","url":"https:\/\/www.quebakan.com\/v15\/","logo":{"@type":"ImageObject","inLanguage":"es","@id":"https:\/\/www.quebakan.com\/v15\/#\/schema\/logo\/image\/","url":"https:\/\/www.quebakan.com\/v15\/wp-content\/uploads\/2023\/07\/logoquebakanenero2021.jpg","contentUrl":"https:\/\/www.quebakan.com\/v15\/wp-content\/uploads\/2023\/07\/logoquebakanenero2021.jpg","width":1920,"height":1080,"caption":"Quebakan.com"},"image":{"@id":"https:\/\/www.quebakan.com\/v15\/#\/schema\/logo\/image\/"},"sameAs":["http:\/\/www.facebook.com\/quebakan","https:\/\/x.com\/quebakanec","http:\/\/www.instagram.com\/quebakan","http:\/\/www.youtube.com\/quebakan1"]},{"@type":"Person","@id":"https:\/\/www.quebakan.com\/v15\/#\/schema\/person\/d90fa9f9cfa81eb8ace9811e5b7b9118","name":"Erick Villafuerte","image":{"@type":"ImageObject","inLanguage":"es","@id":"https:\/\/www.quebakan.com\/v15\/wp-content\/uploads\/avatars\/4\/1731297654-bpfull.png","url":"https:\/\/www.quebakan.com\/v15\/wp-content\/uploads\/avatars\/4\/1731297654-bpfull.png","contentUrl":"https:\/\/www.quebakan.com\/v15\/wp-content\/uploads\/avatars\/4\/1731297654-bpfull.png","caption":"Erick Villafuerte"}}]}},"_links":{"self":[{"href":"https:\/\/www.quebakan.com\/v15\/wp-json\/wp\/v2\/posts\/137096","targetHints":{"allow":["GET"]}}],"collection":[{"href":"https:\/\/www.quebakan.com\/v15\/wp-json\/wp\/v2\/posts"}],"about":[{"href":"https:\/\/www.quebakan.com\/v15\/wp-json\/wp\/v2\/types\/post"}],"author":[{"embeddable":true,"href":"https:\/\/www.quebakan.com\/v15\/wp-json\/wp\/v2\/users\/4"}],"replies":[{"embeddable":true,"href":"https:\/\/www.quebakan.com\/v15\/wp-json\/wp\/v2\/comments?post=137096"}],"version-history":[{"count":1,"href":"https:\/\/www.quebakan.com\/v15\/wp-json\/wp\/v2\/posts\/137096\/revisions"}],"predecessor-version":[{"id":137103,"href":"https:\/\/www.quebakan.com\/v15\/wp-json\/wp\/v2\/posts\/137096\/revisions\/137103"}],"wp:featuredmedia":[{"embeddable":true,"href":"https:\/\/www.quebakan.com\/v15\/wp-json\/wp\/v2\/media\/137102"}],"wp:attachment":[{"href":"https:\/\/www.quebakan.com\/v15\/wp-json\/wp\/v2\/media?parent=137096"}],"wp:term":[{"taxonomy":"category","embeddable":true,"href":"https:\/\/www.quebakan.com\/v15\/wp-json\/wp\/v2\/categories?post=137096"},{"taxonomy":"post_tag","embeddable":true,"href":"https:\/\/www.quebakan.com\/v15\/wp-json\/wp\/v2\/tags?post=137096"}],"curies":[{"name":"wp","href":"https:\/\/api.w.org\/{rel}","templated":true}]}}