{"id":137106,"date":"2025-11-08T11:28:26","date_gmt":"2025-11-08T16:28:26","guid":{"rendered":"https:\/\/www.quebakan.com\/v15\/?p=137106"},"modified":"2025-11-08T11:28:26","modified_gmt":"2025-11-08T16:28:26","slug":"ingenio-san-carlos-celebra-128-anos-de-historia-innovacion-y-compromiso-con-ecuador","status":"publish","type":"post","link":"https:\/\/www.quebakan.com\/v15\/ingenio-san-carlos-celebra-128-anos-de-historia-innovacion-y-compromiso-con-ecuador\/","title":{"rendered":"INGENIO SAN CARLOS CELEBRA 128 A\u00d1OS DE HISTORIA, INNOVACI\u00d3N Y COMPROMISO CON ECUADOR"},"content":{"rendered":"<p><img fetchpriority=\"high\" decoding=\"async\" class=\"aligncenter size-full wp-image-137107\" src=\"https:\/\/www.quebakan.com\/v15\/wp-content\/uploads\/2025\/11\/ADAPTACION-1.1-PORTADA-ANIVERSARIO-SAN-CARLOS.jpg\" alt=\"\" width=\"700\" height=\"700\" srcset=\"https:\/\/www.quebakan.com\/v15\/wp-content\/uploads\/2025\/11\/ADAPTACION-1.1-PORTADA-ANIVERSARIO-SAN-CARLOS.jpg 700w, https:\/\/www.quebakan.com\/v15\/wp-content\/uploads\/2025\/11\/ADAPTACION-1.1-PORTADA-ANIVERSARIO-SAN-CARLOS-300x300.jpg 300w, https:\/\/www.quebakan.com\/v15\/wp-content\/uploads\/2025\/11\/ADAPTACION-1.1-PORTADA-ANIVERSARIO-SAN-CARLOS-75x75.jpg 75w\" sizes=\"(max-width: 700px) 100vw, 700px\" \/><\/p>\n<ul>\n<li><em>El ingenio celebra su aniversario destacando su aporte al empleo directo e indirecto, la sostenibilidad y la econom\u00eda del pa\u00eds.<\/em><\/li>\n<\/ul>\n<p><strong>Guayaquil, noviembre de 2025.<\/strong> \u2013 Con 128 a\u00f1os de historia, Ingenio San Carlos reafirma su liderazgo como una de las agroindustrias m\u00e1s importantes del pa\u00eds y un referente en sostenibilidad, innovaci\u00f3n y generaci\u00f3n de progreso para la regi\u00f3n y para Ecuador.<\/p>\n<p>Desde su fundaci\u00f3n en 1897, San Carlos ha sido parte del desarrollo agr\u00edcola e industrial del pa\u00eds, consolidando un modelo de gesti\u00f3n que combina tradici\u00f3n, tecnolog\u00eda y compromiso social. Hoy, la empresa celebra m\u00e1s de un siglo de operaci\u00f3n continua con una visi\u00f3n clara: producir con excelencia, respetando al entorno y contribuyendo al bienestar de las comunidades donde opera.<\/p>\n<p>Cumplir 128 a\u00f1os significa mucho m\u00e1s que una cifra, es el resultado del esfuerzo de generaciones que han cre\u00eddo en el potencial del campo ecuatoriano y en la capacidad de transformar la ca\u00f1a en desarrollo, energ\u00eda y oportunidades.<\/p>\n<p>Adem\u00e1s de su impacto social y productivo, San Carlos celebra ser la marca #1 de az\u00facar en el Ecuador, presente en la mesa de 9 de cada 10 hogares ecuatorianos. Los consumidores del pa\u00eds han elegido la marca m\u00e1s de 18 millones de veces, posicion\u00e1ndola como la cuarta marca de alimentos m\u00e1s elegida por los ecuatorianos, un reflejo de la confianza y preferencia que ha construido a lo largo de generaciones.<\/p>\n<p>En la actualidad, San Carlos contin\u00faa fortaleciendo sus procesos productivos bajo est\u00e1ndares de eficiencia y sostenibilidad, apostando por la econom\u00eda circular, la reducci\u00f3n de emisiones de CO\u00b2 y el cuidado responsable de los recursos naturales. Adem\u00e1s, impulsa proyectos de valor compartido que promueven la educaci\u00f3n, la salud y el desarrollo local en el cant\u00f3n Marcelino Maridue\u00f1a.<\/p>\n<p>El aniversario n\u00famero 128 llega en un momento de consolidaci\u00f3n y mirada al futuro, reafirmando el prop\u00f3sito de Ingenio San Carlos de seguir siendo un motor de progreso para el pa\u00eds, con una producci\u00f3n responsable, una gesti\u00f3n \u00e9tica y una relaci\u00f3n cercana con su gente.<\/p>\n<p>Por esto y m\u00e1s, Juntos somos el origen de la dulzura.<\/p>\n","protected":false},"excerpt":{"rendered":"<p>El ingenio celebra su aniversario destacando su aporte al empleo directo e indirecto, la sostenibilidad y la econom\u00eda del pa\u00eds. Guayaquil, noviembre de 2025. \u2013 Con 128 a\u00f1os de historia, Ingenio San Carlos reafirma su liderazgo como una de las agroindustrias m\u00e1s importantes del pa\u00eds y un referente en sostenibilidad, innovaci\u00f3n y generaci\u00f3n de progreso [&hellip;]<\/p>\n","protected":false},"author":4,"featured_media":137107,"comment_status":"closed","ping_status":"closed","sticky":false,"template":"","format":"standard","meta":{"_bbp_topic_count":0,"_bbp_reply_count":0,"_bbp_total_topic_count":0,"_bbp_total_reply_count":0,"_bbp_voice_count":0,"_bbp_anonymous_reply_count":0,"_bbp_topic_count_hidden":0,"_bbp_reply_count_hidden":0,"_bbp_forum_subforum_count":0,"buzzeditor_post_format":"","footnotes":""},"categories":[2],"tags":[],"class_list":["post-137106","post","type-post","status-publish","format-standard","has-post-thumbnail","hentry","category-noticias"],"yoast_head":"<!-- This site is optimized with the Yoast SEO plugin v27.5 - https:\/\/yoast.com\/product\/yoast-seo-wordpress\/ -->\n<title>INGENIO SAN CARLOS CELEBRA 128 A\u00d1OS DE HISTORIA, INNOVACI\u00d3N Y COMPROMISO CON ECUADOR &#8211; QUEBAKAN.COM 2026: Noticias, Eventos, Conciertos y mucho m\u00e1s....<\/title>\n<meta name=\"robots\" content=\"index, follow, max-snippet:-1, max-image-preview:large, max-video-preview:-1\" \/>\n<link rel=\"canonical\" href=\"https:\/\/www.quebakan.com\/v15\/ingenio-san-carlos-celebra-128-anos-de-historia-innovacion-y-compromiso-con-ecuador\/\" \/>\n<meta property=\"og:locale\" content=\"es_ES\" \/>\n<meta property=\"og:type\" content=\"article\" \/>\n<meta property=\"og:title\" content=\"INGENIO SAN CARLOS CELEBRA 128 A\u00d1OS DE HISTORIA, INNOVACI\u00d3N Y COMPROMISO CON ECUADOR &#8211; QUEBAKAN.COM 2026: Noticias, Eventos, Conciertos y mucho m\u00e1s....\" \/>\n<meta property=\"og:description\" content=\"El ingenio celebra su aniversario destacando su aporte al empleo directo e indirecto, la sostenibilidad y la econom\u00eda del pa\u00eds. Guayaquil, noviembre de 2025. \u2013 Con 128 a\u00f1os de historia, Ingenio San Carlos reafirma su liderazgo como una de las agroindustrias m\u00e1s importantes del pa\u00eds y un referente en sostenibilidad, innovaci\u00f3n y generaci\u00f3n de progreso [&hellip;]\" \/>\n<meta property=\"og:url\" content=\"https:\/\/www.quebakan.com\/v15\/ingenio-san-carlos-celebra-128-anos-de-historia-innovacion-y-compromiso-con-ecuador\/\" \/>\n<meta property=\"og:site_name\" content=\"QUEBAKAN.COM 2026: Noticias, Eventos, Conciertos y mucho m\u00e1s....\" \/>\n<meta property=\"article:publisher\" content=\"http:\/\/www.facebook.com\/quebakan\" \/>\n<meta property=\"article:published_time\" content=\"2025-11-08T16:28:26+00:00\" \/>\n<meta property=\"og:image\" content=\"https:\/\/www.quebakan.com\/v15\/wp-content\/uploads\/2025\/11\/ADAPTACION-1.1-PORTADA-ANIVERSARIO-SAN-CARLOS.jpg\" \/>\n\t<meta property=\"og:image:width\" content=\"700\" \/>\n\t<meta property=\"og:image:height\" content=\"700\" \/>\n\t<meta property=\"og:image:type\" content=\"image\/jpeg\" \/>\n<meta name=\"author\" content=\"Erick Villafuerte\" \/>\n<meta name=\"twitter:card\" content=\"summary_large_image\" \/>\n<meta name=\"twitter:creator\" content=\"@quebakanec\" \/>\n<meta name=\"twitter:site\" content=\"@quebakanec\" \/>\n<meta name=\"twitter:label1\" content=\"Escrito por\" \/>\n\t<meta name=\"twitter:data1\" content=\"Erick Villafuerte\" \/>\n\t<meta name=\"twitter:label2\" content=\"Tiempo de lectura\" \/>\n\t<meta name=\"twitter:data2\" content=\"2 minutos\" \/>\n<script type=\"application\/ld+json\" class=\"yoast-schema-graph\">{\"@context\":\"https:\\\/\\\/schema.org\",\"@graph\":[{\"@type\":\"Article\",\"@id\":\"https:\\\/\\\/www.quebakan.com\\\/v15\\\/ingenio-san-carlos-celebra-128-anos-de-historia-innovacion-y-compromiso-con-ecuador\\\/#article\",\"isPartOf\":{\"@id\":\"https:\\\/\\\/www.quebakan.com\\\/v15\\\/ingenio-san-carlos-celebra-128-anos-de-historia-innovacion-y-compromiso-con-ecuador\\\/\"},\"author\":{\"name\":\"Erick Villafuerte\",\"@id\":\"https:\\\/\\\/www.quebakan.com\\\/v15\\\/#\\\/schema\\\/person\\\/d90fa9f9cfa81eb8ace9811e5b7b9118\"},\"headline\":\"INGENIO SAN CARLOS CELEBRA 128 A\u00d1OS DE HISTORIA, INNOVACI\u00d3N Y COMPROMISO CON ECUADOR\",\"datePublished\":\"2025-11-08T16:28:26+00:00\",\"mainEntityOfPage\":{\"@id\":\"https:\\\/\\\/www.quebakan.com\\\/v15\\\/ingenio-san-carlos-celebra-128-anos-de-historia-innovacion-y-compromiso-con-ecuador\\\/\"},\"wordCount\":389,\"publisher\":{\"@id\":\"https:\\\/\\\/www.quebakan.com\\\/v15\\\/#organization\"},\"image\":{\"@id\":\"https:\\\/\\\/www.quebakan.com\\\/v15\\\/ingenio-san-carlos-celebra-128-anos-de-historia-innovacion-y-compromiso-con-ecuador\\\/#primaryimage\"},\"thumbnailUrl\":\"https:\\\/\\\/www.quebakan.com\\\/v15\\\/wp-content\\\/uploads\\\/2025\\\/11\\\/ADAPTACION-1.1-PORTADA-ANIVERSARIO-SAN-CARLOS.jpg\",\"articleSection\":[\"Noticias\"],\"inLanguage\":\"es\"},{\"@type\":\"WebPage\",\"@id\":\"https:\\\/\\\/www.quebakan.com\\\/v15\\\/ingenio-san-carlos-celebra-128-anos-de-historia-innovacion-y-compromiso-con-ecuador\\\/\",\"url\":\"https:\\\/\\\/www.quebakan.com\\\/v15\\\/ingenio-san-carlos-celebra-128-anos-de-historia-innovacion-y-compromiso-con-ecuador\\\/\",\"name\":\"INGENIO SAN CARLOS CELEBRA 128 A\u00d1OS DE HISTORIA, INNOVACI\u00d3N Y COMPROMISO CON ECUADOR &#8211; QUEBAKAN.COM 2026: Noticias, Eventos, Conciertos y mucho m\u00e1s....\",\"isPartOf\":{\"@id\":\"https:\\\/\\\/www.quebakan.com\\\/v15\\\/#website\"},\"primaryImageOfPage\":{\"@id\":\"https:\\\/\\\/www.quebakan.com\\\/v15\\\/ingenio-san-carlos-celebra-128-anos-de-historia-innovacion-y-compromiso-con-ecuador\\\/#primaryimage\"},\"image\":{\"@id\":\"https:\\\/\\\/www.quebakan.com\\\/v15\\\/ingenio-san-carlos-celebra-128-anos-de-historia-innovacion-y-compromiso-con-ecuador\\\/#primaryimage\"},\"thumbnailUrl\":\"https:\\\/\\\/www.quebakan.com\\\/v15\\\/wp-content\\\/uploads\\\/2025\\\/11\\\/ADAPTACION-1.1-PORTADA-ANIVERSARIO-SAN-CARLOS.jpg\",\"datePublished\":\"2025-11-08T16:28:26+00:00\",\"breadcrumb\":{\"@id\":\"https:\\\/\\\/www.quebakan.com\\\/v15\\\/ingenio-san-carlos-celebra-128-anos-de-historia-innovacion-y-compromiso-con-ecuador\\\/#breadcrumb\"},\"inLanguage\":\"es\",\"potentialAction\":[{\"@type\":\"ReadAction\",\"target\":[\"https:\\\/\\\/www.quebakan.com\\\/v15\\\/ingenio-san-carlos-celebra-128-anos-de-historia-innovacion-y-compromiso-con-ecuador\\\/\"]}]},{\"@type\":\"ImageObject\",\"inLanguage\":\"es\",\"@id\":\"https:\\\/\\\/www.quebakan.com\\\/v15\\\/ingenio-san-carlos-celebra-128-anos-de-historia-innovacion-y-compromiso-con-ecuador\\\/#primaryimage\",\"url\":\"https:\\\/\\\/www.quebakan.com\\\/v15\\\/wp-content\\\/uploads\\\/2025\\\/11\\\/ADAPTACION-1.1-PORTADA-ANIVERSARIO-SAN-CARLOS.jpg\",\"contentUrl\":\"https:\\\/\\\/www.quebakan.com\\\/v15\\\/wp-content\\\/uploads\\\/2025\\\/11\\\/ADAPTACION-1.1-PORTADA-ANIVERSARIO-SAN-CARLOS.jpg\",\"width\":700,\"height\":700},{\"@type\":\"BreadcrumbList\",\"@id\":\"https:\\\/\\\/www.quebakan.com\\\/v15\\\/ingenio-san-carlos-celebra-128-anos-de-historia-innovacion-y-compromiso-con-ecuador\\\/#breadcrumb\",\"itemListElement\":[{\"@type\":\"ListItem\",\"position\":1,\"name\":\"Portada\",\"item\":\"https:\\\/\\\/www.quebakan.com\\\/v15\\\/\"},{\"@type\":\"ListItem\",\"position\":2,\"name\":\"INGENIO SAN CARLOS CELEBRA 128 A\u00d1OS DE HISTORIA, INNOVACI\u00d3N Y COMPROMISO CON ECUADOR\"}]},{\"@type\":\"WebSite\",\"@id\":\"https:\\\/\\\/www.quebakan.com\\\/v15\\\/#website\",\"url\":\"https:\\\/\\\/www.quebakan.com\\\/v15\\\/\",\"name\":\"QUEBAKAN\",\"description\":\"..\",\"publisher\":{\"@id\":\"https:\\\/\\\/www.quebakan.com\\\/v15\\\/#organization\"},\"potentialAction\":[{\"@type\":\"SearchAction\",\"target\":{\"@type\":\"EntryPoint\",\"urlTemplate\":\"https:\\\/\\\/www.quebakan.com\\\/v15\\\/?s={search_term_string}\"},\"query-input\":{\"@type\":\"PropertyValueSpecification\",\"valueRequired\":true,\"valueName\":\"search_term_string\"}}],\"inLanguage\":\"es\"},{\"@type\":\"Organization\",\"@id\":\"https:\\\/\\\/www.quebakan.com\\\/v15\\\/#organization\",\"name\":\"Quebakan.com\",\"url\":\"https:\\\/\\\/www.quebakan.com\\\/v15\\\/\",\"logo\":{\"@type\":\"ImageObject\",\"inLanguage\":\"es\",\"@id\":\"https:\\\/\\\/www.quebakan.com\\\/v15\\\/#\\\/schema\\\/logo\\\/image\\\/\",\"url\":\"https:\\\/\\\/www.quebakan.com\\\/v15\\\/wp-content\\\/uploads\\\/2023\\\/07\\\/logoquebakanenero2021.jpg\",\"contentUrl\":\"https:\\\/\\\/www.quebakan.com\\\/v15\\\/wp-content\\\/uploads\\\/2023\\\/07\\\/logoquebakanenero2021.jpg\",\"width\":1920,\"height\":1080,\"caption\":\"Quebakan.com\"},\"image\":{\"@id\":\"https:\\\/\\\/www.quebakan.com\\\/v15\\\/#\\\/schema\\\/logo\\\/image\\\/\"},\"sameAs\":[\"http:\\\/\\\/www.facebook.com\\\/quebakan\",\"https:\\\/\\\/x.com\\\/quebakanec\",\"http:\\\/\\\/www.instagram.com\\\/quebakan\",\"http:\\\/\\\/www.youtube.com\\\/quebakan1\"]},{\"@type\":\"Person\",\"@id\":\"https:\\\/\\\/www.quebakan.com\\\/v15\\\/#\\\/schema\\\/person\\\/d90fa9f9cfa81eb8ace9811e5b7b9118\",\"name\":\"Erick Villafuerte\",\"image\":{\"@type\":\"ImageObject\",\"inLanguage\":\"es\",\"@id\":\"https:\\\/\\\/www.quebakan.com\\\/v15\\\/wp-content\\\/uploads\\\/avatars\\\/4\\\/1731297654-bpfull.png\",\"url\":\"https:\\\/\\\/www.quebakan.com\\\/v15\\\/wp-content\\\/uploads\\\/avatars\\\/4\\\/1731297654-bpfull.png\",\"contentUrl\":\"https:\\\/\\\/www.quebakan.com\\\/v15\\\/wp-content\\\/uploads\\\/avatars\\\/4\\\/1731297654-bpfull.png\",\"caption\":\"Erick Villafuerte\"}}]}<\/script>\n<!-- \/ Yoast SEO plugin. -->","yoast_head_json":{"title":"INGENIO SAN CARLOS CELEBRA 128 A\u00d1OS DE HISTORIA, INNOVACI\u00d3N Y COMPROMISO CON ECUADOR &#8211; QUEBAKAN.COM 2026: Noticias, Eventos, Conciertos y mucho m\u00e1s....","robots":{"index":"index","follow":"follow","max-snippet":"max-snippet:-1","max-image-preview":"max-image-preview:large","max-video-preview":"max-video-preview:-1"},"canonical":"https:\/\/www.quebakan.com\/v15\/ingenio-san-carlos-celebra-128-anos-de-historia-innovacion-y-compromiso-con-ecuador\/","og_locale":"es_ES","og_type":"article","og_title":"INGENIO SAN CARLOS CELEBRA 128 A\u00d1OS DE HISTORIA, INNOVACI\u00d3N Y COMPROMISO CON ECUADOR &#8211; QUEBAKAN.COM 2026: Noticias, Eventos, Conciertos y mucho m\u00e1s....","og_description":"El ingenio celebra su aniversario destacando su aporte al empleo directo e indirecto, la sostenibilidad y la econom\u00eda del pa\u00eds. Guayaquil, noviembre de 2025. \u2013 Con 128 a\u00f1os de historia, Ingenio San Carlos reafirma su liderazgo como una de las agroindustrias m\u00e1s importantes del pa\u00eds y un referente en sostenibilidad, innovaci\u00f3n y generaci\u00f3n de progreso [&hellip;]","og_url":"https:\/\/www.quebakan.com\/v15\/ingenio-san-carlos-celebra-128-anos-de-historia-innovacion-y-compromiso-con-ecuador\/","og_site_name":"QUEBAKAN.COM 2026: Noticias, Eventos, Conciertos y mucho m\u00e1s....","article_publisher":"http:\/\/www.facebook.com\/quebakan","article_published_time":"2025-11-08T16:28:26+00:00","og_image":[{"width":700,"height":700,"url":"https:\/\/www.quebakan.com\/v15\/wp-content\/uploads\/2025\/11\/ADAPTACION-1.1-PORTADA-ANIVERSARIO-SAN-CARLOS.jpg","type":"image\/jpeg"}],"author":"Erick Villafuerte","twitter_card":"summary_large_image","twitter_creator":"@quebakanec","twitter_site":"@quebakanec","twitter_misc":{"Escrito por":"Erick Villafuerte","Tiempo de lectura":"2 minutos"},"schema":{"@context":"https:\/\/schema.org","@graph":[{"@type":"Article","@id":"https:\/\/www.quebakan.com\/v15\/ingenio-san-carlos-celebra-128-anos-de-historia-innovacion-y-compromiso-con-ecuador\/#article","isPartOf":{"@id":"https:\/\/www.quebakan.com\/v15\/ingenio-san-carlos-celebra-128-anos-de-historia-innovacion-y-compromiso-con-ecuador\/"},"author":{"name":"Erick Villafuerte","@id":"https:\/\/www.quebakan.com\/v15\/#\/schema\/person\/d90fa9f9cfa81eb8ace9811e5b7b9118"},"headline":"INGENIO SAN CARLOS CELEBRA 128 A\u00d1OS DE HISTORIA, INNOVACI\u00d3N Y COMPROMISO CON ECUADOR","datePublished":"2025-11-08T16:28:26+00:00","mainEntityOfPage":{"@id":"https:\/\/www.quebakan.com\/v15\/ingenio-san-carlos-celebra-128-anos-de-historia-innovacion-y-compromiso-con-ecuador\/"},"wordCount":389,"publisher":{"@id":"https:\/\/www.quebakan.com\/v15\/#organization"},"image":{"@id":"https:\/\/www.quebakan.com\/v15\/ingenio-san-carlos-celebra-128-anos-de-historia-innovacion-y-compromiso-con-ecuador\/#primaryimage"},"thumbnailUrl":"https:\/\/www.quebakan.com\/v15\/wp-content\/uploads\/2025\/11\/ADAPTACION-1.1-PORTADA-ANIVERSARIO-SAN-CARLOS.jpg","articleSection":["Noticias"],"inLanguage":"es"},{"@type":"WebPage","@id":"https:\/\/www.quebakan.com\/v15\/ingenio-san-carlos-celebra-128-anos-de-historia-innovacion-y-compromiso-con-ecuador\/","url":"https:\/\/www.quebakan.com\/v15\/ingenio-san-carlos-celebra-128-anos-de-historia-innovacion-y-compromiso-con-ecuador\/","name":"INGENIO SAN CARLOS CELEBRA 128 A\u00d1OS DE HISTORIA, INNOVACI\u00d3N Y COMPROMISO CON ECUADOR &#8211; QUEBAKAN.COM 2026: Noticias, Eventos, Conciertos y mucho m\u00e1s....","isPartOf":{"@id":"https:\/\/www.quebakan.com\/v15\/#website"},"primaryImageOfPage":{"@id":"https:\/\/www.quebakan.com\/v15\/ingenio-san-carlos-celebra-128-anos-de-historia-innovacion-y-compromiso-con-ecuador\/#primaryimage"},"image":{"@id":"https:\/\/www.quebakan.com\/v15\/ingenio-san-carlos-celebra-128-anos-de-historia-innovacion-y-compromiso-con-ecuador\/#primaryimage"},"thumbnailUrl":"https:\/\/www.quebakan.com\/v15\/wp-content\/uploads\/2025\/11\/ADAPTACION-1.1-PORTADA-ANIVERSARIO-SAN-CARLOS.jpg","datePublished":"2025-11-08T16:28:26+00:00","breadcrumb":{"@id":"https:\/\/www.quebakan.com\/v15\/ingenio-san-carlos-celebra-128-anos-de-historia-innovacion-y-compromiso-con-ecuador\/#breadcrumb"},"inLanguage":"es","potentialAction":[{"@type":"ReadAction","target":["https:\/\/www.quebakan.com\/v15\/ingenio-san-carlos-celebra-128-anos-de-historia-innovacion-y-compromiso-con-ecuador\/"]}]},{"@type":"ImageObject","inLanguage":"es","@id":"https:\/\/www.quebakan.com\/v15\/ingenio-san-carlos-celebra-128-anos-de-historia-innovacion-y-compromiso-con-ecuador\/#primaryimage","url":"https:\/\/www.quebakan.com\/v15\/wp-content\/uploads\/2025\/11\/ADAPTACION-1.1-PORTADA-ANIVERSARIO-SAN-CARLOS.jpg","contentUrl":"https:\/\/www.quebakan.com\/v15\/wp-content\/uploads\/2025\/11\/ADAPTACION-1.1-PORTADA-ANIVERSARIO-SAN-CARLOS.jpg","width":700,"height":700},{"@type":"BreadcrumbList","@id":"https:\/\/www.quebakan.com\/v15\/ingenio-san-carlos-celebra-128-anos-de-historia-innovacion-y-compromiso-con-ecuador\/#breadcrumb","itemListElement":[{"@type":"ListItem","position":1,"name":"Portada","item":"https:\/\/www.quebakan.com\/v15\/"},{"@type":"ListItem","position":2,"name":"INGENIO SAN CARLOS CELEBRA 128 A\u00d1OS DE HISTORIA, INNOVACI\u00d3N Y COMPROMISO CON ECUADOR"}]},{"@type":"WebSite","@id":"https:\/\/www.quebakan.com\/v15\/#website","url":"https:\/\/www.quebakan.com\/v15\/","name":"QUEBAKAN","description":"..","publisher":{"@id":"https:\/\/www.quebakan.com\/v15\/#organization"},"potentialAction":[{"@type":"SearchAction","target":{"@type":"EntryPoint","urlTemplate":"https:\/\/www.quebakan.com\/v15\/?s={search_term_string}"},"query-input":{"@type":"PropertyValueSpecification","valueRequired":true,"valueName":"search_term_string"}}],"inLanguage":"es"},{"@type":"Organization","@id":"https:\/\/www.quebakan.com\/v15\/#organization","name":"Quebakan.com","url":"https:\/\/www.quebakan.com\/v15\/","logo":{"@type":"ImageObject","inLanguage":"es","@id":"https:\/\/www.quebakan.com\/v15\/#\/schema\/logo\/image\/","url":"https:\/\/www.quebakan.com\/v15\/wp-content\/uploads\/2023\/07\/logoquebakanenero2021.jpg","contentUrl":"https:\/\/www.quebakan.com\/v15\/wp-content\/uploads\/2023\/07\/logoquebakanenero2021.jpg","width":1920,"height":1080,"caption":"Quebakan.com"},"image":{"@id":"https:\/\/www.quebakan.com\/v15\/#\/schema\/logo\/image\/"},"sameAs":["http:\/\/www.facebook.com\/quebakan","https:\/\/x.com\/quebakanec","http:\/\/www.instagram.com\/quebakan","http:\/\/www.youtube.com\/quebakan1"]},{"@type":"Person","@id":"https:\/\/www.quebakan.com\/v15\/#\/schema\/person\/d90fa9f9cfa81eb8ace9811e5b7b9118","name":"Erick Villafuerte","image":{"@type":"ImageObject","inLanguage":"es","@id":"https:\/\/www.quebakan.com\/v15\/wp-content\/uploads\/avatars\/4\/1731297654-bpfull.png","url":"https:\/\/www.quebakan.com\/v15\/wp-content\/uploads\/avatars\/4\/1731297654-bpfull.png","contentUrl":"https:\/\/www.quebakan.com\/v15\/wp-content\/uploads\/avatars\/4\/1731297654-bpfull.png","caption":"Erick Villafuerte"}}]}},"_links":{"self":[{"href":"https:\/\/www.quebakan.com\/v15\/wp-json\/wp\/v2\/posts\/137106","targetHints":{"allow":["GET"]}}],"collection":[{"href":"https:\/\/www.quebakan.com\/v15\/wp-json\/wp\/v2\/posts"}],"about":[{"href":"https:\/\/www.quebakan.com\/v15\/wp-json\/wp\/v2\/types\/post"}],"author":[{"embeddable":true,"href":"https:\/\/www.quebakan.com\/v15\/wp-json\/wp\/v2\/users\/4"}],"replies":[{"embeddable":true,"href":"https:\/\/www.quebakan.com\/v15\/wp-json\/wp\/v2\/comments?post=137106"}],"version-history":[{"count":1,"href":"https:\/\/www.quebakan.com\/v15\/wp-json\/wp\/v2\/posts\/137106\/revisions"}],"predecessor-version":[{"id":137108,"href":"https:\/\/www.quebakan.com\/v15\/wp-json\/wp\/v2\/posts\/137106\/revisions\/137108"}],"wp:featuredmedia":[{"embeddable":true,"href":"https:\/\/www.quebakan.com\/v15\/wp-json\/wp\/v2\/media\/137107"}],"wp:attachment":[{"href":"https:\/\/www.quebakan.com\/v15\/wp-json\/wp\/v2\/media?parent=137106"}],"wp:term":[{"taxonomy":"category","embeddable":true,"href":"https:\/\/www.quebakan.com\/v15\/wp-json\/wp\/v2\/categories?post=137106"},{"taxonomy":"post_tag","embeddable":true,"href":"https:\/\/www.quebakan.com\/v15\/wp-json\/wp\/v2\/tags?post=137106"}],"curies":[{"name":"wp","href":"https:\/\/api.w.org\/{rel}","templated":true}]}}