{"id":137117,"date":"2025-11-08T17:25:30","date_gmt":"2025-11-08T22:25:30","guid":{"rendered":"https:\/\/www.quebakan.com\/v15\/?p=137117"},"modified":"2025-11-08T17:25:30","modified_gmt":"2025-11-08T22:25:30","slug":"la-esperada-secuela-wicked-por-siempre-debuta-este-20-de-noviembre","status":"publish","type":"post","link":"https:\/\/www.quebakan.com\/v15\/la-esperada-secuela-wicked-por-siempre-debuta-este-20-de-noviembre\/","title":{"rendered":"La esperada secuela Wicked: Por siempre  debuta este 20 de noviembre"},"content":{"rendered":"<p><img fetchpriority=\"high\" decoding=\"async\" class=\"aligncenter size-full wp-image-137118\" src=\"https:\/\/www.quebakan.com\/v15\/wp-content\/uploads\/2025\/11\/WICKED.jpg\" alt=\"\" width=\"700\" height=\"314\" \/><\/p>\n<ul>\n<li style=\"text-align: justify;\"><span style=\"color: #000000;\"><em>Este 20 de noviembre, Wicked<\/em><em>:<\/em> <em>Por siempre,<\/em><em> llega a las salas de <\/em><em>cine<\/em> <em>de <\/em><em>todo el pa\u00eds con una experiencia que va m\u00e1s all\u00e1 <\/em><em>del film<\/em><em>: una pasarela inspirada en la pel\u00edcula, donde nueve dise\u00f1adoras ecuatorianas independientes presentar\u00e1n dise\u00f1os \u00fanicos e ic\u00f3nicos inspirados en el universo m\u00e1gico del Reino de Oz. <\/em><\/span><\/li>\n<li style=\"text-align: justify;\"><span style=\"color: #000000;\"><em>La propuesta busca visibilizar el talento femenino local y destacar c\u00f3mo la moda, al igual que la historia de Wicked, puede transformar, inspirar y empoderar.<\/em><\/span><\/li>\n<\/ul>\n<p style=\"text-align: justify;\"><span style=\"color: #000000;\"><strong>Quito, noviembre de 2025.-<\/strong> En Ecuador, el lanzamiento de Wicked: Por Siempre trasciende la pantalla grande con una propuesta \u00fanica que fusiona cine, moda y empoderamiento. Como parte del estreno nacional, Universal Pictures presentar\u00e1 una <strong>pasarela exclusiva inspirada en la pel\u00edcula<\/strong>, <strong>protagonizada por nueve dise\u00f1adoras ecuatorianas independientes <\/strong>que reinterpretan el universo de Oz a trav\u00e9s de creaciones llenas de color, fantas\u00eda y poder femenino.<\/span><\/p>\n<p style=\"text-align: justify;\"><span style=\"color: #000000;\"><strong>Una historia que celebra la fuerza y la amistad<\/strong><\/span><\/p>\n<p style=\"text-align: justify;\"><span style=\"color: #000000;\">Basada en la novela de Gregory Maguire e inspirada en el \u00e9xito de Broadway, la nueva entrega contin\u00faa la historia de Elphaba, una joven de piel verde esmeralda e inteligencia brillante, destinada a convertirse en la legendaria Malvada Bruja del Oeste, y de Glinda, la encantadora hechicera que representa la luz y el optimismo. Juntas desaf\u00edan los prejuicios, demostrando que la verdadera magia radica en la autenticidad y la amistad.<\/span><\/p>\n<p style=\"text-align: justify;\"><span style=\"color: #000000;\"><em>\u201cWicked<\/em><em>: Por siempre<\/em><em> es una historia sobre confianza, empat\u00eda y poder femenino. En Ecuador quisimos extender ese mensaje m\u00e1s all\u00e1 del cine, conect\u00e1ndolo con mujeres reales que transforman su entorno a trav\u00e9s de la creatividad y la autenticidad\u201d<\/em>, expres\u00f3 Luc\u00eda Navarrete, vocera de Universal Pictures en Ecuador.<\/span><\/p>\n<p style=\"text-align: justify;\"><span style=\"color: #000000;\"><strong>Un elenco estelar que da vida a Oz<\/strong><\/span><\/p>\n<p style=\"text-align: justify;\"><span style=\"color: #000000;\">La cinta est\u00e1 protagonizada por un elenco de talla mundial:<\/span><\/p>\n<ul style=\"text-align: justify;\">\n<li><span style=\"color: #000000;\"><strong>Cynthia Erivo<\/strong> interpreta a Elphaba Thropp, la futura Bruja Mala del Oeste, aportando una poderosa mezcla de voz y sensibilidad.<\/span><\/li>\n<li><span style=\"color: #000000;\"><strong>Ariana Grande<\/strong> da vida a Glinda Upland, la brillante y carism\u00e1tica Bruja Buena, en una de sus actuaciones m\u00e1s esperadas.<\/span><\/li>\n<li><span style=\"color: #000000;\"><strong>Jonathan Bailey <\/strong>encarna a Fiyero Tigelaar, el pr\u00edncipe rebelde que marcar\u00e1 el destino de ambas protagonistas.<\/span><\/li>\n<li><span style=\"color: #000000;\"><strong>Jeff Goldblum<\/strong> interpreta a El Mago de Oz, figura clave en el destino de las brujas.<\/span><\/li>\n<li><span style=\"color: #000000;\"><strong>Michelle Yeoh<\/strong>, ganadora del \u00d3scar, asume el papel de Madame Morrible, una presencia fuerte y enigm\u00e1tica dentro del reino.<\/span><\/li>\n<\/ul>\n<p style=\"text-align: justify;\"><span style=\"color: #000000;\">El film combina fantas\u00eda, m\u00fasica y emoci\u00f3n, con una producci\u00f3n visual de gran escala que promete conquistar al p\u00fablico ecuatoriano.<\/span><\/p>\n<p style=\"text-align: justify;\"><span style=\"color: #000000;\"><strong>Moda, magia y talento ecuatoriano<\/strong><\/span><\/p>\n<p style=\"text-align: justify;\"><span style=\"color: #000000;\">Como parte del lanzamiento, se desarrollar\u00e1 una<strong> pasarela exclusiva<\/strong> donde nueve dise\u00f1adoras ecuatorianas del taller La F\u00e1brica de la Moda, liderado por Nataly Mendoza, presentar\u00e1n sus colecciones inspiradas en Wicked II. Cada dise\u00f1o refleja los valores de la pel\u00edcula: la autenticidad, la dualidad entre luz y sombra, y la belleza de ser diferente.<\/span><\/p>\n<p style=\"text-align: justify;\"><span style=\"color: #000000;\">Entre las participantes destacan Rosa Damici, Rebeca Ar\u00e9valo, Antonia Moscoso, Ana Bel\u00e9n Arellano y Margarita Bueno, quienes fusionan la narrativa del filme con su identidad creativa. Esta colaboraci\u00f3n entre el cine y la moda reafirma el compromiso de Universal Pictures con el impulso al talento local y con historias que inspiran transformaci\u00f3n, confianza y orgullo nacional.<\/span><\/p>\n<ul>\n<li style=\"text-align: justify;\"><span style=\"color: #000000;\"><strong>Estreno en Ecuador:<\/strong> 20 de noviembre, en todas las salas de cine a nivel nacional<\/span><\/li>\n<li style=\"text-align: justify;\"><span style=\"color: #000000;\"><strong>G\u00e9nero: <\/strong>Fantas\u00eda \u00b7 Musical \u00b7 Romance \u00b7 Aventura<\/span><\/li>\n<li style=\"text-align: justify;\"><span style=\"color: #000000;\"><strong>Estudio:<\/strong> Universal Pictures<\/span><\/li>\n<\/ul>\n","protected":false},"excerpt":{"rendered":"<p>Este 20 de noviembre, Wicked: Por siempre, llega a las salas de cine de todo el pa\u00eds con una experiencia que va m\u00e1s all\u00e1 del film: una pasarela inspirada en la pel\u00edcula, donde nueve dise\u00f1adoras ecuatorianas independientes presentar\u00e1n dise\u00f1os \u00fanicos e ic\u00f3nicos inspirados en el universo m\u00e1gico del Reino de Oz. La propuesta busca visibilizar [&hellip;]<\/p>\n","protected":false},"author":4,"featured_media":137118,"comment_status":"closed","ping_status":"closed","sticky":false,"template":"","format":"standard","meta":{"_bbp_topic_count":0,"_bbp_reply_count":0,"_bbp_total_topic_count":0,"_bbp_total_reply_count":0,"_bbp_voice_count":0,"_bbp_anonymous_reply_count":0,"_bbp_topic_count_hidden":0,"_bbp_reply_count_hidden":0,"_bbp_forum_subforum_count":0,"buzzeditor_post_format":"","footnotes":""},"categories":[2],"tags":[],"class_list":["post-137117","post","type-post","status-publish","format-standard","has-post-thumbnail","hentry","category-noticias"],"yoast_head":"<!-- This site is optimized with the Yoast SEO plugin v27.5 - https:\/\/yoast.com\/product\/yoast-seo-wordpress\/ -->\n<title>La esperada secuela Wicked: Por siempre debuta este 20 de noviembre &#8211; QUEBAKAN.COM 2026: Noticias, Eventos, Conciertos y mucho m\u00e1s....<\/title>\n<meta name=\"robots\" content=\"index, follow, max-snippet:-1, max-image-preview:large, max-video-preview:-1\" \/>\n<link rel=\"canonical\" href=\"https:\/\/www.quebakan.com\/v15\/la-esperada-secuela-wicked-por-siempre-debuta-este-20-de-noviembre\/\" \/>\n<meta property=\"og:locale\" content=\"es_ES\" \/>\n<meta property=\"og:type\" content=\"article\" \/>\n<meta property=\"og:title\" content=\"La esperada secuela Wicked: Por siempre debuta este 20 de noviembre &#8211; QUEBAKAN.COM 2026: Noticias, Eventos, Conciertos y mucho m\u00e1s....\" \/>\n<meta property=\"og:description\" content=\"Este 20 de noviembre, Wicked: Por siempre, llega a las salas de cine de todo el pa\u00eds con una experiencia que va m\u00e1s all\u00e1 del film: una pasarela inspirada en la pel\u00edcula, donde nueve dise\u00f1adoras ecuatorianas independientes presentar\u00e1n dise\u00f1os \u00fanicos e ic\u00f3nicos inspirados en el universo m\u00e1gico del Reino de Oz. La propuesta busca visibilizar [&hellip;]\" \/>\n<meta property=\"og:url\" content=\"https:\/\/www.quebakan.com\/v15\/la-esperada-secuela-wicked-por-siempre-debuta-este-20-de-noviembre\/\" \/>\n<meta property=\"og:site_name\" content=\"QUEBAKAN.COM 2026: Noticias, Eventos, Conciertos y mucho m\u00e1s....\" \/>\n<meta property=\"article:publisher\" content=\"http:\/\/www.facebook.com\/quebakan\" \/>\n<meta property=\"article:published_time\" content=\"2025-11-08T22:25:30+00:00\" \/>\n<meta property=\"og:image\" content=\"https:\/\/www.quebakan.com\/v15\/wp-content\/uploads\/2025\/11\/WICKED.jpg\" \/>\n\t<meta property=\"og:image:width\" content=\"700\" \/>\n\t<meta property=\"og:image:height\" content=\"314\" \/>\n\t<meta property=\"og:image:type\" content=\"image\/jpeg\" \/>\n<meta name=\"author\" content=\"Erick Villafuerte\" \/>\n<meta name=\"twitter:card\" content=\"summary_large_image\" \/>\n<meta name=\"twitter:creator\" content=\"@quebakanec\" \/>\n<meta name=\"twitter:site\" content=\"@quebakanec\" \/>\n<meta name=\"twitter:label1\" content=\"Escrito por\" \/>\n\t<meta name=\"twitter:data1\" content=\"Erick Villafuerte\" \/>\n\t<meta name=\"twitter:label2\" content=\"Tiempo de lectura\" \/>\n\t<meta name=\"twitter:data2\" content=\"3 minutos\" \/>\n<script type=\"application\/ld+json\" class=\"yoast-schema-graph\">{\"@context\":\"https:\\\/\\\/schema.org\",\"@graph\":[{\"@type\":\"Article\",\"@id\":\"https:\\\/\\\/www.quebakan.com\\\/v15\\\/la-esperada-secuela-wicked-por-siempre-debuta-este-20-de-noviembre\\\/#article\",\"isPartOf\":{\"@id\":\"https:\\\/\\\/www.quebakan.com\\\/v15\\\/la-esperada-secuela-wicked-por-siempre-debuta-este-20-de-noviembre\\\/\"},\"author\":{\"name\":\"Erick Villafuerte\",\"@id\":\"https:\\\/\\\/www.quebakan.com\\\/v15\\\/#\\\/schema\\\/person\\\/d90fa9f9cfa81eb8ace9811e5b7b9118\"},\"headline\":\"La esperada secuela Wicked: Por siempre debuta este 20 de noviembre\",\"datePublished\":\"2025-11-08T22:25:30+00:00\",\"mainEntityOfPage\":{\"@id\":\"https:\\\/\\\/www.quebakan.com\\\/v15\\\/la-esperada-secuela-wicked-por-siempre-debuta-este-20-de-noviembre\\\/\"},\"wordCount\":580,\"publisher\":{\"@id\":\"https:\\\/\\\/www.quebakan.com\\\/v15\\\/#organization\"},\"image\":{\"@id\":\"https:\\\/\\\/www.quebakan.com\\\/v15\\\/la-esperada-secuela-wicked-por-siempre-debuta-este-20-de-noviembre\\\/#primaryimage\"},\"thumbnailUrl\":\"https:\\\/\\\/www.quebakan.com\\\/v15\\\/wp-content\\\/uploads\\\/2025\\\/11\\\/WICKED.jpg\",\"articleSection\":[\"Noticias\"],\"inLanguage\":\"es\"},{\"@type\":\"WebPage\",\"@id\":\"https:\\\/\\\/www.quebakan.com\\\/v15\\\/la-esperada-secuela-wicked-por-siempre-debuta-este-20-de-noviembre\\\/\",\"url\":\"https:\\\/\\\/www.quebakan.com\\\/v15\\\/la-esperada-secuela-wicked-por-siempre-debuta-este-20-de-noviembre\\\/\",\"name\":\"La esperada secuela Wicked: Por siempre debuta este 20 de noviembre &#8211; QUEBAKAN.COM 2026: Noticias, Eventos, Conciertos y mucho m\u00e1s....\",\"isPartOf\":{\"@id\":\"https:\\\/\\\/www.quebakan.com\\\/v15\\\/#website\"},\"primaryImageOfPage\":{\"@id\":\"https:\\\/\\\/www.quebakan.com\\\/v15\\\/la-esperada-secuela-wicked-por-siempre-debuta-este-20-de-noviembre\\\/#primaryimage\"},\"image\":{\"@id\":\"https:\\\/\\\/www.quebakan.com\\\/v15\\\/la-esperada-secuela-wicked-por-siempre-debuta-este-20-de-noviembre\\\/#primaryimage\"},\"thumbnailUrl\":\"https:\\\/\\\/www.quebakan.com\\\/v15\\\/wp-content\\\/uploads\\\/2025\\\/11\\\/WICKED.jpg\",\"datePublished\":\"2025-11-08T22:25:30+00:00\",\"breadcrumb\":{\"@id\":\"https:\\\/\\\/www.quebakan.com\\\/v15\\\/la-esperada-secuela-wicked-por-siempre-debuta-este-20-de-noviembre\\\/#breadcrumb\"},\"inLanguage\":\"es\",\"potentialAction\":[{\"@type\":\"ReadAction\",\"target\":[\"https:\\\/\\\/www.quebakan.com\\\/v15\\\/la-esperada-secuela-wicked-por-siempre-debuta-este-20-de-noviembre\\\/\"]}]},{\"@type\":\"ImageObject\",\"inLanguage\":\"es\",\"@id\":\"https:\\\/\\\/www.quebakan.com\\\/v15\\\/la-esperada-secuela-wicked-por-siempre-debuta-este-20-de-noviembre\\\/#primaryimage\",\"url\":\"https:\\\/\\\/www.quebakan.com\\\/v15\\\/wp-content\\\/uploads\\\/2025\\\/11\\\/WICKED.jpg\",\"contentUrl\":\"https:\\\/\\\/www.quebakan.com\\\/v15\\\/wp-content\\\/uploads\\\/2025\\\/11\\\/WICKED.jpg\",\"width\":700,\"height\":314},{\"@type\":\"BreadcrumbList\",\"@id\":\"https:\\\/\\\/www.quebakan.com\\\/v15\\\/la-esperada-secuela-wicked-por-siempre-debuta-este-20-de-noviembre\\\/#breadcrumb\",\"itemListElement\":[{\"@type\":\"ListItem\",\"position\":1,\"name\":\"Portada\",\"item\":\"https:\\\/\\\/www.quebakan.com\\\/v15\\\/\"},{\"@type\":\"ListItem\",\"position\":2,\"name\":\"La esperada secuela Wicked: Por siempre debuta este 20 de noviembre\"}]},{\"@type\":\"WebSite\",\"@id\":\"https:\\\/\\\/www.quebakan.com\\\/v15\\\/#website\",\"url\":\"https:\\\/\\\/www.quebakan.com\\\/v15\\\/\",\"name\":\"QUEBAKAN\",\"description\":\"..\",\"publisher\":{\"@id\":\"https:\\\/\\\/www.quebakan.com\\\/v15\\\/#organization\"},\"potentialAction\":[{\"@type\":\"SearchAction\",\"target\":{\"@type\":\"EntryPoint\",\"urlTemplate\":\"https:\\\/\\\/www.quebakan.com\\\/v15\\\/?s={search_term_string}\"},\"query-input\":{\"@type\":\"PropertyValueSpecification\",\"valueRequired\":true,\"valueName\":\"search_term_string\"}}],\"inLanguage\":\"es\"},{\"@type\":\"Organization\",\"@id\":\"https:\\\/\\\/www.quebakan.com\\\/v15\\\/#organization\",\"name\":\"Quebakan.com\",\"url\":\"https:\\\/\\\/www.quebakan.com\\\/v15\\\/\",\"logo\":{\"@type\":\"ImageObject\",\"inLanguage\":\"es\",\"@id\":\"https:\\\/\\\/www.quebakan.com\\\/v15\\\/#\\\/schema\\\/logo\\\/image\\\/\",\"url\":\"https:\\\/\\\/www.quebakan.com\\\/v15\\\/wp-content\\\/uploads\\\/2023\\\/07\\\/logoquebakanenero2021.jpg\",\"contentUrl\":\"https:\\\/\\\/www.quebakan.com\\\/v15\\\/wp-content\\\/uploads\\\/2023\\\/07\\\/logoquebakanenero2021.jpg\",\"width\":1920,\"height\":1080,\"caption\":\"Quebakan.com\"},\"image\":{\"@id\":\"https:\\\/\\\/www.quebakan.com\\\/v15\\\/#\\\/schema\\\/logo\\\/image\\\/\"},\"sameAs\":[\"http:\\\/\\\/www.facebook.com\\\/quebakan\",\"https:\\\/\\\/x.com\\\/quebakanec\",\"http:\\\/\\\/www.instagram.com\\\/quebakan\",\"http:\\\/\\\/www.youtube.com\\\/quebakan1\"]},{\"@type\":\"Person\",\"@id\":\"https:\\\/\\\/www.quebakan.com\\\/v15\\\/#\\\/schema\\\/person\\\/d90fa9f9cfa81eb8ace9811e5b7b9118\",\"name\":\"Erick Villafuerte\",\"image\":{\"@type\":\"ImageObject\",\"inLanguage\":\"es\",\"@id\":\"https:\\\/\\\/www.quebakan.com\\\/v15\\\/wp-content\\\/uploads\\\/avatars\\\/4\\\/1731297654-bpfull.png\",\"url\":\"https:\\\/\\\/www.quebakan.com\\\/v15\\\/wp-content\\\/uploads\\\/avatars\\\/4\\\/1731297654-bpfull.png\",\"contentUrl\":\"https:\\\/\\\/www.quebakan.com\\\/v15\\\/wp-content\\\/uploads\\\/avatars\\\/4\\\/1731297654-bpfull.png\",\"caption\":\"Erick Villafuerte\"}}]}<\/script>\n<!-- \/ Yoast SEO plugin. -->","yoast_head_json":{"title":"La esperada secuela Wicked: Por siempre debuta este 20 de noviembre &#8211; QUEBAKAN.COM 2026: Noticias, Eventos, Conciertos y mucho m\u00e1s....","robots":{"index":"index","follow":"follow","max-snippet":"max-snippet:-1","max-image-preview":"max-image-preview:large","max-video-preview":"max-video-preview:-1"},"canonical":"https:\/\/www.quebakan.com\/v15\/la-esperada-secuela-wicked-por-siempre-debuta-este-20-de-noviembre\/","og_locale":"es_ES","og_type":"article","og_title":"La esperada secuela Wicked: Por siempre debuta este 20 de noviembre &#8211; QUEBAKAN.COM 2026: Noticias, Eventos, Conciertos y mucho m\u00e1s....","og_description":"Este 20 de noviembre, Wicked: Por siempre, llega a las salas de cine de todo el pa\u00eds con una experiencia que va m\u00e1s all\u00e1 del film: una pasarela inspirada en la pel\u00edcula, donde nueve dise\u00f1adoras ecuatorianas independientes presentar\u00e1n dise\u00f1os \u00fanicos e ic\u00f3nicos inspirados en el universo m\u00e1gico del Reino de Oz. La propuesta busca visibilizar [&hellip;]","og_url":"https:\/\/www.quebakan.com\/v15\/la-esperada-secuela-wicked-por-siempre-debuta-este-20-de-noviembre\/","og_site_name":"QUEBAKAN.COM 2026: Noticias, Eventos, Conciertos y mucho m\u00e1s....","article_publisher":"http:\/\/www.facebook.com\/quebakan","article_published_time":"2025-11-08T22:25:30+00:00","og_image":[{"width":700,"height":314,"url":"https:\/\/www.quebakan.com\/v15\/wp-content\/uploads\/2025\/11\/WICKED.jpg","type":"image\/jpeg"}],"author":"Erick Villafuerte","twitter_card":"summary_large_image","twitter_creator":"@quebakanec","twitter_site":"@quebakanec","twitter_misc":{"Escrito por":"Erick Villafuerte","Tiempo de lectura":"3 minutos"},"schema":{"@context":"https:\/\/schema.org","@graph":[{"@type":"Article","@id":"https:\/\/www.quebakan.com\/v15\/la-esperada-secuela-wicked-por-siempre-debuta-este-20-de-noviembre\/#article","isPartOf":{"@id":"https:\/\/www.quebakan.com\/v15\/la-esperada-secuela-wicked-por-siempre-debuta-este-20-de-noviembre\/"},"author":{"name":"Erick Villafuerte","@id":"https:\/\/www.quebakan.com\/v15\/#\/schema\/person\/d90fa9f9cfa81eb8ace9811e5b7b9118"},"headline":"La esperada secuela Wicked: Por siempre debuta este 20 de noviembre","datePublished":"2025-11-08T22:25:30+00:00","mainEntityOfPage":{"@id":"https:\/\/www.quebakan.com\/v15\/la-esperada-secuela-wicked-por-siempre-debuta-este-20-de-noviembre\/"},"wordCount":580,"publisher":{"@id":"https:\/\/www.quebakan.com\/v15\/#organization"},"image":{"@id":"https:\/\/www.quebakan.com\/v15\/la-esperada-secuela-wicked-por-siempre-debuta-este-20-de-noviembre\/#primaryimage"},"thumbnailUrl":"https:\/\/www.quebakan.com\/v15\/wp-content\/uploads\/2025\/11\/WICKED.jpg","articleSection":["Noticias"],"inLanguage":"es"},{"@type":"WebPage","@id":"https:\/\/www.quebakan.com\/v15\/la-esperada-secuela-wicked-por-siempre-debuta-este-20-de-noviembre\/","url":"https:\/\/www.quebakan.com\/v15\/la-esperada-secuela-wicked-por-siempre-debuta-este-20-de-noviembre\/","name":"La esperada secuela Wicked: Por siempre debuta este 20 de noviembre &#8211; QUEBAKAN.COM 2026: Noticias, Eventos, Conciertos y mucho m\u00e1s....","isPartOf":{"@id":"https:\/\/www.quebakan.com\/v15\/#website"},"primaryImageOfPage":{"@id":"https:\/\/www.quebakan.com\/v15\/la-esperada-secuela-wicked-por-siempre-debuta-este-20-de-noviembre\/#primaryimage"},"image":{"@id":"https:\/\/www.quebakan.com\/v15\/la-esperada-secuela-wicked-por-siempre-debuta-este-20-de-noviembre\/#primaryimage"},"thumbnailUrl":"https:\/\/www.quebakan.com\/v15\/wp-content\/uploads\/2025\/11\/WICKED.jpg","datePublished":"2025-11-08T22:25:30+00:00","breadcrumb":{"@id":"https:\/\/www.quebakan.com\/v15\/la-esperada-secuela-wicked-por-siempre-debuta-este-20-de-noviembre\/#breadcrumb"},"inLanguage":"es","potentialAction":[{"@type":"ReadAction","target":["https:\/\/www.quebakan.com\/v15\/la-esperada-secuela-wicked-por-siempre-debuta-este-20-de-noviembre\/"]}]},{"@type":"ImageObject","inLanguage":"es","@id":"https:\/\/www.quebakan.com\/v15\/la-esperada-secuela-wicked-por-siempre-debuta-este-20-de-noviembre\/#primaryimage","url":"https:\/\/www.quebakan.com\/v15\/wp-content\/uploads\/2025\/11\/WICKED.jpg","contentUrl":"https:\/\/www.quebakan.com\/v15\/wp-content\/uploads\/2025\/11\/WICKED.jpg","width":700,"height":314},{"@type":"BreadcrumbList","@id":"https:\/\/www.quebakan.com\/v15\/la-esperada-secuela-wicked-por-siempre-debuta-este-20-de-noviembre\/#breadcrumb","itemListElement":[{"@type":"ListItem","position":1,"name":"Portada","item":"https:\/\/www.quebakan.com\/v15\/"},{"@type":"ListItem","position":2,"name":"La esperada secuela Wicked: Por siempre debuta este 20 de noviembre"}]},{"@type":"WebSite","@id":"https:\/\/www.quebakan.com\/v15\/#website","url":"https:\/\/www.quebakan.com\/v15\/","name":"QUEBAKAN","description":"..","publisher":{"@id":"https:\/\/www.quebakan.com\/v15\/#organization"},"potentialAction":[{"@type":"SearchAction","target":{"@type":"EntryPoint","urlTemplate":"https:\/\/www.quebakan.com\/v15\/?s={search_term_string}"},"query-input":{"@type":"PropertyValueSpecification","valueRequired":true,"valueName":"search_term_string"}}],"inLanguage":"es"},{"@type":"Organization","@id":"https:\/\/www.quebakan.com\/v15\/#organization","name":"Quebakan.com","url":"https:\/\/www.quebakan.com\/v15\/","logo":{"@type":"ImageObject","inLanguage":"es","@id":"https:\/\/www.quebakan.com\/v15\/#\/schema\/logo\/image\/","url":"https:\/\/www.quebakan.com\/v15\/wp-content\/uploads\/2023\/07\/logoquebakanenero2021.jpg","contentUrl":"https:\/\/www.quebakan.com\/v15\/wp-content\/uploads\/2023\/07\/logoquebakanenero2021.jpg","width":1920,"height":1080,"caption":"Quebakan.com"},"image":{"@id":"https:\/\/www.quebakan.com\/v15\/#\/schema\/logo\/image\/"},"sameAs":["http:\/\/www.facebook.com\/quebakan","https:\/\/x.com\/quebakanec","http:\/\/www.instagram.com\/quebakan","http:\/\/www.youtube.com\/quebakan1"]},{"@type":"Person","@id":"https:\/\/www.quebakan.com\/v15\/#\/schema\/person\/d90fa9f9cfa81eb8ace9811e5b7b9118","name":"Erick Villafuerte","image":{"@type":"ImageObject","inLanguage":"es","@id":"https:\/\/www.quebakan.com\/v15\/wp-content\/uploads\/avatars\/4\/1731297654-bpfull.png","url":"https:\/\/www.quebakan.com\/v15\/wp-content\/uploads\/avatars\/4\/1731297654-bpfull.png","contentUrl":"https:\/\/www.quebakan.com\/v15\/wp-content\/uploads\/avatars\/4\/1731297654-bpfull.png","caption":"Erick Villafuerte"}}]}},"_links":{"self":[{"href":"https:\/\/www.quebakan.com\/v15\/wp-json\/wp\/v2\/posts\/137117","targetHints":{"allow":["GET"]}}],"collection":[{"href":"https:\/\/www.quebakan.com\/v15\/wp-json\/wp\/v2\/posts"}],"about":[{"href":"https:\/\/www.quebakan.com\/v15\/wp-json\/wp\/v2\/types\/post"}],"author":[{"embeddable":true,"href":"https:\/\/www.quebakan.com\/v15\/wp-json\/wp\/v2\/users\/4"}],"replies":[{"embeddable":true,"href":"https:\/\/www.quebakan.com\/v15\/wp-json\/wp\/v2\/comments?post=137117"}],"version-history":[{"count":1,"href":"https:\/\/www.quebakan.com\/v15\/wp-json\/wp\/v2\/posts\/137117\/revisions"}],"predecessor-version":[{"id":137119,"href":"https:\/\/www.quebakan.com\/v15\/wp-json\/wp\/v2\/posts\/137117\/revisions\/137119"}],"wp:featuredmedia":[{"embeddable":true,"href":"https:\/\/www.quebakan.com\/v15\/wp-json\/wp\/v2\/media\/137118"}],"wp:attachment":[{"href":"https:\/\/www.quebakan.com\/v15\/wp-json\/wp\/v2\/media?parent=137117"}],"wp:term":[{"taxonomy":"category","embeddable":true,"href":"https:\/\/www.quebakan.com\/v15\/wp-json\/wp\/v2\/categories?post=137117"},{"taxonomy":"post_tag","embeddable":true,"href":"https:\/\/www.quebakan.com\/v15\/wp-json\/wp\/v2\/tags?post=137117"}],"curies":[{"name":"wp","href":"https:\/\/api.w.org\/{rel}","templated":true}]}}