{"id":137124,"date":"2025-11-08T17:57:35","date_gmt":"2025-11-08T22:57:35","guid":{"rendered":"https:\/\/www.quebakan.com\/v15\/?p=137124"},"modified":"2025-11-08T17:57:35","modified_gmt":"2025-11-08T22:57:35","slug":"estudiantes-ecuatorianos-triunfan-en-la-feria-mundial-de-ciencia-y-tecnologia-en-chile","status":"publish","type":"post","link":"https:\/\/www.quebakan.com\/v15\/estudiantes-ecuatorianos-triunfan-en-la-feria-mundial-de-ciencia-y-tecnologia-en-chile\/","title":{"rendered":"ESTUDIANTES ECUATORIANOS TRIUNFAN EN LA FERIA MUNDIAL DE CIENCIA Y TECNOLOG\u00cdA EN CHILE"},"content":{"rendered":"<p><img fetchpriority=\"high\" decoding=\"async\" class=\"aligncenter size-full wp-image-137125\" src=\"https:\/\/www.quebakan.com\/v15\/wp-content\/uploads\/2025\/11\/Foto-1.jpg\" alt=\"\" width=\"700\" height=\"315\" \/><\/p>\n<p style=\"text-align: justify;\"><span style=\"color: #000000;\"><strong>Guayaquil, noviembre de 2025<\/strong>.- Estudiantes del <strong>Club de Ciencias<\/strong> <strong>masALPHA<\/strong> de la Unidad Educativa Matilde Amador, instituci\u00f3n que forma parte de la red educativa de la Sociedad de Beneficencia de Se\u00f1oras de Guayaquil, logr\u00f3 el primer lugar en la Feria Mundial de Ciencia y Tecnolog\u00eda celebrada en Valpara\u00edso, Chile, gracias a su innovador proyecto \u201cExploradores del C\u00e1lculo\u201d.<\/span><\/p>\n<p style=\"text-align: justify;\"><span style=\"color: #000000;\">Las j\u00f3venes Isabella Cruz Paredes, de tercero de Bachillerato General Unificado (BGU), y Mia Castro Rojas, de segundo BGU, representaron al Ecuador en esta competencia internacional que reuni\u00f3 a talentos estudiantiles de distintos pa\u00edses, destacando propuestas que promueven el aprendizaje a trav\u00e9s de la tecnolog\u00eda y la creatividad.<\/span><\/p>\n<p style=\"text-align: justify;\"><span style=\"color: #000000;\">\u201cExploradores del C\u00e1lculo\u201d es un juego educativo dise\u00f1ado en la plataforma Scratch, que convierte el aprendizaje de las matem\u00e1ticas en una experiencia din\u00e1mica e interactiva. En cada nivel, los jugadores deben resolver operaciones y desaf\u00edos que estimulan el pensamiento l\u00f3gico y el razonamiento cr\u00edtico, fomentando adem\u00e1s el gusto por las matem\u00e1ticas desde un enfoque l\u00fadico y accesible.<\/span><\/p>\n<p style=\"text-align: justify;\"><span style=\"color: #000000;\">La propuesta fue valorada por su capacidad de integrar la educaci\u00f3n con herramientas digitales, logrando que los estudiantes aprendan mientras se divierten. El jurado internacional reconoci\u00f3 el proyecto por su originalidad, valor pedag\u00f3gico y potencial para implementarse en las aulas como recurso educativo innovador.<\/span><\/p>\n<p style=\"text-align: justify;\"><span style=\"color: #000000;\">Gracias a estas cualidades, el equipo ecuatoriano obtuvo el m\u00e1ximo galard\u00f3n del certamen, consolidando su posici\u00f3n entre los mejores exponentes del talento juvenil en ciencia y tecnolog\u00eda.<\/span><\/p>\n<p style=\"text-align: justify;\"><span style=\"color: #000000;\">Este importante logro refleja el compromiso de la Sociedad de Beneficencia de Se\u00f1oras de Guayaquil con la formaci\u00f3n cient\u00edfica y el desarrollo integral de la juventud ecuatoriana.<\/span><\/p>\n<p style=\"text-align: justify;\"><span style=\"color: #000000;\">A trav\u00e9s de iniciativas como la del <strong>Club de Ciencias masALPHA<\/strong>, la instituci\u00f3n impulsa una educaci\u00f3n basada en la innovaci\u00f3n, la curiosidad y la excelencia acad\u00e9mica, promoviendo el crecimiento de una nueva generaci\u00f3n de estudiantes capaces de transformar su entorno con creatividad y conocimiento.<\/span><\/p>\n<p><img decoding=\"async\" class=\"aligncenter size-full wp-image-137126\" src=\"https:\/\/www.quebakan.com\/v15\/wp-content\/uploads\/2025\/11\/Foto-2.jpg\" alt=\"\" width=\"315\" height=\"700\" \/><\/p>\n","protected":false},"excerpt":{"rendered":"<p>Guayaquil, noviembre de 2025.- Estudiantes del Club de Ciencias masALPHA de la Unidad Educativa Matilde Amador, instituci\u00f3n que forma parte de la red educativa de la Sociedad de Beneficencia de Se\u00f1oras de Guayaquil, logr\u00f3 el primer lugar en la Feria Mundial de Ciencia y Tecnolog\u00eda celebrada en Valpara\u00edso, Chile, gracias a su innovador proyecto \u201cExploradores [&hellip;]<\/p>\n","protected":false},"author":4,"featured_media":137126,"comment_status":"closed","ping_status":"closed","sticky":false,"template":"","format":"standard","meta":{"_bbp_topic_count":0,"_bbp_reply_count":0,"_bbp_total_topic_count":0,"_bbp_total_reply_count":0,"_bbp_voice_count":0,"_bbp_anonymous_reply_count":0,"_bbp_topic_count_hidden":0,"_bbp_reply_count_hidden":0,"_bbp_forum_subforum_count":0,"buzzeditor_post_format":"","footnotes":""},"categories":[2],"tags":[],"class_list":["post-137124","post","type-post","status-publish","format-standard","has-post-thumbnail","hentry","category-noticias"],"yoast_head":"<!-- This site is optimized with the Yoast SEO plugin v27.5 - https:\/\/yoast.com\/product\/yoast-seo-wordpress\/ -->\n<title>ESTUDIANTES ECUATORIANOS TRIUNFAN EN LA FERIA MUNDIAL DE CIENCIA Y TECNOLOG\u00cdA EN CHILE &#8211; QUEBAKAN.COM 2026: Noticias, Eventos, Conciertos y mucho m\u00e1s....<\/title>\n<meta name=\"robots\" content=\"index, follow, max-snippet:-1, max-image-preview:large, max-video-preview:-1\" \/>\n<link rel=\"canonical\" href=\"https:\/\/www.quebakan.com\/v15\/estudiantes-ecuatorianos-triunfan-en-la-feria-mundial-de-ciencia-y-tecnologia-en-chile\/\" \/>\n<meta property=\"og:locale\" content=\"es_ES\" \/>\n<meta property=\"og:type\" content=\"article\" \/>\n<meta property=\"og:title\" content=\"ESTUDIANTES ECUATORIANOS TRIUNFAN EN LA FERIA MUNDIAL DE CIENCIA Y TECNOLOG\u00cdA EN CHILE &#8211; QUEBAKAN.COM 2026: Noticias, Eventos, Conciertos y mucho m\u00e1s....\" \/>\n<meta property=\"og:description\" content=\"Guayaquil, noviembre de 2025.- Estudiantes del Club de Ciencias masALPHA de la Unidad Educativa Matilde Amador, instituci\u00f3n que forma parte de la red educativa de la Sociedad de Beneficencia de Se\u00f1oras de Guayaquil, logr\u00f3 el primer lugar en la Feria Mundial de Ciencia y Tecnolog\u00eda celebrada en Valpara\u00edso, Chile, gracias a su innovador proyecto \u201cExploradores [&hellip;]\" \/>\n<meta property=\"og:url\" content=\"https:\/\/www.quebakan.com\/v15\/estudiantes-ecuatorianos-triunfan-en-la-feria-mundial-de-ciencia-y-tecnologia-en-chile\/\" \/>\n<meta property=\"og:site_name\" content=\"QUEBAKAN.COM 2026: Noticias, Eventos, Conciertos y mucho m\u00e1s....\" \/>\n<meta property=\"article:publisher\" content=\"http:\/\/www.facebook.com\/quebakan\" \/>\n<meta property=\"article:published_time\" content=\"2025-11-08T22:57:35+00:00\" \/>\n<meta property=\"og:image\" content=\"https:\/\/www.quebakan.com\/v15\/wp-content\/uploads\/2025\/11\/Foto-2.jpg\" \/>\n\t<meta property=\"og:image:width\" content=\"315\" \/>\n\t<meta property=\"og:image:height\" content=\"700\" \/>\n\t<meta property=\"og:image:type\" content=\"image\/jpeg\" \/>\n<meta name=\"author\" content=\"Erick Villafuerte\" \/>\n<meta name=\"twitter:card\" content=\"summary_large_image\" \/>\n<meta name=\"twitter:creator\" content=\"@quebakanec\" \/>\n<meta name=\"twitter:site\" content=\"@quebakanec\" \/>\n<meta name=\"twitter:label1\" content=\"Escrito por\" \/>\n\t<meta name=\"twitter:data1\" content=\"Erick Villafuerte\" \/>\n\t<meta name=\"twitter:label2\" content=\"Tiempo de lectura\" \/>\n\t<meta name=\"twitter:data2\" content=\"2 minutos\" \/>\n<script type=\"application\/ld+json\" class=\"yoast-schema-graph\">{\"@context\":\"https:\\\/\\\/schema.org\",\"@graph\":[{\"@type\":\"Article\",\"@id\":\"https:\\\/\\\/www.quebakan.com\\\/v15\\\/estudiantes-ecuatorianos-triunfan-en-la-feria-mundial-de-ciencia-y-tecnologia-en-chile\\\/#article\",\"isPartOf\":{\"@id\":\"https:\\\/\\\/www.quebakan.com\\\/v15\\\/estudiantes-ecuatorianos-triunfan-en-la-feria-mundial-de-ciencia-y-tecnologia-en-chile\\\/\"},\"author\":{\"name\":\"Erick Villafuerte\",\"@id\":\"https:\\\/\\\/www.quebakan.com\\\/v15\\\/#\\\/schema\\\/person\\\/d90fa9f9cfa81eb8ace9811e5b7b9118\"},\"headline\":\"ESTUDIANTES ECUATORIANOS TRIUNFAN EN LA FERIA MUNDIAL DE CIENCIA Y TECNOLOG\u00cdA EN CHILE\",\"datePublished\":\"2025-11-08T22:57:35+00:00\",\"mainEntityOfPage\":{\"@id\":\"https:\\\/\\\/www.quebakan.com\\\/v15\\\/estudiantes-ecuatorianos-triunfan-en-la-feria-mundial-de-ciencia-y-tecnologia-en-chile\\\/\"},\"wordCount\":352,\"publisher\":{\"@id\":\"https:\\\/\\\/www.quebakan.com\\\/v15\\\/#organization\"},\"image\":{\"@id\":\"https:\\\/\\\/www.quebakan.com\\\/v15\\\/estudiantes-ecuatorianos-triunfan-en-la-feria-mundial-de-ciencia-y-tecnologia-en-chile\\\/#primaryimage\"},\"thumbnailUrl\":\"https:\\\/\\\/www.quebakan.com\\\/v15\\\/wp-content\\\/uploads\\\/2025\\\/11\\\/Foto-2.jpg\",\"articleSection\":[\"Noticias\"],\"inLanguage\":\"es\"},{\"@type\":\"WebPage\",\"@id\":\"https:\\\/\\\/www.quebakan.com\\\/v15\\\/estudiantes-ecuatorianos-triunfan-en-la-feria-mundial-de-ciencia-y-tecnologia-en-chile\\\/\",\"url\":\"https:\\\/\\\/www.quebakan.com\\\/v15\\\/estudiantes-ecuatorianos-triunfan-en-la-feria-mundial-de-ciencia-y-tecnologia-en-chile\\\/\",\"name\":\"ESTUDIANTES ECUATORIANOS TRIUNFAN EN LA FERIA MUNDIAL DE CIENCIA Y TECNOLOG\u00cdA EN CHILE &#8211; QUEBAKAN.COM 2026: Noticias, Eventos, Conciertos y mucho m\u00e1s....\",\"isPartOf\":{\"@id\":\"https:\\\/\\\/www.quebakan.com\\\/v15\\\/#website\"},\"primaryImageOfPage\":{\"@id\":\"https:\\\/\\\/www.quebakan.com\\\/v15\\\/estudiantes-ecuatorianos-triunfan-en-la-feria-mundial-de-ciencia-y-tecnologia-en-chile\\\/#primaryimage\"},\"image\":{\"@id\":\"https:\\\/\\\/www.quebakan.com\\\/v15\\\/estudiantes-ecuatorianos-triunfan-en-la-feria-mundial-de-ciencia-y-tecnologia-en-chile\\\/#primaryimage\"},\"thumbnailUrl\":\"https:\\\/\\\/www.quebakan.com\\\/v15\\\/wp-content\\\/uploads\\\/2025\\\/11\\\/Foto-2.jpg\",\"datePublished\":\"2025-11-08T22:57:35+00:00\",\"breadcrumb\":{\"@id\":\"https:\\\/\\\/www.quebakan.com\\\/v15\\\/estudiantes-ecuatorianos-triunfan-en-la-feria-mundial-de-ciencia-y-tecnologia-en-chile\\\/#breadcrumb\"},\"inLanguage\":\"es\",\"potentialAction\":[{\"@type\":\"ReadAction\",\"target\":[\"https:\\\/\\\/www.quebakan.com\\\/v15\\\/estudiantes-ecuatorianos-triunfan-en-la-feria-mundial-de-ciencia-y-tecnologia-en-chile\\\/\"]}]},{\"@type\":\"ImageObject\",\"inLanguage\":\"es\",\"@id\":\"https:\\\/\\\/www.quebakan.com\\\/v15\\\/estudiantes-ecuatorianos-triunfan-en-la-feria-mundial-de-ciencia-y-tecnologia-en-chile\\\/#primaryimage\",\"url\":\"https:\\\/\\\/www.quebakan.com\\\/v15\\\/wp-content\\\/uploads\\\/2025\\\/11\\\/Foto-2.jpg\",\"contentUrl\":\"https:\\\/\\\/www.quebakan.com\\\/v15\\\/wp-content\\\/uploads\\\/2025\\\/11\\\/Foto-2.jpg\",\"width\":315,\"height\":700},{\"@type\":\"BreadcrumbList\",\"@id\":\"https:\\\/\\\/www.quebakan.com\\\/v15\\\/estudiantes-ecuatorianos-triunfan-en-la-feria-mundial-de-ciencia-y-tecnologia-en-chile\\\/#breadcrumb\",\"itemListElement\":[{\"@type\":\"ListItem\",\"position\":1,\"name\":\"Portada\",\"item\":\"https:\\\/\\\/www.quebakan.com\\\/v15\\\/\"},{\"@type\":\"ListItem\",\"position\":2,\"name\":\"ESTUDIANTES ECUATORIANOS TRIUNFAN EN LA FERIA MUNDIAL DE CIENCIA Y TECNOLOG\u00cdA EN CHILE\"}]},{\"@type\":\"WebSite\",\"@id\":\"https:\\\/\\\/www.quebakan.com\\\/v15\\\/#website\",\"url\":\"https:\\\/\\\/www.quebakan.com\\\/v15\\\/\",\"name\":\"QUEBAKAN\",\"description\":\"..\",\"publisher\":{\"@id\":\"https:\\\/\\\/www.quebakan.com\\\/v15\\\/#organization\"},\"potentialAction\":[{\"@type\":\"SearchAction\",\"target\":{\"@type\":\"EntryPoint\",\"urlTemplate\":\"https:\\\/\\\/www.quebakan.com\\\/v15\\\/?s={search_term_string}\"},\"query-input\":{\"@type\":\"PropertyValueSpecification\",\"valueRequired\":true,\"valueName\":\"search_term_string\"}}],\"inLanguage\":\"es\"},{\"@type\":\"Organization\",\"@id\":\"https:\\\/\\\/www.quebakan.com\\\/v15\\\/#organization\",\"name\":\"Quebakan.com\",\"url\":\"https:\\\/\\\/www.quebakan.com\\\/v15\\\/\",\"logo\":{\"@type\":\"ImageObject\",\"inLanguage\":\"es\",\"@id\":\"https:\\\/\\\/www.quebakan.com\\\/v15\\\/#\\\/schema\\\/logo\\\/image\\\/\",\"url\":\"https:\\\/\\\/www.quebakan.com\\\/v15\\\/wp-content\\\/uploads\\\/2023\\\/07\\\/logoquebakanenero2021.jpg\",\"contentUrl\":\"https:\\\/\\\/www.quebakan.com\\\/v15\\\/wp-content\\\/uploads\\\/2023\\\/07\\\/logoquebakanenero2021.jpg\",\"width\":1920,\"height\":1080,\"caption\":\"Quebakan.com\"},\"image\":{\"@id\":\"https:\\\/\\\/www.quebakan.com\\\/v15\\\/#\\\/schema\\\/logo\\\/image\\\/\"},\"sameAs\":[\"http:\\\/\\\/www.facebook.com\\\/quebakan\",\"https:\\\/\\\/x.com\\\/quebakanec\",\"http:\\\/\\\/www.instagram.com\\\/quebakan\",\"http:\\\/\\\/www.youtube.com\\\/quebakan1\"]},{\"@type\":\"Person\",\"@id\":\"https:\\\/\\\/www.quebakan.com\\\/v15\\\/#\\\/schema\\\/person\\\/d90fa9f9cfa81eb8ace9811e5b7b9118\",\"name\":\"Erick Villafuerte\",\"image\":{\"@type\":\"ImageObject\",\"inLanguage\":\"es\",\"@id\":\"https:\\\/\\\/www.quebakan.com\\\/v15\\\/wp-content\\\/uploads\\\/avatars\\\/4\\\/1731297654-bpfull.png\",\"url\":\"https:\\\/\\\/www.quebakan.com\\\/v15\\\/wp-content\\\/uploads\\\/avatars\\\/4\\\/1731297654-bpfull.png\",\"contentUrl\":\"https:\\\/\\\/www.quebakan.com\\\/v15\\\/wp-content\\\/uploads\\\/avatars\\\/4\\\/1731297654-bpfull.png\",\"caption\":\"Erick Villafuerte\"}}]}<\/script>\n<!-- \/ Yoast SEO plugin. -->","yoast_head_json":{"title":"ESTUDIANTES ECUATORIANOS TRIUNFAN EN LA FERIA MUNDIAL DE CIENCIA Y TECNOLOG\u00cdA EN CHILE &#8211; QUEBAKAN.COM 2026: Noticias, Eventos, Conciertos y mucho m\u00e1s....","robots":{"index":"index","follow":"follow","max-snippet":"max-snippet:-1","max-image-preview":"max-image-preview:large","max-video-preview":"max-video-preview:-1"},"canonical":"https:\/\/www.quebakan.com\/v15\/estudiantes-ecuatorianos-triunfan-en-la-feria-mundial-de-ciencia-y-tecnologia-en-chile\/","og_locale":"es_ES","og_type":"article","og_title":"ESTUDIANTES ECUATORIANOS TRIUNFAN EN LA FERIA MUNDIAL DE CIENCIA Y TECNOLOG\u00cdA EN CHILE &#8211; QUEBAKAN.COM 2026: Noticias, Eventos, Conciertos y mucho m\u00e1s....","og_description":"Guayaquil, noviembre de 2025.- Estudiantes del Club de Ciencias masALPHA de la Unidad Educativa Matilde Amador, instituci\u00f3n que forma parte de la red educativa de la Sociedad de Beneficencia de Se\u00f1oras de Guayaquil, logr\u00f3 el primer lugar en la Feria Mundial de Ciencia y Tecnolog\u00eda celebrada en Valpara\u00edso, Chile, gracias a su innovador proyecto \u201cExploradores [&hellip;]","og_url":"https:\/\/www.quebakan.com\/v15\/estudiantes-ecuatorianos-triunfan-en-la-feria-mundial-de-ciencia-y-tecnologia-en-chile\/","og_site_name":"QUEBAKAN.COM 2026: Noticias, Eventos, Conciertos y mucho m\u00e1s....","article_publisher":"http:\/\/www.facebook.com\/quebakan","article_published_time":"2025-11-08T22:57:35+00:00","og_image":[{"width":315,"height":700,"url":"https:\/\/www.quebakan.com\/v15\/wp-content\/uploads\/2025\/11\/Foto-2.jpg","type":"image\/jpeg"}],"author":"Erick Villafuerte","twitter_card":"summary_large_image","twitter_creator":"@quebakanec","twitter_site":"@quebakanec","twitter_misc":{"Escrito por":"Erick Villafuerte","Tiempo de lectura":"2 minutos"},"schema":{"@context":"https:\/\/schema.org","@graph":[{"@type":"Article","@id":"https:\/\/www.quebakan.com\/v15\/estudiantes-ecuatorianos-triunfan-en-la-feria-mundial-de-ciencia-y-tecnologia-en-chile\/#article","isPartOf":{"@id":"https:\/\/www.quebakan.com\/v15\/estudiantes-ecuatorianos-triunfan-en-la-feria-mundial-de-ciencia-y-tecnologia-en-chile\/"},"author":{"name":"Erick Villafuerte","@id":"https:\/\/www.quebakan.com\/v15\/#\/schema\/person\/d90fa9f9cfa81eb8ace9811e5b7b9118"},"headline":"ESTUDIANTES ECUATORIANOS TRIUNFAN EN LA FERIA MUNDIAL DE CIENCIA Y TECNOLOG\u00cdA EN CHILE","datePublished":"2025-11-08T22:57:35+00:00","mainEntityOfPage":{"@id":"https:\/\/www.quebakan.com\/v15\/estudiantes-ecuatorianos-triunfan-en-la-feria-mundial-de-ciencia-y-tecnologia-en-chile\/"},"wordCount":352,"publisher":{"@id":"https:\/\/www.quebakan.com\/v15\/#organization"},"image":{"@id":"https:\/\/www.quebakan.com\/v15\/estudiantes-ecuatorianos-triunfan-en-la-feria-mundial-de-ciencia-y-tecnologia-en-chile\/#primaryimage"},"thumbnailUrl":"https:\/\/www.quebakan.com\/v15\/wp-content\/uploads\/2025\/11\/Foto-2.jpg","articleSection":["Noticias"],"inLanguage":"es"},{"@type":"WebPage","@id":"https:\/\/www.quebakan.com\/v15\/estudiantes-ecuatorianos-triunfan-en-la-feria-mundial-de-ciencia-y-tecnologia-en-chile\/","url":"https:\/\/www.quebakan.com\/v15\/estudiantes-ecuatorianos-triunfan-en-la-feria-mundial-de-ciencia-y-tecnologia-en-chile\/","name":"ESTUDIANTES ECUATORIANOS TRIUNFAN EN LA FERIA MUNDIAL DE CIENCIA Y TECNOLOG\u00cdA EN CHILE &#8211; QUEBAKAN.COM 2026: Noticias, Eventos, Conciertos y mucho m\u00e1s....","isPartOf":{"@id":"https:\/\/www.quebakan.com\/v15\/#website"},"primaryImageOfPage":{"@id":"https:\/\/www.quebakan.com\/v15\/estudiantes-ecuatorianos-triunfan-en-la-feria-mundial-de-ciencia-y-tecnologia-en-chile\/#primaryimage"},"image":{"@id":"https:\/\/www.quebakan.com\/v15\/estudiantes-ecuatorianos-triunfan-en-la-feria-mundial-de-ciencia-y-tecnologia-en-chile\/#primaryimage"},"thumbnailUrl":"https:\/\/www.quebakan.com\/v15\/wp-content\/uploads\/2025\/11\/Foto-2.jpg","datePublished":"2025-11-08T22:57:35+00:00","breadcrumb":{"@id":"https:\/\/www.quebakan.com\/v15\/estudiantes-ecuatorianos-triunfan-en-la-feria-mundial-de-ciencia-y-tecnologia-en-chile\/#breadcrumb"},"inLanguage":"es","potentialAction":[{"@type":"ReadAction","target":["https:\/\/www.quebakan.com\/v15\/estudiantes-ecuatorianos-triunfan-en-la-feria-mundial-de-ciencia-y-tecnologia-en-chile\/"]}]},{"@type":"ImageObject","inLanguage":"es","@id":"https:\/\/www.quebakan.com\/v15\/estudiantes-ecuatorianos-triunfan-en-la-feria-mundial-de-ciencia-y-tecnologia-en-chile\/#primaryimage","url":"https:\/\/www.quebakan.com\/v15\/wp-content\/uploads\/2025\/11\/Foto-2.jpg","contentUrl":"https:\/\/www.quebakan.com\/v15\/wp-content\/uploads\/2025\/11\/Foto-2.jpg","width":315,"height":700},{"@type":"BreadcrumbList","@id":"https:\/\/www.quebakan.com\/v15\/estudiantes-ecuatorianos-triunfan-en-la-feria-mundial-de-ciencia-y-tecnologia-en-chile\/#breadcrumb","itemListElement":[{"@type":"ListItem","position":1,"name":"Portada","item":"https:\/\/www.quebakan.com\/v15\/"},{"@type":"ListItem","position":2,"name":"ESTUDIANTES ECUATORIANOS TRIUNFAN EN LA FERIA MUNDIAL DE CIENCIA Y TECNOLOG\u00cdA EN CHILE"}]},{"@type":"WebSite","@id":"https:\/\/www.quebakan.com\/v15\/#website","url":"https:\/\/www.quebakan.com\/v15\/","name":"QUEBAKAN","description":"..","publisher":{"@id":"https:\/\/www.quebakan.com\/v15\/#organization"},"potentialAction":[{"@type":"SearchAction","target":{"@type":"EntryPoint","urlTemplate":"https:\/\/www.quebakan.com\/v15\/?s={search_term_string}"},"query-input":{"@type":"PropertyValueSpecification","valueRequired":true,"valueName":"search_term_string"}}],"inLanguage":"es"},{"@type":"Organization","@id":"https:\/\/www.quebakan.com\/v15\/#organization","name":"Quebakan.com","url":"https:\/\/www.quebakan.com\/v15\/","logo":{"@type":"ImageObject","inLanguage":"es","@id":"https:\/\/www.quebakan.com\/v15\/#\/schema\/logo\/image\/","url":"https:\/\/www.quebakan.com\/v15\/wp-content\/uploads\/2023\/07\/logoquebakanenero2021.jpg","contentUrl":"https:\/\/www.quebakan.com\/v15\/wp-content\/uploads\/2023\/07\/logoquebakanenero2021.jpg","width":1920,"height":1080,"caption":"Quebakan.com"},"image":{"@id":"https:\/\/www.quebakan.com\/v15\/#\/schema\/logo\/image\/"},"sameAs":["http:\/\/www.facebook.com\/quebakan","https:\/\/x.com\/quebakanec","http:\/\/www.instagram.com\/quebakan","http:\/\/www.youtube.com\/quebakan1"]},{"@type":"Person","@id":"https:\/\/www.quebakan.com\/v15\/#\/schema\/person\/d90fa9f9cfa81eb8ace9811e5b7b9118","name":"Erick Villafuerte","image":{"@type":"ImageObject","inLanguage":"es","@id":"https:\/\/www.quebakan.com\/v15\/wp-content\/uploads\/avatars\/4\/1731297654-bpfull.png","url":"https:\/\/www.quebakan.com\/v15\/wp-content\/uploads\/avatars\/4\/1731297654-bpfull.png","contentUrl":"https:\/\/www.quebakan.com\/v15\/wp-content\/uploads\/avatars\/4\/1731297654-bpfull.png","caption":"Erick Villafuerte"}}]}},"_links":{"self":[{"href":"https:\/\/www.quebakan.com\/v15\/wp-json\/wp\/v2\/posts\/137124","targetHints":{"allow":["GET"]}}],"collection":[{"href":"https:\/\/www.quebakan.com\/v15\/wp-json\/wp\/v2\/posts"}],"about":[{"href":"https:\/\/www.quebakan.com\/v15\/wp-json\/wp\/v2\/types\/post"}],"author":[{"embeddable":true,"href":"https:\/\/www.quebakan.com\/v15\/wp-json\/wp\/v2\/users\/4"}],"replies":[{"embeddable":true,"href":"https:\/\/www.quebakan.com\/v15\/wp-json\/wp\/v2\/comments?post=137124"}],"version-history":[{"count":1,"href":"https:\/\/www.quebakan.com\/v15\/wp-json\/wp\/v2\/posts\/137124\/revisions"}],"predecessor-version":[{"id":137127,"href":"https:\/\/www.quebakan.com\/v15\/wp-json\/wp\/v2\/posts\/137124\/revisions\/137127"}],"wp:featuredmedia":[{"embeddable":true,"href":"https:\/\/www.quebakan.com\/v15\/wp-json\/wp\/v2\/media\/137126"}],"wp:attachment":[{"href":"https:\/\/www.quebakan.com\/v15\/wp-json\/wp\/v2\/media?parent=137124"}],"wp:term":[{"taxonomy":"category","embeddable":true,"href":"https:\/\/www.quebakan.com\/v15\/wp-json\/wp\/v2\/categories?post=137124"},{"taxonomy":"post_tag","embeddable":true,"href":"https:\/\/www.quebakan.com\/v15\/wp-json\/wp\/v2\/tags?post=137124"}],"curies":[{"name":"wp","href":"https:\/\/api.w.org\/{rel}","templated":true}]}}