{"id":137128,"date":"2025-11-08T18:19:23","date_gmt":"2025-11-08T23:19:23","guid":{"rendered":"https:\/\/www.quebakan.com\/v15\/?p=137128"},"modified":"2025-11-08T18:19:23","modified_gmt":"2025-11-08T23:19:23","slug":"estudio-chubb-el-86-de-los-ecuatorianos-prioriza-la-cobertura-ante-accidentes-en-un-seguro-de-viajes","status":"publish","type":"post","link":"https:\/\/www.quebakan.com\/v15\/estudio-chubb-el-86-de-los-ecuatorianos-prioriza-la-cobertura-ante-accidentes-en-un-seguro-de-viajes\/","title":{"rendered":"Estudio Chubb: El 86% de los ecuatorianos prioriza la cobertura ante accidentes en un seguro de viajes"},"content":{"rendered":"<p><img fetchpriority=\"high\" decoding=\"async\" class=\"aligncenter size-full wp-image-137129\" src=\"https:\/\/www.quebakan.com\/v15\/wp-content\/uploads\/2025\/11\/seguro-travel-Ecuador.jpg\" alt=\"\" width=\"700\" height=\"467\" \/><\/p>\n<p style=\"text-align: justify;\"><span style=\"color: #000000;\"><em>Accidentes y enfermedades: las principales razones para contratar un seguro de viaje internacional.<\/em><\/span><\/p>\n<p style=\"text-align: justify;\"><span style=\"color: #000000;\"><strong>Ecuador, octubre 2025.<\/strong>&#8211; Seg\u00fan un nuevo estudio de Chubb, compa\u00f1\u00eda global l\u00edder en seguros, asegur\u00f3 que los tres beneficios m\u00e1s valorados por los ecuatorianos al contratar un seguro de viaje son la cobertura ante accidentes (86%), la protecci\u00f3n frente a enfermedades (47%) y la seguridad frente a delitos como robos o asaltos (34%).<\/span><\/p>\n<p style=\"text-align: justify;\"><span style=\"color: #000000;\">Adem\u00e1s, el 57% de los ecuatorianos cree que contar con un <strong>seguro de viaje<\/strong> es necesario cuando viajan con su familia. Esta percepci\u00f3n destaca uno de los principales beneficios de este tipo de cobertura: la tranquilidad de saber que todos est\u00e1n protegidos ante cualquier imprevisto. Aunque el 82% a\u00fan no ha contratado una p\u00f3liza, el inter\u00e9s del 62% en hacerlo revela una creciente conciencia sobre <strong>por qu\u00e9 contratar un seguro de viaje<\/strong> es una decisi\u00f3n inteligente, especialmente cuando se viaja en familia o al salir del pa\u00eds.<\/span><\/p>\n<p style=\"text-align: justify;\"><span style=\"color: #000000;\">\u201cEs fundamental incentivar la protecci\u00f3n de la familia como una prioridad. Sabemos que es lo que m\u00e1s preocupa a los ecuatorianos al viajar, y un seguro de viajes es una herramienta efectiva para ofrecerles tranquilidad y respaldo ante cualquier imprevisto\u00bb, asegur\u00f3 Juan Tom\u00e1s Dura\u00f1ona, Country President Chubb Ecuador.<\/span><\/p>\n<p style=\"text-align: justify;\"><span style=\"color: #000000;\">El <strong>seguro de viaje con cobertura hospitalaria<\/strong> se convierte en una necesidad clara cuando el 86% de los encuestados prioriza la cobertura ante accidentes, seguida por enfermedades (47%) y delitos (34%). Estos son algunos de los principales <strong>beneficios de contratar un seguro de viaje internacional<\/strong>, especialmente en destinos desconocidos o donde los gastos en salud son elevados<\/span><\/p>\n<p style=\"text-align: justify;\"><span style=\"color: #000000;\">De acuerdo con el Estudio, el 80% de los ecuatorianos identifica los accidentes como el principal riesgo al viajar, seguido por delitos (56%) y la p\u00e9rdida de equipaje (48%). Estos resultados explican por qu\u00e9 contratar un seguro de viaje es una decisi\u00f3n clave: ofrece respaldo profesional ante los imprevistos m\u00e1s comunes y brinda tranquilidad en cada etapa del viaje.<\/span><\/p>\n<p style=\"text-align: justify;\"><span style=\"color: #000000;\">\u201cEl seguro de viaje no solo es una herramienta de protecci\u00f3n financiera, sino un generador de tranquilidad. Saber que cuentas con respaldo ante lo inesperado te permite disfrutar plenamente de cada experiencia, ya sea un viaje de descanso o uno de negocios. Nuestra misi\u00f3n es ofrecer esa tranquilidad que hace la diferencia en cada aventura\u201d, coment\u00f3 Dura\u00f1ona.<\/span><\/p>\n<p style=\"text-align: justify;\"><span style=\"color: #000000;\"><strong>Key Findings<\/strong><\/span><\/p>\n<ul style=\"text-align: justify;\">\n<li><span style=\"color: #000000;\">57% considera importante tener <strong>seguro de viaje<\/strong> al viajar en familia.<\/span><\/li>\n<li><span style=\"color: #000000;\">86% prioriza la cobertura ante accidentes.<\/span><\/li>\n<li><span style=\"color: #000000;\">62% est\u00e1 interesado en contratar un <strong>seguro de viaje.<\/strong><\/span><\/li>\n<li><span style=\"color: #000000;\">80% teme sufrir un accidente.<\/span><\/li>\n<li><span style=\"color: #000000;\">82% nunca ha contratado uno.<\/span><\/li>\n<\/ul>\n<p style=\"text-align: justify;\"><span style=\"color: #000000;\"><strong>Metodolog\u00eda<\/strong><\/span><\/p>\n<p style=\"text-align: justify;\"><span style=\"color: #000000;\">Los hallazgos de se basan en una encuesta online cuantitativa a panelistas mayores de 18 a\u00f1os, con acceso a internet y previamente registrados realizada por Artool SPA. Fue aplicada en Argentina, Brasil, Chile, Colombia, Ecuador, M\u00e9xico, Panam\u00e1, Per\u00fa y Puerto Rico totalizando 3.150 casos en total (350 personas por pa\u00eds), lo que genera un margen de error alrededor de 1.7% considerando varianza m\u00e1xima y un nivel de confianza del 95%, simulando un muestreo probabil\u00edstico.<\/span><\/p>\n","protected":false},"excerpt":{"rendered":"<p>Accidentes y enfermedades: las principales razones para contratar un seguro de viaje internacional. Ecuador, octubre 2025.&#8211; Seg\u00fan un nuevo estudio de Chubb, compa\u00f1\u00eda global l\u00edder en seguros, asegur\u00f3 que los tres beneficios m\u00e1s valorados por los ecuatorianos al contratar un seguro de viaje son la cobertura ante accidentes (86%), la protecci\u00f3n frente a enfermedades (47%) [&hellip;]<\/p>\n","protected":false},"author":4,"featured_media":137129,"comment_status":"closed","ping_status":"closed","sticky":false,"template":"","format":"standard","meta":{"_bbp_topic_count":0,"_bbp_reply_count":0,"_bbp_total_topic_count":0,"_bbp_total_reply_count":0,"_bbp_voice_count":0,"_bbp_anonymous_reply_count":0,"_bbp_topic_count_hidden":0,"_bbp_reply_count_hidden":0,"_bbp_forum_subforum_count":0,"buzzeditor_post_format":"","footnotes":""},"categories":[2],"tags":[],"class_list":["post-137128","post","type-post","status-publish","format-standard","has-post-thumbnail","hentry","category-noticias"],"yoast_head":"<!-- This site is optimized with the Yoast SEO plugin v27.5 - https:\/\/yoast.com\/product\/yoast-seo-wordpress\/ -->\n<title>Estudio Chubb: El 86% de los ecuatorianos prioriza la cobertura ante accidentes en un seguro de viajes &#8211; QUEBAKAN.COM 2026: Noticias, Eventos, Conciertos y mucho m\u00e1s....<\/title>\n<meta name=\"robots\" content=\"index, follow, max-snippet:-1, max-image-preview:large, max-video-preview:-1\" \/>\n<link rel=\"canonical\" href=\"https:\/\/www.quebakan.com\/v15\/estudio-chubb-el-86-de-los-ecuatorianos-prioriza-la-cobertura-ante-accidentes-en-un-seguro-de-viajes\/\" \/>\n<meta property=\"og:locale\" content=\"es_ES\" \/>\n<meta property=\"og:type\" content=\"article\" \/>\n<meta property=\"og:title\" content=\"Estudio Chubb: El 86% de los ecuatorianos prioriza la cobertura ante accidentes en un seguro de viajes &#8211; QUEBAKAN.COM 2026: Noticias, Eventos, Conciertos y mucho m\u00e1s....\" \/>\n<meta property=\"og:description\" content=\"Accidentes y enfermedades: las principales razones para contratar un seguro de viaje internacional. Ecuador, octubre 2025.&#8211; Seg\u00fan un nuevo estudio de Chubb, compa\u00f1\u00eda global l\u00edder en seguros, asegur\u00f3 que los tres beneficios m\u00e1s valorados por los ecuatorianos al contratar un seguro de viaje son la cobertura ante accidentes (86%), la protecci\u00f3n frente a enfermedades (47%) [&hellip;]\" \/>\n<meta property=\"og:url\" content=\"https:\/\/www.quebakan.com\/v15\/estudio-chubb-el-86-de-los-ecuatorianos-prioriza-la-cobertura-ante-accidentes-en-un-seguro-de-viajes\/\" \/>\n<meta property=\"og:site_name\" content=\"QUEBAKAN.COM 2026: Noticias, Eventos, Conciertos y mucho m\u00e1s....\" \/>\n<meta property=\"article:publisher\" content=\"http:\/\/www.facebook.com\/quebakan\" \/>\n<meta property=\"article:published_time\" content=\"2025-11-08T23:19:23+00:00\" \/>\n<meta property=\"og:image\" content=\"https:\/\/www.quebakan.com\/v15\/wp-content\/uploads\/2025\/11\/seguro-travel-Ecuador.jpg\" \/>\n\t<meta property=\"og:image:width\" content=\"700\" \/>\n\t<meta property=\"og:image:height\" content=\"467\" \/>\n\t<meta property=\"og:image:type\" content=\"image\/jpeg\" \/>\n<meta name=\"author\" content=\"Erick Villafuerte\" \/>\n<meta name=\"twitter:card\" content=\"summary_large_image\" \/>\n<meta name=\"twitter:creator\" content=\"@quebakanec\" \/>\n<meta name=\"twitter:site\" content=\"@quebakanec\" \/>\n<meta name=\"twitter:label1\" content=\"Escrito por\" \/>\n\t<meta name=\"twitter:data1\" content=\"Erick Villafuerte\" \/>\n\t<meta name=\"twitter:label2\" content=\"Tiempo de lectura\" \/>\n\t<meta name=\"twitter:data2\" content=\"3 minutos\" \/>\n<script type=\"application\/ld+json\" class=\"yoast-schema-graph\">{\"@context\":\"https:\\\/\\\/schema.org\",\"@graph\":[{\"@type\":\"Article\",\"@id\":\"https:\\\/\\\/www.quebakan.com\\\/v15\\\/estudio-chubb-el-86-de-los-ecuatorianos-prioriza-la-cobertura-ante-accidentes-en-un-seguro-de-viajes\\\/#article\",\"isPartOf\":{\"@id\":\"https:\\\/\\\/www.quebakan.com\\\/v15\\\/estudio-chubb-el-86-de-los-ecuatorianos-prioriza-la-cobertura-ante-accidentes-en-un-seguro-de-viajes\\\/\"},\"author\":{\"name\":\"Erick Villafuerte\",\"@id\":\"https:\\\/\\\/www.quebakan.com\\\/v15\\\/#\\\/schema\\\/person\\\/d90fa9f9cfa81eb8ace9811e5b7b9118\"},\"headline\":\"Estudio Chubb: El 86% de los ecuatorianos prioriza la cobertura ante accidentes en un seguro de viajes\",\"datePublished\":\"2025-11-08T23:19:23+00:00\",\"mainEntityOfPage\":{\"@id\":\"https:\\\/\\\/www.quebakan.com\\\/v15\\\/estudio-chubb-el-86-de-los-ecuatorianos-prioriza-la-cobertura-ante-accidentes-en-un-seguro-de-viajes\\\/\"},\"wordCount\":510,\"publisher\":{\"@id\":\"https:\\\/\\\/www.quebakan.com\\\/v15\\\/#organization\"},\"image\":{\"@id\":\"https:\\\/\\\/www.quebakan.com\\\/v15\\\/estudio-chubb-el-86-de-los-ecuatorianos-prioriza-la-cobertura-ante-accidentes-en-un-seguro-de-viajes\\\/#primaryimage\"},\"thumbnailUrl\":\"https:\\\/\\\/www.quebakan.com\\\/v15\\\/wp-content\\\/uploads\\\/2025\\\/11\\\/seguro-travel-Ecuador.jpg\",\"articleSection\":[\"Noticias\"],\"inLanguage\":\"es\"},{\"@type\":\"WebPage\",\"@id\":\"https:\\\/\\\/www.quebakan.com\\\/v15\\\/estudio-chubb-el-86-de-los-ecuatorianos-prioriza-la-cobertura-ante-accidentes-en-un-seguro-de-viajes\\\/\",\"url\":\"https:\\\/\\\/www.quebakan.com\\\/v15\\\/estudio-chubb-el-86-de-los-ecuatorianos-prioriza-la-cobertura-ante-accidentes-en-un-seguro-de-viajes\\\/\",\"name\":\"Estudio Chubb: El 86% de los ecuatorianos prioriza la cobertura ante accidentes en un seguro de viajes &#8211; QUEBAKAN.COM 2026: Noticias, Eventos, Conciertos y mucho m\u00e1s....\",\"isPartOf\":{\"@id\":\"https:\\\/\\\/www.quebakan.com\\\/v15\\\/#website\"},\"primaryImageOfPage\":{\"@id\":\"https:\\\/\\\/www.quebakan.com\\\/v15\\\/estudio-chubb-el-86-de-los-ecuatorianos-prioriza-la-cobertura-ante-accidentes-en-un-seguro-de-viajes\\\/#primaryimage\"},\"image\":{\"@id\":\"https:\\\/\\\/www.quebakan.com\\\/v15\\\/estudio-chubb-el-86-de-los-ecuatorianos-prioriza-la-cobertura-ante-accidentes-en-un-seguro-de-viajes\\\/#primaryimage\"},\"thumbnailUrl\":\"https:\\\/\\\/www.quebakan.com\\\/v15\\\/wp-content\\\/uploads\\\/2025\\\/11\\\/seguro-travel-Ecuador.jpg\",\"datePublished\":\"2025-11-08T23:19:23+00:00\",\"breadcrumb\":{\"@id\":\"https:\\\/\\\/www.quebakan.com\\\/v15\\\/estudio-chubb-el-86-de-los-ecuatorianos-prioriza-la-cobertura-ante-accidentes-en-un-seguro-de-viajes\\\/#breadcrumb\"},\"inLanguage\":\"es\",\"potentialAction\":[{\"@type\":\"ReadAction\",\"target\":[\"https:\\\/\\\/www.quebakan.com\\\/v15\\\/estudio-chubb-el-86-de-los-ecuatorianos-prioriza-la-cobertura-ante-accidentes-en-un-seguro-de-viajes\\\/\"]}]},{\"@type\":\"ImageObject\",\"inLanguage\":\"es\",\"@id\":\"https:\\\/\\\/www.quebakan.com\\\/v15\\\/estudio-chubb-el-86-de-los-ecuatorianos-prioriza-la-cobertura-ante-accidentes-en-un-seguro-de-viajes\\\/#primaryimage\",\"url\":\"https:\\\/\\\/www.quebakan.com\\\/v15\\\/wp-content\\\/uploads\\\/2025\\\/11\\\/seguro-travel-Ecuador.jpg\",\"contentUrl\":\"https:\\\/\\\/www.quebakan.com\\\/v15\\\/wp-content\\\/uploads\\\/2025\\\/11\\\/seguro-travel-Ecuador.jpg\",\"width\":700,\"height\":467},{\"@type\":\"BreadcrumbList\",\"@id\":\"https:\\\/\\\/www.quebakan.com\\\/v15\\\/estudio-chubb-el-86-de-los-ecuatorianos-prioriza-la-cobertura-ante-accidentes-en-un-seguro-de-viajes\\\/#breadcrumb\",\"itemListElement\":[{\"@type\":\"ListItem\",\"position\":1,\"name\":\"Portada\",\"item\":\"https:\\\/\\\/www.quebakan.com\\\/v15\\\/\"},{\"@type\":\"ListItem\",\"position\":2,\"name\":\"Estudio Chubb: El 86% de los ecuatorianos prioriza la cobertura ante accidentes en un seguro de viajes\"}]},{\"@type\":\"WebSite\",\"@id\":\"https:\\\/\\\/www.quebakan.com\\\/v15\\\/#website\",\"url\":\"https:\\\/\\\/www.quebakan.com\\\/v15\\\/\",\"name\":\"QUEBAKAN\",\"description\":\"..\",\"publisher\":{\"@id\":\"https:\\\/\\\/www.quebakan.com\\\/v15\\\/#organization\"},\"potentialAction\":[{\"@type\":\"SearchAction\",\"target\":{\"@type\":\"EntryPoint\",\"urlTemplate\":\"https:\\\/\\\/www.quebakan.com\\\/v15\\\/?s={search_term_string}\"},\"query-input\":{\"@type\":\"PropertyValueSpecification\",\"valueRequired\":true,\"valueName\":\"search_term_string\"}}],\"inLanguage\":\"es\"},{\"@type\":\"Organization\",\"@id\":\"https:\\\/\\\/www.quebakan.com\\\/v15\\\/#organization\",\"name\":\"Quebakan.com\",\"url\":\"https:\\\/\\\/www.quebakan.com\\\/v15\\\/\",\"logo\":{\"@type\":\"ImageObject\",\"inLanguage\":\"es\",\"@id\":\"https:\\\/\\\/www.quebakan.com\\\/v15\\\/#\\\/schema\\\/logo\\\/image\\\/\",\"url\":\"https:\\\/\\\/www.quebakan.com\\\/v15\\\/wp-content\\\/uploads\\\/2023\\\/07\\\/logoquebakanenero2021.jpg\",\"contentUrl\":\"https:\\\/\\\/www.quebakan.com\\\/v15\\\/wp-content\\\/uploads\\\/2023\\\/07\\\/logoquebakanenero2021.jpg\",\"width\":1920,\"height\":1080,\"caption\":\"Quebakan.com\"},\"image\":{\"@id\":\"https:\\\/\\\/www.quebakan.com\\\/v15\\\/#\\\/schema\\\/logo\\\/image\\\/\"},\"sameAs\":[\"http:\\\/\\\/www.facebook.com\\\/quebakan\",\"https:\\\/\\\/x.com\\\/quebakanec\",\"http:\\\/\\\/www.instagram.com\\\/quebakan\",\"http:\\\/\\\/www.youtube.com\\\/quebakan1\"]},{\"@type\":\"Person\",\"@id\":\"https:\\\/\\\/www.quebakan.com\\\/v15\\\/#\\\/schema\\\/person\\\/d90fa9f9cfa81eb8ace9811e5b7b9118\",\"name\":\"Erick Villafuerte\",\"image\":{\"@type\":\"ImageObject\",\"inLanguage\":\"es\",\"@id\":\"https:\\\/\\\/www.quebakan.com\\\/v15\\\/wp-content\\\/uploads\\\/avatars\\\/4\\\/1731297654-bpfull.png\",\"url\":\"https:\\\/\\\/www.quebakan.com\\\/v15\\\/wp-content\\\/uploads\\\/avatars\\\/4\\\/1731297654-bpfull.png\",\"contentUrl\":\"https:\\\/\\\/www.quebakan.com\\\/v15\\\/wp-content\\\/uploads\\\/avatars\\\/4\\\/1731297654-bpfull.png\",\"caption\":\"Erick Villafuerte\"}}]}<\/script>\n<!-- \/ Yoast SEO plugin. -->","yoast_head_json":{"title":"Estudio Chubb: El 86% de los ecuatorianos prioriza la cobertura ante accidentes en un seguro de viajes &#8211; QUEBAKAN.COM 2026: Noticias, Eventos, Conciertos y mucho m\u00e1s....","robots":{"index":"index","follow":"follow","max-snippet":"max-snippet:-1","max-image-preview":"max-image-preview:large","max-video-preview":"max-video-preview:-1"},"canonical":"https:\/\/www.quebakan.com\/v15\/estudio-chubb-el-86-de-los-ecuatorianos-prioriza-la-cobertura-ante-accidentes-en-un-seguro-de-viajes\/","og_locale":"es_ES","og_type":"article","og_title":"Estudio Chubb: El 86% de los ecuatorianos prioriza la cobertura ante accidentes en un seguro de viajes &#8211; QUEBAKAN.COM 2026: Noticias, Eventos, Conciertos y mucho m\u00e1s....","og_description":"Accidentes y enfermedades: las principales razones para contratar un seguro de viaje internacional. Ecuador, octubre 2025.&#8211; Seg\u00fan un nuevo estudio de Chubb, compa\u00f1\u00eda global l\u00edder en seguros, asegur\u00f3 que los tres beneficios m\u00e1s valorados por los ecuatorianos al contratar un seguro de viaje son la cobertura ante accidentes (86%), la protecci\u00f3n frente a enfermedades (47%) [&hellip;]","og_url":"https:\/\/www.quebakan.com\/v15\/estudio-chubb-el-86-de-los-ecuatorianos-prioriza-la-cobertura-ante-accidentes-en-un-seguro-de-viajes\/","og_site_name":"QUEBAKAN.COM 2026: Noticias, Eventos, Conciertos y mucho m\u00e1s....","article_publisher":"http:\/\/www.facebook.com\/quebakan","article_published_time":"2025-11-08T23:19:23+00:00","og_image":[{"width":700,"height":467,"url":"https:\/\/www.quebakan.com\/v15\/wp-content\/uploads\/2025\/11\/seguro-travel-Ecuador.jpg","type":"image\/jpeg"}],"author":"Erick Villafuerte","twitter_card":"summary_large_image","twitter_creator":"@quebakanec","twitter_site":"@quebakanec","twitter_misc":{"Escrito por":"Erick Villafuerte","Tiempo de lectura":"3 minutos"},"schema":{"@context":"https:\/\/schema.org","@graph":[{"@type":"Article","@id":"https:\/\/www.quebakan.com\/v15\/estudio-chubb-el-86-de-los-ecuatorianos-prioriza-la-cobertura-ante-accidentes-en-un-seguro-de-viajes\/#article","isPartOf":{"@id":"https:\/\/www.quebakan.com\/v15\/estudio-chubb-el-86-de-los-ecuatorianos-prioriza-la-cobertura-ante-accidentes-en-un-seguro-de-viajes\/"},"author":{"name":"Erick Villafuerte","@id":"https:\/\/www.quebakan.com\/v15\/#\/schema\/person\/d90fa9f9cfa81eb8ace9811e5b7b9118"},"headline":"Estudio Chubb: El 86% de los ecuatorianos prioriza la cobertura ante accidentes en un seguro de viajes","datePublished":"2025-11-08T23:19:23+00:00","mainEntityOfPage":{"@id":"https:\/\/www.quebakan.com\/v15\/estudio-chubb-el-86-de-los-ecuatorianos-prioriza-la-cobertura-ante-accidentes-en-un-seguro-de-viajes\/"},"wordCount":510,"publisher":{"@id":"https:\/\/www.quebakan.com\/v15\/#organization"},"image":{"@id":"https:\/\/www.quebakan.com\/v15\/estudio-chubb-el-86-de-los-ecuatorianos-prioriza-la-cobertura-ante-accidentes-en-un-seguro-de-viajes\/#primaryimage"},"thumbnailUrl":"https:\/\/www.quebakan.com\/v15\/wp-content\/uploads\/2025\/11\/seguro-travel-Ecuador.jpg","articleSection":["Noticias"],"inLanguage":"es"},{"@type":"WebPage","@id":"https:\/\/www.quebakan.com\/v15\/estudio-chubb-el-86-de-los-ecuatorianos-prioriza-la-cobertura-ante-accidentes-en-un-seguro-de-viajes\/","url":"https:\/\/www.quebakan.com\/v15\/estudio-chubb-el-86-de-los-ecuatorianos-prioriza-la-cobertura-ante-accidentes-en-un-seguro-de-viajes\/","name":"Estudio Chubb: El 86% de los ecuatorianos prioriza la cobertura ante accidentes en un seguro de viajes &#8211; QUEBAKAN.COM 2026: Noticias, Eventos, Conciertos y mucho m\u00e1s....","isPartOf":{"@id":"https:\/\/www.quebakan.com\/v15\/#website"},"primaryImageOfPage":{"@id":"https:\/\/www.quebakan.com\/v15\/estudio-chubb-el-86-de-los-ecuatorianos-prioriza-la-cobertura-ante-accidentes-en-un-seguro-de-viajes\/#primaryimage"},"image":{"@id":"https:\/\/www.quebakan.com\/v15\/estudio-chubb-el-86-de-los-ecuatorianos-prioriza-la-cobertura-ante-accidentes-en-un-seguro-de-viajes\/#primaryimage"},"thumbnailUrl":"https:\/\/www.quebakan.com\/v15\/wp-content\/uploads\/2025\/11\/seguro-travel-Ecuador.jpg","datePublished":"2025-11-08T23:19:23+00:00","breadcrumb":{"@id":"https:\/\/www.quebakan.com\/v15\/estudio-chubb-el-86-de-los-ecuatorianos-prioriza-la-cobertura-ante-accidentes-en-un-seguro-de-viajes\/#breadcrumb"},"inLanguage":"es","potentialAction":[{"@type":"ReadAction","target":["https:\/\/www.quebakan.com\/v15\/estudio-chubb-el-86-de-los-ecuatorianos-prioriza-la-cobertura-ante-accidentes-en-un-seguro-de-viajes\/"]}]},{"@type":"ImageObject","inLanguage":"es","@id":"https:\/\/www.quebakan.com\/v15\/estudio-chubb-el-86-de-los-ecuatorianos-prioriza-la-cobertura-ante-accidentes-en-un-seguro-de-viajes\/#primaryimage","url":"https:\/\/www.quebakan.com\/v15\/wp-content\/uploads\/2025\/11\/seguro-travel-Ecuador.jpg","contentUrl":"https:\/\/www.quebakan.com\/v15\/wp-content\/uploads\/2025\/11\/seguro-travel-Ecuador.jpg","width":700,"height":467},{"@type":"BreadcrumbList","@id":"https:\/\/www.quebakan.com\/v15\/estudio-chubb-el-86-de-los-ecuatorianos-prioriza-la-cobertura-ante-accidentes-en-un-seguro-de-viajes\/#breadcrumb","itemListElement":[{"@type":"ListItem","position":1,"name":"Portada","item":"https:\/\/www.quebakan.com\/v15\/"},{"@type":"ListItem","position":2,"name":"Estudio Chubb: El 86% de los ecuatorianos prioriza la cobertura ante accidentes en un seguro de viajes"}]},{"@type":"WebSite","@id":"https:\/\/www.quebakan.com\/v15\/#website","url":"https:\/\/www.quebakan.com\/v15\/","name":"QUEBAKAN","description":"..","publisher":{"@id":"https:\/\/www.quebakan.com\/v15\/#organization"},"potentialAction":[{"@type":"SearchAction","target":{"@type":"EntryPoint","urlTemplate":"https:\/\/www.quebakan.com\/v15\/?s={search_term_string}"},"query-input":{"@type":"PropertyValueSpecification","valueRequired":true,"valueName":"search_term_string"}}],"inLanguage":"es"},{"@type":"Organization","@id":"https:\/\/www.quebakan.com\/v15\/#organization","name":"Quebakan.com","url":"https:\/\/www.quebakan.com\/v15\/","logo":{"@type":"ImageObject","inLanguage":"es","@id":"https:\/\/www.quebakan.com\/v15\/#\/schema\/logo\/image\/","url":"https:\/\/www.quebakan.com\/v15\/wp-content\/uploads\/2023\/07\/logoquebakanenero2021.jpg","contentUrl":"https:\/\/www.quebakan.com\/v15\/wp-content\/uploads\/2023\/07\/logoquebakanenero2021.jpg","width":1920,"height":1080,"caption":"Quebakan.com"},"image":{"@id":"https:\/\/www.quebakan.com\/v15\/#\/schema\/logo\/image\/"},"sameAs":["http:\/\/www.facebook.com\/quebakan","https:\/\/x.com\/quebakanec","http:\/\/www.instagram.com\/quebakan","http:\/\/www.youtube.com\/quebakan1"]},{"@type":"Person","@id":"https:\/\/www.quebakan.com\/v15\/#\/schema\/person\/d90fa9f9cfa81eb8ace9811e5b7b9118","name":"Erick Villafuerte","image":{"@type":"ImageObject","inLanguage":"es","@id":"https:\/\/www.quebakan.com\/v15\/wp-content\/uploads\/avatars\/4\/1731297654-bpfull.png","url":"https:\/\/www.quebakan.com\/v15\/wp-content\/uploads\/avatars\/4\/1731297654-bpfull.png","contentUrl":"https:\/\/www.quebakan.com\/v15\/wp-content\/uploads\/avatars\/4\/1731297654-bpfull.png","caption":"Erick Villafuerte"}}]}},"_links":{"self":[{"href":"https:\/\/www.quebakan.com\/v15\/wp-json\/wp\/v2\/posts\/137128","targetHints":{"allow":["GET"]}}],"collection":[{"href":"https:\/\/www.quebakan.com\/v15\/wp-json\/wp\/v2\/posts"}],"about":[{"href":"https:\/\/www.quebakan.com\/v15\/wp-json\/wp\/v2\/types\/post"}],"author":[{"embeddable":true,"href":"https:\/\/www.quebakan.com\/v15\/wp-json\/wp\/v2\/users\/4"}],"replies":[{"embeddable":true,"href":"https:\/\/www.quebakan.com\/v15\/wp-json\/wp\/v2\/comments?post=137128"}],"version-history":[{"count":1,"href":"https:\/\/www.quebakan.com\/v15\/wp-json\/wp\/v2\/posts\/137128\/revisions"}],"predecessor-version":[{"id":137130,"href":"https:\/\/www.quebakan.com\/v15\/wp-json\/wp\/v2\/posts\/137128\/revisions\/137130"}],"wp:featuredmedia":[{"embeddable":true,"href":"https:\/\/www.quebakan.com\/v15\/wp-json\/wp\/v2\/media\/137129"}],"wp:attachment":[{"href":"https:\/\/www.quebakan.com\/v15\/wp-json\/wp\/v2\/media?parent=137128"}],"wp:term":[{"taxonomy":"category","embeddable":true,"href":"https:\/\/www.quebakan.com\/v15\/wp-json\/wp\/v2\/categories?post=137128"},{"taxonomy":"post_tag","embeddable":true,"href":"https:\/\/www.quebakan.com\/v15\/wp-json\/wp\/v2\/tags?post=137128"}],"curies":[{"name":"wp","href":"https:\/\/api.w.org\/{rel}","templated":true}]}}